{"id":182370,"date":"2024-11-07T18:00:00","date_gmt":"2024-11-07T21:00:00","guid":{"rendered":"https:\/\/www.gaveanews.com\/?p=182370"},"modified":"2024-11-07T16:09:23","modified_gmt":"2024-11-07T19:09:23","slug":"decisao-do-stjd-saida-para-2025-e-declaracao-de-kaka-para-vini-jr-as-ultimas-noticias-do-flamengo","status":"publish","type":"post","link":"https:\/\/www.gaveanews.com\/index.php\/2024\/11\/07\/decisao-do-stjd-saida-para-2025-e-declaracao-de-kaka-para-vini-jr-as-ultimas-noticias-do-flamengo\/","title":{"rendered":"Decis\u00e3o do STJD, sa\u00edda para 2025 e declara\u00e7\u00e3o de Kak\u00e1 para Vini Jr: as \u00faltimas not\u00edcias do Flamengo"},"content":{"rendered":"\n<p>Nas \u00faltimas horas, o foco das not\u00edcias sobre o Flamengo se concentram nos bastidores do clube, com destaques como a sa\u00edda para 2025 e declara\u00e7\u00e3o de Kak\u00e1 para Vini Jr.<\/p>\n\n\n\n<p>Por conta deste contexto, leia abaixo um resumo preparado pela equipe do portal G\u00e1vea News para lhe manter muito bem informado!<\/p>\n\n\n\n<h2 class=\"wp-block-heading\" id=\"h-declaracao-de-kaka-para-vini-jr\">Declara\u00e7\u00e3o de Kak\u00e1 para Vini Jr<\/h2>\n\n\n\n<p>O ex-jogador Kak\u00e1, \u00faltimo brasileiro a conquistar a Bola de Ouro, fez uma declara\u00e7\u00e3o que gerou pol\u00eamica ao comentar a vit\u00f3ria do espanhol Rodri sobre Vin\u00edcius J\u00fanior no pr\u00eamio da revista <em>France Football<\/em>. Em entrevista, Kak\u00e1 afirmou que a escolha de Rodri como o melhor jogador do mundo foi merecida, desconsiderando o favoritismo de Vini Jr., cuja performance havia sido marcante na \u00faltima temporada pelo Real Madrid, com t\u00edtulos na Liga dos Campe\u00f5es e no Campeonato Espanhol. <strong><a href=\"https:\/\/www.gaveanews.com\/index.php\/2024\/11\/06\/kaka-da-declaracao-polemica-direcionada-a-vini-jr\/\">(leia a mat\u00e9ria completa)<\/a><\/strong><\/p>\n\n\n\n<figure class=\"wp-block-image size-large\"><img loading=\"lazy\" decoding=\"async\" width=\"820\" height=\"1024\" src=\"https:\/\/www.gaveanews.com\/wp-content\/uploads\/De-forma-descontraida-Vinicius-Junior-danca-apos-marcar-um-gol-pelo-Real-Madrid-820x1024.webp\" alt=\"\" class=\"wp-image-96403\" srcset=\"https:\/\/www.gaveanews.com\/wp-content\/uploads\/De-forma-descontraida-Vinicius-Junior-danca-apos-marcar-um-gol-pelo-Real-Madrid-820x1024.webp 820w, https:\/\/www.gaveanews.com\/wp-content\/uploads\/De-forma-descontraida-Vinicius-Junior-danca-apos-marcar-um-gol-pelo-Real-Madrid-240x300.webp 240w, https:\/\/www.gaveanews.com\/wp-content\/uploads\/De-forma-descontraida-Vinicius-Junior-danca-apos-marcar-um-gol-pelo-Real-Madrid-768x959.webp 768w, https:\/\/www.gaveanews.com\/wp-content\/uploads\/De-forma-descontraida-Vinicius-Junior-danca-apos-marcar-um-gol-pelo-Real-Madrid-1230x1536.webp 1230w, https:\/\/www.gaveanews.com\/wp-content\/uploads\/De-forma-descontraida-Vinicius-Junior-danca-apos-marcar-um-gol-pelo-Real-Madrid-336x420.webp 336w, https:\/\/www.gaveanews.com\/wp-content\/uploads\/De-forma-descontraida-Vinicius-Junior-danca-apos-marcar-um-gol-pelo-Real-Madrid-673x840.webp 673w, https:\/\/www.gaveanews.com\/wp-content\/uploads\/De-forma-descontraida-Vinicius-Junior-danca-apos-marcar-um-gol-pelo-Real-Madrid-640x799.webp 640w, https:\/\/www.gaveanews.com\/wp-content\/uploads\/De-forma-descontraida-Vinicius-Junior-danca-apos-marcar-um-gol-pelo-Real-Madrid-1280x1598.webp 1280w, https:\/\/www.gaveanews.com\/wp-content\/uploads\/De-forma-descontraida-Vinicius-Junior-danca-apos-marcar-um-gol-pelo-Real-Madrid-681x850.webp 681w, https:\/\/www.gaveanews.com\/wp-content\/uploads\/De-forma-descontraida-Vinicius-Junior-danca-apos-marcar-um-gol-pelo-Real-Madrid-1362x1701.webp 1362w, https:\/\/www.gaveanews.com\/wp-content\/uploads\/De-forma-descontraida-Vinicius-Junior-danca-apos-marcar-um-gol-pelo-Real-Madrid-100x125.webp 100w, https:\/\/www.gaveanews.com\/wp-content\/uploads\/De-forma-descontraida-Vinicius-Junior-danca-apos-marcar-um-gol-pelo-Real-Madrid.webp 1440w\" sizes=\"auto, (max-width: 820px) 100vw, 820px\" \/><figcaption class=\"wp-element-caption\">De forma descontra\u00edda, Vinicius J\u00fanior dan\u00e7a ap\u00f3s marcar um gol pelo Real Madrid (Foto: Reprodu\u00e7\u00e3o\/Instagram)<\/figcaption><\/figure>\n\n\n\n<p>A derrota de Vin\u00edcius J\u00fanior n\u00e3o foi bem recebida pelo Real Madrid, que chegou a boicotar a cerim\u00f4nia ap\u00f3s descobrir que o brasileiro n\u00e3o venceria o pr\u00eamio. Kak\u00e1, por\u00e9m, minimizou a controv\u00e9rsia ao ressaltar que tanto Vin\u00edcius quanto Rodri seriam escolhas justas. <\/p>\n\n\n\n<p>Para ele, \u00e9 natural que haja favoritos e diverg\u00eancias nessas competi\u00e7\u00f5es, al\u00e9m de mencionar a expectativa de ver outro brasileiro conquistando a Bola de Ouro no futuro.<\/p>\n\n\n\n<p>Em seu conselho a Vin\u00edcius, Kak\u00e1 sugeriu que o jovem atleta foque em contribuir para o sucesso coletivo de sua equipe ao inv\u00e9s de priorizar o reconhecimento individual. Segundo ele, o foco em aprimorar seu desempenho dentro do coletivo acabar\u00e1 por fortalecer sua posi\u00e7\u00e3o em futuras premia\u00e7\u00f5es, destacando que pr\u00eamios individuais v\u00eam como consequ\u00eancia de conquistas coletivas.<\/p>\n\n\n\n<h2 class=\"wp-block-heading\" id=\"h-saida-para-2025\">Sa\u00edda para 2025 <\/h2>\n\n\n\n<p>Com o final da temporada de 2024 se aproximando, o Flamengo j\u00e1 come\u00e7a a planejar o elenco para 2025. Nesse contexto, o lateral-direito Guillermo Varela, atualmente reserva sob o comando de Filipe Lu\u00eds, considera deixar o clube no pr\u00f3ximo ano devido \u00e0 falta de oportunidades. O jogador, que chegou ao Flamengo em 2022 ap\u00f3s ser liberado pelo D\u00ednamo de Moscou, despertou o interesse de clubes do Catar, Uruguai e Argentina. <strong><a href=\"https:\/\/www.gaveanews.com\/index.php\/2024\/11\/05\/sem-espaco-com-filipe-luis-ele-deve-deixar-o-flamengo-em-2025\/\">(leia a mat\u00e9ria completa)<\/a><\/strong><\/p>\n\n\n\n<figure class=\"wp-block-image size-full\"><img loading=\"lazy\" decoding=\"async\" width=\"742\" height=\"493\" src=\"https:\/\/www.gaveanews.com\/wp-content\/uploads\/Filipe-Luis-durante-jogo-entre-Flamengo-e-Corinthians-pela-semifinal-da-Copa-do-Brasil-no-Maracana.webp\" alt=\"\" class=\"wp-image-171103\" srcset=\"https:\/\/www.gaveanews.com\/wp-content\/uploads\/Filipe-Luis-durante-jogo-entre-Flamengo-e-Corinthians-pela-semifinal-da-Copa-do-Brasil-no-Maracana.webp 742w, https:\/\/www.gaveanews.com\/wp-content\/uploads\/Filipe-Luis-durante-jogo-entre-Flamengo-e-Corinthians-pela-semifinal-da-Copa-do-Brasil-no-Maracana-300x199.webp 300w, https:\/\/www.gaveanews.com\/wp-content\/uploads\/Filipe-Luis-durante-jogo-entre-Flamengo-e-Corinthians-pela-semifinal-da-Copa-do-Brasil-no-Maracana-632x420.webp 632w, https:\/\/www.gaveanews.com\/wp-content\/uploads\/Filipe-Luis-durante-jogo-entre-Flamengo-e-Corinthians-pela-semifinal-da-Copa-do-Brasil-no-Maracana-640x425.webp 640w, https:\/\/www.gaveanews.com\/wp-content\/uploads\/Filipe-Luis-durante-jogo-entre-Flamengo-e-Corinthians-pela-semifinal-da-Copa-do-Brasil-no-Maracana-681x452.webp 681w, https:\/\/www.gaveanews.com\/wp-content\/uploads\/Filipe-Luis-durante-jogo-entre-Flamengo-e-Corinthians-pela-semifinal-da-Copa-do-Brasil-no-Maracana-100x66.webp 100w\" sizes=\"auto, (max-width: 742px) 100vw, 742px\" \/><figcaption class=\"wp-element-caption\">Filipe Lu\u00eds durante jogo entre Flamengo e Corinthians, pela semifinal da Copa do Brasil, no Maracan\u00e3 (Foto: Gilvan de Souza\/Flamengo)<\/figcaption><\/figure>\n\n\n\n<p>Varela, que permanece vinculado ao Flamengo at\u00e9 o final de 2025, foi titular durante a gest\u00e3o de Tite, mas perdeu espa\u00e7o com a chegada de Filipe Lu\u00eds, que optou por dar a titularidade ao jovem Wesley. Recebendo cerca de R$ 700 mil mensais, o uruguaio enfrentou dificuldades para se firmar na equipe, mesmo atuando em 39 jogos na temporada de 2024, com uma m\u00e9dia de 70 minutos por partida.<\/p>\n\n\n\n<p>Al\u00e9m disso, o Flamengo planeja contratar um novo lateral na pr\u00f3xima janela de transfer\u00eancias, refor\u00e7ando a possibilidade de sa\u00edda de Varela. A equipe carioca v\u00ea com bons olhos a chance de recuperar parte do investimento feito no atleta, aproveitando o interesse de times como River Plate e Pe\u00f1arol, que monitoram o jogador para futuras propostas.<\/p>\n\n\n\n<h2 class=\"wp-block-heading\" id=\"h-decisao-do-stjd\">Decis\u00e3o do STJD<\/h2>\n\n\n\n<p>O atacante Bruno Henrique, do Flamengo, est\u00e1 sendo investigado pelo Minist\u00e9rio P\u00fablico do Rio de Janeiro e pela Pol\u00edcia Federal por suspeita de envolvimento em esquema de manipula\u00e7\u00e3o de apostas esportivas. A acusa\u00e7\u00e3o aponta que o jogador teria recebido cart\u00f5es amarelos em partida contra o Santos, com o intuito de beneficiar apostadores ligados a ele. Em uma jogada espec\u00edfica, ele foi expulso ap\u00f3s receber duas advert\u00eancias consecutivas, fato que gerou suspeitas e resultou em uma opera\u00e7\u00e3o que cumpriu mandados de busca em locais associados ao atleta e ao clube. <strong><a href=\"https:\/\/www.gaveanews.com\/index.php\/2024\/11\/05\/stjd-toma-decisao-importante-sobre-bruno-henrique\/\">(leia a mat\u00e9ria completa)<\/a><\/strong><\/p>\n\n\n\n<figure class=\"wp-block-image size-full\"><img loading=\"lazy\" decoding=\"async\" width=\"603\" height=\"338\" src=\"https:\/\/www.gaveanews.com\/wp-content\/uploads\/Superior-Tribunal-de-Justica-Desportiva.webp\" alt=\"STJD\" class=\"wp-image-84905\" srcset=\"https:\/\/www.gaveanews.com\/wp-content\/uploads\/Superior-Tribunal-de-Justica-Desportiva.webp 603w, https:\/\/www.gaveanews.com\/wp-content\/uploads\/Superior-Tribunal-de-Justica-Desportiva-300x168.webp 300w, https:\/\/www.gaveanews.com\/wp-content\/uploads\/Superior-Tribunal-de-Justica-Desportiva-100x56.webp 100w\" sizes=\"auto, (max-width: 603px) 100vw, 603px\" \/><figcaption class=\"wp-element-caption\">Superior Tribunal de Justi\u00e7a Desportiva (Foto: Divulga\u00e7\u00e3o\/Site STJD)<\/figcaption><\/figure>\n\n\n\n<p>Apesar da opera\u00e7\u00e3o, que incluiu apreens\u00e3o de dispositivos eletr\u00f4nicos de Bruno Henrique, o jogador foi liberado para continuar treinando com o Flamengo. A diretoria do clube decidiu mant\u00ea-lo no elenco, permitindo sua participa\u00e7\u00e3o nos pr\u00f3ximos jogos, incluindo uma final da Copa do Brasil. Enquanto isso, o Superior Tribunal de Justi\u00e7a Desportiva (STJD) revisou o caso e arquivou a den\u00fancia, j\u00e1 que um relat\u00f3rio da empresa de monitoramento Sportradar n\u00e3o encontrou ind\u00edcios de manipula\u00e7\u00e3o na partida em quest\u00e3o.<\/p>\n\n\n\n<p>Segundo a an\u00e1lise do STJD, os lucros potenciais com apostas, apontados no alerta inicial, seriam insignificantes em compara\u00e7\u00e3o com o sal\u00e1rio do atleta, eliminando a hip\u00f3tese de proveito econ\u00f4mico. A Procuradoria da Justi\u00e7a Desportiva considerou que o comportamento de Bruno Henrique se alinhava com o contexto de uma partida de futebol t\u00edpica. Contudo, o caso pode ser reaberto caso novas evid\u00eancias concretas sejam apresentadas pelas autoridades investigativas.<\/p>\n","protected":false},"excerpt":{"rendered":"<p>Nas \u00faltimas horas, o foco das not\u00edcias sobre o Flamengo se concentram nos bastidores do clube, com destaques como a sa\u00edda para 2025 e declara\u00e7\u00e3o de Kak\u00e1 para Vini Jr. Por conta deste contexto, leia abaixo um resumo preparado pela equipe do portal G\u00e1vea News para lhe manter muito bem informado! Declara\u00e7\u00e3o de Kak\u00e1 para [&hellip;]<\/p>\n","protected":false},"author":27,"featured_media":150679,"comment_status":"open","ping_status":"closed","sticky":false,"template":"","format":"standard","meta":{"footnotes":""},"categories":[1],"tags":[],"class_list":["post-182370","post","type-post","status-publish","format-standard","has-post-thumbnail","hentry","category-flamengo"],"yoast_head":"<!-- This site is optimized with the Yoast SEO Premium plugin v24.2 (Yoast SEO v26.9) - https:\/\/yoast.com\/product\/yoast-seo-premium-wordpress\/ -->\n<title>Decis\u00e3o do STJD, sa\u00edda para 2025 e declara\u00e7\u00e3o de Kak\u00e1 para Vini Jr: as \u00faltimas not\u00edcias do Flamengo<\/title>\n<meta name=\"robots\" content=\"index, follow, max-snippet:-1, max-image-preview:large, max-video-preview:-1\" \/>\n<link rel=\"canonical\" href=\"https:\/\/www.gaveanews.com\/index.php\/2024\/11\/07\/decisao-do-stjd-saida-para-2025-e-declaracao-de-kaka-para-vini-jr-as-ultimas-noticias-do-flamengo\/\" \/>\n<meta property=\"og:locale\" content=\"pt_BR\" \/>\n<meta property=\"og:type\" content=\"article\" \/>\n<meta property=\"og:title\" content=\"Decis\u00e3o do STJD, sa\u00edda para 2025 e declara\u00e7\u00e3o de Kak\u00e1 para Vini Jr: as \u00faltimas not\u00edcias do Flamengo\" \/>\n<meta property=\"og:description\" content=\"Nas \u00faltimas horas, o foco das not\u00edcias sobre o Flamengo se concentram nos bastidores do clube, com destaques como a sa\u00edda para 2025 e declara\u00e7\u00e3o de Kak\u00e1 para Vini Jr. Por conta deste contexto, leia abaixo um resumo preparado pela equipe do portal G\u00e1vea News para lhe manter muito bem informado! Declara\u00e7\u00e3o de Kak\u00e1 para [&hellip;]\" \/>\n<meta property=\"og:url\" content=\"https:\/\/www.gaveanews.com\/index.php\/2024\/11\/07\/decisao-do-stjd-saida-para-2025-e-declaracao-de-kaka-para-vini-jr-as-ultimas-noticias-do-flamengo\/\" \/>\n<meta property=\"og:site_name\" content=\"G\u00e1vea News\" \/>\n<meta property=\"article:publisher\" content=\"https:\/\/facebook.com\/gaveaNews\/\" \/>\n<meta property=\"article:published_time\" content=\"2024-11-07T21:00:00+00:00\" \/>\n<meta property=\"og:image\" content=\"https:\/\/www.gaveanews.com\/wp-content\/uploads\/A-comemoracao-de-Bruno-Henrique-apos-marcar-um-gol-no-jogo-entre-Atletico-MG-x-Flamengo-pelo-Campeonato-Brasileiro-2024-scaled.webp\" \/>\n\t<meta property=\"og:image:width\" content=\"2560\" \/>\n\t<meta property=\"og:image:height\" content=\"1707\" \/>\n\t<meta property=\"og:image:type\" content=\"image\/jpeg\" \/>\n<meta name=\"author\" content=\"Matheus Felipe\" \/>\n<meta name=\"twitter:card\" content=\"summary_large_image\" \/>\n<meta name=\"twitter:label1\" content=\"Escrito por\" \/>\n\t<meta name=\"twitter:data1\" content=\"Matheus Felipe\" \/>\n\t<meta name=\"twitter:label2\" content=\"Est. tempo de leitura\" \/>\n\t<meta name=\"twitter:data2\" content=\"5 minutos\" \/>\n<script type=\"application\/ld+json\" class=\"yoast-schema-graph\">{\"@context\":\"https:\/\/schema.org\",\"@graph\":[{\"@type\":\"NewsArticle\",\"@id\":\"https:\/\/www.gaveanews.com\/index.php\/2024\/11\/07\/decisao-do-stjd-saida-para-2025-e-declaracao-de-kaka-para-vini-jr-as-ultimas-noticias-do-flamengo\/#article\",\"isPartOf\":{\"@id\":\"https:\/\/www.gaveanews.com\/index.php\/2024\/11\/07\/decisao-do-stjd-saida-para-2025-e-declaracao-de-kaka-para-vini-jr-as-ultimas-noticias-do-flamengo\/\"},\"author\":{\"name\":\"Matheus Felipe\",\"@id\":\"https:\/\/www.gaveanews.com\/#\/schema\/person\/8207cd4627f56151707418bfc835b2fb\"},\"headline\":\"Decis\u00e3o do STJD, sa\u00edda para 2025 e declara\u00e7\u00e3o de Kak\u00e1 para Vini Jr: as \u00faltimas not\u00edcias do Flamengo\",\"datePublished\":\"2024-11-07T21:00:00+00:00\",\"mainEntityOfPage\":{\"@id\":\"https:\/\/www.gaveanews.com\/index.php\/2024\/11\/07\/decisao-do-stjd-saida-para-2025-e-declaracao-de-kaka-para-vini-jr-as-ultimas-noticias-do-flamengo\/\"},\"wordCount\":852,\"commentCount\":0,\"image\":{\"@id\":\"https:\/\/www.gaveanews.com\/index.php\/2024\/11\/07\/decisao-do-stjd-saida-para-2025-e-declaracao-de-kaka-para-vini-jr-as-ultimas-noticias-do-flamengo\/#primaryimage\"},\"thumbnailUrl\":\"https:\/\/www.gaveanews.com\/wp-content\/uploads\/A-comemoracao-de-Bruno-Henrique-apos-marcar-um-gol-no-jogo-entre-Atletico-MG-x-Flamengo-pelo-Campeonato-Brasileiro-2024-scaled.webp\",\"articleSection\":[\"Flamengo\"],\"inLanguage\":\"pt-BR\",\"potentialAction\":[{\"@type\":\"CommentAction\",\"name\":\"Comment\",\"target\":[\"https:\/\/www.gaveanews.com\/index.php\/2024\/11\/07\/decisao-do-stjd-saida-para-2025-e-declaracao-de-kaka-para-vini-jr-as-ultimas-noticias-do-flamengo\/#respond\"]}],\"copyrightYear\":\"2024\",\"copyrightHolder\":{\"@id\":\"https:\/\/www.gaveanews.com\/#organization\"}},{\"@type\":\"WebPage\",\"@id\":\"https:\/\/www.gaveanews.com\/index.php\/2024\/11\/07\/decisao-do-stjd-saida-para-2025-e-declaracao-de-kaka-para-vini-jr-as-ultimas-noticias-do-flamengo\/\",\"url\":\"https:\/\/www.gaveanews.com\/index.php\/2024\/11\/07\/decisao-do-stjd-saida-para-2025-e-declaracao-de-kaka-para-vini-jr-as-ultimas-noticias-do-flamengo\/\",\"name\":\"Decis\u00e3o do STJD, sa\u00edda para 2025 e declara\u00e7\u00e3o de Kak\u00e1 para Vini Jr: as \u00faltimas not\u00edcias do Flamengo\",\"isPartOf\":{\"@id\":\"https:\/\/www.gaveanews.com\/#website\"},\"primaryImageOfPage\":{\"@id\":\"https:\/\/www.gaveanews.com\/index.php\/2024\/11\/07\/decisao-do-stjd-saida-para-2025-e-declaracao-de-kaka-para-vini-jr-as-ultimas-noticias-do-flamengo\/#primaryimage\"},\"image\":{\"@id\":\"https:\/\/www.gaveanews.com\/index.php\/2024\/11\/07\/decisao-do-stjd-saida-para-2025-e-declaracao-de-kaka-para-vini-jr-as-ultimas-noticias-do-flamengo\/#primaryimage\"},\"thumbnailUrl\":\"https:\/\/www.gaveanews.com\/wp-content\/uploads\/A-comemoracao-de-Bruno-Henrique-apos-marcar-um-gol-no-jogo-entre-Atletico-MG-x-Flamengo-pelo-Campeonato-Brasileiro-2024-scaled.webp\",\"datePublished\":\"2024-11-07T21:00:00+00:00\",\"author\":{\"@id\":\"https:\/\/www.gaveanews.com\/#\/schema\/person\/8207cd4627f56151707418bfc835b2fb\"},\"breadcrumb\":{\"@id\":\"https:\/\/www.gaveanews.com\/index.php\/2024\/11\/07\/decisao-do-stjd-saida-para-2025-e-declaracao-de-kaka-para-vini-jr-as-ultimas-noticias-do-flamengo\/#breadcrumb\"},\"inLanguage\":\"pt-BR\",\"potentialAction\":[{\"@type\":\"ReadAction\",\"target\":[\"https:\/\/www.gaveanews.com\/index.php\/2024\/11\/07\/decisao-do-stjd-saida-para-2025-e-declaracao-de-kaka-para-vini-jr-as-ultimas-noticias-do-flamengo\/\"]}]},{\"@type\":\"ImageObject\",\"inLanguage\":\"pt-BR\",\"@id\":\"https:\/\/www.gaveanews.com\/index.php\/2024\/11\/07\/decisao-do-stjd-saida-para-2025-e-declaracao-de-kaka-para-vini-jr-as-ultimas-noticias-do-flamengo\/#primaryimage\",\"url\":\"https:\/\/www.gaveanews.com\/wp-content\/uploads\/A-comemoracao-de-Bruno-Henrique-apos-marcar-um-gol-no-jogo-entre-Atletico-MG-x-Flamengo-pelo-Campeonato-Brasileiro-2024-scaled.webp\",\"contentUrl\":\"https:\/\/www.gaveanews.com\/wp-content\/uploads\/A-comemoracao-de-Bruno-Henrique-apos-marcar-um-gol-no-jogo-entre-Atletico-MG-x-Flamengo-pelo-Campeonato-Brasileiro-2024-scaled.webp\",\"width\":2560,\"height\":1707,\"caption\":\"A comemora\u00e7\u00e3o de Bruno Henrique ap\u00f3s marcar um gol no jogo entre Atl\u00e9tico-MG x Flamengo pelo Campeonato Brasileiro 2024\"},{\"@type\":\"BreadcrumbList\",\"@id\":\"https:\/\/www.gaveanews.com\/index.php\/2024\/11\/07\/decisao-do-stjd-saida-para-2025-e-declaracao-de-kaka-para-vini-jr-as-ultimas-noticias-do-flamengo\/#breadcrumb\",\"itemListElement\":[{\"@type\":\"ListItem\",\"position\":1,\"name\":\"Home\",\"item\":\"https:\/\/www.gaveanews.com\/\"},{\"@type\":\"ListItem\",\"position\":2,\"name\":\"Decis\u00e3o do STJD, sa\u00edda para 2025 e declara\u00e7\u00e3o de Kak\u00e1 para Vini Jr: as \u00faltimas not\u00edcias do Flamengo\"}]},{\"@type\":\"WebSite\",\"@id\":\"https:\/\/www.gaveanews.com\/#website\",\"url\":\"https:\/\/www.gaveanews.com\/\",\"name\":\"G\u00e1vea News\",\"description\":\"Veja todas as not\u00edcias sobre o Flamengo: Contrata\u00e7\u00f5es, categorias de base, resultados das partidas, tabela de classifica\u00e7\u00e3o, pr\u00f3ximos jogos!\",\"potentialAction\":[{\"@type\":\"SearchAction\",\"target\":{\"@type\":\"EntryPoint\",\"urlTemplate\":\"https:\/\/www.gaveanews.com\/?s={search_term_string}\"},\"query-input\":{\"@type\":\"PropertyValueSpecification\",\"valueRequired\":true,\"valueName\":\"search_term_string\"}}],\"inLanguage\":\"pt-BR\"},{\"@type\":\"Person\",\"@id\":\"https:\/\/www.gaveanews.com\/#\/schema\/person\/8207cd4627f56151707418bfc835b2fb\",\"name\":\"Matheus Felipe\",\"image\":{\"@type\":\"ImageObject\",\"inLanguage\":\"pt-BR\",\"@id\":\"https:\/\/www.gaveanews.com\/#\/schema\/person\/image\/\",\"url\":\"https:\/\/secure.gravatar.com\/avatar\/a452ffbed9130f726358b298bb3a99ce4bd3c5338411f8440e87e14d74c7c087?s=96&d=mm&r=g\",\"contentUrl\":\"https:\/\/secure.gravatar.com\/avatar\/a452ffbed9130f726358b298bb3a99ce4bd3c5338411f8440e87e14d74c7c087?s=96&d=mm&r=g\",\"caption\":\"Matheus Felipe\"}}]}<\/script>\n<!-- \/ Yoast SEO Premium plugin. -->","yoast_head_json":{"title":"Decis\u00e3o do STJD, sa\u00edda para 2025 e declara\u00e7\u00e3o de Kak\u00e1 para Vini Jr: as \u00faltimas not\u00edcias do Flamengo","robots":{"index":"index","follow":"follow","max-snippet":"max-snippet:-1","max-image-preview":"max-image-preview:large","max-video-preview":"max-video-preview:-1"},"canonical":"https:\/\/www.gaveanews.com\/index.php\/2024\/11\/07\/decisao-do-stjd-saida-para-2025-e-declaracao-de-kaka-para-vini-jr-as-ultimas-noticias-do-flamengo\/","og_locale":"pt_BR","og_type":"article","og_title":"Decis\u00e3o do STJD, sa\u00edda para 2025 e declara\u00e7\u00e3o de Kak\u00e1 para Vini Jr: as \u00faltimas not\u00edcias do Flamengo","og_description":"Nas \u00faltimas horas, o foco das not\u00edcias sobre o Flamengo se concentram nos bastidores do clube, com destaques como a sa\u00edda para 2025 e declara\u00e7\u00e3o de Kak\u00e1 para Vini Jr. Por conta deste contexto, leia abaixo um resumo preparado pela equipe do portal G\u00e1vea News para lhe manter muito bem informado! Declara\u00e7\u00e3o de Kak\u00e1 para [&hellip;]","og_url":"https:\/\/www.gaveanews.com\/index.php\/2024\/11\/07\/decisao-do-stjd-saida-para-2025-e-declaracao-de-kaka-para-vini-jr-as-ultimas-noticias-do-flamengo\/","og_site_name":"G\u00e1vea News","article_publisher":"https:\/\/facebook.com\/gaveaNews\/","article_published_time":"2024-11-07T21:00:00+00:00","og_image":[{"width":2560,"height":1707,"url":"https:\/\/www.gaveanews.com\/wp-content\/uploads\/A-comemoracao-de-Bruno-Henrique-apos-marcar-um-gol-no-jogo-entre-Atletico-MG-x-Flamengo-pelo-Campeonato-Brasileiro-2024-scaled.webp","type":"image\/jpeg"}],"author":"Matheus Felipe","twitter_card":"summary_large_image","twitter_misc":{"Escrito por":"Matheus Felipe","Est. tempo de leitura":"5 minutos"},"schema":{"@context":"https:\/\/schema.org","@graph":[{"@type":"NewsArticle","@id":"https:\/\/www.gaveanews.com\/index.php\/2024\/11\/07\/decisao-do-stjd-saida-para-2025-e-declaracao-de-kaka-para-vini-jr-as-ultimas-noticias-do-flamengo\/#article","isPartOf":{"@id":"https:\/\/www.gaveanews.com\/index.php\/2024\/11\/07\/decisao-do-stjd-saida-para-2025-e-declaracao-de-kaka-para-vini-jr-as-ultimas-noticias-do-flamengo\/"},"author":{"name":"Matheus Felipe","@id":"https:\/\/www.gaveanews.com\/#\/schema\/person\/8207cd4627f56151707418bfc835b2fb"},"headline":"Decis\u00e3o do STJD, sa\u00edda para 2025 e declara\u00e7\u00e3o de Kak\u00e1 para Vini Jr: as \u00faltimas not\u00edcias do Flamengo","datePublished":"2024-11-07T21:00:00+00:00","mainEntityOfPage":{"@id":"https:\/\/www.gaveanews.com\/index.php\/2024\/11\/07\/decisao-do-stjd-saida-para-2025-e-declaracao-de-kaka-para-vini-jr-as-ultimas-noticias-do-flamengo\/"},"wordCount":852,"commentCount":0,"image":{"@id":"https:\/\/www.gaveanews.com\/index.php\/2024\/11\/07\/decisao-do-stjd-saida-para-2025-e-declaracao-de-kaka-para-vini-jr-as-ultimas-noticias-do-flamengo\/#primaryimage"},"thumbnailUrl":"https:\/\/www.gaveanews.com\/wp-content\/uploads\/A-comemoracao-de-Bruno-Henrique-apos-marcar-um-gol-no-jogo-entre-Atletico-MG-x-Flamengo-pelo-Campeonato-Brasileiro-2024-scaled.webp","articleSection":["Flamengo"],"inLanguage":"pt-BR","potentialAction":[{"@type":"CommentAction","name":"Comment","target":["https:\/\/www.gaveanews.com\/index.php\/2024\/11\/07\/decisao-do-stjd-saida-para-2025-e-declaracao-de-kaka-para-vini-jr-as-ultimas-noticias-do-flamengo\/#respond"]}],"copyrightYear":"2024","copyrightHolder":{"@id":"https:\/\/www.gaveanews.com\/#organization"}},{"@type":"WebPage","@id":"https:\/\/www.gaveanews.com\/index.php\/2024\/11\/07\/decisao-do-stjd-saida-para-2025-e-declaracao-de-kaka-para-vini-jr-as-ultimas-noticias-do-flamengo\/","url":"https:\/\/www.gaveanews.com\/index.php\/2024\/11\/07\/decisao-do-stjd-saida-para-2025-e-declaracao-de-kaka-para-vini-jr-as-ultimas-noticias-do-flamengo\/","name":"Decis\u00e3o do STJD, sa\u00edda para 2025 e declara\u00e7\u00e3o de Kak\u00e1 para Vini Jr: as \u00faltimas not\u00edcias do Flamengo","isPartOf":{"@id":"https:\/\/www.gaveanews.com\/#website"},"primaryImageOfPage":{"@id":"https:\/\/www.gaveanews.com\/index.php\/2024\/11\/07\/decisao-do-stjd-saida-para-2025-e-declaracao-de-kaka-para-vini-jr-as-ultimas-noticias-do-flamengo\/#primaryimage"},"image":{"@id":"https:\/\/www.gaveanews.com\/index.php\/2024\/11\/07\/decisao-do-stjd-saida-para-2025-e-declaracao-de-kaka-para-vini-jr-as-ultimas-noticias-do-flamengo\/#primaryimage"},"thumbnailUrl":"https:\/\/www.gaveanews.com\/wp-content\/uploads\/A-comemoracao-de-Bruno-Henrique-apos-marcar-um-gol-no-jogo-entre-Atletico-MG-x-Flamengo-pelo-Campeonato-Brasileiro-2024-scaled.webp","datePublished":"2024-11-07T21:00:00+00:00","author":{"@id":"https:\/\/www.gaveanews.com\/#\/schema\/person\/8207cd4627f56151707418bfc835b2fb"},"breadcrumb":{"@id":"https:\/\/www.gaveanews.com\/index.php\/2024\/11\/07\/decisao-do-stjd-saida-para-2025-e-declaracao-de-kaka-para-vini-jr-as-ultimas-noticias-do-flamengo\/#breadcrumb"},"inLanguage":"pt-BR","potentialAction":[{"@type":"ReadAction","target":["https:\/\/www.gaveanews.com\/index.php\/2024\/11\/07\/decisao-do-stjd-saida-para-2025-e-declaracao-de-kaka-para-vini-jr-as-ultimas-noticias-do-flamengo\/"]}]},{"@type":"ImageObject","inLanguage":"pt-BR","@id":"https:\/\/www.gaveanews.com\/index.php\/2024\/11\/07\/decisao-do-stjd-saida-para-2025-e-declaracao-de-kaka-para-vini-jr-as-ultimas-noticias-do-flamengo\/#primaryimage","url":"https:\/\/www.gaveanews.com\/wp-content\/uploads\/A-comemoracao-de-Bruno-Henrique-apos-marcar-um-gol-no-jogo-entre-Atletico-MG-x-Flamengo-pelo-Campeonato-Brasileiro-2024-scaled.webp","contentUrl":"https:\/\/www.gaveanews.com\/wp-content\/uploads\/A-comemoracao-de-Bruno-Henrique-apos-marcar-um-gol-no-jogo-entre-Atletico-MG-x-Flamengo-pelo-Campeonato-Brasileiro-2024-scaled.webp","width":2560,"height":1707,"caption":"A comemora\u00e7\u00e3o de Bruno Henrique ap\u00f3s marcar um gol no jogo entre Atl\u00e9tico-MG x Flamengo pelo Campeonato Brasileiro 2024"},{"@type":"BreadcrumbList","@id":"https:\/\/www.gaveanews.com\/index.php\/2024\/11\/07\/decisao-do-stjd-saida-para-2025-e-declaracao-de-kaka-para-vini-jr-as-ultimas-noticias-do-flamengo\/#breadcrumb","itemListElement":[{"@type":"ListItem","position":1,"name":"Home","item":"https:\/\/www.gaveanews.com\/"},{"@type":"ListItem","position":2,"name":"Decis\u00e3o do STJD, sa\u00edda para 2025 e declara\u00e7\u00e3o de Kak\u00e1 para Vini Jr: as \u00faltimas not\u00edcias do Flamengo"}]},{"@type":"WebSite","@id":"https:\/\/www.gaveanews.com\/#website","url":"https:\/\/www.gaveanews.com\/","name":"G\u00e1vea News","description":"Veja todas as not\u00edcias sobre o Flamengo: Contrata\u00e7\u00f5es, categorias de base, resultados das partidas, tabela de classifica\u00e7\u00e3o, pr\u00f3ximos jogos!","potentialAction":[{"@type":"SearchAction","target":{"@type":"EntryPoint","urlTemplate":"https:\/\/www.gaveanews.com\/?s={search_term_string}"},"query-input":{"@type":"PropertyValueSpecification","valueRequired":true,"valueName":"search_term_string"}}],"inLanguage":"pt-BR"},{"@type":"Person","@id":"https:\/\/www.gaveanews.com\/#\/schema\/person\/8207cd4627f56151707418bfc835b2fb","name":"Matheus Felipe","image":{"@type":"ImageObject","inLanguage":"pt-BR","@id":"https:\/\/www.gaveanews.com\/#\/schema\/person\/image\/","url":"https:\/\/secure.gravatar.com\/avatar\/a452ffbed9130f726358b298bb3a99ce4bd3c5338411f8440e87e14d74c7c087?s=96&d=mm&r=g","contentUrl":"https:\/\/secure.gravatar.com\/avatar\/a452ffbed9130f726358b298bb3a99ce4bd3c5338411f8440e87e14d74c7c087?s=96&d=mm&r=g","caption":"Matheus Felipe"}}]}},"_links":{"self":[{"href":"https:\/\/www.gaveanews.com\/index.php\/wp-json\/wp\/v2\/posts\/182370","targetHints":{"allow":["GET"]}}],"collection":[{"href":"https:\/\/www.gaveanews.com\/index.php\/wp-json\/wp\/v2\/posts"}],"about":[{"href":"https:\/\/www.gaveanews.com\/index.php\/wp-json\/wp\/v2\/types\/post"}],"author":[{"embeddable":true,"href":"https:\/\/www.gaveanews.com\/index.php\/wp-json\/wp\/v2\/users\/27"}],"replies":[{"embeddable":true,"href":"https:\/\/www.gaveanews.com\/index.php\/wp-json\/wp\/v2\/comments?post=182370"}],"version-history":[{"count":1,"href":"https:\/\/www.gaveanews.com\/index.php\/wp-json\/wp\/v2\/posts\/182370\/revisions"}],"predecessor-version":[{"id":182371,"href":"https:\/\/www.gaveanews.com\/index.php\/wp-json\/wp\/v2\/posts\/182370\/revisions\/182371"}],"wp:featuredmedia":[{"embeddable":true,"href":"https:\/\/www.gaveanews.com\/index.php\/wp-json\/wp\/v2\/media\/150679"}],"wp:attachment":[{"href":"https:\/\/www.gaveanews.com\/index.php\/wp-json\/wp\/v2\/media?parent=182370"}],"wp:term":[{"taxonomy":"category","embeddable":true,"href":"https:\/\/www.gaveanews.com\/index.php\/wp-json\/wp\/v2\/categories?post=182370"},{"taxonomy":"post_tag","embeddable":true,"href":"https:\/\/www.gaveanews.com\/index.php\/wp-json\/wp\/v2\/tags?post=182370"}],"curies":[{"name":"wp","href":"https:\/\/api.w.org\/{rel}","templated":true}]}}