{"id":182373,"date":"2024-11-07T14:25:00","date_gmt":"2024-11-07T17:25:00","guid":{"rendered":"https:\/\/www.gaveanews.com\/?p=182373"},"modified":"2024-11-07T12:43:59","modified_gmt":"2024-11-07T15:43:59","slug":"apos-destaque-no-exterior-meia-afirma-que-volta-para-o-brasil-se-o-vasco-quiser","status":"publish","type":"post","link":"https:\/\/www.gaveanews.com\/index.php\/2024\/11\/07\/apos-destaque-no-exterior-meia-afirma-que-volta-para-o-brasil-se-o-vasco-quiser\/","title":{"rendered":"Ap\u00f3s destaque no exterior, meia afirma que volta para o Brasil se o Vasco quiser"},"content":{"rendered":"\n<p>Indicado ao pr\u00eamio de melhor jogador da <em>Major League Soccer<\/em> (MLS), liga de futebol dos Estados Unidos, o meio-campista Evander declarou que \u201cSe as portas estiverem abertas\u201d ele volta ao Vasco da Gama.<\/p>\n\n\n\n<ul class=\"wp-block-list\">\n<li><a href=\"https:\/\/www.gaveanews.com\/index.php\/2024\/11\/06\/titulo-do-flamengo-pode-ser-excelente-para-o-vasco\/\">T\u00edtulo do Flamengo pode ser excelente para o Vasco<\/a><\/li>\n\n\n\n<li><a href=\"https:\/\/www.gaveanews.com\/index.php\/2024\/11\/06\/botafogo-x-vasco-a-declaracao-de-lucas-piton\/\">Botafogo x Vasco: a declara\u00e7\u00e3o de Lucas Piton<\/a><\/li>\n<\/ul>\n\n\n\n<p>Evander \u00e9 mais um dos jogadores revelados pelo Vasco com uma grande identifica\u00e7\u00e3o pelo clube. Ele subiu ao time profissional em 2016, em uma \u00e9poca de vacas magras, com muita press\u00e3o da torcida por conquistas. Pelos maus momentos que o Cruz-Maltino viveu ao longo dos \u00faltimos vinte anos, ele foi mais um que sofreu com as cr\u00edticas.<\/p>\n\n\n\n<p>Se por um lado os vasca\u00ednos t\u00eam um carinho muito grande por quem surge no time, por outro, a cobran\u00e7a sobre esses jogadores \u00e9 muito maior. Evander negou que tenha sa\u00eddo do Gigante da Colina com a rela\u00e7\u00e3o arranhada com a torcida. Ele ainda revelou que deseja voltar a atuar pelo clube que o revelou e projetou chegar \u00e0 Sele\u00e7\u00e3o Brasileira.<\/p>\n\n\n\n<p>\u201cN\u00e3o sa\u00ed machucado (do Vasco). O torcedor \u00e9 muito sentimental, \u00e9 apaixonado. Estava vendo Vasco x Atl\u00e9tico-MG, o Paulinho \u00e9 declarado Vasco, mas pisou em S\u00e3o Janu\u00e1rio e foi vaiado. A gente n\u00e3o sabe o dia de amanh\u00e3. Se as portas estiverem abertas para mim, estou \u00e0 disposi\u00e7\u00e3o. Meu primeiro objetivo \u00e9 voltar para o Brasil ou para a Europa, mas voltar para ser visto. Quero estar na Sele\u00e7\u00e3o\u201d, disse.<\/p>\n\n\n\n<p>Na \u00faltima janela de transfer\u00eancias, o jogador recebeu sondagens de alguns clubes brasileiros. Segundo Evander, dois desses times foram o Flamengo e o Palmeiras.<\/p>\n\n\n\n<p>\u201cTeve interesse de alguns clubes do Brasil. Teve o interesse (do Flamengo), teve do Palmeiras, de clubes europeus. Mas eles n\u00e3o queriam vender. Eu n\u00e3o vim por isso. Eu quero voltar para onde vou me destacar. Quero ir para a Sele\u00e7\u00e3o. Quero aproveitar esse momento da Sele\u00e7\u00e3o em reformula\u00e7\u00e3o para me destacar\u2019, revelou.<\/p>\n\n\n\n<p>Evander conseguiu grande destaque atuando pela MLS, pelo Portland Timbers mesmo n\u00e3o chegando aos playoffs da competi\u00e7\u00e3o. Ele, que foi indicado ao pr\u00eamio de MVP da temporada ao lado de jogadores como Messi e Luis Su\u00e1rez,&nbsp; participou diretamente de 34 gols, em 28 jogos pelo clube estadunidense.&nbsp;<\/p>\n","protected":false},"excerpt":{"rendered":"<p>Indicado ao pr\u00eamio de melhor jogador da Major League Soccer (MLS), liga de futebol dos Estados Unidos, o meio-campista Evander declarou que \u201cSe as portas estiverem abertas\u201d ele volta ao Vasco da Gama. Evander \u00e9 mais um dos jogadores revelados pelo Vasco com uma grande identifica\u00e7\u00e3o pelo clube. Ele subiu ao time profissional em 2016, [&hellip;]<\/p>\n","protected":false},"author":29,"featured_media":161261,"comment_status":"open","ping_status":"closed","sticky":false,"template":"","format":"standard","meta":{"footnotes":""},"categories":[152],"tags":[],"class_list":["post-182373","post","type-post","status-publish","format-standard","has-post-thumbnail","hentry","category-vasco"],"yoast_head":"<!-- This site is optimized with the Yoast SEO Premium plugin v24.2 (Yoast SEO v26.9) - https:\/\/yoast.com\/product\/yoast-seo-premium-wordpress\/ -->\n<title>Ap\u00f3s destaque no exterior, meia afirma que volta para o Brasil se o Vasco quiser<\/title>\n<meta name=\"robots\" content=\"index, follow, max-snippet:-1, max-image-preview:large, max-video-preview:-1\" \/>\n<link rel=\"canonical\" href=\"https:\/\/www.gaveanews.com\/index.php\/2024\/11\/07\/apos-destaque-no-exterior-meia-afirma-que-volta-para-o-brasil-se-o-vasco-quiser\/\" \/>\n<meta property=\"og:locale\" content=\"pt_BR\" \/>\n<meta property=\"og:type\" content=\"article\" \/>\n<meta property=\"og:title\" content=\"Ap\u00f3s destaque no exterior, meia afirma que volta para o Brasil se o Vasco quiser\" \/>\n<meta property=\"og:description\" content=\"Indicado ao pr\u00eamio de melhor jogador da Major League Soccer (MLS), liga de futebol dos Estados Unidos, o meio-campista Evander declarou que \u201cSe as portas estiverem abertas\u201d ele volta ao Vasco da Gama. Evander \u00e9 mais um dos jogadores revelados pelo Vasco com uma grande identifica\u00e7\u00e3o pelo clube. Ele subiu ao time profissional em 2016, [&hellip;]\" \/>\n<meta property=\"og:url\" content=\"https:\/\/www.gaveanews.com\/index.php\/2024\/11\/07\/apos-destaque-no-exterior-meia-afirma-que-volta-para-o-brasil-se-o-vasco-quiser\/\" \/>\n<meta property=\"og:site_name\" content=\"G\u00e1vea News\" \/>\n<meta property=\"article:publisher\" content=\"https:\/\/facebook.com\/gaveaNews\/\" \/>\n<meta property=\"article:published_time\" content=\"2024-11-07T17:25:00+00:00\" \/>\n<meta property=\"og:image\" content=\"https:\/\/www.gaveanews.com\/wp-content\/uploads\/Camisa-do-Vasco-2024.webp\" \/>\n\t<meta property=\"og:image:width\" content=\"1059\" \/>\n\t<meta property=\"og:image:height\" content=\"794\" \/>\n\t<meta property=\"og:image:type\" content=\"image\/webp\" \/>\n<meta name=\"author\" content=\"Marco Menezes\" \/>\n<meta name=\"twitter:card\" content=\"summary_large_image\" \/>\n<meta name=\"twitter:label1\" content=\"Escrito por\" \/>\n\t<meta name=\"twitter:data1\" content=\"Marco Menezes\" \/>\n\t<meta name=\"twitter:label2\" content=\"Est. tempo de leitura\" \/>\n\t<meta name=\"twitter:data2\" content=\"3 minutos\" \/>\n<script type=\"application\/ld+json\" class=\"yoast-schema-graph\">{\"@context\":\"https:\/\/schema.org\",\"@graph\":[{\"@type\":\"NewsArticle\",\"@id\":\"https:\/\/www.gaveanews.com\/index.php\/2024\/11\/07\/apos-destaque-no-exterior-meia-afirma-que-volta-para-o-brasil-se-o-vasco-quiser\/#article\",\"isPartOf\":{\"@id\":\"https:\/\/www.gaveanews.com\/index.php\/2024\/11\/07\/apos-destaque-no-exterior-meia-afirma-que-volta-para-o-brasil-se-o-vasco-quiser\/\"},\"author\":{\"name\":\"Marco Menezes\",\"@id\":\"https:\/\/www.gaveanews.com\/#\/schema\/person\/a9f62fe75380c6bada1b2fc49bc23d69\"},\"headline\":\"Ap\u00f3s destaque no exterior, meia afirma que volta para o Brasil se o Vasco quiser\",\"datePublished\":\"2024-11-07T17:25:00+00:00\",\"mainEntityOfPage\":{\"@id\":\"https:\/\/www.gaveanews.com\/index.php\/2024\/11\/07\/apos-destaque-no-exterior-meia-afirma-que-volta-para-o-brasil-se-o-vasco-quiser\/\"},\"wordCount\":398,\"commentCount\":0,\"image\":{\"@id\":\"https:\/\/www.gaveanews.com\/index.php\/2024\/11\/07\/apos-destaque-no-exterior-meia-afirma-que-volta-para-o-brasil-se-o-vasco-quiser\/#primaryimage\"},\"thumbnailUrl\":\"https:\/\/www.gaveanews.com\/wp-content\/uploads\/Camisa-do-Vasco-2024.webp\",\"articleSection\":[\"Vasco\"],\"inLanguage\":\"pt-BR\",\"potentialAction\":[{\"@type\":\"CommentAction\",\"name\":\"Comment\",\"target\":[\"https:\/\/www.gaveanews.com\/index.php\/2024\/11\/07\/apos-destaque-no-exterior-meia-afirma-que-volta-para-o-brasil-se-o-vasco-quiser\/#respond\"]}],\"copyrightYear\":\"2024\",\"copyrightHolder\":{\"@id\":\"https:\/\/www.gaveanews.com\/#organization\"}},{\"@type\":\"WebPage\",\"@id\":\"https:\/\/www.gaveanews.com\/index.php\/2024\/11\/07\/apos-destaque-no-exterior-meia-afirma-que-volta-para-o-brasil-se-o-vasco-quiser\/\",\"url\":\"https:\/\/www.gaveanews.com\/index.php\/2024\/11\/07\/apos-destaque-no-exterior-meia-afirma-que-volta-para-o-brasil-se-o-vasco-quiser\/\",\"name\":\"Ap\u00f3s destaque no exterior, meia afirma que volta para o Brasil se o Vasco quiser\",\"isPartOf\":{\"@id\":\"https:\/\/www.gaveanews.com\/#website\"},\"primaryImageOfPage\":{\"@id\":\"https:\/\/www.gaveanews.com\/index.php\/2024\/11\/07\/apos-destaque-no-exterior-meia-afirma-que-volta-para-o-brasil-se-o-vasco-quiser\/#primaryimage\"},\"image\":{\"@id\":\"https:\/\/www.gaveanews.com\/index.php\/2024\/11\/07\/apos-destaque-no-exterior-meia-afirma-que-volta-para-o-brasil-se-o-vasco-quiser\/#primaryimage\"},\"thumbnailUrl\":\"https:\/\/www.gaveanews.com\/wp-content\/uploads\/Camisa-do-Vasco-2024.webp\",\"datePublished\":\"2024-11-07T17:25:00+00:00\",\"author\":{\"@id\":\"https:\/\/www.gaveanews.com\/#\/schema\/person\/a9f62fe75380c6bada1b2fc49bc23d69\"},\"breadcrumb\":{\"@id\":\"https:\/\/www.gaveanews.com\/index.php\/2024\/11\/07\/apos-destaque-no-exterior-meia-afirma-que-volta-para-o-brasil-se-o-vasco-quiser\/#breadcrumb\"},\"inLanguage\":\"pt-BR\",\"potentialAction\":[{\"@type\":\"ReadAction\",\"target\":[\"https:\/\/www.gaveanews.com\/index.php\/2024\/11\/07\/apos-destaque-no-exterior-meia-afirma-que-volta-para-o-brasil-se-o-vasco-quiser\/\"]}]},{\"@type\":\"ImageObject\",\"inLanguage\":\"pt-BR\",\"@id\":\"https:\/\/www.gaveanews.com\/index.php\/2024\/11\/07\/apos-destaque-no-exterior-meia-afirma-que-volta-para-o-brasil-se-o-vasco-quiser\/#primaryimage\",\"url\":\"https:\/\/www.gaveanews.com\/wp-content\/uploads\/Camisa-do-Vasco-2024.webp\",\"contentUrl\":\"https:\/\/www.gaveanews.com\/wp-content\/uploads\/Camisa-do-Vasco-2024.webp\",\"width\":1059,\"height\":794,\"caption\":\"Camisa do Vasco 2024 (Foto: Reprodu\u00e7\u00e3o\/Instagram)\"},{\"@type\":\"BreadcrumbList\",\"@id\":\"https:\/\/www.gaveanews.com\/index.php\/2024\/11\/07\/apos-destaque-no-exterior-meia-afirma-que-volta-para-o-brasil-se-o-vasco-quiser\/#breadcrumb\",\"itemListElement\":[{\"@type\":\"ListItem\",\"position\":1,\"name\":\"Home\",\"item\":\"https:\/\/www.gaveanews.com\/\"},{\"@type\":\"ListItem\",\"position\":2,\"name\":\"Ap\u00f3s destaque no exterior, meia afirma que volta para o Brasil se o Vasco quiser\"}]},{\"@type\":\"WebSite\",\"@id\":\"https:\/\/www.gaveanews.com\/#website\",\"url\":\"https:\/\/www.gaveanews.com\/\",\"name\":\"G\u00e1vea News\",\"description\":\"Veja todas as not\u00edcias sobre o Flamengo: Contrata\u00e7\u00f5es, categorias de base, resultados das partidas, tabela de classifica\u00e7\u00e3o, pr\u00f3ximos jogos!\",\"potentialAction\":[{\"@type\":\"SearchAction\",\"target\":{\"@type\":\"EntryPoint\",\"urlTemplate\":\"https:\/\/www.gaveanews.com\/?s={search_term_string}\"},\"query-input\":{\"@type\":\"PropertyValueSpecification\",\"valueRequired\":true,\"valueName\":\"search_term_string\"}}],\"inLanguage\":\"pt-BR\"},{\"@type\":\"Person\",\"@id\":\"https:\/\/www.gaveanews.com\/#\/schema\/person\/a9f62fe75380c6bada1b2fc49bc23d69\",\"name\":\"Marco Menezes\",\"image\":{\"@type\":\"ImageObject\",\"inLanguage\":\"pt-BR\",\"@id\":\"https:\/\/www.gaveanews.com\/#\/schema\/person\/image\/\",\"url\":\"https:\/\/secure.gravatar.com\/avatar\/a1d148ae17fc8bfc5dbccffd07979e8bd2c9ba494221779de86ec2c7907b71ec?s=96&d=mm&r=g\",\"contentUrl\":\"https:\/\/secure.gravatar.com\/avatar\/a1d148ae17fc8bfc5dbccffd07979e8bd2c9ba494221779de86ec2c7907b71ec?s=96&d=mm&r=g\",\"caption\":\"Marco Menezes\"}}]}<\/script>\n<!-- \/ Yoast SEO Premium plugin. -->","yoast_head_json":{"title":"Ap\u00f3s destaque no exterior, meia afirma que volta para o Brasil se o Vasco quiser","robots":{"index":"index","follow":"follow","max-snippet":"max-snippet:-1","max-image-preview":"max-image-preview:large","max-video-preview":"max-video-preview:-1"},"canonical":"https:\/\/www.gaveanews.com\/index.php\/2024\/11\/07\/apos-destaque-no-exterior-meia-afirma-que-volta-para-o-brasil-se-o-vasco-quiser\/","og_locale":"pt_BR","og_type":"article","og_title":"Ap\u00f3s destaque no exterior, meia afirma que volta para o Brasil se o Vasco quiser","og_description":"Indicado ao pr\u00eamio de melhor jogador da Major League Soccer (MLS), liga de futebol dos Estados Unidos, o meio-campista Evander declarou que \u201cSe as portas estiverem abertas\u201d ele volta ao Vasco da Gama. Evander \u00e9 mais um dos jogadores revelados pelo Vasco com uma grande identifica\u00e7\u00e3o pelo clube. Ele subiu ao time profissional em 2016, [&hellip;]","og_url":"https:\/\/www.gaveanews.com\/index.php\/2024\/11\/07\/apos-destaque-no-exterior-meia-afirma-que-volta-para-o-brasil-se-o-vasco-quiser\/","og_site_name":"G\u00e1vea News","article_publisher":"https:\/\/facebook.com\/gaveaNews\/","article_published_time":"2024-11-07T17:25:00+00:00","og_image":[{"width":1059,"height":794,"url":"https:\/\/www.gaveanews.com\/wp-content\/uploads\/Camisa-do-Vasco-2024.webp","type":"image\/webp"}],"author":"Marco Menezes","twitter_card":"summary_large_image","twitter_misc":{"Escrito por":"Marco Menezes","Est. tempo de leitura":"3 minutos"},"schema":{"@context":"https:\/\/schema.org","@graph":[{"@type":"NewsArticle","@id":"https:\/\/www.gaveanews.com\/index.php\/2024\/11\/07\/apos-destaque-no-exterior-meia-afirma-que-volta-para-o-brasil-se-o-vasco-quiser\/#article","isPartOf":{"@id":"https:\/\/www.gaveanews.com\/index.php\/2024\/11\/07\/apos-destaque-no-exterior-meia-afirma-que-volta-para-o-brasil-se-o-vasco-quiser\/"},"author":{"name":"Marco Menezes","@id":"https:\/\/www.gaveanews.com\/#\/schema\/person\/a9f62fe75380c6bada1b2fc49bc23d69"},"headline":"Ap\u00f3s destaque no exterior, meia afirma que volta para o Brasil se o Vasco quiser","datePublished":"2024-11-07T17:25:00+00:00","mainEntityOfPage":{"@id":"https:\/\/www.gaveanews.com\/index.php\/2024\/11\/07\/apos-destaque-no-exterior-meia-afirma-que-volta-para-o-brasil-se-o-vasco-quiser\/"},"wordCount":398,"commentCount":0,"image":{"@id":"https:\/\/www.gaveanews.com\/index.php\/2024\/11\/07\/apos-destaque-no-exterior-meia-afirma-que-volta-para-o-brasil-se-o-vasco-quiser\/#primaryimage"},"thumbnailUrl":"https:\/\/www.gaveanews.com\/wp-content\/uploads\/Camisa-do-Vasco-2024.webp","articleSection":["Vasco"],"inLanguage":"pt-BR","potentialAction":[{"@type":"CommentAction","name":"Comment","target":["https:\/\/www.gaveanews.com\/index.php\/2024\/11\/07\/apos-destaque-no-exterior-meia-afirma-que-volta-para-o-brasil-se-o-vasco-quiser\/#respond"]}],"copyrightYear":"2024","copyrightHolder":{"@id":"https:\/\/www.gaveanews.com\/#organization"}},{"@type":"WebPage","@id":"https:\/\/www.gaveanews.com\/index.php\/2024\/11\/07\/apos-destaque-no-exterior-meia-afirma-que-volta-para-o-brasil-se-o-vasco-quiser\/","url":"https:\/\/www.gaveanews.com\/index.php\/2024\/11\/07\/apos-destaque-no-exterior-meia-afirma-que-volta-para-o-brasil-se-o-vasco-quiser\/","name":"Ap\u00f3s destaque no exterior, meia afirma que volta para o Brasil se o Vasco quiser","isPartOf":{"@id":"https:\/\/www.gaveanews.com\/#website"},"primaryImageOfPage":{"@id":"https:\/\/www.gaveanews.com\/index.php\/2024\/11\/07\/apos-destaque-no-exterior-meia-afirma-que-volta-para-o-brasil-se-o-vasco-quiser\/#primaryimage"},"image":{"@id":"https:\/\/www.gaveanews.com\/index.php\/2024\/11\/07\/apos-destaque-no-exterior-meia-afirma-que-volta-para-o-brasil-se-o-vasco-quiser\/#primaryimage"},"thumbnailUrl":"https:\/\/www.gaveanews.com\/wp-content\/uploads\/Camisa-do-Vasco-2024.webp","datePublished":"2024-11-07T17:25:00+00:00","author":{"@id":"https:\/\/www.gaveanews.com\/#\/schema\/person\/a9f62fe75380c6bada1b2fc49bc23d69"},"breadcrumb":{"@id":"https:\/\/www.gaveanews.com\/index.php\/2024\/11\/07\/apos-destaque-no-exterior-meia-afirma-que-volta-para-o-brasil-se-o-vasco-quiser\/#breadcrumb"},"inLanguage":"pt-BR","potentialAction":[{"@type":"ReadAction","target":["https:\/\/www.gaveanews.com\/index.php\/2024\/11\/07\/apos-destaque-no-exterior-meia-afirma-que-volta-para-o-brasil-se-o-vasco-quiser\/"]}]},{"@type":"ImageObject","inLanguage":"pt-BR","@id":"https:\/\/www.gaveanews.com\/index.php\/2024\/11\/07\/apos-destaque-no-exterior-meia-afirma-que-volta-para-o-brasil-se-o-vasco-quiser\/#primaryimage","url":"https:\/\/www.gaveanews.com\/wp-content\/uploads\/Camisa-do-Vasco-2024.webp","contentUrl":"https:\/\/www.gaveanews.com\/wp-content\/uploads\/Camisa-do-Vasco-2024.webp","width":1059,"height":794,"caption":"Camisa do Vasco 2024 (Foto: Reprodu\u00e7\u00e3o\/Instagram)"},{"@type":"BreadcrumbList","@id":"https:\/\/www.gaveanews.com\/index.php\/2024\/11\/07\/apos-destaque-no-exterior-meia-afirma-que-volta-para-o-brasil-se-o-vasco-quiser\/#breadcrumb","itemListElement":[{"@type":"ListItem","position":1,"name":"Home","item":"https:\/\/www.gaveanews.com\/"},{"@type":"ListItem","position":2,"name":"Ap\u00f3s destaque no exterior, meia afirma que volta para o Brasil se o Vasco quiser"}]},{"@type":"WebSite","@id":"https:\/\/www.gaveanews.com\/#website","url":"https:\/\/www.gaveanews.com\/","name":"G\u00e1vea News","description":"Veja todas as not\u00edcias sobre o Flamengo: Contrata\u00e7\u00f5es, categorias de base, resultados das partidas, tabela de classifica\u00e7\u00e3o, pr\u00f3ximos jogos!","potentialAction":[{"@type":"SearchAction","target":{"@type":"EntryPoint","urlTemplate":"https:\/\/www.gaveanews.com\/?s={search_term_string}"},"query-input":{"@type":"PropertyValueSpecification","valueRequired":true,"valueName":"search_term_string"}}],"inLanguage":"pt-BR"},{"@type":"Person","@id":"https:\/\/www.gaveanews.com\/#\/schema\/person\/a9f62fe75380c6bada1b2fc49bc23d69","name":"Marco Menezes","image":{"@type":"ImageObject","inLanguage":"pt-BR","@id":"https:\/\/www.gaveanews.com\/#\/schema\/person\/image\/","url":"https:\/\/secure.gravatar.com\/avatar\/a1d148ae17fc8bfc5dbccffd07979e8bd2c9ba494221779de86ec2c7907b71ec?s=96&d=mm&r=g","contentUrl":"https:\/\/secure.gravatar.com\/avatar\/a1d148ae17fc8bfc5dbccffd07979e8bd2c9ba494221779de86ec2c7907b71ec?s=96&d=mm&r=g","caption":"Marco Menezes"}}]}},"_links":{"self":[{"href":"https:\/\/www.gaveanews.com\/index.php\/wp-json\/wp\/v2\/posts\/182373","targetHints":{"allow":["GET"]}}],"collection":[{"href":"https:\/\/www.gaveanews.com\/index.php\/wp-json\/wp\/v2\/posts"}],"about":[{"href":"https:\/\/www.gaveanews.com\/index.php\/wp-json\/wp\/v2\/types\/post"}],"author":[{"embeddable":true,"href":"https:\/\/www.gaveanews.com\/index.php\/wp-json\/wp\/v2\/users\/29"}],"replies":[{"embeddable":true,"href":"https:\/\/www.gaveanews.com\/index.php\/wp-json\/wp\/v2\/comments?post=182373"}],"version-history":[{"count":1,"href":"https:\/\/www.gaveanews.com\/index.php\/wp-json\/wp\/v2\/posts\/182373\/revisions"}],"predecessor-version":[{"id":182376,"href":"https:\/\/www.gaveanews.com\/index.php\/wp-json\/wp\/v2\/posts\/182373\/revisions\/182376"}],"wp:featuredmedia":[{"embeddable":true,"href":"https:\/\/www.gaveanews.com\/index.php\/wp-json\/wp\/v2\/media\/161261"}],"wp:attachment":[{"href":"https:\/\/www.gaveanews.com\/index.php\/wp-json\/wp\/v2\/media?parent=182373"}],"wp:term":[{"taxonomy":"category","embeddable":true,"href":"https:\/\/www.gaveanews.com\/index.php\/wp-json\/wp\/v2\/categories?post=182373"},{"taxonomy":"post_tag","embeddable":true,"href":"https:\/\/www.gaveanews.com\/index.php\/wp-json\/wp\/v2\/tags?post=182373"}],"curies":[{"name":"wp","href":"https:\/\/api.w.org\/{rel}","templated":true}]}}