{"id":182389,"date":"2024-11-07T10:10:00","date_gmt":"2024-11-07T13:10:00","guid":{"rendered":"https:\/\/www.gaveanews.com\/?p=182389"},"modified":"2024-11-07T03:37:08","modified_gmt":"2024-11-07T06:37:08","slug":"desfalques-para-o-proximo-jogo-declaracao-de-roger-flores-e-publicacao-de-depay-as-ultimas-noticias-do-corinthians","status":"publish","type":"post","link":"https:\/\/www.gaveanews.com\/index.php\/2024\/11\/07\/desfalques-para-o-proximo-jogo-declaracao-de-roger-flores-e-publicacao-de-depay-as-ultimas-noticias-do-corinthians\/","title":{"rendered":"Desfalques para o pr\u00f3ximo jogo, declara\u00e7\u00e3o de Roger Flores e publica\u00e7\u00e3o de Depay: as \u00faltimas not\u00edcias do Corinthians"},"content":{"rendered":"\n<p>Nas \u00faltimas horas, o foco das not\u00edcias sobre o Corinthians se concentram nos bastidores do clube, com destaques como a declara\u00e7\u00e3o de Roger Flores e publica\u00e7\u00e3o de Depay.<\/p>\n\n\n\n<p>Por conta deste contexto, leia abaixo um resumo preparado pela equipe do portal G\u00e1vea News para lhe manter muito bem informado!<\/p>\n\n\n\n<h2 class=\"wp-block-heading\" id=\"h-publicacao-de-depay\">Publica\u00e7\u00e3o de Depay<\/h2>\n\n\n\n<p>Ap\u00f3s a vit\u00f3ria do Corinthians sobre o Palmeiras por 2 a 0, o desempenho de Rodrigo Garro foi amplamente celebrado. Garro marcou um gol e deu uma assist\u00eancia para Yuri Alberto, sendo essencial para o triunfo da equipe no cl\u00e1ssico paulista. <strong><a href=\"https:\/\/www.gaveanews.com\/index.php\/2024\/11\/06\/depay-faz-publicacao-direcionada-a-rodrigo-garro\/\">(leia a mat\u00e9ria completa)<\/a><\/strong><\/p>\n\n\n\n<figure class=\"wp-block-image size-large\"><img loading=\"lazy\" decoding=\"async\" width=\"1024\" height=\"772\" src=\"https:\/\/www.gaveanews.com\/wp-content\/uploads\/Rodrigo-Garro-com-a-camisa-do-Corinthians-em-2024-1024x772.webp\" alt=\"\" class=\"wp-image-161268\" srcset=\"https:\/\/www.gaveanews.com\/wp-content\/uploads\/Rodrigo-Garro-com-a-camisa-do-Corinthians-em-2024-1024x772.webp 1024w, https:\/\/www.gaveanews.com\/wp-content\/uploads\/Rodrigo-Garro-com-a-camisa-do-Corinthians-em-2024-300x226.webp 300w, https:\/\/www.gaveanews.com\/wp-content\/uploads\/Rodrigo-Garro-com-a-camisa-do-Corinthians-em-2024-768x579.webp 768w, https:\/\/www.gaveanews.com\/wp-content\/uploads\/Rodrigo-Garro-com-a-camisa-do-Corinthians-em-2024-557x420.webp 557w, https:\/\/www.gaveanews.com\/wp-content\/uploads\/Rodrigo-Garro-com-a-camisa-do-Corinthians-em-2024-1115x840.webp 1115w, https:\/\/www.gaveanews.com\/wp-content\/uploads\/Rodrigo-Garro-com-a-camisa-do-Corinthians-em-2024-80x60.webp 80w, https:\/\/www.gaveanews.com\/wp-content\/uploads\/Rodrigo-Garro-com-a-camisa-do-Corinthians-em-2024-160x120.webp 160w, https:\/\/www.gaveanews.com\/wp-content\/uploads\/Rodrigo-Garro-com-a-camisa-do-Corinthians-em-2024-100x75.webp 100w, https:\/\/www.gaveanews.com\/wp-content\/uploads\/Rodrigo-Garro-com-a-camisa-do-Corinthians-em-2024-200x150.webp 200w, https:\/\/www.gaveanews.com\/wp-content\/uploads\/Rodrigo-Garro-com-a-camisa-do-Corinthians-em-2024-180x135.webp 180w, https:\/\/www.gaveanews.com\/wp-content\/uploads\/Rodrigo-Garro-com-a-camisa-do-Corinthians-em-2024-360x270.webp 360w, https:\/\/www.gaveanews.com\/wp-content\/uploads\/Rodrigo-Garro-com-a-camisa-do-Corinthians-em-2024-238x178.webp 238w, https:\/\/www.gaveanews.com\/wp-content\/uploads\/Rodrigo-Garro-com-a-camisa-do-Corinthians-em-2024-640x482.webp 640w, https:\/\/www.gaveanews.com\/wp-content\/uploads\/Rodrigo-Garro-com-a-camisa-do-Corinthians-em-2024-1280x964.webp 1280w, https:\/\/www.gaveanews.com\/wp-content\/uploads\/Rodrigo-Garro-com-a-camisa-do-Corinthians-em-2024-681x513.webp 681w, https:\/\/www.gaveanews.com\/wp-content\/uploads\/Rodrigo-Garro-com-a-camisa-do-Corinthians-em-2024-1362x1026.webp 1362w, https:\/\/www.gaveanews.com\/wp-content\/uploads\/Rodrigo-Garro-com-a-camisa-do-Corinthians-em-2024.webp 1440w\" sizes=\"auto, (max-width: 1024px) 100vw, 1024px\" \/><figcaption class=\"wp-element-caption\">Rodrigo Garro com a camisa do Corinthians em 2024 (Foto: Reprodu\u00e7\u00e3o\/Instagram)<\/figcaption><\/figure>\n\n\n\n<p>O jogador se destacou ao abrir o placar ainda no primeiro tempo e, logo no in\u00edcio do segundo, fornecer o passe que garantiu a amplia\u00e7\u00e3o da vantagem corintiana. Esse resultado elevou o Corinthians \u00e0 13\u00aa coloca\u00e7\u00e3o, com 38 pontos, aproximando o time da zona de classifica\u00e7\u00e3o para a Copa Sul-Americana. <\/p>\n\n\n\n<p>O desempenho de Garro rendeu reconhecimento de seus colegas, incluindo o atacante Memphis Depay, que publicou uma foto ao lado do jogador em suas redes sociais, elogiando-o com a frase \u201cQue jogo, irm\u00e3o!\u201d. A atua\u00e7\u00e3o de Garro refor\u00e7ou o moral do time e gerou entusiasmo entre os torcedores, especialmente em uma fase crucial do Campeonato Brasileiro.<\/p>\n\n\n\n<p>Al\u00e9m do efeito imediato na tabela, a vit\u00f3ria sobre o rival Palmeiras simboliza a recupera\u00e7\u00e3o do Corinthians e aponta um futuro promissor para Garro. A equipe, agora mais confiante, continua sua luta para se afastar da zona de rebaixamento e consolidar uma posi\u00e7\u00e3o segura no campeonato, mirando as pr\u00f3ximas partidas com otimismo.<\/p>\n\n\n\n<h2 class=\"wp-block-heading\" id=\"h-declaracao-de-roger-flores\">Declara\u00e7\u00e3o de Roger Flores<\/h2>\n\n\n\n<p>O ex-jogador e comentarista Roger Flores destacou o papel decisivo da torcida do Corinthians na vit\u00f3ria de 2 a 0 sobre o Palmeiras, na Neo Qu\u00edmica Arena, pelo Campeonato Brasileiro. Em sua participa\u00e7\u00e3o no programa \u201cBoleiragem\u201d, do SporTV, Roger comentou que os torcedores foram fundamentais para reanimar o time em um momento cr\u00edtico da partida, quando o Palmeiras estava pressionando. Ele mencionou que, ap\u00f3s um lance perigoso de Raphael Veiga, a torcida reagiu com uma vaia que despertou o Corinthians, elevando a intensidade da equipe no jogo. <strong><a href=\"https:\/\/www.gaveanews.com\/index.php\/2024\/11\/06\/a-declaracao-de-roger-flores-sobre-a-torcida-do-corinthians\/\">(leia a mat\u00e9ria completa)<\/a><\/strong><\/p>\n\n\n\n<figure class=\"wp-block-image size-full\"><img loading=\"lazy\" decoding=\"async\" width=\"678\" height=\"381\" src=\"https:\/\/www.gaveanews.com\/wp-content\/uploads\/Roger-1-678x381-2.webp\" alt=\"\" class=\"wp-image-146843\" srcset=\"https:\/\/www.gaveanews.com\/wp-content\/uploads\/Roger-1-678x381-2.webp 678w, https:\/\/www.gaveanews.com\/wp-content\/uploads\/Roger-1-678x381-2-300x169.webp 300w, https:\/\/www.gaveanews.com\/wp-content\/uploads\/Roger-1-678x381-2-640x360.webp 640w, https:\/\/www.gaveanews.com\/wp-content\/uploads\/Roger-1-678x381-2-100x56.webp 100w\" sizes=\"auto, (max-width: 678px) 100vw, 678px\" \/><figcaption class=\"wp-element-caption\">Roger Flores (Foto: Reprodu\u00e7\u00e3o\/SporTV)\n<\/figcaption><\/figure>\n\n\n\n<p>Segundo Roger, essa energia e a interfer\u00eancia da torcida s\u00e3o caracter\u00edsticas que fazem o Corinthians ser t\u00e3o forte jogando em casa. A vit\u00f3ria marcou o terceiro triunfo consecutivo do time no campeonato, elevando-o para a 13\u00aa posi\u00e7\u00e3o na tabela com 38 pontos, tr\u00eas acima da zona de rebaixamento e empatado com o Vit\u00f3ria, pr\u00f3ximo advers\u00e1rio do Corinthians, que ocupa o 12\u00ba lugar.<\/p>\n\n\n\n<p>O Corinthians agora se prepara para um confronto direto contra o Vit\u00f3ria, no pr\u00f3ximo s\u00e1bado, em Salvador, uma partida crucial para consolidar sua recupera\u00e7\u00e3o e aumentar a vantagem sobre a zona de rebaixamento. A expectativa \u00e9 que o apoio da torcida continue sendo um elemento-chave para a equipe em sua busca por um final de temporada mais seguro.<\/p>\n\n\n\n<h2 class=\"wp-block-heading\" id=\"h-desfalques-para-o-proximo-jogo\">Desfalques para o pr\u00f3ximo jogo<\/h2>\n\n\n\n<p>O Corinthians ter\u00e1 dois desfalques importantes na defesa para o pr\u00f3ximo jogo contra o Vit\u00f3ria, no s\u00e1bado, dia 9 de novembro. Os laterais Hugo e Matheuzinho est\u00e3o suspensos ap\u00f3s receberem o terceiro cart\u00e3o amarelo na vit\u00f3ria sobre o Palmeiras. Para preencher essas vagas, o t\u00e9cnico Ram\u00f3n D\u00edaz deve escalar Fagner e Matheus Bidu, ambos experientes e com bom hist\u00f3rico de desempenho. <strong><a href=\"https:\/\/www.gaveanews.com\/index.php\/2024\/11\/06\/corinthians-ganha-dois-desfalques-para-o-proximo-jogo-2\/\">(leia a mat\u00e9ria completa)<\/a><\/strong><\/p>\n\n\n\n<figure class=\"wp-block-image size-large\"><img loading=\"lazy\" decoding=\"async\" width=\"1024\" height=\"1024\" src=\"https:\/\/www.gaveanews.com\/wp-content\/uploads\/Ramon-Diaz-durante-treinamento-do-Corinthians-1024x1024.webp\" alt=\"\" class=\"wp-image-152487\" srcset=\"https:\/\/www.gaveanews.com\/wp-content\/uploads\/Ramon-Diaz-durante-treinamento-do-Corinthians-1024x1024.webp 1024w, https:\/\/www.gaveanews.com\/wp-content\/uploads\/Ramon-Diaz-durante-treinamento-do-Corinthians-300x300.webp 300w, https:\/\/www.gaveanews.com\/wp-content\/uploads\/Ramon-Diaz-durante-treinamento-do-Corinthians-150x150.webp 150w, https:\/\/www.gaveanews.com\/wp-content\/uploads\/Ramon-Diaz-durante-treinamento-do-Corinthians-768x768.webp 768w, https:\/\/www.gaveanews.com\/wp-content\/uploads\/Ramon-Diaz-durante-treinamento-do-Corinthians-420x420.webp 420w, https:\/\/www.gaveanews.com\/wp-content\/uploads\/Ramon-Diaz-durante-treinamento-do-Corinthians-840x840.webp 840w, https:\/\/www.gaveanews.com\/wp-content\/uploads\/Ramon-Diaz-durante-treinamento-do-Corinthians-640x640.webp 640w, https:\/\/www.gaveanews.com\/wp-content\/uploads\/Ramon-Diaz-durante-treinamento-do-Corinthians-681x681.webp 681w, https:\/\/www.gaveanews.com\/wp-content\/uploads\/Ramon-Diaz-durante-treinamento-do-Corinthians-100x100.webp 100w, https:\/\/www.gaveanews.com\/wp-content\/uploads\/Ramon-Diaz-durante-treinamento-do-Corinthians.webp 1080w\" sizes=\"auto, (max-width: 1024px) 100vw, 1024px\" \/><figcaption class=\"wp-element-caption\">Ram\u00f3n Diaz durante treinamento do Corinthians (Foto: Reprodu\u00e7\u00e3o\/Instagram)<\/figcaption><\/figure>\n\n\n\n<p>O time paulista subiu para a 13\u00aa posi\u00e7\u00e3o na tabela ap\u00f3s a vit\u00f3ria, afastando-se em quatro pontos da zona de rebaixamento, mas o pr\u00f3ximo confronto contra o Vit\u00f3ria \u00e9 crucial, j\u00e1 que as duas equipes t\u00eam pontua\u00e7\u00e3o semelhante e disputam a perman\u00eancia na S\u00e9rie A. A partida acontece em um momento decisivo, em que o Corinthians busca consolidar sua recupera\u00e7\u00e3o e evitar o risco de rebaixamento.<\/p>\n\n\n\n<p>A vit\u00f3ria contra o Palmeiras fortaleceu a confian\u00e7a do elenco, que agora se concentra em manter uma sequ\u00eancia positiva para garantir a estabilidade na tabela. O jogo no Barrad\u00e3o promete ser desafiador, com o Corinthians focado em proteger sua posi\u00e7\u00e3o e escapar definitivamente da zona de risco no campeonato.<\/p>\n","protected":false},"excerpt":{"rendered":"<p>Nas \u00faltimas horas, o foco das not\u00edcias sobre o Corinthians se concentram nos bastidores do clube, com destaques como a declara\u00e7\u00e3o de Roger Flores e publica\u00e7\u00e3o de Depay. Por conta deste contexto, leia abaixo um resumo preparado pela equipe do portal G\u00e1vea News para lhe manter muito bem informado! Publica\u00e7\u00e3o de Depay Ap\u00f3s a vit\u00f3ria [&hellip;]<\/p>\n","protected":false},"author":27,"featured_media":165913,"comment_status":"open","ping_status":"closed","sticky":false,"template":"","format":"standard","meta":{"footnotes":""},"categories":[141],"tags":[],"class_list":["post-182389","post","type-post","status-publish","format-standard","has-post-thumbnail","hentry","category-corinthians"],"yoast_head":"<!-- This site is optimized with the Yoast SEO Premium plugin v24.2 (Yoast SEO v26.9) - https:\/\/yoast.com\/product\/yoast-seo-premium-wordpress\/ -->\n<title>Desfalques para o pr\u00f3ximo jogo, declara\u00e7\u00e3o de Roger Flores e publica\u00e7\u00e3o de Depay: as \u00faltimas not\u00edcias do Corinthians<\/title>\n<meta name=\"robots\" content=\"index, follow, max-snippet:-1, max-image-preview:large, max-video-preview:-1\" \/>\n<link rel=\"canonical\" href=\"https:\/\/www.gaveanews.com\/index.php\/2024\/11\/07\/desfalques-para-o-proximo-jogo-declaracao-de-roger-flores-e-publicacao-de-depay-as-ultimas-noticias-do-corinthians\/\" \/>\n<meta property=\"og:locale\" content=\"pt_BR\" \/>\n<meta property=\"og:type\" content=\"article\" \/>\n<meta property=\"og:title\" content=\"Desfalques para o pr\u00f3ximo jogo, declara\u00e7\u00e3o de Roger Flores e publica\u00e7\u00e3o de Depay: as \u00faltimas not\u00edcias do Corinthians\" \/>\n<meta property=\"og:description\" content=\"Nas \u00faltimas horas, o foco das not\u00edcias sobre o Corinthians se concentram nos bastidores do clube, com destaques como a declara\u00e7\u00e3o de Roger Flores e publica\u00e7\u00e3o de Depay. Por conta deste contexto, leia abaixo um resumo preparado pela equipe do portal G\u00e1vea News para lhe manter muito bem informado! Publica\u00e7\u00e3o de Depay Ap\u00f3s a vit\u00f3ria [&hellip;]\" \/>\n<meta property=\"og:url\" content=\"https:\/\/www.gaveanews.com\/index.php\/2024\/11\/07\/desfalques-para-o-proximo-jogo-declaracao-de-roger-flores-e-publicacao-de-depay-as-ultimas-noticias-do-corinthians\/\" \/>\n<meta property=\"og:site_name\" content=\"G\u00e1vea News\" \/>\n<meta property=\"article:publisher\" content=\"https:\/\/facebook.com\/gaveaNews\/\" \/>\n<meta property=\"article:published_time\" content=\"2024-11-07T13:10:00+00:00\" \/>\n<meta property=\"og:image\" content=\"https:\/\/www.gaveanews.com\/wp-content\/uploads\/Memphis-Depay-com-a-camisa-do-Corinthians-em-2024.webp\" \/>\n\t<meta property=\"og:image:width\" content=\"1440\" \/>\n\t<meta property=\"og:image:height\" content=\"1064\" \/>\n\t<meta property=\"og:image:type\" content=\"image\/jpeg\" \/>\n<meta name=\"author\" content=\"Matheus Felipe\" \/>\n<meta name=\"twitter:card\" content=\"summary_large_image\" \/>\n<meta name=\"twitter:label1\" content=\"Escrito por\" \/>\n\t<meta name=\"twitter:data1\" content=\"Matheus Felipe\" \/>\n\t<meta name=\"twitter:label2\" content=\"Est. tempo de leitura\" \/>\n\t<meta name=\"twitter:data2\" content=\"5 minutos\" \/>\n<script type=\"application\/ld+json\" class=\"yoast-schema-graph\">{\"@context\":\"https:\/\/schema.org\",\"@graph\":[{\"@type\":\"NewsArticle\",\"@id\":\"https:\/\/www.gaveanews.com\/index.php\/2024\/11\/07\/desfalques-para-o-proximo-jogo-declaracao-de-roger-flores-e-publicacao-de-depay-as-ultimas-noticias-do-corinthians\/#article\",\"isPartOf\":{\"@id\":\"https:\/\/www.gaveanews.com\/index.php\/2024\/11\/07\/desfalques-para-o-proximo-jogo-declaracao-de-roger-flores-e-publicacao-de-depay-as-ultimas-noticias-do-corinthians\/\"},\"author\":{\"name\":\"Matheus Felipe\",\"@id\":\"https:\/\/www.gaveanews.com\/#\/schema\/person\/8207cd4627f56151707418bfc835b2fb\"},\"headline\":\"Desfalques para o pr\u00f3ximo jogo, declara\u00e7\u00e3o de Roger Flores e publica\u00e7\u00e3o de Depay: as \u00faltimas not\u00edcias do Corinthians\",\"datePublished\":\"2024-11-07T13:10:00+00:00\",\"mainEntityOfPage\":{\"@id\":\"https:\/\/www.gaveanews.com\/index.php\/2024\/11\/07\/desfalques-para-o-proximo-jogo-declaracao-de-roger-flores-e-publicacao-de-depay-as-ultimas-noticias-do-corinthians\/\"},\"wordCount\":763,\"commentCount\":0,\"image\":{\"@id\":\"https:\/\/www.gaveanews.com\/index.php\/2024\/11\/07\/desfalques-para-o-proximo-jogo-declaracao-de-roger-flores-e-publicacao-de-depay-as-ultimas-noticias-do-corinthians\/#primaryimage\"},\"thumbnailUrl\":\"https:\/\/www.gaveanews.com\/wp-content\/uploads\/Memphis-Depay-com-a-camisa-do-Corinthians-em-2024.webp\",\"articleSection\":[\"Corinthians\"],\"inLanguage\":\"pt-BR\",\"potentialAction\":[{\"@type\":\"CommentAction\",\"name\":\"Comment\",\"target\":[\"https:\/\/www.gaveanews.com\/index.php\/2024\/11\/07\/desfalques-para-o-proximo-jogo-declaracao-de-roger-flores-e-publicacao-de-depay-as-ultimas-noticias-do-corinthians\/#respond\"]}],\"copyrightYear\":\"2024\",\"copyrightHolder\":{\"@id\":\"https:\/\/www.gaveanews.com\/#organization\"}},{\"@type\":\"WebPage\",\"@id\":\"https:\/\/www.gaveanews.com\/index.php\/2024\/11\/07\/desfalques-para-o-proximo-jogo-declaracao-de-roger-flores-e-publicacao-de-depay-as-ultimas-noticias-do-corinthians\/\",\"url\":\"https:\/\/www.gaveanews.com\/index.php\/2024\/11\/07\/desfalques-para-o-proximo-jogo-declaracao-de-roger-flores-e-publicacao-de-depay-as-ultimas-noticias-do-corinthians\/\",\"name\":\"Desfalques para o pr\u00f3ximo jogo, declara\u00e7\u00e3o de Roger Flores e publica\u00e7\u00e3o de Depay: as \u00faltimas not\u00edcias do Corinthians\",\"isPartOf\":{\"@id\":\"https:\/\/www.gaveanews.com\/#website\"},\"primaryImageOfPage\":{\"@id\":\"https:\/\/www.gaveanews.com\/index.php\/2024\/11\/07\/desfalques-para-o-proximo-jogo-declaracao-de-roger-flores-e-publicacao-de-depay-as-ultimas-noticias-do-corinthians\/#primaryimage\"},\"image\":{\"@id\":\"https:\/\/www.gaveanews.com\/index.php\/2024\/11\/07\/desfalques-para-o-proximo-jogo-declaracao-de-roger-flores-e-publicacao-de-depay-as-ultimas-noticias-do-corinthians\/#primaryimage\"},\"thumbnailUrl\":\"https:\/\/www.gaveanews.com\/wp-content\/uploads\/Memphis-Depay-com-a-camisa-do-Corinthians-em-2024.webp\",\"datePublished\":\"2024-11-07T13:10:00+00:00\",\"author\":{\"@id\":\"https:\/\/www.gaveanews.com\/#\/schema\/person\/8207cd4627f56151707418bfc835b2fb\"},\"breadcrumb\":{\"@id\":\"https:\/\/www.gaveanews.com\/index.php\/2024\/11\/07\/desfalques-para-o-proximo-jogo-declaracao-de-roger-flores-e-publicacao-de-depay-as-ultimas-noticias-do-corinthians\/#breadcrumb\"},\"inLanguage\":\"pt-BR\",\"potentialAction\":[{\"@type\":\"ReadAction\",\"target\":[\"https:\/\/www.gaveanews.com\/index.php\/2024\/11\/07\/desfalques-para-o-proximo-jogo-declaracao-de-roger-flores-e-publicacao-de-depay-as-ultimas-noticias-do-corinthians\/\"]}]},{\"@type\":\"ImageObject\",\"inLanguage\":\"pt-BR\",\"@id\":\"https:\/\/www.gaveanews.com\/index.php\/2024\/11\/07\/desfalques-para-o-proximo-jogo-declaracao-de-roger-flores-e-publicacao-de-depay-as-ultimas-noticias-do-corinthians\/#primaryimage\",\"url\":\"https:\/\/www.gaveanews.com\/wp-content\/uploads\/Memphis-Depay-com-a-camisa-do-Corinthians-em-2024.webp\",\"contentUrl\":\"https:\/\/www.gaveanews.com\/wp-content\/uploads\/Memphis-Depay-com-a-camisa-do-Corinthians-em-2024.webp\",\"width\":1440,\"height\":1064,\"caption\":\"Memphis Depay com a camisa do Corinthians em 2024 (Foto: Rodrigo Coca\/Corinthians)\"},{\"@type\":\"BreadcrumbList\",\"@id\":\"https:\/\/www.gaveanews.com\/index.php\/2024\/11\/07\/desfalques-para-o-proximo-jogo-declaracao-de-roger-flores-e-publicacao-de-depay-as-ultimas-noticias-do-corinthians\/#breadcrumb\",\"itemListElement\":[{\"@type\":\"ListItem\",\"position\":1,\"name\":\"Home\",\"item\":\"https:\/\/www.gaveanews.com\/\"},{\"@type\":\"ListItem\",\"position\":2,\"name\":\"Desfalques para o pr\u00f3ximo jogo, declara\u00e7\u00e3o de Roger Flores e publica\u00e7\u00e3o de Depay: as \u00faltimas not\u00edcias do Corinthians\"}]},{\"@type\":\"WebSite\",\"@id\":\"https:\/\/www.gaveanews.com\/#website\",\"url\":\"https:\/\/www.gaveanews.com\/\",\"name\":\"G\u00e1vea News\",\"description\":\"Veja todas as not\u00edcias sobre o Flamengo: Contrata\u00e7\u00f5es, categorias de base, resultados das partidas, tabela de classifica\u00e7\u00e3o, pr\u00f3ximos jogos!\",\"potentialAction\":[{\"@type\":\"SearchAction\",\"target\":{\"@type\":\"EntryPoint\",\"urlTemplate\":\"https:\/\/www.gaveanews.com\/?s={search_term_string}\"},\"query-input\":{\"@type\":\"PropertyValueSpecification\",\"valueRequired\":true,\"valueName\":\"search_term_string\"}}],\"inLanguage\":\"pt-BR\"},{\"@type\":\"Person\",\"@id\":\"https:\/\/www.gaveanews.com\/#\/schema\/person\/8207cd4627f56151707418bfc835b2fb\",\"name\":\"Matheus Felipe\",\"image\":{\"@type\":\"ImageObject\",\"inLanguage\":\"pt-BR\",\"@id\":\"https:\/\/www.gaveanews.com\/#\/schema\/person\/image\/\",\"url\":\"https:\/\/secure.gravatar.com\/avatar\/a452ffbed9130f726358b298bb3a99ce4bd3c5338411f8440e87e14d74c7c087?s=96&d=mm&r=g\",\"contentUrl\":\"https:\/\/secure.gravatar.com\/avatar\/a452ffbed9130f726358b298bb3a99ce4bd3c5338411f8440e87e14d74c7c087?s=96&d=mm&r=g\",\"caption\":\"Matheus Felipe\"}}]}<\/script>\n<!-- \/ Yoast SEO Premium plugin. -->","yoast_head_json":{"title":"Desfalques para o pr\u00f3ximo jogo, declara\u00e7\u00e3o de Roger Flores e publica\u00e7\u00e3o de Depay: as \u00faltimas not\u00edcias do Corinthians","robots":{"index":"index","follow":"follow","max-snippet":"max-snippet:-1","max-image-preview":"max-image-preview:large","max-video-preview":"max-video-preview:-1"},"canonical":"https:\/\/www.gaveanews.com\/index.php\/2024\/11\/07\/desfalques-para-o-proximo-jogo-declaracao-de-roger-flores-e-publicacao-de-depay-as-ultimas-noticias-do-corinthians\/","og_locale":"pt_BR","og_type":"article","og_title":"Desfalques para o pr\u00f3ximo jogo, declara\u00e7\u00e3o de Roger Flores e publica\u00e7\u00e3o de Depay: as \u00faltimas not\u00edcias do Corinthians","og_description":"Nas \u00faltimas horas, o foco das not\u00edcias sobre o Corinthians se concentram nos bastidores do clube, com destaques como a declara\u00e7\u00e3o de Roger Flores e publica\u00e7\u00e3o de Depay. Por conta deste contexto, leia abaixo um resumo preparado pela equipe do portal G\u00e1vea News para lhe manter muito bem informado! Publica\u00e7\u00e3o de Depay Ap\u00f3s a vit\u00f3ria [&hellip;]","og_url":"https:\/\/www.gaveanews.com\/index.php\/2024\/11\/07\/desfalques-para-o-proximo-jogo-declaracao-de-roger-flores-e-publicacao-de-depay-as-ultimas-noticias-do-corinthians\/","og_site_name":"G\u00e1vea News","article_publisher":"https:\/\/facebook.com\/gaveaNews\/","article_published_time":"2024-11-07T13:10:00+00:00","og_image":[{"width":1440,"height":1064,"url":"https:\/\/www.gaveanews.com\/wp-content\/uploads\/Memphis-Depay-com-a-camisa-do-Corinthians-em-2024.webp","type":"image\/jpeg"}],"author":"Matheus Felipe","twitter_card":"summary_large_image","twitter_misc":{"Escrito por":"Matheus Felipe","Est. tempo de leitura":"5 minutos"},"schema":{"@context":"https:\/\/schema.org","@graph":[{"@type":"NewsArticle","@id":"https:\/\/www.gaveanews.com\/index.php\/2024\/11\/07\/desfalques-para-o-proximo-jogo-declaracao-de-roger-flores-e-publicacao-de-depay-as-ultimas-noticias-do-corinthians\/#article","isPartOf":{"@id":"https:\/\/www.gaveanews.com\/index.php\/2024\/11\/07\/desfalques-para-o-proximo-jogo-declaracao-de-roger-flores-e-publicacao-de-depay-as-ultimas-noticias-do-corinthians\/"},"author":{"name":"Matheus Felipe","@id":"https:\/\/www.gaveanews.com\/#\/schema\/person\/8207cd4627f56151707418bfc835b2fb"},"headline":"Desfalques para o pr\u00f3ximo jogo, declara\u00e7\u00e3o de Roger Flores e publica\u00e7\u00e3o de Depay: as \u00faltimas not\u00edcias do Corinthians","datePublished":"2024-11-07T13:10:00+00:00","mainEntityOfPage":{"@id":"https:\/\/www.gaveanews.com\/index.php\/2024\/11\/07\/desfalques-para-o-proximo-jogo-declaracao-de-roger-flores-e-publicacao-de-depay-as-ultimas-noticias-do-corinthians\/"},"wordCount":763,"commentCount":0,"image":{"@id":"https:\/\/www.gaveanews.com\/index.php\/2024\/11\/07\/desfalques-para-o-proximo-jogo-declaracao-de-roger-flores-e-publicacao-de-depay-as-ultimas-noticias-do-corinthians\/#primaryimage"},"thumbnailUrl":"https:\/\/www.gaveanews.com\/wp-content\/uploads\/Memphis-Depay-com-a-camisa-do-Corinthians-em-2024.webp","articleSection":["Corinthians"],"inLanguage":"pt-BR","potentialAction":[{"@type":"CommentAction","name":"Comment","target":["https:\/\/www.gaveanews.com\/index.php\/2024\/11\/07\/desfalques-para-o-proximo-jogo-declaracao-de-roger-flores-e-publicacao-de-depay-as-ultimas-noticias-do-corinthians\/#respond"]}],"copyrightYear":"2024","copyrightHolder":{"@id":"https:\/\/www.gaveanews.com\/#organization"}},{"@type":"WebPage","@id":"https:\/\/www.gaveanews.com\/index.php\/2024\/11\/07\/desfalques-para-o-proximo-jogo-declaracao-de-roger-flores-e-publicacao-de-depay-as-ultimas-noticias-do-corinthians\/","url":"https:\/\/www.gaveanews.com\/index.php\/2024\/11\/07\/desfalques-para-o-proximo-jogo-declaracao-de-roger-flores-e-publicacao-de-depay-as-ultimas-noticias-do-corinthians\/","name":"Desfalques para o pr\u00f3ximo jogo, declara\u00e7\u00e3o de Roger Flores e publica\u00e7\u00e3o de Depay: as \u00faltimas not\u00edcias do Corinthians","isPartOf":{"@id":"https:\/\/www.gaveanews.com\/#website"},"primaryImageOfPage":{"@id":"https:\/\/www.gaveanews.com\/index.php\/2024\/11\/07\/desfalques-para-o-proximo-jogo-declaracao-de-roger-flores-e-publicacao-de-depay-as-ultimas-noticias-do-corinthians\/#primaryimage"},"image":{"@id":"https:\/\/www.gaveanews.com\/index.php\/2024\/11\/07\/desfalques-para-o-proximo-jogo-declaracao-de-roger-flores-e-publicacao-de-depay-as-ultimas-noticias-do-corinthians\/#primaryimage"},"thumbnailUrl":"https:\/\/www.gaveanews.com\/wp-content\/uploads\/Memphis-Depay-com-a-camisa-do-Corinthians-em-2024.webp","datePublished":"2024-11-07T13:10:00+00:00","author":{"@id":"https:\/\/www.gaveanews.com\/#\/schema\/person\/8207cd4627f56151707418bfc835b2fb"},"breadcrumb":{"@id":"https:\/\/www.gaveanews.com\/index.php\/2024\/11\/07\/desfalques-para-o-proximo-jogo-declaracao-de-roger-flores-e-publicacao-de-depay-as-ultimas-noticias-do-corinthians\/#breadcrumb"},"inLanguage":"pt-BR","potentialAction":[{"@type":"ReadAction","target":["https:\/\/www.gaveanews.com\/index.php\/2024\/11\/07\/desfalques-para-o-proximo-jogo-declaracao-de-roger-flores-e-publicacao-de-depay-as-ultimas-noticias-do-corinthians\/"]}]},{"@type":"ImageObject","inLanguage":"pt-BR","@id":"https:\/\/www.gaveanews.com\/index.php\/2024\/11\/07\/desfalques-para-o-proximo-jogo-declaracao-de-roger-flores-e-publicacao-de-depay-as-ultimas-noticias-do-corinthians\/#primaryimage","url":"https:\/\/www.gaveanews.com\/wp-content\/uploads\/Memphis-Depay-com-a-camisa-do-Corinthians-em-2024.webp","contentUrl":"https:\/\/www.gaveanews.com\/wp-content\/uploads\/Memphis-Depay-com-a-camisa-do-Corinthians-em-2024.webp","width":1440,"height":1064,"caption":"Memphis Depay com a camisa do Corinthians em 2024 (Foto: Rodrigo Coca\/Corinthians)"},{"@type":"BreadcrumbList","@id":"https:\/\/www.gaveanews.com\/index.php\/2024\/11\/07\/desfalques-para-o-proximo-jogo-declaracao-de-roger-flores-e-publicacao-de-depay-as-ultimas-noticias-do-corinthians\/#breadcrumb","itemListElement":[{"@type":"ListItem","position":1,"name":"Home","item":"https:\/\/www.gaveanews.com\/"},{"@type":"ListItem","position":2,"name":"Desfalques para o pr\u00f3ximo jogo, declara\u00e7\u00e3o de Roger Flores e publica\u00e7\u00e3o de Depay: as \u00faltimas not\u00edcias do Corinthians"}]},{"@type":"WebSite","@id":"https:\/\/www.gaveanews.com\/#website","url":"https:\/\/www.gaveanews.com\/","name":"G\u00e1vea News","description":"Veja todas as not\u00edcias sobre o Flamengo: Contrata\u00e7\u00f5es, categorias de base, resultados das partidas, tabela de classifica\u00e7\u00e3o, pr\u00f3ximos jogos!","potentialAction":[{"@type":"SearchAction","target":{"@type":"EntryPoint","urlTemplate":"https:\/\/www.gaveanews.com\/?s={search_term_string}"},"query-input":{"@type":"PropertyValueSpecification","valueRequired":true,"valueName":"search_term_string"}}],"inLanguage":"pt-BR"},{"@type":"Person","@id":"https:\/\/www.gaveanews.com\/#\/schema\/person\/8207cd4627f56151707418bfc835b2fb","name":"Matheus Felipe","image":{"@type":"ImageObject","inLanguage":"pt-BR","@id":"https:\/\/www.gaveanews.com\/#\/schema\/person\/image\/","url":"https:\/\/secure.gravatar.com\/avatar\/a452ffbed9130f726358b298bb3a99ce4bd3c5338411f8440e87e14d74c7c087?s=96&d=mm&r=g","contentUrl":"https:\/\/secure.gravatar.com\/avatar\/a452ffbed9130f726358b298bb3a99ce4bd3c5338411f8440e87e14d74c7c087?s=96&d=mm&r=g","caption":"Matheus Felipe"}}]}},"_links":{"self":[{"href":"https:\/\/www.gaveanews.com\/index.php\/wp-json\/wp\/v2\/posts\/182389","targetHints":{"allow":["GET"]}}],"collection":[{"href":"https:\/\/www.gaveanews.com\/index.php\/wp-json\/wp\/v2\/posts"}],"about":[{"href":"https:\/\/www.gaveanews.com\/index.php\/wp-json\/wp\/v2\/types\/post"}],"author":[{"embeddable":true,"href":"https:\/\/www.gaveanews.com\/index.php\/wp-json\/wp\/v2\/users\/27"}],"replies":[{"embeddable":true,"href":"https:\/\/www.gaveanews.com\/index.php\/wp-json\/wp\/v2\/comments?post=182389"}],"version-history":[{"count":1,"href":"https:\/\/www.gaveanews.com\/index.php\/wp-json\/wp\/v2\/posts\/182389\/revisions"}],"predecessor-version":[{"id":182392,"href":"https:\/\/www.gaveanews.com\/index.php\/wp-json\/wp\/v2\/posts\/182389\/revisions\/182392"}],"wp:featuredmedia":[{"embeddable":true,"href":"https:\/\/www.gaveanews.com\/index.php\/wp-json\/wp\/v2\/media\/165913"}],"wp:attachment":[{"href":"https:\/\/www.gaveanews.com\/index.php\/wp-json\/wp\/v2\/media?parent=182389"}],"wp:term":[{"taxonomy":"category","embeddable":true,"href":"https:\/\/www.gaveanews.com\/index.php\/wp-json\/wp\/v2\/categories?post=182389"},{"taxonomy":"post_tag","embeddable":true,"href":"https:\/\/www.gaveanews.com\/index.php\/wp-json\/wp\/v2\/tags?post=182389"}],"curies":[{"name":"wp","href":"https:\/\/api.w.org\/{rel}","templated":true}]}}