{"id":182401,"date":"2024-11-07T06:20:00","date_gmt":"2024-11-07T09:20:00","guid":{"rendered":"https:\/\/www.gaveanews.com\/?p=182401"},"modified":"2024-11-07T03:39:46","modified_gmt":"2024-11-07T06:39:46","slug":"recado-de-john-textor-titulo-do-flamengo-pode-ajudar-e-o-declaracao-de-lucas-piton-as-ultimas-noticias-do-vasco","status":"publish","type":"post","link":"https:\/\/www.gaveanews.com\/index.php\/2024\/11\/07\/recado-de-john-textor-titulo-do-flamengo-pode-ajudar-e-o-declaracao-de-lucas-piton-as-ultimas-noticias-do-vasco\/","title":{"rendered":"Recado de John Textor, t\u00edtulo do Flamengo pode ajudar e o declara\u00e7\u00e3o de Lucas Piton: as \u00faltimas not\u00edcias do Vasco"},"content":{"rendered":"\n<p>Nas \u00faltimas horas, o foco das not\u00edcias sobre o Vasco se concentram nos bastidores do clube, com destaques como o t\u00edtulo do Flamengo pode ajudar e o declara\u00e7\u00e3o de Lucas Piton.<\/p>\n\n\n\n<p>Por conta deste contexto, leia abaixo um resumo preparado pela equipe do portal G\u00e1vea News para lhe manter muito bem informado!<\/p>\n\n\n\n<h2 class=\"wp-block-heading\" id=\"h-declaracao-de-lucas-piton\">Declara\u00e7\u00e3o de Lucas Piton<\/h2>\n\n\n\n<p>Antes do cl\u00e1ssico contra o Botafogo, o lateral-esquerdo do Vasco, Lucas Piton, destacou a import\u00e2ncia da partida para a equipe, que ocupa a 9\u00aa posi\u00e7\u00e3o no Brasileir\u00e3o com 43 pontos e busca uma vaga na Libertadores. Para Piton, o Vasco precisa encarar os pr\u00f3ximos sete jogos como finais, come\u00e7ando pela partida contra o l\u00edder Botafogo, a qual ele descreveu como uma oportunidade para tentar os tr\u00eas pontos, mesmo respeitando a for\u00e7a do advers\u00e1rio em casa. <strong><a href=\"https:\/\/www.gaveanews.com\/index.php\/2024\/11\/06\/botafogo-x-vasco-a-declaracao-de-lucas-piton\/\">(leia a mat\u00e9ria completa)<\/a><\/strong><\/p>\n\n\n\n<figure class=\"wp-block-image size-large\"><img loading=\"lazy\" decoding=\"async\" width=\"1024\" height=\"682\" src=\"https:\/\/www.gaveanews.com\/wp-content\/uploads\/Lucas-Piton-apresentado-pelo-Vasco-1024x682.webp\" alt=\"\" class=\"wp-image-169866\" srcset=\"https:\/\/www.gaveanews.com\/wp-content\/uploads\/Lucas-Piton-apresentado-pelo-Vasco-1024x682.webp 1024w, https:\/\/www.gaveanews.com\/wp-content\/uploads\/Lucas-Piton-apresentado-pelo-Vasco-300x200.webp 300w, https:\/\/www.gaveanews.com\/wp-content\/uploads\/Lucas-Piton-apresentado-pelo-Vasco-768x511.webp 768w, https:\/\/www.gaveanews.com\/wp-content\/uploads\/Lucas-Piton-apresentado-pelo-Vasco-1536x1022.webp 1536w, https:\/\/www.gaveanews.com\/wp-content\/uploads\/Lucas-Piton-apresentado-pelo-Vasco-631x420.webp 631w, https:\/\/www.gaveanews.com\/wp-content\/uploads\/Lucas-Piton-apresentado-pelo-Vasco-1262x840.webp 1262w, https:\/\/www.gaveanews.com\/wp-content\/uploads\/Lucas-Piton-apresentado-pelo-Vasco-640x426.webp 640w, https:\/\/www.gaveanews.com\/wp-content\/uploads\/Lucas-Piton-apresentado-pelo-Vasco-1280x852.webp 1280w, https:\/\/www.gaveanews.com\/wp-content\/uploads\/Lucas-Piton-apresentado-pelo-Vasco-681x453.webp 681w, https:\/\/www.gaveanews.com\/wp-content\/uploads\/Lucas-Piton-apresentado-pelo-Vasco-1362x907.webp 1362w, https:\/\/www.gaveanews.com\/wp-content\/uploads\/Lucas-Piton-apresentado-pelo-Vasco-100x67.webp 100w, https:\/\/www.gaveanews.com\/wp-content\/uploads\/Lucas-Piton-apresentado-pelo-Vasco.webp 1600w\" sizes=\"auto, (max-width: 1024px) 100vw, 1024px\" \/><figcaption class=\"wp-element-caption\">Lucas Piton apresentado pelo Vasco (Foto: Divulga\u00e7\u00e3o\/Vasco)<\/figcaption><\/figure>\n\n\n\n<p>Al\u00e9m de projetar o confronto, Piton comentou sobre sua parceria em campo com o atacante Pablo Vegetti, que retorna ap\u00f3s cumprir suspens\u00e3o. O lateral destacou a facilidade de Vegetti em concluir jogadas, especialmente em cruzamentos, e elogiou o faro de gol do colega, ressaltando que muitas vezes apenas precisa enviar a bola para a \u00e1rea para que Vegetti conclua.<\/p>\n\n\n\n<p>O Vasco entra em campo no Est\u00e1dio Nilton Santos determinado a se aproximar do G6 e consolidar suas chances de classifica\u00e7\u00e3o para a Libertadores, em um cl\u00e1ssico carioca de grande import\u00e2ncia para as aspira\u00e7\u00f5es da equipe na reta final do campeonato.<\/p>\n\n\n\n<h2 class=\"wp-block-heading\" id=\"h-titulo-do-flamengo-pode-ajudar\">T\u00edtulo do Flamengo pode ajudar <\/h2>\n\n\n\n<p>Com a aproxima\u00e7\u00e3o do final do Brasileir\u00e3o, o Vasco vislumbra uma vaga na Libertadores de 2025, contando com a possibilidade de amplia\u00e7\u00e3o do G-6 para um G-9. Para que isso ocorra, tr\u00eas condi\u00e7\u00f5es s\u00e3o necess\u00e1rias: a vit\u00f3ria do Botafogo na Libertadores, o t\u00edtulo do Flamengo na Copa do Brasil e a conquista da Sul-Americana pelo Cruzeiro. Esses resultados permitiriam que mais vagas fossem abertas para o campeonato continental, ampliando as chances de classifica\u00e7\u00e3o do Vasco. <strong><a href=\"https:\/\/www.gaveanews.com\/index.php\/2024\/11\/06\/titulo-do-flamengo-pode-ser-excelente-para-o-vasco\/\">(leia a mat\u00e9ria completa)<\/a><\/strong><\/p>\n\n\n\n<figure class=\"wp-block-image size-full is-resized\"><img loading=\"lazy\" decoding=\"async\" width=\"984\" height=\"1230\" src=\"https:\/\/www.gaveanews.com\/wp-content\/uploads\/Fabricio-Bruno-e-Pablo-Vegetti-durante-o-classico-entre-Vasco-e-Flamengo-no-estadio-do-Maracana.avif\" alt=\"\" class=\"wp-image-146080\" style=\"width:574px;height:auto\"\/><figcaption class=\"wp-element-caption\">Fabr\u00edcio Bruno e Pablo Vegetti durante o cl\u00e1ssico entre Vasco e Flamengo no est\u00e1dio do Maracan\u00e3 (Foto: Paula Reis\/Flamengo)<\/figcaption><\/figure>\n\n\n\n<p>O desempenho do Atl\u00e9tico-MG, envolvido tanto na Libertadores quanto na final da Copa do Brasil e atualmente em 10\u00ba no Brasileir\u00e3o, tamb\u00e9m pode afetar o cen\u00e1rio. Se o Atl\u00e9tico conquistar um dos t\u00edtulos e ainda terminar entre os oito primeiros, o G-9 seria mantido. <\/p>\n\n\n\n<p>No entanto, caso o clube mineiro ven\u00e7a ambas as competi\u00e7\u00f5es e Cruzeiro leve a Sul-Americana, o G-6 se transformaria em G-8, desde que todos terminem bem classificados.<\/p>\n\n\n\n<p>Sob o comando do t\u00e9cnico Rafael Paiva, o Vasco deixou a zona de rebaixamento, chegando ao nono lugar com 43 pontos. Para garantir a classifica\u00e7\u00e3o, o time precisa somar pontos nas \u00faltimas rodadas, mirando uma pontua\u00e7\u00e3o pr\u00f3xima dos 55 pontos, que foi o total necess\u00e1rio para o nono colocado na temporada anterior.<\/p>\n\n\n\n<h2 class=\"wp-block-heading\" id=\"h-recado-de-john-textor\">Recado de John Textor<\/h2>\n\n\n\n<p>Ap\u00f3s a vit\u00f3ria do Botafogo sobre o Vasco por 3 a 0, John Textor, dono da SAF do Botafogo e respons\u00e1vel pela Eagle Football Holdings, demonstrou interesse em uma das maiores promessas do Vasco, o jovem atacante Rayan, de 18 anos. Textor, que desceu ao campo ap\u00f3s o jogo para cumprimentar jogadores de ambas as equipes, foi questionado sobre a poss\u00edvel contrata\u00e7\u00e3o do atleta, mas evitou confirmar negocia\u00e7\u00f5es diretas, afirmando apenas que \u201cRayan \u00e9 jogador do Vasco at\u00e9 n\u00e3o ser mais\u201d. <strong><a href=\"https:\/\/www.gaveanews.com\/index.php\/2024\/11\/06\/a-declaracao-de-john-textor-direcionada-a-rayan-do-vasco\/\">(leia a mat\u00e9ria completa)<\/a><\/strong><\/p>\n\n\n\n<figure class=\"wp-block-image size-full\"><img loading=\"lazy\" decoding=\"async\" width=\"754\" height=\"471\" src=\"https:\/\/www.gaveanews.com\/wp-content\/uploads\/Textor-durante-coletiva-de-imprensa-do-Botafogo.webp\" alt=\"\" class=\"wp-image-101461\" srcset=\"https:\/\/www.gaveanews.com\/wp-content\/uploads\/Textor-durante-coletiva-de-imprensa-do-Botafogo.webp 754w, https:\/\/www.gaveanews.com\/wp-content\/uploads\/Textor-durante-coletiva-de-imprensa-do-Botafogo-300x187.webp 300w, https:\/\/www.gaveanews.com\/wp-content\/uploads\/Textor-durante-coletiva-de-imprensa-do-Botafogo-672x420.webp 672w, https:\/\/www.gaveanews.com\/wp-content\/uploads\/Textor-durante-coletiva-de-imprensa-do-Botafogo-640x400.webp 640w, https:\/\/www.gaveanews.com\/wp-content\/uploads\/Textor-durante-coletiva-de-imprensa-do-Botafogo-681x425.webp 681w, https:\/\/www.gaveanews.com\/wp-content\/uploads\/Textor-durante-coletiva-de-imprensa-do-Botafogo-100x62.webp 100w\" sizes=\"auto, (max-width: 754px) 100vw, 754px\" \/><figcaption class=\"wp-element-caption\">Textor durante coletiva de imprensa do Botafogo (Foto: V\u00edtor Silva\/Botafogo FR)<\/figcaption><\/figure>\n\n\n\n<p>Rayan j\u00e1 desperta interesse de Textor h\u00e1 algumas semanas, e uma oferta de 14 milh\u00f5es de euros (cerca de 86 milh\u00f5es de reais) foi proposta. Al\u00e9m do valor financeiro, a oferta inclui a quita\u00e7\u00e3o de uma d\u00edvida do Vasco e o uso do Est\u00e1dio Nilton Santos durante a reforma de S\u00e3o Janu\u00e1rio. A abordagem de Textor destaca o interesse em investir em talentos promissores, alinhando-se \u00e0 sua estrat\u00e9gia de expans\u00e3o em clubes de futebol.<\/p>\n\n\n\n<p>A negocia\u00e7\u00e3o com o Vasco ainda est\u00e1 em andamento, e Textor elogiou abertamente o potencial de Rayan, refor\u00e7ando seu prest\u00edgio no cen\u00e1rio esportivo. A expectativa \u00e9 que, caso concretizada, a transfer\u00eancia representar\u00e1 um marco significativo tanto para o Vasco quanto para a Eagle Football Holdings, que segue em busca de jovens talentos para fortalecer sua rede de clubes.<\/p>\n","protected":false},"excerpt":{"rendered":"<p>Nas \u00faltimas horas, o foco das not\u00edcias sobre o Vasco se concentram nos bastidores do clube, com destaques como o t\u00edtulo do Flamengo pode ajudar e o declara\u00e7\u00e3o de Lucas Piton. Por conta deste contexto, leia abaixo um resumo preparado pela equipe do portal G\u00e1vea News para lhe manter muito bem informado! Declara\u00e7\u00e3o de Lucas [&hellip;]<\/p>\n","protected":false},"author":27,"featured_media":169867,"comment_status":"open","ping_status":"closed","sticky":false,"template":"","format":"standard","meta":{"footnotes":""},"categories":[152],"tags":[],"class_list":["post-182401","post","type-post","status-publish","format-standard","has-post-thumbnail","hentry","category-vasco"],"yoast_head":"<!-- This site is optimized with the Yoast SEO Premium plugin v24.2 (Yoast SEO v26.9) - https:\/\/yoast.com\/product\/yoast-seo-premium-wordpress\/ -->\n<title>Recado de John Textor, t\u00edtulo do Flamengo pode ajudar e o declara\u00e7\u00e3o de Lucas Piton: as \u00faltimas not\u00edcias do Vasco<\/title>\n<meta name=\"robots\" content=\"index, follow, max-snippet:-1, max-image-preview:large, max-video-preview:-1\" \/>\n<link rel=\"canonical\" href=\"https:\/\/www.gaveanews.com\/index.php\/2024\/11\/07\/recado-de-john-textor-titulo-do-flamengo-pode-ajudar-e-o-declaracao-de-lucas-piton-as-ultimas-noticias-do-vasco\/\" \/>\n<meta property=\"og:locale\" content=\"pt_BR\" \/>\n<meta property=\"og:type\" content=\"article\" \/>\n<meta property=\"og:title\" content=\"Recado de John Textor, t\u00edtulo do Flamengo pode ajudar e o declara\u00e7\u00e3o de Lucas Piton: as \u00faltimas not\u00edcias do Vasco\" \/>\n<meta property=\"og:description\" content=\"Nas \u00faltimas horas, o foco das not\u00edcias sobre o Vasco se concentram nos bastidores do clube, com destaques como o t\u00edtulo do Flamengo pode ajudar e o declara\u00e7\u00e3o de Lucas Piton. Por conta deste contexto, leia abaixo um resumo preparado pela equipe do portal G\u00e1vea News para lhe manter muito bem informado! Declara\u00e7\u00e3o de Lucas [&hellip;]\" \/>\n<meta property=\"og:url\" content=\"https:\/\/www.gaveanews.com\/index.php\/2024\/11\/07\/recado-de-john-textor-titulo-do-flamengo-pode-ajudar-e-o-declaracao-de-lucas-piton-as-ultimas-noticias-do-vasco\/\" \/>\n<meta property=\"og:site_name\" content=\"G\u00e1vea News\" \/>\n<meta property=\"article:publisher\" content=\"https:\/\/facebook.com\/gaveaNews\/\" \/>\n<meta property=\"article:published_time\" content=\"2024-11-07T09:20:00+00:00\" \/>\n<meta property=\"og:image\" content=\"https:\/\/www.gaveanews.com\/wp-content\/uploads\/Rayan-em-treino-do-Vasco.webp\" \/>\n\t<meta property=\"og:image:width\" content=\"1140\" \/>\n\t<meta property=\"og:image:height\" content=\"641\" \/>\n\t<meta property=\"og:image:type\" content=\"image\/jpeg\" \/>\n<meta name=\"author\" content=\"Matheus Felipe\" \/>\n<meta name=\"twitter:card\" content=\"summary_large_image\" \/>\n<meta name=\"twitter:label1\" content=\"Escrito por\" \/>\n\t<meta name=\"twitter:data1\" content=\"Matheus Felipe\" \/>\n\t<meta name=\"twitter:label2\" content=\"Est. tempo de leitura\" \/>\n\t<meta name=\"twitter:data2\" content=\"5 minutos\" \/>\n<script type=\"application\/ld+json\" class=\"yoast-schema-graph\">{\"@context\":\"https:\/\/schema.org\",\"@graph\":[{\"@type\":\"NewsArticle\",\"@id\":\"https:\/\/www.gaveanews.com\/index.php\/2024\/11\/07\/recado-de-john-textor-titulo-do-flamengo-pode-ajudar-e-o-declaracao-de-lucas-piton-as-ultimas-noticias-do-vasco\/#article\",\"isPartOf\":{\"@id\":\"https:\/\/www.gaveanews.com\/index.php\/2024\/11\/07\/recado-de-john-textor-titulo-do-flamengo-pode-ajudar-e-o-declaracao-de-lucas-piton-as-ultimas-noticias-do-vasco\/\"},\"author\":{\"name\":\"Matheus Felipe\",\"@id\":\"https:\/\/www.gaveanews.com\/#\/schema\/person\/8207cd4627f56151707418bfc835b2fb\"},\"headline\":\"Recado de John Textor, t\u00edtulo do Flamengo pode ajudar e o declara\u00e7\u00e3o de Lucas Piton: as \u00faltimas not\u00edcias do Vasco\",\"datePublished\":\"2024-11-07T09:20:00+00:00\",\"mainEntityOfPage\":{\"@id\":\"https:\/\/www.gaveanews.com\/index.php\/2024\/11\/07\/recado-de-john-textor-titulo-do-flamengo-pode-ajudar-e-o-declaracao-de-lucas-piton-as-ultimas-noticias-do-vasco\/\"},\"wordCount\":790,\"commentCount\":0,\"image\":{\"@id\":\"https:\/\/www.gaveanews.com\/index.php\/2024\/11\/07\/recado-de-john-textor-titulo-do-flamengo-pode-ajudar-e-o-declaracao-de-lucas-piton-as-ultimas-noticias-do-vasco\/#primaryimage\"},\"thumbnailUrl\":\"https:\/\/www.gaveanews.com\/wp-content\/uploads\/Rayan-em-treino-do-Vasco.webp\",\"articleSection\":[\"Vasco\"],\"inLanguage\":\"pt-BR\",\"potentialAction\":[{\"@type\":\"CommentAction\",\"name\":\"Comment\",\"target\":[\"https:\/\/www.gaveanews.com\/index.php\/2024\/11\/07\/recado-de-john-textor-titulo-do-flamengo-pode-ajudar-e-o-declaracao-de-lucas-piton-as-ultimas-noticias-do-vasco\/#respond\"]}],\"copyrightYear\":\"2024\",\"copyrightHolder\":{\"@id\":\"https:\/\/www.gaveanews.com\/#organization\"}},{\"@type\":\"WebPage\",\"@id\":\"https:\/\/www.gaveanews.com\/index.php\/2024\/11\/07\/recado-de-john-textor-titulo-do-flamengo-pode-ajudar-e-o-declaracao-de-lucas-piton-as-ultimas-noticias-do-vasco\/\",\"url\":\"https:\/\/www.gaveanews.com\/index.php\/2024\/11\/07\/recado-de-john-textor-titulo-do-flamengo-pode-ajudar-e-o-declaracao-de-lucas-piton-as-ultimas-noticias-do-vasco\/\",\"name\":\"Recado de John Textor, t\u00edtulo do Flamengo pode ajudar e o declara\u00e7\u00e3o de Lucas Piton: as \u00faltimas not\u00edcias do Vasco\",\"isPartOf\":{\"@id\":\"https:\/\/www.gaveanews.com\/#website\"},\"primaryImageOfPage\":{\"@id\":\"https:\/\/www.gaveanews.com\/index.php\/2024\/11\/07\/recado-de-john-textor-titulo-do-flamengo-pode-ajudar-e-o-declaracao-de-lucas-piton-as-ultimas-noticias-do-vasco\/#primaryimage\"},\"image\":{\"@id\":\"https:\/\/www.gaveanews.com\/index.php\/2024\/11\/07\/recado-de-john-textor-titulo-do-flamengo-pode-ajudar-e-o-declaracao-de-lucas-piton-as-ultimas-noticias-do-vasco\/#primaryimage\"},\"thumbnailUrl\":\"https:\/\/www.gaveanews.com\/wp-content\/uploads\/Rayan-em-treino-do-Vasco.webp\",\"datePublished\":\"2024-11-07T09:20:00+00:00\",\"author\":{\"@id\":\"https:\/\/www.gaveanews.com\/#\/schema\/person\/8207cd4627f56151707418bfc835b2fb\"},\"breadcrumb\":{\"@id\":\"https:\/\/www.gaveanews.com\/index.php\/2024\/11\/07\/recado-de-john-textor-titulo-do-flamengo-pode-ajudar-e-o-declaracao-de-lucas-piton-as-ultimas-noticias-do-vasco\/#breadcrumb\"},\"inLanguage\":\"pt-BR\",\"potentialAction\":[{\"@type\":\"ReadAction\",\"target\":[\"https:\/\/www.gaveanews.com\/index.php\/2024\/11\/07\/recado-de-john-textor-titulo-do-flamengo-pode-ajudar-e-o-declaracao-de-lucas-piton-as-ultimas-noticias-do-vasco\/\"]}]},{\"@type\":\"ImageObject\",\"inLanguage\":\"pt-BR\",\"@id\":\"https:\/\/www.gaveanews.com\/index.php\/2024\/11\/07\/recado-de-john-textor-titulo-do-flamengo-pode-ajudar-e-o-declaracao-de-lucas-piton-as-ultimas-noticias-do-vasco\/#primaryimage\",\"url\":\"https:\/\/www.gaveanews.com\/wp-content\/uploads\/Rayan-em-treino-do-Vasco.webp\",\"contentUrl\":\"https:\/\/www.gaveanews.com\/wp-content\/uploads\/Rayan-em-treino-do-Vasco.webp\",\"width\":1140,\"height\":641,\"caption\":\"Rayan em treino do Vasco (Foto: Daniel Ramalho\/CRVG)\"},{\"@type\":\"BreadcrumbList\",\"@id\":\"https:\/\/www.gaveanews.com\/index.php\/2024\/11\/07\/recado-de-john-textor-titulo-do-flamengo-pode-ajudar-e-o-declaracao-de-lucas-piton-as-ultimas-noticias-do-vasco\/#breadcrumb\",\"itemListElement\":[{\"@type\":\"ListItem\",\"position\":1,\"name\":\"Home\",\"item\":\"https:\/\/www.gaveanews.com\/\"},{\"@type\":\"ListItem\",\"position\":2,\"name\":\"Recado de John Textor, t\u00edtulo do Flamengo pode ajudar e o declara\u00e7\u00e3o de Lucas Piton: as \u00faltimas not\u00edcias do Vasco\"}]},{\"@type\":\"WebSite\",\"@id\":\"https:\/\/www.gaveanews.com\/#website\",\"url\":\"https:\/\/www.gaveanews.com\/\",\"name\":\"G\u00e1vea News\",\"description\":\"Veja todas as not\u00edcias sobre o Flamengo: Contrata\u00e7\u00f5es, categorias de base, resultados das partidas, tabela de classifica\u00e7\u00e3o, pr\u00f3ximos jogos!\",\"potentialAction\":[{\"@type\":\"SearchAction\",\"target\":{\"@type\":\"EntryPoint\",\"urlTemplate\":\"https:\/\/www.gaveanews.com\/?s={search_term_string}\"},\"query-input\":{\"@type\":\"PropertyValueSpecification\",\"valueRequired\":true,\"valueName\":\"search_term_string\"}}],\"inLanguage\":\"pt-BR\"},{\"@type\":\"Person\",\"@id\":\"https:\/\/www.gaveanews.com\/#\/schema\/person\/8207cd4627f56151707418bfc835b2fb\",\"name\":\"Matheus Felipe\",\"image\":{\"@type\":\"ImageObject\",\"inLanguage\":\"pt-BR\",\"@id\":\"https:\/\/www.gaveanews.com\/#\/schema\/person\/image\/\",\"url\":\"https:\/\/secure.gravatar.com\/avatar\/a452ffbed9130f726358b298bb3a99ce4bd3c5338411f8440e87e14d74c7c087?s=96&d=mm&r=g\",\"contentUrl\":\"https:\/\/secure.gravatar.com\/avatar\/a452ffbed9130f726358b298bb3a99ce4bd3c5338411f8440e87e14d74c7c087?s=96&d=mm&r=g\",\"caption\":\"Matheus Felipe\"}}]}<\/script>\n<!-- \/ Yoast SEO Premium plugin. -->","yoast_head_json":{"title":"Recado de John Textor, t\u00edtulo do Flamengo pode ajudar e o declara\u00e7\u00e3o de Lucas Piton: as \u00faltimas not\u00edcias do Vasco","robots":{"index":"index","follow":"follow","max-snippet":"max-snippet:-1","max-image-preview":"max-image-preview:large","max-video-preview":"max-video-preview:-1"},"canonical":"https:\/\/www.gaveanews.com\/index.php\/2024\/11\/07\/recado-de-john-textor-titulo-do-flamengo-pode-ajudar-e-o-declaracao-de-lucas-piton-as-ultimas-noticias-do-vasco\/","og_locale":"pt_BR","og_type":"article","og_title":"Recado de John Textor, t\u00edtulo do Flamengo pode ajudar e o declara\u00e7\u00e3o de Lucas Piton: as \u00faltimas not\u00edcias do Vasco","og_description":"Nas \u00faltimas horas, o foco das not\u00edcias sobre o Vasco se concentram nos bastidores do clube, com destaques como o t\u00edtulo do Flamengo pode ajudar e o declara\u00e7\u00e3o de Lucas Piton. Por conta deste contexto, leia abaixo um resumo preparado pela equipe do portal G\u00e1vea News para lhe manter muito bem informado! Declara\u00e7\u00e3o de Lucas [&hellip;]","og_url":"https:\/\/www.gaveanews.com\/index.php\/2024\/11\/07\/recado-de-john-textor-titulo-do-flamengo-pode-ajudar-e-o-declaracao-de-lucas-piton-as-ultimas-noticias-do-vasco\/","og_site_name":"G\u00e1vea News","article_publisher":"https:\/\/facebook.com\/gaveaNews\/","article_published_time":"2024-11-07T09:20:00+00:00","og_image":[{"width":1140,"height":641,"url":"https:\/\/www.gaveanews.com\/wp-content\/uploads\/Rayan-em-treino-do-Vasco.webp","type":"image\/jpeg"}],"author":"Matheus Felipe","twitter_card":"summary_large_image","twitter_misc":{"Escrito por":"Matheus Felipe","Est. tempo de leitura":"5 minutos"},"schema":{"@context":"https:\/\/schema.org","@graph":[{"@type":"NewsArticle","@id":"https:\/\/www.gaveanews.com\/index.php\/2024\/11\/07\/recado-de-john-textor-titulo-do-flamengo-pode-ajudar-e-o-declaracao-de-lucas-piton-as-ultimas-noticias-do-vasco\/#article","isPartOf":{"@id":"https:\/\/www.gaveanews.com\/index.php\/2024\/11\/07\/recado-de-john-textor-titulo-do-flamengo-pode-ajudar-e-o-declaracao-de-lucas-piton-as-ultimas-noticias-do-vasco\/"},"author":{"name":"Matheus Felipe","@id":"https:\/\/www.gaveanews.com\/#\/schema\/person\/8207cd4627f56151707418bfc835b2fb"},"headline":"Recado de John Textor, t\u00edtulo do Flamengo pode ajudar e o declara\u00e7\u00e3o de Lucas Piton: as \u00faltimas not\u00edcias do Vasco","datePublished":"2024-11-07T09:20:00+00:00","mainEntityOfPage":{"@id":"https:\/\/www.gaveanews.com\/index.php\/2024\/11\/07\/recado-de-john-textor-titulo-do-flamengo-pode-ajudar-e-o-declaracao-de-lucas-piton-as-ultimas-noticias-do-vasco\/"},"wordCount":790,"commentCount":0,"image":{"@id":"https:\/\/www.gaveanews.com\/index.php\/2024\/11\/07\/recado-de-john-textor-titulo-do-flamengo-pode-ajudar-e-o-declaracao-de-lucas-piton-as-ultimas-noticias-do-vasco\/#primaryimage"},"thumbnailUrl":"https:\/\/www.gaveanews.com\/wp-content\/uploads\/Rayan-em-treino-do-Vasco.webp","articleSection":["Vasco"],"inLanguage":"pt-BR","potentialAction":[{"@type":"CommentAction","name":"Comment","target":["https:\/\/www.gaveanews.com\/index.php\/2024\/11\/07\/recado-de-john-textor-titulo-do-flamengo-pode-ajudar-e-o-declaracao-de-lucas-piton-as-ultimas-noticias-do-vasco\/#respond"]}],"copyrightYear":"2024","copyrightHolder":{"@id":"https:\/\/www.gaveanews.com\/#organization"}},{"@type":"WebPage","@id":"https:\/\/www.gaveanews.com\/index.php\/2024\/11\/07\/recado-de-john-textor-titulo-do-flamengo-pode-ajudar-e-o-declaracao-de-lucas-piton-as-ultimas-noticias-do-vasco\/","url":"https:\/\/www.gaveanews.com\/index.php\/2024\/11\/07\/recado-de-john-textor-titulo-do-flamengo-pode-ajudar-e-o-declaracao-de-lucas-piton-as-ultimas-noticias-do-vasco\/","name":"Recado de John Textor, t\u00edtulo do Flamengo pode ajudar e o declara\u00e7\u00e3o de Lucas Piton: as \u00faltimas not\u00edcias do Vasco","isPartOf":{"@id":"https:\/\/www.gaveanews.com\/#website"},"primaryImageOfPage":{"@id":"https:\/\/www.gaveanews.com\/index.php\/2024\/11\/07\/recado-de-john-textor-titulo-do-flamengo-pode-ajudar-e-o-declaracao-de-lucas-piton-as-ultimas-noticias-do-vasco\/#primaryimage"},"image":{"@id":"https:\/\/www.gaveanews.com\/index.php\/2024\/11\/07\/recado-de-john-textor-titulo-do-flamengo-pode-ajudar-e-o-declaracao-de-lucas-piton-as-ultimas-noticias-do-vasco\/#primaryimage"},"thumbnailUrl":"https:\/\/www.gaveanews.com\/wp-content\/uploads\/Rayan-em-treino-do-Vasco.webp","datePublished":"2024-11-07T09:20:00+00:00","author":{"@id":"https:\/\/www.gaveanews.com\/#\/schema\/person\/8207cd4627f56151707418bfc835b2fb"},"breadcrumb":{"@id":"https:\/\/www.gaveanews.com\/index.php\/2024\/11\/07\/recado-de-john-textor-titulo-do-flamengo-pode-ajudar-e-o-declaracao-de-lucas-piton-as-ultimas-noticias-do-vasco\/#breadcrumb"},"inLanguage":"pt-BR","potentialAction":[{"@type":"ReadAction","target":["https:\/\/www.gaveanews.com\/index.php\/2024\/11\/07\/recado-de-john-textor-titulo-do-flamengo-pode-ajudar-e-o-declaracao-de-lucas-piton-as-ultimas-noticias-do-vasco\/"]}]},{"@type":"ImageObject","inLanguage":"pt-BR","@id":"https:\/\/www.gaveanews.com\/index.php\/2024\/11\/07\/recado-de-john-textor-titulo-do-flamengo-pode-ajudar-e-o-declaracao-de-lucas-piton-as-ultimas-noticias-do-vasco\/#primaryimage","url":"https:\/\/www.gaveanews.com\/wp-content\/uploads\/Rayan-em-treino-do-Vasco.webp","contentUrl":"https:\/\/www.gaveanews.com\/wp-content\/uploads\/Rayan-em-treino-do-Vasco.webp","width":1140,"height":641,"caption":"Rayan em treino do Vasco (Foto: Daniel Ramalho\/CRVG)"},{"@type":"BreadcrumbList","@id":"https:\/\/www.gaveanews.com\/index.php\/2024\/11\/07\/recado-de-john-textor-titulo-do-flamengo-pode-ajudar-e-o-declaracao-de-lucas-piton-as-ultimas-noticias-do-vasco\/#breadcrumb","itemListElement":[{"@type":"ListItem","position":1,"name":"Home","item":"https:\/\/www.gaveanews.com\/"},{"@type":"ListItem","position":2,"name":"Recado de John Textor, t\u00edtulo do Flamengo pode ajudar e o declara\u00e7\u00e3o de Lucas Piton: as \u00faltimas not\u00edcias do Vasco"}]},{"@type":"WebSite","@id":"https:\/\/www.gaveanews.com\/#website","url":"https:\/\/www.gaveanews.com\/","name":"G\u00e1vea News","description":"Veja todas as not\u00edcias sobre o Flamengo: Contrata\u00e7\u00f5es, categorias de base, resultados das partidas, tabela de classifica\u00e7\u00e3o, pr\u00f3ximos jogos!","potentialAction":[{"@type":"SearchAction","target":{"@type":"EntryPoint","urlTemplate":"https:\/\/www.gaveanews.com\/?s={search_term_string}"},"query-input":{"@type":"PropertyValueSpecification","valueRequired":true,"valueName":"search_term_string"}}],"inLanguage":"pt-BR"},{"@type":"Person","@id":"https:\/\/www.gaveanews.com\/#\/schema\/person\/8207cd4627f56151707418bfc835b2fb","name":"Matheus Felipe","image":{"@type":"ImageObject","inLanguage":"pt-BR","@id":"https:\/\/www.gaveanews.com\/#\/schema\/person\/image\/","url":"https:\/\/secure.gravatar.com\/avatar\/a452ffbed9130f726358b298bb3a99ce4bd3c5338411f8440e87e14d74c7c087?s=96&d=mm&r=g","contentUrl":"https:\/\/secure.gravatar.com\/avatar\/a452ffbed9130f726358b298bb3a99ce4bd3c5338411f8440e87e14d74c7c087?s=96&d=mm&r=g","caption":"Matheus Felipe"}}]}},"_links":{"self":[{"href":"https:\/\/www.gaveanews.com\/index.php\/wp-json\/wp\/v2\/posts\/182401","targetHints":{"allow":["GET"]}}],"collection":[{"href":"https:\/\/www.gaveanews.com\/index.php\/wp-json\/wp\/v2\/posts"}],"about":[{"href":"https:\/\/www.gaveanews.com\/index.php\/wp-json\/wp\/v2\/types\/post"}],"author":[{"embeddable":true,"href":"https:\/\/www.gaveanews.com\/index.php\/wp-json\/wp\/v2\/users\/27"}],"replies":[{"embeddable":true,"href":"https:\/\/www.gaveanews.com\/index.php\/wp-json\/wp\/v2\/comments?post=182401"}],"version-history":[{"count":1,"href":"https:\/\/www.gaveanews.com\/index.php\/wp-json\/wp\/v2\/posts\/182401\/revisions"}],"predecessor-version":[{"id":182405,"href":"https:\/\/www.gaveanews.com\/index.php\/wp-json\/wp\/v2\/posts\/182401\/revisions\/182405"}],"wp:featuredmedia":[{"embeddable":true,"href":"https:\/\/www.gaveanews.com\/index.php\/wp-json\/wp\/v2\/media\/169867"}],"wp:attachment":[{"href":"https:\/\/www.gaveanews.com\/index.php\/wp-json\/wp\/v2\/media?parent=182401"}],"wp:term":[{"taxonomy":"category","embeddable":true,"href":"https:\/\/www.gaveanews.com\/index.php\/wp-json\/wp\/v2\/categories?post=182401"},{"taxonomy":"post_tag","embeddable":true,"href":"https:\/\/www.gaveanews.com\/index.php\/wp-json\/wp\/v2\/tags?post=182401"}],"curies":[{"name":"wp","href":"https:\/\/api.w.org\/{rel}","templated":true}]}}