{"id":182403,"date":"2024-11-07T06:50:00","date_gmt":"2024-11-07T09:50:00","guid":{"rendered":"https:\/\/www.gaveanews.com\/?p=182403"},"modified":"2024-11-07T03:45:18","modified_gmt":"2024-11-07T06:45:18","slug":"luiz-henrique-cortado-da-selecao-declaracao-de-john-textor-e-dois-retornos-no-treino-as-ultimas-noticias-do-botafogo","status":"publish","type":"post","link":"https:\/\/www.gaveanews.com\/index.php\/2024\/11\/07\/luiz-henrique-cortado-da-selecao-declaracao-de-john-textor-e-dois-retornos-no-treino-as-ultimas-noticias-do-botafogo\/","title":{"rendered":"Luiz Henrique cortado da sele\u00e7\u00e3o, declara\u00e7\u00e3o de John Textor e dois retornos no treino: as \u00faltimas not\u00edcias do Botafogo"},"content":{"rendered":"\n<p>Nas \u00faltimas horas, o foco das not\u00edcias sobre o Botafogo se concentram nos bastidores do clube, com destaques como a declara\u00e7\u00e3o de John Textor e os dois retornos no treino.<\/p>\n\n\n\n<p>Por conta deste contexto, leia abaixo um resumo preparado pela equipe do portal G\u00e1vea News para lhe manter muito bem informado!<\/p>\n\n\n\n<h2 class=\"wp-block-heading\" id=\"h-dois-retornos-no-treino\">Dois retornos no treino<\/h2>\n\n\n\n<p>O Botafogo est\u00e1 focado na reta final do Campeonato Brasileiro, onde lidera com 64 pontos, ap\u00f3s garantir vaga na final da Libertadores. Em prepara\u00e7\u00e3o para o cl\u00e1ssico contra o Vasco, o time recebeu boas not\u00edcias com os retornos de Jeffinho e J\u00fanior Santos, ambos recuperados de les\u00e3o. Jeffinho, fora desde maio, e J\u00fanior Santos, ap\u00f3s uma fratura em julho, voltam a integrar o elenco e est\u00e3o prontos para contribuir nesta fase decisiva <strong><a href=\"https:\/\/www.gaveanews.com\/index.php\/2024\/11\/06\/treino-do-botafogo-e-marcado-por-dois-retornos\/\">(leia a mat\u00e9ria completa)<\/a><\/strong><\/p>\n\n\n\n<figure class=\"wp-block-image size-large\"><img loading=\"lazy\" decoding=\"async\" width=\"1024\" height=\"768\" src=\"https:\/\/www.gaveanews.com\/wp-content\/uploads\/Junior-Santos-com-a-camisa-do-Botafogo-em-2024-1024x768.webp\" alt=\"\" class=\"wp-image-154845\" srcset=\"https:\/\/www.gaveanews.com\/wp-content\/uploads\/Junior-Santos-com-a-camisa-do-Botafogo-em-2024-1024x768.webp 1024w, https:\/\/www.gaveanews.com\/wp-content\/uploads\/Junior-Santos-com-a-camisa-do-Botafogo-em-2024-300x225.webp 300w, https:\/\/www.gaveanews.com\/wp-content\/uploads\/Junior-Santos-com-a-camisa-do-Botafogo-em-2024-768x576.webp 768w, https:\/\/www.gaveanews.com\/wp-content\/uploads\/Junior-Santos-com-a-camisa-do-Botafogo-em-2024-560x420.webp 560w, https:\/\/www.gaveanews.com\/wp-content\/uploads\/Junior-Santos-com-a-camisa-do-Botafogo-em-2024-1119x840.webp 1119w, https:\/\/www.gaveanews.com\/wp-content\/uploads\/Junior-Santos-com-a-camisa-do-Botafogo-em-2024-80x60.webp 80w, https:\/\/www.gaveanews.com\/wp-content\/uploads\/Junior-Santos-com-a-camisa-do-Botafogo-em-2024-160x120.webp 160w, https:\/\/www.gaveanews.com\/wp-content\/uploads\/Junior-Santos-com-a-camisa-do-Botafogo-em-2024-100x75.webp 100w, https:\/\/www.gaveanews.com\/wp-content\/uploads\/Junior-Santos-com-a-camisa-do-Botafogo-em-2024-200x150.webp 200w, https:\/\/www.gaveanews.com\/wp-content\/uploads\/Junior-Santos-com-a-camisa-do-Botafogo-em-2024-180x135.webp 180w, https:\/\/www.gaveanews.com\/wp-content\/uploads\/Junior-Santos-com-a-camisa-do-Botafogo-em-2024-360x270.webp 360w, https:\/\/www.gaveanews.com\/wp-content\/uploads\/Junior-Santos-com-a-camisa-do-Botafogo-em-2024-238x178.webp 238w, https:\/\/www.gaveanews.com\/wp-content\/uploads\/Junior-Santos-com-a-camisa-do-Botafogo-em-2024-476x356.webp 476w, https:\/\/www.gaveanews.com\/wp-content\/uploads\/Junior-Santos-com-a-camisa-do-Botafogo-em-2024-640x480.webp 640w, https:\/\/www.gaveanews.com\/wp-content\/uploads\/Junior-Santos-com-a-camisa-do-Botafogo-em-2024-681x511.webp 681w, https:\/\/www.gaveanews.com\/wp-content\/uploads\/Junior-Santos-com-a-camisa-do-Botafogo-em-2024.webp 1242w\" sizes=\"auto, (max-width: 1024px) 100vw, 1024px\" \/><figcaption class=\"wp-element-caption\">Junior Santos com a camisa do Botafogo em 2024 (Foto: Reprodu\u00e7\u00e3o\/Instagram)<\/figcaption><\/figure>\n\n\n\n<p>O t\u00e9cnico Artur Jorge ter\u00e1 a baixa do zagueiro Bastos, suspenso, sendo Adryelson seu prov\u00e1vel substituto. No entanto, os demais jogadores do elenco, como Luiz Henrique, Savarino e Thiago Almada, que foram poupados no jogo contra o Pe\u00f1arol, estar\u00e3o \u00e0 disposi\u00e7\u00e3o. <\/p>\n\n\n\n<p>A forma\u00e7\u00e3o prov\u00e1vel inclui John; Vitinho, Adryelson, Barboza, Alex Telles na defesa; Gregore, Marlon Freitas como volantes; Luiz Henrique, Savarino, Thiago Almada no meio; e Igor Jesus no ataque.<\/p>\n\n\n\n<p>Com o retorno de pe\u00e7as-chave e uma escala\u00e7\u00e3o refor\u00e7ada, o Botafogo busca consolidar sua lideran\u00e7a no Brasileiro enquanto se prepara para a final da Libertadores. Esse momento decisivo representa uma oportunidade importante para o clube conquistar t\u00edtulos em duas competi\u00e7\u00f5es de peso.<\/p>\n\n\n\n<h2 class=\"wp-block-heading\" id=\"h-declaracao-de-john-textor\">Declara\u00e7\u00e3o de John Textor <\/h2>\n\n\n\n<p>John Textor, dono da SAF do Botafogo, elogiou o desempenho do t\u00e9cnico Artur Jorge ap\u00f3s a vit\u00f3ria por 3 a 0 sobre o Vasco, que consolidou a lideran\u00e7a do time no Campeonato Brasileiro com 67 pontos. Textor se mostrou impressionado com o sucesso da equipe nesta temporada, que al\u00e9m de liderar o Brasileir\u00e3o, tamb\u00e9m est\u00e1 na final da Libertadores. Ele lamentou a elimina\u00e7\u00e3o na Copa do Brasil, mas destacou a import\u00e2ncia desse momento hist\u00f3rico para o clube e o papel do treinador na condu\u00e7\u00e3o da equipe. <strong><a href=\"https:\/\/www.gaveanews.com\/index.php\/2024\/11\/06\/a-declaracao-de-john-textor-direcionada-a-artur-jorge\/\">(leia a mat\u00e9ria completa)<\/a><\/strong><\/p>\n\n\n\n<figure class=\"wp-block-image size-full\"><img loading=\"lazy\" decoding=\"async\" width=\"795\" height=\"448\" src=\"https:\/\/www.gaveanews.com\/wp-content\/uploads\/artur-jorge-coletiva.webp\" alt=\"\" class=\"wp-image-149047\" srcset=\"https:\/\/www.gaveanews.com\/wp-content\/uploads\/artur-jorge-coletiva.webp 795w, https:\/\/www.gaveanews.com\/wp-content\/uploads\/artur-jorge-coletiva-300x169.webp 300w, https:\/\/www.gaveanews.com\/wp-content\/uploads\/artur-jorge-coletiva-768x433.webp 768w, https:\/\/www.gaveanews.com\/wp-content\/uploads\/artur-jorge-coletiva-745x420.webp 745w, https:\/\/www.gaveanews.com\/wp-content\/uploads\/artur-jorge-coletiva-640x361.webp 640w, https:\/\/www.gaveanews.com\/wp-content\/uploads\/artur-jorge-coletiva-681x384.webp 681w, https:\/\/www.gaveanews.com\/wp-content\/uploads\/artur-jorge-coletiva-100x56.webp 100w\" sizes=\"auto, (max-width: 795px) 100vw, 795px\" \/><figcaption class=\"wp-element-caption\">Foto: Reprodu\u00e7\u00e3o<\/figcaption><\/figure>\n\n\n\n<p>Textor comentou que recebeu o plano de jogo de Artur Jorge e destacou a precis\u00e3o com que foi seguido e executado pela comiss\u00e3o t\u00e9cnica e pelos jogadores. Para ele, essa sintonia entre treinador e elenco \u00e9 fundamental para o sucesso e traz um clima de humildade e disciplina que mant\u00e9m o time focado em seus objetivos. Ele elogiou a calma e a for\u00e7a do grupo, refor\u00e7ando a expectativa de um poss\u00edvel tricampeonato nacional.<\/p>\n\n\n\n<p>Essas declara\u00e7\u00f5es refor\u00e7am o compromisso de Textor com o Botafogo, ressaltando seu apoio e confian\u00e7a na equipe t\u00e9cnica, al\u00e9m de sua satisfa\u00e7\u00e3o com o crescimento do clube em competi\u00e7\u00f5es de alto n\u00edvel.<\/p>\n\n\n\n<h2 class=\"wp-block-heading\" id=\"h-luiz-henrique-cortado-da-selecao\">Luiz Henrique cortado da sele\u00e7\u00e3o<\/h2>\n\n\n\n<p>O atacante Luiz Henrique, do Botafogo, pode enfrentar um corte na convoca\u00e7\u00e3o para a Sele\u00e7\u00e3o Brasileira ap\u00f3s sentir dores no joelho durante o cl\u00e1ssico contra o Vasco. No jogo, ele marcou um dos gols que ajudaram o Botafogo a manter a lideran\u00e7a do Campeonato Brasileiro, mas foi substitu\u00eddo aos 22 minutos do segundo tempo ap\u00f3s sofrer pancadas na regi\u00e3o do joelho. O Botafogo ainda n\u00e3o divulgou um diagn\u00f3stico, deixando em aberto a possibilidade de les\u00e3o, o que preocupa tanto o clube quanto a comiss\u00e3o t\u00e9cnica da sele\u00e7\u00e3o.<strong><a href=\"https:\/\/www.gaveanews.com\/index.php\/2024\/11\/06\/luiz-henrique-do-botafogo-vai-ser-cortado-da-convocacao\/\"> (leia a mat\u00e9ria completa)<\/a><\/strong><\/p>\n\n\n\n<figure class=\"wp-block-image size-large\"><img loading=\"lazy\" decoding=\"async\" width=\"1024\" height=\"640\" src=\"https:\/\/www.gaveanews.com\/wp-content\/uploads\/Luiz-Henrique-Botafogo-1024x640.webp\" alt=\"\" class=\"wp-image-168200\" srcset=\"https:\/\/www.gaveanews.com\/wp-content\/uploads\/Luiz-Henrique-Botafogo-1024x640.webp 1024w, https:\/\/www.gaveanews.com\/wp-content\/uploads\/Luiz-Henrique-Botafogo-300x188.webp 300w, https:\/\/www.gaveanews.com\/wp-content\/uploads\/Luiz-Henrique-Botafogo-768x480.webp 768w, https:\/\/www.gaveanews.com\/wp-content\/uploads\/Luiz-Henrique-Botafogo-672x420.webp 672w, https:\/\/www.gaveanews.com\/wp-content\/uploads\/Luiz-Henrique-Botafogo-640x400.webp 640w, https:\/\/www.gaveanews.com\/wp-content\/uploads\/Luiz-Henrique-Botafogo-681x426.webp 681w, https:\/\/www.gaveanews.com\/wp-content\/uploads\/Luiz-Henrique-Botafogo-100x63.webp 100w, https:\/\/www.gaveanews.com\/wp-content\/uploads\/Luiz-Henrique-Botafogo.webp 1200w\" sizes=\"auto, (max-width: 1024px) 100vw, 1024px\" \/><figcaption class=\"wp-element-caption\">Luiz Henrique Botafogo (Foto: Vitor Silva\/Botafogo)<\/figcaption><\/figure>\n\n\n\n<p>A les\u00e3o de Luiz Henrique chega em um momento cr\u00edtico, pois o jogador foi convocado para os dois pr\u00f3ximos jogos do Brasil nas Eliminat\u00f3rias da Copa do Mundo de 2026, contra Venezuela e Uruguai, nos dias 14 e 19 de novembro. O atacante, que teve um desempenho destacado nas \u00faltimas partidas pela sele\u00e7\u00e3o, balan\u00e7ando as redes duas vezes contra Chile e Peru, deve se apresentar ao elenco brasileiro em 11 de novembro. Entretanto, sua condi\u00e7\u00e3o f\u00edsica ainda levanta d\u00favidas sobre sua disponibilidade.<\/p>\n\n\n\n<p>Al\u00e9m dos compromissos com a Sele\u00e7\u00e3o, o Botafogo, l\u00edder do campeonato, enfrentar\u00e1 o Cuiab\u00e1 em 9 de novembro e o Atl\u00e9tico-MG em 20 de novembro, aumentando a necessidade de uma pronta recupera\u00e7\u00e3o para Luiz Henrique.<\/p>\n","protected":false},"excerpt":{"rendered":"<p>Nas \u00faltimas horas, o foco das not\u00edcias sobre o Botafogo se concentram nos bastidores do clube, com destaques como a declara\u00e7\u00e3o de John Textor e os dois retornos no treino. Por conta deste contexto, leia abaixo um resumo preparado pela equipe do portal G\u00e1vea News para lhe manter muito bem informado! Dois retornos no treino [&hellip;]<\/p>\n","protected":false},"author":27,"featured_media":182060,"comment_status":"open","ping_status":"closed","sticky":false,"template":"","format":"standard","meta":{"footnotes":""},"categories":[138],"tags":[],"class_list":["post-182403","post","type-post","status-publish","format-standard","has-post-thumbnail","hentry","category-botafogo"],"yoast_head":"<!-- This site is optimized with the Yoast SEO Premium plugin v24.2 (Yoast SEO v26.9) - https:\/\/yoast.com\/product\/yoast-seo-premium-wordpress\/ -->\n<title>Luiz Henrique cortado da sele\u00e7\u00e3o, declara\u00e7\u00e3o de John Textor e dois retornos no treino: as \u00faltimas not\u00edcias do Botafogo<\/title>\n<meta name=\"robots\" content=\"index, follow, max-snippet:-1, max-image-preview:large, max-video-preview:-1\" \/>\n<link rel=\"canonical\" href=\"https:\/\/www.gaveanews.com\/index.php\/2024\/11\/07\/luiz-henrique-cortado-da-selecao-declaracao-de-john-textor-e-dois-retornos-no-treino-as-ultimas-noticias-do-botafogo\/\" \/>\n<meta property=\"og:locale\" content=\"pt_BR\" \/>\n<meta property=\"og:type\" content=\"article\" \/>\n<meta property=\"og:title\" content=\"Luiz Henrique cortado da sele\u00e7\u00e3o, declara\u00e7\u00e3o de John Textor e dois retornos no treino: as \u00faltimas not\u00edcias do Botafogo\" \/>\n<meta property=\"og:description\" content=\"Nas \u00faltimas horas, o foco das not\u00edcias sobre o Botafogo se concentram nos bastidores do clube, com destaques como a declara\u00e7\u00e3o de John Textor e os dois retornos no treino. Por conta deste contexto, leia abaixo um resumo preparado pela equipe do portal G\u00e1vea News para lhe manter muito bem informado! Dois retornos no treino [&hellip;]\" \/>\n<meta property=\"og:url\" content=\"https:\/\/www.gaveanews.com\/index.php\/2024\/11\/07\/luiz-henrique-cortado-da-selecao-declaracao-de-john-textor-e-dois-retornos-no-treino-as-ultimas-noticias-do-botafogo\/\" \/>\n<meta property=\"og:site_name\" content=\"G\u00e1vea News\" \/>\n<meta property=\"article:publisher\" content=\"https:\/\/facebook.com\/gaveaNews\/\" \/>\n<meta property=\"article:published_time\" content=\"2024-11-07T09:50:00+00:00\" \/>\n<meta property=\"og:image\" content=\"https:\/\/www.gaveanews.com\/wp-content\/uploads\/Escudo-do-Botafogo-1.webp\" \/>\n\t<meta property=\"og:image:width\" content=\"787\" \/>\n\t<meta property=\"og:image:height\" content=\"525\" \/>\n\t<meta property=\"og:image:type\" content=\"image\/webp\" \/>\n<meta name=\"author\" content=\"Matheus Felipe\" \/>\n<meta name=\"twitter:card\" content=\"summary_large_image\" \/>\n<meta name=\"twitter:label1\" content=\"Escrito por\" \/>\n\t<meta name=\"twitter:data1\" content=\"Matheus Felipe\" \/>\n\t<meta name=\"twitter:label2\" content=\"Est. tempo de leitura\" \/>\n\t<meta name=\"twitter:data2\" content=\"5 minutos\" \/>\n<script type=\"application\/ld+json\" class=\"yoast-schema-graph\">{\"@context\":\"https:\/\/schema.org\",\"@graph\":[{\"@type\":\"NewsArticle\",\"@id\":\"https:\/\/www.gaveanews.com\/index.php\/2024\/11\/07\/luiz-henrique-cortado-da-selecao-declaracao-de-john-textor-e-dois-retornos-no-treino-as-ultimas-noticias-do-botafogo\/#article\",\"isPartOf\":{\"@id\":\"https:\/\/www.gaveanews.com\/index.php\/2024\/11\/07\/luiz-henrique-cortado-da-selecao-declaracao-de-john-textor-e-dois-retornos-no-treino-as-ultimas-noticias-do-botafogo\/\"},\"author\":{\"name\":\"Matheus Felipe\",\"@id\":\"https:\/\/www.gaveanews.com\/#\/schema\/person\/8207cd4627f56151707418bfc835b2fb\"},\"headline\":\"Luiz Henrique cortado da sele\u00e7\u00e3o, declara\u00e7\u00e3o de John Textor e dois retornos no treino: as \u00faltimas not\u00edcias do Botafogo\",\"datePublished\":\"2024-11-07T09:50:00+00:00\",\"mainEntityOfPage\":{\"@id\":\"https:\/\/www.gaveanews.com\/index.php\/2024\/11\/07\/luiz-henrique-cortado-da-selecao-declaracao-de-john-textor-e-dois-retornos-no-treino-as-ultimas-noticias-do-botafogo\/\"},\"wordCount\":770,\"commentCount\":0,\"image\":{\"@id\":\"https:\/\/www.gaveanews.com\/index.php\/2024\/11\/07\/luiz-henrique-cortado-da-selecao-declaracao-de-john-textor-e-dois-retornos-no-treino-as-ultimas-noticias-do-botafogo\/#primaryimage\"},\"thumbnailUrl\":\"https:\/\/www.gaveanews.com\/wp-content\/uploads\/Escudo-do-Botafogo-1.webp\",\"articleSection\":[\"Botafogo\"],\"inLanguage\":\"pt-BR\",\"potentialAction\":[{\"@type\":\"CommentAction\",\"name\":\"Comment\",\"target\":[\"https:\/\/www.gaveanews.com\/index.php\/2024\/11\/07\/luiz-henrique-cortado-da-selecao-declaracao-de-john-textor-e-dois-retornos-no-treino-as-ultimas-noticias-do-botafogo\/#respond\"]}],\"copyrightYear\":\"2024\",\"copyrightHolder\":{\"@id\":\"https:\/\/www.gaveanews.com\/#organization\"}},{\"@type\":\"WebPage\",\"@id\":\"https:\/\/www.gaveanews.com\/index.php\/2024\/11\/07\/luiz-henrique-cortado-da-selecao-declaracao-de-john-textor-e-dois-retornos-no-treino-as-ultimas-noticias-do-botafogo\/\",\"url\":\"https:\/\/www.gaveanews.com\/index.php\/2024\/11\/07\/luiz-henrique-cortado-da-selecao-declaracao-de-john-textor-e-dois-retornos-no-treino-as-ultimas-noticias-do-botafogo\/\",\"name\":\"Luiz Henrique cortado da sele\u00e7\u00e3o, declara\u00e7\u00e3o de John Textor e dois retornos no treino: as \u00faltimas not\u00edcias do Botafogo\",\"isPartOf\":{\"@id\":\"https:\/\/www.gaveanews.com\/#website\"},\"primaryImageOfPage\":{\"@id\":\"https:\/\/www.gaveanews.com\/index.php\/2024\/11\/07\/luiz-henrique-cortado-da-selecao-declaracao-de-john-textor-e-dois-retornos-no-treino-as-ultimas-noticias-do-botafogo\/#primaryimage\"},\"image\":{\"@id\":\"https:\/\/www.gaveanews.com\/index.php\/2024\/11\/07\/luiz-henrique-cortado-da-selecao-declaracao-de-john-textor-e-dois-retornos-no-treino-as-ultimas-noticias-do-botafogo\/#primaryimage\"},\"thumbnailUrl\":\"https:\/\/www.gaveanews.com\/wp-content\/uploads\/Escudo-do-Botafogo-1.webp\",\"datePublished\":\"2024-11-07T09:50:00+00:00\",\"author\":{\"@id\":\"https:\/\/www.gaveanews.com\/#\/schema\/person\/8207cd4627f56151707418bfc835b2fb\"},\"breadcrumb\":{\"@id\":\"https:\/\/www.gaveanews.com\/index.php\/2024\/11\/07\/luiz-henrique-cortado-da-selecao-declaracao-de-john-textor-e-dois-retornos-no-treino-as-ultimas-noticias-do-botafogo\/#breadcrumb\"},\"inLanguage\":\"pt-BR\",\"potentialAction\":[{\"@type\":\"ReadAction\",\"target\":[\"https:\/\/www.gaveanews.com\/index.php\/2024\/11\/07\/luiz-henrique-cortado-da-selecao-declaracao-de-john-textor-e-dois-retornos-no-treino-as-ultimas-noticias-do-botafogo\/\"]}]},{\"@type\":\"ImageObject\",\"inLanguage\":\"pt-BR\",\"@id\":\"https:\/\/www.gaveanews.com\/index.php\/2024\/11\/07\/luiz-henrique-cortado-da-selecao-declaracao-de-john-textor-e-dois-retornos-no-treino-as-ultimas-noticias-do-botafogo\/#primaryimage\",\"url\":\"https:\/\/www.gaveanews.com\/wp-content\/uploads\/Escudo-do-Botafogo-1.webp\",\"contentUrl\":\"https:\/\/www.gaveanews.com\/wp-content\/uploads\/Escudo-do-Botafogo-1.webp\",\"width\":787,\"height\":525,\"caption\":\"Escudo do Botafogo (Foto: Reprodu\u00e7\u00e3o\/Botafogo)\"},{\"@type\":\"BreadcrumbList\",\"@id\":\"https:\/\/www.gaveanews.com\/index.php\/2024\/11\/07\/luiz-henrique-cortado-da-selecao-declaracao-de-john-textor-e-dois-retornos-no-treino-as-ultimas-noticias-do-botafogo\/#breadcrumb\",\"itemListElement\":[{\"@type\":\"ListItem\",\"position\":1,\"name\":\"Home\",\"item\":\"https:\/\/www.gaveanews.com\/\"},{\"@type\":\"ListItem\",\"position\":2,\"name\":\"Luiz Henrique cortado da sele\u00e7\u00e3o, declara\u00e7\u00e3o de John Textor e dois retornos no treino: as \u00faltimas not\u00edcias do Botafogo\"}]},{\"@type\":\"WebSite\",\"@id\":\"https:\/\/www.gaveanews.com\/#website\",\"url\":\"https:\/\/www.gaveanews.com\/\",\"name\":\"G\u00e1vea News\",\"description\":\"Veja todas as not\u00edcias sobre o Flamengo: Contrata\u00e7\u00f5es, categorias de base, resultados das partidas, tabela de classifica\u00e7\u00e3o, pr\u00f3ximos jogos!\",\"potentialAction\":[{\"@type\":\"SearchAction\",\"target\":{\"@type\":\"EntryPoint\",\"urlTemplate\":\"https:\/\/www.gaveanews.com\/?s={search_term_string}\"},\"query-input\":{\"@type\":\"PropertyValueSpecification\",\"valueRequired\":true,\"valueName\":\"search_term_string\"}}],\"inLanguage\":\"pt-BR\"},{\"@type\":\"Person\",\"@id\":\"https:\/\/www.gaveanews.com\/#\/schema\/person\/8207cd4627f56151707418bfc835b2fb\",\"name\":\"Matheus Felipe\",\"image\":{\"@type\":\"ImageObject\",\"inLanguage\":\"pt-BR\",\"@id\":\"https:\/\/www.gaveanews.com\/#\/schema\/person\/image\/\",\"url\":\"https:\/\/secure.gravatar.com\/avatar\/a452ffbed9130f726358b298bb3a99ce4bd3c5338411f8440e87e14d74c7c087?s=96&d=mm&r=g\",\"contentUrl\":\"https:\/\/secure.gravatar.com\/avatar\/a452ffbed9130f726358b298bb3a99ce4bd3c5338411f8440e87e14d74c7c087?s=96&d=mm&r=g\",\"caption\":\"Matheus Felipe\"}}]}<\/script>\n<!-- \/ Yoast SEO Premium plugin. -->","yoast_head_json":{"title":"Luiz Henrique cortado da sele\u00e7\u00e3o, declara\u00e7\u00e3o de John Textor e dois retornos no treino: as \u00faltimas not\u00edcias do Botafogo","robots":{"index":"index","follow":"follow","max-snippet":"max-snippet:-1","max-image-preview":"max-image-preview:large","max-video-preview":"max-video-preview:-1"},"canonical":"https:\/\/www.gaveanews.com\/index.php\/2024\/11\/07\/luiz-henrique-cortado-da-selecao-declaracao-de-john-textor-e-dois-retornos-no-treino-as-ultimas-noticias-do-botafogo\/","og_locale":"pt_BR","og_type":"article","og_title":"Luiz Henrique cortado da sele\u00e7\u00e3o, declara\u00e7\u00e3o de John Textor e dois retornos no treino: as \u00faltimas not\u00edcias do Botafogo","og_description":"Nas \u00faltimas horas, o foco das not\u00edcias sobre o Botafogo se concentram nos bastidores do clube, com destaques como a declara\u00e7\u00e3o de John Textor e os dois retornos no treino. Por conta deste contexto, leia abaixo um resumo preparado pela equipe do portal G\u00e1vea News para lhe manter muito bem informado! Dois retornos no treino [&hellip;]","og_url":"https:\/\/www.gaveanews.com\/index.php\/2024\/11\/07\/luiz-henrique-cortado-da-selecao-declaracao-de-john-textor-e-dois-retornos-no-treino-as-ultimas-noticias-do-botafogo\/","og_site_name":"G\u00e1vea News","article_publisher":"https:\/\/facebook.com\/gaveaNews\/","article_published_time":"2024-11-07T09:50:00+00:00","og_image":[{"width":787,"height":525,"url":"https:\/\/www.gaveanews.com\/wp-content\/uploads\/Escudo-do-Botafogo-1.webp","type":"image\/webp"}],"author":"Matheus Felipe","twitter_card":"summary_large_image","twitter_misc":{"Escrito por":"Matheus Felipe","Est. tempo de leitura":"5 minutos"},"schema":{"@context":"https:\/\/schema.org","@graph":[{"@type":"NewsArticle","@id":"https:\/\/www.gaveanews.com\/index.php\/2024\/11\/07\/luiz-henrique-cortado-da-selecao-declaracao-de-john-textor-e-dois-retornos-no-treino-as-ultimas-noticias-do-botafogo\/#article","isPartOf":{"@id":"https:\/\/www.gaveanews.com\/index.php\/2024\/11\/07\/luiz-henrique-cortado-da-selecao-declaracao-de-john-textor-e-dois-retornos-no-treino-as-ultimas-noticias-do-botafogo\/"},"author":{"name":"Matheus Felipe","@id":"https:\/\/www.gaveanews.com\/#\/schema\/person\/8207cd4627f56151707418bfc835b2fb"},"headline":"Luiz Henrique cortado da sele\u00e7\u00e3o, declara\u00e7\u00e3o de John Textor e dois retornos no treino: as \u00faltimas not\u00edcias do Botafogo","datePublished":"2024-11-07T09:50:00+00:00","mainEntityOfPage":{"@id":"https:\/\/www.gaveanews.com\/index.php\/2024\/11\/07\/luiz-henrique-cortado-da-selecao-declaracao-de-john-textor-e-dois-retornos-no-treino-as-ultimas-noticias-do-botafogo\/"},"wordCount":770,"commentCount":0,"image":{"@id":"https:\/\/www.gaveanews.com\/index.php\/2024\/11\/07\/luiz-henrique-cortado-da-selecao-declaracao-de-john-textor-e-dois-retornos-no-treino-as-ultimas-noticias-do-botafogo\/#primaryimage"},"thumbnailUrl":"https:\/\/www.gaveanews.com\/wp-content\/uploads\/Escudo-do-Botafogo-1.webp","articleSection":["Botafogo"],"inLanguage":"pt-BR","potentialAction":[{"@type":"CommentAction","name":"Comment","target":["https:\/\/www.gaveanews.com\/index.php\/2024\/11\/07\/luiz-henrique-cortado-da-selecao-declaracao-de-john-textor-e-dois-retornos-no-treino-as-ultimas-noticias-do-botafogo\/#respond"]}],"copyrightYear":"2024","copyrightHolder":{"@id":"https:\/\/www.gaveanews.com\/#organization"}},{"@type":"WebPage","@id":"https:\/\/www.gaveanews.com\/index.php\/2024\/11\/07\/luiz-henrique-cortado-da-selecao-declaracao-de-john-textor-e-dois-retornos-no-treino-as-ultimas-noticias-do-botafogo\/","url":"https:\/\/www.gaveanews.com\/index.php\/2024\/11\/07\/luiz-henrique-cortado-da-selecao-declaracao-de-john-textor-e-dois-retornos-no-treino-as-ultimas-noticias-do-botafogo\/","name":"Luiz Henrique cortado da sele\u00e7\u00e3o, declara\u00e7\u00e3o de John Textor e dois retornos no treino: as \u00faltimas not\u00edcias do Botafogo","isPartOf":{"@id":"https:\/\/www.gaveanews.com\/#website"},"primaryImageOfPage":{"@id":"https:\/\/www.gaveanews.com\/index.php\/2024\/11\/07\/luiz-henrique-cortado-da-selecao-declaracao-de-john-textor-e-dois-retornos-no-treino-as-ultimas-noticias-do-botafogo\/#primaryimage"},"image":{"@id":"https:\/\/www.gaveanews.com\/index.php\/2024\/11\/07\/luiz-henrique-cortado-da-selecao-declaracao-de-john-textor-e-dois-retornos-no-treino-as-ultimas-noticias-do-botafogo\/#primaryimage"},"thumbnailUrl":"https:\/\/www.gaveanews.com\/wp-content\/uploads\/Escudo-do-Botafogo-1.webp","datePublished":"2024-11-07T09:50:00+00:00","author":{"@id":"https:\/\/www.gaveanews.com\/#\/schema\/person\/8207cd4627f56151707418bfc835b2fb"},"breadcrumb":{"@id":"https:\/\/www.gaveanews.com\/index.php\/2024\/11\/07\/luiz-henrique-cortado-da-selecao-declaracao-de-john-textor-e-dois-retornos-no-treino-as-ultimas-noticias-do-botafogo\/#breadcrumb"},"inLanguage":"pt-BR","potentialAction":[{"@type":"ReadAction","target":["https:\/\/www.gaveanews.com\/index.php\/2024\/11\/07\/luiz-henrique-cortado-da-selecao-declaracao-de-john-textor-e-dois-retornos-no-treino-as-ultimas-noticias-do-botafogo\/"]}]},{"@type":"ImageObject","inLanguage":"pt-BR","@id":"https:\/\/www.gaveanews.com\/index.php\/2024\/11\/07\/luiz-henrique-cortado-da-selecao-declaracao-de-john-textor-e-dois-retornos-no-treino-as-ultimas-noticias-do-botafogo\/#primaryimage","url":"https:\/\/www.gaveanews.com\/wp-content\/uploads\/Escudo-do-Botafogo-1.webp","contentUrl":"https:\/\/www.gaveanews.com\/wp-content\/uploads\/Escudo-do-Botafogo-1.webp","width":787,"height":525,"caption":"Escudo do Botafogo (Foto: Reprodu\u00e7\u00e3o\/Botafogo)"},{"@type":"BreadcrumbList","@id":"https:\/\/www.gaveanews.com\/index.php\/2024\/11\/07\/luiz-henrique-cortado-da-selecao-declaracao-de-john-textor-e-dois-retornos-no-treino-as-ultimas-noticias-do-botafogo\/#breadcrumb","itemListElement":[{"@type":"ListItem","position":1,"name":"Home","item":"https:\/\/www.gaveanews.com\/"},{"@type":"ListItem","position":2,"name":"Luiz Henrique cortado da sele\u00e7\u00e3o, declara\u00e7\u00e3o de John Textor e dois retornos no treino: as \u00faltimas not\u00edcias do Botafogo"}]},{"@type":"WebSite","@id":"https:\/\/www.gaveanews.com\/#website","url":"https:\/\/www.gaveanews.com\/","name":"G\u00e1vea News","description":"Veja todas as not\u00edcias sobre o Flamengo: Contrata\u00e7\u00f5es, categorias de base, resultados das partidas, tabela de classifica\u00e7\u00e3o, pr\u00f3ximos jogos!","potentialAction":[{"@type":"SearchAction","target":{"@type":"EntryPoint","urlTemplate":"https:\/\/www.gaveanews.com\/?s={search_term_string}"},"query-input":{"@type":"PropertyValueSpecification","valueRequired":true,"valueName":"search_term_string"}}],"inLanguage":"pt-BR"},{"@type":"Person","@id":"https:\/\/www.gaveanews.com\/#\/schema\/person\/8207cd4627f56151707418bfc835b2fb","name":"Matheus Felipe","image":{"@type":"ImageObject","inLanguage":"pt-BR","@id":"https:\/\/www.gaveanews.com\/#\/schema\/person\/image\/","url":"https:\/\/secure.gravatar.com\/avatar\/a452ffbed9130f726358b298bb3a99ce4bd3c5338411f8440e87e14d74c7c087?s=96&d=mm&r=g","contentUrl":"https:\/\/secure.gravatar.com\/avatar\/a452ffbed9130f726358b298bb3a99ce4bd3c5338411f8440e87e14d74c7c087?s=96&d=mm&r=g","caption":"Matheus Felipe"}}]}},"_links":{"self":[{"href":"https:\/\/www.gaveanews.com\/index.php\/wp-json\/wp\/v2\/posts\/182403","targetHints":{"allow":["GET"]}}],"collection":[{"href":"https:\/\/www.gaveanews.com\/index.php\/wp-json\/wp\/v2\/posts"}],"about":[{"href":"https:\/\/www.gaveanews.com\/index.php\/wp-json\/wp\/v2\/types\/post"}],"author":[{"embeddable":true,"href":"https:\/\/www.gaveanews.com\/index.php\/wp-json\/wp\/v2\/users\/27"}],"replies":[{"embeddable":true,"href":"https:\/\/www.gaveanews.com\/index.php\/wp-json\/wp\/v2\/comments?post=182403"}],"version-history":[{"count":1,"href":"https:\/\/www.gaveanews.com\/index.php\/wp-json\/wp\/v2\/posts\/182403\/revisions"}],"predecessor-version":[{"id":182404,"href":"https:\/\/www.gaveanews.com\/index.php\/wp-json\/wp\/v2\/posts\/182403\/revisions\/182404"}],"wp:featuredmedia":[{"embeddable":true,"href":"https:\/\/www.gaveanews.com\/index.php\/wp-json\/wp\/v2\/media\/182060"}],"wp:attachment":[{"href":"https:\/\/www.gaveanews.com\/index.php\/wp-json\/wp\/v2\/media?parent=182403"}],"wp:term":[{"taxonomy":"category","embeddable":true,"href":"https:\/\/www.gaveanews.com\/index.php\/wp-json\/wp\/v2\/categories?post=182403"},{"taxonomy":"post_tag","embeddable":true,"href":"https:\/\/www.gaveanews.com\/index.php\/wp-json\/wp\/v2\/tags?post=182403"}],"curies":[{"name":"wp","href":"https:\/\/api.w.org\/{rel}","templated":true}]}}