{"id":182421,"date":"2024-11-07T04:40:00","date_gmt":"2024-11-07T07:40:00","guid":{"rendered":"https:\/\/www.gaveanews.com\/?p=182421"},"modified":"2024-11-07T03:42:57","modified_gmt":"2024-11-07T06:42:57","slug":"jogadores-convocados-emissao-de-nota-de-pesar-e-transmissao-do-brasileirao-2025-as-ultimas-noticias-do-atletico-mg","status":"publish","type":"post","link":"https:\/\/www.gaveanews.com\/index.php\/2024\/11\/07\/jogadores-convocados-emissao-de-nota-de-pesar-e-transmissao-do-brasileirao-2025-as-ultimas-noticias-do-atletico-mg\/","title":{"rendered":"Jogadores convocados, emiss\u00e3o de nota de pesar e transmiss\u00e3o do Brasileir\u00e3o 2025: as \u00faltimas not\u00edcias do Atl\u00e9tico-MG"},"content":{"rendered":"\n<p>Nas \u00faltimas horas, o foco das not\u00edcias sobre o Galo se concentram nos bastidores do clube, com destaques como os jogadores convocados e a emiss\u00e3o da nota de pesar.<\/p>\n\n\n\n<p>Por conta deste contexto, leia abaixo um resumo preparado pela equipe do portal G\u00e1vea News para lhe manter muito bem informado!<\/p>\n\n\n\n<h2 class=\"wp-block-heading\" id=\"h-transmissao-do-brasileirao-2025\">Transmiss\u00e3o do Brasileir\u00e3o 2025<\/h2>\n\n\n\n<p>A partir de 2025, o Brasileir\u00e3o ter\u00e1 suas transmiss\u00f5es divididas entre v\u00e1rias plataformas. A Amazon Prime Video, rival da Netflix, fechou um contrato com a Liga Forte Futebol (LFU) para transmitir 38 partidas ao longo da temporada. Entre os clubes da LFU est\u00e3o Corinthians, Fluminense, Cruzeiro e Vasco, cujas partidas como mandante estar\u00e3o dispon\u00edveis exclusivamente para os assinantes do Prime Video. Al\u00e9m da Amazon, a Record e o YouTube tamb\u00e9m exibir\u00e3o os jogos da LFU, oferecendo uma diversidade de op\u00e7\u00f5es aos torcedores.<strong><a href=\"https:\/\/www.gaveanews.com\/index.php\/2024\/11\/06\/brasileirao-2025-sera-transmitido-por-rival-da-netflix\/\"> (leia a mat\u00e9ria completa)<\/a><\/strong><\/p>\n\n\n\n<figure class=\"wp-block-image size-large\"><img loading=\"lazy\" decoding=\"async\" width=\"1024\" height=\"576\" src=\"https:\/\/www.gaveanews.com\/wp-content\/uploads\/20190725045217_1200_675_-_amazon-1024x576.webp\" alt=\"\" class=\"wp-image-33538\" srcset=\"https:\/\/www.gaveanews.com\/wp-content\/uploads\/20190725045217_1200_675_-_amazon-1024x576.webp 1024w, https:\/\/www.gaveanews.com\/wp-content\/uploads\/20190725045217_1200_675_-_amazon-300x169.webp 300w, https:\/\/www.gaveanews.com\/wp-content\/uploads\/20190725045217_1200_675_-_amazon-768x432.webp 768w, https:\/\/www.gaveanews.com\/wp-content\/uploads\/20190725045217_1200_675_-_amazon-747x420.webp 747w, https:\/\/www.gaveanews.com\/wp-content\/uploads\/20190725045217_1200_675_-_amazon-640x360.webp 640w, https:\/\/www.gaveanews.com\/wp-content\/uploads\/20190725045217_1200_675_-_amazon-681x383.webp 681w, https:\/\/www.gaveanews.com\/wp-content\/uploads\/20190725045217_1200_675_-_amazon-100x56.webp 100w, https:\/\/www.gaveanews.com\/wp-content\/uploads\/20190725045217_1200_675_-_amazon.webp 1200w\" sizes=\"auto, (max-width: 1024px) 100vw, 1024px\" \/><\/figure>\n\n\n\n<p>Por outro lado, a Globo firmou um contrato com a Liga do Futebol Brasileiro (Libra) para transmitir os jogos de clubes como Flamengo, Palmeiras, S\u00e3o Paulo e Gr\u00eamio, com cobertura em TV aberta, fechada, internet e pay-per-view. <\/p>\n\n\n\n<p>Esse acordo, v\u00e1lido at\u00e9 2029 e avaliado em mais de R$ 6 bilh\u00f5es, inclui um adiantamento de R$ 650 milh\u00f5es aos clubes filiados \u00e0 Libra j\u00e1 em 2024.<\/p>\n\n\n\n<p>Essa divis\u00e3o dos direitos de transmiss\u00e3o reflete o cen\u00e1rio de segmenta\u00e7\u00e3o das ligas, onde os jogos dos clubes da LFU estar\u00e3o na Amazon, Record e YouTube, enquanto os da Libra ser\u00e3o exibidos pela Globo. A nova configura\u00e7\u00e3o amplia o acesso dos f\u00e3s ao Brasileir\u00e3o e estabelece um marco na disputa por direitos esportivos no Brasil.<\/p>\n\n\n\n<h2 class=\"wp-block-heading\" id=\"h-emissao-da-nota-de-pesar\">Emiss\u00e3o da nota de pesar<\/h2>\n\n\n\n<p>O Atl\u00e9tico-MG publicou uma nota de pesar pelo falecimento de Fl\u00e1via Mendes, m\u00e3e do goleiro Matheus Mendes, expressando solidariedade ao atleta e seus familiares. Dona Fl\u00e1via, homenageada recentemente pelo filho em uma partida contra o Gr\u00eamio ao utilizar luvas rosas para conscientiza\u00e7\u00e3o sobre o c\u00e2ncer de mama, vinha lutando contra essa doen\u00e7a. <strong><a href=\"https:\/\/www.gaveanews.com\/index.php\/2024\/11\/06\/luto-atletico-mg-emite-nota-de-pesar\/\">(leia a mat\u00e9ria completa)<\/a><\/strong><\/p>\n\n\n\n<figure class=\"wp-block-image size-large\"><img loading=\"lazy\" decoding=\"async\" width=\"979\" height=\"1024\" src=\"https:\/\/www.gaveanews.com\/wp-content\/uploads\/Matheus-Mendes-pelo-Atletico-MG-979x1024.webp\" alt=\"\" class=\"wp-image-171354\" srcset=\"https:\/\/www.gaveanews.com\/wp-content\/uploads\/Matheus-Mendes-pelo-Atletico-MG-979x1024.webp 979w, https:\/\/www.gaveanews.com\/wp-content\/uploads\/Matheus-Mendes-pelo-Atletico-MG-287x300.webp 287w, https:\/\/www.gaveanews.com\/wp-content\/uploads\/Matheus-Mendes-pelo-Atletico-MG-768x803.webp 768w, https:\/\/www.gaveanews.com\/wp-content\/uploads\/Matheus-Mendes-pelo-Atletico-MG-402x420.webp 402w, https:\/\/www.gaveanews.com\/wp-content\/uploads\/Matheus-Mendes-pelo-Atletico-MG-803x840.webp 803w, https:\/\/www.gaveanews.com\/wp-content\/uploads\/Matheus-Mendes-pelo-Atletico-MG-640x669.webp 640w, https:\/\/www.gaveanews.com\/wp-content\/uploads\/Matheus-Mendes-pelo-Atletico-MG-681x712.webp 681w, https:\/\/www.gaveanews.com\/wp-content\/uploads\/Matheus-Mendes-pelo-Atletico-MG-100x105.webp 100w, https:\/\/www.gaveanews.com\/wp-content\/uploads\/Matheus-Mendes-pelo-Atletico-MG.webp 984w\" sizes=\"auto, (max-width: 979px) 100vw, 979px\" \/><figcaption class=\"wp-element-caption\">Matheus Mendes pelo Atl\u00e9tico-MG  (Foto: Divulga\u00e7\u00e3o\/Atl\u00e9tico-MG)<\/figcaption><\/figure>\n\n\n\n<p>O falecimento levou Matheus Mendes a ser retirado da lista de jogadores relacionados para o jogo contra o Atl\u00e9tico-GO, v\u00e1lido pela 32\u00aa rodada do Brasileir\u00e3o. Na ocasi\u00e3o, o t\u00e9cnico Gabriel Milito optou por poupar titulares, incluindo Mendes, para focar no pr\u00f3ximo confronto contra o Flamengo pela final da Copa do Brasil. O primeiro duelo entre Atl\u00e9tico-MG e Flamengo ocorreu no Maracan\u00e3, onde o time mineiro sofreu uma derrota por 3 a 1, e precisar\u00e1 de uma vit\u00f3ria com diferen\u00e7a de dois gols para levar a decis\u00e3o aos p\u00eanaltis.<\/p>\n\n\n\n<p>Diante dessa perda, o goleiro Gabriel Delfim, de 22 anos, ser\u00e1 respons\u00e1vel por defender a meta do Atl\u00e9tico-MG no confronto contra o Atl\u00e9tico-GO. O clube reiterou seu apoio a Matheus Mendes e familiares, destacando a import\u00e2ncia de Dona Fl\u00e1via em campanhas de conscientiza\u00e7\u00e3o e o impacto dessa perda para a equipe e torcida.<\/p>\n\n\n\n<h2 class=\"wp-block-heading\" id=\"h-jogadores-convocados\">Jogadores convocados<\/h2>\n\n\n\n<p>O Atl\u00e9tico-MG ter\u00e1 tr\u00eas desfalques importantes devido a convoca\u00e7\u00f5es para as sele\u00e7\u00f5es durante a pr\u00f3xima Data Fifa. O zagueiro Junior Alonso jogar\u00e1 pelo Paraguai, o lateral-esquerdo Guilherme Arana representar\u00e1 o Brasil e o atacante Eduardo Vargas foi convocado pelo Chile. Esses jogadores perder\u00e3o tr\u00eas partidas da S\u00e9rie A do Brasileir\u00e3o, j\u00e1 que o campeonato seguir\u00e1 normalmente durante o per\u00edodo de sele\u00e7\u00f5es.<strong><a href=\"https:\/\/www.gaveanews.com\/index.php\/2024\/11\/06\/jogadores-sao-convocados-e-atletico-mg-tera-desfalques\/\"> (leia a mat\u00e9ria completa)<\/a><\/strong><\/p>\n\n\n\n<figure class=\"wp-block-image size-full\"><img loading=\"lazy\" decoding=\"async\" width=\"743\" height=\"756\" src=\"https:\/\/www.gaveanews.com\/wp-content\/uploads\/Eduardo-Vargas-em-acao-pelo-Atletico-MG.webp\" alt=\"\" class=\"wp-image-165833\" srcset=\"https:\/\/www.gaveanews.com\/wp-content\/uploads\/Eduardo-Vargas-em-acao-pelo-Atletico-MG.webp 743w, https:\/\/www.gaveanews.com\/wp-content\/uploads\/Eduardo-Vargas-em-acao-pelo-Atletico-MG-295x300.webp 295w, https:\/\/www.gaveanews.com\/wp-content\/uploads\/Eduardo-Vargas-em-acao-pelo-Atletico-MG-413x420.webp 413w, https:\/\/www.gaveanews.com\/wp-content\/uploads\/Eduardo-Vargas-em-acao-pelo-Atletico-MG-640x651.webp 640w, https:\/\/www.gaveanews.com\/wp-content\/uploads\/Eduardo-Vargas-em-acao-pelo-Atletico-MG-681x693.webp 681w, https:\/\/www.gaveanews.com\/wp-content\/uploads\/Eduardo-Vargas-em-acao-pelo-Atletico-MG-100x102.webp 100w\" sizes=\"auto, (max-width: 743px) 100vw, 743px\" \/><figcaption class=\"wp-element-caption\">Eduardo Vargas em a\u00e7\u00e3o pelo Atl\u00e9tico-MG (Foto: Pedro Souza \/ Atl\u00e9tico)<\/figcaption><\/figure>\n\n\n\n<p>O Atl\u00e9tico enfrentar\u00e1 o Flamengo no dia 13 de novembro, o Athletico-PR no dia 16 (em jogo atrasado) e o Botafogo no dia 20. Al\u00e9m disso, o volante Alan Franco pode ser mais um desfalque, caso seja chamado pela sele\u00e7\u00e3o do Equador, pois tem sido convocado com frequ\u00eancia.<\/p>\n\n\n\n<p>Essas aus\u00eancias aumentam os desafios do time, especialmente em uma fase decisiva da temporada, em que busca melhorar sua posi\u00e7\u00e3o no campeonato e se manter competitivo nas competi\u00e7\u00f5es restantes.<\/p>\n","protected":false},"excerpt":{"rendered":"<p>Nas \u00faltimas horas, o foco das not\u00edcias sobre o Galo se concentram nos bastidores do clube, com destaques como os jogadores convocados e a emiss\u00e3o da nota de pesar. Por conta deste contexto, leia abaixo um resumo preparado pela equipe do portal G\u00e1vea News para lhe manter muito bem informado! Transmiss\u00e3o do Brasileir\u00e3o 2025 A [&hellip;]<\/p>\n","protected":false},"author":27,"featured_media":150828,"comment_status":"open","ping_status":"closed","sticky":false,"template":"","format":"standard","meta":{"footnotes":""},"categories":[136],"tags":[],"class_list":["post-182421","post","type-post","status-publish","format-standard","has-post-thumbnail","hentry","category-atletico-mg"],"yoast_head":"<!-- This site is optimized with the Yoast SEO Premium plugin v24.2 (Yoast SEO v26.9) - https:\/\/yoast.com\/product\/yoast-seo-premium-wordpress\/ -->\n<title>Jogadores convocados, emiss\u00e3o de nota de pesar e transmiss\u00e3o do Brasileir\u00e3o 2025: as \u00faltimas not\u00edcias do Atl\u00e9tico-MG<\/title>\n<meta name=\"robots\" content=\"index, follow, max-snippet:-1, max-image-preview:large, max-video-preview:-1\" \/>\n<link rel=\"canonical\" href=\"https:\/\/www.gaveanews.com\/index.php\/2024\/11\/07\/jogadores-convocados-emissao-de-nota-de-pesar-e-transmissao-do-brasileirao-2025-as-ultimas-noticias-do-atletico-mg\/\" \/>\n<meta property=\"og:locale\" content=\"pt_BR\" \/>\n<meta property=\"og:type\" content=\"article\" \/>\n<meta property=\"og:title\" content=\"Jogadores convocados, emiss\u00e3o de nota de pesar e transmiss\u00e3o do Brasileir\u00e3o 2025: as \u00faltimas not\u00edcias do Atl\u00e9tico-MG\" \/>\n<meta property=\"og:description\" content=\"Nas \u00faltimas horas, o foco das not\u00edcias sobre o Galo se concentram nos bastidores do clube, com destaques como os jogadores convocados e a emiss\u00e3o da nota de pesar. Por conta deste contexto, leia abaixo um resumo preparado pela equipe do portal G\u00e1vea News para lhe manter muito bem informado! Transmiss\u00e3o do Brasileir\u00e3o 2025 A [&hellip;]\" \/>\n<meta property=\"og:url\" content=\"https:\/\/www.gaveanews.com\/index.php\/2024\/11\/07\/jogadores-convocados-emissao-de-nota-de-pesar-e-transmissao-do-brasileirao-2025-as-ultimas-noticias-do-atletico-mg\/\" \/>\n<meta property=\"og:site_name\" content=\"G\u00e1vea News\" \/>\n<meta property=\"article:publisher\" content=\"https:\/\/facebook.com\/gaveaNews\/\" \/>\n<meta property=\"article:published_time\" content=\"2024-11-07T07:40:00+00:00\" \/>\n<meta property=\"og:image\" content=\"https:\/\/www.gaveanews.com\/wp-content\/uploads\/Torcida-do-Atletico-MG.webp\" \/>\n\t<meta property=\"og:image:width\" content=\"1066\" \/>\n\t<meta property=\"og:image:height\" content=\"711\" \/>\n\t<meta property=\"og:image:type\" content=\"image\/webp\" \/>\n<meta name=\"author\" content=\"Matheus Felipe\" \/>\n<meta name=\"twitter:card\" content=\"summary_large_image\" \/>\n<meta name=\"twitter:label1\" content=\"Escrito por\" \/>\n\t<meta name=\"twitter:data1\" content=\"Matheus Felipe\" \/>\n\t<meta name=\"twitter:label2\" content=\"Est. tempo de leitura\" \/>\n\t<meta name=\"twitter:data2\" content=\"5 minutos\" \/>\n<script type=\"application\/ld+json\" class=\"yoast-schema-graph\">{\"@context\":\"https:\/\/schema.org\",\"@graph\":[{\"@type\":\"NewsArticle\",\"@id\":\"https:\/\/www.gaveanews.com\/index.php\/2024\/11\/07\/jogadores-convocados-emissao-de-nota-de-pesar-e-transmissao-do-brasileirao-2025-as-ultimas-noticias-do-atletico-mg\/#article\",\"isPartOf\":{\"@id\":\"https:\/\/www.gaveanews.com\/index.php\/2024\/11\/07\/jogadores-convocados-emissao-de-nota-de-pesar-e-transmissao-do-brasileirao-2025-as-ultimas-noticias-do-atletico-mg\/\"},\"author\":{\"name\":\"Matheus Felipe\",\"@id\":\"https:\/\/www.gaveanews.com\/#\/schema\/person\/8207cd4627f56151707418bfc835b2fb\"},\"headline\":\"Jogadores convocados, emiss\u00e3o de nota de pesar e transmiss\u00e3o do Brasileir\u00e3o 2025: as \u00faltimas not\u00edcias do Atl\u00e9tico-MG\",\"datePublished\":\"2024-11-07T07:40:00+00:00\",\"mainEntityOfPage\":{\"@id\":\"https:\/\/www.gaveanews.com\/index.php\/2024\/11\/07\/jogadores-convocados-emissao-de-nota-de-pesar-e-transmissao-do-brasileirao-2025-as-ultimas-noticias-do-atletico-mg\/\"},\"wordCount\":711,\"commentCount\":0,\"image\":{\"@id\":\"https:\/\/www.gaveanews.com\/index.php\/2024\/11\/07\/jogadores-convocados-emissao-de-nota-de-pesar-e-transmissao-do-brasileirao-2025-as-ultimas-noticias-do-atletico-mg\/#primaryimage\"},\"thumbnailUrl\":\"https:\/\/www.gaveanews.com\/wp-content\/uploads\/Torcida-do-Atletico-MG.webp\",\"articleSection\":[\"Atl\u00e9tico-MG\"],\"inLanguage\":\"pt-BR\",\"potentialAction\":[{\"@type\":\"CommentAction\",\"name\":\"Comment\",\"target\":[\"https:\/\/www.gaveanews.com\/index.php\/2024\/11\/07\/jogadores-convocados-emissao-de-nota-de-pesar-e-transmissao-do-brasileirao-2025-as-ultimas-noticias-do-atletico-mg\/#respond\"]}],\"copyrightYear\":\"2024\",\"copyrightHolder\":{\"@id\":\"https:\/\/www.gaveanews.com\/#organization\"}},{\"@type\":\"WebPage\",\"@id\":\"https:\/\/www.gaveanews.com\/index.php\/2024\/11\/07\/jogadores-convocados-emissao-de-nota-de-pesar-e-transmissao-do-brasileirao-2025-as-ultimas-noticias-do-atletico-mg\/\",\"url\":\"https:\/\/www.gaveanews.com\/index.php\/2024\/11\/07\/jogadores-convocados-emissao-de-nota-de-pesar-e-transmissao-do-brasileirao-2025-as-ultimas-noticias-do-atletico-mg\/\",\"name\":\"Jogadores convocados, emiss\u00e3o de nota de pesar e transmiss\u00e3o do Brasileir\u00e3o 2025: as \u00faltimas not\u00edcias do Atl\u00e9tico-MG\",\"isPartOf\":{\"@id\":\"https:\/\/www.gaveanews.com\/#website\"},\"primaryImageOfPage\":{\"@id\":\"https:\/\/www.gaveanews.com\/index.php\/2024\/11\/07\/jogadores-convocados-emissao-de-nota-de-pesar-e-transmissao-do-brasileirao-2025-as-ultimas-noticias-do-atletico-mg\/#primaryimage\"},\"image\":{\"@id\":\"https:\/\/www.gaveanews.com\/index.php\/2024\/11\/07\/jogadores-convocados-emissao-de-nota-de-pesar-e-transmissao-do-brasileirao-2025-as-ultimas-noticias-do-atletico-mg\/#primaryimage\"},\"thumbnailUrl\":\"https:\/\/www.gaveanews.com\/wp-content\/uploads\/Torcida-do-Atletico-MG.webp\",\"datePublished\":\"2024-11-07T07:40:00+00:00\",\"author\":{\"@id\":\"https:\/\/www.gaveanews.com\/#\/schema\/person\/8207cd4627f56151707418bfc835b2fb\"},\"breadcrumb\":{\"@id\":\"https:\/\/www.gaveanews.com\/index.php\/2024\/11\/07\/jogadores-convocados-emissao-de-nota-de-pesar-e-transmissao-do-brasileirao-2025-as-ultimas-noticias-do-atletico-mg\/#breadcrumb\"},\"inLanguage\":\"pt-BR\",\"potentialAction\":[{\"@type\":\"ReadAction\",\"target\":[\"https:\/\/www.gaveanews.com\/index.php\/2024\/11\/07\/jogadores-convocados-emissao-de-nota-de-pesar-e-transmissao-do-brasileirao-2025-as-ultimas-noticias-do-atletico-mg\/\"]}]},{\"@type\":\"ImageObject\",\"inLanguage\":\"pt-BR\",\"@id\":\"https:\/\/www.gaveanews.com\/index.php\/2024\/11\/07\/jogadores-convocados-emissao-de-nota-de-pesar-e-transmissao-do-brasileirao-2025-as-ultimas-noticias-do-atletico-mg\/#primaryimage\",\"url\":\"https:\/\/www.gaveanews.com\/wp-content\/uploads\/Torcida-do-Atletico-MG.webp\",\"contentUrl\":\"https:\/\/www.gaveanews.com\/wp-content\/uploads\/Torcida-do-Atletico-MG.webp\",\"width\":1066,\"height\":711,\"caption\":\"Torcida do Atl\u00e9tico-MG (Foto: Reprodu\u00e7\u00e3o\/Instagram)\"},{\"@type\":\"BreadcrumbList\",\"@id\":\"https:\/\/www.gaveanews.com\/index.php\/2024\/11\/07\/jogadores-convocados-emissao-de-nota-de-pesar-e-transmissao-do-brasileirao-2025-as-ultimas-noticias-do-atletico-mg\/#breadcrumb\",\"itemListElement\":[{\"@type\":\"ListItem\",\"position\":1,\"name\":\"Home\",\"item\":\"https:\/\/www.gaveanews.com\/\"},{\"@type\":\"ListItem\",\"position\":2,\"name\":\"Jogadores convocados, emiss\u00e3o de nota de pesar e transmiss\u00e3o do Brasileir\u00e3o 2025: as \u00faltimas not\u00edcias do Atl\u00e9tico-MG\"}]},{\"@type\":\"WebSite\",\"@id\":\"https:\/\/www.gaveanews.com\/#website\",\"url\":\"https:\/\/www.gaveanews.com\/\",\"name\":\"G\u00e1vea News\",\"description\":\"Veja todas as not\u00edcias sobre o Flamengo: Contrata\u00e7\u00f5es, categorias de base, resultados das partidas, tabela de classifica\u00e7\u00e3o, pr\u00f3ximos jogos!\",\"potentialAction\":[{\"@type\":\"SearchAction\",\"target\":{\"@type\":\"EntryPoint\",\"urlTemplate\":\"https:\/\/www.gaveanews.com\/?s={search_term_string}\"},\"query-input\":{\"@type\":\"PropertyValueSpecification\",\"valueRequired\":true,\"valueName\":\"search_term_string\"}}],\"inLanguage\":\"pt-BR\"},{\"@type\":\"Person\",\"@id\":\"https:\/\/www.gaveanews.com\/#\/schema\/person\/8207cd4627f56151707418bfc835b2fb\",\"name\":\"Matheus Felipe\",\"image\":{\"@type\":\"ImageObject\",\"inLanguage\":\"pt-BR\",\"@id\":\"https:\/\/www.gaveanews.com\/#\/schema\/person\/image\/\",\"url\":\"https:\/\/secure.gravatar.com\/avatar\/a452ffbed9130f726358b298bb3a99ce4bd3c5338411f8440e87e14d74c7c087?s=96&d=mm&r=g\",\"contentUrl\":\"https:\/\/secure.gravatar.com\/avatar\/a452ffbed9130f726358b298bb3a99ce4bd3c5338411f8440e87e14d74c7c087?s=96&d=mm&r=g\",\"caption\":\"Matheus Felipe\"}}]}<\/script>\n<!-- \/ Yoast SEO Premium plugin. -->","yoast_head_json":{"title":"Jogadores convocados, emiss\u00e3o de nota de pesar e transmiss\u00e3o do Brasileir\u00e3o 2025: as \u00faltimas not\u00edcias do Atl\u00e9tico-MG","robots":{"index":"index","follow":"follow","max-snippet":"max-snippet:-1","max-image-preview":"max-image-preview:large","max-video-preview":"max-video-preview:-1"},"canonical":"https:\/\/www.gaveanews.com\/index.php\/2024\/11\/07\/jogadores-convocados-emissao-de-nota-de-pesar-e-transmissao-do-brasileirao-2025-as-ultimas-noticias-do-atletico-mg\/","og_locale":"pt_BR","og_type":"article","og_title":"Jogadores convocados, emiss\u00e3o de nota de pesar e transmiss\u00e3o do Brasileir\u00e3o 2025: as \u00faltimas not\u00edcias do Atl\u00e9tico-MG","og_description":"Nas \u00faltimas horas, o foco das not\u00edcias sobre o Galo se concentram nos bastidores do clube, com destaques como os jogadores convocados e a emiss\u00e3o da nota de pesar. Por conta deste contexto, leia abaixo um resumo preparado pela equipe do portal G\u00e1vea News para lhe manter muito bem informado! Transmiss\u00e3o do Brasileir\u00e3o 2025 A [&hellip;]","og_url":"https:\/\/www.gaveanews.com\/index.php\/2024\/11\/07\/jogadores-convocados-emissao-de-nota-de-pesar-e-transmissao-do-brasileirao-2025-as-ultimas-noticias-do-atletico-mg\/","og_site_name":"G\u00e1vea News","article_publisher":"https:\/\/facebook.com\/gaveaNews\/","article_published_time":"2024-11-07T07:40:00+00:00","og_image":[{"width":1066,"height":711,"url":"https:\/\/www.gaveanews.com\/wp-content\/uploads\/Torcida-do-Atletico-MG.webp","type":"image\/webp"}],"author":"Matheus Felipe","twitter_card":"summary_large_image","twitter_misc":{"Escrito por":"Matheus Felipe","Est. tempo de leitura":"5 minutos"},"schema":{"@context":"https:\/\/schema.org","@graph":[{"@type":"NewsArticle","@id":"https:\/\/www.gaveanews.com\/index.php\/2024\/11\/07\/jogadores-convocados-emissao-de-nota-de-pesar-e-transmissao-do-brasileirao-2025-as-ultimas-noticias-do-atletico-mg\/#article","isPartOf":{"@id":"https:\/\/www.gaveanews.com\/index.php\/2024\/11\/07\/jogadores-convocados-emissao-de-nota-de-pesar-e-transmissao-do-brasileirao-2025-as-ultimas-noticias-do-atletico-mg\/"},"author":{"name":"Matheus Felipe","@id":"https:\/\/www.gaveanews.com\/#\/schema\/person\/8207cd4627f56151707418bfc835b2fb"},"headline":"Jogadores convocados, emiss\u00e3o de nota de pesar e transmiss\u00e3o do Brasileir\u00e3o 2025: as \u00faltimas not\u00edcias do Atl\u00e9tico-MG","datePublished":"2024-11-07T07:40:00+00:00","mainEntityOfPage":{"@id":"https:\/\/www.gaveanews.com\/index.php\/2024\/11\/07\/jogadores-convocados-emissao-de-nota-de-pesar-e-transmissao-do-brasileirao-2025-as-ultimas-noticias-do-atletico-mg\/"},"wordCount":711,"commentCount":0,"image":{"@id":"https:\/\/www.gaveanews.com\/index.php\/2024\/11\/07\/jogadores-convocados-emissao-de-nota-de-pesar-e-transmissao-do-brasileirao-2025-as-ultimas-noticias-do-atletico-mg\/#primaryimage"},"thumbnailUrl":"https:\/\/www.gaveanews.com\/wp-content\/uploads\/Torcida-do-Atletico-MG.webp","articleSection":["Atl\u00e9tico-MG"],"inLanguage":"pt-BR","potentialAction":[{"@type":"CommentAction","name":"Comment","target":["https:\/\/www.gaveanews.com\/index.php\/2024\/11\/07\/jogadores-convocados-emissao-de-nota-de-pesar-e-transmissao-do-brasileirao-2025-as-ultimas-noticias-do-atletico-mg\/#respond"]}],"copyrightYear":"2024","copyrightHolder":{"@id":"https:\/\/www.gaveanews.com\/#organization"}},{"@type":"WebPage","@id":"https:\/\/www.gaveanews.com\/index.php\/2024\/11\/07\/jogadores-convocados-emissao-de-nota-de-pesar-e-transmissao-do-brasileirao-2025-as-ultimas-noticias-do-atletico-mg\/","url":"https:\/\/www.gaveanews.com\/index.php\/2024\/11\/07\/jogadores-convocados-emissao-de-nota-de-pesar-e-transmissao-do-brasileirao-2025-as-ultimas-noticias-do-atletico-mg\/","name":"Jogadores convocados, emiss\u00e3o de nota de pesar e transmiss\u00e3o do Brasileir\u00e3o 2025: as \u00faltimas not\u00edcias do Atl\u00e9tico-MG","isPartOf":{"@id":"https:\/\/www.gaveanews.com\/#website"},"primaryImageOfPage":{"@id":"https:\/\/www.gaveanews.com\/index.php\/2024\/11\/07\/jogadores-convocados-emissao-de-nota-de-pesar-e-transmissao-do-brasileirao-2025-as-ultimas-noticias-do-atletico-mg\/#primaryimage"},"image":{"@id":"https:\/\/www.gaveanews.com\/index.php\/2024\/11\/07\/jogadores-convocados-emissao-de-nota-de-pesar-e-transmissao-do-brasileirao-2025-as-ultimas-noticias-do-atletico-mg\/#primaryimage"},"thumbnailUrl":"https:\/\/www.gaveanews.com\/wp-content\/uploads\/Torcida-do-Atletico-MG.webp","datePublished":"2024-11-07T07:40:00+00:00","author":{"@id":"https:\/\/www.gaveanews.com\/#\/schema\/person\/8207cd4627f56151707418bfc835b2fb"},"breadcrumb":{"@id":"https:\/\/www.gaveanews.com\/index.php\/2024\/11\/07\/jogadores-convocados-emissao-de-nota-de-pesar-e-transmissao-do-brasileirao-2025-as-ultimas-noticias-do-atletico-mg\/#breadcrumb"},"inLanguage":"pt-BR","potentialAction":[{"@type":"ReadAction","target":["https:\/\/www.gaveanews.com\/index.php\/2024\/11\/07\/jogadores-convocados-emissao-de-nota-de-pesar-e-transmissao-do-brasileirao-2025-as-ultimas-noticias-do-atletico-mg\/"]}]},{"@type":"ImageObject","inLanguage":"pt-BR","@id":"https:\/\/www.gaveanews.com\/index.php\/2024\/11\/07\/jogadores-convocados-emissao-de-nota-de-pesar-e-transmissao-do-brasileirao-2025-as-ultimas-noticias-do-atletico-mg\/#primaryimage","url":"https:\/\/www.gaveanews.com\/wp-content\/uploads\/Torcida-do-Atletico-MG.webp","contentUrl":"https:\/\/www.gaveanews.com\/wp-content\/uploads\/Torcida-do-Atletico-MG.webp","width":1066,"height":711,"caption":"Torcida do Atl\u00e9tico-MG (Foto: Reprodu\u00e7\u00e3o\/Instagram)"},{"@type":"BreadcrumbList","@id":"https:\/\/www.gaveanews.com\/index.php\/2024\/11\/07\/jogadores-convocados-emissao-de-nota-de-pesar-e-transmissao-do-brasileirao-2025-as-ultimas-noticias-do-atletico-mg\/#breadcrumb","itemListElement":[{"@type":"ListItem","position":1,"name":"Home","item":"https:\/\/www.gaveanews.com\/"},{"@type":"ListItem","position":2,"name":"Jogadores convocados, emiss\u00e3o de nota de pesar e transmiss\u00e3o do Brasileir\u00e3o 2025: as \u00faltimas not\u00edcias do Atl\u00e9tico-MG"}]},{"@type":"WebSite","@id":"https:\/\/www.gaveanews.com\/#website","url":"https:\/\/www.gaveanews.com\/","name":"G\u00e1vea News","description":"Veja todas as not\u00edcias sobre o Flamengo: Contrata\u00e7\u00f5es, categorias de base, resultados das partidas, tabela de classifica\u00e7\u00e3o, pr\u00f3ximos jogos!","potentialAction":[{"@type":"SearchAction","target":{"@type":"EntryPoint","urlTemplate":"https:\/\/www.gaveanews.com\/?s={search_term_string}"},"query-input":{"@type":"PropertyValueSpecification","valueRequired":true,"valueName":"search_term_string"}}],"inLanguage":"pt-BR"},{"@type":"Person","@id":"https:\/\/www.gaveanews.com\/#\/schema\/person\/8207cd4627f56151707418bfc835b2fb","name":"Matheus Felipe","image":{"@type":"ImageObject","inLanguage":"pt-BR","@id":"https:\/\/www.gaveanews.com\/#\/schema\/person\/image\/","url":"https:\/\/secure.gravatar.com\/avatar\/a452ffbed9130f726358b298bb3a99ce4bd3c5338411f8440e87e14d74c7c087?s=96&d=mm&r=g","contentUrl":"https:\/\/secure.gravatar.com\/avatar\/a452ffbed9130f726358b298bb3a99ce4bd3c5338411f8440e87e14d74c7c087?s=96&d=mm&r=g","caption":"Matheus Felipe"}}]}},"_links":{"self":[{"href":"https:\/\/www.gaveanews.com\/index.php\/wp-json\/wp\/v2\/posts\/182421","targetHints":{"allow":["GET"]}}],"collection":[{"href":"https:\/\/www.gaveanews.com\/index.php\/wp-json\/wp\/v2\/posts"}],"about":[{"href":"https:\/\/www.gaveanews.com\/index.php\/wp-json\/wp\/v2\/types\/post"}],"author":[{"embeddable":true,"href":"https:\/\/www.gaveanews.com\/index.php\/wp-json\/wp\/v2\/users\/27"}],"replies":[{"embeddable":true,"href":"https:\/\/www.gaveanews.com\/index.php\/wp-json\/wp\/v2\/comments?post=182421"}],"version-history":[{"count":1,"href":"https:\/\/www.gaveanews.com\/index.php\/wp-json\/wp\/v2\/posts\/182421\/revisions"}],"predecessor-version":[{"id":182424,"href":"https:\/\/www.gaveanews.com\/index.php\/wp-json\/wp\/v2\/posts\/182421\/revisions\/182424"}],"wp:featuredmedia":[{"embeddable":true,"href":"https:\/\/www.gaveanews.com\/index.php\/wp-json\/wp\/v2\/media\/150828"}],"wp:attachment":[{"href":"https:\/\/www.gaveanews.com\/index.php\/wp-json\/wp\/v2\/media?parent=182421"}],"wp:term":[{"taxonomy":"category","embeddable":true,"href":"https:\/\/www.gaveanews.com\/index.php\/wp-json\/wp\/v2\/categories?post=182421"},{"taxonomy":"post_tag","embeddable":true,"href":"https:\/\/www.gaveanews.com\/index.php\/wp-json\/wp\/v2\/tags?post=182421"}],"curies":[{"name":"wp","href":"https:\/\/api.w.org\/{rel}","templated":true}]}}