{"id":182575,"date":"2024-11-07T17:55:00","date_gmt":"2024-11-07T20:55:00","guid":{"rendered":"https:\/\/www.gaveanews.com\/?p=182575"},"modified":"2024-11-07T16:34:45","modified_gmt":"2024-11-07T19:34:45","slug":"a-probabilidade-do-vasco-disputar-a-copa-libertadores-de-2025","status":"publish","type":"post","link":"https:\/\/www.gaveanews.com\/index.php\/2024\/11\/07\/a-probabilidade-do-vasco-disputar-a-copa-libertadores-de-2025\/","title":{"rendered":"A probabilidade do Vasco disputar a Copa Libertadores de 2025?"},"content":{"rendered":"\n<p>Em busca de disputar a Libertadores de 2025, o Vasco ainda tem remotas chances de conseguir uma vaga entre os 6 primeiros colocados do Brasileir\u00e3o.<\/p>\n\n\n\n<p>Vale destacar que os 4 primeiros v\u00e3o diretamente para a Libertadores, o 5\u00ba e 6\u00ba v\u00e3o para a Pr\u00e9- Libertadores, mas, ainda h\u00e1 a chance de abrirem mais duas vagas para a Pr\u00e9- Libertadores.<\/p>\n\n\n\n<ul class=\"wp-block-list\">\n<li><a href=\"https:\/\/www.gaveanews.com\/index.php\/2024\/11\/07\/recado-de-john-textor-titulo-do-flamengo-pode-ajudar-e-o-declaracao-de-lucas-piton-as-ultimas-noticias-do-vasco\/\">Recado de John Textor, t\u00edtulo do Flamengo pode ajudar e o declara\u00e7\u00e3o de Lucas Piton: as \u00faltimas not\u00edcias do Vasco<\/a><\/li>\n\n\n\n<li><a href=\"https:\/\/www.gaveanews.com\/index.php\/2024\/11\/07\/apos-destaque-no-exterior-meia-afirma-que-volta-para-o-brasil-se-o-vasco-quiser\/\">Ap\u00f3s destaque no exterior, meia afirma que volta para o Brasil se o Vasco quiser<\/a><\/li>\n<\/ul>\n\n\n\n<p>Se o Botafogo vencer a Libertadores, o G6 vira G7 com o 5\u00ba, 6\u00ba e 7\u00ba indo diretamente para a Pr\u00e9 Libertadores. Se Flamengo vencer a Copa do Brasil, o G7 vai virar G8, com o 8\u00ba colocado do Brasileir\u00e3o tamb\u00e9m indo direto para a Pr\u00e9- Libertadores.<\/p>\n\n\n\n<p>Pensando nessas circunst\u00e2ncias, o Vasco ainda precisaria subir uma posi\u00e7\u00e3o para ir diretamente para a Pr\u00e9- Libertadores. Atualmente o Cruzmaltino \u00e9 o 9\u00ba colocado com 43 pontos, 1 a menos que o Cruzeiro, 8\u00ba colocado.<\/p>\n\n\n\n<p>O Vasco s\u00f3 conseguir\u00e1 a vaga na Pr\u00e9- Libertadores se mantendo em 9\u00ba se o Flamengo vencer a Copa do Brasil, o Botafogo a Libertadores e ainda o Cruzeiro ganhar a Copa Sul-Americana.<\/p>\n\n\n\n<p>Pensando apenas em G6, o Vasco, de acordo com um estudo realizado pela UFMG, tem apenas 0.17% de chance de conseguir uma vaga entre os 6 primeiros.<\/p>\n\n\n\n<p>O Vasco est\u00e1 h\u00e1 11 pontos de dist\u00e2ncia para o S\u00e3o Paulo, 6\u00ba colocado no Brasileir\u00e3o. Por enquanto, o Brasileir\u00e3o ainda tem 18 pontos em disputa, portanto, ainda tem chances.<\/p>\n\n\n\n<h2 class=\"wp-block-heading\" id=\"h-qual-a-proxima-partida-do-vasco\">Qual a pr\u00f3xima partida do Vasco?<\/h2>\n\n\n\n<p>Fortaleza\u00a0x\u00a0Vasco da Gama\u00a0se enfrentam neste s\u00e1bado (9), \u00e0s 19h (de Bras\u00edlia), na capital cearense, em\u00a0duelo v\u00e1lido pela 33\u00aa rodada. O Le\u00e3o do Pici vive um \u00f3timo momento, est\u00e1 na terceira coloca\u00e7\u00e3o e ainda sonha com o t\u00edtulo. J\u00e1 o Gigante da Colina sofreu um rev\u00e9s no cl\u00e1ssico contra o\u00a0Botafogo, mas contou com o trope\u00e7o das outras equipes que buscam uma vaga na\u00a0Libertadores.<\/p>\n","protected":false},"excerpt":{"rendered":"<p>Em busca de disputar a Libertadores de 2025, o Vasco ainda tem remotas chances de conseguir uma vaga entre os 6 primeiros colocados do Brasileir\u00e3o. Vale destacar que os 4 primeiros v\u00e3o diretamente para a Libertadores, o 5\u00ba e 6\u00ba v\u00e3o para a Pr\u00e9- Libertadores, mas, ainda h\u00e1 a chance de abrirem mais duas vagas [&hellip;]<\/p>\n","protected":false},"author":19,"featured_media":161261,"comment_status":"open","ping_status":"closed","sticky":false,"template":"","format":"standard","meta":{"footnotes":""},"categories":[152],"tags":[],"class_list":["post-182575","post","type-post","status-publish","format-standard","has-post-thumbnail","hentry","category-vasco"],"yoast_head":"<!-- This site is optimized with the Yoast SEO Premium plugin v24.2 (Yoast SEO v26.9) - https:\/\/yoast.com\/product\/yoast-seo-premium-wordpress\/ -->\n<title>A probabilidade do Vasco disputar a Copa Libertadores de 2025?<\/title>\n<meta name=\"robots\" content=\"index, follow, max-snippet:-1, max-image-preview:large, max-video-preview:-1\" \/>\n<link rel=\"canonical\" href=\"https:\/\/www.gaveanews.com\/index.php\/2024\/11\/07\/a-probabilidade-do-vasco-disputar-a-copa-libertadores-de-2025\/\" \/>\n<meta property=\"og:locale\" content=\"pt_BR\" \/>\n<meta property=\"og:type\" content=\"article\" \/>\n<meta property=\"og:title\" content=\"A probabilidade do Vasco disputar a Copa Libertadores de 2025?\" \/>\n<meta property=\"og:description\" content=\"Em busca de disputar a Libertadores de 2025, o Vasco ainda tem remotas chances de conseguir uma vaga entre os 6 primeiros colocados do Brasileir\u00e3o. Vale destacar que os 4 primeiros v\u00e3o diretamente para a Libertadores, o 5\u00ba e 6\u00ba v\u00e3o para a Pr\u00e9- Libertadores, mas, ainda h\u00e1 a chance de abrirem mais duas vagas [&hellip;]\" \/>\n<meta property=\"og:url\" content=\"https:\/\/www.gaveanews.com\/index.php\/2024\/11\/07\/a-probabilidade-do-vasco-disputar-a-copa-libertadores-de-2025\/\" \/>\n<meta property=\"og:site_name\" content=\"G\u00e1vea News\" \/>\n<meta property=\"article:publisher\" content=\"https:\/\/facebook.com\/gaveaNews\/\" \/>\n<meta property=\"article:published_time\" content=\"2024-11-07T20:55:00+00:00\" \/>\n<meta property=\"og:image\" content=\"https:\/\/www.gaveanews.com\/wp-content\/uploads\/Camisa-do-Vasco-2024.webp\" \/>\n\t<meta property=\"og:image:width\" content=\"1059\" \/>\n\t<meta property=\"og:image:height\" content=\"794\" \/>\n\t<meta property=\"og:image:type\" content=\"image\/webp\" \/>\n<meta name=\"author\" content=\"Bruno Zanchetta\" \/>\n<meta name=\"twitter:card\" content=\"summary_large_image\" \/>\n<meta name=\"twitter:label1\" content=\"Escrito por\" \/>\n\t<meta name=\"twitter:data1\" content=\"Bruno Zanchetta\" \/>\n\t<meta name=\"twitter:label2\" content=\"Est. tempo de leitura\" \/>\n\t<meta name=\"twitter:data2\" content=\"3 minutos\" \/>\n<script type=\"application\/ld+json\" class=\"yoast-schema-graph\">{\"@context\":\"https:\/\/schema.org\",\"@graph\":[{\"@type\":\"NewsArticle\",\"@id\":\"https:\/\/www.gaveanews.com\/index.php\/2024\/11\/07\/a-probabilidade-do-vasco-disputar-a-copa-libertadores-de-2025\/#article\",\"isPartOf\":{\"@id\":\"https:\/\/www.gaveanews.com\/index.php\/2024\/11\/07\/a-probabilidade-do-vasco-disputar-a-copa-libertadores-de-2025\/\"},\"author\":{\"name\":\"Bruno Zanchetta\",\"@id\":\"https:\/\/www.gaveanews.com\/#\/schema\/person\/32fddefab25b466689f181be346cd98c\"},\"headline\":\"A probabilidade do Vasco disputar a Copa Libertadores de 2025?\",\"datePublished\":\"2024-11-07T20:55:00+00:00\",\"mainEntityOfPage\":{\"@id\":\"https:\/\/www.gaveanews.com\/index.php\/2024\/11\/07\/a-probabilidade-do-vasco-disputar-a-copa-libertadores-de-2025\/\"},\"wordCount\":357,\"commentCount\":0,\"image\":{\"@id\":\"https:\/\/www.gaveanews.com\/index.php\/2024\/11\/07\/a-probabilidade-do-vasco-disputar-a-copa-libertadores-de-2025\/#primaryimage\"},\"thumbnailUrl\":\"https:\/\/www.gaveanews.com\/wp-content\/uploads\/Camisa-do-Vasco-2024.webp\",\"articleSection\":[\"Vasco\"],\"inLanguage\":\"pt-BR\",\"potentialAction\":[{\"@type\":\"CommentAction\",\"name\":\"Comment\",\"target\":[\"https:\/\/www.gaveanews.com\/index.php\/2024\/11\/07\/a-probabilidade-do-vasco-disputar-a-copa-libertadores-de-2025\/#respond\"]}],\"copyrightYear\":\"2024\",\"copyrightHolder\":{\"@id\":\"https:\/\/www.gaveanews.com\/#organization\"}},{\"@type\":\"WebPage\",\"@id\":\"https:\/\/www.gaveanews.com\/index.php\/2024\/11\/07\/a-probabilidade-do-vasco-disputar-a-copa-libertadores-de-2025\/\",\"url\":\"https:\/\/www.gaveanews.com\/index.php\/2024\/11\/07\/a-probabilidade-do-vasco-disputar-a-copa-libertadores-de-2025\/\",\"name\":\"A probabilidade do Vasco disputar a Copa Libertadores de 2025?\",\"isPartOf\":{\"@id\":\"https:\/\/www.gaveanews.com\/#website\"},\"primaryImageOfPage\":{\"@id\":\"https:\/\/www.gaveanews.com\/index.php\/2024\/11\/07\/a-probabilidade-do-vasco-disputar-a-copa-libertadores-de-2025\/#primaryimage\"},\"image\":{\"@id\":\"https:\/\/www.gaveanews.com\/index.php\/2024\/11\/07\/a-probabilidade-do-vasco-disputar-a-copa-libertadores-de-2025\/#primaryimage\"},\"thumbnailUrl\":\"https:\/\/www.gaveanews.com\/wp-content\/uploads\/Camisa-do-Vasco-2024.webp\",\"datePublished\":\"2024-11-07T20:55:00+00:00\",\"author\":{\"@id\":\"https:\/\/www.gaveanews.com\/#\/schema\/person\/32fddefab25b466689f181be346cd98c\"},\"breadcrumb\":{\"@id\":\"https:\/\/www.gaveanews.com\/index.php\/2024\/11\/07\/a-probabilidade-do-vasco-disputar-a-copa-libertadores-de-2025\/#breadcrumb\"},\"inLanguage\":\"pt-BR\",\"potentialAction\":[{\"@type\":\"ReadAction\",\"target\":[\"https:\/\/www.gaveanews.com\/index.php\/2024\/11\/07\/a-probabilidade-do-vasco-disputar-a-copa-libertadores-de-2025\/\"]}]},{\"@type\":\"ImageObject\",\"inLanguage\":\"pt-BR\",\"@id\":\"https:\/\/www.gaveanews.com\/index.php\/2024\/11\/07\/a-probabilidade-do-vasco-disputar-a-copa-libertadores-de-2025\/#primaryimage\",\"url\":\"https:\/\/www.gaveanews.com\/wp-content\/uploads\/Camisa-do-Vasco-2024.webp\",\"contentUrl\":\"https:\/\/www.gaveanews.com\/wp-content\/uploads\/Camisa-do-Vasco-2024.webp\",\"width\":1059,\"height\":794,\"caption\":\"Camisa do Vasco 2024 (Foto: Reprodu\u00e7\u00e3o\/Instagram)\"},{\"@type\":\"BreadcrumbList\",\"@id\":\"https:\/\/www.gaveanews.com\/index.php\/2024\/11\/07\/a-probabilidade-do-vasco-disputar-a-copa-libertadores-de-2025\/#breadcrumb\",\"itemListElement\":[{\"@type\":\"ListItem\",\"position\":1,\"name\":\"Home\",\"item\":\"https:\/\/www.gaveanews.com\/\"},{\"@type\":\"ListItem\",\"position\":2,\"name\":\"A probabilidade do Vasco disputar a Copa Libertadores de 2025?\"}]},{\"@type\":\"WebSite\",\"@id\":\"https:\/\/www.gaveanews.com\/#website\",\"url\":\"https:\/\/www.gaveanews.com\/\",\"name\":\"G\u00e1vea News\",\"description\":\"Veja todas as not\u00edcias sobre o Flamengo: Contrata\u00e7\u00f5es, categorias de base, resultados das partidas, tabela de classifica\u00e7\u00e3o, pr\u00f3ximos jogos!\",\"potentialAction\":[{\"@type\":\"SearchAction\",\"target\":{\"@type\":\"EntryPoint\",\"urlTemplate\":\"https:\/\/www.gaveanews.com\/?s={search_term_string}\"},\"query-input\":{\"@type\":\"PropertyValueSpecification\",\"valueRequired\":true,\"valueName\":\"search_term_string\"}}],\"inLanguage\":\"pt-BR\"},{\"@type\":\"Person\",\"@id\":\"https:\/\/www.gaveanews.com\/#\/schema\/person\/32fddefab25b466689f181be346cd98c\",\"name\":\"Bruno Zanchetta\",\"image\":{\"@type\":\"ImageObject\",\"inLanguage\":\"pt-BR\",\"@id\":\"https:\/\/www.gaveanews.com\/#\/schema\/person\/image\/\",\"url\":\"https:\/\/secure.gravatar.com\/avatar\/3ba2d39f8a912ad65276975a996d6ad8d9e3dd13448684be8dc4d7c17099d2ee?s=96&d=mm&r=g\",\"contentUrl\":\"https:\/\/secure.gravatar.com\/avatar\/3ba2d39f8a912ad65276975a996d6ad8d9e3dd13448684be8dc4d7c17099d2ee?s=96&d=mm&r=g\",\"caption\":\"Bruno Zanchetta\"}}]}<\/script>\n<!-- \/ Yoast SEO Premium plugin. -->","yoast_head_json":{"title":"A probabilidade do Vasco disputar a Copa Libertadores de 2025?","robots":{"index":"index","follow":"follow","max-snippet":"max-snippet:-1","max-image-preview":"max-image-preview:large","max-video-preview":"max-video-preview:-1"},"canonical":"https:\/\/www.gaveanews.com\/index.php\/2024\/11\/07\/a-probabilidade-do-vasco-disputar-a-copa-libertadores-de-2025\/","og_locale":"pt_BR","og_type":"article","og_title":"A probabilidade do Vasco disputar a Copa Libertadores de 2025?","og_description":"Em busca de disputar a Libertadores de 2025, o Vasco ainda tem remotas chances de conseguir uma vaga entre os 6 primeiros colocados do Brasileir\u00e3o. Vale destacar que os 4 primeiros v\u00e3o diretamente para a Libertadores, o 5\u00ba e 6\u00ba v\u00e3o para a Pr\u00e9- Libertadores, mas, ainda h\u00e1 a chance de abrirem mais duas vagas [&hellip;]","og_url":"https:\/\/www.gaveanews.com\/index.php\/2024\/11\/07\/a-probabilidade-do-vasco-disputar-a-copa-libertadores-de-2025\/","og_site_name":"G\u00e1vea News","article_publisher":"https:\/\/facebook.com\/gaveaNews\/","article_published_time":"2024-11-07T20:55:00+00:00","og_image":[{"width":1059,"height":794,"url":"https:\/\/www.gaveanews.com\/wp-content\/uploads\/Camisa-do-Vasco-2024.webp","type":"image\/webp"}],"author":"Bruno Zanchetta","twitter_card":"summary_large_image","twitter_misc":{"Escrito por":"Bruno Zanchetta","Est. tempo de leitura":"3 minutos"},"schema":{"@context":"https:\/\/schema.org","@graph":[{"@type":"NewsArticle","@id":"https:\/\/www.gaveanews.com\/index.php\/2024\/11\/07\/a-probabilidade-do-vasco-disputar-a-copa-libertadores-de-2025\/#article","isPartOf":{"@id":"https:\/\/www.gaveanews.com\/index.php\/2024\/11\/07\/a-probabilidade-do-vasco-disputar-a-copa-libertadores-de-2025\/"},"author":{"name":"Bruno Zanchetta","@id":"https:\/\/www.gaveanews.com\/#\/schema\/person\/32fddefab25b466689f181be346cd98c"},"headline":"A probabilidade do Vasco disputar a Copa Libertadores de 2025?","datePublished":"2024-11-07T20:55:00+00:00","mainEntityOfPage":{"@id":"https:\/\/www.gaveanews.com\/index.php\/2024\/11\/07\/a-probabilidade-do-vasco-disputar-a-copa-libertadores-de-2025\/"},"wordCount":357,"commentCount":0,"image":{"@id":"https:\/\/www.gaveanews.com\/index.php\/2024\/11\/07\/a-probabilidade-do-vasco-disputar-a-copa-libertadores-de-2025\/#primaryimage"},"thumbnailUrl":"https:\/\/www.gaveanews.com\/wp-content\/uploads\/Camisa-do-Vasco-2024.webp","articleSection":["Vasco"],"inLanguage":"pt-BR","potentialAction":[{"@type":"CommentAction","name":"Comment","target":["https:\/\/www.gaveanews.com\/index.php\/2024\/11\/07\/a-probabilidade-do-vasco-disputar-a-copa-libertadores-de-2025\/#respond"]}],"copyrightYear":"2024","copyrightHolder":{"@id":"https:\/\/www.gaveanews.com\/#organization"}},{"@type":"WebPage","@id":"https:\/\/www.gaveanews.com\/index.php\/2024\/11\/07\/a-probabilidade-do-vasco-disputar-a-copa-libertadores-de-2025\/","url":"https:\/\/www.gaveanews.com\/index.php\/2024\/11\/07\/a-probabilidade-do-vasco-disputar-a-copa-libertadores-de-2025\/","name":"A probabilidade do Vasco disputar a Copa Libertadores de 2025?","isPartOf":{"@id":"https:\/\/www.gaveanews.com\/#website"},"primaryImageOfPage":{"@id":"https:\/\/www.gaveanews.com\/index.php\/2024\/11\/07\/a-probabilidade-do-vasco-disputar-a-copa-libertadores-de-2025\/#primaryimage"},"image":{"@id":"https:\/\/www.gaveanews.com\/index.php\/2024\/11\/07\/a-probabilidade-do-vasco-disputar-a-copa-libertadores-de-2025\/#primaryimage"},"thumbnailUrl":"https:\/\/www.gaveanews.com\/wp-content\/uploads\/Camisa-do-Vasco-2024.webp","datePublished":"2024-11-07T20:55:00+00:00","author":{"@id":"https:\/\/www.gaveanews.com\/#\/schema\/person\/32fddefab25b466689f181be346cd98c"},"breadcrumb":{"@id":"https:\/\/www.gaveanews.com\/index.php\/2024\/11\/07\/a-probabilidade-do-vasco-disputar-a-copa-libertadores-de-2025\/#breadcrumb"},"inLanguage":"pt-BR","potentialAction":[{"@type":"ReadAction","target":["https:\/\/www.gaveanews.com\/index.php\/2024\/11\/07\/a-probabilidade-do-vasco-disputar-a-copa-libertadores-de-2025\/"]}]},{"@type":"ImageObject","inLanguage":"pt-BR","@id":"https:\/\/www.gaveanews.com\/index.php\/2024\/11\/07\/a-probabilidade-do-vasco-disputar-a-copa-libertadores-de-2025\/#primaryimage","url":"https:\/\/www.gaveanews.com\/wp-content\/uploads\/Camisa-do-Vasco-2024.webp","contentUrl":"https:\/\/www.gaveanews.com\/wp-content\/uploads\/Camisa-do-Vasco-2024.webp","width":1059,"height":794,"caption":"Camisa do Vasco 2024 (Foto: Reprodu\u00e7\u00e3o\/Instagram)"},{"@type":"BreadcrumbList","@id":"https:\/\/www.gaveanews.com\/index.php\/2024\/11\/07\/a-probabilidade-do-vasco-disputar-a-copa-libertadores-de-2025\/#breadcrumb","itemListElement":[{"@type":"ListItem","position":1,"name":"Home","item":"https:\/\/www.gaveanews.com\/"},{"@type":"ListItem","position":2,"name":"A probabilidade do Vasco disputar a Copa Libertadores de 2025?"}]},{"@type":"WebSite","@id":"https:\/\/www.gaveanews.com\/#website","url":"https:\/\/www.gaveanews.com\/","name":"G\u00e1vea News","description":"Veja todas as not\u00edcias sobre o Flamengo: Contrata\u00e7\u00f5es, categorias de base, resultados das partidas, tabela de classifica\u00e7\u00e3o, pr\u00f3ximos jogos!","potentialAction":[{"@type":"SearchAction","target":{"@type":"EntryPoint","urlTemplate":"https:\/\/www.gaveanews.com\/?s={search_term_string}"},"query-input":{"@type":"PropertyValueSpecification","valueRequired":true,"valueName":"search_term_string"}}],"inLanguage":"pt-BR"},{"@type":"Person","@id":"https:\/\/www.gaveanews.com\/#\/schema\/person\/32fddefab25b466689f181be346cd98c","name":"Bruno Zanchetta","image":{"@type":"ImageObject","inLanguage":"pt-BR","@id":"https:\/\/www.gaveanews.com\/#\/schema\/person\/image\/","url":"https:\/\/secure.gravatar.com\/avatar\/3ba2d39f8a912ad65276975a996d6ad8d9e3dd13448684be8dc4d7c17099d2ee?s=96&d=mm&r=g","contentUrl":"https:\/\/secure.gravatar.com\/avatar\/3ba2d39f8a912ad65276975a996d6ad8d9e3dd13448684be8dc4d7c17099d2ee?s=96&d=mm&r=g","caption":"Bruno Zanchetta"}}]}},"_links":{"self":[{"href":"https:\/\/www.gaveanews.com\/index.php\/wp-json\/wp\/v2\/posts\/182575","targetHints":{"allow":["GET"]}}],"collection":[{"href":"https:\/\/www.gaveanews.com\/index.php\/wp-json\/wp\/v2\/posts"}],"about":[{"href":"https:\/\/www.gaveanews.com\/index.php\/wp-json\/wp\/v2\/types\/post"}],"author":[{"embeddable":true,"href":"https:\/\/www.gaveanews.com\/index.php\/wp-json\/wp\/v2\/users\/19"}],"replies":[{"embeddable":true,"href":"https:\/\/www.gaveanews.com\/index.php\/wp-json\/wp\/v2\/comments?post=182575"}],"version-history":[{"count":2,"href":"https:\/\/www.gaveanews.com\/index.php\/wp-json\/wp\/v2\/posts\/182575\/revisions"}],"predecessor-version":[{"id":182636,"href":"https:\/\/www.gaveanews.com\/index.php\/wp-json\/wp\/v2\/posts\/182575\/revisions\/182636"}],"wp:featuredmedia":[{"embeddable":true,"href":"https:\/\/www.gaveanews.com\/index.php\/wp-json\/wp\/v2\/media\/161261"}],"wp:attachment":[{"href":"https:\/\/www.gaveanews.com\/index.php\/wp-json\/wp\/v2\/media?parent=182575"}],"wp:term":[{"taxonomy":"category","embeddable":true,"href":"https:\/\/www.gaveanews.com\/index.php\/wp-json\/wp\/v2\/categories?post=182575"},{"taxonomy":"post_tag","embeddable":true,"href":"https:\/\/www.gaveanews.com\/index.php\/wp-json\/wp\/v2\/tags?post=182575"}],"curies":[{"name":"wp","href":"https:\/\/api.w.org\/{rel}","templated":true}]}}