{"id":18266,"date":"2019-04-24T10:01:15","date_gmt":"2019-04-24T13:01:15","guid":{"rendered":"https:\/\/www.gaveanews.com\/?p=18266"},"modified":"2019-04-24T00:52:18","modified_gmt":"2019-04-24T03:52:18","slug":"juan-diz-que-confronto-com-a-ldu-sera-duro-mas-avisa-vamos-jogar-para-vencer","status":"publish","type":"post","link":"https:\/\/www.gaveanews.com\/index.php\/2019\/04\/24\/juan-diz-que-confronto-com-a-ldu-sera-duro-mas-avisa-vamos-jogar-para-vencer\/","title":{"rendered":"Juan diz que confronto com a LDU ser\u00e1 duro, mas avisa: \u201cVamos jogar para vencer\u201d"},"content":{"rendered":"\n<p>O Flamengo entra em campo nesta quarta-feira (21), contra a LDU, do Equador, pela Copa Conmebol Libertadores. O confronto vai ser disputado na altitude de Quito, o que deve dificultar ainda mais a vida do Rubro-Negro. Juan, em entrevista na cerim\u00f4nia de premia\u00e7\u00e3o do Campeonato Carioca, falou sobre o assunto.<\/p>\n\n\n\n<p>Para o Flamengo garantir classifica\u00e7\u00e3o para as oitavas de final da Libertadores da Am\u00e9rica, basta empatar com a LDU, no Equador. No entanto, Juan garante que, assim como na final contra o Vasco, a equipe carioca n\u00e3o jogar\u00e1 pelo resultado igual, mas sim para vencer e garantir os tr\u00eas pontos.<\/p>\n\n\n\n<p>\u2013 Um jogo dif\u00edcil, como todos os jogos da Libertadores s\u00e3o. N\u00f3s tivemos um exemplo neste domingo (21), que t\u00ednhamos uma vantagem e em nenhum momento sentamos em cima da vantagem, buscamos o jogo e, gra\u00e7as a Deus, conseguimos a vit\u00f3ria. Tenho certeza que quarta-feira n\u00e3o vai ser diferente. Vamos jogar para vencer e voltar com os tr\u00eas pontos -, disse o defensor.<\/p>\n\n\n\n<p>Flamengo e LDU se enfrentam \u00e0s 21h30 (hor\u00e1rio de Bras\u00edlia), desta quarta-feira (24). O Fla ocupa a lideran\u00e7a do grupo D, com 9 pontos. Pe\u00f1arol, do Uruguai, que tamb\u00e9m est\u00e1 com 9, fica em segundo devido ao saldo de gols. LDU, por sua vez, ainda sonha com a classifica\u00e7\u00e3o, mas, para isso, apenas a vit\u00f3ria interessa. O time equatoriano tem apenas 4 pontos. O San Jos\u00e9, da Bol\u00edvia, tem somente 1 e j\u00e1 est\u00e1 eliminado da competi\u00e7\u00e3o.<\/p>\n\n\n\n\n\n<p>Retirado de: Coluna do Flamengo<\/p>\n","protected":false},"excerpt":{"rendered":"<p>O Flamengo entra em campo nesta quarta-feira (21), contra a LDU, do Equador, pela Copa Conmebol Libertadores. O confronto vai ser disputado na altitude de Quito, o que deve dificultar ainda mais a vida do Rubro-Negro. Juan, em entrevista na cerim\u00f4nia de premia\u00e7\u00e3o do Campeonato Carioca, falou sobre o assunto. Para o Flamengo garantir classifica\u00e7\u00e3o [&hellip;]<\/p>\n","protected":false},"author":1,"featured_media":14946,"comment_status":"open","ping_status":"open","sticky":false,"template":"","format":"standard","meta":{"footnotes":""},"categories":[1],"tags":[],"class_list":["post-18266","post","type-post","status-publish","format-standard","has-post-thumbnail","hentry","category-flamengo"],"yoast_head":"<!-- This site is optimized with the Yoast SEO Premium plugin v24.2 (Yoast SEO v26.9) - https:\/\/yoast.com\/product\/yoast-seo-premium-wordpress\/ -->\n<title>Juan diz que confronto com a LDU ser\u00e1 duro, mas avisa: \u201cVamos jogar para vencer\u201d<\/title>\n<meta name=\"robots\" content=\"index, follow, max-snippet:-1, max-image-preview:large, max-video-preview:-1\" \/>\n<link rel=\"canonical\" href=\"https:\/\/www.gaveanews.com\/index.php\/2019\/04\/24\/juan-diz-que-confronto-com-a-ldu-sera-duro-mas-avisa-vamos-jogar-para-vencer\/\" \/>\n<meta property=\"og:locale\" content=\"pt_BR\" \/>\n<meta property=\"og:type\" content=\"article\" \/>\n<meta property=\"og:title\" content=\"Juan diz que confronto com a LDU ser\u00e1 duro, mas avisa: \u201cVamos jogar para vencer\u201d\" \/>\n<meta property=\"og:description\" content=\"O Flamengo entra em campo nesta quarta-feira (21), contra a LDU, do Equador, pela Copa Conmebol Libertadores. O confronto vai ser disputado na altitude de Quito, o que deve dificultar ainda mais a vida do Rubro-Negro. Juan, em entrevista na cerim\u00f4nia de premia\u00e7\u00e3o do Campeonato Carioca, falou sobre o assunto. Para o Flamengo garantir classifica\u00e7\u00e3o [&hellip;]\" \/>\n<meta property=\"og:url\" content=\"https:\/\/www.gaveanews.com\/index.php\/2019\/04\/24\/juan-diz-que-confronto-com-a-ldu-sera-duro-mas-avisa-vamos-jogar-para-vencer\/\" \/>\n<meta property=\"og:site_name\" content=\"G\u00e1vea News\" \/>\n<meta property=\"article:publisher\" content=\"https:\/\/facebook.com\/gaveaNews\/\" \/>\n<meta property=\"article:published_time\" content=\"2019-04-24T13:01:15+00:00\" \/>\n<meta property=\"og:image\" content=\"https:\/\/www.gaveanews.com\/wp-content\/uploads\/2019\/03\/Juan-em-acao-pelo-Flamengo-durante-uma-partida-da-Libertadores-no-Maracana.webp\" \/>\n\t<meta property=\"og:image:width\" content=\"1\" \/>\n\t<meta property=\"og:image:height\" content=\"1\" \/>\n\t<meta property=\"og:image:type\" content=\"image\/jpeg\" \/>\n<meta name=\"author\" content=\"Equipe G\u00e1vea News\" \/>\n<meta name=\"twitter:card\" content=\"summary_large_image\" \/>\n<meta name=\"twitter:label1\" content=\"Escrito por\" \/>\n\t<meta name=\"twitter:data1\" content=\"Equipe G\u00e1vea News\" \/>\n\t<meta name=\"twitter:label2\" content=\"Est. tempo de leitura\" \/>\n\t<meta name=\"twitter:data2\" content=\"1 minuto\" \/>\n<script type=\"application\/ld+json\" class=\"yoast-schema-graph\">{\"@context\":\"https:\/\/schema.org\",\"@graph\":[{\"@type\":\"NewsArticle\",\"@id\":\"https:\/\/www.gaveanews.com\/index.php\/2019\/04\/24\/juan-diz-que-confronto-com-a-ldu-sera-duro-mas-avisa-vamos-jogar-para-vencer\/#article\",\"isPartOf\":{\"@id\":\"https:\/\/www.gaveanews.com\/index.php\/2019\/04\/24\/juan-diz-que-confronto-com-a-ldu-sera-duro-mas-avisa-vamos-jogar-para-vencer\/\"},\"author\":{\"name\":\"Equipe G\u00e1vea News\",\"@id\":\"https:\/\/www.gaveanews.com\/#\/schema\/person\/2ec14f73fb96be2caf28f91afb14749d\"},\"headline\":\"Juan diz que confronto com a LDU ser\u00e1 duro, mas avisa: \u201cVamos jogar para vencer\u201d\",\"datePublished\":\"2019-04-24T13:01:15+00:00\",\"mainEntityOfPage\":{\"@id\":\"https:\/\/www.gaveanews.com\/index.php\/2019\/04\/24\/juan-diz-que-confronto-com-a-ldu-sera-duro-mas-avisa-vamos-jogar-para-vencer\/\"},\"wordCount\":275,\"commentCount\":0,\"image\":{\"@id\":\"https:\/\/www.gaveanews.com\/index.php\/2019\/04\/24\/juan-diz-que-confronto-com-a-ldu-sera-duro-mas-avisa-vamos-jogar-para-vencer\/#primaryimage\"},\"thumbnailUrl\":\"https:\/\/www.gaveanews.com\/wp-content\/uploads\/2019\/03\/Juan-em-acao-pelo-Flamengo-durante-uma-partida-da-Libertadores-no-Maracana.webp\",\"articleSection\":[\"Flamengo\"],\"inLanguage\":\"pt-BR\",\"potentialAction\":[{\"@type\":\"CommentAction\",\"name\":\"Comment\",\"target\":[\"https:\/\/www.gaveanews.com\/index.php\/2019\/04\/24\/juan-diz-que-confronto-com-a-ldu-sera-duro-mas-avisa-vamos-jogar-para-vencer\/#respond\"]}],\"copyrightYear\":\"2019\",\"copyrightHolder\":{\"@id\":\"https:\/\/www.gaveanews.com\/#organization\"}},{\"@type\":\"WebPage\",\"@id\":\"https:\/\/www.gaveanews.com\/index.php\/2019\/04\/24\/juan-diz-que-confronto-com-a-ldu-sera-duro-mas-avisa-vamos-jogar-para-vencer\/\",\"url\":\"https:\/\/www.gaveanews.com\/index.php\/2019\/04\/24\/juan-diz-que-confronto-com-a-ldu-sera-duro-mas-avisa-vamos-jogar-para-vencer\/\",\"name\":\"Juan diz que confronto com a LDU ser\u00e1 duro, mas avisa: \u201cVamos jogar para vencer\u201d\",\"isPartOf\":{\"@id\":\"https:\/\/www.gaveanews.com\/#website\"},\"primaryImageOfPage\":{\"@id\":\"https:\/\/www.gaveanews.com\/index.php\/2019\/04\/24\/juan-diz-que-confronto-com-a-ldu-sera-duro-mas-avisa-vamos-jogar-para-vencer\/#primaryimage\"},\"image\":{\"@id\":\"https:\/\/www.gaveanews.com\/index.php\/2019\/04\/24\/juan-diz-que-confronto-com-a-ldu-sera-duro-mas-avisa-vamos-jogar-para-vencer\/#primaryimage\"},\"thumbnailUrl\":\"https:\/\/www.gaveanews.com\/wp-content\/uploads\/2019\/03\/Juan-em-acao-pelo-Flamengo-durante-uma-partida-da-Libertadores-no-Maracana.webp\",\"datePublished\":\"2019-04-24T13:01:15+00:00\",\"author\":{\"@id\":\"https:\/\/www.gaveanews.com\/#\/schema\/person\/2ec14f73fb96be2caf28f91afb14749d\"},\"breadcrumb\":{\"@id\":\"https:\/\/www.gaveanews.com\/index.php\/2019\/04\/24\/juan-diz-que-confronto-com-a-ldu-sera-duro-mas-avisa-vamos-jogar-para-vencer\/#breadcrumb\"},\"inLanguage\":\"pt-BR\",\"potentialAction\":[{\"@type\":\"ReadAction\",\"target\":[\"https:\/\/www.gaveanews.com\/index.php\/2019\/04\/24\/juan-diz-que-confronto-com-a-ldu-sera-duro-mas-avisa-vamos-jogar-para-vencer\/\"]}]},{\"@type\":\"ImageObject\",\"inLanguage\":\"pt-BR\",\"@id\":\"https:\/\/www.gaveanews.com\/index.php\/2019\/04\/24\/juan-diz-que-confronto-com-a-ldu-sera-duro-mas-avisa-vamos-jogar-para-vencer\/#primaryimage\",\"url\":\"https:\/\/www.gaveanews.com\/wp-content\/uploads\/2019\/03\/Juan-em-acao-pelo-Flamengo-durante-uma-partida-da-Libertadores-no-Maracana.webp\",\"contentUrl\":\"https:\/\/www.gaveanews.com\/wp-content\/uploads\/2019\/03\/Juan-em-acao-pelo-Flamengo-durante-uma-partida-da-Libertadores-no-Maracana.webp\",\"caption\":\"Juan em a\u00e7\u00e3o pelo Flamengo, durante uma partida da Libertadores, no Maracan\u00e3 (Foto: Gilvan de Souza\/Flamengo)\"},{\"@type\":\"BreadcrumbList\",\"@id\":\"https:\/\/www.gaveanews.com\/index.php\/2019\/04\/24\/juan-diz-que-confronto-com-a-ldu-sera-duro-mas-avisa-vamos-jogar-para-vencer\/#breadcrumb\",\"itemListElement\":[{\"@type\":\"ListItem\",\"position\":1,\"name\":\"Home\",\"item\":\"https:\/\/www.gaveanews.com\/\"},{\"@type\":\"ListItem\",\"position\":2,\"name\":\"Juan diz que confronto com a LDU ser\u00e1 duro, mas avisa: \u201cVamos jogar para vencer\u201d\"}]},{\"@type\":\"WebSite\",\"@id\":\"https:\/\/www.gaveanews.com\/#website\",\"url\":\"https:\/\/www.gaveanews.com\/\",\"name\":\"G\u00e1vea News\",\"description\":\"Veja todas as not\u00edcias sobre o Flamengo: Contrata\u00e7\u00f5es, categorias de base, resultados das partidas, tabela de classifica\u00e7\u00e3o, pr\u00f3ximos jogos!\",\"potentialAction\":[{\"@type\":\"SearchAction\",\"target\":{\"@type\":\"EntryPoint\",\"urlTemplate\":\"https:\/\/www.gaveanews.com\/?s={search_term_string}\"},\"query-input\":{\"@type\":\"PropertyValueSpecification\",\"valueRequired\":true,\"valueName\":\"search_term_string\"}}],\"inLanguage\":\"pt-BR\"},{\"@type\":\"Person\",\"@id\":\"https:\/\/www.gaveanews.com\/#\/schema\/person\/2ec14f73fb96be2caf28f91afb14749d\",\"name\":\"Equipe G\u00e1vea News\",\"image\":{\"@type\":\"ImageObject\",\"inLanguage\":\"pt-BR\",\"@id\":\"https:\/\/www.gaveanews.com\/#\/schema\/person\/image\/\",\"url\":\"https:\/\/secure.gravatar.com\/avatar\/1e1956f1facbffd3f8fa53a326721950116b3b9dc9bd44939c01180fd4a745a9?s=96&d=mm&r=g\",\"contentUrl\":\"https:\/\/secure.gravatar.com\/avatar\/1e1956f1facbffd3f8fa53a326721950116b3b9dc9bd44939c01180fd4a745a9?s=96&d=mm&r=g\",\"caption\":\"Equipe G\u00e1vea News\"}}]}<\/script>\n<!-- \/ Yoast SEO Premium plugin. -->","yoast_head_json":{"title":"Juan diz que confronto com a LDU ser\u00e1 duro, mas avisa: \u201cVamos jogar para vencer\u201d","robots":{"index":"index","follow":"follow","max-snippet":"max-snippet:-1","max-image-preview":"max-image-preview:large","max-video-preview":"max-video-preview:-1"},"canonical":"https:\/\/www.gaveanews.com\/index.php\/2019\/04\/24\/juan-diz-que-confronto-com-a-ldu-sera-duro-mas-avisa-vamos-jogar-para-vencer\/","og_locale":"pt_BR","og_type":"article","og_title":"Juan diz que confronto com a LDU ser\u00e1 duro, mas avisa: \u201cVamos jogar para vencer\u201d","og_description":"O Flamengo entra em campo nesta quarta-feira (21), contra a LDU, do Equador, pela Copa Conmebol Libertadores. O confronto vai ser disputado na altitude de Quito, o que deve dificultar ainda mais a vida do Rubro-Negro. Juan, em entrevista na cerim\u00f4nia de premia\u00e7\u00e3o do Campeonato Carioca, falou sobre o assunto. Para o Flamengo garantir classifica\u00e7\u00e3o [&hellip;]","og_url":"https:\/\/www.gaveanews.com\/index.php\/2019\/04\/24\/juan-diz-que-confronto-com-a-ldu-sera-duro-mas-avisa-vamos-jogar-para-vencer\/","og_site_name":"G\u00e1vea News","article_publisher":"https:\/\/facebook.com\/gaveaNews\/","article_published_time":"2019-04-24T13:01:15+00:00","og_image":[{"url":"https:\/\/www.gaveanews.com\/wp-content\/uploads\/2019\/03\/Juan-em-acao-pelo-Flamengo-durante-uma-partida-da-Libertadores-no-Maracana.webp","width":1,"height":1,"type":"image\/jpeg"}],"author":"Equipe G\u00e1vea News","twitter_card":"summary_large_image","twitter_misc":{"Escrito por":"Equipe G\u00e1vea News","Est. tempo de leitura":"1 minuto"},"schema":{"@context":"https:\/\/schema.org","@graph":[{"@type":"NewsArticle","@id":"https:\/\/www.gaveanews.com\/index.php\/2019\/04\/24\/juan-diz-que-confronto-com-a-ldu-sera-duro-mas-avisa-vamos-jogar-para-vencer\/#article","isPartOf":{"@id":"https:\/\/www.gaveanews.com\/index.php\/2019\/04\/24\/juan-diz-que-confronto-com-a-ldu-sera-duro-mas-avisa-vamos-jogar-para-vencer\/"},"author":{"name":"Equipe G\u00e1vea News","@id":"https:\/\/www.gaveanews.com\/#\/schema\/person\/2ec14f73fb96be2caf28f91afb14749d"},"headline":"Juan diz que confronto com a LDU ser\u00e1 duro, mas avisa: \u201cVamos jogar para vencer\u201d","datePublished":"2019-04-24T13:01:15+00:00","mainEntityOfPage":{"@id":"https:\/\/www.gaveanews.com\/index.php\/2019\/04\/24\/juan-diz-que-confronto-com-a-ldu-sera-duro-mas-avisa-vamos-jogar-para-vencer\/"},"wordCount":275,"commentCount":0,"image":{"@id":"https:\/\/www.gaveanews.com\/index.php\/2019\/04\/24\/juan-diz-que-confronto-com-a-ldu-sera-duro-mas-avisa-vamos-jogar-para-vencer\/#primaryimage"},"thumbnailUrl":"https:\/\/www.gaveanews.com\/wp-content\/uploads\/2019\/03\/Juan-em-acao-pelo-Flamengo-durante-uma-partida-da-Libertadores-no-Maracana.webp","articleSection":["Flamengo"],"inLanguage":"pt-BR","potentialAction":[{"@type":"CommentAction","name":"Comment","target":["https:\/\/www.gaveanews.com\/index.php\/2019\/04\/24\/juan-diz-que-confronto-com-a-ldu-sera-duro-mas-avisa-vamos-jogar-para-vencer\/#respond"]}],"copyrightYear":"2019","copyrightHolder":{"@id":"https:\/\/www.gaveanews.com\/#organization"}},{"@type":"WebPage","@id":"https:\/\/www.gaveanews.com\/index.php\/2019\/04\/24\/juan-diz-que-confronto-com-a-ldu-sera-duro-mas-avisa-vamos-jogar-para-vencer\/","url":"https:\/\/www.gaveanews.com\/index.php\/2019\/04\/24\/juan-diz-que-confronto-com-a-ldu-sera-duro-mas-avisa-vamos-jogar-para-vencer\/","name":"Juan diz que confronto com a LDU ser\u00e1 duro, mas avisa: \u201cVamos jogar para vencer\u201d","isPartOf":{"@id":"https:\/\/www.gaveanews.com\/#website"},"primaryImageOfPage":{"@id":"https:\/\/www.gaveanews.com\/index.php\/2019\/04\/24\/juan-diz-que-confronto-com-a-ldu-sera-duro-mas-avisa-vamos-jogar-para-vencer\/#primaryimage"},"image":{"@id":"https:\/\/www.gaveanews.com\/index.php\/2019\/04\/24\/juan-diz-que-confronto-com-a-ldu-sera-duro-mas-avisa-vamos-jogar-para-vencer\/#primaryimage"},"thumbnailUrl":"https:\/\/www.gaveanews.com\/wp-content\/uploads\/2019\/03\/Juan-em-acao-pelo-Flamengo-durante-uma-partida-da-Libertadores-no-Maracana.webp","datePublished":"2019-04-24T13:01:15+00:00","author":{"@id":"https:\/\/www.gaveanews.com\/#\/schema\/person\/2ec14f73fb96be2caf28f91afb14749d"},"breadcrumb":{"@id":"https:\/\/www.gaveanews.com\/index.php\/2019\/04\/24\/juan-diz-que-confronto-com-a-ldu-sera-duro-mas-avisa-vamos-jogar-para-vencer\/#breadcrumb"},"inLanguage":"pt-BR","potentialAction":[{"@type":"ReadAction","target":["https:\/\/www.gaveanews.com\/index.php\/2019\/04\/24\/juan-diz-que-confronto-com-a-ldu-sera-duro-mas-avisa-vamos-jogar-para-vencer\/"]}]},{"@type":"ImageObject","inLanguage":"pt-BR","@id":"https:\/\/www.gaveanews.com\/index.php\/2019\/04\/24\/juan-diz-que-confronto-com-a-ldu-sera-duro-mas-avisa-vamos-jogar-para-vencer\/#primaryimage","url":"https:\/\/www.gaveanews.com\/wp-content\/uploads\/2019\/03\/Juan-em-acao-pelo-Flamengo-durante-uma-partida-da-Libertadores-no-Maracana.webp","contentUrl":"https:\/\/www.gaveanews.com\/wp-content\/uploads\/2019\/03\/Juan-em-acao-pelo-Flamengo-durante-uma-partida-da-Libertadores-no-Maracana.webp","caption":"Juan em a\u00e7\u00e3o pelo Flamengo, durante uma partida da Libertadores, no Maracan\u00e3 (Foto: Gilvan de Souza\/Flamengo)"},{"@type":"BreadcrumbList","@id":"https:\/\/www.gaveanews.com\/index.php\/2019\/04\/24\/juan-diz-que-confronto-com-a-ldu-sera-duro-mas-avisa-vamos-jogar-para-vencer\/#breadcrumb","itemListElement":[{"@type":"ListItem","position":1,"name":"Home","item":"https:\/\/www.gaveanews.com\/"},{"@type":"ListItem","position":2,"name":"Juan diz que confronto com a LDU ser\u00e1 duro, mas avisa: \u201cVamos jogar para vencer\u201d"}]},{"@type":"WebSite","@id":"https:\/\/www.gaveanews.com\/#website","url":"https:\/\/www.gaveanews.com\/","name":"G\u00e1vea News","description":"Veja todas as not\u00edcias sobre o Flamengo: Contrata\u00e7\u00f5es, categorias de base, resultados das partidas, tabela de classifica\u00e7\u00e3o, pr\u00f3ximos jogos!","potentialAction":[{"@type":"SearchAction","target":{"@type":"EntryPoint","urlTemplate":"https:\/\/www.gaveanews.com\/?s={search_term_string}"},"query-input":{"@type":"PropertyValueSpecification","valueRequired":true,"valueName":"search_term_string"}}],"inLanguage":"pt-BR"},{"@type":"Person","@id":"https:\/\/www.gaveanews.com\/#\/schema\/person\/2ec14f73fb96be2caf28f91afb14749d","name":"Equipe G\u00e1vea News","image":{"@type":"ImageObject","inLanguage":"pt-BR","@id":"https:\/\/www.gaveanews.com\/#\/schema\/person\/image\/","url":"https:\/\/secure.gravatar.com\/avatar\/1e1956f1facbffd3f8fa53a326721950116b3b9dc9bd44939c01180fd4a745a9?s=96&d=mm&r=g","contentUrl":"https:\/\/secure.gravatar.com\/avatar\/1e1956f1facbffd3f8fa53a326721950116b3b9dc9bd44939c01180fd4a745a9?s=96&d=mm&r=g","caption":"Equipe G\u00e1vea News"}}]}},"_links":{"self":[{"href":"https:\/\/www.gaveanews.com\/index.php\/wp-json\/wp\/v2\/posts\/18266","targetHints":{"allow":["GET"]}}],"collection":[{"href":"https:\/\/www.gaveanews.com\/index.php\/wp-json\/wp\/v2\/posts"}],"about":[{"href":"https:\/\/www.gaveanews.com\/index.php\/wp-json\/wp\/v2\/types\/post"}],"author":[{"embeddable":true,"href":"https:\/\/www.gaveanews.com\/index.php\/wp-json\/wp\/v2\/users\/1"}],"replies":[{"embeddable":true,"href":"https:\/\/www.gaveanews.com\/index.php\/wp-json\/wp\/v2\/comments?post=18266"}],"version-history":[{"count":0,"href":"https:\/\/www.gaveanews.com\/index.php\/wp-json\/wp\/v2\/posts\/18266\/revisions"}],"wp:featuredmedia":[{"embeddable":true,"href":"https:\/\/www.gaveanews.com\/index.php\/wp-json\/wp\/v2\/media\/14946"}],"wp:attachment":[{"href":"https:\/\/www.gaveanews.com\/index.php\/wp-json\/wp\/v2\/media?parent=18266"}],"wp:term":[{"taxonomy":"category","embeddable":true,"href":"https:\/\/www.gaveanews.com\/index.php\/wp-json\/wp\/v2\/categories?post=18266"},{"taxonomy":"post_tag","embeddable":true,"href":"https:\/\/www.gaveanews.com\/index.php\/wp-json\/wp\/v2\/tags?post=18266"}],"curies":[{"name":"wp","href":"https:\/\/api.w.org\/{rel}","templated":true}]}}