{"id":182785,"date":"2024-11-08T05:00:00","date_gmt":"2024-11-08T08:00:00","guid":{"rendered":"https:\/\/www.gaveanews.com\/?p=182785"},"modified":"2024-11-08T01:41:32","modified_gmt":"2024-11-08T04:41:32","slug":"rival-ganha-desfalque-declaracao-de-fernando-diniz-e-recado-do-dono-da-saf-do-cruzeiro-as-ultimas-noticias-do-flamengo","status":"publish","type":"post","link":"https:\/\/www.gaveanews.com\/index.php\/2024\/11\/08\/rival-ganha-desfalque-declaracao-de-fernando-diniz-e-recado-do-dono-da-saf-do-cruzeiro-as-ultimas-noticias-do-flamengo\/","title":{"rendered":"Rival ganha desfalque, declara\u00e7\u00e3o de Fernando Diniz e recado do dono da SAF do Cruzeiro: as \u00faltimas not\u00edcias do Flamengo"},"content":{"rendered":"\n<p>Nas \u00faltimas horas, o foco das not\u00edcias sobre o Flamengo se concentram nos bastidores do clube, com destaques como a declara\u00e7\u00e3o de Fernando Diniz e o recado de Pedrinho BH.<\/p>\n\n\n\n<p>Por conta deste contexto, leia abaixo um resumo preparado pela equipe do portal G\u00e1vea News para lhe manter muito bem informado!<\/p>\n\n\n\n<h2 class=\"wp-block-heading\" id=\"h-recado-do-dono-da-saf-do-cruzeiro\">Recado do dono da SAF do Cruzeiro<\/h2>\n\n\n\n<p>Ap\u00f3s a derrota do Cruzeiro por 1 a 0 para o Flamengo na Arena Independ\u00eancia, Pedro Louren\u00e7o, dono da SAF do clube mineiro, expressou insatisfa\u00e7\u00e3o com a falta de efic\u00e1cia do ataque cruzeirense. Em uma partida equilibrada, o Flamengo garantiu a vit\u00f3ria com um gol de falta de David Luiz, mantendo-se no G4 do Campeonato Brasileiro e refor\u00e7ando seu momento positivo, especialmente antes da final da Copa do Brasil contra o Atl\u00e9tico-MG. O Cruzeiro, por outro lado, v\u00ea sua posi\u00e7\u00e3o na tabela amea\u00e7ada pela aus\u00eancia de um setor ofensivo eficiente, problema que Louren\u00e7o prometeu corrigir com novos refor\u00e7os para a pr\u00f3xima temporada. <strong><a href=\"https:\/\/www.gaveanews.com\/index.php\/2024\/11\/07\/a-declaracao-de-pedrinho-bh-apos-a-vitoria-do-flamengo\/\">(leia a mat\u00e9ria completa)<\/a><\/strong><\/p>\n\n\n\n<figure class=\"wp-block-image size-full\"><img loading=\"lazy\" decoding=\"async\" width=\"984\" height=\"656\" src=\"https:\/\/www.gaveanews.com\/wp-content\/uploads\/Pedro-Lourenco-Pedrinho.webp\" alt=\"\" class=\"wp-image-175923\" srcset=\"https:\/\/www.gaveanews.com\/wp-content\/uploads\/Pedro-Lourenco-Pedrinho.webp 984w, https:\/\/www.gaveanews.com\/wp-content\/uploads\/Pedro-Lourenco-Pedrinho-300x200.webp 300w, https:\/\/www.gaveanews.com\/wp-content\/uploads\/Pedro-Lourenco-Pedrinho-768x512.webp 768w, https:\/\/www.gaveanews.com\/wp-content\/uploads\/Pedro-Lourenco-Pedrinho-630x420.webp 630w, https:\/\/www.gaveanews.com\/wp-content\/uploads\/Pedro-Lourenco-Pedrinho-640x427.webp 640w, https:\/\/www.gaveanews.com\/wp-content\/uploads\/Pedro-Lourenco-Pedrinho-681x454.webp 681w, https:\/\/www.gaveanews.com\/wp-content\/uploads\/Pedro-Lourenco-Pedrinho-100x67.webp 100w\" sizes=\"auto, (max-width: 984px) 100vw, 984px\" \/><figcaption class=\"wp-element-caption\">Pedro Louren\u00e7o (Pedrinho) (Foto: Gustavo Aleixo\/Cruzeiro)<\/figcaption><\/figure>\n\n\n\n<p>O Flamengo, com esse triunfo, assegura-se na zona de classifica\u00e7\u00e3o direta para a Libertadores, somando agora 58 pontos. <\/p>\n\n\n\n<p>Al\u00e9m disso, o resultado intensifica uma sequ\u00eancia positiva contra o Cruzeiro no campeonato, com um retrospecto de nove anos sem perder para o clube mineiro, acumulando 11 vit\u00f3rias e dois empates. Esse hist\u00f3rico favor\u00e1vel aumenta a confian\u00e7a do time carioca para a final da Copa do Brasil, enquanto o Cruzeiro tenta reorganizar sua equipe.<\/p>\n\n\n\n<p>A declara\u00e7\u00e3o de Pedrinho BH deixou claro seu compromisso em solucionar as defici\u00eancias no ataque cruzeirense, apontando para a necessidade urgente de jogadores capazes de marcar gols e fazer a diferen\u00e7a na pr\u00f3xima temporada. Com metas distintas, Flamengo e Cruzeiro voltar\u00e3o a campo no fim de semana, com o Flamengo focado na decis\u00e3o da Copa do Brasil e o Cruzeiro enfrentando o Crici\u00fama pelo Brasileiro, buscando recupera\u00e7\u00e3o e estabilidade.<\/p>\n\n\n\n<h2 class=\"wp-block-heading\" id=\"h-declaracao-de-fernando-diniz\">Declara\u00e7\u00e3o de Fernando Diniz<\/h2>\n\n\n\n<p>Ap\u00f3s a derrota do Cruzeiro por 1 a 0 para o Flamengo, o t\u00e9cnico Fernando Diniz comentou sobre as oscila\u00e7\u00f5es de desempenho da equipe, especialmente nas \u00e1reas ofensiva e defensiva. Ele afirmou que o Cruzeiro tem deixado a desejar defensivamente, sofrendo gols que poderiam ser evitados, o que impacta negativamente a pontua\u00e7\u00e3o do time no Campeonato Brasileiro. Diniz tamb\u00e9m ressaltou a necessidade de maior consist\u00eancia para garantir bons resultados. <strong><a href=\"https:\/\/www.gaveanews.com\/index.php\/2024\/11\/07\/a-declaracao-de-fernando-diniz-apos-derrota-do-cruzeiro-para-o-flamengo\/\">(leia a mat\u00e9ria completa)<\/a><\/strong><\/p>\n\n\n\n<figure class=\"wp-block-image size-large\"><img loading=\"lazy\" decoding=\"async\" width=\"1024\" height=\"683\" src=\"https:\/\/www.gaveanews.com\/wp-content\/uploads\/Fernando-Diniz-durante-apresentacao-no-Cruzeiro-1024x683.webp\" alt=\"\" class=\"wp-image-169051\" srcset=\"https:\/\/www.gaveanews.com\/wp-content\/uploads\/Fernando-Diniz-durante-apresentacao-no-Cruzeiro-1024x683.webp 1024w, https:\/\/www.gaveanews.com\/wp-content\/uploads\/Fernando-Diniz-durante-apresentacao-no-Cruzeiro-300x200.webp 300w, https:\/\/www.gaveanews.com\/wp-content\/uploads\/Fernando-Diniz-durante-apresentacao-no-Cruzeiro-768x512.webp 768w, https:\/\/www.gaveanews.com\/wp-content\/uploads\/Fernando-Diniz-durante-apresentacao-no-Cruzeiro-630x420.webp 630w, https:\/\/www.gaveanews.com\/wp-content\/uploads\/Fernando-Diniz-durante-apresentacao-no-Cruzeiro-1260x840.webp 1260w, https:\/\/www.gaveanews.com\/wp-content\/uploads\/Fernando-Diniz-durante-apresentacao-no-Cruzeiro-640x427.webp 640w, https:\/\/www.gaveanews.com\/wp-content\/uploads\/Fernando-Diniz-durante-apresentacao-no-Cruzeiro-1280x853.webp 1280w, https:\/\/www.gaveanews.com\/wp-content\/uploads\/Fernando-Diniz-durante-apresentacao-no-Cruzeiro-681x454.webp 681w, https:\/\/www.gaveanews.com\/wp-content\/uploads\/Fernando-Diniz-durante-apresentacao-no-Cruzeiro-100x67.webp 100w, https:\/\/www.gaveanews.com\/wp-content\/uploads\/Fernando-Diniz-durante-apresentacao-no-Cruzeiro.webp 1353w\" sizes=\"auto, (max-width: 1024px) 100vw, 1024px\" \/><figcaption class=\"wp-element-caption\">Fernando Diniz durante apresenta\u00e7\u00e3o no Cruzeiro (Foto: Gustavo Aleixo\/Cruzeiro)<\/figcaption><\/figure>\n\n\n\n<p>No comando do Cruzeiro, Diniz obteve apenas uma vit\u00f3ria at\u00e9 o momento, em uma partida contra o Lan\u00fas, que levou o time \u00e0 final da Copa Sul-Americana. No entanto, ele ainda n\u00e3o venceu no Brasileir\u00e3o, acumulando tr\u00eas derrotas e dois empates. A sequ\u00eancia negativa na competi\u00e7\u00e3o nacional preocupa, e o t\u00e9cnico reconhece que falhas coletivas t\u00eam dificultado o avan\u00e7o da equipe. Em sua avalia\u00e7\u00e3o, minimizar esses erros ser\u00e1 crucial para que o Cruzeiro retome o caminho das vit\u00f3rias.<\/p>\n\n\n\n<p>Al\u00e9m das quest\u00f5es t\u00e1ticas, Diniz enfrentou questionamentos por substituir Matheus Pereira aos 13 minutos do segundo tempo, o que gerou rea\u00e7\u00e3o negativa da torcida. Ele justificou a substitui\u00e7\u00e3o com base na falta de mobilidade e na condi\u00e7\u00e3o f\u00edsica do jogador, que estava se recuperando de uma doen\u00e7a recente. A decis\u00e3o visava intensificar a press\u00e3o sobre o advers\u00e1rio, mas foi mal recebida pelos torcedores e pelo pr\u00f3prio Matheus Pereira, que, embora surpreso, afirmou respeitar a escolha do treinador.<\/p>\n\n\n\n<h2 class=\"wp-block-heading\" id=\"h-rival-ganha-desfalque\">Rival ganha desfalque<\/h2>\n\n\n\n<p>O Atl\u00e9tico Mineiro ter\u00e1 que lidar com a aus\u00eancia do meio-campista Paulo Vitor na pr\u00f3xima partida contra o Flamengo, no Campeonato Brasileiro, ap\u00f3s o jogador ter recebido o terceiro cart\u00e3o amarelo na \u00faltima rodada contra o Atl\u00e9tico-GO. O confronto ser\u00e1 realizado no Maracan\u00e3 no dia 13, e com a temporada se aproximando do final, o time mineiro enfrentar\u00e1 desafios extras para se manter competitivo.<strong><a href=\"https:\/\/www.gaveanews.com\/index.php\/2024\/11\/07\/atletico-perde-jogador-para-o-confronto-contra-o-flamengo\/\"> (leia a mat\u00e9ria completa)<\/a><\/strong><\/p>\n\n\n\n<figure class=\"wp-block-image size-full\"><img loading=\"lazy\" decoding=\"async\" width=\"799\" height=\"533\" src=\"https:\/\/www.gaveanews.com\/wp-content\/uploads\/Gabriel-Milito-durante-a-partida-entre-Gremio-e-Atletico-MG-pelo-Brasileirao-2024.webp\" alt=\"\" class=\"wp-image-149060\" srcset=\"https:\/\/www.gaveanews.com\/wp-content\/uploads\/Gabriel-Milito-durante-a-partida-entre-Gremio-e-Atletico-MG-pelo-Brasileirao-2024.webp 799w, https:\/\/www.gaveanews.com\/wp-content\/uploads\/Gabriel-Milito-durante-a-partida-entre-Gremio-e-Atletico-MG-pelo-Brasileirao-2024-300x200.webp 300w, https:\/\/www.gaveanews.com\/wp-content\/uploads\/Gabriel-Milito-durante-a-partida-entre-Gremio-e-Atletico-MG-pelo-Brasileirao-2024-768x512.webp 768w, https:\/\/www.gaveanews.com\/wp-content\/uploads\/Gabriel-Milito-durante-a-partida-entre-Gremio-e-Atletico-MG-pelo-Brasileirao-2024-630x420.webp 630w, https:\/\/www.gaveanews.com\/wp-content\/uploads\/Gabriel-Milito-durante-a-partida-entre-Gremio-e-Atletico-MG-pelo-Brasileirao-2024-640x427.webp 640w, https:\/\/www.gaveanews.com\/wp-content\/uploads\/Gabriel-Milito-durante-a-partida-entre-Gremio-e-Atletico-MG-pelo-Brasileirao-2024-681x454.webp 681w, https:\/\/www.gaveanews.com\/wp-content\/uploads\/Gabriel-Milito-durante-a-partida-entre-Gremio-e-Atletico-MG-pelo-Brasileirao-2024-100x67.webp 100w\" sizes=\"auto, (max-width: 799px) 100vw, 799px\" \/><figcaption class=\"wp-element-caption\">Gabriel Milito durante a partida entre Gr\u00eamio e Atl\u00e9tico-MG pelo Brasileir\u00e3o 2024 (Foto: Pedro Souza\/Atl\u00e9tico)<\/figcaption><\/figure>\n\n\n\n<p>Antes dessa partida pelo Brasileir\u00e3o, as equipes se enfrentam na final da Copa do Brasil. No jogo de ida, o Flamengo conquistou uma vantagem ao vencer o Atl\u00e9tico por 3 a 1 no Maracan\u00e3, com gols de Arrascaeta e Gabigol (duas vezes), enquanto Alan Kardec marcou para o Galo. Esse resultado coloca o Flamengo em posi\u00e7\u00e3o confort\u00e1vel para a volta, onde pode at\u00e9 perder por um gol e ainda assegurar o t\u00edtulo. Para o Atl\u00e9tico, uma vit\u00f3ria por dois gols levaria a decis\u00e3o aos p\u00eanaltis, enquanto uma diferen\u00e7a de tr\u00eas gols daria a vit\u00f3ria direta ao clube mineiro.<\/p>\n\n\n\n<p>Gabriel Milito, t\u00e9cnico do Atl\u00e9tico, est\u00e1 buscando alternativas para compensar a aus\u00eancia de Paulo Vitor e tem focado em poupar atletas chave em outras competi\u00e7\u00f5es. O volante Ot\u00e1vio ressaltou a necessidade de uma atua\u00e7\u00e3o impec\u00e1vel para vencer tanto no Brasileir\u00e3o quanto na Copa do Brasil.<\/p>\n","protected":false},"excerpt":{"rendered":"<p>Nas \u00faltimas horas, o foco das not\u00edcias sobre o Flamengo se concentram nos bastidores do clube, com destaques como a declara\u00e7\u00e3o de Fernando Diniz e o recado de Pedrinho BH. Por conta deste contexto, leia abaixo um resumo preparado pela equipe do portal G\u00e1vea News para lhe manter muito bem informado! Recado do dono da [&hellip;]<\/p>\n","protected":false},"author":27,"featured_media":126591,"comment_status":"open","ping_status":"closed","sticky":false,"template":"","format":"standard","meta":{"footnotes":""},"categories":[1],"tags":[],"class_list":["post-182785","post","type-post","status-publish","format-standard","has-post-thumbnail","hentry","category-flamengo"],"yoast_head":"<!-- This site is optimized with the Yoast SEO Premium plugin v24.2 (Yoast SEO v26.9) - https:\/\/yoast.com\/product\/yoast-seo-premium-wordpress\/ -->\n<title>Rival ganha desfalque, declara\u00e7\u00e3o de Fernando Diniz e recado do dono da SAF do Cruzeiro: as \u00faltimas not\u00edcias do Flamengo<\/title>\n<meta name=\"robots\" content=\"index, follow, max-snippet:-1, max-image-preview:large, max-video-preview:-1\" \/>\n<link rel=\"canonical\" href=\"https:\/\/www.gaveanews.com\/index.php\/2024\/11\/08\/rival-ganha-desfalque-declaracao-de-fernando-diniz-e-recado-do-dono-da-saf-do-cruzeiro-as-ultimas-noticias-do-flamengo\/\" \/>\n<meta property=\"og:locale\" content=\"pt_BR\" \/>\n<meta property=\"og:type\" content=\"article\" \/>\n<meta property=\"og:title\" content=\"Rival ganha desfalque, declara\u00e7\u00e3o de Fernando Diniz e recado do dono da SAF do Cruzeiro: as \u00faltimas not\u00edcias do Flamengo\" \/>\n<meta property=\"og:description\" content=\"Nas \u00faltimas horas, o foco das not\u00edcias sobre o Flamengo se concentram nos bastidores do clube, com destaques como a declara\u00e7\u00e3o de Fernando Diniz e o recado de Pedrinho BH. Por conta deste contexto, leia abaixo um resumo preparado pela equipe do portal G\u00e1vea News para lhe manter muito bem informado! Recado do dono da [&hellip;]\" \/>\n<meta property=\"og:url\" content=\"https:\/\/www.gaveanews.com\/index.php\/2024\/11\/08\/rival-ganha-desfalque-declaracao-de-fernando-diniz-e-recado-do-dono-da-saf-do-cruzeiro-as-ultimas-noticias-do-flamengo\/\" \/>\n<meta property=\"og:site_name\" content=\"G\u00e1vea News\" \/>\n<meta property=\"article:publisher\" content=\"https:\/\/facebook.com\/gaveaNews\/\" \/>\n<meta property=\"article:published_time\" content=\"2024-11-08T08:00:00+00:00\" \/>\n<meta property=\"og:image\" content=\"https:\/\/www.gaveanews.com\/wp-content\/uploads\/escudoDoFlamengo.webp\" \/>\n\t<meta property=\"og:image:width\" content=\"1000\" \/>\n\t<meta property=\"og:image:height\" content=\"667\" \/>\n\t<meta property=\"og:image:type\" content=\"image\/jpeg\" \/>\n<meta name=\"author\" content=\"Matheus Felipe\" \/>\n<meta name=\"twitter:card\" content=\"summary_large_image\" \/>\n<meta name=\"twitter:label1\" content=\"Escrito por\" \/>\n\t<meta name=\"twitter:data1\" content=\"Matheus Felipe\" \/>\n\t<meta name=\"twitter:label2\" content=\"Est. tempo de leitura\" \/>\n\t<meta name=\"twitter:data2\" content=\"6 minutos\" \/>\n<script type=\"application\/ld+json\" class=\"yoast-schema-graph\">{\"@context\":\"https:\/\/schema.org\",\"@graph\":[{\"@type\":\"NewsArticle\",\"@id\":\"https:\/\/www.gaveanews.com\/index.php\/2024\/11\/08\/rival-ganha-desfalque-declaracao-de-fernando-diniz-e-recado-do-dono-da-saf-do-cruzeiro-as-ultimas-noticias-do-flamengo\/#article\",\"isPartOf\":{\"@id\":\"https:\/\/www.gaveanews.com\/index.php\/2024\/11\/08\/rival-ganha-desfalque-declaracao-de-fernando-diniz-e-recado-do-dono-da-saf-do-cruzeiro-as-ultimas-noticias-do-flamengo\/\"},\"author\":{\"name\":\"Matheus Felipe\",\"@id\":\"https:\/\/www.gaveanews.com\/#\/schema\/person\/8207cd4627f56151707418bfc835b2fb\"},\"headline\":\"Rival ganha desfalque, declara\u00e7\u00e3o de Fernando Diniz e recado do dono da SAF do Cruzeiro: as \u00faltimas not\u00edcias do Flamengo\",\"datePublished\":\"2024-11-08T08:00:00+00:00\",\"mainEntityOfPage\":{\"@id\":\"https:\/\/www.gaveanews.com\/index.php\/2024\/11\/08\/rival-ganha-desfalque-declaracao-de-fernando-diniz-e-recado-do-dono-da-saf-do-cruzeiro-as-ultimas-noticias-do-flamengo\/\"},\"wordCount\":892,\"commentCount\":0,\"image\":{\"@id\":\"https:\/\/www.gaveanews.com\/index.php\/2024\/11\/08\/rival-ganha-desfalque-declaracao-de-fernando-diniz-e-recado-do-dono-da-saf-do-cruzeiro-as-ultimas-noticias-do-flamengo\/#primaryimage\"},\"thumbnailUrl\":\"https:\/\/www.gaveanews.com\/wp-content\/uploads\/escudoDoFlamengo.webp\",\"articleSection\":[\"Flamengo\"],\"inLanguage\":\"pt-BR\",\"potentialAction\":[{\"@type\":\"CommentAction\",\"name\":\"Comment\",\"target\":[\"https:\/\/www.gaveanews.com\/index.php\/2024\/11\/08\/rival-ganha-desfalque-declaracao-de-fernando-diniz-e-recado-do-dono-da-saf-do-cruzeiro-as-ultimas-noticias-do-flamengo\/#respond\"]}],\"copyrightYear\":\"2024\",\"copyrightHolder\":{\"@id\":\"https:\/\/www.gaveanews.com\/#organization\"}},{\"@type\":\"WebPage\",\"@id\":\"https:\/\/www.gaveanews.com\/index.php\/2024\/11\/08\/rival-ganha-desfalque-declaracao-de-fernando-diniz-e-recado-do-dono-da-saf-do-cruzeiro-as-ultimas-noticias-do-flamengo\/\",\"url\":\"https:\/\/www.gaveanews.com\/index.php\/2024\/11\/08\/rival-ganha-desfalque-declaracao-de-fernando-diniz-e-recado-do-dono-da-saf-do-cruzeiro-as-ultimas-noticias-do-flamengo\/\",\"name\":\"Rival ganha desfalque, declara\u00e7\u00e3o de Fernando Diniz e recado do dono da SAF do Cruzeiro: as \u00faltimas not\u00edcias do Flamengo\",\"isPartOf\":{\"@id\":\"https:\/\/www.gaveanews.com\/#website\"},\"primaryImageOfPage\":{\"@id\":\"https:\/\/www.gaveanews.com\/index.php\/2024\/11\/08\/rival-ganha-desfalque-declaracao-de-fernando-diniz-e-recado-do-dono-da-saf-do-cruzeiro-as-ultimas-noticias-do-flamengo\/#primaryimage\"},\"image\":{\"@id\":\"https:\/\/www.gaveanews.com\/index.php\/2024\/11\/08\/rival-ganha-desfalque-declaracao-de-fernando-diniz-e-recado-do-dono-da-saf-do-cruzeiro-as-ultimas-noticias-do-flamengo\/#primaryimage\"},\"thumbnailUrl\":\"https:\/\/www.gaveanews.com\/wp-content\/uploads\/escudoDoFlamengo.webp\",\"datePublished\":\"2024-11-08T08:00:00+00:00\",\"author\":{\"@id\":\"https:\/\/www.gaveanews.com\/#\/schema\/person\/8207cd4627f56151707418bfc835b2fb\"},\"breadcrumb\":{\"@id\":\"https:\/\/www.gaveanews.com\/index.php\/2024\/11\/08\/rival-ganha-desfalque-declaracao-de-fernando-diniz-e-recado-do-dono-da-saf-do-cruzeiro-as-ultimas-noticias-do-flamengo\/#breadcrumb\"},\"inLanguage\":\"pt-BR\",\"potentialAction\":[{\"@type\":\"ReadAction\",\"target\":[\"https:\/\/www.gaveanews.com\/index.php\/2024\/11\/08\/rival-ganha-desfalque-declaracao-de-fernando-diniz-e-recado-do-dono-da-saf-do-cruzeiro-as-ultimas-noticias-do-flamengo\/\"]}]},{\"@type\":\"ImageObject\",\"inLanguage\":\"pt-BR\",\"@id\":\"https:\/\/www.gaveanews.com\/index.php\/2024\/11\/08\/rival-ganha-desfalque-declaracao-de-fernando-diniz-e-recado-do-dono-da-saf-do-cruzeiro-as-ultimas-noticias-do-flamengo\/#primaryimage\",\"url\":\"https:\/\/www.gaveanews.com\/wp-content\/uploads\/escudoDoFlamengo.webp\",\"contentUrl\":\"https:\/\/www.gaveanews.com\/wp-content\/uploads\/escudoDoFlamengo.webp\",\"width\":1000,\"height\":667,\"caption\":\"Escudo do Flamengo (Foto: Reprodu\u00e7\u00e3o)\"},{\"@type\":\"BreadcrumbList\",\"@id\":\"https:\/\/www.gaveanews.com\/index.php\/2024\/11\/08\/rival-ganha-desfalque-declaracao-de-fernando-diniz-e-recado-do-dono-da-saf-do-cruzeiro-as-ultimas-noticias-do-flamengo\/#breadcrumb\",\"itemListElement\":[{\"@type\":\"ListItem\",\"position\":1,\"name\":\"Home\",\"item\":\"https:\/\/www.gaveanews.com\/\"},{\"@type\":\"ListItem\",\"position\":2,\"name\":\"Rival ganha desfalque, declara\u00e7\u00e3o de Fernando Diniz e recado do dono da SAF do Cruzeiro: as \u00faltimas not\u00edcias do Flamengo\"}]},{\"@type\":\"WebSite\",\"@id\":\"https:\/\/www.gaveanews.com\/#website\",\"url\":\"https:\/\/www.gaveanews.com\/\",\"name\":\"G\u00e1vea News\",\"description\":\"Veja todas as not\u00edcias sobre o Flamengo: Contrata\u00e7\u00f5es, categorias de base, resultados das partidas, tabela de classifica\u00e7\u00e3o, pr\u00f3ximos jogos!\",\"potentialAction\":[{\"@type\":\"SearchAction\",\"target\":{\"@type\":\"EntryPoint\",\"urlTemplate\":\"https:\/\/www.gaveanews.com\/?s={search_term_string}\"},\"query-input\":{\"@type\":\"PropertyValueSpecification\",\"valueRequired\":true,\"valueName\":\"search_term_string\"}}],\"inLanguage\":\"pt-BR\"},{\"@type\":\"Person\",\"@id\":\"https:\/\/www.gaveanews.com\/#\/schema\/person\/8207cd4627f56151707418bfc835b2fb\",\"name\":\"Matheus Felipe\",\"image\":{\"@type\":\"ImageObject\",\"inLanguage\":\"pt-BR\",\"@id\":\"https:\/\/www.gaveanews.com\/#\/schema\/person\/image\/\",\"url\":\"https:\/\/secure.gravatar.com\/avatar\/a452ffbed9130f726358b298bb3a99ce4bd3c5338411f8440e87e14d74c7c087?s=96&d=mm&r=g\",\"contentUrl\":\"https:\/\/secure.gravatar.com\/avatar\/a452ffbed9130f726358b298bb3a99ce4bd3c5338411f8440e87e14d74c7c087?s=96&d=mm&r=g\",\"caption\":\"Matheus Felipe\"}}]}<\/script>\n<!-- \/ Yoast SEO Premium plugin. -->","yoast_head_json":{"title":"Rival ganha desfalque, declara\u00e7\u00e3o de Fernando Diniz e recado do dono da SAF do Cruzeiro: as \u00faltimas not\u00edcias do Flamengo","robots":{"index":"index","follow":"follow","max-snippet":"max-snippet:-1","max-image-preview":"max-image-preview:large","max-video-preview":"max-video-preview:-1"},"canonical":"https:\/\/www.gaveanews.com\/index.php\/2024\/11\/08\/rival-ganha-desfalque-declaracao-de-fernando-diniz-e-recado-do-dono-da-saf-do-cruzeiro-as-ultimas-noticias-do-flamengo\/","og_locale":"pt_BR","og_type":"article","og_title":"Rival ganha desfalque, declara\u00e7\u00e3o de Fernando Diniz e recado do dono da SAF do Cruzeiro: as \u00faltimas not\u00edcias do Flamengo","og_description":"Nas \u00faltimas horas, o foco das not\u00edcias sobre o Flamengo se concentram nos bastidores do clube, com destaques como a declara\u00e7\u00e3o de Fernando Diniz e o recado de Pedrinho BH. Por conta deste contexto, leia abaixo um resumo preparado pela equipe do portal G\u00e1vea News para lhe manter muito bem informado! Recado do dono da [&hellip;]","og_url":"https:\/\/www.gaveanews.com\/index.php\/2024\/11\/08\/rival-ganha-desfalque-declaracao-de-fernando-diniz-e-recado-do-dono-da-saf-do-cruzeiro-as-ultimas-noticias-do-flamengo\/","og_site_name":"G\u00e1vea News","article_publisher":"https:\/\/facebook.com\/gaveaNews\/","article_published_time":"2024-11-08T08:00:00+00:00","og_image":[{"width":1000,"height":667,"url":"https:\/\/www.gaveanews.com\/wp-content\/uploads\/escudoDoFlamengo.webp","type":"image\/jpeg"}],"author":"Matheus Felipe","twitter_card":"summary_large_image","twitter_misc":{"Escrito por":"Matheus Felipe","Est. tempo de leitura":"6 minutos"},"schema":{"@context":"https:\/\/schema.org","@graph":[{"@type":"NewsArticle","@id":"https:\/\/www.gaveanews.com\/index.php\/2024\/11\/08\/rival-ganha-desfalque-declaracao-de-fernando-diniz-e-recado-do-dono-da-saf-do-cruzeiro-as-ultimas-noticias-do-flamengo\/#article","isPartOf":{"@id":"https:\/\/www.gaveanews.com\/index.php\/2024\/11\/08\/rival-ganha-desfalque-declaracao-de-fernando-diniz-e-recado-do-dono-da-saf-do-cruzeiro-as-ultimas-noticias-do-flamengo\/"},"author":{"name":"Matheus Felipe","@id":"https:\/\/www.gaveanews.com\/#\/schema\/person\/8207cd4627f56151707418bfc835b2fb"},"headline":"Rival ganha desfalque, declara\u00e7\u00e3o de Fernando Diniz e recado do dono da SAF do Cruzeiro: as \u00faltimas not\u00edcias do Flamengo","datePublished":"2024-11-08T08:00:00+00:00","mainEntityOfPage":{"@id":"https:\/\/www.gaveanews.com\/index.php\/2024\/11\/08\/rival-ganha-desfalque-declaracao-de-fernando-diniz-e-recado-do-dono-da-saf-do-cruzeiro-as-ultimas-noticias-do-flamengo\/"},"wordCount":892,"commentCount":0,"image":{"@id":"https:\/\/www.gaveanews.com\/index.php\/2024\/11\/08\/rival-ganha-desfalque-declaracao-de-fernando-diniz-e-recado-do-dono-da-saf-do-cruzeiro-as-ultimas-noticias-do-flamengo\/#primaryimage"},"thumbnailUrl":"https:\/\/www.gaveanews.com\/wp-content\/uploads\/escudoDoFlamengo.webp","articleSection":["Flamengo"],"inLanguage":"pt-BR","potentialAction":[{"@type":"CommentAction","name":"Comment","target":["https:\/\/www.gaveanews.com\/index.php\/2024\/11\/08\/rival-ganha-desfalque-declaracao-de-fernando-diniz-e-recado-do-dono-da-saf-do-cruzeiro-as-ultimas-noticias-do-flamengo\/#respond"]}],"copyrightYear":"2024","copyrightHolder":{"@id":"https:\/\/www.gaveanews.com\/#organization"}},{"@type":"WebPage","@id":"https:\/\/www.gaveanews.com\/index.php\/2024\/11\/08\/rival-ganha-desfalque-declaracao-de-fernando-diniz-e-recado-do-dono-da-saf-do-cruzeiro-as-ultimas-noticias-do-flamengo\/","url":"https:\/\/www.gaveanews.com\/index.php\/2024\/11\/08\/rival-ganha-desfalque-declaracao-de-fernando-diniz-e-recado-do-dono-da-saf-do-cruzeiro-as-ultimas-noticias-do-flamengo\/","name":"Rival ganha desfalque, declara\u00e7\u00e3o de Fernando Diniz e recado do dono da SAF do Cruzeiro: as \u00faltimas not\u00edcias do Flamengo","isPartOf":{"@id":"https:\/\/www.gaveanews.com\/#website"},"primaryImageOfPage":{"@id":"https:\/\/www.gaveanews.com\/index.php\/2024\/11\/08\/rival-ganha-desfalque-declaracao-de-fernando-diniz-e-recado-do-dono-da-saf-do-cruzeiro-as-ultimas-noticias-do-flamengo\/#primaryimage"},"image":{"@id":"https:\/\/www.gaveanews.com\/index.php\/2024\/11\/08\/rival-ganha-desfalque-declaracao-de-fernando-diniz-e-recado-do-dono-da-saf-do-cruzeiro-as-ultimas-noticias-do-flamengo\/#primaryimage"},"thumbnailUrl":"https:\/\/www.gaveanews.com\/wp-content\/uploads\/escudoDoFlamengo.webp","datePublished":"2024-11-08T08:00:00+00:00","author":{"@id":"https:\/\/www.gaveanews.com\/#\/schema\/person\/8207cd4627f56151707418bfc835b2fb"},"breadcrumb":{"@id":"https:\/\/www.gaveanews.com\/index.php\/2024\/11\/08\/rival-ganha-desfalque-declaracao-de-fernando-diniz-e-recado-do-dono-da-saf-do-cruzeiro-as-ultimas-noticias-do-flamengo\/#breadcrumb"},"inLanguage":"pt-BR","potentialAction":[{"@type":"ReadAction","target":["https:\/\/www.gaveanews.com\/index.php\/2024\/11\/08\/rival-ganha-desfalque-declaracao-de-fernando-diniz-e-recado-do-dono-da-saf-do-cruzeiro-as-ultimas-noticias-do-flamengo\/"]}]},{"@type":"ImageObject","inLanguage":"pt-BR","@id":"https:\/\/www.gaveanews.com\/index.php\/2024\/11\/08\/rival-ganha-desfalque-declaracao-de-fernando-diniz-e-recado-do-dono-da-saf-do-cruzeiro-as-ultimas-noticias-do-flamengo\/#primaryimage","url":"https:\/\/www.gaveanews.com\/wp-content\/uploads\/escudoDoFlamengo.webp","contentUrl":"https:\/\/www.gaveanews.com\/wp-content\/uploads\/escudoDoFlamengo.webp","width":1000,"height":667,"caption":"Escudo do Flamengo (Foto: Reprodu\u00e7\u00e3o)"},{"@type":"BreadcrumbList","@id":"https:\/\/www.gaveanews.com\/index.php\/2024\/11\/08\/rival-ganha-desfalque-declaracao-de-fernando-diniz-e-recado-do-dono-da-saf-do-cruzeiro-as-ultimas-noticias-do-flamengo\/#breadcrumb","itemListElement":[{"@type":"ListItem","position":1,"name":"Home","item":"https:\/\/www.gaveanews.com\/"},{"@type":"ListItem","position":2,"name":"Rival ganha desfalque, declara\u00e7\u00e3o de Fernando Diniz e recado do dono da SAF do Cruzeiro: as \u00faltimas not\u00edcias do Flamengo"}]},{"@type":"WebSite","@id":"https:\/\/www.gaveanews.com\/#website","url":"https:\/\/www.gaveanews.com\/","name":"G\u00e1vea News","description":"Veja todas as not\u00edcias sobre o Flamengo: Contrata\u00e7\u00f5es, categorias de base, resultados das partidas, tabela de classifica\u00e7\u00e3o, pr\u00f3ximos jogos!","potentialAction":[{"@type":"SearchAction","target":{"@type":"EntryPoint","urlTemplate":"https:\/\/www.gaveanews.com\/?s={search_term_string}"},"query-input":{"@type":"PropertyValueSpecification","valueRequired":true,"valueName":"search_term_string"}}],"inLanguage":"pt-BR"},{"@type":"Person","@id":"https:\/\/www.gaveanews.com\/#\/schema\/person\/8207cd4627f56151707418bfc835b2fb","name":"Matheus Felipe","image":{"@type":"ImageObject","inLanguage":"pt-BR","@id":"https:\/\/www.gaveanews.com\/#\/schema\/person\/image\/","url":"https:\/\/secure.gravatar.com\/avatar\/a452ffbed9130f726358b298bb3a99ce4bd3c5338411f8440e87e14d74c7c087?s=96&d=mm&r=g","contentUrl":"https:\/\/secure.gravatar.com\/avatar\/a452ffbed9130f726358b298bb3a99ce4bd3c5338411f8440e87e14d74c7c087?s=96&d=mm&r=g","caption":"Matheus Felipe"}}]}},"_links":{"self":[{"href":"https:\/\/www.gaveanews.com\/index.php\/wp-json\/wp\/v2\/posts\/182785","targetHints":{"allow":["GET"]}}],"collection":[{"href":"https:\/\/www.gaveanews.com\/index.php\/wp-json\/wp\/v2\/posts"}],"about":[{"href":"https:\/\/www.gaveanews.com\/index.php\/wp-json\/wp\/v2\/types\/post"}],"author":[{"embeddable":true,"href":"https:\/\/www.gaveanews.com\/index.php\/wp-json\/wp\/v2\/users\/27"}],"replies":[{"embeddable":true,"href":"https:\/\/www.gaveanews.com\/index.php\/wp-json\/wp\/v2\/comments?post=182785"}],"version-history":[{"count":1,"href":"https:\/\/www.gaveanews.com\/index.php\/wp-json\/wp\/v2\/posts\/182785\/revisions"}],"predecessor-version":[{"id":182786,"href":"https:\/\/www.gaveanews.com\/index.php\/wp-json\/wp\/v2\/posts\/182785\/revisions\/182786"}],"wp:featuredmedia":[{"embeddable":true,"href":"https:\/\/www.gaveanews.com\/index.php\/wp-json\/wp\/v2\/media\/126591"}],"wp:attachment":[{"href":"https:\/\/www.gaveanews.com\/index.php\/wp-json\/wp\/v2\/media?parent=182785"}],"wp:term":[{"taxonomy":"category","embeddable":true,"href":"https:\/\/www.gaveanews.com\/index.php\/wp-json\/wp\/v2\/categories?post=182785"},{"taxonomy":"post_tag","embeddable":true,"href":"https:\/\/www.gaveanews.com\/index.php\/wp-json\/wp\/v2\/tags?post=182785"}],"curies":[{"name":"wp","href":"https:\/\/api.w.org\/{rel}","templated":true}]}}