{"id":182806,"date":"2024-11-08T11:05:00","date_gmt":"2024-11-08T14:05:00","guid":{"rendered":"https:\/\/www.gaveanews.com\/?p=182806"},"modified":"2024-11-08T10:54:30","modified_gmt":"2024-11-08T13:54:30","slug":"desempenho-de-diniz-no-brasileirao-preocupa-torcida-do-cruzeiro","status":"publish","type":"post","link":"https:\/\/www.gaveanews.com\/index.php\/2024\/11\/08\/desempenho-de-diniz-no-brasileirao-preocupa-torcida-do-cruzeiro\/","title":{"rendered":"Desempenho de Diniz no Brasileir\u00e3o preocupa torcida do Cruzeiro"},"content":{"rendered":"\n<p>Finalista da Copa Sul-Americana, Fernando Diniz n\u00e3o vai bem no Campeonato Brasileiro. O treinador esteve \u00e0 frente de Fluminense e Cruzeiro, mas s\u00f3 conquistou uma vit\u00f3ria nos \u00faltimos 16 jogos. Ele possui um aproveitamento pior que o lanterna da competi\u00e7\u00e3o.<\/p>\n\n\n\n<ul class=\"wp-block-list\">\n<li><a href=\"https:\/\/www.gaveanews.com\/index.php\/2024\/11\/07\/a-declaracao-de-ale-oliveira-direcionada-a-walace-do-cruzeiro\/\">A declara\u00e7\u00e3o de Al\u00ea Oliveira direcionada a Walace, do Cruzeiro<\/a><\/li>\n\n\n\n<li><a href=\"https:\/\/www.gaveanews.com\/index.php\/2024\/11\/07\/fernando-diniz-faz-pedido-para-a-torcida-do-cruzeiro\/\">Fernando Diniz faz pedido para a torcida do Cruzeiro<\/a><\/li>\n<\/ul>\n\n\n\n<p>O Cruzeiro recebeu o Flamengo pela 32\u00aa rodada do Campeonato Brasileiro, na \u00faltima quarta-feira (6\/11), e foi derrotado por 1 a 0. O gol da partida foi marcado por David Luiz em uma falta cobrada na segunda etapa. Ele aproveitou uma desaten\u00e7\u00e3o dos homens na barreira e chutou na brecha entre eles. O goleiro C\u00e1ssio at\u00e9 tentou alcan\u00e7ar a bola mas n\u00e3o conseguiu.<\/p>\n\n\n\n<p>Com a derrota, o Cruzeiro estacionou nos 44 pontos, na 8\u00aa posi\u00e7\u00e3o e viu os times do G6 se distanciar. Internacional e S\u00e3o Paulo venceram na rodada, e a diferen\u00e7a para sexto colocado \u00e9 de 9 pontos. Faltando seis jogos para fechar o Brasileir\u00e3o, buscar uma vaga para a Libertadores parece improv\u00e1vel.&nbsp;<\/p>\n\n\n\n<p>O rev\u00e9s sofrido pela Raposa tamb\u00e9m evidencia o p\u00e9ssimo desempenho de Fernando Diniz \u00e0 frente do time. Ele dirigiu a Celeste em cinco oportunidades e n\u00e3o venceu nenhuma. S\u00e3o tr\u00eas derrotas e dois empates, um aproveitamento de 13,3%.<\/p>\n\n\n\n<p>No ex-clube, o Fluminense, ele tamb\u00e9m amargou com a seca de vit\u00f3rias. Foram onze jogos, com uma vit\u00f3ria, tr\u00eas empates e sete derrotas. Somando os dois retrospectos, ele conquistou apenas 8 pontos de 48 poss\u00edveis, 16,6% de aproveitamento, uma campanha inferior \u00e0 realizada pelo lanterna do Brasileir\u00e3o, o Atl\u00e9tico-GO.<\/p>\n\n\n\n<p>O trabalho abaixo do que era esperado do atual t\u00e9cnico campe\u00e3o da Copa Libertadores da Am\u00e9rica, tem sido frustrante para o torcedor cruzeirense. Muito embora a equipe esteja na final da Copa Sul-Americana, eles cobram uma performance melhor da equipe. Alguns torcedores foram \u00e0s redes sociais reclamar de Fernando Diniz ap\u00f3s a derrota para o Flamengo.&nbsp;<\/p>\n\n\n\n<p>\u201cComo \u00e9 bom torcer pro cruzeiro do Diniz. 4 substitui\u00e7\u00f5es, sendo uma o LS\u00a0(Lucas Silva) no Romero. \u00c9 pq guardamos uma e no pr\u00f3ximo jogo poderemos fazer seis substitui\u00e7\u00f5es\u201d, ironizou um dos torcedores.<\/p>\n\n\n\n<h2 class=\"wp-block-heading\" id=\"h-veja-outras-reacoes\">Veja outras rea\u00e7\u00f5es<\/h2>\n\n\n\n<blockquote class=\"twitter-tweet\" data-conversation=\"none\"><p lang=\"pt\" dir=\"ltr\">ningu\u00e9m mandou contratar diniz, avisamos<br><br>\ud83c\udded\ud83c\uddfa\ud83c\udded\ud83c\uddfa<\/p>&mdash; Carioc\u00e3o Depr\u00ea (@RJFutDepre) <a href=\"https:\/\/twitter.com\/RJFutDepre\/status\/1854344892228460983?ref_src=twsrc%5Etfw\">November 7, 2024<\/a><\/blockquote> <script async src=\"https:\/\/platform.twitter.com\/widgets.js\" charset=\"utf-8\"><\/script>\n\n\n\n<blockquote class=\"twitter-tweet\" data-conversation=\"none\"><p lang=\"pt\" dir=\"ltr\">Como \u00e9 bom torcer pro cruzeiro do diniz<br><br>4 substitui\u00e7\u00f5es, sendo uma o ls no Romero<br>\u00c9 pq guardamos uma e no pr\u00f3ximo jogo poderemos fazer seis substitui\u00e7\u00f5es<\/p>&mdash; Lucas Santana (@lucaspesantana) <a href=\"https:\/\/twitter.com\/lucaspesantana\/status\/1854368576662106614?ref_src=twsrc%5Etfw\">November 7, 2024<\/a><\/blockquote> <script async src=\"https:\/\/platform.twitter.com\/widgets.js\" charset=\"utf-8\"><\/script>\n\n\n\n<blockquote class=\"twitter-tweet\" data-conversation=\"none\"><p lang=\"pt\" dir=\"ltr\">Eu n\u00e3o pedi essa bosta aqui\u2026<\/p>&mdash; CRUMUNISTA \u262d (@marsper61) <a href=\"https:\/\/twitter.com\/marsper61\/status\/1854349131889697017?ref_src=twsrc%5Etfw\">November 7, 2024<\/a><\/blockquote> <script async src=\"https:\/\/platform.twitter.com\/widgets.js\" charset=\"utf-8\"><\/script>\n","protected":false},"excerpt":{"rendered":"<p>Finalista da Copa Sul-Americana, Fernando Diniz n\u00e3o vai bem no Campeonato Brasileiro. O treinador esteve \u00e0 frente de Fluminense e Cruzeiro, mas s\u00f3 conquistou uma vit\u00f3ria nos \u00faltimos 16 jogos. Ele possui um aproveitamento pior que o lanterna da competi\u00e7\u00e3o. O Cruzeiro recebeu o Flamengo pela 32\u00aa rodada do Campeonato Brasileiro, na \u00faltima quarta-feira (6\/11), [&hellip;]<\/p>\n","protected":false},"author":29,"featured_media":169051,"comment_status":"open","ping_status":"closed","sticky":false,"template":"","format":"standard","meta":{"footnotes":""},"categories":[143],"tags":[],"class_list":["post-182806","post","type-post","status-publish","format-standard","has-post-thumbnail","hentry","category-cruzeiro"],"yoast_head":"<!-- This site is optimized with the Yoast SEO Premium plugin v24.2 (Yoast SEO v26.9) - https:\/\/yoast.com\/product\/yoast-seo-premium-wordpress\/ -->\n<title>Desempenho de Diniz no Brasileir\u00e3o preocupa torcida do Cruzeiro<\/title>\n<meta name=\"robots\" content=\"index, follow, max-snippet:-1, max-image-preview:large, max-video-preview:-1\" \/>\n<link rel=\"canonical\" href=\"https:\/\/www.gaveanews.com\/index.php\/2024\/11\/08\/desempenho-de-diniz-no-brasileirao-preocupa-torcida-do-cruzeiro\/\" \/>\n<meta property=\"og:locale\" content=\"pt_BR\" \/>\n<meta property=\"og:type\" content=\"article\" \/>\n<meta property=\"og:title\" content=\"Desempenho de Diniz no Brasileir\u00e3o preocupa torcida do Cruzeiro\" \/>\n<meta property=\"og:description\" content=\"Finalista da Copa Sul-Americana, Fernando Diniz n\u00e3o vai bem no Campeonato Brasileiro. O treinador esteve \u00e0 frente de Fluminense e Cruzeiro, mas s\u00f3 conquistou uma vit\u00f3ria nos \u00faltimos 16 jogos. Ele possui um aproveitamento pior que o lanterna da competi\u00e7\u00e3o. O Cruzeiro recebeu o Flamengo pela 32\u00aa rodada do Campeonato Brasileiro, na \u00faltima quarta-feira (6\/11), [&hellip;]\" \/>\n<meta property=\"og:url\" content=\"https:\/\/www.gaveanews.com\/index.php\/2024\/11\/08\/desempenho-de-diniz-no-brasileirao-preocupa-torcida-do-cruzeiro\/\" \/>\n<meta property=\"og:site_name\" content=\"G\u00e1vea News\" \/>\n<meta property=\"article:publisher\" content=\"https:\/\/facebook.com\/gaveaNews\/\" \/>\n<meta property=\"article:published_time\" content=\"2024-11-08T14:05:00+00:00\" \/>\n<meta property=\"og:image\" content=\"https:\/\/www.gaveanews.com\/wp-content\/uploads\/Fernando-Diniz-durante-apresentacao-no-Cruzeiro.webp\" \/>\n\t<meta property=\"og:image:width\" content=\"1353\" \/>\n\t<meta property=\"og:image:height\" content=\"902\" \/>\n\t<meta property=\"og:image:type\" content=\"image\/webp\" \/>\n<meta name=\"author\" content=\"Marco Menezes\" \/>\n<meta name=\"twitter:card\" content=\"summary_large_image\" \/>\n<meta name=\"twitter:label1\" content=\"Escrito por\" \/>\n\t<meta name=\"twitter:data1\" content=\"Marco Menezes\" \/>\n\t<meta name=\"twitter:label2\" content=\"Est. tempo de leitura\" \/>\n\t<meta name=\"twitter:data2\" content=\"3 minutos\" \/>\n<script type=\"application\/ld+json\" class=\"yoast-schema-graph\">{\"@context\":\"https:\/\/schema.org\",\"@graph\":[{\"@type\":\"NewsArticle\",\"@id\":\"https:\/\/www.gaveanews.com\/index.php\/2024\/11\/08\/desempenho-de-diniz-no-brasileirao-preocupa-torcida-do-cruzeiro\/#article\",\"isPartOf\":{\"@id\":\"https:\/\/www.gaveanews.com\/index.php\/2024\/11\/08\/desempenho-de-diniz-no-brasileirao-preocupa-torcida-do-cruzeiro\/\"},\"author\":{\"name\":\"Marco Menezes\",\"@id\":\"https:\/\/www.gaveanews.com\/#\/schema\/person\/a9f62fe75380c6bada1b2fc49bc23d69\"},\"headline\":\"Desempenho de Diniz no Brasileir\u00e3o preocupa torcida do Cruzeiro\",\"datePublished\":\"2024-11-08T14:05:00+00:00\",\"mainEntityOfPage\":{\"@id\":\"https:\/\/www.gaveanews.com\/index.php\/2024\/11\/08\/desempenho-de-diniz-no-brasileirao-preocupa-torcida-do-cruzeiro\/\"},\"wordCount\":437,\"commentCount\":0,\"image\":{\"@id\":\"https:\/\/www.gaveanews.com\/index.php\/2024\/11\/08\/desempenho-de-diniz-no-brasileirao-preocupa-torcida-do-cruzeiro\/#primaryimage\"},\"thumbnailUrl\":\"https:\/\/www.gaveanews.com\/wp-content\/uploads\/Fernando-Diniz-durante-apresentacao-no-Cruzeiro.webp\",\"articleSection\":[\"Cruzeiro\"],\"inLanguage\":\"pt-BR\",\"potentialAction\":[{\"@type\":\"CommentAction\",\"name\":\"Comment\",\"target\":[\"https:\/\/www.gaveanews.com\/index.php\/2024\/11\/08\/desempenho-de-diniz-no-brasileirao-preocupa-torcida-do-cruzeiro\/#respond\"]}],\"copyrightYear\":\"2024\",\"copyrightHolder\":{\"@id\":\"https:\/\/www.gaveanews.com\/#organization\"}},{\"@type\":\"WebPage\",\"@id\":\"https:\/\/www.gaveanews.com\/index.php\/2024\/11\/08\/desempenho-de-diniz-no-brasileirao-preocupa-torcida-do-cruzeiro\/\",\"url\":\"https:\/\/www.gaveanews.com\/index.php\/2024\/11\/08\/desempenho-de-diniz-no-brasileirao-preocupa-torcida-do-cruzeiro\/\",\"name\":\"Desempenho de Diniz no Brasileir\u00e3o preocupa torcida do Cruzeiro\",\"isPartOf\":{\"@id\":\"https:\/\/www.gaveanews.com\/#website\"},\"primaryImageOfPage\":{\"@id\":\"https:\/\/www.gaveanews.com\/index.php\/2024\/11\/08\/desempenho-de-diniz-no-brasileirao-preocupa-torcida-do-cruzeiro\/#primaryimage\"},\"image\":{\"@id\":\"https:\/\/www.gaveanews.com\/index.php\/2024\/11\/08\/desempenho-de-diniz-no-brasileirao-preocupa-torcida-do-cruzeiro\/#primaryimage\"},\"thumbnailUrl\":\"https:\/\/www.gaveanews.com\/wp-content\/uploads\/Fernando-Diniz-durante-apresentacao-no-Cruzeiro.webp\",\"datePublished\":\"2024-11-08T14:05:00+00:00\",\"author\":{\"@id\":\"https:\/\/www.gaveanews.com\/#\/schema\/person\/a9f62fe75380c6bada1b2fc49bc23d69\"},\"breadcrumb\":{\"@id\":\"https:\/\/www.gaveanews.com\/index.php\/2024\/11\/08\/desempenho-de-diniz-no-brasileirao-preocupa-torcida-do-cruzeiro\/#breadcrumb\"},\"inLanguage\":\"pt-BR\",\"potentialAction\":[{\"@type\":\"ReadAction\",\"target\":[\"https:\/\/www.gaveanews.com\/index.php\/2024\/11\/08\/desempenho-de-diniz-no-brasileirao-preocupa-torcida-do-cruzeiro\/\"]}]},{\"@type\":\"ImageObject\",\"inLanguage\":\"pt-BR\",\"@id\":\"https:\/\/www.gaveanews.com\/index.php\/2024\/11\/08\/desempenho-de-diniz-no-brasileirao-preocupa-torcida-do-cruzeiro\/#primaryimage\",\"url\":\"https:\/\/www.gaveanews.com\/wp-content\/uploads\/Fernando-Diniz-durante-apresentacao-no-Cruzeiro.webp\",\"contentUrl\":\"https:\/\/www.gaveanews.com\/wp-content\/uploads\/Fernando-Diniz-durante-apresentacao-no-Cruzeiro.webp\",\"width\":1353,\"height\":902,\"caption\":\"Fernando Diniz durante apresenta\u00e7\u00e3o no Cruzeiro (Foto: Gustavo Aleixo\/Cruzeiro)\"},{\"@type\":\"BreadcrumbList\",\"@id\":\"https:\/\/www.gaveanews.com\/index.php\/2024\/11\/08\/desempenho-de-diniz-no-brasileirao-preocupa-torcida-do-cruzeiro\/#breadcrumb\",\"itemListElement\":[{\"@type\":\"ListItem\",\"position\":1,\"name\":\"Home\",\"item\":\"https:\/\/www.gaveanews.com\/\"},{\"@type\":\"ListItem\",\"position\":2,\"name\":\"Desempenho de Diniz no Brasileir\u00e3o preocupa torcida do Cruzeiro\"}]},{\"@type\":\"WebSite\",\"@id\":\"https:\/\/www.gaveanews.com\/#website\",\"url\":\"https:\/\/www.gaveanews.com\/\",\"name\":\"G\u00e1vea News\",\"description\":\"Veja todas as not\u00edcias sobre o Flamengo: Contrata\u00e7\u00f5es, categorias de base, resultados das partidas, tabela de classifica\u00e7\u00e3o, pr\u00f3ximos jogos!\",\"potentialAction\":[{\"@type\":\"SearchAction\",\"target\":{\"@type\":\"EntryPoint\",\"urlTemplate\":\"https:\/\/www.gaveanews.com\/?s={search_term_string}\"},\"query-input\":{\"@type\":\"PropertyValueSpecification\",\"valueRequired\":true,\"valueName\":\"search_term_string\"}}],\"inLanguage\":\"pt-BR\"},{\"@type\":\"Person\",\"@id\":\"https:\/\/www.gaveanews.com\/#\/schema\/person\/a9f62fe75380c6bada1b2fc49bc23d69\",\"name\":\"Marco Menezes\",\"image\":{\"@type\":\"ImageObject\",\"inLanguage\":\"pt-BR\",\"@id\":\"https:\/\/www.gaveanews.com\/#\/schema\/person\/image\/\",\"url\":\"https:\/\/secure.gravatar.com\/avatar\/a1d148ae17fc8bfc5dbccffd07979e8bd2c9ba494221779de86ec2c7907b71ec?s=96&d=mm&r=g\",\"contentUrl\":\"https:\/\/secure.gravatar.com\/avatar\/a1d148ae17fc8bfc5dbccffd07979e8bd2c9ba494221779de86ec2c7907b71ec?s=96&d=mm&r=g\",\"caption\":\"Marco Menezes\"}}]}<\/script>\n<!-- \/ Yoast SEO Premium plugin. -->","yoast_head_json":{"title":"Desempenho de Diniz no Brasileir\u00e3o preocupa torcida do Cruzeiro","robots":{"index":"index","follow":"follow","max-snippet":"max-snippet:-1","max-image-preview":"max-image-preview:large","max-video-preview":"max-video-preview:-1"},"canonical":"https:\/\/www.gaveanews.com\/index.php\/2024\/11\/08\/desempenho-de-diniz-no-brasileirao-preocupa-torcida-do-cruzeiro\/","og_locale":"pt_BR","og_type":"article","og_title":"Desempenho de Diniz no Brasileir\u00e3o preocupa torcida do Cruzeiro","og_description":"Finalista da Copa Sul-Americana, Fernando Diniz n\u00e3o vai bem no Campeonato Brasileiro. O treinador esteve \u00e0 frente de Fluminense e Cruzeiro, mas s\u00f3 conquistou uma vit\u00f3ria nos \u00faltimos 16 jogos. Ele possui um aproveitamento pior que o lanterna da competi\u00e7\u00e3o. O Cruzeiro recebeu o Flamengo pela 32\u00aa rodada do Campeonato Brasileiro, na \u00faltima quarta-feira (6\/11), [&hellip;]","og_url":"https:\/\/www.gaveanews.com\/index.php\/2024\/11\/08\/desempenho-de-diniz-no-brasileirao-preocupa-torcida-do-cruzeiro\/","og_site_name":"G\u00e1vea News","article_publisher":"https:\/\/facebook.com\/gaveaNews\/","article_published_time":"2024-11-08T14:05:00+00:00","og_image":[{"width":1353,"height":902,"url":"https:\/\/www.gaveanews.com\/wp-content\/uploads\/Fernando-Diniz-durante-apresentacao-no-Cruzeiro.webp","type":"image\/webp"}],"author":"Marco Menezes","twitter_card":"summary_large_image","twitter_misc":{"Escrito por":"Marco Menezes","Est. tempo de leitura":"3 minutos"},"schema":{"@context":"https:\/\/schema.org","@graph":[{"@type":"NewsArticle","@id":"https:\/\/www.gaveanews.com\/index.php\/2024\/11\/08\/desempenho-de-diniz-no-brasileirao-preocupa-torcida-do-cruzeiro\/#article","isPartOf":{"@id":"https:\/\/www.gaveanews.com\/index.php\/2024\/11\/08\/desempenho-de-diniz-no-brasileirao-preocupa-torcida-do-cruzeiro\/"},"author":{"name":"Marco Menezes","@id":"https:\/\/www.gaveanews.com\/#\/schema\/person\/a9f62fe75380c6bada1b2fc49bc23d69"},"headline":"Desempenho de Diniz no Brasileir\u00e3o preocupa torcida do Cruzeiro","datePublished":"2024-11-08T14:05:00+00:00","mainEntityOfPage":{"@id":"https:\/\/www.gaveanews.com\/index.php\/2024\/11\/08\/desempenho-de-diniz-no-brasileirao-preocupa-torcida-do-cruzeiro\/"},"wordCount":437,"commentCount":0,"image":{"@id":"https:\/\/www.gaveanews.com\/index.php\/2024\/11\/08\/desempenho-de-diniz-no-brasileirao-preocupa-torcida-do-cruzeiro\/#primaryimage"},"thumbnailUrl":"https:\/\/www.gaveanews.com\/wp-content\/uploads\/Fernando-Diniz-durante-apresentacao-no-Cruzeiro.webp","articleSection":["Cruzeiro"],"inLanguage":"pt-BR","potentialAction":[{"@type":"CommentAction","name":"Comment","target":["https:\/\/www.gaveanews.com\/index.php\/2024\/11\/08\/desempenho-de-diniz-no-brasileirao-preocupa-torcida-do-cruzeiro\/#respond"]}],"copyrightYear":"2024","copyrightHolder":{"@id":"https:\/\/www.gaveanews.com\/#organization"}},{"@type":"WebPage","@id":"https:\/\/www.gaveanews.com\/index.php\/2024\/11\/08\/desempenho-de-diniz-no-brasileirao-preocupa-torcida-do-cruzeiro\/","url":"https:\/\/www.gaveanews.com\/index.php\/2024\/11\/08\/desempenho-de-diniz-no-brasileirao-preocupa-torcida-do-cruzeiro\/","name":"Desempenho de Diniz no Brasileir\u00e3o preocupa torcida do Cruzeiro","isPartOf":{"@id":"https:\/\/www.gaveanews.com\/#website"},"primaryImageOfPage":{"@id":"https:\/\/www.gaveanews.com\/index.php\/2024\/11\/08\/desempenho-de-diniz-no-brasileirao-preocupa-torcida-do-cruzeiro\/#primaryimage"},"image":{"@id":"https:\/\/www.gaveanews.com\/index.php\/2024\/11\/08\/desempenho-de-diniz-no-brasileirao-preocupa-torcida-do-cruzeiro\/#primaryimage"},"thumbnailUrl":"https:\/\/www.gaveanews.com\/wp-content\/uploads\/Fernando-Diniz-durante-apresentacao-no-Cruzeiro.webp","datePublished":"2024-11-08T14:05:00+00:00","author":{"@id":"https:\/\/www.gaveanews.com\/#\/schema\/person\/a9f62fe75380c6bada1b2fc49bc23d69"},"breadcrumb":{"@id":"https:\/\/www.gaveanews.com\/index.php\/2024\/11\/08\/desempenho-de-diniz-no-brasileirao-preocupa-torcida-do-cruzeiro\/#breadcrumb"},"inLanguage":"pt-BR","potentialAction":[{"@type":"ReadAction","target":["https:\/\/www.gaveanews.com\/index.php\/2024\/11\/08\/desempenho-de-diniz-no-brasileirao-preocupa-torcida-do-cruzeiro\/"]}]},{"@type":"ImageObject","inLanguage":"pt-BR","@id":"https:\/\/www.gaveanews.com\/index.php\/2024\/11\/08\/desempenho-de-diniz-no-brasileirao-preocupa-torcida-do-cruzeiro\/#primaryimage","url":"https:\/\/www.gaveanews.com\/wp-content\/uploads\/Fernando-Diniz-durante-apresentacao-no-Cruzeiro.webp","contentUrl":"https:\/\/www.gaveanews.com\/wp-content\/uploads\/Fernando-Diniz-durante-apresentacao-no-Cruzeiro.webp","width":1353,"height":902,"caption":"Fernando Diniz durante apresenta\u00e7\u00e3o no Cruzeiro (Foto: Gustavo Aleixo\/Cruzeiro)"},{"@type":"BreadcrumbList","@id":"https:\/\/www.gaveanews.com\/index.php\/2024\/11\/08\/desempenho-de-diniz-no-brasileirao-preocupa-torcida-do-cruzeiro\/#breadcrumb","itemListElement":[{"@type":"ListItem","position":1,"name":"Home","item":"https:\/\/www.gaveanews.com\/"},{"@type":"ListItem","position":2,"name":"Desempenho de Diniz no Brasileir\u00e3o preocupa torcida do Cruzeiro"}]},{"@type":"WebSite","@id":"https:\/\/www.gaveanews.com\/#website","url":"https:\/\/www.gaveanews.com\/","name":"G\u00e1vea News","description":"Veja todas as not\u00edcias sobre o Flamengo: Contrata\u00e7\u00f5es, categorias de base, resultados das partidas, tabela de classifica\u00e7\u00e3o, pr\u00f3ximos jogos!","potentialAction":[{"@type":"SearchAction","target":{"@type":"EntryPoint","urlTemplate":"https:\/\/www.gaveanews.com\/?s={search_term_string}"},"query-input":{"@type":"PropertyValueSpecification","valueRequired":true,"valueName":"search_term_string"}}],"inLanguage":"pt-BR"},{"@type":"Person","@id":"https:\/\/www.gaveanews.com\/#\/schema\/person\/a9f62fe75380c6bada1b2fc49bc23d69","name":"Marco Menezes","image":{"@type":"ImageObject","inLanguage":"pt-BR","@id":"https:\/\/www.gaveanews.com\/#\/schema\/person\/image\/","url":"https:\/\/secure.gravatar.com\/avatar\/a1d148ae17fc8bfc5dbccffd07979e8bd2c9ba494221779de86ec2c7907b71ec?s=96&d=mm&r=g","contentUrl":"https:\/\/secure.gravatar.com\/avatar\/a1d148ae17fc8bfc5dbccffd07979e8bd2c9ba494221779de86ec2c7907b71ec?s=96&d=mm&r=g","caption":"Marco Menezes"}}]}},"_links":{"self":[{"href":"https:\/\/www.gaveanews.com\/index.php\/wp-json\/wp\/v2\/posts\/182806","targetHints":{"allow":["GET"]}}],"collection":[{"href":"https:\/\/www.gaveanews.com\/index.php\/wp-json\/wp\/v2\/posts"}],"about":[{"href":"https:\/\/www.gaveanews.com\/index.php\/wp-json\/wp\/v2\/types\/post"}],"author":[{"embeddable":true,"href":"https:\/\/www.gaveanews.com\/index.php\/wp-json\/wp\/v2\/users\/29"}],"replies":[{"embeddable":true,"href":"https:\/\/www.gaveanews.com\/index.php\/wp-json\/wp\/v2\/comments?post=182806"}],"version-history":[{"count":3,"href":"https:\/\/www.gaveanews.com\/index.php\/wp-json\/wp\/v2\/posts\/182806\/revisions"}],"predecessor-version":[{"id":182888,"href":"https:\/\/www.gaveanews.com\/index.php\/wp-json\/wp\/v2\/posts\/182806\/revisions\/182888"}],"wp:featuredmedia":[{"embeddable":true,"href":"https:\/\/www.gaveanews.com\/index.php\/wp-json\/wp\/v2\/media\/169051"}],"wp:attachment":[{"href":"https:\/\/www.gaveanews.com\/index.php\/wp-json\/wp\/v2\/media?parent=182806"}],"wp:term":[{"taxonomy":"category","embeddable":true,"href":"https:\/\/www.gaveanews.com\/index.php\/wp-json\/wp\/v2\/categories?post=182806"},{"taxonomy":"post_tag","embeddable":true,"href":"https:\/\/www.gaveanews.com\/index.php\/wp-json\/wp\/v2\/tags?post=182806"}],"curies":[{"name":"wp","href":"https:\/\/api.w.org\/{rel}","templated":true}]}}