{"id":182813,"date":"2024-11-08T08:50:00","date_gmt":"2024-11-08T11:50:00","guid":{"rendered":"https:\/\/www.gaveanews.com\/?p=182813"},"modified":"2024-11-08T01:55:45","modified_gmt":"2024-11-08T04:55:45","slug":"situacao-envolvendo-john-kennedy-publicacao-de-marcelo-e-a-exigencia-para-vender-arias-as-ultimas-noticias-do-fluminense","status":"publish","type":"post","link":"https:\/\/www.gaveanews.com\/index.php\/2024\/11\/08\/situacao-envolvendo-john-kennedy-publicacao-de-marcelo-e-a-exigencia-para-vender-arias-as-ultimas-noticias-do-fluminense\/","title":{"rendered":"Situa\u00e7\u00e3o envolvendo John Kennedy, publica\u00e7\u00e3o de Marcelo e a exig\u00eancia para vender Arias: as \u00faltimas not\u00edcias do Fluminense"},"content":{"rendered":"\n<p>Nas \u00faltimas horas, o foco das not\u00edcias sobre o Fluminense se concentram nos bastidores do clube, com destaques como a publica\u00e7\u00e3o de Marcelo e a exig\u00eancia para vender Arias.<\/p>\n\n\n\n<p>Por conta deste contexto, leia abaixo um resumo preparado pela equipe do portal G\u00e1vea News para lhe manter muito bem informado!<\/p>\n\n\n\n<h2 class=\"wp-block-heading\" id=\"h-exigencia-para-vender-arias\">Exig\u00eancia para vender Arias<\/h2>\n\n\n\n<p>O Fluminense estipulou uma condi\u00e7\u00e3o clara para negociar o jogador colombiano Jhon Arias, destacando que s\u00f3 considerar\u00e1 propostas que valorizem o atleta e que venham de clubes europeus de destaque. O clube carioca fixou o pre\u00e7o m\u00ednimo de 10 milh\u00f5es de euros (cerca de R$ 62,9 milh\u00f5es) para a venda. Arias, atualmente um dos principais nomes da equipe, tem 50% de seus direitos pertencentes ao Fluminense; a outra metade \u00e9 dividida entre ele, seu empres\u00e1rio, e o clube colombiano Patriotas.<strong><a href=\"https:\/\/www.gaveanews.com\/index.php\/2024\/11\/06\/a-exigencia-do-fluminense-para-vender-john-arias\/\"> (leia a mat\u00e9ria completa)<\/a><\/strong><\/p>\n\n\n\n<figure class=\"wp-block-image size-full\"><img loading=\"lazy\" decoding=\"async\" width=\"872\" height=\"589\" src=\"https:\/\/www.gaveanews.com\/wp-content\/uploads\/Jhon-Arias-com-a-camisa-do-Fluminense-em-2023.webp\" alt=\"\" class=\"wp-image-154696\" srcset=\"https:\/\/www.gaveanews.com\/wp-content\/uploads\/Jhon-Arias-com-a-camisa-do-Fluminense-em-2023.webp 872w, https:\/\/www.gaveanews.com\/wp-content\/uploads\/Jhon-Arias-com-a-camisa-do-Fluminense-em-2023-300x203.webp 300w, https:\/\/www.gaveanews.com\/wp-content\/uploads\/Jhon-Arias-com-a-camisa-do-Fluminense-em-2023-768x519.webp 768w, https:\/\/www.gaveanews.com\/wp-content\/uploads\/Jhon-Arias-com-a-camisa-do-Fluminense-em-2023-622x420.webp 622w, https:\/\/www.gaveanews.com\/wp-content\/uploads\/Jhon-Arias-com-a-camisa-do-Fluminense-em-2023-640x432.webp 640w, https:\/\/www.gaveanews.com\/wp-content\/uploads\/Jhon-Arias-com-a-camisa-do-Fluminense-em-2023-681x460.webp 681w, https:\/\/www.gaveanews.com\/wp-content\/uploads\/Jhon-Arias-com-a-camisa-do-Fluminense-em-2023-100x68.webp 100w\" sizes=\"auto, (max-width: 872px) 100vw, 872px\" \/><figcaption class=\"wp-element-caption\">Jhon Arias com a camisa do Fluminense em 2023 (Foto: Reprodu\u00e7\u00e3o\/Instagram)<\/figcaption><\/figure>\n\n\n\n<p>Na \u00faltima janela de transfer\u00eancias, o Galatasaray ofereceu 12 milh\u00f5es de euros (aproximadamente R$ 74,7 milh\u00f5es), mas o Fluminense recusou, priorizando propostas que garantam visibilidade e avan\u00e7o para o atleta. <\/p>\n\n\n\n<p>Al\u00e9m do clube turco, o Zenit, da R\u00fassia, tamb\u00e9m se interessou e chegou a sinalizar 18 milh\u00f5es de euros, por\u00e9m, o pr\u00f3prio Arias preferiu n\u00e3o seguir com essa proposta, mantendo-se \u00e0 disposi\u00e7\u00e3o do Fluminense.<\/p>\n\n\n\n<p>A decis\u00e3o de manter Arias refor\u00e7a o compromisso do Fluminense em valorizar seus principais atletas, mesmo em meio a fortes especula\u00e7\u00f5es de sa\u00edda. Arias permanece focado na temporada atual e mant\u00e9m uma boa rela\u00e7\u00e3o com o presidente M\u00e1rio Bittencourt, que prometeu avaliar todas as propostas a partir do valor m\u00ednimo estipulado.<\/p>\n\n\n\n<h2 class=\"wp-block-heading\" id=\"h-publicacao-de-marcelo\">Publica\u00e7\u00e3o de Marcelo <\/h2>\n\n\n\n<p>Ap\u00f3s sua sa\u00edda conturbada do Fluminense, o lateral Marcelo publicou um v\u00eddeo nas redes sociais relembrando momentos marcantes de sua \u00faltima passagem pelo clube, incluindo a conquista da Libertadores. Na legenda, ele se refere ao per\u00edodo como uma &#8220;viagem maravilhosa&#8221;, mostrando o carinho que mant\u00e9m pela equipe carioca. Esse v\u00ednculo emocional, frequentemente reafirmado, demonstra a import\u00e2ncia do Fluminense em sua trajet\u00f3ria, apesar dos eventos recentes que levaram \u00e0 rescis\u00e3o do contrato. <strong><a href=\"https:\/\/www.gaveanews.com\/index.php\/2024\/11\/06\/marcelo-faz-nova-publicacao-direcionada-ao-fluminense\/\">(leia a mat\u00e9ria completa)<\/a><\/strong><\/p>\n\n\n\n<blockquote class=\"instagram-media\" data-instgrm-captioned data-instgrm-permalink=\"https:\/\/www.instagram.com\/reel\/DB_2ZD3AhUX\/?utm_source=ig_embed&amp;utm_campaign=loading\" data-instgrm-version=\"14\" style=\" background:#FFF; border:0; border-radius:3px; box-shadow:0 0 1px 0 rgba(0,0,0,0.5),0 1px 10px 0 rgba(0,0,0,0.15); margin: 1px; max-width:540px; min-width:326px; padding:0; width:99.375%; width:-webkit-calc(100% - 2px); width:calc(100% - 2px);\"><div style=\"padding:16px;\"> <a href=\"https:\/\/www.instagram.com\/reel\/DB_2ZD3AhUX\/?utm_source=ig_embed&amp;utm_campaign=loading\" style=\" background:#FFFFFF; line-height:0; padding:0 0; text-align:center; text-decoration:none; width:100%;\" target=\"_blank\" rel=\"noopener\"> <div style=\" display: flex; flex-direction: row; align-items: center;\"> <div style=\"background-color: #F4F4F4; border-radius: 50%; flex-grow: 0; height: 40px; margin-right: 14px; width: 40px;\"><\/div> <div style=\"display: flex; flex-direction: column; flex-grow: 1; justify-content: center;\"> <div style=\" background-color: #F4F4F4; border-radius: 4px; flex-grow: 0; height: 14px; margin-bottom: 6px; width: 100px;\"><\/div> <div style=\" background-color: #F4F4F4; border-radius: 4px; flex-grow: 0; height: 14px; width: 60px;\"><\/div><\/div><\/div><div style=\"padding: 19% 0;\"><\/div> <div style=\"display:block; height:50px; margin:0 auto 12px; width:50px;\"><svg width=\"50px\" height=\"50px\" viewBox=\"0 0 60 60\" version=\"1.1\" xmlns=\"https:\/\/www.w3.org\/2000\/svg\" xmlns:xlink=\"https:\/\/www.w3.org\/1999\/xlink\"><g stroke=\"none\" stroke-width=\"1\" fill=\"none\" fill-rule=\"evenodd\"><g transform=\"translate(-511.000000, -20.000000)\" fill=\"#000000\"><g><path d=\"M556.869,30.41 C554.814,30.41 553.148,32.076 553.148,34.131 C553.148,36.186 554.814,37.852 556.869,37.852 C558.924,37.852 560.59,36.186 560.59,34.131 C560.59,32.076 558.924,30.41 556.869,30.41 M541,60.657 C535.114,60.657 530.342,55.887 530.342,50 C530.342,44.114 535.114,39.342 541,39.342 C546.887,39.342 551.658,44.114 551.658,50 C551.658,55.887 546.887,60.657 541,60.657 M541,33.886 C532.1,33.886 524.886,41.1 524.886,50 C524.886,58.899 532.1,66.113 541,66.113 C549.9,66.113 557.115,58.899 557.115,50 C557.115,41.1 549.9,33.886 541,33.886 M565.378,62.101 C565.244,65.022 564.756,66.606 564.346,67.663 C563.803,69.06 563.154,70.057 562.106,71.106 C561.058,72.155 560.06,72.803 558.662,73.347 C557.607,73.757 556.021,74.244 553.102,74.378 C549.944,74.521 548.997,74.552 541,74.552 C533.003,74.552 532.056,74.521 528.898,74.378 C525.979,74.244 524.393,73.757 523.338,73.347 C521.94,72.803 520.942,72.155 519.894,71.106 C518.846,70.057 518.197,69.06 517.654,67.663 C517.244,66.606 516.755,65.022 516.623,62.101 C516.479,58.943 516.448,57.996 516.448,50 C516.448,42.003 516.479,41.056 516.623,37.899 C516.755,34.978 517.244,33.391 517.654,32.338 C518.197,30.938 518.846,29.942 519.894,28.894 C520.942,27.846 521.94,27.196 523.338,26.654 C524.393,26.244 525.979,25.756 528.898,25.623 C532.057,25.479 533.004,25.448 541,25.448 C548.997,25.448 549.943,25.479 553.102,25.623 C556.021,25.756 557.607,26.244 558.662,26.654 C560.06,27.196 561.058,27.846 562.106,28.894 C563.154,29.942 563.803,30.938 564.346,32.338 C564.756,33.391 565.244,34.978 565.378,37.899 C565.522,41.056 565.552,42.003 565.552,50 C565.552,57.996 565.522,58.943 565.378,62.101 M570.82,37.631 C570.674,34.438 570.167,32.258 569.425,30.349 C568.659,28.377 567.633,26.702 565.965,25.035 C564.297,23.368 562.623,22.342 560.652,21.575 C558.743,20.834 556.562,20.326 553.369,20.18 C550.169,20.033 549.148,20 541,20 C532.853,20 531.831,20.033 528.631,20.18 C525.438,20.326 523.257,20.834 521.349,21.575 C519.376,22.342 517.703,23.368 516.035,25.035 C514.368,26.702 513.342,28.377 512.574,30.349 C511.834,32.258 511.326,34.438 511.181,37.631 C511.035,40.831 511,41.851 511,50 C511,58.147 511.035,59.17 511.181,62.369 C511.326,65.562 511.834,67.743 512.574,69.651 C513.342,71.625 514.368,73.296 516.035,74.965 C517.703,76.634 519.376,77.658 521.349,78.425 C523.257,79.167 525.438,79.673 528.631,79.82 C531.831,79.965 532.853,80.001 541,80.001 C549.148,80.001 550.169,79.965 553.369,79.82 C556.562,79.673 558.743,79.167 560.652,78.425 C562.623,77.658 564.297,76.634 565.965,74.965 C567.633,73.296 568.659,71.625 569.425,69.651 C570.167,67.743 570.674,65.562 570.82,62.369 C570.966,59.17 571,58.147 571,50 C571,41.851 570.966,40.831 570.82,37.631\"><\/path><\/g><\/g><\/g><\/svg><\/div><div style=\"padding-top: 8px;\"> <div style=\" color:#3897f0; font-family:Arial,sans-serif; font-size:14px; font-style:normal; font-weight:550; line-height:18px;\">Ver essa foto no Instagram<\/div><\/div><div style=\"padding: 12.5% 0;\"><\/div> <div style=\"display: flex; flex-direction: row; margin-bottom: 14px; align-items: center;\"><div> <div style=\"background-color: #F4F4F4; border-radius: 50%; height: 12.5px; width: 12.5px; transform: translateX(0px) translateY(7px);\"><\/div> <div style=\"background-color: #F4F4F4; height: 12.5px; transform: rotate(-45deg) translateX(3px) translateY(1px); width: 12.5px; flex-grow: 0; margin-right: 14px; margin-left: 2px;\"><\/div> <div style=\"background-color: #F4F4F4; border-radius: 50%; height: 12.5px; width: 12.5px; transform: translateX(9px) translateY(-18px);\"><\/div><\/div><div style=\"margin-left: 8px;\"> <div style=\" background-color: #F4F4F4; border-radius: 50%; flex-grow: 0; height: 20px; width: 20px;\"><\/div> <div style=\" width: 0; height: 0; border-top: 2px solid transparent; border-left: 6px solid #f4f4f4; border-bottom: 2px solid transparent; transform: translateX(16px) translateY(-4px) rotate(30deg)\"><\/div><\/div><div style=\"margin-left: auto;\"> <div style=\" width: 0px; border-top: 8px solid #F4F4F4; border-right: 8px solid transparent; transform: translateY(16px);\"><\/div> <div style=\" background-color: #F4F4F4; flex-grow: 0; height: 12px; width: 16px; transform: translateY(-4px);\"><\/div> <div style=\" width: 0; height: 0; border-top: 8px solid #F4F4F4; border-left: 8px solid transparent; transform: translateY(-4px) translateX(8px);\"><\/div><\/div><\/div> <div style=\"display: flex; flex-direction: column; flex-grow: 1; justify-content: center; margin-bottom: 24px;\"> <div style=\" background-color: #F4F4F4; border-radius: 4px; flex-grow: 0; height: 14px; margin-bottom: 6px; width: 224px;\"><\/div> <div style=\" background-color: #F4F4F4; border-radius: 4px; flex-grow: 0; height: 14px; width: 144px;\"><\/div><\/div><\/a><p style=\" color:#c9c8cd; font-family:Arial,sans-serif; font-size:14px; line-height:17px; margin-bottom:0; margin-top:8px; overflow:hidden; padding:8px 0 7px; text-align:center; text-overflow:ellipsis; white-space:nowrap;\"><a href=\"https:\/\/www.instagram.com\/reel\/DB_2ZD3AhUX\/?utm_source=ig_embed&amp;utm_campaign=loading\" style=\" color:#c9c8cd; font-family:Arial,sans-serif; font-size:14px; font-style:normal; font-weight:normal; line-height:17px; text-decoration:none;\" target=\"_blank\" rel=\"noopener\">Uma publica\u00e7\u00e3o compartilhada por Marcelo Vieira (@marcelotwelve)<\/a><\/p><\/div><\/blockquote>\n<script async src=\"\/\/www.instagram.com\/embed.js\"><\/script>\n\n\n\n<p>Marcelo e o t\u00e9cnico Mano viveram um epis\u00f3dio tenso que culminou em sua sa\u00edda. Em um jogo contra o Gr\u00eamio, no Maracan\u00e3, houve um desentendimento entre os dois quando Mano interrompeu a entrada de Marcelo ap\u00f3s uma troca de palavras. A situa\u00e7\u00e3o se agravou quando Marcelo alegou sentir-se desrespeitado pelo t\u00e9cnico, que, segundo o jogador, buscava &#8220;fazer m\u00e9dia com a torcida&#8221;. A diretoria do Fluminense considerou que o clima entre ambos era insustent\u00e1vel, o que resultou na decis\u00e3o de rescindir o contrato do atleta.<\/p>\n\n\n\n<p>Apesar da sa\u00edda turbulenta, Marcelo deixa claro que ainda tem um elo especial com o Fluminense e sua torcida, manifestando-se com nostalgia e gratid\u00e3o nas redes sociais. Ele tamb\u00e9m compartilhou uma frase enigm\u00e1tica sobre &#8220;a verdade&#8221; vir \u00e0 tona, o que indica que, em sua vis\u00e3o, pode haver mais detalhes sobre o epis\u00f3dio que n\u00e3o foram revelados.<\/p>\n\n\n\n<h2 class=\"wp-block-heading\" id=\"h-situacao-envolvendo-john-kennedy\">Situa\u00e7\u00e3o envolvendo John Kennedy<\/h2>\n\n\n\n<p>O Fluminense anunciou uma decis\u00e3o relevante quanto ao futuro do atacante John Kennedy, her\u00f3i da conquista da Libertadores em 2023. Embora tenha sido pe\u00e7a-chave na vit\u00f3ria hist\u00f3rica contra o Boca Juniors, o jogador passa por um momento de baixa em 2024, levando o clube a adotar cautela em seu planejamento. A diretoria optou por manter o contrato atual do atacante, v\u00e1lido at\u00e9 2026, e evitar discuss\u00f5es de negocia\u00e7\u00e3o ou mudan\u00e7as at\u00e9 o fim do Campeonato Brasileiro deste ano. <strong><a href=\"https:\/\/www.gaveanews.com\/index.php\/2024\/11\/06\/fluminense-toma-decisao-importante-envolvendo-john-kennedy\/\">(leia a mat\u00e9ria completa)<\/a><\/strong><\/p>\n\n\n\n<figure class=\"wp-block-image size-large\"><img loading=\"lazy\" decoding=\"async\" width=\"1024\" height=\"683\" src=\"https:\/\/www.gaveanews.com\/wp-content\/uploads\/John-Kennedy-em-acao-pelo-Fluminense-em-2024-1024x683.webp\" alt=\"\" class=\"wp-image-160045\" srcset=\"https:\/\/www.gaveanews.com\/wp-content\/uploads\/John-Kennedy-em-acao-pelo-Fluminense-em-2024-1024x683.webp 1024w, https:\/\/www.gaveanews.com\/wp-content\/uploads\/John-Kennedy-em-acao-pelo-Fluminense-em-2024-300x200.webp 300w, https:\/\/www.gaveanews.com\/wp-content\/uploads\/John-Kennedy-em-acao-pelo-Fluminense-em-2024-768x512.webp 768w, https:\/\/www.gaveanews.com\/wp-content\/uploads\/John-Kennedy-em-acao-pelo-Fluminense-em-2024-630x420.webp 630w, https:\/\/www.gaveanews.com\/wp-content\/uploads\/John-Kennedy-em-acao-pelo-Fluminense-em-2024-1260x840.webp 1260w, https:\/\/www.gaveanews.com\/wp-content\/uploads\/John-Kennedy-em-acao-pelo-Fluminense-em-2024-640x427.webp 640w, https:\/\/www.gaveanews.com\/wp-content\/uploads\/John-Kennedy-em-acao-pelo-Fluminense-em-2024-1280x853.webp 1280w, https:\/\/www.gaveanews.com\/wp-content\/uploads\/John-Kennedy-em-acao-pelo-Fluminense-em-2024-681x454.webp 681w, https:\/\/www.gaveanews.com\/wp-content\/uploads\/John-Kennedy-em-acao-pelo-Fluminense-em-2024-1362x908.webp 1362w, https:\/\/www.gaveanews.com\/wp-content\/uploads\/John-Kennedy-em-acao-pelo-Fluminense-em-2024-100x67.webp 100w, https:\/\/www.gaveanews.com\/wp-content\/uploads\/John-Kennedy-em-acao-pelo-Fluminense-em-2024.webp 1440w\" sizes=\"auto, (max-width: 1024px) 100vw, 1024px\" \/><figcaption class=\"wp-element-caption\">John Kennedy em a\u00e7\u00e3o pelo Fluminense em 2024 (Foto: Reprodu\u00e7\u00e3o\/Instagram)<\/figcaption><\/figure>\n\n\n\n<p>A trajet\u00f3ria de Kennedy na Libertadores foi marcada por atua\u00e7\u00f5es decisivas, especialmente no gol contra o Internacional nas semifinais, que levou o Fluminense \u00e0 final da competi\u00e7\u00e3o. Em 2023, o time superou desafios com atua\u00e7\u00f5es not\u00e1veis, como a goleada sobre o River Plate e a vit\u00f3ria sobre o Olimpia, mostrando resili\u00eancia e uni\u00e3o em momentos cr\u00edticos, como o confronto contra o Argentino Juniors.<\/p>\n\n\n\n<p>Kennedy comentou recentemente as dificuldades de ser um jovem jogador de sucesso, mencionando os desafios que enfrenta em lidar com as tenta\u00e7\u00f5es e facilidades da vida p\u00fablica. A postura do Fluminense em manter o atacante e avaliar o elenco com calma reflete um respeito ao seu potencial, ao mesmo tempo em que preserva o ambiente do jogador para que ele supere a fase de baixa.<\/p>\n","protected":false},"excerpt":{"rendered":"<p>Nas \u00faltimas horas, o foco das not\u00edcias sobre o Fluminense se concentram nos bastidores do clube, com destaques como a publica\u00e7\u00e3o de Marcelo e a exig\u00eancia para vender Arias. Por conta deste contexto, leia abaixo um resumo preparado pela equipe do portal G\u00e1vea News para lhe manter muito bem informado! Exig\u00eancia para vender Arias O [&hellip;]<\/p>\n","protected":false},"author":27,"featured_media":167658,"comment_status":"open","ping_status":"closed","sticky":false,"template":"","format":"standard","meta":{"footnotes":""},"categories":[145],"tags":[],"class_list":["post-182813","post","type-post","status-publish","format-standard","has-post-thumbnail","hentry","category-fluminense"],"yoast_head":"<!-- This site is optimized with the Yoast SEO Premium plugin v24.2 (Yoast SEO v26.9) - https:\/\/yoast.com\/product\/yoast-seo-premium-wordpress\/ -->\n<title>Situa\u00e7\u00e3o envolvendo John Kennedy, publica\u00e7\u00e3o de Marcelo e a exig\u00eancia para vender Arias: as \u00faltimas not\u00edcias do Fluminense<\/title>\n<meta name=\"robots\" content=\"index, follow, max-snippet:-1, max-image-preview:large, max-video-preview:-1\" \/>\n<link rel=\"canonical\" href=\"https:\/\/www.gaveanews.com\/index.php\/2024\/11\/08\/situacao-envolvendo-john-kennedy-publicacao-de-marcelo-e-a-exigencia-para-vender-arias-as-ultimas-noticias-do-fluminense\/\" \/>\n<meta property=\"og:locale\" content=\"pt_BR\" \/>\n<meta property=\"og:type\" content=\"article\" \/>\n<meta property=\"og:title\" content=\"Situa\u00e7\u00e3o envolvendo John Kennedy, publica\u00e7\u00e3o de Marcelo e a exig\u00eancia para vender Arias: as \u00faltimas not\u00edcias do Fluminense\" \/>\n<meta property=\"og:description\" content=\"Nas \u00faltimas horas, o foco das not\u00edcias sobre o Fluminense se concentram nos bastidores do clube, com destaques como a publica\u00e7\u00e3o de Marcelo e a exig\u00eancia para vender Arias. Por conta deste contexto, leia abaixo um resumo preparado pela equipe do portal G\u00e1vea News para lhe manter muito bem informado! Exig\u00eancia para vender Arias O [&hellip;]\" \/>\n<meta property=\"og:url\" content=\"https:\/\/www.gaveanews.com\/index.php\/2024\/11\/08\/situacao-envolvendo-john-kennedy-publicacao-de-marcelo-e-a-exigencia-para-vender-arias-as-ultimas-noticias-do-fluminense\/\" \/>\n<meta property=\"og:site_name\" content=\"G\u00e1vea News\" \/>\n<meta property=\"article:publisher\" content=\"https:\/\/facebook.com\/gaveaNews\/\" \/>\n<meta property=\"article:published_time\" content=\"2024-11-08T11:50:00+00:00\" \/>\n<meta property=\"og:image\" content=\"https:\/\/www.gaveanews.com\/wp-content\/uploads\/Marcelo-pelo-Fluminense.webp\" \/>\n\t<meta property=\"og:image:width\" content=\"774\" \/>\n\t<meta property=\"og:image:height\" content=\"436\" \/>\n\t<meta property=\"og:image:type\" content=\"image\/jpeg\" \/>\n<meta name=\"author\" content=\"Matheus Felipe\" \/>\n<meta name=\"twitter:card\" content=\"summary_large_image\" \/>\n<meta name=\"twitter:label1\" content=\"Escrito por\" \/>\n\t<meta name=\"twitter:data1\" content=\"Matheus Felipe\" \/>\n\t<meta name=\"twitter:label2\" content=\"Est. tempo de leitura\" \/>\n\t<meta name=\"twitter:data2\" content=\"5 minutos\" \/>\n<script type=\"application\/ld+json\" class=\"yoast-schema-graph\">{\"@context\":\"https:\/\/schema.org\",\"@graph\":[{\"@type\":\"NewsArticle\",\"@id\":\"https:\/\/www.gaveanews.com\/index.php\/2024\/11\/08\/situacao-envolvendo-john-kennedy-publicacao-de-marcelo-e-a-exigencia-para-vender-arias-as-ultimas-noticias-do-fluminense\/#article\",\"isPartOf\":{\"@id\":\"https:\/\/www.gaveanews.com\/index.php\/2024\/11\/08\/situacao-envolvendo-john-kennedy-publicacao-de-marcelo-e-a-exigencia-para-vender-arias-as-ultimas-noticias-do-fluminense\/\"},\"author\":{\"name\":\"Matheus Felipe\",\"@id\":\"https:\/\/www.gaveanews.com\/#\/schema\/person\/8207cd4627f56151707418bfc835b2fb\"},\"headline\":\"Situa\u00e7\u00e3o envolvendo John Kennedy, publica\u00e7\u00e3o de Marcelo e a exig\u00eancia para vender Arias: as \u00faltimas not\u00edcias do Fluminense\",\"datePublished\":\"2024-11-08T11:50:00+00:00\",\"mainEntityOfPage\":{\"@id\":\"https:\/\/www.gaveanews.com\/index.php\/2024\/11\/08\/situacao-envolvendo-john-kennedy-publicacao-de-marcelo-e-a-exigencia-para-vender-arias-as-ultimas-noticias-do-fluminense\/\"},\"wordCount\":812,\"commentCount\":0,\"image\":{\"@id\":\"https:\/\/www.gaveanews.com\/index.php\/2024\/11\/08\/situacao-envolvendo-john-kennedy-publicacao-de-marcelo-e-a-exigencia-para-vender-arias-as-ultimas-noticias-do-fluminense\/#primaryimage\"},\"thumbnailUrl\":\"https:\/\/www.gaveanews.com\/wp-content\/uploads\/Marcelo-pelo-Fluminense.webp\",\"articleSection\":[\"Fluminense\"],\"inLanguage\":\"pt-BR\",\"potentialAction\":[{\"@type\":\"CommentAction\",\"name\":\"Comment\",\"target\":[\"https:\/\/www.gaveanews.com\/index.php\/2024\/11\/08\/situacao-envolvendo-john-kennedy-publicacao-de-marcelo-e-a-exigencia-para-vender-arias-as-ultimas-noticias-do-fluminense\/#respond\"]}],\"copyrightYear\":\"2024\",\"copyrightHolder\":{\"@id\":\"https:\/\/www.gaveanews.com\/#organization\"}},{\"@type\":\"WebPage\",\"@id\":\"https:\/\/www.gaveanews.com\/index.php\/2024\/11\/08\/situacao-envolvendo-john-kennedy-publicacao-de-marcelo-e-a-exigencia-para-vender-arias-as-ultimas-noticias-do-fluminense\/\",\"url\":\"https:\/\/www.gaveanews.com\/index.php\/2024\/11\/08\/situacao-envolvendo-john-kennedy-publicacao-de-marcelo-e-a-exigencia-para-vender-arias-as-ultimas-noticias-do-fluminense\/\",\"name\":\"Situa\u00e7\u00e3o envolvendo John Kennedy, publica\u00e7\u00e3o de Marcelo e a exig\u00eancia para vender Arias: as \u00faltimas not\u00edcias do Fluminense\",\"isPartOf\":{\"@id\":\"https:\/\/www.gaveanews.com\/#website\"},\"primaryImageOfPage\":{\"@id\":\"https:\/\/www.gaveanews.com\/index.php\/2024\/11\/08\/situacao-envolvendo-john-kennedy-publicacao-de-marcelo-e-a-exigencia-para-vender-arias-as-ultimas-noticias-do-fluminense\/#primaryimage\"},\"image\":{\"@id\":\"https:\/\/www.gaveanews.com\/index.php\/2024\/11\/08\/situacao-envolvendo-john-kennedy-publicacao-de-marcelo-e-a-exigencia-para-vender-arias-as-ultimas-noticias-do-fluminense\/#primaryimage\"},\"thumbnailUrl\":\"https:\/\/www.gaveanews.com\/wp-content\/uploads\/Marcelo-pelo-Fluminense.webp\",\"datePublished\":\"2024-11-08T11:50:00+00:00\",\"author\":{\"@id\":\"https:\/\/www.gaveanews.com\/#\/schema\/person\/8207cd4627f56151707418bfc835b2fb\"},\"breadcrumb\":{\"@id\":\"https:\/\/www.gaveanews.com\/index.php\/2024\/11\/08\/situacao-envolvendo-john-kennedy-publicacao-de-marcelo-e-a-exigencia-para-vender-arias-as-ultimas-noticias-do-fluminense\/#breadcrumb\"},\"inLanguage\":\"pt-BR\",\"potentialAction\":[{\"@type\":\"ReadAction\",\"target\":[\"https:\/\/www.gaveanews.com\/index.php\/2024\/11\/08\/situacao-envolvendo-john-kennedy-publicacao-de-marcelo-e-a-exigencia-para-vender-arias-as-ultimas-noticias-do-fluminense\/\"]}]},{\"@type\":\"ImageObject\",\"inLanguage\":\"pt-BR\",\"@id\":\"https:\/\/www.gaveanews.com\/index.php\/2024\/11\/08\/situacao-envolvendo-john-kennedy-publicacao-de-marcelo-e-a-exigencia-para-vender-arias-as-ultimas-noticias-do-fluminense\/#primaryimage\",\"url\":\"https:\/\/www.gaveanews.com\/wp-content\/uploads\/Marcelo-pelo-Fluminense.webp\",\"contentUrl\":\"https:\/\/www.gaveanews.com\/wp-content\/uploads\/Marcelo-pelo-Fluminense.webp\",\"width\":774,\"height\":436,\"caption\":\"Marcelo pelo Fluminense (Foto: Mailson Santana\/Fluminense)\"},{\"@type\":\"BreadcrumbList\",\"@id\":\"https:\/\/www.gaveanews.com\/index.php\/2024\/11\/08\/situacao-envolvendo-john-kennedy-publicacao-de-marcelo-e-a-exigencia-para-vender-arias-as-ultimas-noticias-do-fluminense\/#breadcrumb\",\"itemListElement\":[{\"@type\":\"ListItem\",\"position\":1,\"name\":\"Home\",\"item\":\"https:\/\/www.gaveanews.com\/\"},{\"@type\":\"ListItem\",\"position\":2,\"name\":\"Situa\u00e7\u00e3o envolvendo John Kennedy, publica\u00e7\u00e3o de Marcelo e a exig\u00eancia para vender Arias: as \u00faltimas not\u00edcias do Fluminense\"}]},{\"@type\":\"WebSite\",\"@id\":\"https:\/\/www.gaveanews.com\/#website\",\"url\":\"https:\/\/www.gaveanews.com\/\",\"name\":\"G\u00e1vea News\",\"description\":\"Veja todas as not\u00edcias sobre o Flamengo: Contrata\u00e7\u00f5es, categorias de base, resultados das partidas, tabela de classifica\u00e7\u00e3o, pr\u00f3ximos jogos!\",\"potentialAction\":[{\"@type\":\"SearchAction\",\"target\":{\"@type\":\"EntryPoint\",\"urlTemplate\":\"https:\/\/www.gaveanews.com\/?s={search_term_string}\"},\"query-input\":{\"@type\":\"PropertyValueSpecification\",\"valueRequired\":true,\"valueName\":\"search_term_string\"}}],\"inLanguage\":\"pt-BR\"},{\"@type\":\"Person\",\"@id\":\"https:\/\/www.gaveanews.com\/#\/schema\/person\/8207cd4627f56151707418bfc835b2fb\",\"name\":\"Matheus Felipe\",\"image\":{\"@type\":\"ImageObject\",\"inLanguage\":\"pt-BR\",\"@id\":\"https:\/\/www.gaveanews.com\/#\/schema\/person\/image\/\",\"url\":\"https:\/\/secure.gravatar.com\/avatar\/a452ffbed9130f726358b298bb3a99ce4bd3c5338411f8440e87e14d74c7c087?s=96&d=mm&r=g\",\"contentUrl\":\"https:\/\/secure.gravatar.com\/avatar\/a452ffbed9130f726358b298bb3a99ce4bd3c5338411f8440e87e14d74c7c087?s=96&d=mm&r=g\",\"caption\":\"Matheus Felipe\"}}]}<\/script>\n<!-- \/ Yoast SEO Premium plugin. -->","yoast_head_json":{"title":"Situa\u00e7\u00e3o envolvendo John Kennedy, publica\u00e7\u00e3o de Marcelo e a exig\u00eancia para vender Arias: as \u00faltimas not\u00edcias do Fluminense","robots":{"index":"index","follow":"follow","max-snippet":"max-snippet:-1","max-image-preview":"max-image-preview:large","max-video-preview":"max-video-preview:-1"},"canonical":"https:\/\/www.gaveanews.com\/index.php\/2024\/11\/08\/situacao-envolvendo-john-kennedy-publicacao-de-marcelo-e-a-exigencia-para-vender-arias-as-ultimas-noticias-do-fluminense\/","og_locale":"pt_BR","og_type":"article","og_title":"Situa\u00e7\u00e3o envolvendo John Kennedy, publica\u00e7\u00e3o de Marcelo e a exig\u00eancia para vender Arias: as \u00faltimas not\u00edcias do Fluminense","og_description":"Nas \u00faltimas horas, o foco das not\u00edcias sobre o Fluminense se concentram nos bastidores do clube, com destaques como a publica\u00e7\u00e3o de Marcelo e a exig\u00eancia para vender Arias. Por conta deste contexto, leia abaixo um resumo preparado pela equipe do portal G\u00e1vea News para lhe manter muito bem informado! Exig\u00eancia para vender Arias O [&hellip;]","og_url":"https:\/\/www.gaveanews.com\/index.php\/2024\/11\/08\/situacao-envolvendo-john-kennedy-publicacao-de-marcelo-e-a-exigencia-para-vender-arias-as-ultimas-noticias-do-fluminense\/","og_site_name":"G\u00e1vea News","article_publisher":"https:\/\/facebook.com\/gaveaNews\/","article_published_time":"2024-11-08T11:50:00+00:00","og_image":[{"width":774,"height":436,"url":"https:\/\/www.gaveanews.com\/wp-content\/uploads\/Marcelo-pelo-Fluminense.webp","type":"image\/jpeg"}],"author":"Matheus Felipe","twitter_card":"summary_large_image","twitter_misc":{"Escrito por":"Matheus Felipe","Est. tempo de leitura":"5 minutos"},"schema":{"@context":"https:\/\/schema.org","@graph":[{"@type":"NewsArticle","@id":"https:\/\/www.gaveanews.com\/index.php\/2024\/11\/08\/situacao-envolvendo-john-kennedy-publicacao-de-marcelo-e-a-exigencia-para-vender-arias-as-ultimas-noticias-do-fluminense\/#article","isPartOf":{"@id":"https:\/\/www.gaveanews.com\/index.php\/2024\/11\/08\/situacao-envolvendo-john-kennedy-publicacao-de-marcelo-e-a-exigencia-para-vender-arias-as-ultimas-noticias-do-fluminense\/"},"author":{"name":"Matheus Felipe","@id":"https:\/\/www.gaveanews.com\/#\/schema\/person\/8207cd4627f56151707418bfc835b2fb"},"headline":"Situa\u00e7\u00e3o envolvendo John Kennedy, publica\u00e7\u00e3o de Marcelo e a exig\u00eancia para vender Arias: as \u00faltimas not\u00edcias do Fluminense","datePublished":"2024-11-08T11:50:00+00:00","mainEntityOfPage":{"@id":"https:\/\/www.gaveanews.com\/index.php\/2024\/11\/08\/situacao-envolvendo-john-kennedy-publicacao-de-marcelo-e-a-exigencia-para-vender-arias-as-ultimas-noticias-do-fluminense\/"},"wordCount":812,"commentCount":0,"image":{"@id":"https:\/\/www.gaveanews.com\/index.php\/2024\/11\/08\/situacao-envolvendo-john-kennedy-publicacao-de-marcelo-e-a-exigencia-para-vender-arias-as-ultimas-noticias-do-fluminense\/#primaryimage"},"thumbnailUrl":"https:\/\/www.gaveanews.com\/wp-content\/uploads\/Marcelo-pelo-Fluminense.webp","articleSection":["Fluminense"],"inLanguage":"pt-BR","potentialAction":[{"@type":"CommentAction","name":"Comment","target":["https:\/\/www.gaveanews.com\/index.php\/2024\/11\/08\/situacao-envolvendo-john-kennedy-publicacao-de-marcelo-e-a-exigencia-para-vender-arias-as-ultimas-noticias-do-fluminense\/#respond"]}],"copyrightYear":"2024","copyrightHolder":{"@id":"https:\/\/www.gaveanews.com\/#organization"}},{"@type":"WebPage","@id":"https:\/\/www.gaveanews.com\/index.php\/2024\/11\/08\/situacao-envolvendo-john-kennedy-publicacao-de-marcelo-e-a-exigencia-para-vender-arias-as-ultimas-noticias-do-fluminense\/","url":"https:\/\/www.gaveanews.com\/index.php\/2024\/11\/08\/situacao-envolvendo-john-kennedy-publicacao-de-marcelo-e-a-exigencia-para-vender-arias-as-ultimas-noticias-do-fluminense\/","name":"Situa\u00e7\u00e3o envolvendo John Kennedy, publica\u00e7\u00e3o de Marcelo e a exig\u00eancia para vender Arias: as \u00faltimas not\u00edcias do Fluminense","isPartOf":{"@id":"https:\/\/www.gaveanews.com\/#website"},"primaryImageOfPage":{"@id":"https:\/\/www.gaveanews.com\/index.php\/2024\/11\/08\/situacao-envolvendo-john-kennedy-publicacao-de-marcelo-e-a-exigencia-para-vender-arias-as-ultimas-noticias-do-fluminense\/#primaryimage"},"image":{"@id":"https:\/\/www.gaveanews.com\/index.php\/2024\/11\/08\/situacao-envolvendo-john-kennedy-publicacao-de-marcelo-e-a-exigencia-para-vender-arias-as-ultimas-noticias-do-fluminense\/#primaryimage"},"thumbnailUrl":"https:\/\/www.gaveanews.com\/wp-content\/uploads\/Marcelo-pelo-Fluminense.webp","datePublished":"2024-11-08T11:50:00+00:00","author":{"@id":"https:\/\/www.gaveanews.com\/#\/schema\/person\/8207cd4627f56151707418bfc835b2fb"},"breadcrumb":{"@id":"https:\/\/www.gaveanews.com\/index.php\/2024\/11\/08\/situacao-envolvendo-john-kennedy-publicacao-de-marcelo-e-a-exigencia-para-vender-arias-as-ultimas-noticias-do-fluminense\/#breadcrumb"},"inLanguage":"pt-BR","potentialAction":[{"@type":"ReadAction","target":["https:\/\/www.gaveanews.com\/index.php\/2024\/11\/08\/situacao-envolvendo-john-kennedy-publicacao-de-marcelo-e-a-exigencia-para-vender-arias-as-ultimas-noticias-do-fluminense\/"]}]},{"@type":"ImageObject","inLanguage":"pt-BR","@id":"https:\/\/www.gaveanews.com\/index.php\/2024\/11\/08\/situacao-envolvendo-john-kennedy-publicacao-de-marcelo-e-a-exigencia-para-vender-arias-as-ultimas-noticias-do-fluminense\/#primaryimage","url":"https:\/\/www.gaveanews.com\/wp-content\/uploads\/Marcelo-pelo-Fluminense.webp","contentUrl":"https:\/\/www.gaveanews.com\/wp-content\/uploads\/Marcelo-pelo-Fluminense.webp","width":774,"height":436,"caption":"Marcelo pelo Fluminense (Foto: Mailson Santana\/Fluminense)"},{"@type":"BreadcrumbList","@id":"https:\/\/www.gaveanews.com\/index.php\/2024\/11\/08\/situacao-envolvendo-john-kennedy-publicacao-de-marcelo-e-a-exigencia-para-vender-arias-as-ultimas-noticias-do-fluminense\/#breadcrumb","itemListElement":[{"@type":"ListItem","position":1,"name":"Home","item":"https:\/\/www.gaveanews.com\/"},{"@type":"ListItem","position":2,"name":"Situa\u00e7\u00e3o envolvendo John Kennedy, publica\u00e7\u00e3o de Marcelo e a exig\u00eancia para vender Arias: as \u00faltimas not\u00edcias do Fluminense"}]},{"@type":"WebSite","@id":"https:\/\/www.gaveanews.com\/#website","url":"https:\/\/www.gaveanews.com\/","name":"G\u00e1vea News","description":"Veja todas as not\u00edcias sobre o Flamengo: Contrata\u00e7\u00f5es, categorias de base, resultados das partidas, tabela de classifica\u00e7\u00e3o, pr\u00f3ximos jogos!","potentialAction":[{"@type":"SearchAction","target":{"@type":"EntryPoint","urlTemplate":"https:\/\/www.gaveanews.com\/?s={search_term_string}"},"query-input":{"@type":"PropertyValueSpecification","valueRequired":true,"valueName":"search_term_string"}}],"inLanguage":"pt-BR"},{"@type":"Person","@id":"https:\/\/www.gaveanews.com\/#\/schema\/person\/8207cd4627f56151707418bfc835b2fb","name":"Matheus Felipe","image":{"@type":"ImageObject","inLanguage":"pt-BR","@id":"https:\/\/www.gaveanews.com\/#\/schema\/person\/image\/","url":"https:\/\/secure.gravatar.com\/avatar\/a452ffbed9130f726358b298bb3a99ce4bd3c5338411f8440e87e14d74c7c087?s=96&d=mm&r=g","contentUrl":"https:\/\/secure.gravatar.com\/avatar\/a452ffbed9130f726358b298bb3a99ce4bd3c5338411f8440e87e14d74c7c087?s=96&d=mm&r=g","caption":"Matheus Felipe"}}]}},"_links":{"self":[{"href":"https:\/\/www.gaveanews.com\/index.php\/wp-json\/wp\/v2\/posts\/182813","targetHints":{"allow":["GET"]}}],"collection":[{"href":"https:\/\/www.gaveanews.com\/index.php\/wp-json\/wp\/v2\/posts"}],"about":[{"href":"https:\/\/www.gaveanews.com\/index.php\/wp-json\/wp\/v2\/types\/post"}],"author":[{"embeddable":true,"href":"https:\/\/www.gaveanews.com\/index.php\/wp-json\/wp\/v2\/users\/27"}],"replies":[{"embeddable":true,"href":"https:\/\/www.gaveanews.com\/index.php\/wp-json\/wp\/v2\/comments?post=182813"}],"version-history":[{"count":1,"href":"https:\/\/www.gaveanews.com\/index.php\/wp-json\/wp\/v2\/posts\/182813\/revisions"}],"predecessor-version":[{"id":182815,"href":"https:\/\/www.gaveanews.com\/index.php\/wp-json\/wp\/v2\/posts\/182813\/revisions\/182815"}],"wp:featuredmedia":[{"embeddable":true,"href":"https:\/\/www.gaveanews.com\/index.php\/wp-json\/wp\/v2\/media\/167658"}],"wp:attachment":[{"href":"https:\/\/www.gaveanews.com\/index.php\/wp-json\/wp\/v2\/media?parent=182813"}],"wp:term":[{"taxonomy":"category","embeddable":true,"href":"https:\/\/www.gaveanews.com\/index.php\/wp-json\/wp\/v2\/categories?post=182813"},{"taxonomy":"post_tag","embeddable":true,"href":"https:\/\/www.gaveanews.com\/index.php\/wp-json\/wp\/v2\/tags?post=182813"}],"curies":[{"name":"wp","href":"https:\/\/api.w.org\/{rel}","templated":true}]}}