{"id":182909,"date":"2024-11-08T13:20:33","date_gmt":"2024-11-08T16:20:33","guid":{"rendered":"https:\/\/www.gaveanews.com\/?p=182909"},"modified":"2024-11-08T13:15:08","modified_gmt":"2024-11-08T16:15:08","slug":"a-decisao-do-fluminense-sobre-mano-menezes","status":"publish","type":"post","link":"https:\/\/www.gaveanews.com\/index.php\/2024\/11\/08\/a-decisao-do-fluminense-sobre-mano-menezes\/","title":{"rendered":"A decis\u00e3o do Fluminense sobre Mano Menezes"},"content":{"rendered":"\n<p>Com a campanha de recupera\u00e7\u00e3o que faz \u00e0 frente do Fluminense, Mano Menezes deve permanecer para o ano que vem. Ele chegou e o clube estava na \u00faltima coloca\u00e7\u00e3o do Campeonato Brasileiro, hoje \u00e9 o 14\u00b0. O trabalho do treinador \u00e9 visto com bons olhos pela diretoria e ao fim da temporada, eles devem sentar e alinhar uma extens\u00e3o contratual.<\/p>\n\n\n\n<ul class=\"wp-block-list\">\n<li><a href=\"https:\/\/www.gaveanews.com\/index.php\/2024\/11\/08\/situacao-envolvendo-john-kennedy-publicacao-de-marcelo-e-a-exigencia-para-vender-arias-as-ultimas-noticias-do-fluminense\/\">Situa\u00e7\u00e3o envolvendo John Kennedy, publica\u00e7\u00e3o de Marcelo e a exig\u00eancia para vender Arias: as \u00faltimas not\u00edcias do Fluminense<\/a><\/li>\n\n\n\n<li><a href=\"https:\/\/www.gaveanews.com\/index.php\/2024\/11\/07\/cbf-toma-atitude-extrema-para-a-proxima-temporada\/\">CBF toma atitude extrema para a pr\u00f3xima temporada<\/a><\/li>\n<\/ul>\n\n\n\n<p>Em algum momento da temporada o rebaixamento do Tricolor Carioca para a S\u00e9rie B parecia certo. O clube ocupava a lanterna do Campeonato Brasileiro e tinha conquistado apenas seis pontos. Com o relacionamento entre clube e o campe\u00e3o da Copa Libertadores da Am\u00e9rica, Fernando Diniz, n\u00e3o dando os frutos de outrora, optou-se pela mudan\u00e7a.&nbsp;<\/p>\n\n\n\n<p>Mano chegou em julho quando tinham sido disputadas apenas 13 rodadas do Brasileir\u00e3o, mas j\u00e1 havia o grande desafio pela frente, o de tirar o time do Z4 e, at\u00e9 aqui, conseguiu. O time \u00e9 o 14\u00b0 colocado, com 37 pontos, 3 acima do primeiro time na zona da degola, o Athletico Paranaense. Por isso, ele deve permanecer para o ano que vem.<\/p>\n\n\n\n<p>Um dos gatilhos de renova\u00e7\u00e3o autom\u00e1tica do contrato do treinador com o clube era a perman\u00eancia na elite do futebol nacional. Mas, internamente, o Fluminense n\u00e3o v\u00ea a possibilidade de queda e esse n\u00e3o ser\u00e1 um fator para que ele fique.&nbsp;<\/p>\n\n\n\n<p>Mano tem rela\u00e7\u00f5es muito boas com o presidente M\u00e1rio Bittencourt e com o diretor de futebol Paulo Angioni, com quem deve sentar em dezembro e tra\u00e7ar o planejamento de 2025. A perman\u00eancia do comandante ficou ainda mais certa depois que a diretoria ficou ao lado dele na pol\u00eamica envolvendo Marcelo. Uma reformula\u00e7\u00e3o do elenco tamb\u00e9m dever\u00e1 ser feita por ele.<\/p>\n\n\n\n<p>Desde que chegou ao Fluminense, Mano comandou a equipe em 25 jogos, com 11 vit\u00f3rias, quatro empates e 9 derrotas.<\/p>\n","protected":false},"excerpt":{"rendered":"<p>Com a campanha de recupera\u00e7\u00e3o que faz \u00e0 frente do Fluminense, Mano Menezes deve permanecer para o ano que vem. Ele chegou e o clube estava na \u00faltima coloca\u00e7\u00e3o do Campeonato Brasileiro, hoje \u00e9 o 14\u00b0. O trabalho do treinador \u00e9 visto com bons olhos pela diretoria e ao fim da temporada, eles devem sentar [&hellip;]<\/p>\n","protected":false},"author":29,"featured_media":154433,"comment_status":"open","ping_status":"closed","sticky":false,"template":"","format":"standard","meta":{"footnotes":""},"categories":[145],"tags":[],"class_list":["post-182909","post","type-post","status-publish","format-standard","has-post-thumbnail","hentry","category-fluminense"],"yoast_head":"<!-- This site is optimized with the Yoast SEO Premium plugin v24.2 (Yoast SEO v26.9) - https:\/\/yoast.com\/product\/yoast-seo-premium-wordpress\/ -->\n<title>A decis\u00e3o do Fluminense sobre Mano Menezes<\/title>\n<meta name=\"robots\" content=\"index, follow, max-snippet:-1, max-image-preview:large, max-video-preview:-1\" \/>\n<link rel=\"canonical\" href=\"https:\/\/www.gaveanews.com\/index.php\/2024\/11\/08\/a-decisao-do-fluminense-sobre-mano-menezes\/\" \/>\n<meta property=\"og:locale\" content=\"pt_BR\" \/>\n<meta property=\"og:type\" content=\"article\" \/>\n<meta property=\"og:title\" content=\"A decis\u00e3o do Fluminense sobre Mano Menezes\" \/>\n<meta property=\"og:description\" content=\"Com a campanha de recupera\u00e7\u00e3o que faz \u00e0 frente do Fluminense, Mano Menezes deve permanecer para o ano que vem. Ele chegou e o clube estava na \u00faltima coloca\u00e7\u00e3o do Campeonato Brasileiro, hoje \u00e9 o 14\u00b0. O trabalho do treinador \u00e9 visto com bons olhos pela diretoria e ao fim da temporada, eles devem sentar [&hellip;]\" \/>\n<meta property=\"og:url\" content=\"https:\/\/www.gaveanews.com\/index.php\/2024\/11\/08\/a-decisao-do-fluminense-sobre-mano-menezes\/\" \/>\n<meta property=\"og:site_name\" content=\"G\u00e1vea News\" \/>\n<meta property=\"article:publisher\" content=\"https:\/\/facebook.com\/gaveaNews\/\" \/>\n<meta property=\"article:published_time\" content=\"2024-11-08T16:20:33+00:00\" \/>\n<meta property=\"og:image\" content=\"https:\/\/www.gaveanews.com\/wp-content\/uploads\/Mano-Menezes-durante-Fluminense-x-Palmeiras-em-2024.webp\" \/>\n\t<meta property=\"og:image:width\" content=\"799\" \/>\n\t<meta property=\"og:image:height\" content=\"533\" \/>\n\t<meta property=\"og:image:type\" content=\"image\/jpeg\" \/>\n<meta name=\"author\" content=\"Marco Menezes\" \/>\n<meta name=\"twitter:card\" content=\"summary_large_image\" \/>\n<meta name=\"twitter:label1\" content=\"Escrito por\" \/>\n\t<meta name=\"twitter:data1\" content=\"Marco Menezes\" \/>\n\t<meta name=\"twitter:label2\" content=\"Est. tempo de leitura\" \/>\n\t<meta name=\"twitter:data2\" content=\"2 minutos\" \/>\n<script type=\"application\/ld+json\" class=\"yoast-schema-graph\">{\"@context\":\"https:\/\/schema.org\",\"@graph\":[{\"@type\":\"NewsArticle\",\"@id\":\"https:\/\/www.gaveanews.com\/index.php\/2024\/11\/08\/a-decisao-do-fluminense-sobre-mano-menezes\/#article\",\"isPartOf\":{\"@id\":\"https:\/\/www.gaveanews.com\/index.php\/2024\/11\/08\/a-decisao-do-fluminense-sobre-mano-menezes\/\"},\"author\":{\"name\":\"Marco Menezes\",\"@id\":\"https:\/\/www.gaveanews.com\/#\/schema\/person\/a9f62fe75380c6bada1b2fc49bc23d69\"},\"headline\":\"A decis\u00e3o do Fluminense sobre Mano Menezes\",\"datePublished\":\"2024-11-08T16:20:33+00:00\",\"mainEntityOfPage\":{\"@id\":\"https:\/\/www.gaveanews.com\/index.php\/2024\/11\/08\/a-decisao-do-fluminense-sobre-mano-menezes\/\"},\"wordCount\":348,\"commentCount\":0,\"image\":{\"@id\":\"https:\/\/www.gaveanews.com\/index.php\/2024\/11\/08\/a-decisao-do-fluminense-sobre-mano-menezes\/#primaryimage\"},\"thumbnailUrl\":\"https:\/\/www.gaveanews.com\/wp-content\/uploads\/Mano-Menezes-durante-Fluminense-x-Palmeiras-em-2024.webp\",\"articleSection\":[\"Fluminense\"],\"inLanguage\":\"pt-BR\",\"potentialAction\":[{\"@type\":\"CommentAction\",\"name\":\"Comment\",\"target\":[\"https:\/\/www.gaveanews.com\/index.php\/2024\/11\/08\/a-decisao-do-fluminense-sobre-mano-menezes\/#respond\"]}],\"copyrightYear\":\"2024\",\"copyrightHolder\":{\"@id\":\"https:\/\/www.gaveanews.com\/#organization\"}},{\"@type\":\"WebPage\",\"@id\":\"https:\/\/www.gaveanews.com\/index.php\/2024\/11\/08\/a-decisao-do-fluminense-sobre-mano-menezes\/\",\"url\":\"https:\/\/www.gaveanews.com\/index.php\/2024\/11\/08\/a-decisao-do-fluminense-sobre-mano-menezes\/\",\"name\":\"A decis\u00e3o do Fluminense sobre Mano Menezes\",\"isPartOf\":{\"@id\":\"https:\/\/www.gaveanews.com\/#website\"},\"primaryImageOfPage\":{\"@id\":\"https:\/\/www.gaveanews.com\/index.php\/2024\/11\/08\/a-decisao-do-fluminense-sobre-mano-menezes\/#primaryimage\"},\"image\":{\"@id\":\"https:\/\/www.gaveanews.com\/index.php\/2024\/11\/08\/a-decisao-do-fluminense-sobre-mano-menezes\/#primaryimage\"},\"thumbnailUrl\":\"https:\/\/www.gaveanews.com\/wp-content\/uploads\/Mano-Menezes-durante-Fluminense-x-Palmeiras-em-2024.webp\",\"datePublished\":\"2024-11-08T16:20:33+00:00\",\"author\":{\"@id\":\"https:\/\/www.gaveanews.com\/#\/schema\/person\/a9f62fe75380c6bada1b2fc49bc23d69\"},\"breadcrumb\":{\"@id\":\"https:\/\/www.gaveanews.com\/index.php\/2024\/11\/08\/a-decisao-do-fluminense-sobre-mano-menezes\/#breadcrumb\"},\"inLanguage\":\"pt-BR\",\"potentialAction\":[{\"@type\":\"ReadAction\",\"target\":[\"https:\/\/www.gaveanews.com\/index.php\/2024\/11\/08\/a-decisao-do-fluminense-sobre-mano-menezes\/\"]}]},{\"@type\":\"ImageObject\",\"inLanguage\":\"pt-BR\",\"@id\":\"https:\/\/www.gaveanews.com\/index.php\/2024\/11\/08\/a-decisao-do-fluminense-sobre-mano-menezes\/#primaryimage\",\"url\":\"https:\/\/www.gaveanews.com\/wp-content\/uploads\/Mano-Menezes-durante-Fluminense-x-Palmeiras-em-2024.webp\",\"contentUrl\":\"https:\/\/www.gaveanews.com\/wp-content\/uploads\/Mano-Menezes-durante-Fluminense-x-Palmeiras-em-2024.webp\",\"width\":799,\"height\":533,\"caption\":\"Mano Menezes durante Fluminense x Palmeiras em 2024 (Foto: Lucas Mer\u00e7on \/ Fluminense F.C)\"},{\"@type\":\"BreadcrumbList\",\"@id\":\"https:\/\/www.gaveanews.com\/index.php\/2024\/11\/08\/a-decisao-do-fluminense-sobre-mano-menezes\/#breadcrumb\",\"itemListElement\":[{\"@type\":\"ListItem\",\"position\":1,\"name\":\"Home\",\"item\":\"https:\/\/www.gaveanews.com\/\"},{\"@type\":\"ListItem\",\"position\":2,\"name\":\"A decis\u00e3o do Fluminense sobre Mano Menezes\"}]},{\"@type\":\"WebSite\",\"@id\":\"https:\/\/www.gaveanews.com\/#website\",\"url\":\"https:\/\/www.gaveanews.com\/\",\"name\":\"G\u00e1vea News\",\"description\":\"Veja todas as not\u00edcias sobre o Flamengo: Contrata\u00e7\u00f5es, categorias de base, resultados das partidas, tabela de classifica\u00e7\u00e3o, pr\u00f3ximos jogos!\",\"potentialAction\":[{\"@type\":\"SearchAction\",\"target\":{\"@type\":\"EntryPoint\",\"urlTemplate\":\"https:\/\/www.gaveanews.com\/?s={search_term_string}\"},\"query-input\":{\"@type\":\"PropertyValueSpecification\",\"valueRequired\":true,\"valueName\":\"search_term_string\"}}],\"inLanguage\":\"pt-BR\"},{\"@type\":\"Person\",\"@id\":\"https:\/\/www.gaveanews.com\/#\/schema\/person\/a9f62fe75380c6bada1b2fc49bc23d69\",\"name\":\"Marco Menezes\",\"image\":{\"@type\":\"ImageObject\",\"inLanguage\":\"pt-BR\",\"@id\":\"https:\/\/www.gaveanews.com\/#\/schema\/person\/image\/\",\"url\":\"https:\/\/secure.gravatar.com\/avatar\/a1d148ae17fc8bfc5dbccffd07979e8bd2c9ba494221779de86ec2c7907b71ec?s=96&d=mm&r=g\",\"contentUrl\":\"https:\/\/secure.gravatar.com\/avatar\/a1d148ae17fc8bfc5dbccffd07979e8bd2c9ba494221779de86ec2c7907b71ec?s=96&d=mm&r=g\",\"caption\":\"Marco Menezes\"}}]}<\/script>\n<!-- \/ Yoast SEO Premium plugin. -->","yoast_head_json":{"title":"A decis\u00e3o do Fluminense sobre Mano Menezes","robots":{"index":"index","follow":"follow","max-snippet":"max-snippet:-1","max-image-preview":"max-image-preview:large","max-video-preview":"max-video-preview:-1"},"canonical":"https:\/\/www.gaveanews.com\/index.php\/2024\/11\/08\/a-decisao-do-fluminense-sobre-mano-menezes\/","og_locale":"pt_BR","og_type":"article","og_title":"A decis\u00e3o do Fluminense sobre Mano Menezes","og_description":"Com a campanha de recupera\u00e7\u00e3o que faz \u00e0 frente do Fluminense, Mano Menezes deve permanecer para o ano que vem. Ele chegou e o clube estava na \u00faltima coloca\u00e7\u00e3o do Campeonato Brasileiro, hoje \u00e9 o 14\u00b0. O trabalho do treinador \u00e9 visto com bons olhos pela diretoria e ao fim da temporada, eles devem sentar [&hellip;]","og_url":"https:\/\/www.gaveanews.com\/index.php\/2024\/11\/08\/a-decisao-do-fluminense-sobre-mano-menezes\/","og_site_name":"G\u00e1vea News","article_publisher":"https:\/\/facebook.com\/gaveaNews\/","article_published_time":"2024-11-08T16:20:33+00:00","og_image":[{"width":799,"height":533,"url":"https:\/\/www.gaveanews.com\/wp-content\/uploads\/Mano-Menezes-durante-Fluminense-x-Palmeiras-em-2024.webp","type":"image\/jpeg"}],"author":"Marco Menezes","twitter_card":"summary_large_image","twitter_misc":{"Escrito por":"Marco Menezes","Est. tempo de leitura":"2 minutos"},"schema":{"@context":"https:\/\/schema.org","@graph":[{"@type":"NewsArticle","@id":"https:\/\/www.gaveanews.com\/index.php\/2024\/11\/08\/a-decisao-do-fluminense-sobre-mano-menezes\/#article","isPartOf":{"@id":"https:\/\/www.gaveanews.com\/index.php\/2024\/11\/08\/a-decisao-do-fluminense-sobre-mano-menezes\/"},"author":{"name":"Marco Menezes","@id":"https:\/\/www.gaveanews.com\/#\/schema\/person\/a9f62fe75380c6bada1b2fc49bc23d69"},"headline":"A decis\u00e3o do Fluminense sobre Mano Menezes","datePublished":"2024-11-08T16:20:33+00:00","mainEntityOfPage":{"@id":"https:\/\/www.gaveanews.com\/index.php\/2024\/11\/08\/a-decisao-do-fluminense-sobre-mano-menezes\/"},"wordCount":348,"commentCount":0,"image":{"@id":"https:\/\/www.gaveanews.com\/index.php\/2024\/11\/08\/a-decisao-do-fluminense-sobre-mano-menezes\/#primaryimage"},"thumbnailUrl":"https:\/\/www.gaveanews.com\/wp-content\/uploads\/Mano-Menezes-durante-Fluminense-x-Palmeiras-em-2024.webp","articleSection":["Fluminense"],"inLanguage":"pt-BR","potentialAction":[{"@type":"CommentAction","name":"Comment","target":["https:\/\/www.gaveanews.com\/index.php\/2024\/11\/08\/a-decisao-do-fluminense-sobre-mano-menezes\/#respond"]}],"copyrightYear":"2024","copyrightHolder":{"@id":"https:\/\/www.gaveanews.com\/#organization"}},{"@type":"WebPage","@id":"https:\/\/www.gaveanews.com\/index.php\/2024\/11\/08\/a-decisao-do-fluminense-sobre-mano-menezes\/","url":"https:\/\/www.gaveanews.com\/index.php\/2024\/11\/08\/a-decisao-do-fluminense-sobre-mano-menezes\/","name":"A decis\u00e3o do Fluminense sobre Mano Menezes","isPartOf":{"@id":"https:\/\/www.gaveanews.com\/#website"},"primaryImageOfPage":{"@id":"https:\/\/www.gaveanews.com\/index.php\/2024\/11\/08\/a-decisao-do-fluminense-sobre-mano-menezes\/#primaryimage"},"image":{"@id":"https:\/\/www.gaveanews.com\/index.php\/2024\/11\/08\/a-decisao-do-fluminense-sobre-mano-menezes\/#primaryimage"},"thumbnailUrl":"https:\/\/www.gaveanews.com\/wp-content\/uploads\/Mano-Menezes-durante-Fluminense-x-Palmeiras-em-2024.webp","datePublished":"2024-11-08T16:20:33+00:00","author":{"@id":"https:\/\/www.gaveanews.com\/#\/schema\/person\/a9f62fe75380c6bada1b2fc49bc23d69"},"breadcrumb":{"@id":"https:\/\/www.gaveanews.com\/index.php\/2024\/11\/08\/a-decisao-do-fluminense-sobre-mano-menezes\/#breadcrumb"},"inLanguage":"pt-BR","potentialAction":[{"@type":"ReadAction","target":["https:\/\/www.gaveanews.com\/index.php\/2024\/11\/08\/a-decisao-do-fluminense-sobre-mano-menezes\/"]}]},{"@type":"ImageObject","inLanguage":"pt-BR","@id":"https:\/\/www.gaveanews.com\/index.php\/2024\/11\/08\/a-decisao-do-fluminense-sobre-mano-menezes\/#primaryimage","url":"https:\/\/www.gaveanews.com\/wp-content\/uploads\/Mano-Menezes-durante-Fluminense-x-Palmeiras-em-2024.webp","contentUrl":"https:\/\/www.gaveanews.com\/wp-content\/uploads\/Mano-Menezes-durante-Fluminense-x-Palmeiras-em-2024.webp","width":799,"height":533,"caption":"Mano Menezes durante Fluminense x Palmeiras em 2024 (Foto: Lucas Mer\u00e7on \/ Fluminense F.C)"},{"@type":"BreadcrumbList","@id":"https:\/\/www.gaveanews.com\/index.php\/2024\/11\/08\/a-decisao-do-fluminense-sobre-mano-menezes\/#breadcrumb","itemListElement":[{"@type":"ListItem","position":1,"name":"Home","item":"https:\/\/www.gaveanews.com\/"},{"@type":"ListItem","position":2,"name":"A decis\u00e3o do Fluminense sobre Mano Menezes"}]},{"@type":"WebSite","@id":"https:\/\/www.gaveanews.com\/#website","url":"https:\/\/www.gaveanews.com\/","name":"G\u00e1vea News","description":"Veja todas as not\u00edcias sobre o Flamengo: Contrata\u00e7\u00f5es, categorias de base, resultados das partidas, tabela de classifica\u00e7\u00e3o, pr\u00f3ximos jogos!","potentialAction":[{"@type":"SearchAction","target":{"@type":"EntryPoint","urlTemplate":"https:\/\/www.gaveanews.com\/?s={search_term_string}"},"query-input":{"@type":"PropertyValueSpecification","valueRequired":true,"valueName":"search_term_string"}}],"inLanguage":"pt-BR"},{"@type":"Person","@id":"https:\/\/www.gaveanews.com\/#\/schema\/person\/a9f62fe75380c6bada1b2fc49bc23d69","name":"Marco Menezes","image":{"@type":"ImageObject","inLanguage":"pt-BR","@id":"https:\/\/www.gaveanews.com\/#\/schema\/person\/image\/","url":"https:\/\/secure.gravatar.com\/avatar\/a1d148ae17fc8bfc5dbccffd07979e8bd2c9ba494221779de86ec2c7907b71ec?s=96&d=mm&r=g","contentUrl":"https:\/\/secure.gravatar.com\/avatar\/a1d148ae17fc8bfc5dbccffd07979e8bd2c9ba494221779de86ec2c7907b71ec?s=96&d=mm&r=g","caption":"Marco Menezes"}}]}},"_links":{"self":[{"href":"https:\/\/www.gaveanews.com\/index.php\/wp-json\/wp\/v2\/posts\/182909","targetHints":{"allow":["GET"]}}],"collection":[{"href":"https:\/\/www.gaveanews.com\/index.php\/wp-json\/wp\/v2\/posts"}],"about":[{"href":"https:\/\/www.gaveanews.com\/index.php\/wp-json\/wp\/v2\/types\/post"}],"author":[{"embeddable":true,"href":"https:\/\/www.gaveanews.com\/index.php\/wp-json\/wp\/v2\/users\/29"}],"replies":[{"embeddable":true,"href":"https:\/\/www.gaveanews.com\/index.php\/wp-json\/wp\/v2\/comments?post=182909"}],"version-history":[{"count":1,"href":"https:\/\/www.gaveanews.com\/index.php\/wp-json\/wp\/v2\/posts\/182909\/revisions"}],"predecessor-version":[{"id":182910,"href":"https:\/\/www.gaveanews.com\/index.php\/wp-json\/wp\/v2\/posts\/182909\/revisions\/182910"}],"wp:featuredmedia":[{"embeddable":true,"href":"https:\/\/www.gaveanews.com\/index.php\/wp-json\/wp\/v2\/media\/154433"}],"wp:attachment":[{"href":"https:\/\/www.gaveanews.com\/index.php\/wp-json\/wp\/v2\/media?parent=182909"}],"wp:term":[{"taxonomy":"category","embeddable":true,"href":"https:\/\/www.gaveanews.com\/index.php\/wp-json\/wp\/v2\/categories?post=182909"},{"taxonomy":"post_tag","embeddable":true,"href":"https:\/\/www.gaveanews.com\/index.php\/wp-json\/wp\/v2\/tags?post=182909"}],"curies":[{"name":"wp","href":"https:\/\/api.w.org\/{rel}","templated":true}]}}