{"id":182989,"date":"2024-11-08T21:20:00","date_gmt":"2024-11-09T00:20:00","guid":{"rendered":"https:\/\/www.gaveanews.com\/?p=182989"},"modified":"2024-11-08T20:43:37","modified_gmt":"2024-11-08T23:43:37","slug":"alan-franco-bruno-fuchs-fausto-vera-guilherme-arana-gustavo-scarpa-igor-rabello-otavio-rubens-saravia-e-zaracho-os-jogadores-do-atletico-mg-com-mais-interceptacoes-por-jogo-no-brasileirao","status":"publish","type":"post","link":"https:\/\/www.gaveanews.com\/index.php\/2024\/11\/08\/alan-franco-bruno-fuchs-fausto-vera-guilherme-arana-gustavo-scarpa-igor-rabello-otavio-rubens-saravia-e-zaracho-os-jogadores-do-atletico-mg-com-mais-interceptacoes-por-jogo-no-brasileirao\/","title":{"rendered":"Alan Franco, Bruno Fuchs, Fausto Vera, Guilherme Arana, Gustavo Scarpa, Igor Rabello, Ot\u00e1vio, Rubens, Saravia e Zaracho: os jogadores do Atl\u00e9tico-MG com mais intercepta\u00e7\u00f5es por jogo no Brasileir\u00e3o"},"content":{"rendered":"\n<p>Para manter o time vivo nos campeonatos e colher bons frutos ao final das temporadas, os jogadores precisam se empenhar em ter um time equilibrado, ou seja, com bons aproveitamentos defensivos e ofensivos.<\/p>\n\n\n\n<ul class=\"wp-block-list\">\n<li><a href=\"https:\/\/www.gaveanews.com\/index.php\/2024\/11\/08\/atletico-mg-x-flamengo-a-declaracao-de-petkovic\/\">Atl\u00e9tico-MG x Flamengo: a declara\u00e7\u00e3o de Petkovic<\/a><\/li>\n\n\n\n<li><a href=\"https:\/\/www.gaveanews.com\/index.php\/2024\/11\/08\/atletico-mg-x-flamengo-casagrande-crava-campeao-da-copa-do-brasil\/\">Atl\u00e9tico-MG x Flamengo: Casagrande crava campe\u00e3o da Copa do Brasil<\/a><\/li>\n<\/ul>\n\n\n\n<p>Uma das melhores formas de manter um time consistente \u00e9 com uma boa defesa, e os aproveitamentos individuais s\u00e3o importantes. Nesse cen\u00e1rio, o G\u00e1vea News elencou o top-10 atletas com mais intercepta\u00e7\u00f5es por jogo pelo Atl\u00e9tico-MG no Brasileir\u00e3o. Os dados foram retirados do &#8216;Sofascore&#8217;.<\/p>\n\n\n\n<h2 class=\"wp-block-heading\" id=\"h-gustavo-scarpa\">Gustavo Scarpa<\/h2>\n\n\n\n<p>Gustavo Scarpa abre a lista do Atl\u00e9tico-MG e aparece em d\u00e9cimo lugar, com 0.5 intercepta\u00e7\u00f5es por jogo. O meio-campista disputou 27 confrontos do Brasileir\u00e3o, foi titular 21 vezes e tem minutagem de 1.877.<\/p>\n\n\n\n<figure class=\"wp-block-image size-large\"><img loading=\"lazy\" decoding=\"async\" width=\"1024\" height=\"512\" src=\"https:\/\/www.gaveanews.com\/wp-content\/uploads\/Gustavo-Scarpa-no-Atletico-Mineiro-Foto-Pedro-Souza-Atletico-Esporte-News-Mundo-1024x512.webp\" alt=\"Gustavo Scarpa no Atl\u00e9tico Mineiro (Foto Pedro Souza Atl\u00e9tico Esporte News Mundo)\" class=\"wp-image-150531\" srcset=\"https:\/\/www.gaveanews.com\/wp-content\/uploads\/Gustavo-Scarpa-no-Atletico-Mineiro-Foto-Pedro-Souza-Atletico-Esporte-News-Mundo-1024x512.webp 1024w, https:\/\/www.gaveanews.com\/wp-content\/uploads\/Gustavo-Scarpa-no-Atletico-Mineiro-Foto-Pedro-Souza-Atletico-Esporte-News-Mundo-300x150.webp 300w, https:\/\/www.gaveanews.com\/wp-content\/uploads\/Gustavo-Scarpa-no-Atletico-Mineiro-Foto-Pedro-Souza-Atletico-Esporte-News-Mundo-768x384.webp 768w, https:\/\/www.gaveanews.com\/wp-content\/uploads\/Gustavo-Scarpa-no-Atletico-Mineiro-Foto-Pedro-Souza-Atletico-Esporte-News-Mundo-840x420.webp 840w, https:\/\/www.gaveanews.com\/wp-content\/uploads\/Gustavo-Scarpa-no-Atletico-Mineiro-Foto-Pedro-Souza-Atletico-Esporte-News-Mundo-640x320.webp 640w, https:\/\/www.gaveanews.com\/wp-content\/uploads\/Gustavo-Scarpa-no-Atletico-Mineiro-Foto-Pedro-Souza-Atletico-Esporte-News-Mundo-681x341.webp 681w, https:\/\/www.gaveanews.com\/wp-content\/uploads\/Gustavo-Scarpa-no-Atletico-Mineiro-Foto-Pedro-Souza-Atletico-Esporte-News-Mundo-100x50.webp 100w, https:\/\/www.gaveanews.com\/wp-content\/uploads\/Gustavo-Scarpa-no-Atletico-Mineiro-Foto-Pedro-Souza-Atletico-Esporte-News-Mundo.webp 1200w\" sizes=\"auto, (max-width: 1024px) 100vw, 1024px\" \/><figcaption class=\"wp-element-caption\">Gustavo Scarpa no Atl\u00e9tico Mineiro (Foto Pedro Souza Atl\u00e9tico Esporte News Mundo)<\/figcaption><\/figure>\n\n\n\n<h2 class=\"wp-block-heading\" id=\"h-fausto-vera\">Fausto Vera<\/h2>\n\n\n\n<p>O argentino Fausto Vera vem logo na sequ\u00eancia, com 0.8 intercepta\u00e7\u00f5es\/partida. O meio-campista foi a campo 14 vezes, iniciou os confrontos em 13 delas e ficou por 1.132 minutos nos gramados.<\/p>\n\n\n\n<figure class=\"wp-block-image size-large\"><img loading=\"lazy\" decoding=\"async\" width=\"1024\" height=\"640\" src=\"https:\/\/www.gaveanews.com\/wp-content\/uploads\/Fausto-Vera-pelo-Atletico-MG-1024x640.webp\" alt=\"\" class=\"wp-image-168219\" srcset=\"https:\/\/www.gaveanews.com\/wp-content\/uploads\/Fausto-Vera-pelo-Atletico-MG-1024x640.webp 1024w, https:\/\/www.gaveanews.com\/wp-content\/uploads\/Fausto-Vera-pelo-Atletico-MG-300x188.webp 300w, https:\/\/www.gaveanews.com\/wp-content\/uploads\/Fausto-Vera-pelo-Atletico-MG-768x480.webp 768w, https:\/\/www.gaveanews.com\/wp-content\/uploads\/Fausto-Vera-pelo-Atletico-MG-1536x960.webp 1536w, https:\/\/www.gaveanews.com\/wp-content\/uploads\/Fausto-Vera-pelo-Atletico-MG-672x420.webp 672w, https:\/\/www.gaveanews.com\/wp-content\/uploads\/Fausto-Vera-pelo-Atletico-MG-1344x840.webp 1344w, https:\/\/www.gaveanews.com\/wp-content\/uploads\/Fausto-Vera-pelo-Atletico-MG-640x400.webp 640w, https:\/\/www.gaveanews.com\/wp-content\/uploads\/Fausto-Vera-pelo-Atletico-MG-1280x800.webp 1280w, https:\/\/www.gaveanews.com\/wp-content\/uploads\/Fausto-Vera-pelo-Atletico-MG-681x426.webp 681w, https:\/\/www.gaveanews.com\/wp-content\/uploads\/Fausto-Vera-pelo-Atletico-MG-1362x851.webp 1362w, https:\/\/www.gaveanews.com\/wp-content\/uploads\/Fausto-Vera-pelo-Atletico-MG-100x63.webp 100w, https:\/\/www.gaveanews.com\/wp-content\/uploads\/Fausto-Vera-pelo-Atletico-MG.webp 1600w\" sizes=\"auto, (max-width: 1024px) 100vw, 1024px\" \/><figcaption class=\"wp-element-caption\">Fausto Vera pelo Atl\u00e9tico-MG (Foto: Divulga\u00e7\u00e3o\/Atl\u00e9tico-MG)<\/figcaption><\/figure>\n\n\n\n<h2 class=\"wp-block-heading\" id=\"h-igor-rabello\">Igor Rabello<\/h2>\n\n\n\n<p>O zagueiro Igor Rabello tamb\u00e9m aparece na lista, com a mesma m\u00e9dia de Fausto Vera: 0.8 intercepta\u00e7\u00f5es. Foram 13 partidas disputadas, nove como titular e uma minutagem de 827 minutos.<\/p>\n\n\n\n<figure class=\"wp-block-image size-full\"><img loading=\"lazy\" decoding=\"async\" width=\"1000\" height=\"563\" src=\"https:\/\/www.gaveanews.com\/wp-content\/uploads\/Igor-Rabello-em-acao-pelo-Atletico-MG.webp\" alt=\"\" class=\"wp-image-149943\" srcset=\"https:\/\/www.gaveanews.com\/wp-content\/uploads\/Igor-Rabello-em-acao-pelo-Atletico-MG.webp 1000w, https:\/\/www.gaveanews.com\/wp-content\/uploads\/Igor-Rabello-em-acao-pelo-Atletico-MG-300x169.webp 300w, https:\/\/www.gaveanews.com\/wp-content\/uploads\/Igor-Rabello-em-acao-pelo-Atletico-MG-768x432.webp 768w, https:\/\/www.gaveanews.com\/wp-content\/uploads\/Igor-Rabello-em-acao-pelo-Atletico-MG-746x420.webp 746w, https:\/\/www.gaveanews.com\/wp-content\/uploads\/Igor-Rabello-em-acao-pelo-Atletico-MG-640x360.webp 640w, https:\/\/www.gaveanews.com\/wp-content\/uploads\/Igor-Rabello-em-acao-pelo-Atletico-MG-681x383.webp 681w, https:\/\/www.gaveanews.com\/wp-content\/uploads\/Igor-Rabello-em-acao-pelo-Atletico-MG-100x56.webp 100w\" sizes=\"auto, (max-width: 1000px) 100vw, 1000px\" \/><figcaption class=\"wp-element-caption\">Igor Rabello em a\u00e7\u00e3o pelo Atl\u00e9tico-MG (Foto: Reprodu\u00e7\u00e3o\/Cruzeiro)<\/figcaption><\/figure>\n\n\n\n<h2 class=\"wp-block-heading\" id=\"h-matias-zaracho\">Mat\u00edas Zaracho<\/h2>\n\n\n\n<p>Zaracho \u00e9 mais um estrangeiro da lista, com 0.9 intercepta\u00e7\u00f5es\/jogo no Brasileir\u00e3o. O argentino \u00e9 meio-campista, veste a camisa 15, disputou 14 jogos, iniciou 10 e foi a campo por 771 minutos. <\/p>\n\n\n\n<figure class=\"wp-block-image size-large\"><img loading=\"lazy\" decoding=\"async\" width=\"1024\" height=\"887\" src=\"https:\/\/www.gaveanews.com\/wp-content\/uploads\/Zaracho-pelo-Atletico-MG-1024x887.webp\" alt=\"\" class=\"wp-image-168220\" srcset=\"https:\/\/www.gaveanews.com\/wp-content\/uploads\/Zaracho-pelo-Atletico-MG-1024x887.webp 1024w, https:\/\/www.gaveanews.com\/wp-content\/uploads\/Zaracho-pelo-Atletico-MG-300x260.webp 300w, https:\/\/www.gaveanews.com\/wp-content\/uploads\/Zaracho-pelo-Atletico-MG-768x665.webp 768w, https:\/\/www.gaveanews.com\/wp-content\/uploads\/Zaracho-pelo-Atletico-MG-485x420.webp 485w, https:\/\/www.gaveanews.com\/wp-content\/uploads\/Zaracho-pelo-Atletico-MG-970x840.webp 970w, https:\/\/www.gaveanews.com\/wp-content\/uploads\/Zaracho-pelo-Atletico-MG-640x554.webp 640w, https:\/\/www.gaveanews.com\/wp-content\/uploads\/Zaracho-pelo-Atletico-MG-681x590.webp 681w, https:\/\/www.gaveanews.com\/wp-content\/uploads\/Zaracho-pelo-Atletico-MG-100x87.webp 100w, https:\/\/www.gaveanews.com\/wp-content\/uploads\/Zaracho-pelo-Atletico-MG.webp 1231w\" sizes=\"auto, (max-width: 1024px) 100vw, 1024px\" \/><figcaption class=\"wp-element-caption\">Zaracho pelo Atl\u00e9tico-MG (Foto: Divulga\u00e7\u00e3o\/Atl\u00e9tico-MG)<\/figcaption><\/figure>\n\n\n\n<h2 class=\"wp-block-heading\" id=\"h-alan-franco\">Alan Franco<\/h2>\n\n\n\n<p>Alan Franco \u00e9 mais um meio-campista e tem a mesma m\u00e9dia de Zaracho: 0.9 intercepta\u00e7\u00f5es. O equatoriano disputou 19 confrontos, foi titular em 15 deles e tem minutagem de 1.361.<\/p>\n\n\n\n<figure class=\"wp-block-image size-full\"><img loading=\"lazy\" decoding=\"async\" width=\"640\" height=\"582\" src=\"https:\/\/www.gaveanews.com\/wp-content\/uploads\/Alan-Franco-em-acao-pelo-Atletico-MG.webp\" alt=\"\" class=\"wp-image-171355\" srcset=\"https:\/\/www.gaveanews.com\/wp-content\/uploads\/Alan-Franco-em-acao-pelo-Atletico-MG.webp 640w, https:\/\/www.gaveanews.com\/wp-content\/uploads\/Alan-Franco-em-acao-pelo-Atletico-MG-300x273.webp 300w, https:\/\/www.gaveanews.com\/wp-content\/uploads\/Alan-Franco-em-acao-pelo-Atletico-MG-462x420.webp 462w, https:\/\/www.gaveanews.com\/wp-content\/uploads\/Alan-Franco-em-acao-pelo-Atletico-MG-100x91.webp 100w\" sizes=\"auto, (max-width: 640px) 100vw, 640px\" \/><figcaption class=\"wp-element-caption\">Alan Franco em a\u00e7\u00e3o pelo Atl\u00e9tico-MG  (Foto: Pedro Souza\/Atl\u00e9tico)<\/figcaption><\/figure>\n\n\n\n<h2 class=\"wp-block-heading\" id=\"h-otavio\">Ot\u00e1vio <\/h2>\n\n\n\n<p>A quinta posi\u00e7\u00e3o pertence a Ot\u00e1vio, com m\u00e9dia de 1.0 intercepta\u00e7\u00e3o por partida em 20 jogos disputados. O volante foi titular 18 vezes e ficou em campo por 1.583 minutos.<\/p>\n\n\n\n<figure class=\"wp-block-image size-full\"><img loading=\"lazy\" decoding=\"async\" width=\"762\" height=\"429\" src=\"https:\/\/www.gaveanews.com\/wp-content\/uploads\/Otavio-jogador-do-Atletico-MG.webp\" alt=\"\" class=\"wp-image-81891\" srcset=\"https:\/\/www.gaveanews.com\/wp-content\/uploads\/Otavio-jogador-do-Atletico-MG.webp 762w, https:\/\/www.gaveanews.com\/wp-content\/uploads\/Otavio-jogador-do-Atletico-MG-300x169.webp 300w, https:\/\/www.gaveanews.com\/wp-content\/uploads\/Otavio-jogador-do-Atletico-MG-746x420.webp 746w, https:\/\/www.gaveanews.com\/wp-content\/uploads\/Otavio-jogador-do-Atletico-MG-640x360.webp 640w, https:\/\/www.gaveanews.com\/wp-content\/uploads\/Otavio-jogador-do-Atletico-MG-681x383.webp 681w, https:\/\/www.gaveanews.com\/wp-content\/uploads\/Otavio-jogador-do-Atletico-MG-100x56.webp 100w\" sizes=\"auto, (max-width: 762px) 100vw, 762px\" \/><figcaption class=\"wp-element-caption\">Ot\u00e1vio, jogador do Atl\u00e9tico-MG (Foto: Pedro Souza\/Atl\u00e9tico-MG)<\/figcaption><\/figure>\n\n\n\n<h2 class=\"wp-block-heading\" id=\"h-renzo-saravia\">Renzo Saravia <\/h2>\n\n\n\n<p>Renzo Saravia \u00e9 mais um estrangeiro no ranking, com 1.0 intercepta\u00e7\u00e3o\/partida. O argentino disputou 25 confrontos, iniciou 20 confrontos e tem minutagem de 1.790.<\/p>\n\n\n\n<figure class=\"wp-block-image size-full\"><img loading=\"lazy\" decoding=\"async\" width=\"983\" height=\"788\" src=\"https:\/\/www.gaveanews.com\/wp-content\/uploads\/Renzo-Saravia-e-anunciado-pelo-Atletico-MG.webp\" alt=\"\" class=\"wp-image-170296\" srcset=\"https:\/\/www.gaveanews.com\/wp-content\/uploads\/Renzo-Saravia-e-anunciado-pelo-Atletico-MG.webp 983w, https:\/\/www.gaveanews.com\/wp-content\/uploads\/Renzo-Saravia-e-anunciado-pelo-Atletico-MG-300x240.webp 300w, https:\/\/www.gaveanews.com\/wp-content\/uploads\/Renzo-Saravia-e-anunciado-pelo-Atletico-MG-768x616.webp 768w, https:\/\/www.gaveanews.com\/wp-content\/uploads\/Renzo-Saravia-e-anunciado-pelo-Atletico-MG-524x420.webp 524w, https:\/\/www.gaveanews.com\/wp-content\/uploads\/Renzo-Saravia-e-anunciado-pelo-Atletico-MG-640x513.webp 640w, https:\/\/www.gaveanews.com\/wp-content\/uploads\/Renzo-Saravia-e-anunciado-pelo-Atletico-MG-681x546.webp 681w, https:\/\/www.gaveanews.com\/wp-content\/uploads\/Renzo-Saravia-e-anunciado-pelo-Atletico-MG-100x80.webp 100w\" sizes=\"auto, (max-width: 983px) 100vw, 983px\" \/><figcaption class=\"wp-element-caption\">Renzo Saravia \u00e9 anunciado pelo Atl\u00e9tico-MG (Foto: Divulga\u00e7\u00e3o\/Atl\u00e9ticco-MG)<\/figcaption><\/figure>\n\n\n\n<h2 class=\"wp-block-heading\" id=\"h-guilherme-arana\">Guilherme Arana <\/h2>\n\n\n\n<p>Guilherme Arana abre o &#8216;top-3&#8217; do Atl\u00e9tico-MG e aumenta a m\u00e9dia para 1.1 intercepta\u00e7\u00f5es por confronto. O lateral-esquerdo disputou 15 jogos, foi titular em 11 e ficou em campo por 1.152 minutos.<\/p>\n\n\n\n<figure class=\"wp-block-image size-full\"><img loading=\"lazy\" decoding=\"async\" width=\"721\" height=\"535\" src=\"https:\/\/www.gaveanews.com\/wp-content\/uploads\/Guilherme-Arana-pelo-Atletico-MG.webp\" alt=\"\" class=\"wp-image-168221\" srcset=\"https:\/\/www.gaveanews.com\/wp-content\/uploads\/Guilherme-Arana-pelo-Atletico-MG.webp 721w, https:\/\/www.gaveanews.com\/wp-content\/uploads\/Guilherme-Arana-pelo-Atletico-MG-300x223.webp 300w, https:\/\/www.gaveanews.com\/wp-content\/uploads\/Guilherme-Arana-pelo-Atletico-MG-566x420.webp 566w, https:\/\/www.gaveanews.com\/wp-content\/uploads\/Guilherme-Arana-pelo-Atletico-MG-80x60.webp 80w, https:\/\/www.gaveanews.com\/wp-content\/uploads\/Guilherme-Arana-pelo-Atletico-MG-160x120.webp 160w, https:\/\/www.gaveanews.com\/wp-content\/uploads\/Guilherme-Arana-pelo-Atletico-MG-100x74.webp 100w, https:\/\/www.gaveanews.com\/wp-content\/uploads\/Guilherme-Arana-pelo-Atletico-MG-180x135.webp 180w, https:\/\/www.gaveanews.com\/wp-content\/uploads\/Guilherme-Arana-pelo-Atletico-MG-238x178.webp 238w, https:\/\/www.gaveanews.com\/wp-content\/uploads\/Guilherme-Arana-pelo-Atletico-MG-640x475.webp 640w, https:\/\/www.gaveanews.com\/wp-content\/uploads\/Guilherme-Arana-pelo-Atletico-MG-681x505.webp 681w\" sizes=\"auto, (max-width: 721px) 100vw, 721px\" \/><figcaption class=\"wp-element-caption\">Guilherme Arana pelo Atl\u00e9tico-MG (Foto: Pedro Souza\/Atl\u00e9tico-MG)<\/figcaption><\/figure>\n\n\n\n<h2 class=\"wp-block-heading\" id=\"h-bruno-fuchs\">Bruno Fuchs<\/h2>\n\n\n\n<p>A segunda posi\u00e7\u00e3o pertence a Bruno Fuchs, que \u00e9 titular da zaga atleticana e tem 1.2 intercepta\u00e7\u00f5es por jogo. O defensor foi a campo em 23 jogos, iniciou 21 e ficou 1.847 minutos em campo.<\/p>\n\n\n\n<figure class=\"wp-block-image size-full\"><img loading=\"lazy\" decoding=\"async\" width=\"984\" height=\"699\" src=\"https:\/\/www.gaveanews.com\/wp-content\/uploads\/Bruno-Fuchs-e-anunciado-pelo-Atletico-MG.webp\" alt=\"\" class=\"wp-image-170295\" srcset=\"https:\/\/www.gaveanews.com\/wp-content\/uploads\/Bruno-Fuchs-e-anunciado-pelo-Atletico-MG.webp 984w, https:\/\/www.gaveanews.com\/wp-content\/uploads\/Bruno-Fuchs-e-anunciado-pelo-Atletico-MG-300x213.webp 300w, https:\/\/www.gaveanews.com\/wp-content\/uploads\/Bruno-Fuchs-e-anunciado-pelo-Atletico-MG-768x546.webp 768w, https:\/\/www.gaveanews.com\/wp-content\/uploads\/Bruno-Fuchs-e-anunciado-pelo-Atletico-MG-591x420.webp 591w, https:\/\/www.gaveanews.com\/wp-content\/uploads\/Bruno-Fuchs-e-anunciado-pelo-Atletico-MG-640x455.webp 640w, https:\/\/www.gaveanews.com\/wp-content\/uploads\/Bruno-Fuchs-e-anunciado-pelo-Atletico-MG-681x484.webp 681w, https:\/\/www.gaveanews.com\/wp-content\/uploads\/Bruno-Fuchs-e-anunciado-pelo-Atletico-MG-100x71.webp 100w\" sizes=\"auto, (max-width: 984px) 100vw, 984px\" \/><figcaption class=\"wp-element-caption\">Bruno Fuchs \u00e9 anunciado pelo Atl\u00e9tico-MG (Foto: Divulga\u00e7\u00e3o\/Atl\u00e9ticco-MG)<\/figcaption><\/figure>\n\n\n\n<h2 class=\"wp-block-heading\" id=\"h-rubens\">Rubens <\/h2>\n\n\n\n<p>Rubens \u00e9 o primeiro da lista, com 1.4 intercepta\u00e7\u00f5es por embate. O meio-campista foi a campo em 13 oportunidades, sendo nove como titular, e tem baixa minutagem: 760.<\/p>\n\n\n\n<figure class=\"wp-block-image size-large\"><img loading=\"lazy\" decoding=\"async\" width=\"1024\" height=\"833\" src=\"https:\/\/www.gaveanews.com\/wp-content\/uploads\/Rubens-em-acao-pelo-Atletico-MG-1024x833.webp\" alt=\"\" class=\"wp-image-171357\" srcset=\"https:\/\/www.gaveanews.com\/wp-content\/uploads\/Rubens-em-acao-pelo-Atletico-MG-1024x833.webp 1024w, https:\/\/www.gaveanews.com\/wp-content\/uploads\/Rubens-em-acao-pelo-Atletico-MG-300x244.webp 300w, https:\/\/www.gaveanews.com\/wp-content\/uploads\/Rubens-em-acao-pelo-Atletico-MG-768x625.webp 768w, https:\/\/www.gaveanews.com\/wp-content\/uploads\/Rubens-em-acao-pelo-Atletico-MG-516x420.webp 516w, https:\/\/www.gaveanews.com\/wp-content\/uploads\/Rubens-em-acao-pelo-Atletico-MG-1032x840.webp 1032w, https:\/\/www.gaveanews.com\/wp-content\/uploads\/Rubens-em-acao-pelo-Atletico-MG-640x521.webp 640w, https:\/\/www.gaveanews.com\/wp-content\/uploads\/Rubens-em-acao-pelo-Atletico-MG-681x554.webp 681w, https:\/\/www.gaveanews.com\/wp-content\/uploads\/Rubens-em-acao-pelo-Atletico-MG-100x81.webp 100w, https:\/\/www.gaveanews.com\/wp-content\/uploads\/Rubens-em-acao-pelo-Atletico-MG.webp 1106w\" sizes=\"auto, (max-width: 1024px) 100vw, 1024px\" \/><figcaption class=\"wp-element-caption\">Rubens em a\u00e7\u00e3o pelo Atl\u00e9tico-MG (Foto: Divulga\u00e7\u00e3o\/Atl\u00e9tico-MG)<\/figcaption><\/figure>\n","protected":false},"excerpt":{"rendered":"<p>Para manter o time vivo nos campeonatos e colher bons frutos ao final das temporadas, os jogadores precisam se empenhar em ter um time equilibrado, ou seja, com bons aproveitamentos defensivos e ofensivos. Uma das melhores formas de manter um time consistente \u00e9 com uma boa defesa, e os aproveitamentos individuais s\u00e3o importantes. Nesse cen\u00e1rio, [&hellip;]<\/p>\n","protected":false},"author":18,"featured_media":170295,"comment_status":"open","ping_status":"closed","sticky":false,"template":"","format":"standard","meta":{"footnotes":""},"categories":[136],"tags":[],"class_list":["post-182989","post","type-post","status-publish","format-standard","has-post-thumbnail","hentry","category-atletico-mg"],"yoast_head":"<!-- This site is optimized with the Yoast SEO Premium plugin v24.2 (Yoast SEO v26.9) - https:\/\/yoast.com\/product\/yoast-seo-premium-wordpress\/ -->\n<title>Alan Franco, Bruno Fuchs, Fausto Vera, Guilherme Arana, Gustavo Scarpa, Igor Rabello, Ot\u00e1vio, Rubens, Saravia e Zaracho: os jogadores do Atl\u00e9tico-MG com mais intercepta\u00e7\u00f5es por jogo no Brasileir\u00e3o<\/title>\n<meta name=\"robots\" content=\"index, follow, max-snippet:-1, max-image-preview:large, max-video-preview:-1\" \/>\n<link rel=\"canonical\" href=\"https:\/\/www.gaveanews.com\/index.php\/2024\/11\/08\/alan-franco-bruno-fuchs-fausto-vera-guilherme-arana-gustavo-scarpa-igor-rabello-otavio-rubens-saravia-e-zaracho-os-jogadores-do-atletico-mg-com-mais-interceptacoes-por-jogo-no-brasileirao\/\" \/>\n<meta property=\"og:locale\" content=\"pt_BR\" \/>\n<meta property=\"og:type\" content=\"article\" \/>\n<meta property=\"og:title\" content=\"Alan Franco, Bruno Fuchs, Fausto Vera, Guilherme Arana, Gustavo Scarpa, Igor Rabello, Ot\u00e1vio, Rubens, Saravia e Zaracho: os jogadores do Atl\u00e9tico-MG com mais intercepta\u00e7\u00f5es por jogo no Brasileir\u00e3o\" \/>\n<meta property=\"og:description\" content=\"Para manter o time vivo nos campeonatos e colher bons frutos ao final das temporadas, os jogadores precisam se empenhar em ter um time equilibrado, ou seja, com bons aproveitamentos defensivos e ofensivos. Uma das melhores formas de manter um time consistente \u00e9 com uma boa defesa, e os aproveitamentos individuais s\u00e3o importantes. Nesse cen\u00e1rio, [&hellip;]\" \/>\n<meta property=\"og:url\" content=\"https:\/\/www.gaveanews.com\/index.php\/2024\/11\/08\/alan-franco-bruno-fuchs-fausto-vera-guilherme-arana-gustavo-scarpa-igor-rabello-otavio-rubens-saravia-e-zaracho-os-jogadores-do-atletico-mg-com-mais-interceptacoes-por-jogo-no-brasileirao\/\" \/>\n<meta property=\"og:site_name\" content=\"G\u00e1vea News\" \/>\n<meta property=\"article:publisher\" content=\"https:\/\/facebook.com\/gaveaNews\/\" \/>\n<meta property=\"article:published_time\" content=\"2024-11-09T00:20:00+00:00\" \/>\n<meta property=\"og:image\" content=\"https:\/\/www.gaveanews.com\/wp-content\/uploads\/Bruno-Fuchs-e-anunciado-pelo-Atletico-MG.webp\" \/>\n\t<meta property=\"og:image:width\" content=\"984\" \/>\n\t<meta property=\"og:image:height\" content=\"699\" \/>\n\t<meta property=\"og:image:type\" content=\"image\/jpeg\" \/>\n<meta name=\"author\" content=\"Paula Silva\" \/>\n<meta name=\"twitter:card\" content=\"summary_large_image\" \/>\n<meta name=\"twitter:label1\" content=\"Escrito por\" \/>\n\t<meta name=\"twitter:data1\" content=\"Paula Silva\" \/>\n\t<meta name=\"twitter:label2\" content=\"Est. tempo de leitura\" \/>\n\t<meta name=\"twitter:data2\" content=\"5 minutos\" \/>\n<script type=\"application\/ld+json\" class=\"yoast-schema-graph\">{\"@context\":\"https:\/\/schema.org\",\"@graph\":[{\"@type\":\"NewsArticle\",\"@id\":\"https:\/\/www.gaveanews.com\/index.php\/2024\/11\/08\/alan-franco-bruno-fuchs-fausto-vera-guilherme-arana-gustavo-scarpa-igor-rabello-otavio-rubens-saravia-e-zaracho-os-jogadores-do-atletico-mg-com-mais-interceptacoes-por-jogo-no-brasileirao\/#article\",\"isPartOf\":{\"@id\":\"https:\/\/www.gaveanews.com\/index.php\/2024\/11\/08\/alan-franco-bruno-fuchs-fausto-vera-guilherme-arana-gustavo-scarpa-igor-rabello-otavio-rubens-saravia-e-zaracho-os-jogadores-do-atletico-mg-com-mais-interceptacoes-por-jogo-no-brasileirao\/\"},\"author\":{\"name\":\"Paula Silva\",\"@id\":\"https:\/\/www.gaveanews.com\/#\/schema\/person\/daf63eec72e1164eb13dc35096c2b8da\"},\"headline\":\"Alan Franco, Bruno Fuchs, Fausto Vera, Guilherme Arana, Gustavo Scarpa, Igor Rabello, Ot\u00e1vio, Rubens, Saravia e Zaracho: os jogadores do Atl\u00e9tico-MG com mais intercepta\u00e7\u00f5es por jogo no Brasileir\u00e3o\",\"datePublished\":\"2024-11-09T00:20:00+00:00\",\"mainEntityOfPage\":{\"@id\":\"https:\/\/www.gaveanews.com\/index.php\/2024\/11\/08\/alan-franco-bruno-fuchs-fausto-vera-guilherme-arana-gustavo-scarpa-igor-rabello-otavio-rubens-saravia-e-zaracho-os-jogadores-do-atletico-mg-com-mais-interceptacoes-por-jogo-no-brasileirao\/\"},\"wordCount\":555,\"commentCount\":0,\"image\":{\"@id\":\"https:\/\/www.gaveanews.com\/index.php\/2024\/11\/08\/alan-franco-bruno-fuchs-fausto-vera-guilherme-arana-gustavo-scarpa-igor-rabello-otavio-rubens-saravia-e-zaracho-os-jogadores-do-atletico-mg-com-mais-interceptacoes-por-jogo-no-brasileirao\/#primaryimage\"},\"thumbnailUrl\":\"https:\/\/www.gaveanews.com\/wp-content\/uploads\/Bruno-Fuchs-e-anunciado-pelo-Atletico-MG.webp\",\"articleSection\":[\"Atl\u00e9tico-MG\"],\"inLanguage\":\"pt-BR\",\"potentialAction\":[{\"@type\":\"CommentAction\",\"name\":\"Comment\",\"target\":[\"https:\/\/www.gaveanews.com\/index.php\/2024\/11\/08\/alan-franco-bruno-fuchs-fausto-vera-guilherme-arana-gustavo-scarpa-igor-rabello-otavio-rubens-saravia-e-zaracho-os-jogadores-do-atletico-mg-com-mais-interceptacoes-por-jogo-no-brasileirao\/#respond\"]}],\"copyrightYear\":\"2024\",\"copyrightHolder\":{\"@id\":\"https:\/\/www.gaveanews.com\/#organization\"}},{\"@type\":\"WebPage\",\"@id\":\"https:\/\/www.gaveanews.com\/index.php\/2024\/11\/08\/alan-franco-bruno-fuchs-fausto-vera-guilherme-arana-gustavo-scarpa-igor-rabello-otavio-rubens-saravia-e-zaracho-os-jogadores-do-atletico-mg-com-mais-interceptacoes-por-jogo-no-brasileirao\/\",\"url\":\"https:\/\/www.gaveanews.com\/index.php\/2024\/11\/08\/alan-franco-bruno-fuchs-fausto-vera-guilherme-arana-gustavo-scarpa-igor-rabello-otavio-rubens-saravia-e-zaracho-os-jogadores-do-atletico-mg-com-mais-interceptacoes-por-jogo-no-brasileirao\/\",\"name\":\"Alan Franco, Bruno Fuchs, Fausto Vera, Guilherme Arana, Gustavo Scarpa, Igor Rabello, Ot\u00e1vio, Rubens, Saravia e Zaracho: os jogadores do Atl\u00e9tico-MG com mais intercepta\u00e7\u00f5es por jogo no Brasileir\u00e3o\",\"isPartOf\":{\"@id\":\"https:\/\/www.gaveanews.com\/#website\"},\"primaryImageOfPage\":{\"@id\":\"https:\/\/www.gaveanews.com\/index.php\/2024\/11\/08\/alan-franco-bruno-fuchs-fausto-vera-guilherme-arana-gustavo-scarpa-igor-rabello-otavio-rubens-saravia-e-zaracho-os-jogadores-do-atletico-mg-com-mais-interceptacoes-por-jogo-no-brasileirao\/#primaryimage\"},\"image\":{\"@id\":\"https:\/\/www.gaveanews.com\/index.php\/2024\/11\/08\/alan-franco-bruno-fuchs-fausto-vera-guilherme-arana-gustavo-scarpa-igor-rabello-otavio-rubens-saravia-e-zaracho-os-jogadores-do-atletico-mg-com-mais-interceptacoes-por-jogo-no-brasileirao\/#primaryimage\"},\"thumbnailUrl\":\"https:\/\/www.gaveanews.com\/wp-content\/uploads\/Bruno-Fuchs-e-anunciado-pelo-Atletico-MG.webp\",\"datePublished\":\"2024-11-09T00:20:00+00:00\",\"author\":{\"@id\":\"https:\/\/www.gaveanews.com\/#\/schema\/person\/daf63eec72e1164eb13dc35096c2b8da\"},\"breadcrumb\":{\"@id\":\"https:\/\/www.gaveanews.com\/index.php\/2024\/11\/08\/alan-franco-bruno-fuchs-fausto-vera-guilherme-arana-gustavo-scarpa-igor-rabello-otavio-rubens-saravia-e-zaracho-os-jogadores-do-atletico-mg-com-mais-interceptacoes-por-jogo-no-brasileirao\/#breadcrumb\"},\"inLanguage\":\"pt-BR\",\"potentialAction\":[{\"@type\":\"ReadAction\",\"target\":[\"https:\/\/www.gaveanews.com\/index.php\/2024\/11\/08\/alan-franco-bruno-fuchs-fausto-vera-guilherme-arana-gustavo-scarpa-igor-rabello-otavio-rubens-saravia-e-zaracho-os-jogadores-do-atletico-mg-com-mais-interceptacoes-por-jogo-no-brasileirao\/\"]}]},{\"@type\":\"ImageObject\",\"inLanguage\":\"pt-BR\",\"@id\":\"https:\/\/www.gaveanews.com\/index.php\/2024\/11\/08\/alan-franco-bruno-fuchs-fausto-vera-guilherme-arana-gustavo-scarpa-igor-rabello-otavio-rubens-saravia-e-zaracho-os-jogadores-do-atletico-mg-com-mais-interceptacoes-por-jogo-no-brasileirao\/#primaryimage\",\"url\":\"https:\/\/www.gaveanews.com\/wp-content\/uploads\/Bruno-Fuchs-e-anunciado-pelo-Atletico-MG.webp\",\"contentUrl\":\"https:\/\/www.gaveanews.com\/wp-content\/uploads\/Bruno-Fuchs-e-anunciado-pelo-Atletico-MG.webp\",\"width\":984,\"height\":699,\"caption\":\"Bruno Fuchs pelo Atl\u00e9tico-MG (Foto: Divulga\u00e7\u00e3o\/Atl\u00e9tico-MG)\"},{\"@type\":\"BreadcrumbList\",\"@id\":\"https:\/\/www.gaveanews.com\/index.php\/2024\/11\/08\/alan-franco-bruno-fuchs-fausto-vera-guilherme-arana-gustavo-scarpa-igor-rabello-otavio-rubens-saravia-e-zaracho-os-jogadores-do-atletico-mg-com-mais-interceptacoes-por-jogo-no-brasileirao\/#breadcrumb\",\"itemListElement\":[{\"@type\":\"ListItem\",\"position\":1,\"name\":\"Home\",\"item\":\"https:\/\/www.gaveanews.com\/\"},{\"@type\":\"ListItem\",\"position\":2,\"name\":\"Alan Franco, Bruno Fuchs, Fausto Vera, Guilherme Arana, Gustavo Scarpa, Igor Rabello, Ot\u00e1vio, Rubens, Saravia e Zaracho: os jogadores do Atl\u00e9tico-MG com mais intercepta\u00e7\u00f5es por jogo no Brasileir\u00e3o\"}]},{\"@type\":\"WebSite\",\"@id\":\"https:\/\/www.gaveanews.com\/#website\",\"url\":\"https:\/\/www.gaveanews.com\/\",\"name\":\"G\u00e1vea News\",\"description\":\"Veja todas as not\u00edcias sobre o Flamengo: Contrata\u00e7\u00f5es, categorias de base, resultados das partidas, tabela de classifica\u00e7\u00e3o, pr\u00f3ximos jogos!\",\"potentialAction\":[{\"@type\":\"SearchAction\",\"target\":{\"@type\":\"EntryPoint\",\"urlTemplate\":\"https:\/\/www.gaveanews.com\/?s={search_term_string}\"},\"query-input\":{\"@type\":\"PropertyValueSpecification\",\"valueRequired\":true,\"valueName\":\"search_term_string\"}}],\"inLanguage\":\"pt-BR\"},{\"@type\":\"Person\",\"@id\":\"https:\/\/www.gaveanews.com\/#\/schema\/person\/daf63eec72e1164eb13dc35096c2b8da\",\"name\":\"Paula Silva\",\"image\":{\"@type\":\"ImageObject\",\"inLanguage\":\"pt-BR\",\"@id\":\"https:\/\/www.gaveanews.com\/#\/schema\/person\/image\/\",\"url\":\"https:\/\/secure.gravatar.com\/avatar\/eda381c845527cc5d64c13b901833cda29d97500ba040d3e6461f76f51d163bb?s=96&d=mm&r=g\",\"contentUrl\":\"https:\/\/secure.gravatar.com\/avatar\/eda381c845527cc5d64c13b901833cda29d97500ba040d3e6461f76f51d163bb?s=96&d=mm&r=g\",\"caption\":\"Paula Silva\"}}]}<\/script>\n<!-- \/ Yoast SEO Premium plugin. -->","yoast_head_json":{"title":"Alan Franco, Bruno Fuchs, Fausto Vera, Guilherme Arana, Gustavo Scarpa, Igor Rabello, Ot\u00e1vio, Rubens, Saravia e Zaracho: os jogadores do Atl\u00e9tico-MG com mais intercepta\u00e7\u00f5es por jogo no Brasileir\u00e3o","robots":{"index":"index","follow":"follow","max-snippet":"max-snippet:-1","max-image-preview":"max-image-preview:large","max-video-preview":"max-video-preview:-1"},"canonical":"https:\/\/www.gaveanews.com\/index.php\/2024\/11\/08\/alan-franco-bruno-fuchs-fausto-vera-guilherme-arana-gustavo-scarpa-igor-rabello-otavio-rubens-saravia-e-zaracho-os-jogadores-do-atletico-mg-com-mais-interceptacoes-por-jogo-no-brasileirao\/","og_locale":"pt_BR","og_type":"article","og_title":"Alan Franco, Bruno Fuchs, Fausto Vera, Guilherme Arana, Gustavo Scarpa, Igor Rabello, Ot\u00e1vio, Rubens, Saravia e Zaracho: os jogadores do Atl\u00e9tico-MG com mais intercepta\u00e7\u00f5es por jogo no Brasileir\u00e3o","og_description":"Para manter o time vivo nos campeonatos e colher bons frutos ao final das temporadas, os jogadores precisam se empenhar em ter um time equilibrado, ou seja, com bons aproveitamentos defensivos e ofensivos. Uma das melhores formas de manter um time consistente \u00e9 com uma boa defesa, e os aproveitamentos individuais s\u00e3o importantes. Nesse cen\u00e1rio, [&hellip;]","og_url":"https:\/\/www.gaveanews.com\/index.php\/2024\/11\/08\/alan-franco-bruno-fuchs-fausto-vera-guilherme-arana-gustavo-scarpa-igor-rabello-otavio-rubens-saravia-e-zaracho-os-jogadores-do-atletico-mg-com-mais-interceptacoes-por-jogo-no-brasileirao\/","og_site_name":"G\u00e1vea News","article_publisher":"https:\/\/facebook.com\/gaveaNews\/","article_published_time":"2024-11-09T00:20:00+00:00","og_image":[{"width":984,"height":699,"url":"https:\/\/www.gaveanews.com\/wp-content\/uploads\/Bruno-Fuchs-e-anunciado-pelo-Atletico-MG.webp","type":"image\/jpeg"}],"author":"Paula Silva","twitter_card":"summary_large_image","twitter_misc":{"Escrito por":"Paula Silva","Est. tempo de leitura":"5 minutos"},"schema":{"@context":"https:\/\/schema.org","@graph":[{"@type":"NewsArticle","@id":"https:\/\/www.gaveanews.com\/index.php\/2024\/11\/08\/alan-franco-bruno-fuchs-fausto-vera-guilherme-arana-gustavo-scarpa-igor-rabello-otavio-rubens-saravia-e-zaracho-os-jogadores-do-atletico-mg-com-mais-interceptacoes-por-jogo-no-brasileirao\/#article","isPartOf":{"@id":"https:\/\/www.gaveanews.com\/index.php\/2024\/11\/08\/alan-franco-bruno-fuchs-fausto-vera-guilherme-arana-gustavo-scarpa-igor-rabello-otavio-rubens-saravia-e-zaracho-os-jogadores-do-atletico-mg-com-mais-interceptacoes-por-jogo-no-brasileirao\/"},"author":{"name":"Paula Silva","@id":"https:\/\/www.gaveanews.com\/#\/schema\/person\/daf63eec72e1164eb13dc35096c2b8da"},"headline":"Alan Franco, Bruno Fuchs, Fausto Vera, Guilherme Arana, Gustavo Scarpa, Igor Rabello, Ot\u00e1vio, Rubens, Saravia e Zaracho: os jogadores do Atl\u00e9tico-MG com mais intercepta\u00e7\u00f5es por jogo no Brasileir\u00e3o","datePublished":"2024-11-09T00:20:00+00:00","mainEntityOfPage":{"@id":"https:\/\/www.gaveanews.com\/index.php\/2024\/11\/08\/alan-franco-bruno-fuchs-fausto-vera-guilherme-arana-gustavo-scarpa-igor-rabello-otavio-rubens-saravia-e-zaracho-os-jogadores-do-atletico-mg-com-mais-interceptacoes-por-jogo-no-brasileirao\/"},"wordCount":555,"commentCount":0,"image":{"@id":"https:\/\/www.gaveanews.com\/index.php\/2024\/11\/08\/alan-franco-bruno-fuchs-fausto-vera-guilherme-arana-gustavo-scarpa-igor-rabello-otavio-rubens-saravia-e-zaracho-os-jogadores-do-atletico-mg-com-mais-interceptacoes-por-jogo-no-brasileirao\/#primaryimage"},"thumbnailUrl":"https:\/\/www.gaveanews.com\/wp-content\/uploads\/Bruno-Fuchs-e-anunciado-pelo-Atletico-MG.webp","articleSection":["Atl\u00e9tico-MG"],"inLanguage":"pt-BR","potentialAction":[{"@type":"CommentAction","name":"Comment","target":["https:\/\/www.gaveanews.com\/index.php\/2024\/11\/08\/alan-franco-bruno-fuchs-fausto-vera-guilherme-arana-gustavo-scarpa-igor-rabello-otavio-rubens-saravia-e-zaracho-os-jogadores-do-atletico-mg-com-mais-interceptacoes-por-jogo-no-brasileirao\/#respond"]}],"copyrightYear":"2024","copyrightHolder":{"@id":"https:\/\/www.gaveanews.com\/#organization"}},{"@type":"WebPage","@id":"https:\/\/www.gaveanews.com\/index.php\/2024\/11\/08\/alan-franco-bruno-fuchs-fausto-vera-guilherme-arana-gustavo-scarpa-igor-rabello-otavio-rubens-saravia-e-zaracho-os-jogadores-do-atletico-mg-com-mais-interceptacoes-por-jogo-no-brasileirao\/","url":"https:\/\/www.gaveanews.com\/index.php\/2024\/11\/08\/alan-franco-bruno-fuchs-fausto-vera-guilherme-arana-gustavo-scarpa-igor-rabello-otavio-rubens-saravia-e-zaracho-os-jogadores-do-atletico-mg-com-mais-interceptacoes-por-jogo-no-brasileirao\/","name":"Alan Franco, Bruno Fuchs, Fausto Vera, Guilherme Arana, Gustavo Scarpa, Igor Rabello, Ot\u00e1vio, Rubens, Saravia e Zaracho: os jogadores do Atl\u00e9tico-MG com mais intercepta\u00e7\u00f5es por jogo no Brasileir\u00e3o","isPartOf":{"@id":"https:\/\/www.gaveanews.com\/#website"},"primaryImageOfPage":{"@id":"https:\/\/www.gaveanews.com\/index.php\/2024\/11\/08\/alan-franco-bruno-fuchs-fausto-vera-guilherme-arana-gustavo-scarpa-igor-rabello-otavio-rubens-saravia-e-zaracho-os-jogadores-do-atletico-mg-com-mais-interceptacoes-por-jogo-no-brasileirao\/#primaryimage"},"image":{"@id":"https:\/\/www.gaveanews.com\/index.php\/2024\/11\/08\/alan-franco-bruno-fuchs-fausto-vera-guilherme-arana-gustavo-scarpa-igor-rabello-otavio-rubens-saravia-e-zaracho-os-jogadores-do-atletico-mg-com-mais-interceptacoes-por-jogo-no-brasileirao\/#primaryimage"},"thumbnailUrl":"https:\/\/www.gaveanews.com\/wp-content\/uploads\/Bruno-Fuchs-e-anunciado-pelo-Atletico-MG.webp","datePublished":"2024-11-09T00:20:00+00:00","author":{"@id":"https:\/\/www.gaveanews.com\/#\/schema\/person\/daf63eec72e1164eb13dc35096c2b8da"},"breadcrumb":{"@id":"https:\/\/www.gaveanews.com\/index.php\/2024\/11\/08\/alan-franco-bruno-fuchs-fausto-vera-guilherme-arana-gustavo-scarpa-igor-rabello-otavio-rubens-saravia-e-zaracho-os-jogadores-do-atletico-mg-com-mais-interceptacoes-por-jogo-no-brasileirao\/#breadcrumb"},"inLanguage":"pt-BR","potentialAction":[{"@type":"ReadAction","target":["https:\/\/www.gaveanews.com\/index.php\/2024\/11\/08\/alan-franco-bruno-fuchs-fausto-vera-guilherme-arana-gustavo-scarpa-igor-rabello-otavio-rubens-saravia-e-zaracho-os-jogadores-do-atletico-mg-com-mais-interceptacoes-por-jogo-no-brasileirao\/"]}]},{"@type":"ImageObject","inLanguage":"pt-BR","@id":"https:\/\/www.gaveanews.com\/index.php\/2024\/11\/08\/alan-franco-bruno-fuchs-fausto-vera-guilherme-arana-gustavo-scarpa-igor-rabello-otavio-rubens-saravia-e-zaracho-os-jogadores-do-atletico-mg-com-mais-interceptacoes-por-jogo-no-brasileirao\/#primaryimage","url":"https:\/\/www.gaveanews.com\/wp-content\/uploads\/Bruno-Fuchs-e-anunciado-pelo-Atletico-MG.webp","contentUrl":"https:\/\/www.gaveanews.com\/wp-content\/uploads\/Bruno-Fuchs-e-anunciado-pelo-Atletico-MG.webp","width":984,"height":699,"caption":"Bruno Fuchs pelo Atl\u00e9tico-MG (Foto: Divulga\u00e7\u00e3o\/Atl\u00e9tico-MG)"},{"@type":"BreadcrumbList","@id":"https:\/\/www.gaveanews.com\/index.php\/2024\/11\/08\/alan-franco-bruno-fuchs-fausto-vera-guilherme-arana-gustavo-scarpa-igor-rabello-otavio-rubens-saravia-e-zaracho-os-jogadores-do-atletico-mg-com-mais-interceptacoes-por-jogo-no-brasileirao\/#breadcrumb","itemListElement":[{"@type":"ListItem","position":1,"name":"Home","item":"https:\/\/www.gaveanews.com\/"},{"@type":"ListItem","position":2,"name":"Alan Franco, Bruno Fuchs, Fausto Vera, Guilherme Arana, Gustavo Scarpa, Igor Rabello, Ot\u00e1vio, Rubens, Saravia e Zaracho: os jogadores do Atl\u00e9tico-MG com mais intercepta\u00e7\u00f5es por jogo no Brasileir\u00e3o"}]},{"@type":"WebSite","@id":"https:\/\/www.gaveanews.com\/#website","url":"https:\/\/www.gaveanews.com\/","name":"G\u00e1vea News","description":"Veja todas as not\u00edcias sobre o Flamengo: Contrata\u00e7\u00f5es, categorias de base, resultados das partidas, tabela de classifica\u00e7\u00e3o, pr\u00f3ximos jogos!","potentialAction":[{"@type":"SearchAction","target":{"@type":"EntryPoint","urlTemplate":"https:\/\/www.gaveanews.com\/?s={search_term_string}"},"query-input":{"@type":"PropertyValueSpecification","valueRequired":true,"valueName":"search_term_string"}}],"inLanguage":"pt-BR"},{"@type":"Person","@id":"https:\/\/www.gaveanews.com\/#\/schema\/person\/daf63eec72e1164eb13dc35096c2b8da","name":"Paula Silva","image":{"@type":"ImageObject","inLanguage":"pt-BR","@id":"https:\/\/www.gaveanews.com\/#\/schema\/person\/image\/","url":"https:\/\/secure.gravatar.com\/avatar\/eda381c845527cc5d64c13b901833cda29d97500ba040d3e6461f76f51d163bb?s=96&d=mm&r=g","contentUrl":"https:\/\/secure.gravatar.com\/avatar\/eda381c845527cc5d64c13b901833cda29d97500ba040d3e6461f76f51d163bb?s=96&d=mm&r=g","caption":"Paula Silva"}}]}},"_links":{"self":[{"href":"https:\/\/www.gaveanews.com\/index.php\/wp-json\/wp\/v2\/posts\/182989","targetHints":{"allow":["GET"]}}],"collection":[{"href":"https:\/\/www.gaveanews.com\/index.php\/wp-json\/wp\/v2\/posts"}],"about":[{"href":"https:\/\/www.gaveanews.com\/index.php\/wp-json\/wp\/v2\/types\/post"}],"author":[{"embeddable":true,"href":"https:\/\/www.gaveanews.com\/index.php\/wp-json\/wp\/v2\/users\/18"}],"replies":[{"embeddable":true,"href":"https:\/\/www.gaveanews.com\/index.php\/wp-json\/wp\/v2\/comments?post=182989"}],"version-history":[{"count":1,"href":"https:\/\/www.gaveanews.com\/index.php\/wp-json\/wp\/v2\/posts\/182989\/revisions"}],"predecessor-version":[{"id":183005,"href":"https:\/\/www.gaveanews.com\/index.php\/wp-json\/wp\/v2\/posts\/182989\/revisions\/183005"}],"wp:featuredmedia":[{"embeddable":true,"href":"https:\/\/www.gaveanews.com\/index.php\/wp-json\/wp\/v2\/media\/170295"}],"wp:attachment":[{"href":"https:\/\/www.gaveanews.com\/index.php\/wp-json\/wp\/v2\/media?parent=182989"}],"wp:term":[{"taxonomy":"category","embeddable":true,"href":"https:\/\/www.gaveanews.com\/index.php\/wp-json\/wp\/v2\/categories?post=182989"},{"taxonomy":"post_tag","embeddable":true,"href":"https:\/\/www.gaveanews.com\/index.php\/wp-json\/wp\/v2\/tags?post=182989"}],"curies":[{"name":"wp","href":"https:\/\/api.w.org\/{rel}","templated":true}]}}