{"id":183001,"date":"2024-11-08T21:10:00","date_gmt":"2024-11-09T00:10:00","guid":{"rendered":"https:\/\/www.gaveanews.com\/?p=183001"},"modified":"2024-11-08T20:43:16","modified_gmt":"2024-11-08T23:43:16","slug":"john-textor-do-botafogo-podera-ser-punido-pelo-stjd","status":"publish","type":"post","link":"https:\/\/www.gaveanews.com\/index.php\/2024\/11\/08\/john-textor-do-botafogo-podera-ser-punido-pelo-stjd\/","title":{"rendered":"John Textor, do Botafogo, poder\u00e1 ser punido pelo STJD"},"content":{"rendered":"\n<p>A rela\u00e7\u00e3o entre futebol e declara\u00e7\u00f5es pol\u00eamicas nem sempre \u00e9 f\u00e1cil de gerenciar, e John Textor, dono da SAF do Botafogo, parece ser mais um exemplo disso.&nbsp;<\/p>\n\n\n\n<ul class=\"wp-block-list\">\n<li><a href=\"https:\/\/www.gaveanews.com\/index.php\/2024\/11\/08\/igor-jesus-do-botafogo-ira-interferir-diretamente-no-futuro-de-yuri-alberto-do-corinthians\/\">Igor Jesus, do Botafogo, ir\u00e1 interferir diretamente no futuro de Yuri Alberto, do Corinthians<\/a><\/li>\n\n\n\n<li><a href=\"https:\/\/www.gaveanews.com\/index.php\/2024\/11\/08\/dirigente-do-flamengo-rebate-textor-do-botafogo\/\">Dirigente do Flamengo rebate Textor, do Botafogo<\/a><\/li>\n<\/ul>\n\n\n\n<p>Embora esteja fazendo um bom trabalho \u00e0 frente do clube carioca, principalmente por estar na lideran\u00e7a do Campeonato Brasileiro e na final da Libertadores, o mandat\u00e1rio se envolveu em uma pol\u00eamica que pode lhe custar caro.<\/p>\n\n\n\n<h2 class=\"wp-block-heading\" id=\"h-acusacoes-e-punicao-iminente\">Acusa\u00e7\u00f5es e puni\u00e7\u00e3o iminente<\/h2>\n\n\n\n<p>John Textor se viu no centro de uma pol\u00eamica ap\u00f3s uma s\u00e9rie de declara\u00e7\u00f5es no segundo turno do Campeonato Brasileiro de 2023, quando o Botafogo enfrentou o Palmeiras.\u00a0O empres\u00e1rio acusou a arbitragem de \u201croubo\u201d ap\u00f3s a expuls\u00e3o do jogador Adryelson e insinuou que o time alviverde foi favorecido por dois anos seguidos, al\u00e9m de sugerir manipula\u00e7\u00e3o de resultados.\u00a0<\/p>\n\n\n\n<p>Isso porque, as acusa\u00e7\u00f5es feitas por Textor foram consideradas graves e acabaram gerando uma den\u00fancia por parte da Procuradoria Geral do STJD, al\u00e9m de representa\u00e7\u00f5es do Palmeiras, S\u00e3o Paulo, Sindicato de Atletas de S\u00e3o Paulo e Associa\u00e7\u00e3o Nacional dos \u00c1rbitros.<\/p>\n\n\n\n<p>Vale destacar que, embora o empres\u00e1rio tenha sido absolvido em primeira inst\u00e2ncia pelo STJD, o julgamento ainda est\u00e1 em aberto. Sendo assim, Textor pode ser punido de forma severa, com uma pena que pode chegar a 810 dias de suspens\u00e3o, al\u00e9m de uma multa de at\u00e9 R$ 500 mil mensais.<\/p>\n\n\n\n<h2 class=\"wp-block-heading\" id=\"h-a-situacao-se-complica-para-o-mandatario\">A situa\u00e7\u00e3o se complica para o mandat\u00e1rio<\/h2>\n\n\n\n<p>O julgamento de Textor foi adiado e n\u00e3o h\u00e1 uma data definida para a sua resolu\u00e7\u00e3o. Isso porque, o STJD solicitou mais tempo para analisar as respostas de GoodGame, empresa contratada pelo empres\u00e1rio para produzir um relat\u00f3rio sobre a arbitragem.&nbsp;<\/p>\n\n\n\n<p>Por isso, a expectativa sobre o desfecho desse caso continua alta, pois a puni\u00e7\u00e3o de Textor pode afetar n\u00e3o s\u00f3 sua imagem, mas tamb\u00e9m o futuro do Botafogo.<\/p>\n\n\n\n<p>Com isso, o empres\u00e1rio, que j\u00e1 enfrenta dificuldades com o Lyon, seu outro time, tamb\u00e9m precisa lidar com essa pend\u00eancia jur\u00eddica.\u00a0Portanto, a pol\u00eamica pode se estender e prejudicar a busca do Botafogo por um t\u00edtulo expressivo, al\u00e9m de aumentar a press\u00e3o sobre o empres\u00e1rio.<\/p>\n","protected":false},"excerpt":{"rendered":"<p>A rela\u00e7\u00e3o entre futebol e declara\u00e7\u00f5es pol\u00eamicas nem sempre \u00e9 f\u00e1cil de gerenciar, e John Textor, dono da SAF do Botafogo, parece ser mais um exemplo disso.&nbsp; Embora esteja fazendo um bom trabalho \u00e0 frente do clube carioca, principalmente por estar na lideran\u00e7a do Campeonato Brasileiro e na final da Libertadores, o mandat\u00e1rio se envolveu [&hellip;]<\/p>\n","protected":false},"author":25,"featured_media":101461,"comment_status":"open","ping_status":"closed","sticky":false,"template":"","format":"standard","meta":{"footnotes":""},"categories":[138],"tags":[],"class_list":["post-183001","post","type-post","status-publish","format-standard","has-post-thumbnail","hentry","category-botafogo"],"yoast_head":"<!-- This site is optimized with the Yoast SEO Premium plugin v24.2 (Yoast SEO v26.9) - https:\/\/yoast.com\/product\/yoast-seo-premium-wordpress\/ -->\n<title>John Textor, do Botafogo, poder\u00e1 ser punido pelo STJD<\/title>\n<meta name=\"robots\" content=\"index, follow, max-snippet:-1, max-image-preview:large, max-video-preview:-1\" \/>\n<link rel=\"canonical\" href=\"https:\/\/www.gaveanews.com\/index.php\/2024\/11\/08\/john-textor-do-botafogo-podera-ser-punido-pelo-stjd\/\" \/>\n<meta property=\"og:locale\" content=\"pt_BR\" \/>\n<meta property=\"og:type\" content=\"article\" \/>\n<meta property=\"og:title\" content=\"John Textor, do Botafogo, poder\u00e1 ser punido pelo STJD\" \/>\n<meta property=\"og:description\" content=\"A rela\u00e7\u00e3o entre futebol e declara\u00e7\u00f5es pol\u00eamicas nem sempre \u00e9 f\u00e1cil de gerenciar, e John Textor, dono da SAF do Botafogo, parece ser mais um exemplo disso.&nbsp; Embora esteja fazendo um bom trabalho \u00e0 frente do clube carioca, principalmente por estar na lideran\u00e7a do Campeonato Brasileiro e na final da Libertadores, o mandat\u00e1rio se envolveu [&hellip;]\" \/>\n<meta property=\"og:url\" content=\"https:\/\/www.gaveanews.com\/index.php\/2024\/11\/08\/john-textor-do-botafogo-podera-ser-punido-pelo-stjd\/\" \/>\n<meta property=\"og:site_name\" content=\"G\u00e1vea News\" \/>\n<meta property=\"article:publisher\" content=\"https:\/\/facebook.com\/gaveaNews\/\" \/>\n<meta property=\"article:published_time\" content=\"2024-11-09T00:10:00+00:00\" \/>\n<meta property=\"og:image\" content=\"https:\/\/www.gaveanews.com\/wp-content\/uploads\/Textor-durante-coletiva-de-imprensa-do-Botafogo.webp\" \/>\n\t<meta property=\"og:image:width\" content=\"754\" \/>\n\t<meta property=\"og:image:height\" content=\"471\" \/>\n\t<meta property=\"og:image:type\" content=\"image\/webp\" \/>\n<meta name=\"author\" content=\"Rafaela Ladeira\" \/>\n<meta name=\"twitter:card\" content=\"summary_large_image\" \/>\n<meta name=\"twitter:label1\" content=\"Escrito por\" \/>\n\t<meta name=\"twitter:data1\" content=\"Rafaela Ladeira\" \/>\n\t<meta name=\"twitter:label2\" content=\"Est. tempo de leitura\" \/>\n\t<meta name=\"twitter:data2\" content=\"3 minutos\" \/>\n<script type=\"application\/ld+json\" class=\"yoast-schema-graph\">{\"@context\":\"https:\/\/schema.org\",\"@graph\":[{\"@type\":\"NewsArticle\",\"@id\":\"https:\/\/www.gaveanews.com\/index.php\/2024\/11\/08\/john-textor-do-botafogo-podera-ser-punido-pelo-stjd\/#article\",\"isPartOf\":{\"@id\":\"https:\/\/www.gaveanews.com\/index.php\/2024\/11\/08\/john-textor-do-botafogo-podera-ser-punido-pelo-stjd\/\"},\"author\":{\"name\":\"Rafaela Ladeira\",\"@id\":\"https:\/\/www.gaveanews.com\/#\/schema\/person\/0eb3e3fe1754f0205218538adbe8f5ed\"},\"headline\":\"John Textor, do Botafogo, poder\u00e1 ser punido pelo STJD\",\"datePublished\":\"2024-11-09T00:10:00+00:00\",\"mainEntityOfPage\":{\"@id\":\"https:\/\/www.gaveanews.com\/index.php\/2024\/11\/08\/john-textor-do-botafogo-podera-ser-punido-pelo-stjd\/\"},\"wordCount\":410,\"commentCount\":0,\"image\":{\"@id\":\"https:\/\/www.gaveanews.com\/index.php\/2024\/11\/08\/john-textor-do-botafogo-podera-ser-punido-pelo-stjd\/#primaryimage\"},\"thumbnailUrl\":\"https:\/\/www.gaveanews.com\/wp-content\/uploads\/Textor-durante-coletiva-de-imprensa-do-Botafogo.webp\",\"articleSection\":[\"Botafogo\"],\"inLanguage\":\"pt-BR\",\"potentialAction\":[{\"@type\":\"CommentAction\",\"name\":\"Comment\",\"target\":[\"https:\/\/www.gaveanews.com\/index.php\/2024\/11\/08\/john-textor-do-botafogo-podera-ser-punido-pelo-stjd\/#respond\"]}],\"copyrightYear\":\"2024\",\"copyrightHolder\":{\"@id\":\"https:\/\/www.gaveanews.com\/#organization\"}},{\"@type\":\"WebPage\",\"@id\":\"https:\/\/www.gaveanews.com\/index.php\/2024\/11\/08\/john-textor-do-botafogo-podera-ser-punido-pelo-stjd\/\",\"url\":\"https:\/\/www.gaveanews.com\/index.php\/2024\/11\/08\/john-textor-do-botafogo-podera-ser-punido-pelo-stjd\/\",\"name\":\"John Textor, do Botafogo, poder\u00e1 ser punido pelo STJD\",\"isPartOf\":{\"@id\":\"https:\/\/www.gaveanews.com\/#website\"},\"primaryImageOfPage\":{\"@id\":\"https:\/\/www.gaveanews.com\/index.php\/2024\/11\/08\/john-textor-do-botafogo-podera-ser-punido-pelo-stjd\/#primaryimage\"},\"image\":{\"@id\":\"https:\/\/www.gaveanews.com\/index.php\/2024\/11\/08\/john-textor-do-botafogo-podera-ser-punido-pelo-stjd\/#primaryimage\"},\"thumbnailUrl\":\"https:\/\/www.gaveanews.com\/wp-content\/uploads\/Textor-durante-coletiva-de-imprensa-do-Botafogo.webp\",\"datePublished\":\"2024-11-09T00:10:00+00:00\",\"author\":{\"@id\":\"https:\/\/www.gaveanews.com\/#\/schema\/person\/0eb3e3fe1754f0205218538adbe8f5ed\"},\"breadcrumb\":{\"@id\":\"https:\/\/www.gaveanews.com\/index.php\/2024\/11\/08\/john-textor-do-botafogo-podera-ser-punido-pelo-stjd\/#breadcrumb\"},\"inLanguage\":\"pt-BR\",\"potentialAction\":[{\"@type\":\"ReadAction\",\"target\":[\"https:\/\/www.gaveanews.com\/index.php\/2024\/11\/08\/john-textor-do-botafogo-podera-ser-punido-pelo-stjd\/\"]}]},{\"@type\":\"ImageObject\",\"inLanguage\":\"pt-BR\",\"@id\":\"https:\/\/www.gaveanews.com\/index.php\/2024\/11\/08\/john-textor-do-botafogo-podera-ser-punido-pelo-stjd\/#primaryimage\",\"url\":\"https:\/\/www.gaveanews.com\/wp-content\/uploads\/Textor-durante-coletiva-de-imprensa-do-Botafogo.webp\",\"contentUrl\":\"https:\/\/www.gaveanews.com\/wp-content\/uploads\/Textor-durante-coletiva-de-imprensa-do-Botafogo.webp\",\"width\":754,\"height\":471,\"caption\":\"Textor durante coletiva de imprensa do Botafogo (Foto: V\u00edtor Silva\/Botafogo FR)\"},{\"@type\":\"BreadcrumbList\",\"@id\":\"https:\/\/www.gaveanews.com\/index.php\/2024\/11\/08\/john-textor-do-botafogo-podera-ser-punido-pelo-stjd\/#breadcrumb\",\"itemListElement\":[{\"@type\":\"ListItem\",\"position\":1,\"name\":\"Home\",\"item\":\"https:\/\/www.gaveanews.com\/\"},{\"@type\":\"ListItem\",\"position\":2,\"name\":\"John Textor, do Botafogo, poder\u00e1 ser punido pelo STJD\"}]},{\"@type\":\"WebSite\",\"@id\":\"https:\/\/www.gaveanews.com\/#website\",\"url\":\"https:\/\/www.gaveanews.com\/\",\"name\":\"G\u00e1vea News\",\"description\":\"Veja todas as not\u00edcias sobre o Flamengo: Contrata\u00e7\u00f5es, categorias de base, resultados das partidas, tabela de classifica\u00e7\u00e3o, pr\u00f3ximos jogos!\",\"potentialAction\":[{\"@type\":\"SearchAction\",\"target\":{\"@type\":\"EntryPoint\",\"urlTemplate\":\"https:\/\/www.gaveanews.com\/?s={search_term_string}\"},\"query-input\":{\"@type\":\"PropertyValueSpecification\",\"valueRequired\":true,\"valueName\":\"search_term_string\"}}],\"inLanguage\":\"pt-BR\"},{\"@type\":\"Person\",\"@id\":\"https:\/\/www.gaveanews.com\/#\/schema\/person\/0eb3e3fe1754f0205218538adbe8f5ed\",\"name\":\"Rafaela Ladeira\",\"image\":{\"@type\":\"ImageObject\",\"inLanguage\":\"pt-BR\",\"@id\":\"https:\/\/www.gaveanews.com\/#\/schema\/person\/image\/\",\"url\":\"https:\/\/secure.gravatar.com\/avatar\/c31f513acffd85eacab5730cbdfdbbf59f21ba5aeada8cd890acea879fbb2455?s=96&d=mm&r=g\",\"contentUrl\":\"https:\/\/secure.gravatar.com\/avatar\/c31f513acffd85eacab5730cbdfdbbf59f21ba5aeada8cd890acea879fbb2455?s=96&d=mm&r=g\",\"caption\":\"Rafaela Ladeira\"}}]}<\/script>\n<!-- \/ Yoast SEO Premium plugin. -->","yoast_head_json":{"title":"John Textor, do Botafogo, poder\u00e1 ser punido pelo STJD","robots":{"index":"index","follow":"follow","max-snippet":"max-snippet:-1","max-image-preview":"max-image-preview:large","max-video-preview":"max-video-preview:-1"},"canonical":"https:\/\/www.gaveanews.com\/index.php\/2024\/11\/08\/john-textor-do-botafogo-podera-ser-punido-pelo-stjd\/","og_locale":"pt_BR","og_type":"article","og_title":"John Textor, do Botafogo, poder\u00e1 ser punido pelo STJD","og_description":"A rela\u00e7\u00e3o entre futebol e declara\u00e7\u00f5es pol\u00eamicas nem sempre \u00e9 f\u00e1cil de gerenciar, e John Textor, dono da SAF do Botafogo, parece ser mais um exemplo disso.&nbsp; Embora esteja fazendo um bom trabalho \u00e0 frente do clube carioca, principalmente por estar na lideran\u00e7a do Campeonato Brasileiro e na final da Libertadores, o mandat\u00e1rio se envolveu [&hellip;]","og_url":"https:\/\/www.gaveanews.com\/index.php\/2024\/11\/08\/john-textor-do-botafogo-podera-ser-punido-pelo-stjd\/","og_site_name":"G\u00e1vea News","article_publisher":"https:\/\/facebook.com\/gaveaNews\/","article_published_time":"2024-11-09T00:10:00+00:00","og_image":[{"width":754,"height":471,"url":"https:\/\/www.gaveanews.com\/wp-content\/uploads\/Textor-durante-coletiva-de-imprensa-do-Botafogo.webp","type":"image\/webp"}],"author":"Rafaela Ladeira","twitter_card":"summary_large_image","twitter_misc":{"Escrito por":"Rafaela Ladeira","Est. tempo de leitura":"3 minutos"},"schema":{"@context":"https:\/\/schema.org","@graph":[{"@type":"NewsArticle","@id":"https:\/\/www.gaveanews.com\/index.php\/2024\/11\/08\/john-textor-do-botafogo-podera-ser-punido-pelo-stjd\/#article","isPartOf":{"@id":"https:\/\/www.gaveanews.com\/index.php\/2024\/11\/08\/john-textor-do-botafogo-podera-ser-punido-pelo-stjd\/"},"author":{"name":"Rafaela Ladeira","@id":"https:\/\/www.gaveanews.com\/#\/schema\/person\/0eb3e3fe1754f0205218538adbe8f5ed"},"headline":"John Textor, do Botafogo, poder\u00e1 ser punido pelo STJD","datePublished":"2024-11-09T00:10:00+00:00","mainEntityOfPage":{"@id":"https:\/\/www.gaveanews.com\/index.php\/2024\/11\/08\/john-textor-do-botafogo-podera-ser-punido-pelo-stjd\/"},"wordCount":410,"commentCount":0,"image":{"@id":"https:\/\/www.gaveanews.com\/index.php\/2024\/11\/08\/john-textor-do-botafogo-podera-ser-punido-pelo-stjd\/#primaryimage"},"thumbnailUrl":"https:\/\/www.gaveanews.com\/wp-content\/uploads\/Textor-durante-coletiva-de-imprensa-do-Botafogo.webp","articleSection":["Botafogo"],"inLanguage":"pt-BR","potentialAction":[{"@type":"CommentAction","name":"Comment","target":["https:\/\/www.gaveanews.com\/index.php\/2024\/11\/08\/john-textor-do-botafogo-podera-ser-punido-pelo-stjd\/#respond"]}],"copyrightYear":"2024","copyrightHolder":{"@id":"https:\/\/www.gaveanews.com\/#organization"}},{"@type":"WebPage","@id":"https:\/\/www.gaveanews.com\/index.php\/2024\/11\/08\/john-textor-do-botafogo-podera-ser-punido-pelo-stjd\/","url":"https:\/\/www.gaveanews.com\/index.php\/2024\/11\/08\/john-textor-do-botafogo-podera-ser-punido-pelo-stjd\/","name":"John Textor, do Botafogo, poder\u00e1 ser punido pelo STJD","isPartOf":{"@id":"https:\/\/www.gaveanews.com\/#website"},"primaryImageOfPage":{"@id":"https:\/\/www.gaveanews.com\/index.php\/2024\/11\/08\/john-textor-do-botafogo-podera-ser-punido-pelo-stjd\/#primaryimage"},"image":{"@id":"https:\/\/www.gaveanews.com\/index.php\/2024\/11\/08\/john-textor-do-botafogo-podera-ser-punido-pelo-stjd\/#primaryimage"},"thumbnailUrl":"https:\/\/www.gaveanews.com\/wp-content\/uploads\/Textor-durante-coletiva-de-imprensa-do-Botafogo.webp","datePublished":"2024-11-09T00:10:00+00:00","author":{"@id":"https:\/\/www.gaveanews.com\/#\/schema\/person\/0eb3e3fe1754f0205218538adbe8f5ed"},"breadcrumb":{"@id":"https:\/\/www.gaveanews.com\/index.php\/2024\/11\/08\/john-textor-do-botafogo-podera-ser-punido-pelo-stjd\/#breadcrumb"},"inLanguage":"pt-BR","potentialAction":[{"@type":"ReadAction","target":["https:\/\/www.gaveanews.com\/index.php\/2024\/11\/08\/john-textor-do-botafogo-podera-ser-punido-pelo-stjd\/"]}]},{"@type":"ImageObject","inLanguage":"pt-BR","@id":"https:\/\/www.gaveanews.com\/index.php\/2024\/11\/08\/john-textor-do-botafogo-podera-ser-punido-pelo-stjd\/#primaryimage","url":"https:\/\/www.gaveanews.com\/wp-content\/uploads\/Textor-durante-coletiva-de-imprensa-do-Botafogo.webp","contentUrl":"https:\/\/www.gaveanews.com\/wp-content\/uploads\/Textor-durante-coletiva-de-imprensa-do-Botafogo.webp","width":754,"height":471,"caption":"Textor durante coletiva de imprensa do Botafogo (Foto: V\u00edtor Silva\/Botafogo FR)"},{"@type":"BreadcrumbList","@id":"https:\/\/www.gaveanews.com\/index.php\/2024\/11\/08\/john-textor-do-botafogo-podera-ser-punido-pelo-stjd\/#breadcrumb","itemListElement":[{"@type":"ListItem","position":1,"name":"Home","item":"https:\/\/www.gaveanews.com\/"},{"@type":"ListItem","position":2,"name":"John Textor, do Botafogo, poder\u00e1 ser punido pelo STJD"}]},{"@type":"WebSite","@id":"https:\/\/www.gaveanews.com\/#website","url":"https:\/\/www.gaveanews.com\/","name":"G\u00e1vea News","description":"Veja todas as not\u00edcias sobre o Flamengo: Contrata\u00e7\u00f5es, categorias de base, resultados das partidas, tabela de classifica\u00e7\u00e3o, pr\u00f3ximos jogos!","potentialAction":[{"@type":"SearchAction","target":{"@type":"EntryPoint","urlTemplate":"https:\/\/www.gaveanews.com\/?s={search_term_string}"},"query-input":{"@type":"PropertyValueSpecification","valueRequired":true,"valueName":"search_term_string"}}],"inLanguage":"pt-BR"},{"@type":"Person","@id":"https:\/\/www.gaveanews.com\/#\/schema\/person\/0eb3e3fe1754f0205218538adbe8f5ed","name":"Rafaela Ladeira","image":{"@type":"ImageObject","inLanguage":"pt-BR","@id":"https:\/\/www.gaveanews.com\/#\/schema\/person\/image\/","url":"https:\/\/secure.gravatar.com\/avatar\/c31f513acffd85eacab5730cbdfdbbf59f21ba5aeada8cd890acea879fbb2455?s=96&d=mm&r=g","contentUrl":"https:\/\/secure.gravatar.com\/avatar\/c31f513acffd85eacab5730cbdfdbbf59f21ba5aeada8cd890acea879fbb2455?s=96&d=mm&r=g","caption":"Rafaela Ladeira"}}]}},"_links":{"self":[{"href":"https:\/\/www.gaveanews.com\/index.php\/wp-json\/wp\/v2\/posts\/183001","targetHints":{"allow":["GET"]}}],"collection":[{"href":"https:\/\/www.gaveanews.com\/index.php\/wp-json\/wp\/v2\/posts"}],"about":[{"href":"https:\/\/www.gaveanews.com\/index.php\/wp-json\/wp\/v2\/types\/post"}],"author":[{"embeddable":true,"href":"https:\/\/www.gaveanews.com\/index.php\/wp-json\/wp\/v2\/users\/25"}],"replies":[{"embeddable":true,"href":"https:\/\/www.gaveanews.com\/index.php\/wp-json\/wp\/v2\/comments?post=183001"}],"version-history":[{"count":1,"href":"https:\/\/www.gaveanews.com\/index.php\/wp-json\/wp\/v2\/posts\/183001\/revisions"}],"predecessor-version":[{"id":183002,"href":"https:\/\/www.gaveanews.com\/index.php\/wp-json\/wp\/v2\/posts\/183001\/revisions\/183002"}],"wp:featuredmedia":[{"embeddable":true,"href":"https:\/\/www.gaveanews.com\/index.php\/wp-json\/wp\/v2\/media\/101461"}],"wp:attachment":[{"href":"https:\/\/www.gaveanews.com\/index.php\/wp-json\/wp\/v2\/media?parent=183001"}],"wp:term":[{"taxonomy":"category","embeddable":true,"href":"https:\/\/www.gaveanews.com\/index.php\/wp-json\/wp\/v2\/categories?post=183001"},{"taxonomy":"post_tag","embeddable":true,"href":"https:\/\/www.gaveanews.com\/index.php\/wp-json\/wp\/v2\/tags?post=183001"}],"curies":[{"name":"wp","href":"https:\/\/api.w.org\/{rel}","templated":true}]}}