{"id":183068,"date":"2024-11-08T22:50:00","date_gmt":"2024-11-09T01:50:00","guid":{"rendered":"https:\/\/www.gaveanews.com\/?p=183068"},"modified":"2024-11-08T20:47:35","modified_gmt":"2024-11-08T23:47:35","slug":"messi-pode-disputar-amistoso-contra-o-flamengo-no-estadio-do-maracana","status":"publish","type":"post","link":"https:\/\/www.gaveanews.com\/index.php\/2024\/11\/08\/messi-pode-disputar-amistoso-contra-o-flamengo-no-estadio-do-maracana\/","title":{"rendered":"Messi pode disputar amistoso contra o Flamengo no est\u00e1dio do Maracan\u00e3"},"content":{"rendered":"\n<p>Lionel Messi, um dos maiores \u00edcones da hist\u00f3ria do futebol, ser\u00e1 homenageado na cal\u00e7ada da fama do Maracan\u00e3, onde j\u00e1 figuram as pegadas de outros grandes atletas. O evento marcar\u00e1 a celebra\u00e7\u00e3o do craque argentino e ser\u00e1 seguido de um amistoso entre o Flamengo e o Inter Miami, equipe de Messi e outros astros como Luis Su\u00e1rez e Sergio Busquets.<\/p>\n\n\n\n<ul class=\"wp-block-list\">\n<li><strong><a href=\"https:\/\/www.gaveanews.com\/index.php\/2024\/11\/08\/a-declaracao-de-landim-direcionada-a-eduardo-bandeira-de-mello\/?utm_source=terra_capa_parceiros&amp;utm_medium=referral\">A declara\u00e7\u00e3o de Landim direcionada a Eduardo Bandeira de Mello<\/a><\/strong><\/li>\n\n\n\n<li><strong><a href=\"https:\/\/www.gaveanews.com\/index.php\/2024\/11\/07\/imprensa-da-europa-aponta-atrito-entre-mbappe-e-vinicius-junior-no-real-madrid\/?utm_source=terra_capa_parceiros&amp;utm_medium=referral\">Imprensa da Europa aponta atrito entre Mbapp\u00e9 e Vinicius J\u00fanior no Real Madrid<\/a><\/strong><\/li>\n<\/ul>\n\n\n\n<p>De acordo com o jornalista Fabricio Chicca, do canal &#8216;Mundo na Bola&#8217;, o jogo est\u00e1 previsto para a primeira semana de fevereiro de 2025, logo ap\u00f3s a cerim\u00f4nia de homenagem a Messi. O amistoso surge como uma oportunidade de reunir em campo grandes nomes do futebol internacional em um dos est\u00e1dios mais ic\u00f4nicos do mundo.<\/p>\n\n\n\n<p>O confronto entre Flamengo e Inter Miami promete movimentar o calend\u00e1rio do futebol carioca, que ser\u00e1 antecipado em 2025 devido a mudan\u00e7as realizadas pela CBF. O Campeonato Carioca est\u00e1 programado para come\u00e7ar em janeiro, e o amistoso internacional adicionar\u00e1 ainda mais peso \u00e0 pr\u00e9-temporada do Rubro-Negro.<\/p>\n\n\n\n<p>A escolha do Maracan\u00e3 como palco do evento n\u00e3o \u00e9 por acaso. O est\u00e1dio \u00e9 conhecido por sua hist\u00f3ria rica e por ser um ponto de rever\u00eancia para jogadores que marcaram \u00e9poca. A homenagem a Messi refor\u00e7a essa tradi\u00e7\u00e3o e oferece ao p\u00fablico uma chance \u00fanica de ver um dos maiores jogadores de todos os tempos receber tal reconhecimento.<\/p>\n\n\n\n<p>O an\u00fancio oficial do amistoso deve acontecer ainda em novembro, segundo informa\u00e7\u00f5es de Chicca. A expectativa \u00e9 que a partida n\u00e3o s\u00f3 celebre a trajet\u00f3ria de Messi, mas tamb\u00e9m fortale\u00e7a a marca do Flamengo no cen\u00e1rio global, gerando grande visibilidade e potencial de arrecada\u00e7\u00e3o.<\/p>\n\n\n\n<p>Para o Flamengo, o amistoso representa uma excelente oportunidade de exposi\u00e7\u00e3o internacional. Com a presen\u00e7a de Messi e de outros craques renomados, o evento promete atrair torcedores e investidores, ampliando ainda mais a relev\u00e2ncia do clube no exterior e consolidando sua imagem como uma pot\u00eancia do futebol.<\/p>\n","protected":false},"excerpt":{"rendered":"<p>Lionel Messi, um dos maiores \u00edcones da hist\u00f3ria do futebol, ser\u00e1 homenageado na cal\u00e7ada da fama do Maracan\u00e3, onde j\u00e1 figuram as pegadas de outros grandes atletas. O evento marcar\u00e1 a celebra\u00e7\u00e3o do craque argentino e ser\u00e1 seguido de um amistoso entre o Flamengo e o Inter Miami, equipe de Messi e outros astros como [&hellip;]<\/p>\n","protected":false},"author":23,"featured_media":104008,"comment_status":"open","ping_status":"closed","sticky":false,"template":"","format":"standard","meta":{"footnotes":""},"categories":[1,78],"tags":[],"class_list":["post-183068","post","type-post","status-publish","format-standard","has-post-thumbnail","hentry","category-flamengo","category-futebol-internacional"],"yoast_head":"<!-- This site is optimized with the Yoast SEO Premium plugin v24.2 (Yoast SEO v26.9) - https:\/\/yoast.com\/product\/yoast-seo-premium-wordpress\/ -->\n<title>Messi pode disputar amistoso contra o Flamengo no est\u00e1dio do Maracan\u00e3<\/title>\n<meta name=\"robots\" content=\"index, follow, max-snippet:-1, max-image-preview:large, max-video-preview:-1\" \/>\n<link rel=\"canonical\" href=\"https:\/\/www.gaveanews.com\/index.php\/2024\/11\/08\/messi-pode-disputar-amistoso-contra-o-flamengo-no-estadio-do-maracana\/\" \/>\n<meta property=\"og:locale\" content=\"pt_BR\" \/>\n<meta property=\"og:type\" content=\"article\" \/>\n<meta property=\"og:title\" content=\"Messi pode disputar amistoso contra o Flamengo no est\u00e1dio do Maracan\u00e3\" \/>\n<meta property=\"og:description\" content=\"Lionel Messi, um dos maiores \u00edcones da hist\u00f3ria do futebol, ser\u00e1 homenageado na cal\u00e7ada da fama do Maracan\u00e3, onde j\u00e1 figuram as pegadas de outros grandes atletas. O evento marcar\u00e1 a celebra\u00e7\u00e3o do craque argentino e ser\u00e1 seguido de um amistoso entre o Flamengo e o Inter Miami, equipe de Messi e outros astros como [&hellip;]\" \/>\n<meta property=\"og:url\" content=\"https:\/\/www.gaveanews.com\/index.php\/2024\/11\/08\/messi-pode-disputar-amistoso-contra-o-flamengo-no-estadio-do-maracana\/\" \/>\n<meta property=\"og:site_name\" content=\"G\u00e1vea News\" \/>\n<meta property=\"article:publisher\" content=\"https:\/\/facebook.com\/gaveaNews\/\" \/>\n<meta property=\"article:published_time\" content=\"2024-11-09T01:50:00+00:00\" \/>\n<meta property=\"og:image\" content=\"https:\/\/www.gaveanews.com\/wp-content\/uploads\/messi-gol-inter-miami.webp\" \/>\n\t<meta property=\"og:image:width\" content=\"1600\" \/>\n\t<meta property=\"og:image:height\" content=\"900\" \/>\n\t<meta property=\"og:image:type\" content=\"image\/jpeg\" \/>\n<meta name=\"author\" content=\"Leandro Azevedo\" \/>\n<meta name=\"twitter:card\" content=\"summary_large_image\" \/>\n<meta name=\"twitter:label1\" content=\"Escrito por\" \/>\n\t<meta name=\"twitter:data1\" content=\"Leandro Azevedo\" \/>\n\t<meta name=\"twitter:label2\" content=\"Est. tempo de leitura\" \/>\n\t<meta name=\"twitter:data2\" content=\"3 minutos\" \/>\n<script type=\"application\/ld+json\" class=\"yoast-schema-graph\">{\"@context\":\"https:\/\/schema.org\",\"@graph\":[{\"@type\":\"NewsArticle\",\"@id\":\"https:\/\/www.gaveanews.com\/index.php\/2024\/11\/08\/messi-pode-disputar-amistoso-contra-o-flamengo-no-estadio-do-maracana\/#article\",\"isPartOf\":{\"@id\":\"https:\/\/www.gaveanews.com\/index.php\/2024\/11\/08\/messi-pode-disputar-amistoso-contra-o-flamengo-no-estadio-do-maracana\/\"},\"author\":{\"name\":\"Leandro Azevedo\",\"@id\":\"https:\/\/www.gaveanews.com\/#\/schema\/person\/2877169f354c4596cf5aab74ea7c56a8\"},\"headline\":\"Messi pode disputar amistoso contra o Flamengo no est\u00e1dio do Maracan\u00e3\",\"datePublished\":\"2024-11-09T01:50:00+00:00\",\"mainEntityOfPage\":{\"@id\":\"https:\/\/www.gaveanews.com\/index.php\/2024\/11\/08\/messi-pode-disputar-amistoso-contra-o-flamengo-no-estadio-do-maracana\/\"},\"wordCount\":373,\"commentCount\":0,\"image\":{\"@id\":\"https:\/\/www.gaveanews.com\/index.php\/2024\/11\/08\/messi-pode-disputar-amistoso-contra-o-flamengo-no-estadio-do-maracana\/#primaryimage\"},\"thumbnailUrl\":\"https:\/\/www.gaveanews.com\/wp-content\/uploads\/messi-gol-inter-miami.webp\",\"articleSection\":[\"Flamengo\",\"Futebol Internacional\"],\"inLanguage\":\"pt-BR\",\"potentialAction\":[{\"@type\":\"CommentAction\",\"name\":\"Comment\",\"target\":[\"https:\/\/www.gaveanews.com\/index.php\/2024\/11\/08\/messi-pode-disputar-amistoso-contra-o-flamengo-no-estadio-do-maracana\/#respond\"]}],\"copyrightYear\":\"2024\",\"copyrightHolder\":{\"@id\":\"https:\/\/www.gaveanews.com\/#organization\"}},{\"@type\":\"WebPage\",\"@id\":\"https:\/\/www.gaveanews.com\/index.php\/2024\/11\/08\/messi-pode-disputar-amistoso-contra-o-flamengo-no-estadio-do-maracana\/\",\"url\":\"https:\/\/www.gaveanews.com\/index.php\/2024\/11\/08\/messi-pode-disputar-amistoso-contra-o-flamengo-no-estadio-do-maracana\/\",\"name\":\"Messi pode disputar amistoso contra o Flamengo no est\u00e1dio do Maracan\u00e3\",\"isPartOf\":{\"@id\":\"https:\/\/www.gaveanews.com\/#website\"},\"primaryImageOfPage\":{\"@id\":\"https:\/\/www.gaveanews.com\/index.php\/2024\/11\/08\/messi-pode-disputar-amistoso-contra-o-flamengo-no-estadio-do-maracana\/#primaryimage\"},\"image\":{\"@id\":\"https:\/\/www.gaveanews.com\/index.php\/2024\/11\/08\/messi-pode-disputar-amistoso-contra-o-flamengo-no-estadio-do-maracana\/#primaryimage\"},\"thumbnailUrl\":\"https:\/\/www.gaveanews.com\/wp-content\/uploads\/messi-gol-inter-miami.webp\",\"datePublished\":\"2024-11-09T01:50:00+00:00\",\"author\":{\"@id\":\"https:\/\/www.gaveanews.com\/#\/schema\/person\/2877169f354c4596cf5aab74ea7c56a8\"},\"breadcrumb\":{\"@id\":\"https:\/\/www.gaveanews.com\/index.php\/2024\/11\/08\/messi-pode-disputar-amistoso-contra-o-flamengo-no-estadio-do-maracana\/#breadcrumb\"},\"inLanguage\":\"pt-BR\",\"potentialAction\":[{\"@type\":\"ReadAction\",\"target\":[\"https:\/\/www.gaveanews.com\/index.php\/2024\/11\/08\/messi-pode-disputar-amistoso-contra-o-flamengo-no-estadio-do-maracana\/\"]}]},{\"@type\":\"ImageObject\",\"inLanguage\":\"pt-BR\",\"@id\":\"https:\/\/www.gaveanews.com\/index.php\/2024\/11\/08\/messi-pode-disputar-amistoso-contra-o-flamengo-no-estadio-do-maracana\/#primaryimage\",\"url\":\"https:\/\/www.gaveanews.com\/wp-content\/uploads\/messi-gol-inter-miami.webp\",\"contentUrl\":\"https:\/\/www.gaveanews.com\/wp-content\/uploads\/messi-gol-inter-miami.webp\",\"width\":1600,\"height\":900,\"caption\":\"Messi comemora gol marcado pelo Inter Miami (Foto: Stacy Revere\/Getty Images)\"},{\"@type\":\"BreadcrumbList\",\"@id\":\"https:\/\/www.gaveanews.com\/index.php\/2024\/11\/08\/messi-pode-disputar-amistoso-contra-o-flamengo-no-estadio-do-maracana\/#breadcrumb\",\"itemListElement\":[{\"@type\":\"ListItem\",\"position\":1,\"name\":\"Home\",\"item\":\"https:\/\/www.gaveanews.com\/\"},{\"@type\":\"ListItem\",\"position\":2,\"name\":\"Messi pode disputar amistoso contra o Flamengo no est\u00e1dio do Maracan\u00e3\"}]},{\"@type\":\"WebSite\",\"@id\":\"https:\/\/www.gaveanews.com\/#website\",\"url\":\"https:\/\/www.gaveanews.com\/\",\"name\":\"G\u00e1vea News\",\"description\":\"Veja todas as not\u00edcias sobre o Flamengo: Contrata\u00e7\u00f5es, categorias de base, resultados das partidas, tabela de classifica\u00e7\u00e3o, pr\u00f3ximos jogos!\",\"potentialAction\":[{\"@type\":\"SearchAction\",\"target\":{\"@type\":\"EntryPoint\",\"urlTemplate\":\"https:\/\/www.gaveanews.com\/?s={search_term_string}\"},\"query-input\":{\"@type\":\"PropertyValueSpecification\",\"valueRequired\":true,\"valueName\":\"search_term_string\"}}],\"inLanguage\":\"pt-BR\"},{\"@type\":\"Person\",\"@id\":\"https:\/\/www.gaveanews.com\/#\/schema\/person\/2877169f354c4596cf5aab74ea7c56a8\",\"name\":\"Leandro Azevedo\",\"image\":{\"@type\":\"ImageObject\",\"inLanguage\":\"pt-BR\",\"@id\":\"https:\/\/www.gaveanews.com\/#\/schema\/person\/image\/\",\"url\":\"https:\/\/secure.gravatar.com\/avatar\/e2f72eb6d986a41d592a85e4e36a6c6170e9ea8a1f433dfc29d0011a8968f89c?s=96&d=mm&r=g\",\"contentUrl\":\"https:\/\/secure.gravatar.com\/avatar\/e2f72eb6d986a41d592a85e4e36a6c6170e9ea8a1f433dfc29d0011a8968f89c?s=96&d=mm&r=g\",\"caption\":\"Leandro Azevedo\"}}]}<\/script>\n<!-- \/ Yoast SEO Premium plugin. -->","yoast_head_json":{"title":"Messi pode disputar amistoso contra o Flamengo no est\u00e1dio do Maracan\u00e3","robots":{"index":"index","follow":"follow","max-snippet":"max-snippet:-1","max-image-preview":"max-image-preview:large","max-video-preview":"max-video-preview:-1"},"canonical":"https:\/\/www.gaveanews.com\/index.php\/2024\/11\/08\/messi-pode-disputar-amistoso-contra-o-flamengo-no-estadio-do-maracana\/","og_locale":"pt_BR","og_type":"article","og_title":"Messi pode disputar amistoso contra o Flamengo no est\u00e1dio do Maracan\u00e3","og_description":"Lionel Messi, um dos maiores \u00edcones da hist\u00f3ria do futebol, ser\u00e1 homenageado na cal\u00e7ada da fama do Maracan\u00e3, onde j\u00e1 figuram as pegadas de outros grandes atletas. O evento marcar\u00e1 a celebra\u00e7\u00e3o do craque argentino e ser\u00e1 seguido de um amistoso entre o Flamengo e o Inter Miami, equipe de Messi e outros astros como [&hellip;]","og_url":"https:\/\/www.gaveanews.com\/index.php\/2024\/11\/08\/messi-pode-disputar-amistoso-contra-o-flamengo-no-estadio-do-maracana\/","og_site_name":"G\u00e1vea News","article_publisher":"https:\/\/facebook.com\/gaveaNews\/","article_published_time":"2024-11-09T01:50:00+00:00","og_image":[{"width":1600,"height":900,"url":"https:\/\/www.gaveanews.com\/wp-content\/uploads\/messi-gol-inter-miami.webp","type":"image\/jpeg"}],"author":"Leandro Azevedo","twitter_card":"summary_large_image","twitter_misc":{"Escrito por":"Leandro Azevedo","Est. tempo de leitura":"3 minutos"},"schema":{"@context":"https:\/\/schema.org","@graph":[{"@type":"NewsArticle","@id":"https:\/\/www.gaveanews.com\/index.php\/2024\/11\/08\/messi-pode-disputar-amistoso-contra-o-flamengo-no-estadio-do-maracana\/#article","isPartOf":{"@id":"https:\/\/www.gaveanews.com\/index.php\/2024\/11\/08\/messi-pode-disputar-amistoso-contra-o-flamengo-no-estadio-do-maracana\/"},"author":{"name":"Leandro Azevedo","@id":"https:\/\/www.gaveanews.com\/#\/schema\/person\/2877169f354c4596cf5aab74ea7c56a8"},"headline":"Messi pode disputar amistoso contra o Flamengo no est\u00e1dio do Maracan\u00e3","datePublished":"2024-11-09T01:50:00+00:00","mainEntityOfPage":{"@id":"https:\/\/www.gaveanews.com\/index.php\/2024\/11\/08\/messi-pode-disputar-amistoso-contra-o-flamengo-no-estadio-do-maracana\/"},"wordCount":373,"commentCount":0,"image":{"@id":"https:\/\/www.gaveanews.com\/index.php\/2024\/11\/08\/messi-pode-disputar-amistoso-contra-o-flamengo-no-estadio-do-maracana\/#primaryimage"},"thumbnailUrl":"https:\/\/www.gaveanews.com\/wp-content\/uploads\/messi-gol-inter-miami.webp","articleSection":["Flamengo","Futebol Internacional"],"inLanguage":"pt-BR","potentialAction":[{"@type":"CommentAction","name":"Comment","target":["https:\/\/www.gaveanews.com\/index.php\/2024\/11\/08\/messi-pode-disputar-amistoso-contra-o-flamengo-no-estadio-do-maracana\/#respond"]}],"copyrightYear":"2024","copyrightHolder":{"@id":"https:\/\/www.gaveanews.com\/#organization"}},{"@type":"WebPage","@id":"https:\/\/www.gaveanews.com\/index.php\/2024\/11\/08\/messi-pode-disputar-amistoso-contra-o-flamengo-no-estadio-do-maracana\/","url":"https:\/\/www.gaveanews.com\/index.php\/2024\/11\/08\/messi-pode-disputar-amistoso-contra-o-flamengo-no-estadio-do-maracana\/","name":"Messi pode disputar amistoso contra o Flamengo no est\u00e1dio do Maracan\u00e3","isPartOf":{"@id":"https:\/\/www.gaveanews.com\/#website"},"primaryImageOfPage":{"@id":"https:\/\/www.gaveanews.com\/index.php\/2024\/11\/08\/messi-pode-disputar-amistoso-contra-o-flamengo-no-estadio-do-maracana\/#primaryimage"},"image":{"@id":"https:\/\/www.gaveanews.com\/index.php\/2024\/11\/08\/messi-pode-disputar-amistoso-contra-o-flamengo-no-estadio-do-maracana\/#primaryimage"},"thumbnailUrl":"https:\/\/www.gaveanews.com\/wp-content\/uploads\/messi-gol-inter-miami.webp","datePublished":"2024-11-09T01:50:00+00:00","author":{"@id":"https:\/\/www.gaveanews.com\/#\/schema\/person\/2877169f354c4596cf5aab74ea7c56a8"},"breadcrumb":{"@id":"https:\/\/www.gaveanews.com\/index.php\/2024\/11\/08\/messi-pode-disputar-amistoso-contra-o-flamengo-no-estadio-do-maracana\/#breadcrumb"},"inLanguage":"pt-BR","potentialAction":[{"@type":"ReadAction","target":["https:\/\/www.gaveanews.com\/index.php\/2024\/11\/08\/messi-pode-disputar-amistoso-contra-o-flamengo-no-estadio-do-maracana\/"]}]},{"@type":"ImageObject","inLanguage":"pt-BR","@id":"https:\/\/www.gaveanews.com\/index.php\/2024\/11\/08\/messi-pode-disputar-amistoso-contra-o-flamengo-no-estadio-do-maracana\/#primaryimage","url":"https:\/\/www.gaveanews.com\/wp-content\/uploads\/messi-gol-inter-miami.webp","contentUrl":"https:\/\/www.gaveanews.com\/wp-content\/uploads\/messi-gol-inter-miami.webp","width":1600,"height":900,"caption":"Messi comemora gol marcado pelo Inter Miami (Foto: Stacy Revere\/Getty Images)"},{"@type":"BreadcrumbList","@id":"https:\/\/www.gaveanews.com\/index.php\/2024\/11\/08\/messi-pode-disputar-amistoso-contra-o-flamengo-no-estadio-do-maracana\/#breadcrumb","itemListElement":[{"@type":"ListItem","position":1,"name":"Home","item":"https:\/\/www.gaveanews.com\/"},{"@type":"ListItem","position":2,"name":"Messi pode disputar amistoso contra o Flamengo no est\u00e1dio do Maracan\u00e3"}]},{"@type":"WebSite","@id":"https:\/\/www.gaveanews.com\/#website","url":"https:\/\/www.gaveanews.com\/","name":"G\u00e1vea News","description":"Veja todas as not\u00edcias sobre o Flamengo: Contrata\u00e7\u00f5es, categorias de base, resultados das partidas, tabela de classifica\u00e7\u00e3o, pr\u00f3ximos jogos!","potentialAction":[{"@type":"SearchAction","target":{"@type":"EntryPoint","urlTemplate":"https:\/\/www.gaveanews.com\/?s={search_term_string}"},"query-input":{"@type":"PropertyValueSpecification","valueRequired":true,"valueName":"search_term_string"}}],"inLanguage":"pt-BR"},{"@type":"Person","@id":"https:\/\/www.gaveanews.com\/#\/schema\/person\/2877169f354c4596cf5aab74ea7c56a8","name":"Leandro Azevedo","image":{"@type":"ImageObject","inLanguage":"pt-BR","@id":"https:\/\/www.gaveanews.com\/#\/schema\/person\/image\/","url":"https:\/\/secure.gravatar.com\/avatar\/e2f72eb6d986a41d592a85e4e36a6c6170e9ea8a1f433dfc29d0011a8968f89c?s=96&d=mm&r=g","contentUrl":"https:\/\/secure.gravatar.com\/avatar\/e2f72eb6d986a41d592a85e4e36a6c6170e9ea8a1f433dfc29d0011a8968f89c?s=96&d=mm&r=g","caption":"Leandro Azevedo"}}]}},"_links":{"self":[{"href":"https:\/\/www.gaveanews.com\/index.php\/wp-json\/wp\/v2\/posts\/183068","targetHints":{"allow":["GET"]}}],"collection":[{"href":"https:\/\/www.gaveanews.com\/index.php\/wp-json\/wp\/v2\/posts"}],"about":[{"href":"https:\/\/www.gaveanews.com\/index.php\/wp-json\/wp\/v2\/types\/post"}],"author":[{"embeddable":true,"href":"https:\/\/www.gaveanews.com\/index.php\/wp-json\/wp\/v2\/users\/23"}],"replies":[{"embeddable":true,"href":"https:\/\/www.gaveanews.com\/index.php\/wp-json\/wp\/v2\/comments?post=183068"}],"version-history":[{"count":1,"href":"https:\/\/www.gaveanews.com\/index.php\/wp-json\/wp\/v2\/posts\/183068\/revisions"}],"predecessor-version":[{"id":183069,"href":"https:\/\/www.gaveanews.com\/index.php\/wp-json\/wp\/v2\/posts\/183068\/revisions\/183069"}],"wp:featuredmedia":[{"embeddable":true,"href":"https:\/\/www.gaveanews.com\/index.php\/wp-json\/wp\/v2\/media\/104008"}],"wp:attachment":[{"href":"https:\/\/www.gaveanews.com\/index.php\/wp-json\/wp\/v2\/media?parent=183068"}],"wp:term":[{"taxonomy":"category","embeddable":true,"href":"https:\/\/www.gaveanews.com\/index.php\/wp-json\/wp\/v2\/categories?post=183068"},{"taxonomy":"post_tag","embeddable":true,"href":"https:\/\/www.gaveanews.com\/index.php\/wp-json\/wp\/v2\/tags?post=183068"}],"curies":[{"name":"wp","href":"https:\/\/api.w.org\/{rel}","templated":true}]}}