{"id":183126,"date":"2024-11-09T22:35:00","date_gmt":"2024-11-10T01:35:00","guid":{"rendered":"https:\/\/www.gaveanews.com\/?p=183126"},"modified":"2024-11-09T20:04:09","modified_gmt":"2024-11-09T23:04:09","slug":"a-declaracao-de-rayssa-leal-direcionada-a-gabriel-bortoleto","status":"publish","type":"post","link":"https:\/\/www.gaveanews.com\/index.php\/2024\/11\/09\/a-declaracao-de-rayssa-leal-direcionada-a-gabriel-bortoleto\/","title":{"rendered":"A declara\u00e7\u00e3o de Rayssa Leal direcionada a Gabriel Bortoleto"},"content":{"rendered":"\n<h2 class=\"wp-block-heading\" id=\"h-rayssa-leal-envia-mensagem-de-apoio-a-gabriel-bortoleto-novo-piloto-brasileiro-da-formula-1\">Rayssa Leal envia mensagem de apoio a Gabriel Bortoleto, novo piloto brasileiro da F\u00f3rmula 1<\/h2>\n\n\n\n<p>A skatista Rayssa Leal mandou uma mensagem de incentivo a Gabriel Bortoleto, piloto brasileiro confirmado na pr\u00f3xima temporada da F\u00f3rmula 1. Aos 20 anos, o paulista far\u00e1 parte da Sauber e ter\u00e1 Nico Hulkenberg, atualmente na Haas, como companheiro de equipe.<\/p>\n\n\n\n<ul class=\"wp-block-list\">\n<li><a href=\"https:\/\/www.gaveanews.com\/index.php\/2024\/11\/07\/brasil-novamente-no-topo-com-bortoleto-na-f1-relembre-os-campeoes-mundiais-pelo-brasil\/\">Brasil novamente no topo? Com Bortoleto na F1, relembre os campe\u00f5es mundiais pelo Brasil<\/a><\/li>\n\n\n\n<li><a href=\"https:\/\/www.gaveanews.com\/index.php\/2024\/10\/24\/interlagos-toma-atitude-importante-nos-bastidores-para-receber-a-formula-1\/\">Interlagos toma atitude importante nos bastidores para receber a F\u00f3rmula 1<\/a><\/li>\n<\/ul>\n\n\n\n<p>Em uma publica\u00e7\u00e3o no Instagram nesta quarta-feira (6\/11), Rayssa, duas vezes medalhista ol\u00edmpica, escreveu: \u201cEu j\u00e1 sabia! Na torcida, gigante!\u201d, referindo-se \u00e0 nova etapa de Bortoleto. Ela utilizou um post antigo da McLaren, de junho, que comemorava a primeira vit\u00f3ria do brasileiro na F\u00f3rmula 2.<\/p>\n\n\n\n<p>Com sua entrada na F\u00f3rmula 1, Bortoleto ser\u00e1 o primeiro piloto titular brasileiro na categoria desde Felipe Massa. O \u00faltimo ano completo de Massa foi em 2017, quando terminou o campeonato com 43 pontos e o 11\u00ba lugar geral, competindo pela Williams. Naquele ano, seus melhores resultados foram dois sextos lugares, na Austr\u00e1lia e na China. <\/p>\n\n\n\n<p>Anteriormente, Massa teve destaque na Ferrari, onde conquistou 11 vit\u00f3rias entre 2006 e 2013 e ficou em segundo no Mundial de 2008, um ponto atr\u00e1s de Lewis Hamilton. Desde ent\u00e3o, o Brasil teve poucas participa\u00e7\u00f5es na F1, como a de Pietro Fittipaldi em 2020, que substituiu Romain Grosjean em duas provas.<\/p>\n\n\n\n<p>Gabriel Bortoleto, nascido em 14 de outubro de 2004, em S\u00e3o Paulo, iniciou sua trajet\u00f3ria no kart em 2012 e competiu na modalidade at\u00e9 2019. Em 2020, avan\u00e7ou para a F\u00f3rmula 4, categoria que marca o in\u00edcio da forma\u00e7\u00e3o para a F\u00f3rmula 1. Ap\u00f3s progress\u00f5es r\u00e1pidas, chegou \u00e0 F\u00f3rmula 2 em 2024, onde lidera a competi\u00e7\u00e3o com 169,5 pontos nesta temporada.<\/p>\n\n\n\n<p>A presen\u00e7a de Bortoleto no grid em 2025 marca o retorno do Brasil \u00e0 principal categoria do automobilismo mundial e refor\u00e7a as expectativas do p\u00fablico brasileiro, ansioso por novos talentos nacionais na F1. A confirma\u00e7\u00e3o de sua vaga pela Sauber representa um momento simb\u00f3lico para o esporte no pa\u00eds, que historicamente teve figuras de destaque na categoria.<\/p>\n","protected":false},"excerpt":{"rendered":"<p>Rayssa Leal envia mensagem de apoio a Gabriel Bortoleto, novo piloto brasileiro da F\u00f3rmula 1 A skatista Rayssa Leal mandou uma mensagem de incentivo a Gabriel Bortoleto, piloto brasileiro confirmado na pr\u00f3xima temporada da F\u00f3rmula 1. Aos 20 anos, o paulista far\u00e1 parte da Sauber e ter\u00e1 Nico Hulkenberg, atualmente na Haas, como companheiro de [&hellip;]<\/p>\n","protected":false},"author":20,"featured_media":156393,"comment_status":"open","ping_status":"closed","sticky":false,"template":"","format":"standard","meta":{"footnotes":""},"categories":[451],"tags":[],"class_list":["post-183126","post","type-post","status-publish","format-standard","has-post-thumbnail","hentry","category-f1"],"yoast_head":"<!-- This site is optimized with the Yoast SEO Premium plugin v24.2 (Yoast SEO v26.9) - https:\/\/yoast.com\/product\/yoast-seo-premium-wordpress\/ -->\n<title>A declara\u00e7\u00e3o de Rayssa Leal direcionada a Gabriel Bortoleto<\/title>\n<meta name=\"robots\" content=\"index, follow, max-snippet:-1, max-image-preview:large, max-video-preview:-1\" \/>\n<link rel=\"canonical\" href=\"https:\/\/www.gaveanews.com\/index.php\/2024\/11\/09\/a-declaracao-de-rayssa-leal-direcionada-a-gabriel-bortoleto\/\" \/>\n<meta property=\"og:locale\" content=\"pt_BR\" \/>\n<meta property=\"og:type\" content=\"article\" \/>\n<meta property=\"og:title\" content=\"A declara\u00e7\u00e3o de Rayssa Leal direcionada a Gabriel Bortoleto\" \/>\n<meta property=\"og:description\" content=\"Rayssa Leal envia mensagem de apoio a Gabriel Bortoleto, novo piloto brasileiro da F\u00f3rmula 1 A skatista Rayssa Leal mandou uma mensagem de incentivo a Gabriel Bortoleto, piloto brasileiro confirmado na pr\u00f3xima temporada da F\u00f3rmula 1. Aos 20 anos, o paulista far\u00e1 parte da Sauber e ter\u00e1 Nico Hulkenberg, atualmente na Haas, como companheiro de [&hellip;]\" \/>\n<meta property=\"og:url\" content=\"https:\/\/www.gaveanews.com\/index.php\/2024\/11\/09\/a-declaracao-de-rayssa-leal-direcionada-a-gabriel-bortoleto\/\" \/>\n<meta property=\"og:site_name\" content=\"G\u00e1vea News\" \/>\n<meta property=\"article:publisher\" content=\"https:\/\/facebook.com\/gaveaNews\/\" \/>\n<meta property=\"article:published_time\" content=\"2024-11-10T01:35:00+00:00\" \/>\n<meta property=\"og:image\" content=\"https:\/\/www.gaveanews.com\/wp-content\/uploads\/Rayssa-Leal-sorri-apos-conquistar-sua-medalha-em-Paris.webp\" \/>\n\t<meta property=\"og:image:width\" content=\"1037\" \/>\n\t<meta property=\"og:image:height\" content=\"1284\" \/>\n\t<meta property=\"og:image:type\" content=\"image\/jpeg\" \/>\n<meta name=\"author\" content=\"Lucas Barros\" \/>\n<meta name=\"twitter:card\" content=\"summary_large_image\" \/>\n<meta name=\"twitter:label1\" content=\"Escrito por\" \/>\n\t<meta name=\"twitter:data1\" content=\"Lucas Barros\" \/>\n\t<meta name=\"twitter:label2\" content=\"Est. tempo de leitura\" \/>\n\t<meta name=\"twitter:data2\" content=\"3 minutos\" \/>\n<script type=\"application\/ld+json\" class=\"yoast-schema-graph\">{\"@context\":\"https:\/\/schema.org\",\"@graph\":[{\"@type\":\"NewsArticle\",\"@id\":\"https:\/\/www.gaveanews.com\/index.php\/2024\/11\/09\/a-declaracao-de-rayssa-leal-direcionada-a-gabriel-bortoleto\/#article\",\"isPartOf\":{\"@id\":\"https:\/\/www.gaveanews.com\/index.php\/2024\/11\/09\/a-declaracao-de-rayssa-leal-direcionada-a-gabriel-bortoleto\/\"},\"author\":{\"name\":\"Lucas Barros\",\"@id\":\"https:\/\/www.gaveanews.com\/#\/schema\/person\/2abf0cfa878f5f899daa5f781e82264c\"},\"headline\":\"A declara\u00e7\u00e3o de Rayssa Leal direcionada a Gabriel Bortoleto\",\"datePublished\":\"2024-11-10T01:35:00+00:00\",\"mainEntityOfPage\":{\"@id\":\"https:\/\/www.gaveanews.com\/index.php\/2024\/11\/09\/a-declaracao-de-rayssa-leal-direcionada-a-gabriel-bortoleto\/\"},\"wordCount\":365,\"commentCount\":0,\"image\":{\"@id\":\"https:\/\/www.gaveanews.com\/index.php\/2024\/11\/09\/a-declaracao-de-rayssa-leal-direcionada-a-gabriel-bortoleto\/#primaryimage\"},\"thumbnailUrl\":\"https:\/\/www.gaveanews.com\/wp-content\/uploads\/Rayssa-Leal-sorri-apos-conquistar-sua-medalha-em-Paris.webp\",\"articleSection\":[\"F1\"],\"inLanguage\":\"pt-BR\",\"potentialAction\":[{\"@type\":\"CommentAction\",\"name\":\"Comment\",\"target\":[\"https:\/\/www.gaveanews.com\/index.php\/2024\/11\/09\/a-declaracao-de-rayssa-leal-direcionada-a-gabriel-bortoleto\/#respond\"]}],\"copyrightYear\":\"2024\",\"copyrightHolder\":{\"@id\":\"https:\/\/www.gaveanews.com\/#organization\"}},{\"@type\":\"WebPage\",\"@id\":\"https:\/\/www.gaveanews.com\/index.php\/2024\/11\/09\/a-declaracao-de-rayssa-leal-direcionada-a-gabriel-bortoleto\/\",\"url\":\"https:\/\/www.gaveanews.com\/index.php\/2024\/11\/09\/a-declaracao-de-rayssa-leal-direcionada-a-gabriel-bortoleto\/\",\"name\":\"A declara\u00e7\u00e3o de Rayssa Leal direcionada a Gabriel Bortoleto\",\"isPartOf\":{\"@id\":\"https:\/\/www.gaveanews.com\/#website\"},\"primaryImageOfPage\":{\"@id\":\"https:\/\/www.gaveanews.com\/index.php\/2024\/11\/09\/a-declaracao-de-rayssa-leal-direcionada-a-gabriel-bortoleto\/#primaryimage\"},\"image\":{\"@id\":\"https:\/\/www.gaveanews.com\/index.php\/2024\/11\/09\/a-declaracao-de-rayssa-leal-direcionada-a-gabriel-bortoleto\/#primaryimage\"},\"thumbnailUrl\":\"https:\/\/www.gaveanews.com\/wp-content\/uploads\/Rayssa-Leal-sorri-apos-conquistar-sua-medalha-em-Paris.webp\",\"datePublished\":\"2024-11-10T01:35:00+00:00\",\"author\":{\"@id\":\"https:\/\/www.gaveanews.com\/#\/schema\/person\/2abf0cfa878f5f899daa5f781e82264c\"},\"breadcrumb\":{\"@id\":\"https:\/\/www.gaveanews.com\/index.php\/2024\/11\/09\/a-declaracao-de-rayssa-leal-direcionada-a-gabriel-bortoleto\/#breadcrumb\"},\"inLanguage\":\"pt-BR\",\"potentialAction\":[{\"@type\":\"ReadAction\",\"target\":[\"https:\/\/www.gaveanews.com\/index.php\/2024\/11\/09\/a-declaracao-de-rayssa-leal-direcionada-a-gabriel-bortoleto\/\"]}]},{\"@type\":\"ImageObject\",\"inLanguage\":\"pt-BR\",\"@id\":\"https:\/\/www.gaveanews.com\/index.php\/2024\/11\/09\/a-declaracao-de-rayssa-leal-direcionada-a-gabriel-bortoleto\/#primaryimage\",\"url\":\"https:\/\/www.gaveanews.com\/wp-content\/uploads\/Rayssa-Leal-sorri-apos-conquistar-sua-medalha-em-Paris.webp\",\"contentUrl\":\"https:\/\/www.gaveanews.com\/wp-content\/uploads\/Rayssa-Leal-sorri-apos-conquistar-sua-medalha-em-Paris.webp\",\"width\":1037,\"height\":1284,\"caption\":\"Rayssa Leal sorri ap\u00f3s conquistar sua medalha em Paris (Foto: Reprodu\u00e7\u00e3o\/Instagram)\"},{\"@type\":\"BreadcrumbList\",\"@id\":\"https:\/\/www.gaveanews.com\/index.php\/2024\/11\/09\/a-declaracao-de-rayssa-leal-direcionada-a-gabriel-bortoleto\/#breadcrumb\",\"itemListElement\":[{\"@type\":\"ListItem\",\"position\":1,\"name\":\"Home\",\"item\":\"https:\/\/www.gaveanews.com\/\"},{\"@type\":\"ListItem\",\"position\":2,\"name\":\"A declara\u00e7\u00e3o de Rayssa Leal direcionada a Gabriel Bortoleto\"}]},{\"@type\":\"WebSite\",\"@id\":\"https:\/\/www.gaveanews.com\/#website\",\"url\":\"https:\/\/www.gaveanews.com\/\",\"name\":\"G\u00e1vea News\",\"description\":\"Veja todas as not\u00edcias sobre o Flamengo: Contrata\u00e7\u00f5es, categorias de base, resultados das partidas, tabela de classifica\u00e7\u00e3o, pr\u00f3ximos jogos!\",\"potentialAction\":[{\"@type\":\"SearchAction\",\"target\":{\"@type\":\"EntryPoint\",\"urlTemplate\":\"https:\/\/www.gaveanews.com\/?s={search_term_string}\"},\"query-input\":{\"@type\":\"PropertyValueSpecification\",\"valueRequired\":true,\"valueName\":\"search_term_string\"}}],\"inLanguage\":\"pt-BR\"},{\"@type\":\"Person\",\"@id\":\"https:\/\/www.gaveanews.com\/#\/schema\/person\/2abf0cfa878f5f899daa5f781e82264c\",\"name\":\"Lucas Barros\",\"image\":{\"@type\":\"ImageObject\",\"inLanguage\":\"pt-BR\",\"@id\":\"https:\/\/www.gaveanews.com\/#\/schema\/person\/image\/\",\"url\":\"https:\/\/secure.gravatar.com\/avatar\/67a6069eba66bf6fd7c80b70e1331baa3dbc3d6df5012d5c22eff29c7d59e0b0?s=96&d=mm&r=g\",\"contentUrl\":\"https:\/\/secure.gravatar.com\/avatar\/67a6069eba66bf6fd7c80b70e1331baa3dbc3d6df5012d5c22eff29c7d59e0b0?s=96&d=mm&r=g\",\"caption\":\"Lucas Barros\"}}]}<\/script>\n<!-- \/ Yoast SEO Premium plugin. -->","yoast_head_json":{"title":"A declara\u00e7\u00e3o de Rayssa Leal direcionada a Gabriel Bortoleto","robots":{"index":"index","follow":"follow","max-snippet":"max-snippet:-1","max-image-preview":"max-image-preview:large","max-video-preview":"max-video-preview:-1"},"canonical":"https:\/\/www.gaveanews.com\/index.php\/2024\/11\/09\/a-declaracao-de-rayssa-leal-direcionada-a-gabriel-bortoleto\/","og_locale":"pt_BR","og_type":"article","og_title":"A declara\u00e7\u00e3o de Rayssa Leal direcionada a Gabriel Bortoleto","og_description":"Rayssa Leal envia mensagem de apoio a Gabriel Bortoleto, novo piloto brasileiro da F\u00f3rmula 1 A skatista Rayssa Leal mandou uma mensagem de incentivo a Gabriel Bortoleto, piloto brasileiro confirmado na pr\u00f3xima temporada da F\u00f3rmula 1. Aos 20 anos, o paulista far\u00e1 parte da Sauber e ter\u00e1 Nico Hulkenberg, atualmente na Haas, como companheiro de [&hellip;]","og_url":"https:\/\/www.gaveanews.com\/index.php\/2024\/11\/09\/a-declaracao-de-rayssa-leal-direcionada-a-gabriel-bortoleto\/","og_site_name":"G\u00e1vea News","article_publisher":"https:\/\/facebook.com\/gaveaNews\/","article_published_time":"2024-11-10T01:35:00+00:00","og_image":[{"width":1037,"height":1284,"url":"https:\/\/www.gaveanews.com\/wp-content\/uploads\/Rayssa-Leal-sorri-apos-conquistar-sua-medalha-em-Paris.webp","type":"image\/jpeg"}],"author":"Lucas Barros","twitter_card":"summary_large_image","twitter_misc":{"Escrito por":"Lucas Barros","Est. tempo de leitura":"3 minutos"},"schema":{"@context":"https:\/\/schema.org","@graph":[{"@type":"NewsArticle","@id":"https:\/\/www.gaveanews.com\/index.php\/2024\/11\/09\/a-declaracao-de-rayssa-leal-direcionada-a-gabriel-bortoleto\/#article","isPartOf":{"@id":"https:\/\/www.gaveanews.com\/index.php\/2024\/11\/09\/a-declaracao-de-rayssa-leal-direcionada-a-gabriel-bortoleto\/"},"author":{"name":"Lucas Barros","@id":"https:\/\/www.gaveanews.com\/#\/schema\/person\/2abf0cfa878f5f899daa5f781e82264c"},"headline":"A declara\u00e7\u00e3o de Rayssa Leal direcionada a Gabriel Bortoleto","datePublished":"2024-11-10T01:35:00+00:00","mainEntityOfPage":{"@id":"https:\/\/www.gaveanews.com\/index.php\/2024\/11\/09\/a-declaracao-de-rayssa-leal-direcionada-a-gabriel-bortoleto\/"},"wordCount":365,"commentCount":0,"image":{"@id":"https:\/\/www.gaveanews.com\/index.php\/2024\/11\/09\/a-declaracao-de-rayssa-leal-direcionada-a-gabriel-bortoleto\/#primaryimage"},"thumbnailUrl":"https:\/\/www.gaveanews.com\/wp-content\/uploads\/Rayssa-Leal-sorri-apos-conquistar-sua-medalha-em-Paris.webp","articleSection":["F1"],"inLanguage":"pt-BR","potentialAction":[{"@type":"CommentAction","name":"Comment","target":["https:\/\/www.gaveanews.com\/index.php\/2024\/11\/09\/a-declaracao-de-rayssa-leal-direcionada-a-gabriel-bortoleto\/#respond"]}],"copyrightYear":"2024","copyrightHolder":{"@id":"https:\/\/www.gaveanews.com\/#organization"}},{"@type":"WebPage","@id":"https:\/\/www.gaveanews.com\/index.php\/2024\/11\/09\/a-declaracao-de-rayssa-leal-direcionada-a-gabriel-bortoleto\/","url":"https:\/\/www.gaveanews.com\/index.php\/2024\/11\/09\/a-declaracao-de-rayssa-leal-direcionada-a-gabriel-bortoleto\/","name":"A declara\u00e7\u00e3o de Rayssa Leal direcionada a Gabriel Bortoleto","isPartOf":{"@id":"https:\/\/www.gaveanews.com\/#website"},"primaryImageOfPage":{"@id":"https:\/\/www.gaveanews.com\/index.php\/2024\/11\/09\/a-declaracao-de-rayssa-leal-direcionada-a-gabriel-bortoleto\/#primaryimage"},"image":{"@id":"https:\/\/www.gaveanews.com\/index.php\/2024\/11\/09\/a-declaracao-de-rayssa-leal-direcionada-a-gabriel-bortoleto\/#primaryimage"},"thumbnailUrl":"https:\/\/www.gaveanews.com\/wp-content\/uploads\/Rayssa-Leal-sorri-apos-conquistar-sua-medalha-em-Paris.webp","datePublished":"2024-11-10T01:35:00+00:00","author":{"@id":"https:\/\/www.gaveanews.com\/#\/schema\/person\/2abf0cfa878f5f899daa5f781e82264c"},"breadcrumb":{"@id":"https:\/\/www.gaveanews.com\/index.php\/2024\/11\/09\/a-declaracao-de-rayssa-leal-direcionada-a-gabriel-bortoleto\/#breadcrumb"},"inLanguage":"pt-BR","potentialAction":[{"@type":"ReadAction","target":["https:\/\/www.gaveanews.com\/index.php\/2024\/11\/09\/a-declaracao-de-rayssa-leal-direcionada-a-gabriel-bortoleto\/"]}]},{"@type":"ImageObject","inLanguage":"pt-BR","@id":"https:\/\/www.gaveanews.com\/index.php\/2024\/11\/09\/a-declaracao-de-rayssa-leal-direcionada-a-gabriel-bortoleto\/#primaryimage","url":"https:\/\/www.gaveanews.com\/wp-content\/uploads\/Rayssa-Leal-sorri-apos-conquistar-sua-medalha-em-Paris.webp","contentUrl":"https:\/\/www.gaveanews.com\/wp-content\/uploads\/Rayssa-Leal-sorri-apos-conquistar-sua-medalha-em-Paris.webp","width":1037,"height":1284,"caption":"Rayssa Leal sorri ap\u00f3s conquistar sua medalha em Paris (Foto: Reprodu\u00e7\u00e3o\/Instagram)"},{"@type":"BreadcrumbList","@id":"https:\/\/www.gaveanews.com\/index.php\/2024\/11\/09\/a-declaracao-de-rayssa-leal-direcionada-a-gabriel-bortoleto\/#breadcrumb","itemListElement":[{"@type":"ListItem","position":1,"name":"Home","item":"https:\/\/www.gaveanews.com\/"},{"@type":"ListItem","position":2,"name":"A declara\u00e7\u00e3o de Rayssa Leal direcionada a Gabriel Bortoleto"}]},{"@type":"WebSite","@id":"https:\/\/www.gaveanews.com\/#website","url":"https:\/\/www.gaveanews.com\/","name":"G\u00e1vea News","description":"Veja todas as not\u00edcias sobre o Flamengo: Contrata\u00e7\u00f5es, categorias de base, resultados das partidas, tabela de classifica\u00e7\u00e3o, pr\u00f3ximos jogos!","potentialAction":[{"@type":"SearchAction","target":{"@type":"EntryPoint","urlTemplate":"https:\/\/www.gaveanews.com\/?s={search_term_string}"},"query-input":{"@type":"PropertyValueSpecification","valueRequired":true,"valueName":"search_term_string"}}],"inLanguage":"pt-BR"},{"@type":"Person","@id":"https:\/\/www.gaveanews.com\/#\/schema\/person\/2abf0cfa878f5f899daa5f781e82264c","name":"Lucas Barros","image":{"@type":"ImageObject","inLanguage":"pt-BR","@id":"https:\/\/www.gaveanews.com\/#\/schema\/person\/image\/","url":"https:\/\/secure.gravatar.com\/avatar\/67a6069eba66bf6fd7c80b70e1331baa3dbc3d6df5012d5c22eff29c7d59e0b0?s=96&d=mm&r=g","contentUrl":"https:\/\/secure.gravatar.com\/avatar\/67a6069eba66bf6fd7c80b70e1331baa3dbc3d6df5012d5c22eff29c7d59e0b0?s=96&d=mm&r=g","caption":"Lucas Barros"}}]}},"_links":{"self":[{"href":"https:\/\/www.gaveanews.com\/index.php\/wp-json\/wp\/v2\/posts\/183126","targetHints":{"allow":["GET"]}}],"collection":[{"href":"https:\/\/www.gaveanews.com\/index.php\/wp-json\/wp\/v2\/posts"}],"about":[{"href":"https:\/\/www.gaveanews.com\/index.php\/wp-json\/wp\/v2\/types\/post"}],"author":[{"embeddable":true,"href":"https:\/\/www.gaveanews.com\/index.php\/wp-json\/wp\/v2\/users\/20"}],"replies":[{"embeddable":true,"href":"https:\/\/www.gaveanews.com\/index.php\/wp-json\/wp\/v2\/comments?post=183126"}],"version-history":[{"count":1,"href":"https:\/\/www.gaveanews.com\/index.php\/wp-json\/wp\/v2\/posts\/183126\/revisions"}],"predecessor-version":[{"id":183129,"href":"https:\/\/www.gaveanews.com\/index.php\/wp-json\/wp\/v2\/posts\/183126\/revisions\/183129"}],"wp:featuredmedia":[{"embeddable":true,"href":"https:\/\/www.gaveanews.com\/index.php\/wp-json\/wp\/v2\/media\/156393"}],"wp:attachment":[{"href":"https:\/\/www.gaveanews.com\/index.php\/wp-json\/wp\/v2\/media?parent=183126"}],"wp:term":[{"taxonomy":"category","embeddable":true,"href":"https:\/\/www.gaveanews.com\/index.php\/wp-json\/wp\/v2\/categories?post=183126"},{"taxonomy":"post_tag","embeddable":true,"href":"https:\/\/www.gaveanews.com\/index.php\/wp-json\/wp\/v2\/tags?post=183126"}],"curies":[{"name":"wp","href":"https:\/\/api.w.org\/{rel}","templated":true}]}}