{"id":183176,"date":"2024-11-09T21:40:00","date_gmt":"2024-11-10T00:40:00","guid":{"rendered":"https:\/\/www.gaveanews.com\/?p=183176"},"modified":"2024-11-09T20:00:52","modified_gmt":"2024-11-09T23:00:52","slug":"apos-deixar-o-atletico-mg-esse-deve-ser-o-novo-time-de-felipao","status":"publish","type":"post","link":"https:\/\/www.gaveanews.com\/index.php\/2024\/11\/09\/apos-deixar-o-atletico-mg-esse-deve-ser-o-novo-time-de-felipao\/","title":{"rendered":"Ap\u00f3s deixar o Atl\u00e9tico-MG, esse deve ser o novo time de Felip\u00e3o"},"content":{"rendered":"\n<h2 class=\"wp-block-heading\" id=\"h-treinador-recebeu-contato-de-time-da-america-do-sul\">Treinador recebeu contato de time da Am\u00e9rica do Sul<\/h2>\n\n\n\n<p>O t\u00e9cnico Luiz Felipe Scolari deixou o Atl\u00e9tico-MG em mar\u00e7o deste ano para se dedicar e focar em quest\u00f5es familiares no Rio Grande do Sul. Por\u00e9m, Juan Rom\u00e1n Riquelme, presidente do Boca Juniors, demonstrou interesse na contrata\u00e7\u00e3o de Felip\u00e3o.<\/p>\n\n\n\n<ul class=\"wp-block-list\">\n<li><a href=\"https:\/\/www.gaveanews.com\/index.php\/2024\/11\/08\/atletico-mg-emite-nota-oficial-sobre-a-final-da-copa-libertadores-da-america\/\">Atl\u00e9tico-MG emite nota oficial sobre a final da Copa Libertadores da Am\u00e9rica<\/a><\/li>\n\n\n\n<li><a href=\"https:\/\/www.gaveanews.com\/index.php\/2024\/11\/08\/alan-franco-bruno-fuchs-fausto-vera-guilherme-arana-gustavo-scarpa-igor-rabello-otavio-rubens-saravia-e-zaracho-os-jogadores-do-atletico-mg-com-mais-interceptacoes-por-jogo-no-brasileirao\/\">Alan Franco, Bruno Fuchs, Fausto Vera, Guilherme Arana, Gustavo Scarpa, Igor Rabello, Ot\u00e1vio, Rubens, Saravia e Zaracho: os jogadores do Atl\u00e9tico-MG com mais intercepta\u00e7\u00f5es por jogo no Brasileir\u00e3o<\/a><\/li>\n<\/ul>\n\n\n\n<p>Foi Felip\u00e3o inclusive quem revelou \u00e0 R\u00e1dio Super Deportivo, de Santa F\u00e9, na Argentina, o interesse de Riquelme em sua contrata\u00e7\u00e3o. Luiz Felipe Scolari j\u00e1 soma seus 76 anos de idade, mas est\u00e1 disposto a continuar com sua carreira de treinador, por\u00e9m, tamb\u00e9m n\u00e3o descarta trabalhar como diretor-t\u00e9cnico. Apesar disso, o brasileiro disse que ainda n\u00e3o conversou com o presidente do Boca Juniors. <\/p>\n\n\n\n<p>&#8220;Eu n\u00e3o conversei com Riquelme ainda. Eu sei que ele solicitou h\u00e1 pouco tempo o meu telefone para que a gente conversasse um dia. Mas j\u00e1 coloquei que n\u00e3o ia conversar at\u00e9 o fim do ano com nenhum clube porque tenho algumas coisas a fazer aqui (no Rio Grande do Sul). Depois falaria sobre futebol normalmente com qualquer pessoa&#8221;, disse o treinador, que continuou:<\/p>\n\n\n\n<p>&#8220;Infelizmente n\u00e3o posso agora devolver esse carinho que quem sabe o Riquelme tenha oportunizado a mim&#8221;, finalizou Luiz Felipe Scolari. <\/p>\n\n\n\n<p>Felip\u00e3o tamb\u00e9m garantiu que n\u00e3o planeja se aposentar do futebol t\u00e3o cedo. Ele confirmou ter recebido convites para atuar na \u00e1rea t\u00e9cnica, mas fora do campo. No entanto, como j\u00e1 havia comentado anteriormente, o treinador precisa resolver quest\u00f5es pessoais antes de tomar uma decis\u00e3o e tamb\u00e9m prometeu refletir com sua fam\u00edlia sobre o pr\u00f3ximo passo em sua carreira.<\/p>\n\n\n\n<p>O \u00faltimo clube que Luiz Felipe Scolari trabalhou como t\u00e9cnico foi o Atl\u00e9tico-MG. Felip\u00e3o estava no comando da equipe desde junho de 2023 e teve in\u00edcio ruim, sem vencer nove jogos seguidos, mas depois conseguiu uma arrancada espetacular e terminou o Brasileir\u00e3o em terceiro lugar, com apenas quatro pontos a menos que o campe\u00e3o Palmeiras. <\/p>\n\n\n\n<p>Na temporada de 2024, o Galo teve atua\u00e7\u00f5es abaixo do esperado, e com cinco vit\u00f3rias, tr\u00eas derrotas e dois empates, o treinador deixou a equipe mineira ainda em mar\u00e7o. Algo que &#8216;contribuiu&#8217; para a sa\u00edda de Scolari, foram as declara\u00e7\u00f5es do pr\u00f3prio que n\u00e3o estavam agradando a torcida e a diretoria do clube. <\/p>\n","protected":false},"excerpt":{"rendered":"<p>Treinador recebeu contato de time da Am\u00e9rica do Sul O t\u00e9cnico Luiz Felipe Scolari deixou o Atl\u00e9tico-MG em mar\u00e7o deste ano para se dedicar e focar em quest\u00f5es familiares no Rio Grande do Sul. Por\u00e9m, Juan Rom\u00e1n Riquelme, presidente do Boca Juniors, demonstrou interesse na contrata\u00e7\u00e3o de Felip\u00e3o. Foi Felip\u00e3o inclusive quem revelou \u00e0 R\u00e1dio [&hellip;]<\/p>\n","protected":false},"author":21,"featured_media":85950,"comment_status":"open","ping_status":"closed","sticky":false,"template":"","format":"standard","meta":{"footnotes":""},"categories":[136,443],"tags":[],"class_list":["post-183176","post","type-post","status-publish","format-standard","has-post-thumbnail","hentry","category-atletico-mg","category-boca-juniors"],"yoast_head":"<!-- This site is optimized with the Yoast SEO Premium plugin v24.2 (Yoast SEO v26.9) - https:\/\/yoast.com\/product\/yoast-seo-premium-wordpress\/ -->\n<title>Ap\u00f3s deixar o Atl\u00e9tico-MG, esse deve ser o novo time de Felip\u00e3o<\/title>\n<meta name=\"robots\" content=\"index, follow, max-snippet:-1, max-image-preview:large, max-video-preview:-1\" \/>\n<link rel=\"canonical\" href=\"https:\/\/www.gaveanews.com\/index.php\/2024\/11\/09\/apos-deixar-o-atletico-mg-esse-deve-ser-o-novo-time-de-felipao\/\" \/>\n<meta property=\"og:locale\" content=\"pt_BR\" \/>\n<meta property=\"og:type\" content=\"article\" \/>\n<meta property=\"og:title\" content=\"Ap\u00f3s deixar o Atl\u00e9tico-MG, esse deve ser o novo time de Felip\u00e3o\" \/>\n<meta property=\"og:description\" content=\"Treinador recebeu contato de time da Am\u00e9rica do Sul O t\u00e9cnico Luiz Felipe Scolari deixou o Atl\u00e9tico-MG em mar\u00e7o deste ano para se dedicar e focar em quest\u00f5es familiares no Rio Grande do Sul. Por\u00e9m, Juan Rom\u00e1n Riquelme, presidente do Boca Juniors, demonstrou interesse na contrata\u00e7\u00e3o de Felip\u00e3o. Foi Felip\u00e3o inclusive quem revelou \u00e0 R\u00e1dio [&hellip;]\" \/>\n<meta property=\"og:url\" content=\"https:\/\/www.gaveanews.com\/index.php\/2024\/11\/09\/apos-deixar-o-atletico-mg-esse-deve-ser-o-novo-time-de-felipao\/\" \/>\n<meta property=\"og:site_name\" content=\"G\u00e1vea News\" \/>\n<meta property=\"article:publisher\" content=\"https:\/\/facebook.com\/gaveaNews\/\" \/>\n<meta property=\"article:published_time\" content=\"2024-11-10T00:40:00+00:00\" \/>\n<meta property=\"og:image\" content=\"https:\/\/www.gaveanews.com\/wp-content\/uploads\/Felipao-em-jogo-do-Athletico-contra-o-Flamengo.webp\" \/>\n\t<meta property=\"og:image:width\" content=\"1000\" \/>\n\t<meta property=\"og:image:height\" content=\"723\" \/>\n\t<meta property=\"og:image:type\" content=\"image\/webp\" \/>\n<meta name=\"author\" content=\"Andr\u00e9 Serra\" \/>\n<meta name=\"twitter:card\" content=\"summary_large_image\" \/>\n<meta name=\"twitter:label1\" content=\"Escrito por\" \/>\n\t<meta name=\"twitter:data1\" content=\"Andr\u00e9 Serra\" \/>\n\t<meta name=\"twitter:label2\" content=\"Est. tempo de leitura\" \/>\n\t<meta name=\"twitter:data2\" content=\"3 minutos\" \/>\n<script type=\"application\/ld+json\" class=\"yoast-schema-graph\">{\"@context\":\"https:\/\/schema.org\",\"@graph\":[{\"@type\":\"NewsArticle\",\"@id\":\"https:\/\/www.gaveanews.com\/index.php\/2024\/11\/09\/apos-deixar-o-atletico-mg-esse-deve-ser-o-novo-time-de-felipao\/#article\",\"isPartOf\":{\"@id\":\"https:\/\/www.gaveanews.com\/index.php\/2024\/11\/09\/apos-deixar-o-atletico-mg-esse-deve-ser-o-novo-time-de-felipao\/\"},\"author\":{\"name\":\"Andr\u00e9 Serra\",\"@id\":\"https:\/\/www.gaveanews.com\/#\/schema\/person\/0277a79a1289c451c281ec0411d84f0c\"},\"headline\":\"Ap\u00f3s deixar o Atl\u00e9tico-MG, esse deve ser o novo time de Felip\u00e3o\",\"datePublished\":\"2024-11-10T00:40:00+00:00\",\"mainEntityOfPage\":{\"@id\":\"https:\/\/www.gaveanews.com\/index.php\/2024\/11\/09\/apos-deixar-o-atletico-mg-esse-deve-ser-o-novo-time-de-felipao\/\"},\"wordCount\":462,\"commentCount\":0,\"image\":{\"@id\":\"https:\/\/www.gaveanews.com\/index.php\/2024\/11\/09\/apos-deixar-o-atletico-mg-esse-deve-ser-o-novo-time-de-felipao\/#primaryimage\"},\"thumbnailUrl\":\"https:\/\/www.gaveanews.com\/wp-content\/uploads\/Felipao-em-jogo-do-Athletico-contra-o-Flamengo.webp\",\"articleSection\":[\"Atl\u00e9tico-MG\",\"Boca Juniors\"],\"inLanguage\":\"pt-BR\",\"potentialAction\":[{\"@type\":\"CommentAction\",\"name\":\"Comment\",\"target\":[\"https:\/\/www.gaveanews.com\/index.php\/2024\/11\/09\/apos-deixar-o-atletico-mg-esse-deve-ser-o-novo-time-de-felipao\/#respond\"]}],\"copyrightYear\":\"2024\",\"copyrightHolder\":{\"@id\":\"https:\/\/www.gaveanews.com\/#organization\"}},{\"@type\":\"WebPage\",\"@id\":\"https:\/\/www.gaveanews.com\/index.php\/2024\/11\/09\/apos-deixar-o-atletico-mg-esse-deve-ser-o-novo-time-de-felipao\/\",\"url\":\"https:\/\/www.gaveanews.com\/index.php\/2024\/11\/09\/apos-deixar-o-atletico-mg-esse-deve-ser-o-novo-time-de-felipao\/\",\"name\":\"Ap\u00f3s deixar o Atl\u00e9tico-MG, esse deve ser o novo time de Felip\u00e3o\",\"isPartOf\":{\"@id\":\"https:\/\/www.gaveanews.com\/#website\"},\"primaryImageOfPage\":{\"@id\":\"https:\/\/www.gaveanews.com\/index.php\/2024\/11\/09\/apos-deixar-o-atletico-mg-esse-deve-ser-o-novo-time-de-felipao\/#primaryimage\"},\"image\":{\"@id\":\"https:\/\/www.gaveanews.com\/index.php\/2024\/11\/09\/apos-deixar-o-atletico-mg-esse-deve-ser-o-novo-time-de-felipao\/#primaryimage\"},\"thumbnailUrl\":\"https:\/\/www.gaveanews.com\/wp-content\/uploads\/Felipao-em-jogo-do-Athletico-contra-o-Flamengo.webp\",\"datePublished\":\"2024-11-10T00:40:00+00:00\",\"author\":{\"@id\":\"https:\/\/www.gaveanews.com\/#\/schema\/person\/0277a79a1289c451c281ec0411d84f0c\"},\"breadcrumb\":{\"@id\":\"https:\/\/www.gaveanews.com\/index.php\/2024\/11\/09\/apos-deixar-o-atletico-mg-esse-deve-ser-o-novo-time-de-felipao\/#breadcrumb\"},\"inLanguage\":\"pt-BR\",\"potentialAction\":[{\"@type\":\"ReadAction\",\"target\":[\"https:\/\/www.gaveanews.com\/index.php\/2024\/11\/09\/apos-deixar-o-atletico-mg-esse-deve-ser-o-novo-time-de-felipao\/\"]}]},{\"@type\":\"ImageObject\",\"inLanguage\":\"pt-BR\",\"@id\":\"https:\/\/www.gaveanews.com\/index.php\/2024\/11\/09\/apos-deixar-o-atletico-mg-esse-deve-ser-o-novo-time-de-felipao\/#primaryimage\",\"url\":\"https:\/\/www.gaveanews.com\/wp-content\/uploads\/Felipao-em-jogo-do-Athletico-contra-o-Flamengo.webp\",\"contentUrl\":\"https:\/\/www.gaveanews.com\/wp-content\/uploads\/Felipao-em-jogo-do-Athletico-contra-o-Flamengo.webp\",\"width\":1000,\"height\":723,\"caption\":\"Felip\u00e3o em jogo do Athletico contra o Flamengo (Foto: Andr\u00e9 Dur\u00e3o)\"},{\"@type\":\"BreadcrumbList\",\"@id\":\"https:\/\/www.gaveanews.com\/index.php\/2024\/11\/09\/apos-deixar-o-atletico-mg-esse-deve-ser-o-novo-time-de-felipao\/#breadcrumb\",\"itemListElement\":[{\"@type\":\"ListItem\",\"position\":1,\"name\":\"Home\",\"item\":\"https:\/\/www.gaveanews.com\/\"},{\"@type\":\"ListItem\",\"position\":2,\"name\":\"Ap\u00f3s deixar o Atl\u00e9tico-MG, esse deve ser o novo time de Felip\u00e3o\"}]},{\"@type\":\"WebSite\",\"@id\":\"https:\/\/www.gaveanews.com\/#website\",\"url\":\"https:\/\/www.gaveanews.com\/\",\"name\":\"G\u00e1vea News\",\"description\":\"Veja todas as not\u00edcias sobre o Flamengo: Contrata\u00e7\u00f5es, categorias de base, resultados das partidas, tabela de classifica\u00e7\u00e3o, pr\u00f3ximos jogos!\",\"potentialAction\":[{\"@type\":\"SearchAction\",\"target\":{\"@type\":\"EntryPoint\",\"urlTemplate\":\"https:\/\/www.gaveanews.com\/?s={search_term_string}\"},\"query-input\":{\"@type\":\"PropertyValueSpecification\",\"valueRequired\":true,\"valueName\":\"search_term_string\"}}],\"inLanguage\":\"pt-BR\"},{\"@type\":\"Person\",\"@id\":\"https:\/\/www.gaveanews.com\/#\/schema\/person\/0277a79a1289c451c281ec0411d84f0c\",\"name\":\"Andr\u00e9 Serra\",\"image\":{\"@type\":\"ImageObject\",\"inLanguage\":\"pt-BR\",\"@id\":\"https:\/\/www.gaveanews.com\/#\/schema\/person\/image\/\",\"url\":\"https:\/\/secure.gravatar.com\/avatar\/d7231369fe48db93292b3e88eb2162dbd9a34a47a8437d9ef3bcaca2a86a83d7?s=96&d=mm&r=g\",\"contentUrl\":\"https:\/\/secure.gravatar.com\/avatar\/d7231369fe48db93292b3e88eb2162dbd9a34a47a8437d9ef3bcaca2a86a83d7?s=96&d=mm&r=g\",\"caption\":\"Andr\u00e9 Serra\"}}]}<\/script>\n<!-- \/ Yoast SEO Premium plugin. -->","yoast_head_json":{"title":"Ap\u00f3s deixar o Atl\u00e9tico-MG, esse deve ser o novo time de Felip\u00e3o","robots":{"index":"index","follow":"follow","max-snippet":"max-snippet:-1","max-image-preview":"max-image-preview:large","max-video-preview":"max-video-preview:-1"},"canonical":"https:\/\/www.gaveanews.com\/index.php\/2024\/11\/09\/apos-deixar-o-atletico-mg-esse-deve-ser-o-novo-time-de-felipao\/","og_locale":"pt_BR","og_type":"article","og_title":"Ap\u00f3s deixar o Atl\u00e9tico-MG, esse deve ser o novo time de Felip\u00e3o","og_description":"Treinador recebeu contato de time da Am\u00e9rica do Sul O t\u00e9cnico Luiz Felipe Scolari deixou o Atl\u00e9tico-MG em mar\u00e7o deste ano para se dedicar e focar em quest\u00f5es familiares no Rio Grande do Sul. Por\u00e9m, Juan Rom\u00e1n Riquelme, presidente do Boca Juniors, demonstrou interesse na contrata\u00e7\u00e3o de Felip\u00e3o. Foi Felip\u00e3o inclusive quem revelou \u00e0 R\u00e1dio [&hellip;]","og_url":"https:\/\/www.gaveanews.com\/index.php\/2024\/11\/09\/apos-deixar-o-atletico-mg-esse-deve-ser-o-novo-time-de-felipao\/","og_site_name":"G\u00e1vea News","article_publisher":"https:\/\/facebook.com\/gaveaNews\/","article_published_time":"2024-11-10T00:40:00+00:00","og_image":[{"width":1000,"height":723,"url":"https:\/\/www.gaveanews.com\/wp-content\/uploads\/Felipao-em-jogo-do-Athletico-contra-o-Flamengo.webp","type":"image\/webp"}],"author":"Andr\u00e9 Serra","twitter_card":"summary_large_image","twitter_misc":{"Escrito por":"Andr\u00e9 Serra","Est. tempo de leitura":"3 minutos"},"schema":{"@context":"https:\/\/schema.org","@graph":[{"@type":"NewsArticle","@id":"https:\/\/www.gaveanews.com\/index.php\/2024\/11\/09\/apos-deixar-o-atletico-mg-esse-deve-ser-o-novo-time-de-felipao\/#article","isPartOf":{"@id":"https:\/\/www.gaveanews.com\/index.php\/2024\/11\/09\/apos-deixar-o-atletico-mg-esse-deve-ser-o-novo-time-de-felipao\/"},"author":{"name":"Andr\u00e9 Serra","@id":"https:\/\/www.gaveanews.com\/#\/schema\/person\/0277a79a1289c451c281ec0411d84f0c"},"headline":"Ap\u00f3s deixar o Atl\u00e9tico-MG, esse deve ser o novo time de Felip\u00e3o","datePublished":"2024-11-10T00:40:00+00:00","mainEntityOfPage":{"@id":"https:\/\/www.gaveanews.com\/index.php\/2024\/11\/09\/apos-deixar-o-atletico-mg-esse-deve-ser-o-novo-time-de-felipao\/"},"wordCount":462,"commentCount":0,"image":{"@id":"https:\/\/www.gaveanews.com\/index.php\/2024\/11\/09\/apos-deixar-o-atletico-mg-esse-deve-ser-o-novo-time-de-felipao\/#primaryimage"},"thumbnailUrl":"https:\/\/www.gaveanews.com\/wp-content\/uploads\/Felipao-em-jogo-do-Athletico-contra-o-Flamengo.webp","articleSection":["Atl\u00e9tico-MG","Boca Juniors"],"inLanguage":"pt-BR","potentialAction":[{"@type":"CommentAction","name":"Comment","target":["https:\/\/www.gaveanews.com\/index.php\/2024\/11\/09\/apos-deixar-o-atletico-mg-esse-deve-ser-o-novo-time-de-felipao\/#respond"]}],"copyrightYear":"2024","copyrightHolder":{"@id":"https:\/\/www.gaveanews.com\/#organization"}},{"@type":"WebPage","@id":"https:\/\/www.gaveanews.com\/index.php\/2024\/11\/09\/apos-deixar-o-atletico-mg-esse-deve-ser-o-novo-time-de-felipao\/","url":"https:\/\/www.gaveanews.com\/index.php\/2024\/11\/09\/apos-deixar-o-atletico-mg-esse-deve-ser-o-novo-time-de-felipao\/","name":"Ap\u00f3s deixar o Atl\u00e9tico-MG, esse deve ser o novo time de Felip\u00e3o","isPartOf":{"@id":"https:\/\/www.gaveanews.com\/#website"},"primaryImageOfPage":{"@id":"https:\/\/www.gaveanews.com\/index.php\/2024\/11\/09\/apos-deixar-o-atletico-mg-esse-deve-ser-o-novo-time-de-felipao\/#primaryimage"},"image":{"@id":"https:\/\/www.gaveanews.com\/index.php\/2024\/11\/09\/apos-deixar-o-atletico-mg-esse-deve-ser-o-novo-time-de-felipao\/#primaryimage"},"thumbnailUrl":"https:\/\/www.gaveanews.com\/wp-content\/uploads\/Felipao-em-jogo-do-Athletico-contra-o-Flamengo.webp","datePublished":"2024-11-10T00:40:00+00:00","author":{"@id":"https:\/\/www.gaveanews.com\/#\/schema\/person\/0277a79a1289c451c281ec0411d84f0c"},"breadcrumb":{"@id":"https:\/\/www.gaveanews.com\/index.php\/2024\/11\/09\/apos-deixar-o-atletico-mg-esse-deve-ser-o-novo-time-de-felipao\/#breadcrumb"},"inLanguage":"pt-BR","potentialAction":[{"@type":"ReadAction","target":["https:\/\/www.gaveanews.com\/index.php\/2024\/11\/09\/apos-deixar-o-atletico-mg-esse-deve-ser-o-novo-time-de-felipao\/"]}]},{"@type":"ImageObject","inLanguage":"pt-BR","@id":"https:\/\/www.gaveanews.com\/index.php\/2024\/11\/09\/apos-deixar-o-atletico-mg-esse-deve-ser-o-novo-time-de-felipao\/#primaryimage","url":"https:\/\/www.gaveanews.com\/wp-content\/uploads\/Felipao-em-jogo-do-Athletico-contra-o-Flamengo.webp","contentUrl":"https:\/\/www.gaveanews.com\/wp-content\/uploads\/Felipao-em-jogo-do-Athletico-contra-o-Flamengo.webp","width":1000,"height":723,"caption":"Felip\u00e3o em jogo do Athletico contra o Flamengo (Foto: Andr\u00e9 Dur\u00e3o)"},{"@type":"BreadcrumbList","@id":"https:\/\/www.gaveanews.com\/index.php\/2024\/11\/09\/apos-deixar-o-atletico-mg-esse-deve-ser-o-novo-time-de-felipao\/#breadcrumb","itemListElement":[{"@type":"ListItem","position":1,"name":"Home","item":"https:\/\/www.gaveanews.com\/"},{"@type":"ListItem","position":2,"name":"Ap\u00f3s deixar o Atl\u00e9tico-MG, esse deve ser o novo time de Felip\u00e3o"}]},{"@type":"WebSite","@id":"https:\/\/www.gaveanews.com\/#website","url":"https:\/\/www.gaveanews.com\/","name":"G\u00e1vea News","description":"Veja todas as not\u00edcias sobre o Flamengo: Contrata\u00e7\u00f5es, categorias de base, resultados das partidas, tabela de classifica\u00e7\u00e3o, pr\u00f3ximos jogos!","potentialAction":[{"@type":"SearchAction","target":{"@type":"EntryPoint","urlTemplate":"https:\/\/www.gaveanews.com\/?s={search_term_string}"},"query-input":{"@type":"PropertyValueSpecification","valueRequired":true,"valueName":"search_term_string"}}],"inLanguage":"pt-BR"},{"@type":"Person","@id":"https:\/\/www.gaveanews.com\/#\/schema\/person\/0277a79a1289c451c281ec0411d84f0c","name":"Andr\u00e9 Serra","image":{"@type":"ImageObject","inLanguage":"pt-BR","@id":"https:\/\/www.gaveanews.com\/#\/schema\/person\/image\/","url":"https:\/\/secure.gravatar.com\/avatar\/d7231369fe48db93292b3e88eb2162dbd9a34a47a8437d9ef3bcaca2a86a83d7?s=96&d=mm&r=g","contentUrl":"https:\/\/secure.gravatar.com\/avatar\/d7231369fe48db93292b3e88eb2162dbd9a34a47a8437d9ef3bcaca2a86a83d7?s=96&d=mm&r=g","caption":"Andr\u00e9 Serra"}}]}},"_links":{"self":[{"href":"https:\/\/www.gaveanews.com\/index.php\/wp-json\/wp\/v2\/posts\/183176","targetHints":{"allow":["GET"]}}],"collection":[{"href":"https:\/\/www.gaveanews.com\/index.php\/wp-json\/wp\/v2\/posts"}],"about":[{"href":"https:\/\/www.gaveanews.com\/index.php\/wp-json\/wp\/v2\/types\/post"}],"author":[{"embeddable":true,"href":"https:\/\/www.gaveanews.com\/index.php\/wp-json\/wp\/v2\/users\/21"}],"replies":[{"embeddable":true,"href":"https:\/\/www.gaveanews.com\/index.php\/wp-json\/wp\/v2\/comments?post=183176"}],"version-history":[{"count":1,"href":"https:\/\/www.gaveanews.com\/index.php\/wp-json\/wp\/v2\/posts\/183176\/revisions"}],"predecessor-version":[{"id":183179,"href":"https:\/\/www.gaveanews.com\/index.php\/wp-json\/wp\/v2\/posts\/183176\/revisions\/183179"}],"wp:featuredmedia":[{"embeddable":true,"href":"https:\/\/www.gaveanews.com\/index.php\/wp-json\/wp\/v2\/media\/85950"}],"wp:attachment":[{"href":"https:\/\/www.gaveanews.com\/index.php\/wp-json\/wp\/v2\/media?parent=183176"}],"wp:term":[{"taxonomy":"category","embeddable":true,"href":"https:\/\/www.gaveanews.com\/index.php\/wp-json\/wp\/v2\/categories?post=183176"},{"taxonomy":"post_tag","embeddable":true,"href":"https:\/\/www.gaveanews.com\/index.php\/wp-json\/wp\/v2\/tags?post=183176"}],"curies":[{"name":"wp","href":"https:\/\/api.w.org\/{rel}","templated":true}]}}