{"id":183193,"date":"2024-11-10T12:55:17","date_gmt":"2024-11-10T15:55:17","guid":{"rendered":"https:\/\/www.gaveanews.com\/?p=183193"},"modified":"2024-11-10T12:48:27","modified_gmt":"2024-11-10T15:48:27","slug":"flamengo-emite-nota-oficial-sobre-as-financas","status":"publish","type":"post","link":"https:\/\/www.gaveanews.com\/index.php\/2024\/11\/10\/flamengo-emite-nota-oficial-sobre-as-financas\/","title":{"rendered":"Flamengo emite nota oficial sobre as finan\u00e7as"},"content":{"rendered":"\n<p>Em resposta a recentes not\u00edcias sobre o crescimento de sua d\u00edvida, o Flamengo emitiu uma nota oficial neste s\u00e1bado (9), detalhando a realidade de sua situa\u00e7\u00e3o financeira.&nbsp;<\/p>\n\n\n\n<ul class=\"wp-block-list\">\n<li><a href=\"https:\/\/www.gaveanews.com\/index.php\/2024\/11\/08\/lateral-assina-com-o-flamengo-ate-2026\/\">Lateral assina com o Flamengo at\u00e9 2026<\/a><\/li>\n\n\n\n<li><a href=\"https:\/\/www.gaveanews.com\/index.php\/2024\/11\/08\/messi-pode-disputar-amistoso-contra-o-flamengo-no-estadio-do-maracana\/\">Messi pode disputar amistoso contra o Flamengo no est\u00e1dio do Maracan\u00e3<\/a><\/li>\n<\/ul>\n\n\n\n<p>Atrav\u00e9s de cinco t\u00f3picos, o clube esclareceu o panorama econ\u00f4mico atual e destacou a valoriza\u00e7\u00e3o de seu patrim\u00f4nio, buscando dissipar quaisquer mal-entendidos. O clube tamb\u00e9m fez compara\u00e7\u00f5es com a gest\u00e3o anterior, refor\u00e7ando a solidez de suas finan\u00e7as e os investimentos realizados.<\/p>\n\n\n\n<h2 class=\"wp-block-heading\" id=\"h-o-equilibrio-entre-investimentos-e-obrigacoes-financeiras\">O equil\u00edbrio entre investimentos e obriga\u00e7\u00f5es financeiras<\/h2>\n\n\n\n<p>Em sua nota, o Flamengo fez quest\u00e3o de destacar que, sob a atual gest\u00e3o, o endividamento banc\u00e1rio foi completamente sanado. Al\u00e9m disso, o clube ressaltou que, apesar dos grandes investimentos em jogadores e no terreno do novo est\u00e1dio, o caixa do Flamengo permaneceu positivo.&nbsp;<\/p>\n\n\n\n<p>&#8220;\u00c9 importante ressaltar que a atual gest\u00e3o do Flamengo zerou o endividamento banc\u00e1rio do clube, tornando o caixa positivo e eliminando as despesas financeiras com juros por empr\u00e9stimo.&#8221;, afirmou o clube. Isso porque, mesmo com a aquisi\u00e7\u00e3o do terreno e os investimentos robustos, o caixa do Flamengo ficou positivo em R$ 45 milh\u00f5es.<\/p>\n\n\n\n<h2 class=\"wp-block-heading\" id=\"h-a-reposicao-de-caixa-e-os-proximos-passos\">A reposi\u00e7\u00e3o de caixa e os pr\u00f3ximos passos<\/h2>\n\n\n\n<p>Com o objetivo de recuperar parte do valor investido, o Flamengo planeja recuperar R$ 150 milh\u00f5es por meio da venda de cadeiras cativas no novo est\u00e1dio. A venda come\u00e7ar\u00e1 ap\u00f3s as elei\u00e7\u00f5es de 9 de dezembro, conforme a nota oficial. <\/p>\n\n\n\n<p>&#8220;Esse processo de venda ser\u00e1 iniciado ap\u00f3s a conclus\u00e3o das elei\u00e7\u00f5es, respeitando a transi\u00e7\u00e3o e evitando a\u00e7\u00f5es antes do resultado eleitoral&#8221;, afirmou o clube, refor\u00e7ando que a continuidade do projeto depende do novo presidente dar sequ\u00eancia aos esfor\u00e7os da gest\u00e3o atual.<\/p>\n\n\n\n<h2 class=\"wp-block-heading\" id=\"h-patrimonio-e-liquidez-um-salto-historico\">Patrim\u00f4nio e liquidez: um salto hist\u00f3rico<\/h2>\n\n\n\n<p>O Flamengo tamb\u00e9m destacou que seu patrim\u00f4nio teve uma valoriza\u00e7\u00e3o expressiva ao longo dos anos. Comparando a situa\u00e7\u00e3o atual com a gest\u00e3o anterior, o clube ressaltou que, desde 2018, o saldo de caixa aumentou consideravelmente. <\/p>\n\n\n\n<p>&#8220;O patrim\u00f4nio do clube apresentou uma valoriza\u00e7\u00e3o significativa ao longo dos anos, superando indicadores hist\u00f3ricos&#8221;, informou o Flamengo. Al\u00e9m disso, o clube afirmou que, mesmo ap\u00f3s realizar grandes investimentos, o caixa permanece muito superior ao de 2018, quando o Flamengo possu\u00eda apenas R$ 8 milh\u00f5es.<\/p>\n\n\n\n<h2 class=\"wp-block-heading\" id=\"h-valorizacao-do-time-e-investimentos-estrategicos\">Valoriza\u00e7\u00e3o do time e investimentos estrat\u00e9gicos<\/h2>\n\n\n\n<p>Com o objetivo de se manter competitivo, o Flamengo tem feito contrata\u00e7\u00f5es estrat\u00e9gicas, como L\u00e9o Ortiz, Matias Vi\u00f1a e Nicol\u00e1s de La Cruz, al\u00e9m de outros refor\u00e7os como Carlos Alcaraz e Gonzalo Plata. <\/p>\n\n\n\n<p>A gest\u00e3o do clube detalhou que, desde 2018, o valor estimado do elenco rubro-negro saltou de R$ 178 milh\u00f5es para mais de R$ 650 milh\u00f5es. &#8220;Isso demonstra uma clara valoriza\u00e7\u00e3o dos nossos ativos esportivos&#8221;, destacou o clube, reafirmando que o investimento em novos jogadores visa consolidar a lideran\u00e7a do Flamengo no mercado.<\/p>\n\n\n\n<h2 class=\"wp-block-heading\" id=\"h-clube-amplia-patrimonio-uma-visao-para-o-futuro\">Clube amplia patrim\u00f4nio: uma vis\u00e3o para o futuro<\/h2>\n\n\n\n<p>Por fim, o Flamengo abordou sua estrat\u00e9gia de amplia\u00e7\u00e3o de patrim\u00f4nio, destacando investimentos em \u00e1reas essenciais, como a compra do terreno para o novo est\u00e1dio e melhorias no centro de treinamento.&nbsp;<\/p>\n\n\n\n<p>O clube afirmou que seu patrim\u00f4nio total saltou de R$ 368 milh\u00f5es, em dezembro de 2018, para R$ 1,078 bilh\u00e3o, em setembro de 2024. &#8220;Com um patrim\u00f4nio robusto, elenco de primeira linha, gest\u00e3o s\u00f3lida do Maracan\u00e3 e vultuosos contratos comerciais j\u00e1 firmados para os pr\u00f3ximos anos, o Flamengo se encontra preparado para um 2025 promissor&#8221;, concluiu a nota oficial.<\/p>\n\n\n\n<p>Com isso, o Flamengo se posiciona como um clube financeiramente s\u00f3lido, com uma gest\u00e3o planejada e focada no crescimento cont\u00ednuo. Desse jeito, a atual gest\u00e3o refor\u00e7a seu compromisso com a sa\u00fade financeira do clube, mantendo o foco no futuro e no sucesso esportivo.<\/p>\n","protected":false},"excerpt":{"rendered":"<p>Em resposta a recentes not\u00edcias sobre o crescimento de sua d\u00edvida, o Flamengo emitiu uma nota oficial neste s\u00e1bado (9), detalhando a realidade de sua situa\u00e7\u00e3o financeira.&nbsp; Atrav\u00e9s de cinco t\u00f3picos, o clube esclareceu o panorama econ\u00f4mico atual e destacou a valoriza\u00e7\u00e3o de seu patrim\u00f4nio, buscando dissipar quaisquer mal-entendidos. O clube tamb\u00e9m fez compara\u00e7\u00f5es com [&hellip;]<\/p>\n","protected":false},"author":24,"featured_media":129425,"comment_status":"open","ping_status":"closed","sticky":false,"template":"","format":"standard","meta":{"footnotes":""},"categories":[1],"tags":[],"class_list":["post-183193","post","type-post","status-publish","format-standard","has-post-thumbnail","hentry","category-flamengo"],"yoast_head":"<!-- This site is optimized with the Yoast SEO Premium plugin v24.2 (Yoast SEO v26.9) - https:\/\/yoast.com\/product\/yoast-seo-premium-wordpress\/ -->\n<title>Flamengo emite nota oficial sobre as finan\u00e7as<\/title>\n<meta name=\"robots\" content=\"index, follow, max-snippet:-1, max-image-preview:large, max-video-preview:-1\" \/>\n<link rel=\"canonical\" href=\"https:\/\/www.gaveanews.com\/index.php\/2024\/11\/10\/flamengo-emite-nota-oficial-sobre-as-financas\/\" \/>\n<meta property=\"og:locale\" content=\"pt_BR\" \/>\n<meta property=\"og:type\" content=\"article\" \/>\n<meta property=\"og:title\" content=\"Flamengo emite nota oficial sobre as finan\u00e7as\" \/>\n<meta property=\"og:description\" content=\"Em resposta a recentes not\u00edcias sobre o crescimento de sua d\u00edvida, o Flamengo emitiu uma nota oficial neste s\u00e1bado (9), detalhando a realidade de sua situa\u00e7\u00e3o financeira.&nbsp; Atrav\u00e9s de cinco t\u00f3picos, o clube esclareceu o panorama econ\u00f4mico atual e destacou a valoriza\u00e7\u00e3o de seu patrim\u00f4nio, buscando dissipar quaisquer mal-entendidos. O clube tamb\u00e9m fez compara\u00e7\u00f5es com [&hellip;]\" \/>\n<meta property=\"og:url\" content=\"https:\/\/www.gaveanews.com\/index.php\/2024\/11\/10\/flamengo-emite-nota-oficial-sobre-as-financas\/\" \/>\n<meta property=\"og:site_name\" content=\"G\u00e1vea News\" \/>\n<meta property=\"article:publisher\" content=\"https:\/\/facebook.com\/gaveaNews\/\" \/>\n<meta property=\"article:published_time\" content=\"2024-11-10T15:55:17+00:00\" \/>\n<meta property=\"og:image\" content=\"https:\/\/www.gaveanews.com\/wp-content\/uploads\/CT-Ninho-do-Urubu.webp\" \/>\n\t<meta property=\"og:image:width\" content=\"640\" \/>\n\t<meta property=\"og:image:height\" content=\"400\" \/>\n\t<meta property=\"og:image:type\" content=\"image\/jpeg\" \/>\n<meta name=\"author\" content=\"Leandro Cardoso\" \/>\n<meta name=\"twitter:card\" content=\"summary_large_image\" \/>\n<meta name=\"twitter:label1\" content=\"Escrito por\" \/>\n\t<meta name=\"twitter:data1\" content=\"Leandro Cardoso\" \/>\n\t<meta name=\"twitter:label2\" content=\"Est. tempo de leitura\" \/>\n\t<meta name=\"twitter:data2\" content=\"4 minutos\" \/>\n<script type=\"application\/ld+json\" class=\"yoast-schema-graph\">{\"@context\":\"https:\/\/schema.org\",\"@graph\":[{\"@type\":\"NewsArticle\",\"@id\":\"https:\/\/www.gaveanews.com\/index.php\/2024\/11\/10\/flamengo-emite-nota-oficial-sobre-as-financas\/#article\",\"isPartOf\":{\"@id\":\"https:\/\/www.gaveanews.com\/index.php\/2024\/11\/10\/flamengo-emite-nota-oficial-sobre-as-financas\/\"},\"author\":{\"name\":\"Leandro Cardoso\",\"@id\":\"https:\/\/www.gaveanews.com\/#\/schema\/person\/2424ec6409bc3f068411fc5e4e9b6168\"},\"headline\":\"Flamengo emite nota oficial sobre as finan\u00e7as\",\"datePublished\":\"2024-11-10T15:55:17+00:00\",\"mainEntityOfPage\":{\"@id\":\"https:\/\/www.gaveanews.com\/index.php\/2024\/11\/10\/flamengo-emite-nota-oficial-sobre-as-financas\/\"},\"wordCount\":681,\"commentCount\":0,\"image\":{\"@id\":\"https:\/\/www.gaveanews.com\/index.php\/2024\/11\/10\/flamengo-emite-nota-oficial-sobre-as-financas\/#primaryimage\"},\"thumbnailUrl\":\"https:\/\/www.gaveanews.com\/wp-content\/uploads\/CT-Ninho-do-Urubu.webp\",\"articleSection\":[\"Flamengo\"],\"inLanguage\":\"pt-BR\",\"potentialAction\":[{\"@type\":\"CommentAction\",\"name\":\"Comment\",\"target\":[\"https:\/\/www.gaveanews.com\/index.php\/2024\/11\/10\/flamengo-emite-nota-oficial-sobre-as-financas\/#respond\"]}],\"copyrightYear\":\"2024\",\"copyrightHolder\":{\"@id\":\"https:\/\/www.gaveanews.com\/#organization\"}},{\"@type\":\"WebPage\",\"@id\":\"https:\/\/www.gaveanews.com\/index.php\/2024\/11\/10\/flamengo-emite-nota-oficial-sobre-as-financas\/\",\"url\":\"https:\/\/www.gaveanews.com\/index.php\/2024\/11\/10\/flamengo-emite-nota-oficial-sobre-as-financas\/\",\"name\":\"Flamengo emite nota oficial sobre as finan\u00e7as\",\"isPartOf\":{\"@id\":\"https:\/\/www.gaveanews.com\/#website\"},\"primaryImageOfPage\":{\"@id\":\"https:\/\/www.gaveanews.com\/index.php\/2024\/11\/10\/flamengo-emite-nota-oficial-sobre-as-financas\/#primaryimage\"},\"image\":{\"@id\":\"https:\/\/www.gaveanews.com\/index.php\/2024\/11\/10\/flamengo-emite-nota-oficial-sobre-as-financas\/#primaryimage\"},\"thumbnailUrl\":\"https:\/\/www.gaveanews.com\/wp-content\/uploads\/CT-Ninho-do-Urubu.webp\",\"datePublished\":\"2024-11-10T15:55:17+00:00\",\"author\":{\"@id\":\"https:\/\/www.gaveanews.com\/#\/schema\/person\/2424ec6409bc3f068411fc5e4e9b6168\"},\"breadcrumb\":{\"@id\":\"https:\/\/www.gaveanews.com\/index.php\/2024\/11\/10\/flamengo-emite-nota-oficial-sobre-as-financas\/#breadcrumb\"},\"inLanguage\":\"pt-BR\",\"potentialAction\":[{\"@type\":\"ReadAction\",\"target\":[\"https:\/\/www.gaveanews.com\/index.php\/2024\/11\/10\/flamengo-emite-nota-oficial-sobre-as-financas\/\"]}]},{\"@type\":\"ImageObject\",\"inLanguage\":\"pt-BR\",\"@id\":\"https:\/\/www.gaveanews.com\/index.php\/2024\/11\/10\/flamengo-emite-nota-oficial-sobre-as-financas\/#primaryimage\",\"url\":\"https:\/\/www.gaveanews.com\/wp-content\/uploads\/CT-Ninho-do-Urubu.webp\",\"contentUrl\":\"https:\/\/www.gaveanews.com\/wp-content\/uploads\/CT-Ninho-do-Urubu.webp\",\"width\":640,\"height\":400,\"caption\":\"CT Ninho do Urubu - Foto: Paula Reis\"},{\"@type\":\"BreadcrumbList\",\"@id\":\"https:\/\/www.gaveanews.com\/index.php\/2024\/11\/10\/flamengo-emite-nota-oficial-sobre-as-financas\/#breadcrumb\",\"itemListElement\":[{\"@type\":\"ListItem\",\"position\":1,\"name\":\"Home\",\"item\":\"https:\/\/www.gaveanews.com\/\"},{\"@type\":\"ListItem\",\"position\":2,\"name\":\"Flamengo emite nota oficial sobre as finan\u00e7as\"}]},{\"@type\":\"WebSite\",\"@id\":\"https:\/\/www.gaveanews.com\/#website\",\"url\":\"https:\/\/www.gaveanews.com\/\",\"name\":\"G\u00e1vea News\",\"description\":\"Veja todas as not\u00edcias sobre o Flamengo: Contrata\u00e7\u00f5es, categorias de base, resultados das partidas, tabela de classifica\u00e7\u00e3o, pr\u00f3ximos jogos!\",\"potentialAction\":[{\"@type\":\"SearchAction\",\"target\":{\"@type\":\"EntryPoint\",\"urlTemplate\":\"https:\/\/www.gaveanews.com\/?s={search_term_string}\"},\"query-input\":{\"@type\":\"PropertyValueSpecification\",\"valueRequired\":true,\"valueName\":\"search_term_string\"}}],\"inLanguage\":\"pt-BR\"},{\"@type\":\"Person\",\"@id\":\"https:\/\/www.gaveanews.com\/#\/schema\/person\/2424ec6409bc3f068411fc5e4e9b6168\",\"name\":\"Leandro Cardoso\",\"image\":{\"@type\":\"ImageObject\",\"inLanguage\":\"pt-BR\",\"@id\":\"https:\/\/www.gaveanews.com\/#\/schema\/person\/image\/\",\"url\":\"https:\/\/secure.gravatar.com\/avatar\/8ca179f9b55eefe9f376f5493ef25475bfa59fbc28ce937f6076ce20e523098f?s=96&d=mm&r=g\",\"contentUrl\":\"https:\/\/secure.gravatar.com\/avatar\/8ca179f9b55eefe9f376f5493ef25475bfa59fbc28ce937f6076ce20e523098f?s=96&d=mm&r=g\",\"caption\":\"Leandro Cardoso\"}}]}<\/script>\n<!-- \/ Yoast SEO Premium plugin. -->","yoast_head_json":{"title":"Flamengo emite nota oficial sobre as finan\u00e7as","robots":{"index":"index","follow":"follow","max-snippet":"max-snippet:-1","max-image-preview":"max-image-preview:large","max-video-preview":"max-video-preview:-1"},"canonical":"https:\/\/www.gaveanews.com\/index.php\/2024\/11\/10\/flamengo-emite-nota-oficial-sobre-as-financas\/","og_locale":"pt_BR","og_type":"article","og_title":"Flamengo emite nota oficial sobre as finan\u00e7as","og_description":"Em resposta a recentes not\u00edcias sobre o crescimento de sua d\u00edvida, o Flamengo emitiu uma nota oficial neste s\u00e1bado (9), detalhando a realidade de sua situa\u00e7\u00e3o financeira.&nbsp; Atrav\u00e9s de cinco t\u00f3picos, o clube esclareceu o panorama econ\u00f4mico atual e destacou a valoriza\u00e7\u00e3o de seu patrim\u00f4nio, buscando dissipar quaisquer mal-entendidos. O clube tamb\u00e9m fez compara\u00e7\u00f5es com [&hellip;]","og_url":"https:\/\/www.gaveanews.com\/index.php\/2024\/11\/10\/flamengo-emite-nota-oficial-sobre-as-financas\/","og_site_name":"G\u00e1vea News","article_publisher":"https:\/\/facebook.com\/gaveaNews\/","article_published_time":"2024-11-10T15:55:17+00:00","og_image":[{"width":640,"height":400,"url":"https:\/\/www.gaveanews.com\/wp-content\/uploads\/CT-Ninho-do-Urubu.webp","type":"image\/jpeg"}],"author":"Leandro Cardoso","twitter_card":"summary_large_image","twitter_misc":{"Escrito por":"Leandro Cardoso","Est. tempo de leitura":"4 minutos"},"schema":{"@context":"https:\/\/schema.org","@graph":[{"@type":"NewsArticle","@id":"https:\/\/www.gaveanews.com\/index.php\/2024\/11\/10\/flamengo-emite-nota-oficial-sobre-as-financas\/#article","isPartOf":{"@id":"https:\/\/www.gaveanews.com\/index.php\/2024\/11\/10\/flamengo-emite-nota-oficial-sobre-as-financas\/"},"author":{"name":"Leandro Cardoso","@id":"https:\/\/www.gaveanews.com\/#\/schema\/person\/2424ec6409bc3f068411fc5e4e9b6168"},"headline":"Flamengo emite nota oficial sobre as finan\u00e7as","datePublished":"2024-11-10T15:55:17+00:00","mainEntityOfPage":{"@id":"https:\/\/www.gaveanews.com\/index.php\/2024\/11\/10\/flamengo-emite-nota-oficial-sobre-as-financas\/"},"wordCount":681,"commentCount":0,"image":{"@id":"https:\/\/www.gaveanews.com\/index.php\/2024\/11\/10\/flamengo-emite-nota-oficial-sobre-as-financas\/#primaryimage"},"thumbnailUrl":"https:\/\/www.gaveanews.com\/wp-content\/uploads\/CT-Ninho-do-Urubu.webp","articleSection":["Flamengo"],"inLanguage":"pt-BR","potentialAction":[{"@type":"CommentAction","name":"Comment","target":["https:\/\/www.gaveanews.com\/index.php\/2024\/11\/10\/flamengo-emite-nota-oficial-sobre-as-financas\/#respond"]}],"copyrightYear":"2024","copyrightHolder":{"@id":"https:\/\/www.gaveanews.com\/#organization"}},{"@type":"WebPage","@id":"https:\/\/www.gaveanews.com\/index.php\/2024\/11\/10\/flamengo-emite-nota-oficial-sobre-as-financas\/","url":"https:\/\/www.gaveanews.com\/index.php\/2024\/11\/10\/flamengo-emite-nota-oficial-sobre-as-financas\/","name":"Flamengo emite nota oficial sobre as finan\u00e7as","isPartOf":{"@id":"https:\/\/www.gaveanews.com\/#website"},"primaryImageOfPage":{"@id":"https:\/\/www.gaveanews.com\/index.php\/2024\/11\/10\/flamengo-emite-nota-oficial-sobre-as-financas\/#primaryimage"},"image":{"@id":"https:\/\/www.gaveanews.com\/index.php\/2024\/11\/10\/flamengo-emite-nota-oficial-sobre-as-financas\/#primaryimage"},"thumbnailUrl":"https:\/\/www.gaveanews.com\/wp-content\/uploads\/CT-Ninho-do-Urubu.webp","datePublished":"2024-11-10T15:55:17+00:00","author":{"@id":"https:\/\/www.gaveanews.com\/#\/schema\/person\/2424ec6409bc3f068411fc5e4e9b6168"},"breadcrumb":{"@id":"https:\/\/www.gaveanews.com\/index.php\/2024\/11\/10\/flamengo-emite-nota-oficial-sobre-as-financas\/#breadcrumb"},"inLanguage":"pt-BR","potentialAction":[{"@type":"ReadAction","target":["https:\/\/www.gaveanews.com\/index.php\/2024\/11\/10\/flamengo-emite-nota-oficial-sobre-as-financas\/"]}]},{"@type":"ImageObject","inLanguage":"pt-BR","@id":"https:\/\/www.gaveanews.com\/index.php\/2024\/11\/10\/flamengo-emite-nota-oficial-sobre-as-financas\/#primaryimage","url":"https:\/\/www.gaveanews.com\/wp-content\/uploads\/CT-Ninho-do-Urubu.webp","contentUrl":"https:\/\/www.gaveanews.com\/wp-content\/uploads\/CT-Ninho-do-Urubu.webp","width":640,"height":400,"caption":"CT Ninho do Urubu - Foto: Paula Reis"},{"@type":"BreadcrumbList","@id":"https:\/\/www.gaveanews.com\/index.php\/2024\/11\/10\/flamengo-emite-nota-oficial-sobre-as-financas\/#breadcrumb","itemListElement":[{"@type":"ListItem","position":1,"name":"Home","item":"https:\/\/www.gaveanews.com\/"},{"@type":"ListItem","position":2,"name":"Flamengo emite nota oficial sobre as finan\u00e7as"}]},{"@type":"WebSite","@id":"https:\/\/www.gaveanews.com\/#website","url":"https:\/\/www.gaveanews.com\/","name":"G\u00e1vea News","description":"Veja todas as not\u00edcias sobre o Flamengo: Contrata\u00e7\u00f5es, categorias de base, resultados das partidas, tabela de classifica\u00e7\u00e3o, pr\u00f3ximos jogos!","potentialAction":[{"@type":"SearchAction","target":{"@type":"EntryPoint","urlTemplate":"https:\/\/www.gaveanews.com\/?s={search_term_string}"},"query-input":{"@type":"PropertyValueSpecification","valueRequired":true,"valueName":"search_term_string"}}],"inLanguage":"pt-BR"},{"@type":"Person","@id":"https:\/\/www.gaveanews.com\/#\/schema\/person\/2424ec6409bc3f068411fc5e4e9b6168","name":"Leandro Cardoso","image":{"@type":"ImageObject","inLanguage":"pt-BR","@id":"https:\/\/www.gaveanews.com\/#\/schema\/person\/image\/","url":"https:\/\/secure.gravatar.com\/avatar\/8ca179f9b55eefe9f376f5493ef25475bfa59fbc28ce937f6076ce20e523098f?s=96&d=mm&r=g","contentUrl":"https:\/\/secure.gravatar.com\/avatar\/8ca179f9b55eefe9f376f5493ef25475bfa59fbc28ce937f6076ce20e523098f?s=96&d=mm&r=g","caption":"Leandro Cardoso"}}]}},"_links":{"self":[{"href":"https:\/\/www.gaveanews.com\/index.php\/wp-json\/wp\/v2\/posts\/183193","targetHints":{"allow":["GET"]}}],"collection":[{"href":"https:\/\/www.gaveanews.com\/index.php\/wp-json\/wp\/v2\/posts"}],"about":[{"href":"https:\/\/www.gaveanews.com\/index.php\/wp-json\/wp\/v2\/types\/post"}],"author":[{"embeddable":true,"href":"https:\/\/www.gaveanews.com\/index.php\/wp-json\/wp\/v2\/users\/24"}],"replies":[{"embeddable":true,"href":"https:\/\/www.gaveanews.com\/index.php\/wp-json\/wp\/v2\/comments?post=183193"}],"version-history":[{"count":2,"href":"https:\/\/www.gaveanews.com\/index.php\/wp-json\/wp\/v2\/posts\/183193\/revisions"}],"predecessor-version":[{"id":183503,"href":"https:\/\/www.gaveanews.com\/index.php\/wp-json\/wp\/v2\/posts\/183193\/revisions\/183503"}],"wp:featuredmedia":[{"embeddable":true,"href":"https:\/\/www.gaveanews.com\/index.php\/wp-json\/wp\/v2\/media\/129425"}],"wp:attachment":[{"href":"https:\/\/www.gaveanews.com\/index.php\/wp-json\/wp\/v2\/media?parent=183193"}],"wp:term":[{"taxonomy":"category","embeddable":true,"href":"https:\/\/www.gaveanews.com\/index.php\/wp-json\/wp\/v2\/categories?post=183193"},{"taxonomy":"post_tag","embeddable":true,"href":"https:\/\/www.gaveanews.com\/index.php\/wp-json\/wp\/v2\/tags?post=183193"}],"curies":[{"name":"wp","href":"https:\/\/api.w.org\/{rel}","templated":true}]}}