{"id":183203,"date":"2024-11-09T20:20:00","date_gmt":"2024-11-09T23:20:00","guid":{"rendered":"https:\/\/www.gaveanews.com\/?p=183203"},"modified":"2024-11-09T19:51:16","modified_gmt":"2024-11-09T22:51:16","slug":"a-declaracao-de-renato-gaucho-apos-derrota-do-gremio-para-o-palmeiras","status":"publish","type":"post","link":"https:\/\/www.gaveanews.com\/index.php\/2024\/11\/09\/a-declaracao-de-renato-gaucho-apos-derrota-do-gremio-para-o-palmeiras\/","title":{"rendered":"A declara\u00e7\u00e3o de Renato Ga\u00facho ap\u00f3s derrota do Gr\u00eamio para o Palmeiras"},"content":{"rendered":"\n<h2 class=\"wp-block-heading\" id=\"h-imortal-foi-ao-allianz-parque-e-perdeu-por-1-a-0\">Imortal foi ao Allianz Parque e perdeu por 1 a 0<\/h2>\n\n\n\n<p>O Gr\u00eamio visitou o Palmeiras na \u00faltima sexta-feira (8) e foi derrotado no Allianz Parque por 1 a 0, gol do atacante Est\u00eav\u00e3o. Ap\u00f3s o t\u00e9rmino do jogo, Renato Ga\u00facho comentou sobre o grande volume do advers\u00e1rio e enalteceu a atua\u00e7\u00e3o do goleiro Marches\u00edn, que evitou um placar maior. <\/p>\n\n\n\n<ul class=\"wp-block-list\">\n<li><a href=\"https:\/\/www.gaveanews.com\/index.php\/2024\/11\/07\/gremio-emite-nota-oficial-sobre-kannemann\/\">Gr\u00eamio emite nota oficial sobre Kannemann<\/a><\/li>\n\n\n\n<li><a href=\"https:\/\/www.gaveanews.com\/index.php\/2024\/11\/07\/ele-e-o-favorito-para-substituir-renato-gaucho-no-gremio\/\">Ele \u00e9 o favorito para substituir Renato Ga\u00facho no Gr\u00eamio<\/a><\/li>\n<\/ul>\n\n\n\n<p>O Palmeiras finalizou ao gol gremista 35 vezes nos 90 minutos e o goleiro Marches\u00edn teve trabalho, precisando realizar 13 defesas na partida, salvando o tricolor ga\u00facho do que poderia ser um placar el\u00e1stico. O t\u00e9cnico Renato Ga\u00facho comentou sobre o desempenho do arqueiro. <\/p>\n\n\n\n<p>&#8220;Marches\u00edn estava numa grande noite. Ainda bem. T\u00ednhamos nossa proposta de jogo, sab\u00edamos que o Palmeiras iria pressionar bastante&#8221;, disse Renato. <\/p>\n\n\n\n<p>Na entrevista coletiva ap\u00f3s o t\u00e9rmino da partida, Renato Ga\u00facho comentou sobre a estrat\u00e9gia proposta, que acabou n\u00e3o dando certo. A ideia do comandante era de se segurar na defesa e avan\u00e7ar em contra-ataque, para achar um gol. <\/p>\n\n\n\n<p>&#8220;Temos que saber sofrer, a gente estava sofrendo. Infelizmente, no momento que a gente pensava em colocar o time mais para frente, tomamos o gol. Eles precisavam da vit\u00f3ria. Um resultado negativo e dariam adeus ao t\u00edtulo. N\u00e3o deu. Agora \u00e9 treinar para buscar a vit\u00f3ria contra o Juventude&#8221;. N\u00e3o fizemos uma grande partida&#8221;, comentou o treinador. <\/p>\n\n\n\n<p>Com a derrota, o Gr\u00eamio permanece com 39 pontos na 11\u00b0 posi\u00e7\u00e3o, tendo cinco a mais que o Athletico-PR, que est\u00e1 em 17\u00b0 e que al\u00e9m de ainda jogar na rodada, possui uma partida a menos. Os jogadores do tricolor ganharam tr\u00eas dias de folga e voltam aos trabalhos apenas na ter\u00e7a-feira (12). <\/p>\n\n\n\n<p>Na pr\u00f3xima rodada, o Gr\u00eamio enfrenta o Juventude na Arena, em partida que acontecer\u00e1 na quarta-feira (20), \u00e0s 19h (hor\u00e1rio de Bras\u00edlia). O Imortal ainda joga contra Cruzeiro (F), S\u00e3o Paulo (C), Vit\u00f3ria (F) e Corinthians (C). <\/p>\n","protected":false},"excerpt":{"rendered":"<p>Imortal foi ao Allianz Parque e perdeu por 1 a 0 O Gr\u00eamio visitou o Palmeiras na \u00faltima sexta-feira (8) e foi derrotado no Allianz Parque por 1 a 0, gol do atacante Est\u00eav\u00e3o. Ap\u00f3s o t\u00e9rmino do jogo, Renato Ga\u00facho comentou sobre o grande volume do advers\u00e1rio e enalteceu a atua\u00e7\u00e3o do goleiro Marches\u00edn, [&hellip;]<\/p>\n","protected":false},"author":21,"featured_media":144188,"comment_status":"open","ping_status":"closed","sticky":false,"template":"","format":"standard","meta":{"footnotes":""},"categories":[147],"tags":[],"class_list":["post-183203","post","type-post","status-publish","format-standard","has-post-thumbnail","hentry","category-gremio"],"yoast_head":"<!-- This site is optimized with the Yoast SEO Premium plugin v24.2 (Yoast SEO v26.9) - https:\/\/yoast.com\/product\/yoast-seo-premium-wordpress\/ -->\n<title>A declara\u00e7\u00e3o de Renato Ga\u00facho ap\u00f3s derrota do Gr\u00eamio para o Palmeiras<\/title>\n<meta name=\"robots\" content=\"index, follow, max-snippet:-1, max-image-preview:large, max-video-preview:-1\" \/>\n<link rel=\"canonical\" href=\"https:\/\/www.gaveanews.com\/index.php\/2024\/11\/09\/a-declaracao-de-renato-gaucho-apos-derrota-do-gremio-para-o-palmeiras\/\" \/>\n<meta property=\"og:locale\" content=\"pt_BR\" \/>\n<meta property=\"og:type\" content=\"article\" \/>\n<meta property=\"og:title\" content=\"A declara\u00e7\u00e3o de Renato Ga\u00facho ap\u00f3s derrota do Gr\u00eamio para o Palmeiras\" \/>\n<meta property=\"og:description\" content=\"Imortal foi ao Allianz Parque e perdeu por 1 a 0 O Gr\u00eamio visitou o Palmeiras na \u00faltima sexta-feira (8) e foi derrotado no Allianz Parque por 1 a 0, gol do atacante Est\u00eav\u00e3o. Ap\u00f3s o t\u00e9rmino do jogo, Renato Ga\u00facho comentou sobre o grande volume do advers\u00e1rio e enalteceu a atua\u00e7\u00e3o do goleiro Marches\u00edn, [&hellip;]\" \/>\n<meta property=\"og:url\" content=\"https:\/\/www.gaveanews.com\/index.php\/2024\/11\/09\/a-declaracao-de-renato-gaucho-apos-derrota-do-gremio-para-o-palmeiras\/\" \/>\n<meta property=\"og:site_name\" content=\"G\u00e1vea News\" \/>\n<meta property=\"article:publisher\" content=\"https:\/\/facebook.com\/gaveaNews\/\" \/>\n<meta property=\"article:published_time\" content=\"2024-11-09T23:20:00+00:00\" \/>\n<meta property=\"og:image\" content=\"https:\/\/www.gaveanews.com\/wp-content\/uploads\/renato-gaucho-gremio.webp\" \/>\n\t<meta property=\"og:image:width\" content=\"1000\" \/>\n\t<meta property=\"og:image:height\" content=\"563\" \/>\n\t<meta property=\"og:image:type\" content=\"image\/webp\" \/>\n<meta name=\"author\" content=\"Andr\u00e9 Serra\" \/>\n<meta name=\"twitter:card\" content=\"summary_large_image\" \/>\n<meta name=\"twitter:label1\" content=\"Escrito por\" \/>\n\t<meta name=\"twitter:data1\" content=\"Andr\u00e9 Serra\" \/>\n\t<meta name=\"twitter:label2\" content=\"Est. tempo de leitura\" \/>\n\t<meta name=\"twitter:data2\" content=\"3 minutos\" \/>\n<script type=\"application\/ld+json\" class=\"yoast-schema-graph\">{\"@context\":\"https:\/\/schema.org\",\"@graph\":[{\"@type\":\"NewsArticle\",\"@id\":\"https:\/\/www.gaveanews.com\/index.php\/2024\/11\/09\/a-declaracao-de-renato-gaucho-apos-derrota-do-gremio-para-o-palmeiras\/#article\",\"isPartOf\":{\"@id\":\"https:\/\/www.gaveanews.com\/index.php\/2024\/11\/09\/a-declaracao-de-renato-gaucho-apos-derrota-do-gremio-para-o-palmeiras\/\"},\"author\":{\"name\":\"Andr\u00e9 Serra\",\"@id\":\"https:\/\/www.gaveanews.com\/#\/schema\/person\/0277a79a1289c451c281ec0411d84f0c\"},\"headline\":\"A declara\u00e7\u00e3o de Renato Ga\u00facho ap\u00f3s derrota do Gr\u00eamio para o Palmeiras\",\"datePublished\":\"2024-11-09T23:20:00+00:00\",\"mainEntityOfPage\":{\"@id\":\"https:\/\/www.gaveanews.com\/index.php\/2024\/11\/09\/a-declaracao-de-renato-gaucho-apos-derrota-do-gremio-para-o-palmeiras\/\"},\"wordCount\":369,\"commentCount\":0,\"image\":{\"@id\":\"https:\/\/www.gaveanews.com\/index.php\/2024\/11\/09\/a-declaracao-de-renato-gaucho-apos-derrota-do-gremio-para-o-palmeiras\/#primaryimage\"},\"thumbnailUrl\":\"https:\/\/www.gaveanews.com\/wp-content\/uploads\/renato-gaucho-gremio.webp\",\"articleSection\":[\"Gr\u00eamio\"],\"inLanguage\":\"pt-BR\",\"potentialAction\":[{\"@type\":\"CommentAction\",\"name\":\"Comment\",\"target\":[\"https:\/\/www.gaveanews.com\/index.php\/2024\/11\/09\/a-declaracao-de-renato-gaucho-apos-derrota-do-gremio-para-o-palmeiras\/#respond\"]}],\"copyrightYear\":\"2024\",\"copyrightHolder\":{\"@id\":\"https:\/\/www.gaveanews.com\/#organization\"}},{\"@type\":\"WebPage\",\"@id\":\"https:\/\/www.gaveanews.com\/index.php\/2024\/11\/09\/a-declaracao-de-renato-gaucho-apos-derrota-do-gremio-para-o-palmeiras\/\",\"url\":\"https:\/\/www.gaveanews.com\/index.php\/2024\/11\/09\/a-declaracao-de-renato-gaucho-apos-derrota-do-gremio-para-o-palmeiras\/\",\"name\":\"A declara\u00e7\u00e3o de Renato Ga\u00facho ap\u00f3s derrota do Gr\u00eamio para o Palmeiras\",\"isPartOf\":{\"@id\":\"https:\/\/www.gaveanews.com\/#website\"},\"primaryImageOfPage\":{\"@id\":\"https:\/\/www.gaveanews.com\/index.php\/2024\/11\/09\/a-declaracao-de-renato-gaucho-apos-derrota-do-gremio-para-o-palmeiras\/#primaryimage\"},\"image\":{\"@id\":\"https:\/\/www.gaveanews.com\/index.php\/2024\/11\/09\/a-declaracao-de-renato-gaucho-apos-derrota-do-gremio-para-o-palmeiras\/#primaryimage\"},\"thumbnailUrl\":\"https:\/\/www.gaveanews.com\/wp-content\/uploads\/renato-gaucho-gremio.webp\",\"datePublished\":\"2024-11-09T23:20:00+00:00\",\"author\":{\"@id\":\"https:\/\/www.gaveanews.com\/#\/schema\/person\/0277a79a1289c451c281ec0411d84f0c\"},\"breadcrumb\":{\"@id\":\"https:\/\/www.gaveanews.com\/index.php\/2024\/11\/09\/a-declaracao-de-renato-gaucho-apos-derrota-do-gremio-para-o-palmeiras\/#breadcrumb\"},\"inLanguage\":\"pt-BR\",\"potentialAction\":[{\"@type\":\"ReadAction\",\"target\":[\"https:\/\/www.gaveanews.com\/index.php\/2024\/11\/09\/a-declaracao-de-renato-gaucho-apos-derrota-do-gremio-para-o-palmeiras\/\"]}]},{\"@type\":\"ImageObject\",\"inLanguage\":\"pt-BR\",\"@id\":\"https:\/\/www.gaveanews.com\/index.php\/2024\/11\/09\/a-declaracao-de-renato-gaucho-apos-derrota-do-gremio-para-o-palmeiras\/#primaryimage\",\"url\":\"https:\/\/www.gaveanews.com\/wp-content\/uploads\/renato-gaucho-gremio.webp\",\"contentUrl\":\"https:\/\/www.gaveanews.com\/wp-content\/uploads\/renato-gaucho-gremio.webp\",\"width\":1000,\"height\":563,\"caption\":\"Renato Ga\u00facho em treino do Gr\u00eamio (Foto: Lucas Uebel\/Gr\u00eamio FBPA)\"},{\"@type\":\"BreadcrumbList\",\"@id\":\"https:\/\/www.gaveanews.com\/index.php\/2024\/11\/09\/a-declaracao-de-renato-gaucho-apos-derrota-do-gremio-para-o-palmeiras\/#breadcrumb\",\"itemListElement\":[{\"@type\":\"ListItem\",\"position\":1,\"name\":\"Home\",\"item\":\"https:\/\/www.gaveanews.com\/\"},{\"@type\":\"ListItem\",\"position\":2,\"name\":\"A declara\u00e7\u00e3o de Renato Ga\u00facho ap\u00f3s derrota do Gr\u00eamio para o Palmeiras\"}]},{\"@type\":\"WebSite\",\"@id\":\"https:\/\/www.gaveanews.com\/#website\",\"url\":\"https:\/\/www.gaveanews.com\/\",\"name\":\"G\u00e1vea News\",\"description\":\"Veja todas as not\u00edcias sobre o Flamengo: Contrata\u00e7\u00f5es, categorias de base, resultados das partidas, tabela de classifica\u00e7\u00e3o, pr\u00f3ximos jogos!\",\"potentialAction\":[{\"@type\":\"SearchAction\",\"target\":{\"@type\":\"EntryPoint\",\"urlTemplate\":\"https:\/\/www.gaveanews.com\/?s={search_term_string}\"},\"query-input\":{\"@type\":\"PropertyValueSpecification\",\"valueRequired\":true,\"valueName\":\"search_term_string\"}}],\"inLanguage\":\"pt-BR\"},{\"@type\":\"Person\",\"@id\":\"https:\/\/www.gaveanews.com\/#\/schema\/person\/0277a79a1289c451c281ec0411d84f0c\",\"name\":\"Andr\u00e9 Serra\",\"image\":{\"@type\":\"ImageObject\",\"inLanguage\":\"pt-BR\",\"@id\":\"https:\/\/www.gaveanews.com\/#\/schema\/person\/image\/\",\"url\":\"https:\/\/secure.gravatar.com\/avatar\/d7231369fe48db93292b3e88eb2162dbd9a34a47a8437d9ef3bcaca2a86a83d7?s=96&d=mm&r=g\",\"contentUrl\":\"https:\/\/secure.gravatar.com\/avatar\/d7231369fe48db93292b3e88eb2162dbd9a34a47a8437d9ef3bcaca2a86a83d7?s=96&d=mm&r=g\",\"caption\":\"Andr\u00e9 Serra\"}}]}<\/script>\n<!-- \/ Yoast SEO Premium plugin. -->","yoast_head_json":{"title":"A declara\u00e7\u00e3o de Renato Ga\u00facho ap\u00f3s derrota do Gr\u00eamio para o Palmeiras","robots":{"index":"index","follow":"follow","max-snippet":"max-snippet:-1","max-image-preview":"max-image-preview:large","max-video-preview":"max-video-preview:-1"},"canonical":"https:\/\/www.gaveanews.com\/index.php\/2024\/11\/09\/a-declaracao-de-renato-gaucho-apos-derrota-do-gremio-para-o-palmeiras\/","og_locale":"pt_BR","og_type":"article","og_title":"A declara\u00e7\u00e3o de Renato Ga\u00facho ap\u00f3s derrota do Gr\u00eamio para o Palmeiras","og_description":"Imortal foi ao Allianz Parque e perdeu por 1 a 0 O Gr\u00eamio visitou o Palmeiras na \u00faltima sexta-feira (8) e foi derrotado no Allianz Parque por 1 a 0, gol do atacante Est\u00eav\u00e3o. Ap\u00f3s o t\u00e9rmino do jogo, Renato Ga\u00facho comentou sobre o grande volume do advers\u00e1rio e enalteceu a atua\u00e7\u00e3o do goleiro Marches\u00edn, [&hellip;]","og_url":"https:\/\/www.gaveanews.com\/index.php\/2024\/11\/09\/a-declaracao-de-renato-gaucho-apos-derrota-do-gremio-para-o-palmeiras\/","og_site_name":"G\u00e1vea News","article_publisher":"https:\/\/facebook.com\/gaveaNews\/","article_published_time":"2024-11-09T23:20:00+00:00","og_image":[{"width":1000,"height":563,"url":"https:\/\/www.gaveanews.com\/wp-content\/uploads\/renato-gaucho-gremio.webp","type":"image\/webp"}],"author":"Andr\u00e9 Serra","twitter_card":"summary_large_image","twitter_misc":{"Escrito por":"Andr\u00e9 Serra","Est. tempo de leitura":"3 minutos"},"schema":{"@context":"https:\/\/schema.org","@graph":[{"@type":"NewsArticle","@id":"https:\/\/www.gaveanews.com\/index.php\/2024\/11\/09\/a-declaracao-de-renato-gaucho-apos-derrota-do-gremio-para-o-palmeiras\/#article","isPartOf":{"@id":"https:\/\/www.gaveanews.com\/index.php\/2024\/11\/09\/a-declaracao-de-renato-gaucho-apos-derrota-do-gremio-para-o-palmeiras\/"},"author":{"name":"Andr\u00e9 Serra","@id":"https:\/\/www.gaveanews.com\/#\/schema\/person\/0277a79a1289c451c281ec0411d84f0c"},"headline":"A declara\u00e7\u00e3o de Renato Ga\u00facho ap\u00f3s derrota do Gr\u00eamio para o Palmeiras","datePublished":"2024-11-09T23:20:00+00:00","mainEntityOfPage":{"@id":"https:\/\/www.gaveanews.com\/index.php\/2024\/11\/09\/a-declaracao-de-renato-gaucho-apos-derrota-do-gremio-para-o-palmeiras\/"},"wordCount":369,"commentCount":0,"image":{"@id":"https:\/\/www.gaveanews.com\/index.php\/2024\/11\/09\/a-declaracao-de-renato-gaucho-apos-derrota-do-gremio-para-o-palmeiras\/#primaryimage"},"thumbnailUrl":"https:\/\/www.gaveanews.com\/wp-content\/uploads\/renato-gaucho-gremio.webp","articleSection":["Gr\u00eamio"],"inLanguage":"pt-BR","potentialAction":[{"@type":"CommentAction","name":"Comment","target":["https:\/\/www.gaveanews.com\/index.php\/2024\/11\/09\/a-declaracao-de-renato-gaucho-apos-derrota-do-gremio-para-o-palmeiras\/#respond"]}],"copyrightYear":"2024","copyrightHolder":{"@id":"https:\/\/www.gaveanews.com\/#organization"}},{"@type":"WebPage","@id":"https:\/\/www.gaveanews.com\/index.php\/2024\/11\/09\/a-declaracao-de-renato-gaucho-apos-derrota-do-gremio-para-o-palmeiras\/","url":"https:\/\/www.gaveanews.com\/index.php\/2024\/11\/09\/a-declaracao-de-renato-gaucho-apos-derrota-do-gremio-para-o-palmeiras\/","name":"A declara\u00e7\u00e3o de Renato Ga\u00facho ap\u00f3s derrota do Gr\u00eamio para o Palmeiras","isPartOf":{"@id":"https:\/\/www.gaveanews.com\/#website"},"primaryImageOfPage":{"@id":"https:\/\/www.gaveanews.com\/index.php\/2024\/11\/09\/a-declaracao-de-renato-gaucho-apos-derrota-do-gremio-para-o-palmeiras\/#primaryimage"},"image":{"@id":"https:\/\/www.gaveanews.com\/index.php\/2024\/11\/09\/a-declaracao-de-renato-gaucho-apos-derrota-do-gremio-para-o-palmeiras\/#primaryimage"},"thumbnailUrl":"https:\/\/www.gaveanews.com\/wp-content\/uploads\/renato-gaucho-gremio.webp","datePublished":"2024-11-09T23:20:00+00:00","author":{"@id":"https:\/\/www.gaveanews.com\/#\/schema\/person\/0277a79a1289c451c281ec0411d84f0c"},"breadcrumb":{"@id":"https:\/\/www.gaveanews.com\/index.php\/2024\/11\/09\/a-declaracao-de-renato-gaucho-apos-derrota-do-gremio-para-o-palmeiras\/#breadcrumb"},"inLanguage":"pt-BR","potentialAction":[{"@type":"ReadAction","target":["https:\/\/www.gaveanews.com\/index.php\/2024\/11\/09\/a-declaracao-de-renato-gaucho-apos-derrota-do-gremio-para-o-palmeiras\/"]}]},{"@type":"ImageObject","inLanguage":"pt-BR","@id":"https:\/\/www.gaveanews.com\/index.php\/2024\/11\/09\/a-declaracao-de-renato-gaucho-apos-derrota-do-gremio-para-o-palmeiras\/#primaryimage","url":"https:\/\/www.gaveanews.com\/wp-content\/uploads\/renato-gaucho-gremio.webp","contentUrl":"https:\/\/www.gaveanews.com\/wp-content\/uploads\/renato-gaucho-gremio.webp","width":1000,"height":563,"caption":"Renato Ga\u00facho em treino do Gr\u00eamio (Foto: Lucas Uebel\/Gr\u00eamio FBPA)"},{"@type":"BreadcrumbList","@id":"https:\/\/www.gaveanews.com\/index.php\/2024\/11\/09\/a-declaracao-de-renato-gaucho-apos-derrota-do-gremio-para-o-palmeiras\/#breadcrumb","itemListElement":[{"@type":"ListItem","position":1,"name":"Home","item":"https:\/\/www.gaveanews.com\/"},{"@type":"ListItem","position":2,"name":"A declara\u00e7\u00e3o de Renato Ga\u00facho ap\u00f3s derrota do Gr\u00eamio para o Palmeiras"}]},{"@type":"WebSite","@id":"https:\/\/www.gaveanews.com\/#website","url":"https:\/\/www.gaveanews.com\/","name":"G\u00e1vea News","description":"Veja todas as not\u00edcias sobre o Flamengo: Contrata\u00e7\u00f5es, categorias de base, resultados das partidas, tabela de classifica\u00e7\u00e3o, pr\u00f3ximos jogos!","potentialAction":[{"@type":"SearchAction","target":{"@type":"EntryPoint","urlTemplate":"https:\/\/www.gaveanews.com\/?s={search_term_string}"},"query-input":{"@type":"PropertyValueSpecification","valueRequired":true,"valueName":"search_term_string"}}],"inLanguage":"pt-BR"},{"@type":"Person","@id":"https:\/\/www.gaveanews.com\/#\/schema\/person\/0277a79a1289c451c281ec0411d84f0c","name":"Andr\u00e9 Serra","image":{"@type":"ImageObject","inLanguage":"pt-BR","@id":"https:\/\/www.gaveanews.com\/#\/schema\/person\/image\/","url":"https:\/\/secure.gravatar.com\/avatar\/d7231369fe48db93292b3e88eb2162dbd9a34a47a8437d9ef3bcaca2a86a83d7?s=96&d=mm&r=g","contentUrl":"https:\/\/secure.gravatar.com\/avatar\/d7231369fe48db93292b3e88eb2162dbd9a34a47a8437d9ef3bcaca2a86a83d7?s=96&d=mm&r=g","caption":"Andr\u00e9 Serra"}}]}},"_links":{"self":[{"href":"https:\/\/www.gaveanews.com\/index.php\/wp-json\/wp\/v2\/posts\/183203","targetHints":{"allow":["GET"]}}],"collection":[{"href":"https:\/\/www.gaveanews.com\/index.php\/wp-json\/wp\/v2\/posts"}],"about":[{"href":"https:\/\/www.gaveanews.com\/index.php\/wp-json\/wp\/v2\/types\/post"}],"author":[{"embeddable":true,"href":"https:\/\/www.gaveanews.com\/index.php\/wp-json\/wp\/v2\/users\/21"}],"replies":[{"embeddable":true,"href":"https:\/\/www.gaveanews.com\/index.php\/wp-json\/wp\/v2\/comments?post=183203"}],"version-history":[{"count":1,"href":"https:\/\/www.gaveanews.com\/index.php\/wp-json\/wp\/v2\/posts\/183203\/revisions"}],"predecessor-version":[{"id":183204,"href":"https:\/\/www.gaveanews.com\/index.php\/wp-json\/wp\/v2\/posts\/183203\/revisions\/183204"}],"wp:featuredmedia":[{"embeddable":true,"href":"https:\/\/www.gaveanews.com\/index.php\/wp-json\/wp\/v2\/media\/144188"}],"wp:attachment":[{"href":"https:\/\/www.gaveanews.com\/index.php\/wp-json\/wp\/v2\/media?parent=183203"}],"wp:term":[{"taxonomy":"category","embeddable":true,"href":"https:\/\/www.gaveanews.com\/index.php\/wp-json\/wp\/v2\/categories?post=183203"},{"taxonomy":"post_tag","embeddable":true,"href":"https:\/\/www.gaveanews.com\/index.php\/wp-json\/wp\/v2\/tags?post=183203"}],"curies":[{"name":"wp","href":"https:\/\/api.w.org\/{rel}","templated":true}]}}