{"id":183233,"date":"2024-11-09T20:00:00","date_gmt":"2024-11-09T23:00:00","guid":{"rendered":"https:\/\/www.gaveanews.com\/?p=183233"},"modified":"2024-11-09T19:48:45","modified_gmt":"2024-11-09T22:48:45","slug":"a-declaracao-de-estevao-direcionada-a-torcida-do-palmeiras","status":"publish","type":"post","link":"https:\/\/www.gaveanews.com\/index.php\/2024\/11\/09\/a-declaracao-de-estevao-direcionada-a-torcida-do-palmeiras\/","title":{"rendered":"A declara\u00e7\u00e3o de Est\u00eav\u00e3o direcionada a torcida do Palmeiras"},"content":{"rendered":"\n<p>O Palmeiras garantiu uma vit\u00f3ria suada por 1 a 0 contra o Gr\u00eamio, nesta sexta-feira (8), no Allianz Parque, pela 33\u00aa rodada do Brasileir\u00e3o. O \u00fanico gol da partida foi marcado por Est\u00eav\u00e3o, que brilhou mais uma vez e assumiu a artilharia do campeonato com 12 gols.&nbsp;<\/p>\n\n\n\n<ul class=\"wp-block-list\">\n<li><a href=\"https:\/\/www.gaveanews.com\/index.php\/2024\/11\/08\/a-declaracao-de-gustavo-gomez-sobre-o-jogo-entre-palmeiras-x-gremio\/\">A declara\u00e7\u00e3o de Gustavo G\u00f3mez sobre o jogo entre Palmeiras x Gr\u00eamio<\/a><\/li>\n\n\n\n<li><a href=\"https:\/\/www.gaveanews.com\/index.php\/2024\/11\/08\/a-declaracao-de-ramon-diaz-sobre-o-jogo-contra-o-palmeiras\/\">A declara\u00e7\u00e3o de Ram\u00f3n D\u00edaz sobre o jogo contra o Palmeiras<\/a><\/li>\n<\/ul>\n\n\n\n<p>No entanto, o triunfo n\u00e3o foi suficiente para evitar os protestos da torcida, que vaiou a equipe ap\u00f3s um primeiro tempo apagado. O resultado recolocou o Palmeiras na briga pelo t\u00edtulo, mas a press\u00e3o e cobran\u00e7a por parte dos torcedores continuam.<\/p>\n\n\n\n<h2 class=\"wp-block-heading\" id=\"h-pressao-da-torcida-e-reacao-em-campo\">Press\u00e3o da torcida e rea\u00e7\u00e3o em campo<\/h2>\n\n\n\n<p>O primeiro tempo da partida foi de pouca inspira\u00e7\u00e3o, e o descontentamento da torcida foi evidente. Ao final da etapa inicial, os palmeirenses protestaram com gritos de &#8220;N\u00e3o \u00e9 mole, n\u00e3o! \u00c9 muita folga para pouca obriga\u00e7\u00e3o&#8221;, deixando clara a insatisfa\u00e7\u00e3o com o desempenho da equipe.&nbsp;<\/p>\n\n\n\n<p>Est\u00eav\u00e3o, que saiu como her\u00f3i da noite, reconheceu a import\u00e2ncia do resultado para aliviar a tens\u00e3o. \u201cA gente trabalha bastante. A gente sabe do momento que a gente vive, tentamos dar alegria para o torcedor em campo, para a gente mesmo. Ficamos muito felizes com a vit\u00f3ria, por ter ajudado a equipe\u201d, comentou o jovem atacante.<\/p>\n\n\n\n<h2 class=\"wp-block-heading\" id=\"h-estevao-e-destaque-na-temporada\">Est\u00eav\u00e3o \u00e9 destaque na temporada<\/h2>\n\n\n\n<p>Aos 17 anos, Est\u00eav\u00e3o se firmou como titular e uma das principais promessas do Palmeiras, al\u00e9m de ser figura frequente na sele\u00e7\u00e3o brasileira. Mais do que o gol decisivo, o jovem atacante protagonizou boas jogadas e finalizou diversas vezes contra o goleiro Marchesin, que evitou um placar mais el\u00e1stico.&nbsp;<\/p>\n\n\n\n<p>Vale destacar que o talento de Est\u00eav\u00e3o tem sido essencial para o time na reta final do campeonato.<\/p>\n\n\n\n<p>\u201cS\u00f3 tenho a agradecer a Deus. Se n\u00e3o fosse ele, n\u00e3o teria capacidade de estar aqui. Tenho dado o melhor nos treinos, no jogo, tenho sido recompensado com gol ajudando a equipe, a sele\u00e7\u00e3o brasileira\u201d, disse o camisa 41.<\/p>\n\n\n\n<h2 class=\"wp-block-heading\" id=\"h-desfalque-importante-e-luta-pelo-titulo\">Desfalque importante e luta pelo t\u00edtulo<\/h2>\n\n\n\n<p>Apesar do desempenho brilhante, Est\u00eav\u00e3o recebeu o terceiro cart\u00e3o amarelo ao comemorar o gol e ser\u00e1 desfalque na pr\u00f3xima partida contra o Bahia, em Salvador. Com isso, o Palmeiras precisa buscar alternativas para manter o ritmo e seguir na disputa pelo tricampeonato.&nbsp;<\/p>\n\n\n\n<p>O resultado deixou o time a tr\u00eas pontos do l\u00edder Botafogo, e a torcida agora volta suas esperan\u00e7as para uma arrancada final na competi\u00e7\u00e3o.<\/p>\n","protected":false},"excerpt":{"rendered":"<p>O Palmeiras garantiu uma vit\u00f3ria suada por 1 a 0 contra o Gr\u00eamio, nesta sexta-feira (8), no Allianz Parque, pela 33\u00aa rodada do Brasileir\u00e3o. O \u00fanico gol da partida foi marcado por Est\u00eav\u00e3o, que brilhou mais uma vez e assumiu a artilharia do campeonato com 12 gols.&nbsp; No entanto, o triunfo n\u00e3o foi suficiente para [&hellip;]<\/p>\n","protected":false},"author":24,"featured_media":141974,"comment_status":"open","ping_status":"closed","sticky":false,"template":"","format":"standard","meta":{"footnotes":""},"categories":[150],"tags":[],"class_list":["post-183233","post","type-post","status-publish","format-standard","has-post-thumbnail","hentry","category-palmeiras"],"yoast_head":"<!-- This site is optimized with the Yoast SEO Premium plugin v24.2 (Yoast SEO v26.9) - https:\/\/yoast.com\/product\/yoast-seo-premium-wordpress\/ -->\n<title>A declara\u00e7\u00e3o de Est\u00eav\u00e3o direcionada a torcida do Palmeiras<\/title>\n<meta name=\"robots\" content=\"index, follow, max-snippet:-1, max-image-preview:large, max-video-preview:-1\" \/>\n<link rel=\"canonical\" href=\"https:\/\/www.gaveanews.com\/index.php\/2024\/11\/09\/a-declaracao-de-estevao-direcionada-a-torcida-do-palmeiras\/\" \/>\n<meta property=\"og:locale\" content=\"pt_BR\" \/>\n<meta property=\"og:type\" content=\"article\" \/>\n<meta property=\"og:title\" content=\"A declara\u00e7\u00e3o de Est\u00eav\u00e3o direcionada a torcida do Palmeiras\" \/>\n<meta property=\"og:description\" content=\"O Palmeiras garantiu uma vit\u00f3ria suada por 1 a 0 contra o Gr\u00eamio, nesta sexta-feira (8), no Allianz Parque, pela 33\u00aa rodada do Brasileir\u00e3o. O \u00fanico gol da partida foi marcado por Est\u00eav\u00e3o, que brilhou mais uma vez e assumiu a artilharia do campeonato com 12 gols.&nbsp; No entanto, o triunfo n\u00e3o foi suficiente para [&hellip;]\" \/>\n<meta property=\"og:url\" content=\"https:\/\/www.gaveanews.com\/index.php\/2024\/11\/09\/a-declaracao-de-estevao-direcionada-a-torcida-do-palmeiras\/\" \/>\n<meta property=\"og:site_name\" content=\"G\u00e1vea News\" \/>\n<meta property=\"article:publisher\" content=\"https:\/\/facebook.com\/gaveaNews\/\" \/>\n<meta property=\"article:published_time\" content=\"2024-11-09T23:00:00+00:00\" \/>\n<meta property=\"og:image\" content=\"https:\/\/www.gaveanews.com\/wp-content\/uploads\/O-jogador-Estevao-da-SE-Palmeiras-comemora-seu-contra-a-equipe-do-Botafogo-FC-durante-partida-valida-pela-terceira-fase-da-Copa-do-Brasil-na-arena-Allianz-Parque-1024x576-1.webp\" \/>\n\t<meta property=\"og:image:width\" content=\"1024\" \/>\n\t<meta property=\"og:image:height\" content=\"576\" \/>\n\t<meta property=\"og:image:type\" content=\"image\/webp\" \/>\n<meta name=\"author\" content=\"Leandro Cardoso\" \/>\n<meta name=\"twitter:card\" content=\"summary_large_image\" \/>\n<meta name=\"twitter:label1\" content=\"Escrito por\" \/>\n\t<meta name=\"twitter:data1\" content=\"Leandro Cardoso\" \/>\n\t<meta name=\"twitter:label2\" content=\"Est. tempo de leitura\" \/>\n\t<meta name=\"twitter:data2\" content=\"3 minutos\" \/>\n<script type=\"application\/ld+json\" class=\"yoast-schema-graph\">{\"@context\":\"https:\/\/schema.org\",\"@graph\":[{\"@type\":\"NewsArticle\",\"@id\":\"https:\/\/www.gaveanews.com\/index.php\/2024\/11\/09\/a-declaracao-de-estevao-direcionada-a-torcida-do-palmeiras\/#article\",\"isPartOf\":{\"@id\":\"https:\/\/www.gaveanews.com\/index.php\/2024\/11\/09\/a-declaracao-de-estevao-direcionada-a-torcida-do-palmeiras\/\"},\"author\":{\"name\":\"Leandro Cardoso\",\"@id\":\"https:\/\/www.gaveanews.com\/#\/schema\/person\/2424ec6409bc3f068411fc5e4e9b6168\"},\"headline\":\"A declara\u00e7\u00e3o de Est\u00eav\u00e3o direcionada a torcida do Palmeiras\",\"datePublished\":\"2024-11-09T23:00:00+00:00\",\"mainEntityOfPage\":{\"@id\":\"https:\/\/www.gaveanews.com\/index.php\/2024\/11\/09\/a-declaracao-de-estevao-direcionada-a-torcida-do-palmeiras\/\"},\"wordCount\":459,\"commentCount\":0,\"image\":{\"@id\":\"https:\/\/www.gaveanews.com\/index.php\/2024\/11\/09\/a-declaracao-de-estevao-direcionada-a-torcida-do-palmeiras\/#primaryimage\"},\"thumbnailUrl\":\"https:\/\/www.gaveanews.com\/wp-content\/uploads\/O-jogador-Estevao-da-SE-Palmeiras-comemora-seu-contra-a-equipe-do-Botafogo-FC-durante-partida-valida-pela-terceira-fase-da-Copa-do-Brasil-na-arena-Allianz-Parque-1024x576-1.webp\",\"articleSection\":[\"Palmeiras\"],\"inLanguage\":\"pt-BR\",\"potentialAction\":[{\"@type\":\"CommentAction\",\"name\":\"Comment\",\"target\":[\"https:\/\/www.gaveanews.com\/index.php\/2024\/11\/09\/a-declaracao-de-estevao-direcionada-a-torcida-do-palmeiras\/#respond\"]}],\"copyrightYear\":\"2024\",\"copyrightHolder\":{\"@id\":\"https:\/\/www.gaveanews.com\/#organization\"}},{\"@type\":\"WebPage\",\"@id\":\"https:\/\/www.gaveanews.com\/index.php\/2024\/11\/09\/a-declaracao-de-estevao-direcionada-a-torcida-do-palmeiras\/\",\"url\":\"https:\/\/www.gaveanews.com\/index.php\/2024\/11\/09\/a-declaracao-de-estevao-direcionada-a-torcida-do-palmeiras\/\",\"name\":\"A declara\u00e7\u00e3o de Est\u00eav\u00e3o direcionada a torcida do Palmeiras\",\"isPartOf\":{\"@id\":\"https:\/\/www.gaveanews.com\/#website\"},\"primaryImageOfPage\":{\"@id\":\"https:\/\/www.gaveanews.com\/index.php\/2024\/11\/09\/a-declaracao-de-estevao-direcionada-a-torcida-do-palmeiras\/#primaryimage\"},\"image\":{\"@id\":\"https:\/\/www.gaveanews.com\/index.php\/2024\/11\/09\/a-declaracao-de-estevao-direcionada-a-torcida-do-palmeiras\/#primaryimage\"},\"thumbnailUrl\":\"https:\/\/www.gaveanews.com\/wp-content\/uploads\/O-jogador-Estevao-da-SE-Palmeiras-comemora-seu-contra-a-equipe-do-Botafogo-FC-durante-partida-valida-pela-terceira-fase-da-Copa-do-Brasil-na-arena-Allianz-Parque-1024x576-1.webp\",\"datePublished\":\"2024-11-09T23:00:00+00:00\",\"author\":{\"@id\":\"https:\/\/www.gaveanews.com\/#\/schema\/person\/2424ec6409bc3f068411fc5e4e9b6168\"},\"breadcrumb\":{\"@id\":\"https:\/\/www.gaveanews.com\/index.php\/2024\/11\/09\/a-declaracao-de-estevao-direcionada-a-torcida-do-palmeiras\/#breadcrumb\"},\"inLanguage\":\"pt-BR\",\"potentialAction\":[{\"@type\":\"ReadAction\",\"target\":[\"https:\/\/www.gaveanews.com\/index.php\/2024\/11\/09\/a-declaracao-de-estevao-direcionada-a-torcida-do-palmeiras\/\"]}]},{\"@type\":\"ImageObject\",\"inLanguage\":\"pt-BR\",\"@id\":\"https:\/\/www.gaveanews.com\/index.php\/2024\/11\/09\/a-declaracao-de-estevao-direcionada-a-torcida-do-palmeiras\/#primaryimage\",\"url\":\"https:\/\/www.gaveanews.com\/wp-content\/uploads\/O-jogador-Estevao-da-SE-Palmeiras-comemora-seu-contra-a-equipe-do-Botafogo-FC-durante-partida-valida-pela-terceira-fase-da-Copa-do-Brasil-na-arena-Allianz-Parque-1024x576-1.webp\",\"contentUrl\":\"https:\/\/www.gaveanews.com\/wp-content\/uploads\/O-jogador-Estevao-da-SE-Palmeiras-comemora-seu-contra-a-equipe-do-Botafogo-FC-durante-partida-valida-pela-terceira-fase-da-Copa-do-Brasil-na-arena-Allianz-Parque-1024x576-1.webp\",\"width\":1024,\"height\":576,\"caption\":\"O jogador Est\u00eav\u00e3o - Foto: Cesar Greco\/Palmeiras\/by Canon\"},{\"@type\":\"BreadcrumbList\",\"@id\":\"https:\/\/www.gaveanews.com\/index.php\/2024\/11\/09\/a-declaracao-de-estevao-direcionada-a-torcida-do-palmeiras\/#breadcrumb\",\"itemListElement\":[{\"@type\":\"ListItem\",\"position\":1,\"name\":\"Home\",\"item\":\"https:\/\/www.gaveanews.com\/\"},{\"@type\":\"ListItem\",\"position\":2,\"name\":\"A declara\u00e7\u00e3o de Est\u00eav\u00e3o direcionada a torcida do Palmeiras\"}]},{\"@type\":\"WebSite\",\"@id\":\"https:\/\/www.gaveanews.com\/#website\",\"url\":\"https:\/\/www.gaveanews.com\/\",\"name\":\"G\u00e1vea News\",\"description\":\"Veja todas as not\u00edcias sobre o Flamengo: Contrata\u00e7\u00f5es, categorias de base, resultados das partidas, tabela de classifica\u00e7\u00e3o, pr\u00f3ximos jogos!\",\"potentialAction\":[{\"@type\":\"SearchAction\",\"target\":{\"@type\":\"EntryPoint\",\"urlTemplate\":\"https:\/\/www.gaveanews.com\/?s={search_term_string}\"},\"query-input\":{\"@type\":\"PropertyValueSpecification\",\"valueRequired\":true,\"valueName\":\"search_term_string\"}}],\"inLanguage\":\"pt-BR\"},{\"@type\":\"Person\",\"@id\":\"https:\/\/www.gaveanews.com\/#\/schema\/person\/2424ec6409bc3f068411fc5e4e9b6168\",\"name\":\"Leandro Cardoso\",\"image\":{\"@type\":\"ImageObject\",\"inLanguage\":\"pt-BR\",\"@id\":\"https:\/\/www.gaveanews.com\/#\/schema\/person\/image\/\",\"url\":\"https:\/\/secure.gravatar.com\/avatar\/8ca179f9b55eefe9f376f5493ef25475bfa59fbc28ce937f6076ce20e523098f?s=96&d=mm&r=g\",\"contentUrl\":\"https:\/\/secure.gravatar.com\/avatar\/8ca179f9b55eefe9f376f5493ef25475bfa59fbc28ce937f6076ce20e523098f?s=96&d=mm&r=g\",\"caption\":\"Leandro Cardoso\"}}]}<\/script>\n<!-- \/ Yoast SEO Premium plugin. -->","yoast_head_json":{"title":"A declara\u00e7\u00e3o de Est\u00eav\u00e3o direcionada a torcida do Palmeiras","robots":{"index":"index","follow":"follow","max-snippet":"max-snippet:-1","max-image-preview":"max-image-preview:large","max-video-preview":"max-video-preview:-1"},"canonical":"https:\/\/www.gaveanews.com\/index.php\/2024\/11\/09\/a-declaracao-de-estevao-direcionada-a-torcida-do-palmeiras\/","og_locale":"pt_BR","og_type":"article","og_title":"A declara\u00e7\u00e3o de Est\u00eav\u00e3o direcionada a torcida do Palmeiras","og_description":"O Palmeiras garantiu uma vit\u00f3ria suada por 1 a 0 contra o Gr\u00eamio, nesta sexta-feira (8), no Allianz Parque, pela 33\u00aa rodada do Brasileir\u00e3o. O \u00fanico gol da partida foi marcado por Est\u00eav\u00e3o, que brilhou mais uma vez e assumiu a artilharia do campeonato com 12 gols.&nbsp; No entanto, o triunfo n\u00e3o foi suficiente para [&hellip;]","og_url":"https:\/\/www.gaveanews.com\/index.php\/2024\/11\/09\/a-declaracao-de-estevao-direcionada-a-torcida-do-palmeiras\/","og_site_name":"G\u00e1vea News","article_publisher":"https:\/\/facebook.com\/gaveaNews\/","article_published_time":"2024-11-09T23:00:00+00:00","og_image":[{"width":1024,"height":576,"url":"https:\/\/www.gaveanews.com\/wp-content\/uploads\/O-jogador-Estevao-da-SE-Palmeiras-comemora-seu-contra-a-equipe-do-Botafogo-FC-durante-partida-valida-pela-terceira-fase-da-Copa-do-Brasil-na-arena-Allianz-Parque-1024x576-1.webp","type":"image\/webp"}],"author":"Leandro Cardoso","twitter_card":"summary_large_image","twitter_misc":{"Escrito por":"Leandro Cardoso","Est. tempo de leitura":"3 minutos"},"schema":{"@context":"https:\/\/schema.org","@graph":[{"@type":"NewsArticle","@id":"https:\/\/www.gaveanews.com\/index.php\/2024\/11\/09\/a-declaracao-de-estevao-direcionada-a-torcida-do-palmeiras\/#article","isPartOf":{"@id":"https:\/\/www.gaveanews.com\/index.php\/2024\/11\/09\/a-declaracao-de-estevao-direcionada-a-torcida-do-palmeiras\/"},"author":{"name":"Leandro Cardoso","@id":"https:\/\/www.gaveanews.com\/#\/schema\/person\/2424ec6409bc3f068411fc5e4e9b6168"},"headline":"A declara\u00e7\u00e3o de Est\u00eav\u00e3o direcionada a torcida do Palmeiras","datePublished":"2024-11-09T23:00:00+00:00","mainEntityOfPage":{"@id":"https:\/\/www.gaveanews.com\/index.php\/2024\/11\/09\/a-declaracao-de-estevao-direcionada-a-torcida-do-palmeiras\/"},"wordCount":459,"commentCount":0,"image":{"@id":"https:\/\/www.gaveanews.com\/index.php\/2024\/11\/09\/a-declaracao-de-estevao-direcionada-a-torcida-do-palmeiras\/#primaryimage"},"thumbnailUrl":"https:\/\/www.gaveanews.com\/wp-content\/uploads\/O-jogador-Estevao-da-SE-Palmeiras-comemora-seu-contra-a-equipe-do-Botafogo-FC-durante-partida-valida-pela-terceira-fase-da-Copa-do-Brasil-na-arena-Allianz-Parque-1024x576-1.webp","articleSection":["Palmeiras"],"inLanguage":"pt-BR","potentialAction":[{"@type":"CommentAction","name":"Comment","target":["https:\/\/www.gaveanews.com\/index.php\/2024\/11\/09\/a-declaracao-de-estevao-direcionada-a-torcida-do-palmeiras\/#respond"]}],"copyrightYear":"2024","copyrightHolder":{"@id":"https:\/\/www.gaveanews.com\/#organization"}},{"@type":"WebPage","@id":"https:\/\/www.gaveanews.com\/index.php\/2024\/11\/09\/a-declaracao-de-estevao-direcionada-a-torcida-do-palmeiras\/","url":"https:\/\/www.gaveanews.com\/index.php\/2024\/11\/09\/a-declaracao-de-estevao-direcionada-a-torcida-do-palmeiras\/","name":"A declara\u00e7\u00e3o de Est\u00eav\u00e3o direcionada a torcida do Palmeiras","isPartOf":{"@id":"https:\/\/www.gaveanews.com\/#website"},"primaryImageOfPage":{"@id":"https:\/\/www.gaveanews.com\/index.php\/2024\/11\/09\/a-declaracao-de-estevao-direcionada-a-torcida-do-palmeiras\/#primaryimage"},"image":{"@id":"https:\/\/www.gaveanews.com\/index.php\/2024\/11\/09\/a-declaracao-de-estevao-direcionada-a-torcida-do-palmeiras\/#primaryimage"},"thumbnailUrl":"https:\/\/www.gaveanews.com\/wp-content\/uploads\/O-jogador-Estevao-da-SE-Palmeiras-comemora-seu-contra-a-equipe-do-Botafogo-FC-durante-partida-valida-pela-terceira-fase-da-Copa-do-Brasil-na-arena-Allianz-Parque-1024x576-1.webp","datePublished":"2024-11-09T23:00:00+00:00","author":{"@id":"https:\/\/www.gaveanews.com\/#\/schema\/person\/2424ec6409bc3f068411fc5e4e9b6168"},"breadcrumb":{"@id":"https:\/\/www.gaveanews.com\/index.php\/2024\/11\/09\/a-declaracao-de-estevao-direcionada-a-torcida-do-palmeiras\/#breadcrumb"},"inLanguage":"pt-BR","potentialAction":[{"@type":"ReadAction","target":["https:\/\/www.gaveanews.com\/index.php\/2024\/11\/09\/a-declaracao-de-estevao-direcionada-a-torcida-do-palmeiras\/"]}]},{"@type":"ImageObject","inLanguage":"pt-BR","@id":"https:\/\/www.gaveanews.com\/index.php\/2024\/11\/09\/a-declaracao-de-estevao-direcionada-a-torcida-do-palmeiras\/#primaryimage","url":"https:\/\/www.gaveanews.com\/wp-content\/uploads\/O-jogador-Estevao-da-SE-Palmeiras-comemora-seu-contra-a-equipe-do-Botafogo-FC-durante-partida-valida-pela-terceira-fase-da-Copa-do-Brasil-na-arena-Allianz-Parque-1024x576-1.webp","contentUrl":"https:\/\/www.gaveanews.com\/wp-content\/uploads\/O-jogador-Estevao-da-SE-Palmeiras-comemora-seu-contra-a-equipe-do-Botafogo-FC-durante-partida-valida-pela-terceira-fase-da-Copa-do-Brasil-na-arena-Allianz-Parque-1024x576-1.webp","width":1024,"height":576,"caption":"O jogador Est\u00eav\u00e3o - Foto: Cesar Greco\/Palmeiras\/by Canon"},{"@type":"BreadcrumbList","@id":"https:\/\/www.gaveanews.com\/index.php\/2024\/11\/09\/a-declaracao-de-estevao-direcionada-a-torcida-do-palmeiras\/#breadcrumb","itemListElement":[{"@type":"ListItem","position":1,"name":"Home","item":"https:\/\/www.gaveanews.com\/"},{"@type":"ListItem","position":2,"name":"A declara\u00e7\u00e3o de Est\u00eav\u00e3o direcionada a torcida do Palmeiras"}]},{"@type":"WebSite","@id":"https:\/\/www.gaveanews.com\/#website","url":"https:\/\/www.gaveanews.com\/","name":"G\u00e1vea News","description":"Veja todas as not\u00edcias sobre o Flamengo: Contrata\u00e7\u00f5es, categorias de base, resultados das partidas, tabela de classifica\u00e7\u00e3o, pr\u00f3ximos jogos!","potentialAction":[{"@type":"SearchAction","target":{"@type":"EntryPoint","urlTemplate":"https:\/\/www.gaveanews.com\/?s={search_term_string}"},"query-input":{"@type":"PropertyValueSpecification","valueRequired":true,"valueName":"search_term_string"}}],"inLanguage":"pt-BR"},{"@type":"Person","@id":"https:\/\/www.gaveanews.com\/#\/schema\/person\/2424ec6409bc3f068411fc5e4e9b6168","name":"Leandro Cardoso","image":{"@type":"ImageObject","inLanguage":"pt-BR","@id":"https:\/\/www.gaveanews.com\/#\/schema\/person\/image\/","url":"https:\/\/secure.gravatar.com\/avatar\/8ca179f9b55eefe9f376f5493ef25475bfa59fbc28ce937f6076ce20e523098f?s=96&d=mm&r=g","contentUrl":"https:\/\/secure.gravatar.com\/avatar\/8ca179f9b55eefe9f376f5493ef25475bfa59fbc28ce937f6076ce20e523098f?s=96&d=mm&r=g","caption":"Leandro Cardoso"}}]}},"_links":{"self":[{"href":"https:\/\/www.gaveanews.com\/index.php\/wp-json\/wp\/v2\/posts\/183233","targetHints":{"allow":["GET"]}}],"collection":[{"href":"https:\/\/www.gaveanews.com\/index.php\/wp-json\/wp\/v2\/posts"}],"about":[{"href":"https:\/\/www.gaveanews.com\/index.php\/wp-json\/wp\/v2\/types\/post"}],"author":[{"embeddable":true,"href":"https:\/\/www.gaveanews.com\/index.php\/wp-json\/wp\/v2\/users\/24"}],"replies":[{"embeddable":true,"href":"https:\/\/www.gaveanews.com\/index.php\/wp-json\/wp\/v2\/comments?post=183233"}],"version-history":[{"count":1,"href":"https:\/\/www.gaveanews.com\/index.php\/wp-json\/wp\/v2\/posts\/183233\/revisions"}],"predecessor-version":[{"id":183234,"href":"https:\/\/www.gaveanews.com\/index.php\/wp-json\/wp\/v2\/posts\/183233\/revisions\/183234"}],"wp:featuredmedia":[{"embeddable":true,"href":"https:\/\/www.gaveanews.com\/index.php\/wp-json\/wp\/v2\/media\/141974"}],"wp:attachment":[{"href":"https:\/\/www.gaveanews.com\/index.php\/wp-json\/wp\/v2\/media?parent=183233"}],"wp:term":[{"taxonomy":"category","embeddable":true,"href":"https:\/\/www.gaveanews.com\/index.php\/wp-json\/wp\/v2\/categories?post=183233"},{"taxonomy":"post_tag","embeddable":true,"href":"https:\/\/www.gaveanews.com\/index.php\/wp-json\/wp\/v2\/tags?post=183233"}],"curies":[{"name":"wp","href":"https:\/\/api.w.org\/{rel}","templated":true}]}}