{"id":183239,"date":"2024-11-10T17:05:00","date_gmt":"2024-11-10T20:05:00","guid":{"rendered":"https:\/\/www.gaveanews.com\/?p=183239"},"modified":"2024-11-10T13:17:40","modified_gmt":"2024-11-10T16:17:40","slug":"atletico-mg-toma-atitude-importante-para-a-final-da-copa-libertadores","status":"publish","type":"post","link":"https:\/\/www.gaveanews.com\/index.php\/2024\/11\/10\/atletico-mg-toma-atitude-importante-para-a-final-da-copa-libertadores\/","title":{"rendered":"Atl\u00e9tico-MG toma atitude importante para a final da Copa Libertadores"},"content":{"rendered":"\n<p>O Atl\u00e9tico-MG surpreendeu ao anunciar uma medida de apoio aos seus torcedores para a final da Libertadores. O clube mineiro decidiu bancar o transporte de 37 \u00f4nibus, garantindo que as torcidas organizadas tenham condi\u00e7\u00f5es de viajar at\u00e9 Buenos Aires para acompanhar o jogo contra o Botafogo, no dia 30 de novembro.&nbsp;<\/p>\n\n\n\n<ul class=\"wp-block-list\">\n<li><a href=\"https:\/\/www.gaveanews.com\/index.php\/2024\/11\/09\/a-declaracao-de-savarino-sobre-o-atletico-mg\/\">A declara\u00e7\u00e3o de Savarino sobre o Atl\u00e9tico-MG<\/a><\/li>\n\n\n\n<li><a href=\"https:\/\/www.gaveanews.com\/index.php\/2024\/11\/08\/ex-meia-do-atletico-mg-crava-campeao-da-copa-do-brasil\/\">Ex-meia do Atl\u00e9tico-MG crava campe\u00e3o da Copa do Brasil<\/a><\/li>\n<\/ul>\n\n\n\n<p>A decis\u00e3o, que ter\u00e1 um custo de R$ 1,8 milh\u00e3o, reflete o compromisso do Galo em proporcionar uma grande festa para a torcida na busca pelo segundo t\u00edtulo continental.<\/p>\n\n\n\n<h2 class=\"wp-block-heading\" id=\"h-medidas-rigorosas-para-evitar-abusos\">Medidas rigorosas para evitar abusos<\/h2>\n\n\n\n<p>A Sociedade An\u00f4nima do Futebol (SAF) do Atl\u00e9tico-MG, ao atender ao pedido das organizadas, tamb\u00e9m estabeleceu regras r\u00edgidas para o uso dos \u00f4nibus.&nbsp;<\/p>\n\n\n\n<p>Por isso, para evitar fraudes, o clube determinou que n\u00e3o haver\u00e1 cobran\u00e7a de transporte aos torcedores. Al\u00e9m disso, qualquer tentativa de venda de lugares nos ve\u00edculos ser\u00e1 punida de forma severa.&nbsp;<\/p>\n\n\n\n<p>Dessa maneira, a diretoria alvinegra busca assegurar que o apoio seja direcionado apenas aos membros das organizadas, sem brechas para irregularidades.<\/p>\n\n\n\n<h2 class=\"wp-block-heading\" id=\"h-amplo-suporte-as-torcidas-organizadas\">Amplo suporte \u00e0s torcidas organizadas<\/h2>\n\n\n\n<p>Ao todo, ser\u00e3o 23 torcidas organizadas envolvidas na viagem para Buenos Aires. Cabe ressaltar que cada grupo ser\u00e1 respons\u00e1vel pela assinatura dos contratos com as empresas de transporte, garantindo que o processo seja feito de forma transparente e organizada.<\/p>\n\n\n\n<p>Com isso, o Atl\u00e9tico-MG mostra um planejamento cuidadoso para levar sua torcida em massa ao Monumental de N\u00fa\u00f1ez, onde ser\u00e1 realizada a final. Isso porque o apoio da arquibancada ser\u00e1 essencial para empurrar o time na decis\u00e3o.<\/p>\n\n\n\n<h2 class=\"wp-block-heading\" id=\"h-ingressos-a-venda-e-expectativa-da-torcida\">Ingressos \u00e0 venda e expectativa da torcida<\/h2>\n\n\n\n<p>A expectativa para o confronto decisivo \u00e9 alta, e a torcida do Atl\u00e9tico-MG j\u00e1 garantiu cerca de 10.500 ingressos at\u00e9 o momento. A carga total para o setor exclusivo de atleticanos \u00e9 de 22 mil bilhetes, e as vendas seguem no site oficial da Conmebol.&nbsp;<\/p>\n\n\n\n<p>Os pre\u00e7os variam de R$ 290 a R$ 805. Al\u00e9m do setor destinado aos torcedores do Galo, h\u00e1 tamb\u00e9m espa\u00e7os mistos, onde estar\u00e3o presentes atleticanos e botafoguenses.<\/p>\n\n\n\n<p>Com o apoio log\u00edstico garantido e a expectativa de uma grande presen\u00e7a em Buenos Aires, o Atl\u00e9tico-MG busca escrever mais um cap\u00edtulo glorioso na sua hist\u00f3ria, contando com a for\u00e7a de sua torcida na disputa pela ta\u00e7a mais cobi\u00e7ada da Am\u00e9rica do Sul.<\/p>\n","protected":false},"excerpt":{"rendered":"<p>O Atl\u00e9tico-MG surpreendeu ao anunciar uma medida de apoio aos seus torcedores para a final da Libertadores. O clube mineiro decidiu bancar o transporte de 37 \u00f4nibus, garantindo que as torcidas organizadas tenham condi\u00e7\u00f5es de viajar at\u00e9 Buenos Aires para acompanhar o jogo contra o Botafogo, no dia 30 de novembro.&nbsp; A decis\u00e3o, que ter\u00e1 [&hellip;]<\/p>\n","protected":false},"author":24,"featured_media":171939,"comment_status":"open","ping_status":"closed","sticky":false,"template":"","format":"standard","meta":{"footnotes":""},"categories":[136,138],"tags":[],"class_list":["post-183239","post","type-post","status-publish","format-standard","has-post-thumbnail","hentry","category-atletico-mg","category-botafogo"],"yoast_head":"<!-- This site is optimized with the Yoast SEO Premium plugin v24.2 (Yoast SEO v26.9) - https:\/\/yoast.com\/product\/yoast-seo-premium-wordpress\/ -->\n<title>Atl\u00e9tico-MG toma atitude importante para a final da Copa Libertadores<\/title>\n<meta name=\"robots\" content=\"index, follow, max-snippet:-1, max-image-preview:large, max-video-preview:-1\" \/>\n<link rel=\"canonical\" href=\"https:\/\/www.gaveanews.com\/index.php\/2024\/11\/10\/atletico-mg-toma-atitude-importante-para-a-final-da-copa-libertadores\/\" \/>\n<meta property=\"og:locale\" content=\"pt_BR\" \/>\n<meta property=\"og:type\" content=\"article\" \/>\n<meta property=\"og:title\" content=\"Atl\u00e9tico-MG toma atitude importante para a final da Copa Libertadores\" \/>\n<meta property=\"og:description\" content=\"O Atl\u00e9tico-MG surpreendeu ao anunciar uma medida de apoio aos seus torcedores para a final da Libertadores. O clube mineiro decidiu bancar o transporte de 37 \u00f4nibus, garantindo que as torcidas organizadas tenham condi\u00e7\u00f5es de viajar at\u00e9 Buenos Aires para acompanhar o jogo contra o Botafogo, no dia 30 de novembro.&nbsp; A decis\u00e3o, que ter\u00e1 [&hellip;]\" \/>\n<meta property=\"og:url\" content=\"https:\/\/www.gaveanews.com\/index.php\/2024\/11\/10\/atletico-mg-toma-atitude-importante-para-a-final-da-copa-libertadores\/\" \/>\n<meta property=\"og:site_name\" content=\"G\u00e1vea News\" \/>\n<meta property=\"article:publisher\" content=\"https:\/\/facebook.com\/gaveaNews\/\" \/>\n<meta property=\"article:published_time\" content=\"2024-11-10T20:05:00+00:00\" \/>\n<meta property=\"og:image\" content=\"https:\/\/www.gaveanews.com\/wp-content\/uploads\/Hulk-Paulinho-e-Arana-comemoram-gol-do-Atletico-MG.webp\" \/>\n\t<meta property=\"og:image:width\" content=\"774\" \/>\n\t<meta property=\"og:image:height\" content=\"516\" \/>\n\t<meta property=\"og:image:type\" content=\"image\/webp\" \/>\n<meta name=\"author\" content=\"Leandro Cardoso\" \/>\n<meta name=\"twitter:card\" content=\"summary_large_image\" \/>\n<meta name=\"twitter:label1\" content=\"Escrito por\" \/>\n\t<meta name=\"twitter:data1\" content=\"Leandro Cardoso\" \/>\n\t<meta name=\"twitter:label2\" content=\"Est. tempo de leitura\" \/>\n\t<meta name=\"twitter:data2\" content=\"3 minutos\" \/>\n<script type=\"application\/ld+json\" class=\"yoast-schema-graph\">{\"@context\":\"https:\/\/schema.org\",\"@graph\":[{\"@type\":\"NewsArticle\",\"@id\":\"https:\/\/www.gaveanews.com\/index.php\/2024\/11\/10\/atletico-mg-toma-atitude-importante-para-a-final-da-copa-libertadores\/#article\",\"isPartOf\":{\"@id\":\"https:\/\/www.gaveanews.com\/index.php\/2024\/11\/10\/atletico-mg-toma-atitude-importante-para-a-final-da-copa-libertadores\/\"},\"author\":{\"name\":\"Leandro Cardoso\",\"@id\":\"https:\/\/www.gaveanews.com\/#\/schema\/person\/2424ec6409bc3f068411fc5e4e9b6168\"},\"headline\":\"Atl\u00e9tico-MG toma atitude importante para a final da Copa Libertadores\",\"datePublished\":\"2024-11-10T20:05:00+00:00\",\"mainEntityOfPage\":{\"@id\":\"https:\/\/www.gaveanews.com\/index.php\/2024\/11\/10\/atletico-mg-toma-atitude-importante-para-a-final-da-copa-libertadores\/\"},\"wordCount\":420,\"commentCount\":0,\"image\":{\"@id\":\"https:\/\/www.gaveanews.com\/index.php\/2024\/11\/10\/atletico-mg-toma-atitude-importante-para-a-final-da-copa-libertadores\/#primaryimage\"},\"thumbnailUrl\":\"https:\/\/www.gaveanews.com\/wp-content\/uploads\/Hulk-Paulinho-e-Arana-comemoram-gol-do-Atletico-MG.webp\",\"articleSection\":[\"Atl\u00e9tico-MG\",\"Botafogo\"],\"inLanguage\":\"pt-BR\",\"potentialAction\":[{\"@type\":\"CommentAction\",\"name\":\"Comment\",\"target\":[\"https:\/\/www.gaveanews.com\/index.php\/2024\/11\/10\/atletico-mg-toma-atitude-importante-para-a-final-da-copa-libertadores\/#respond\"]}],\"copyrightYear\":\"2024\",\"copyrightHolder\":{\"@id\":\"https:\/\/www.gaveanews.com\/#organization\"}},{\"@type\":\"WebPage\",\"@id\":\"https:\/\/www.gaveanews.com\/index.php\/2024\/11\/10\/atletico-mg-toma-atitude-importante-para-a-final-da-copa-libertadores\/\",\"url\":\"https:\/\/www.gaveanews.com\/index.php\/2024\/11\/10\/atletico-mg-toma-atitude-importante-para-a-final-da-copa-libertadores\/\",\"name\":\"Atl\u00e9tico-MG toma atitude importante para a final da Copa Libertadores\",\"isPartOf\":{\"@id\":\"https:\/\/www.gaveanews.com\/#website\"},\"primaryImageOfPage\":{\"@id\":\"https:\/\/www.gaveanews.com\/index.php\/2024\/11\/10\/atletico-mg-toma-atitude-importante-para-a-final-da-copa-libertadores\/#primaryimage\"},\"image\":{\"@id\":\"https:\/\/www.gaveanews.com\/index.php\/2024\/11\/10\/atletico-mg-toma-atitude-importante-para-a-final-da-copa-libertadores\/#primaryimage\"},\"thumbnailUrl\":\"https:\/\/www.gaveanews.com\/wp-content\/uploads\/Hulk-Paulinho-e-Arana-comemoram-gol-do-Atletico-MG.webp\",\"datePublished\":\"2024-11-10T20:05:00+00:00\",\"author\":{\"@id\":\"https:\/\/www.gaveanews.com\/#\/schema\/person\/2424ec6409bc3f068411fc5e4e9b6168\"},\"breadcrumb\":{\"@id\":\"https:\/\/www.gaveanews.com\/index.php\/2024\/11\/10\/atletico-mg-toma-atitude-importante-para-a-final-da-copa-libertadores\/#breadcrumb\"},\"inLanguage\":\"pt-BR\",\"potentialAction\":[{\"@type\":\"ReadAction\",\"target\":[\"https:\/\/www.gaveanews.com\/index.php\/2024\/11\/10\/atletico-mg-toma-atitude-importante-para-a-final-da-copa-libertadores\/\"]}]},{\"@type\":\"ImageObject\",\"inLanguage\":\"pt-BR\",\"@id\":\"https:\/\/www.gaveanews.com\/index.php\/2024\/11\/10\/atletico-mg-toma-atitude-importante-para-a-final-da-copa-libertadores\/#primaryimage\",\"url\":\"https:\/\/www.gaveanews.com\/wp-content\/uploads\/Hulk-Paulinho-e-Arana-comemoram-gol-do-Atletico-MG.webp\",\"contentUrl\":\"https:\/\/www.gaveanews.com\/wp-content\/uploads\/Hulk-Paulinho-e-Arana-comemoram-gol-do-Atletico-MG.webp\",\"width\":774,\"height\":516,\"caption\":\"Hulk, Paulinho e Arana comemoram gol do Atl\u00e9tico-MG (Foto: Pedro Souza\/Atl\u00e9tico-MG)\"},{\"@type\":\"BreadcrumbList\",\"@id\":\"https:\/\/www.gaveanews.com\/index.php\/2024\/11\/10\/atletico-mg-toma-atitude-importante-para-a-final-da-copa-libertadores\/#breadcrumb\",\"itemListElement\":[{\"@type\":\"ListItem\",\"position\":1,\"name\":\"Home\",\"item\":\"https:\/\/www.gaveanews.com\/\"},{\"@type\":\"ListItem\",\"position\":2,\"name\":\"Atl\u00e9tico-MG toma atitude importante para a final da Copa Libertadores\"}]},{\"@type\":\"WebSite\",\"@id\":\"https:\/\/www.gaveanews.com\/#website\",\"url\":\"https:\/\/www.gaveanews.com\/\",\"name\":\"G\u00e1vea News\",\"description\":\"Veja todas as not\u00edcias sobre o Flamengo: Contrata\u00e7\u00f5es, categorias de base, resultados das partidas, tabela de classifica\u00e7\u00e3o, pr\u00f3ximos jogos!\",\"potentialAction\":[{\"@type\":\"SearchAction\",\"target\":{\"@type\":\"EntryPoint\",\"urlTemplate\":\"https:\/\/www.gaveanews.com\/?s={search_term_string}\"},\"query-input\":{\"@type\":\"PropertyValueSpecification\",\"valueRequired\":true,\"valueName\":\"search_term_string\"}}],\"inLanguage\":\"pt-BR\"},{\"@type\":\"Person\",\"@id\":\"https:\/\/www.gaveanews.com\/#\/schema\/person\/2424ec6409bc3f068411fc5e4e9b6168\",\"name\":\"Leandro Cardoso\",\"image\":{\"@type\":\"ImageObject\",\"inLanguage\":\"pt-BR\",\"@id\":\"https:\/\/www.gaveanews.com\/#\/schema\/person\/image\/\",\"url\":\"https:\/\/secure.gravatar.com\/avatar\/8ca179f9b55eefe9f376f5493ef25475bfa59fbc28ce937f6076ce20e523098f?s=96&d=mm&r=g\",\"contentUrl\":\"https:\/\/secure.gravatar.com\/avatar\/8ca179f9b55eefe9f376f5493ef25475bfa59fbc28ce937f6076ce20e523098f?s=96&d=mm&r=g\",\"caption\":\"Leandro Cardoso\"}}]}<\/script>\n<!-- \/ Yoast SEO Premium plugin. -->","yoast_head_json":{"title":"Atl\u00e9tico-MG toma atitude importante para a final da Copa Libertadores","robots":{"index":"index","follow":"follow","max-snippet":"max-snippet:-1","max-image-preview":"max-image-preview:large","max-video-preview":"max-video-preview:-1"},"canonical":"https:\/\/www.gaveanews.com\/index.php\/2024\/11\/10\/atletico-mg-toma-atitude-importante-para-a-final-da-copa-libertadores\/","og_locale":"pt_BR","og_type":"article","og_title":"Atl\u00e9tico-MG toma atitude importante para a final da Copa Libertadores","og_description":"O Atl\u00e9tico-MG surpreendeu ao anunciar uma medida de apoio aos seus torcedores para a final da Libertadores. O clube mineiro decidiu bancar o transporte de 37 \u00f4nibus, garantindo que as torcidas organizadas tenham condi\u00e7\u00f5es de viajar at\u00e9 Buenos Aires para acompanhar o jogo contra o Botafogo, no dia 30 de novembro.&nbsp; A decis\u00e3o, que ter\u00e1 [&hellip;]","og_url":"https:\/\/www.gaveanews.com\/index.php\/2024\/11\/10\/atletico-mg-toma-atitude-importante-para-a-final-da-copa-libertadores\/","og_site_name":"G\u00e1vea News","article_publisher":"https:\/\/facebook.com\/gaveaNews\/","article_published_time":"2024-11-10T20:05:00+00:00","og_image":[{"width":774,"height":516,"url":"https:\/\/www.gaveanews.com\/wp-content\/uploads\/Hulk-Paulinho-e-Arana-comemoram-gol-do-Atletico-MG.webp","type":"image\/webp"}],"author":"Leandro Cardoso","twitter_card":"summary_large_image","twitter_misc":{"Escrito por":"Leandro Cardoso","Est. tempo de leitura":"3 minutos"},"schema":{"@context":"https:\/\/schema.org","@graph":[{"@type":"NewsArticle","@id":"https:\/\/www.gaveanews.com\/index.php\/2024\/11\/10\/atletico-mg-toma-atitude-importante-para-a-final-da-copa-libertadores\/#article","isPartOf":{"@id":"https:\/\/www.gaveanews.com\/index.php\/2024\/11\/10\/atletico-mg-toma-atitude-importante-para-a-final-da-copa-libertadores\/"},"author":{"name":"Leandro Cardoso","@id":"https:\/\/www.gaveanews.com\/#\/schema\/person\/2424ec6409bc3f068411fc5e4e9b6168"},"headline":"Atl\u00e9tico-MG toma atitude importante para a final da Copa Libertadores","datePublished":"2024-11-10T20:05:00+00:00","mainEntityOfPage":{"@id":"https:\/\/www.gaveanews.com\/index.php\/2024\/11\/10\/atletico-mg-toma-atitude-importante-para-a-final-da-copa-libertadores\/"},"wordCount":420,"commentCount":0,"image":{"@id":"https:\/\/www.gaveanews.com\/index.php\/2024\/11\/10\/atletico-mg-toma-atitude-importante-para-a-final-da-copa-libertadores\/#primaryimage"},"thumbnailUrl":"https:\/\/www.gaveanews.com\/wp-content\/uploads\/Hulk-Paulinho-e-Arana-comemoram-gol-do-Atletico-MG.webp","articleSection":["Atl\u00e9tico-MG","Botafogo"],"inLanguage":"pt-BR","potentialAction":[{"@type":"CommentAction","name":"Comment","target":["https:\/\/www.gaveanews.com\/index.php\/2024\/11\/10\/atletico-mg-toma-atitude-importante-para-a-final-da-copa-libertadores\/#respond"]}],"copyrightYear":"2024","copyrightHolder":{"@id":"https:\/\/www.gaveanews.com\/#organization"}},{"@type":"WebPage","@id":"https:\/\/www.gaveanews.com\/index.php\/2024\/11\/10\/atletico-mg-toma-atitude-importante-para-a-final-da-copa-libertadores\/","url":"https:\/\/www.gaveanews.com\/index.php\/2024\/11\/10\/atletico-mg-toma-atitude-importante-para-a-final-da-copa-libertadores\/","name":"Atl\u00e9tico-MG toma atitude importante para a final da Copa Libertadores","isPartOf":{"@id":"https:\/\/www.gaveanews.com\/#website"},"primaryImageOfPage":{"@id":"https:\/\/www.gaveanews.com\/index.php\/2024\/11\/10\/atletico-mg-toma-atitude-importante-para-a-final-da-copa-libertadores\/#primaryimage"},"image":{"@id":"https:\/\/www.gaveanews.com\/index.php\/2024\/11\/10\/atletico-mg-toma-atitude-importante-para-a-final-da-copa-libertadores\/#primaryimage"},"thumbnailUrl":"https:\/\/www.gaveanews.com\/wp-content\/uploads\/Hulk-Paulinho-e-Arana-comemoram-gol-do-Atletico-MG.webp","datePublished":"2024-11-10T20:05:00+00:00","author":{"@id":"https:\/\/www.gaveanews.com\/#\/schema\/person\/2424ec6409bc3f068411fc5e4e9b6168"},"breadcrumb":{"@id":"https:\/\/www.gaveanews.com\/index.php\/2024\/11\/10\/atletico-mg-toma-atitude-importante-para-a-final-da-copa-libertadores\/#breadcrumb"},"inLanguage":"pt-BR","potentialAction":[{"@type":"ReadAction","target":["https:\/\/www.gaveanews.com\/index.php\/2024\/11\/10\/atletico-mg-toma-atitude-importante-para-a-final-da-copa-libertadores\/"]}]},{"@type":"ImageObject","inLanguage":"pt-BR","@id":"https:\/\/www.gaveanews.com\/index.php\/2024\/11\/10\/atletico-mg-toma-atitude-importante-para-a-final-da-copa-libertadores\/#primaryimage","url":"https:\/\/www.gaveanews.com\/wp-content\/uploads\/Hulk-Paulinho-e-Arana-comemoram-gol-do-Atletico-MG.webp","contentUrl":"https:\/\/www.gaveanews.com\/wp-content\/uploads\/Hulk-Paulinho-e-Arana-comemoram-gol-do-Atletico-MG.webp","width":774,"height":516,"caption":"Hulk, Paulinho e Arana comemoram gol do Atl\u00e9tico-MG (Foto: Pedro Souza\/Atl\u00e9tico-MG)"},{"@type":"BreadcrumbList","@id":"https:\/\/www.gaveanews.com\/index.php\/2024\/11\/10\/atletico-mg-toma-atitude-importante-para-a-final-da-copa-libertadores\/#breadcrumb","itemListElement":[{"@type":"ListItem","position":1,"name":"Home","item":"https:\/\/www.gaveanews.com\/"},{"@type":"ListItem","position":2,"name":"Atl\u00e9tico-MG toma atitude importante para a final da Copa Libertadores"}]},{"@type":"WebSite","@id":"https:\/\/www.gaveanews.com\/#website","url":"https:\/\/www.gaveanews.com\/","name":"G\u00e1vea News","description":"Veja todas as not\u00edcias sobre o Flamengo: Contrata\u00e7\u00f5es, categorias de base, resultados das partidas, tabela de classifica\u00e7\u00e3o, pr\u00f3ximos jogos!","potentialAction":[{"@type":"SearchAction","target":{"@type":"EntryPoint","urlTemplate":"https:\/\/www.gaveanews.com\/?s={search_term_string}"},"query-input":{"@type":"PropertyValueSpecification","valueRequired":true,"valueName":"search_term_string"}}],"inLanguage":"pt-BR"},{"@type":"Person","@id":"https:\/\/www.gaveanews.com\/#\/schema\/person\/2424ec6409bc3f068411fc5e4e9b6168","name":"Leandro Cardoso","image":{"@type":"ImageObject","inLanguage":"pt-BR","@id":"https:\/\/www.gaveanews.com\/#\/schema\/person\/image\/","url":"https:\/\/secure.gravatar.com\/avatar\/8ca179f9b55eefe9f376f5493ef25475bfa59fbc28ce937f6076ce20e523098f?s=96&d=mm&r=g","contentUrl":"https:\/\/secure.gravatar.com\/avatar\/8ca179f9b55eefe9f376f5493ef25475bfa59fbc28ce937f6076ce20e523098f?s=96&d=mm&r=g","caption":"Leandro Cardoso"}}]}},"_links":{"self":[{"href":"https:\/\/www.gaveanews.com\/index.php\/wp-json\/wp\/v2\/posts\/183239","targetHints":{"allow":["GET"]}}],"collection":[{"href":"https:\/\/www.gaveanews.com\/index.php\/wp-json\/wp\/v2\/posts"}],"about":[{"href":"https:\/\/www.gaveanews.com\/index.php\/wp-json\/wp\/v2\/types\/post"}],"author":[{"embeddable":true,"href":"https:\/\/www.gaveanews.com\/index.php\/wp-json\/wp\/v2\/users\/24"}],"replies":[{"embeddable":true,"href":"https:\/\/www.gaveanews.com\/index.php\/wp-json\/wp\/v2\/comments?post=183239"}],"version-history":[{"count":1,"href":"https:\/\/www.gaveanews.com\/index.php\/wp-json\/wp\/v2\/posts\/183239\/revisions"}],"predecessor-version":[{"id":183241,"href":"https:\/\/www.gaveanews.com\/index.php\/wp-json\/wp\/v2\/posts\/183239\/revisions\/183241"}],"wp:featuredmedia":[{"embeddable":true,"href":"https:\/\/www.gaveanews.com\/index.php\/wp-json\/wp\/v2\/media\/171939"}],"wp:attachment":[{"href":"https:\/\/www.gaveanews.com\/index.php\/wp-json\/wp\/v2\/media?parent=183239"}],"wp:term":[{"taxonomy":"category","embeddable":true,"href":"https:\/\/www.gaveanews.com\/index.php\/wp-json\/wp\/v2\/categories?post=183239"},{"taxonomy":"post_tag","embeddable":true,"href":"https:\/\/www.gaveanews.com\/index.php\/wp-json\/wp\/v2\/tags?post=183239"}],"curies":[{"name":"wp","href":"https:\/\/api.w.org\/{rel}","templated":true}]}}