{"id":183341,"date":"2024-11-10T18:05:00","date_gmt":"2024-11-10T21:05:00","guid":{"rendered":"https:\/\/www.gaveanews.com\/?p=183341"},"modified":"2024-11-10T13:21:05","modified_gmt":"2024-11-10T16:21:05","slug":"probabilidade-de-ser-campeao-times-classificados-para-a-libertadores-e-futuro-de-abel-ferreira-as-ultimas-noticias-do-palmeiras","status":"publish","type":"post","link":"https:\/\/www.gaveanews.com\/index.php\/2024\/11\/10\/probabilidade-de-ser-campeao-times-classificados-para-a-libertadores-e-futuro-de-abel-ferreira-as-ultimas-noticias-do-palmeiras\/","title":{"rendered":"Probabilidade de ser campe\u00e3o, times classificados para a Libertadores e futuro de Abel Ferreira: as \u00faltimas not\u00edcias do Palmeiras"},"content":{"rendered":"\n<p>Nas \u00faltimas horas, o foco das not\u00edcias sobre o Palmeiras se concentram nos bastidores do clube, com destaques como os times classificados para a Libertadores e futuro de Abel Ferreira.<\/p>\n\n\n\n<p>Por conta deste contexto, leia abaixo um resumo preparado pela equipe do portal G\u00e1vea News para lhe manter muito bem informado!<\/p>\n\n\n\n<h2 class=\"wp-block-heading\" id=\"h-futuro-de-abel-ferreira\">Futuro de Abel Ferreira<\/h2>\n\n\n\n<p>Abel Ferreira enfrenta seu ano mais dif\u00edcil desde que chegou ao Palmeiras, com elimina\u00e7\u00f5es precoces na Libertadores e na Copa do Brasil, al\u00e9m de uma situa\u00e7\u00e3o complicada no Brasileir\u00e3o, onde o Botafogo lidera com seis pontos de vantagem. Apesar disso, Abel mant\u00e9m uma boa rela\u00e7\u00e3o com a presidente Leila Pereira e o diretor de futebol Anderson Barros, o que indica uma prov\u00e1vel renova\u00e7\u00e3o de contrato, especialmente ap\u00f3s a reelei\u00e7\u00e3o de Leila, que pretende manter o treinador portugu\u00eas at\u00e9 o final de seu mandato. <strong><a href=\"https:\/\/www.gaveanews.com\/index.php\/2024\/11\/08\/pior-temporada-de-abel-ferreira-no-palmeiras-vai-afetar-o-seu-futuro\/\">(leia a mat\u00e9ria completa)<\/a><\/strong><\/p>\n\n\n\n<figure class=\"wp-block-image size-large\"><img loading=\"lazy\" decoding=\"async\" width=\"921\" height=\"1024\" src=\"https:\/\/www.gaveanews.com\/wp-content\/uploads\/Abel-Ferreira-e-fotografado-durante-um-jogo-do-Palmeiras-no-Allianz-921x1024.webp\" alt=\"\" class=\"wp-image-157843\" srcset=\"https:\/\/www.gaveanews.com\/wp-content\/uploads\/Abel-Ferreira-e-fotografado-durante-um-jogo-do-Palmeiras-no-Allianz-921x1024.webp 921w, https:\/\/www.gaveanews.com\/wp-content\/uploads\/Abel-Ferreira-e-fotografado-durante-um-jogo-do-Palmeiras-no-Allianz-270x300.webp 270w, https:\/\/www.gaveanews.com\/wp-content\/uploads\/Abel-Ferreira-e-fotografado-durante-um-jogo-do-Palmeiras-no-Allianz-768x854.webp 768w, https:\/\/www.gaveanews.com\/wp-content\/uploads\/Abel-Ferreira-e-fotografado-durante-um-jogo-do-Palmeiras-no-Allianz-378x420.webp 378w, https:\/\/www.gaveanews.com\/wp-content\/uploads\/Abel-Ferreira-e-fotografado-durante-um-jogo-do-Palmeiras-no-Allianz-755x840.webp 755w, https:\/\/www.gaveanews.com\/wp-content\/uploads\/Abel-Ferreira-e-fotografado-durante-um-jogo-do-Palmeiras-no-Allianz-640x712.webp 640w, https:\/\/www.gaveanews.com\/wp-content\/uploads\/Abel-Ferreira-e-fotografado-durante-um-jogo-do-Palmeiras-no-Allianz-1280x1423.webp 1280w, https:\/\/www.gaveanews.com\/wp-content\/uploads\/Abel-Ferreira-e-fotografado-durante-um-jogo-do-Palmeiras-no-Allianz-681x757.webp 681w, https:\/\/www.gaveanews.com\/wp-content\/uploads\/Abel-Ferreira-e-fotografado-durante-um-jogo-do-Palmeiras-no-Allianz-100x111.webp 100w, https:\/\/www.gaveanews.com\/wp-content\/uploads\/Abel-Ferreira-e-fotografado-durante-um-jogo-do-Palmeiras-no-Allianz.webp 1349w\" sizes=\"auto, (max-width: 921px) 100vw, 921px\" \/><figcaption class=\"wp-element-caption\">Abel Ferreira \u00e9 fotografado durante um jogo do Palmeiras no Allianz (Foto: Cesar Greco\/Palmeiras)<\/figcaption><\/figure>\n\n\n\n<p>Em 2024, o Palmeiras conquistou apenas o Campeonato Paulista, um t\u00edtulo que, embora valioso, fica aqu\u00e9m das expectativas e investimentos do clube. A derrota para o Corinthians por 2 a 0, enquanto o Botafogo venceu o Vasco por 3 a 0, aumentou ainda mais a press\u00e3o, deixando o Palmeiras com 61 pontos, em desvantagem em rela\u00e7\u00e3o ao l\u00edder, que soma 67 pontos. Mesmo diante das cr\u00edticas, Abel n\u00e3o demonstra inten\u00e7\u00e3o de deixar o clube, e o planejamento para a temporada seguinte j\u00e1 est\u00e1 em curso.<\/p>\n\n\n\n<p>A continuidade de Abel Ferreira \u00e0 frente do Palmeiras representa a confian\u00e7a da diretoria em seu trabalho e uma aposta na estabilidade a longo prazo. A expectativa \u00e9 que, com ajustes e novos investimentos, o treinador possa retomar o ritmo vencedor das temporadas anteriores e reconquistar a confian\u00e7a da torcida para desafios maiores em 2025.<\/p>\n\n\n\n<h2 class=\"wp-block-heading\" id=\"h-times-classificados-para-a-libertadores\">Times classificados para a Libertadores<\/h2>\n\n\n\n<p>Para a Copa Libertadores de 2025, alguns clubes j\u00e1 garantiram sua vaga com destaque para o Botafogo, que assegurou a classifica\u00e7\u00e3o com seis rodadas de anteced\u00eancia ao vencer o Vasco por 3 a 0. O feito reafirma o \u00f3timo momento da equipe na temporada. Entre outros classificados est\u00e3o clubes de peso no cen\u00e1rio sul-americano, como Estudiantes (Argentina), Pe\u00f1arol e Nacional (Uruguai), al\u00e9m de representantes do Chile, Col\u00f4mbia, Equador, Paraguai, e Peru, incluindo Universidad de Chile, Colo-Colo e Independiente Del Valle.<strong><a href=\"https:\/\/www.gaveanews.com\/index.php\/2024\/11\/08\/os-times-que-ja-estao-classificados-para-a-copa-libertadores-de-2025\/\"> (leia a mat\u00e9ria completa)<\/a><\/strong><\/p>\n\n\n\n<figure class=\"wp-block-image size-large\"><img loading=\"lazy\" decoding=\"async\" width=\"1024\" height=\"640\" src=\"https:\/\/www.gaveanews.com\/wp-content\/uploads\/01gx90cs775egcrqn617-1-aspect-ratio-512-320-1024x640.webp\" alt=\"\" class=\"wp-image-161999\" srcset=\"https:\/\/www.gaveanews.com\/wp-content\/uploads\/01gx90cs775egcrqn617-1-aspect-ratio-512-320-1024x640.webp 1024w, https:\/\/www.gaveanews.com\/wp-content\/uploads\/01gx90cs775egcrqn617-1-aspect-ratio-512-320-300x188.webp 300w, https:\/\/www.gaveanews.com\/wp-content\/uploads\/01gx90cs775egcrqn617-1-aspect-ratio-512-320-768x480.webp 768w, https:\/\/www.gaveanews.com\/wp-content\/uploads\/01gx90cs775egcrqn617-1-aspect-ratio-512-320-672x420.webp 672w, https:\/\/www.gaveanews.com\/wp-content\/uploads\/01gx90cs775egcrqn617-1-aspect-ratio-512-320-640x400.webp 640w, https:\/\/www.gaveanews.com\/wp-content\/uploads\/01gx90cs775egcrqn617-1-aspect-ratio-512-320-681x426.webp 681w, https:\/\/www.gaveanews.com\/wp-content\/uploads\/01gx90cs775egcrqn617-1-aspect-ratio-512-320-100x63.webp 100w, https:\/\/www.gaveanews.com\/wp-content\/uploads\/01gx90cs775egcrqn617-1-aspect-ratio-512-320.webp 1080w\" sizes=\"auto, (max-width: 1024px) 100vw, 1024px\" \/><figcaption class=\"wp-element-caption\">Ta\u00e7a da Libertadores. (Foto: Divulga\u00e7\u00e3o)\n<\/figcaption><\/figure>\n\n\n\n<p>O calend\u00e1rio oficial da Libertadores de 2025 come\u00e7ar\u00e1 com as fases preliminares em fevereiro. Em mar\u00e7o, ocorre o sorteio da fase de grupos, que ter\u00e1 in\u00edcio em abril e se estender\u00e1 at\u00e9 maio. <\/p>\n\n\n\n<p>As fases de mata-mata come\u00e7ar\u00e3o em agosto, avan\u00e7ando at\u00e9 a grande final, marcada para o dia 29 de novembro. Esse cronograma exige uma prepara\u00e7\u00e3o intensa dos times desde as primeiras etapas.<\/p>\n\n\n\n<p>A diversidade de clubes promete uma competi\u00e7\u00e3o disputada com grandes expectativas, pois re\u00fane alguns dos times mais tradicionais do continente. A Conmebol finalizou a lista dos clubes j\u00e1 confirmados, mantendo a expectativa de que mais equipes garantam suas vagas nos campeonatos nacionais em andamento at\u00e9 o fim de 2024.<\/p>\n\n\n\n<h2 class=\"wp-block-heading\" id=\"h-probabilidade-de-ser-campeao\">Probabilidade de ser campe\u00e3o<\/h2>\n\n\n\n<p>Ap\u00f3s a 32\u00aa rodada do Campeonato Brasileiro, as chances de t\u00edtulo do Palmeiras diminu\u00edram consideravelmente devido \u00e0 derrota no cl\u00e1ssico contra o Corinthians. Agora, o Palmeiras possui apenas 10,6% de probabilidade de ser campe\u00e3o, uma queda significativa em rela\u00e7\u00e3o aos 27,8% anteriores. Em contraste, o Botafogo, que venceu o Vasco, viu suas chances aumentarem para 85,3%, consolidando-se como o principal favorito ao t\u00edtulo. <strong><a href=\"https:\/\/www.gaveanews.com\/index.php\/2024\/11\/08\/a-probabilidade-do-palmeiras-ser-campeao-do-brasileirao-2\/\">(leia a mat\u00e9ria completa)<\/a><\/strong><\/p>\n\n\n\n<figure class=\"wp-block-image size-full\"><img loading=\"lazy\" decoding=\"async\" width=\"690\" height=\"470\" src=\"https:\/\/www.gaveanews.com\/wp-content\/uploads\/taca-brasileiro-.webp\" alt=\"\" class=\"wp-image-114117\" srcset=\"https:\/\/www.gaveanews.com\/wp-content\/uploads\/taca-brasileiro-.webp 690w, https:\/\/www.gaveanews.com\/wp-content\/uploads\/taca-brasileiro--300x204.webp 300w, https:\/\/www.gaveanews.com\/wp-content\/uploads\/taca-brasileiro--617x420.webp 617w, https:\/\/www.gaveanews.com\/wp-content\/uploads\/taca-brasileiro--640x436.webp 640w, https:\/\/www.gaveanews.com\/wp-content\/uploads\/taca-brasileiro--681x464.webp 681w, https:\/\/www.gaveanews.com\/wp-content\/uploads\/taca-brasileiro--100x68.webp 100w\" sizes=\"auto, (max-width: 690px) 100vw, 690px\" \/><\/figure>\n\n\n\n<p>O desempenho dos demais clubes tamb\u00e9m sofreu impacto, com o Fortaleza subindo para 3,6% de chances de t\u00edtulo, enquanto equipes como Flamengo e Internacional viram suas probabilidades diminu\u00edrem ainda mais, para 0,25% e 0,22%, respectivamente. Esses percentuais podem sofrer novas altera\u00e7\u00f5es com os resultados das rodadas seguintes, especialmente se o Flamengo vencer o Cruzeiro.<\/p>\n\n\n\n<p>Na zona de rebaixamento, a vit\u00f3ria do Corinthians sobre o Palmeiras melhorou suas chances de permanecer na S\u00e9rie A, reduzindo a probabilidade de queda para 6,5%. Outros clubes como Atl\u00e9tico-GO e Cuiab\u00e1 seguem com as maiores chances de rebaixamento, com 99,93% e 98,1%, respectivamente.<\/p>\n","protected":false},"excerpt":{"rendered":"<p>Nas \u00faltimas horas, o foco das not\u00edcias sobre o Palmeiras se concentram nos bastidores do clube, com destaques como os times classificados para a Libertadores e futuro de Abel Ferreira. Por conta deste contexto, leia abaixo um resumo preparado pela equipe do portal G\u00e1vea News para lhe manter muito bem informado! Futuro de Abel Ferreira [&hellip;]<\/p>\n","protected":false},"author":27,"featured_media":155182,"comment_status":"open","ping_status":"closed","sticky":false,"template":"","format":"standard","meta":{"footnotes":""},"categories":[150],"tags":[],"class_list":["post-183341","post","type-post","status-publish","format-standard","has-post-thumbnail","hentry","category-palmeiras"],"yoast_head":"<!-- This site is optimized with the Yoast SEO Premium plugin v24.2 (Yoast SEO v26.9) - https:\/\/yoast.com\/product\/yoast-seo-premium-wordpress\/ -->\n<title>Probabilidade de ser campe\u00e3o, times classificados para a Libertadores e futuro de Abel Ferreira: as \u00faltimas not\u00edcias do Palmeiras<\/title>\n<meta name=\"robots\" content=\"index, follow, max-snippet:-1, max-image-preview:large, max-video-preview:-1\" \/>\n<link rel=\"canonical\" href=\"https:\/\/www.gaveanews.com\/index.php\/2024\/11\/10\/probabilidade-de-ser-campeao-times-classificados-para-a-libertadores-e-futuro-de-abel-ferreira-as-ultimas-noticias-do-palmeiras\/\" \/>\n<meta property=\"og:locale\" content=\"pt_BR\" \/>\n<meta property=\"og:type\" content=\"article\" \/>\n<meta property=\"og:title\" content=\"Probabilidade de ser campe\u00e3o, times classificados para a Libertadores e futuro de Abel Ferreira: as \u00faltimas not\u00edcias do Palmeiras\" \/>\n<meta property=\"og:description\" content=\"Nas \u00faltimas horas, o foco das not\u00edcias sobre o Palmeiras se concentram nos bastidores do clube, com destaques como os times classificados para a Libertadores e futuro de Abel Ferreira. Por conta deste contexto, leia abaixo um resumo preparado pela equipe do portal G\u00e1vea News para lhe manter muito bem informado! Futuro de Abel Ferreira [&hellip;]\" \/>\n<meta property=\"og:url\" content=\"https:\/\/www.gaveanews.com\/index.php\/2024\/11\/10\/probabilidade-de-ser-campeao-times-classificados-para-a-libertadores-e-futuro-de-abel-ferreira-as-ultimas-noticias-do-palmeiras\/\" \/>\n<meta property=\"og:site_name\" content=\"G\u00e1vea News\" \/>\n<meta property=\"article:publisher\" content=\"https:\/\/facebook.com\/gaveaNews\/\" \/>\n<meta property=\"article:published_time\" content=\"2024-11-10T21:05:00+00:00\" \/>\n<meta property=\"og:image\" content=\"https:\/\/www.gaveanews.com\/wp-content\/uploads\/Allianz-Parque-estadio-do-Palmeiras.webp\" \/>\n\t<meta property=\"og:image:width\" content=\"1023\" \/>\n\t<meta property=\"og:image:height\" content=\"767\" \/>\n\t<meta property=\"og:image:type\" content=\"image\/webp\" \/>\n<meta name=\"author\" content=\"Matheus Felipe\" \/>\n<meta name=\"twitter:card\" content=\"summary_large_image\" \/>\n<meta name=\"twitter:label1\" content=\"Escrito por\" \/>\n\t<meta name=\"twitter:data1\" content=\"Matheus Felipe\" \/>\n\t<meta name=\"twitter:label2\" content=\"Est. tempo de leitura\" \/>\n\t<meta name=\"twitter:data2\" content=\"5 minutos\" \/>\n<script type=\"application\/ld+json\" class=\"yoast-schema-graph\">{\"@context\":\"https:\/\/schema.org\",\"@graph\":[{\"@type\":\"NewsArticle\",\"@id\":\"https:\/\/www.gaveanews.com\/index.php\/2024\/11\/10\/probabilidade-de-ser-campeao-times-classificados-para-a-libertadores-e-futuro-de-abel-ferreira-as-ultimas-noticias-do-palmeiras\/#article\",\"isPartOf\":{\"@id\":\"https:\/\/www.gaveanews.com\/index.php\/2024\/11\/10\/probabilidade-de-ser-campeao-times-classificados-para-a-libertadores-e-futuro-de-abel-ferreira-as-ultimas-noticias-do-palmeiras\/\"},\"author\":{\"name\":\"Matheus Felipe\",\"@id\":\"https:\/\/www.gaveanews.com\/#\/schema\/person\/8207cd4627f56151707418bfc835b2fb\"},\"headline\":\"Probabilidade de ser campe\u00e3o, times classificados para a Libertadores e futuro de Abel Ferreira: as \u00faltimas not\u00edcias do Palmeiras\",\"datePublished\":\"2024-11-10T21:05:00+00:00\",\"mainEntityOfPage\":{\"@id\":\"https:\/\/www.gaveanews.com\/index.php\/2024\/11\/10\/probabilidade-de-ser-campeao-times-classificados-para-a-libertadores-e-futuro-de-abel-ferreira-as-ultimas-noticias-do-palmeiras\/\"},\"wordCount\":727,\"commentCount\":0,\"image\":{\"@id\":\"https:\/\/www.gaveanews.com\/index.php\/2024\/11\/10\/probabilidade-de-ser-campeao-times-classificados-para-a-libertadores-e-futuro-de-abel-ferreira-as-ultimas-noticias-do-palmeiras\/#primaryimage\"},\"thumbnailUrl\":\"https:\/\/www.gaveanews.com\/wp-content\/uploads\/Allianz-Parque-estadio-do-Palmeiras.webp\",\"articleSection\":[\"Palmeiras\"],\"inLanguage\":\"pt-BR\",\"potentialAction\":[{\"@type\":\"CommentAction\",\"name\":\"Comment\",\"target\":[\"https:\/\/www.gaveanews.com\/index.php\/2024\/11\/10\/probabilidade-de-ser-campeao-times-classificados-para-a-libertadores-e-futuro-de-abel-ferreira-as-ultimas-noticias-do-palmeiras\/#respond\"]}],\"copyrightYear\":\"2024\",\"copyrightHolder\":{\"@id\":\"https:\/\/www.gaveanews.com\/#organization\"}},{\"@type\":\"WebPage\",\"@id\":\"https:\/\/www.gaveanews.com\/index.php\/2024\/11\/10\/probabilidade-de-ser-campeao-times-classificados-para-a-libertadores-e-futuro-de-abel-ferreira-as-ultimas-noticias-do-palmeiras\/\",\"url\":\"https:\/\/www.gaveanews.com\/index.php\/2024\/11\/10\/probabilidade-de-ser-campeao-times-classificados-para-a-libertadores-e-futuro-de-abel-ferreira-as-ultimas-noticias-do-palmeiras\/\",\"name\":\"Probabilidade de ser campe\u00e3o, times classificados para a Libertadores e futuro de Abel Ferreira: as \u00faltimas not\u00edcias do Palmeiras\",\"isPartOf\":{\"@id\":\"https:\/\/www.gaveanews.com\/#website\"},\"primaryImageOfPage\":{\"@id\":\"https:\/\/www.gaveanews.com\/index.php\/2024\/11\/10\/probabilidade-de-ser-campeao-times-classificados-para-a-libertadores-e-futuro-de-abel-ferreira-as-ultimas-noticias-do-palmeiras\/#primaryimage\"},\"image\":{\"@id\":\"https:\/\/www.gaveanews.com\/index.php\/2024\/11\/10\/probabilidade-de-ser-campeao-times-classificados-para-a-libertadores-e-futuro-de-abel-ferreira-as-ultimas-noticias-do-palmeiras\/#primaryimage\"},\"thumbnailUrl\":\"https:\/\/www.gaveanews.com\/wp-content\/uploads\/Allianz-Parque-estadio-do-Palmeiras.webp\",\"datePublished\":\"2024-11-10T21:05:00+00:00\",\"author\":{\"@id\":\"https:\/\/www.gaveanews.com\/#\/schema\/person\/8207cd4627f56151707418bfc835b2fb\"},\"breadcrumb\":{\"@id\":\"https:\/\/www.gaveanews.com\/index.php\/2024\/11\/10\/probabilidade-de-ser-campeao-times-classificados-para-a-libertadores-e-futuro-de-abel-ferreira-as-ultimas-noticias-do-palmeiras\/#breadcrumb\"},\"inLanguage\":\"pt-BR\",\"potentialAction\":[{\"@type\":\"ReadAction\",\"target\":[\"https:\/\/www.gaveanews.com\/index.php\/2024\/11\/10\/probabilidade-de-ser-campeao-times-classificados-para-a-libertadores-e-futuro-de-abel-ferreira-as-ultimas-noticias-do-palmeiras\/\"]}]},{\"@type\":\"ImageObject\",\"inLanguage\":\"pt-BR\",\"@id\":\"https:\/\/www.gaveanews.com\/index.php\/2024\/11\/10\/probabilidade-de-ser-campeao-times-classificados-para-a-libertadores-e-futuro-de-abel-ferreira-as-ultimas-noticias-do-palmeiras\/#primaryimage\",\"url\":\"https:\/\/www.gaveanews.com\/wp-content\/uploads\/Allianz-Parque-estadio-do-Palmeiras.webp\",\"contentUrl\":\"https:\/\/www.gaveanews.com\/wp-content\/uploads\/Allianz-Parque-estadio-do-Palmeiras.webp\",\"width\":1023,\"height\":767,\"caption\":\"Allianz Parque, est\u00e1dio do Palmeiras (Foto: Reprodu\u00e7\u00e3o\/Palmeiras)\"},{\"@type\":\"BreadcrumbList\",\"@id\":\"https:\/\/www.gaveanews.com\/index.php\/2024\/11\/10\/probabilidade-de-ser-campeao-times-classificados-para-a-libertadores-e-futuro-de-abel-ferreira-as-ultimas-noticias-do-palmeiras\/#breadcrumb\",\"itemListElement\":[{\"@type\":\"ListItem\",\"position\":1,\"name\":\"Home\",\"item\":\"https:\/\/www.gaveanews.com\/\"},{\"@type\":\"ListItem\",\"position\":2,\"name\":\"Probabilidade de ser campe\u00e3o, times classificados para a Libertadores e futuro de Abel Ferreira: as \u00faltimas not\u00edcias do Palmeiras\"}]},{\"@type\":\"WebSite\",\"@id\":\"https:\/\/www.gaveanews.com\/#website\",\"url\":\"https:\/\/www.gaveanews.com\/\",\"name\":\"G\u00e1vea News\",\"description\":\"Veja todas as not\u00edcias sobre o Flamengo: Contrata\u00e7\u00f5es, categorias de base, resultados das partidas, tabela de classifica\u00e7\u00e3o, pr\u00f3ximos jogos!\",\"potentialAction\":[{\"@type\":\"SearchAction\",\"target\":{\"@type\":\"EntryPoint\",\"urlTemplate\":\"https:\/\/www.gaveanews.com\/?s={search_term_string}\"},\"query-input\":{\"@type\":\"PropertyValueSpecification\",\"valueRequired\":true,\"valueName\":\"search_term_string\"}}],\"inLanguage\":\"pt-BR\"},{\"@type\":\"Person\",\"@id\":\"https:\/\/www.gaveanews.com\/#\/schema\/person\/8207cd4627f56151707418bfc835b2fb\",\"name\":\"Matheus Felipe\",\"image\":{\"@type\":\"ImageObject\",\"inLanguage\":\"pt-BR\",\"@id\":\"https:\/\/www.gaveanews.com\/#\/schema\/person\/image\/\",\"url\":\"https:\/\/secure.gravatar.com\/avatar\/a452ffbed9130f726358b298bb3a99ce4bd3c5338411f8440e87e14d74c7c087?s=96&d=mm&r=g\",\"contentUrl\":\"https:\/\/secure.gravatar.com\/avatar\/a452ffbed9130f726358b298bb3a99ce4bd3c5338411f8440e87e14d74c7c087?s=96&d=mm&r=g\",\"caption\":\"Matheus Felipe\"}}]}<\/script>\n<!-- \/ Yoast SEO Premium plugin. -->","yoast_head_json":{"title":"Probabilidade de ser campe\u00e3o, times classificados para a Libertadores e futuro de Abel Ferreira: as \u00faltimas not\u00edcias do Palmeiras","robots":{"index":"index","follow":"follow","max-snippet":"max-snippet:-1","max-image-preview":"max-image-preview:large","max-video-preview":"max-video-preview:-1"},"canonical":"https:\/\/www.gaveanews.com\/index.php\/2024\/11\/10\/probabilidade-de-ser-campeao-times-classificados-para-a-libertadores-e-futuro-de-abel-ferreira-as-ultimas-noticias-do-palmeiras\/","og_locale":"pt_BR","og_type":"article","og_title":"Probabilidade de ser campe\u00e3o, times classificados para a Libertadores e futuro de Abel Ferreira: as \u00faltimas not\u00edcias do Palmeiras","og_description":"Nas \u00faltimas horas, o foco das not\u00edcias sobre o Palmeiras se concentram nos bastidores do clube, com destaques como os times classificados para a Libertadores e futuro de Abel Ferreira. Por conta deste contexto, leia abaixo um resumo preparado pela equipe do portal G\u00e1vea News para lhe manter muito bem informado! Futuro de Abel Ferreira [&hellip;]","og_url":"https:\/\/www.gaveanews.com\/index.php\/2024\/11\/10\/probabilidade-de-ser-campeao-times-classificados-para-a-libertadores-e-futuro-de-abel-ferreira-as-ultimas-noticias-do-palmeiras\/","og_site_name":"G\u00e1vea News","article_publisher":"https:\/\/facebook.com\/gaveaNews\/","article_published_time":"2024-11-10T21:05:00+00:00","og_image":[{"width":1023,"height":767,"url":"https:\/\/www.gaveanews.com\/wp-content\/uploads\/Allianz-Parque-estadio-do-Palmeiras.webp","type":"image\/webp"}],"author":"Matheus Felipe","twitter_card":"summary_large_image","twitter_misc":{"Escrito por":"Matheus Felipe","Est. tempo de leitura":"5 minutos"},"schema":{"@context":"https:\/\/schema.org","@graph":[{"@type":"NewsArticle","@id":"https:\/\/www.gaveanews.com\/index.php\/2024\/11\/10\/probabilidade-de-ser-campeao-times-classificados-para-a-libertadores-e-futuro-de-abel-ferreira-as-ultimas-noticias-do-palmeiras\/#article","isPartOf":{"@id":"https:\/\/www.gaveanews.com\/index.php\/2024\/11\/10\/probabilidade-de-ser-campeao-times-classificados-para-a-libertadores-e-futuro-de-abel-ferreira-as-ultimas-noticias-do-palmeiras\/"},"author":{"name":"Matheus Felipe","@id":"https:\/\/www.gaveanews.com\/#\/schema\/person\/8207cd4627f56151707418bfc835b2fb"},"headline":"Probabilidade de ser campe\u00e3o, times classificados para a Libertadores e futuro de Abel Ferreira: as \u00faltimas not\u00edcias do Palmeiras","datePublished":"2024-11-10T21:05:00+00:00","mainEntityOfPage":{"@id":"https:\/\/www.gaveanews.com\/index.php\/2024\/11\/10\/probabilidade-de-ser-campeao-times-classificados-para-a-libertadores-e-futuro-de-abel-ferreira-as-ultimas-noticias-do-palmeiras\/"},"wordCount":727,"commentCount":0,"image":{"@id":"https:\/\/www.gaveanews.com\/index.php\/2024\/11\/10\/probabilidade-de-ser-campeao-times-classificados-para-a-libertadores-e-futuro-de-abel-ferreira-as-ultimas-noticias-do-palmeiras\/#primaryimage"},"thumbnailUrl":"https:\/\/www.gaveanews.com\/wp-content\/uploads\/Allianz-Parque-estadio-do-Palmeiras.webp","articleSection":["Palmeiras"],"inLanguage":"pt-BR","potentialAction":[{"@type":"CommentAction","name":"Comment","target":["https:\/\/www.gaveanews.com\/index.php\/2024\/11\/10\/probabilidade-de-ser-campeao-times-classificados-para-a-libertadores-e-futuro-de-abel-ferreira-as-ultimas-noticias-do-palmeiras\/#respond"]}],"copyrightYear":"2024","copyrightHolder":{"@id":"https:\/\/www.gaveanews.com\/#organization"}},{"@type":"WebPage","@id":"https:\/\/www.gaveanews.com\/index.php\/2024\/11\/10\/probabilidade-de-ser-campeao-times-classificados-para-a-libertadores-e-futuro-de-abel-ferreira-as-ultimas-noticias-do-palmeiras\/","url":"https:\/\/www.gaveanews.com\/index.php\/2024\/11\/10\/probabilidade-de-ser-campeao-times-classificados-para-a-libertadores-e-futuro-de-abel-ferreira-as-ultimas-noticias-do-palmeiras\/","name":"Probabilidade de ser campe\u00e3o, times classificados para a Libertadores e futuro de Abel Ferreira: as \u00faltimas not\u00edcias do Palmeiras","isPartOf":{"@id":"https:\/\/www.gaveanews.com\/#website"},"primaryImageOfPage":{"@id":"https:\/\/www.gaveanews.com\/index.php\/2024\/11\/10\/probabilidade-de-ser-campeao-times-classificados-para-a-libertadores-e-futuro-de-abel-ferreira-as-ultimas-noticias-do-palmeiras\/#primaryimage"},"image":{"@id":"https:\/\/www.gaveanews.com\/index.php\/2024\/11\/10\/probabilidade-de-ser-campeao-times-classificados-para-a-libertadores-e-futuro-de-abel-ferreira-as-ultimas-noticias-do-palmeiras\/#primaryimage"},"thumbnailUrl":"https:\/\/www.gaveanews.com\/wp-content\/uploads\/Allianz-Parque-estadio-do-Palmeiras.webp","datePublished":"2024-11-10T21:05:00+00:00","author":{"@id":"https:\/\/www.gaveanews.com\/#\/schema\/person\/8207cd4627f56151707418bfc835b2fb"},"breadcrumb":{"@id":"https:\/\/www.gaveanews.com\/index.php\/2024\/11\/10\/probabilidade-de-ser-campeao-times-classificados-para-a-libertadores-e-futuro-de-abel-ferreira-as-ultimas-noticias-do-palmeiras\/#breadcrumb"},"inLanguage":"pt-BR","potentialAction":[{"@type":"ReadAction","target":["https:\/\/www.gaveanews.com\/index.php\/2024\/11\/10\/probabilidade-de-ser-campeao-times-classificados-para-a-libertadores-e-futuro-de-abel-ferreira-as-ultimas-noticias-do-palmeiras\/"]}]},{"@type":"ImageObject","inLanguage":"pt-BR","@id":"https:\/\/www.gaveanews.com\/index.php\/2024\/11\/10\/probabilidade-de-ser-campeao-times-classificados-para-a-libertadores-e-futuro-de-abel-ferreira-as-ultimas-noticias-do-palmeiras\/#primaryimage","url":"https:\/\/www.gaveanews.com\/wp-content\/uploads\/Allianz-Parque-estadio-do-Palmeiras.webp","contentUrl":"https:\/\/www.gaveanews.com\/wp-content\/uploads\/Allianz-Parque-estadio-do-Palmeiras.webp","width":1023,"height":767,"caption":"Allianz Parque, est\u00e1dio do Palmeiras (Foto: Reprodu\u00e7\u00e3o\/Palmeiras)"},{"@type":"BreadcrumbList","@id":"https:\/\/www.gaveanews.com\/index.php\/2024\/11\/10\/probabilidade-de-ser-campeao-times-classificados-para-a-libertadores-e-futuro-de-abel-ferreira-as-ultimas-noticias-do-palmeiras\/#breadcrumb","itemListElement":[{"@type":"ListItem","position":1,"name":"Home","item":"https:\/\/www.gaveanews.com\/"},{"@type":"ListItem","position":2,"name":"Probabilidade de ser campe\u00e3o, times classificados para a Libertadores e futuro de Abel Ferreira: as \u00faltimas not\u00edcias do Palmeiras"}]},{"@type":"WebSite","@id":"https:\/\/www.gaveanews.com\/#website","url":"https:\/\/www.gaveanews.com\/","name":"G\u00e1vea News","description":"Veja todas as not\u00edcias sobre o Flamengo: Contrata\u00e7\u00f5es, categorias de base, resultados das partidas, tabela de classifica\u00e7\u00e3o, pr\u00f3ximos jogos!","potentialAction":[{"@type":"SearchAction","target":{"@type":"EntryPoint","urlTemplate":"https:\/\/www.gaveanews.com\/?s={search_term_string}"},"query-input":{"@type":"PropertyValueSpecification","valueRequired":true,"valueName":"search_term_string"}}],"inLanguage":"pt-BR"},{"@type":"Person","@id":"https:\/\/www.gaveanews.com\/#\/schema\/person\/8207cd4627f56151707418bfc835b2fb","name":"Matheus Felipe","image":{"@type":"ImageObject","inLanguage":"pt-BR","@id":"https:\/\/www.gaveanews.com\/#\/schema\/person\/image\/","url":"https:\/\/secure.gravatar.com\/avatar\/a452ffbed9130f726358b298bb3a99ce4bd3c5338411f8440e87e14d74c7c087?s=96&d=mm&r=g","contentUrl":"https:\/\/secure.gravatar.com\/avatar\/a452ffbed9130f726358b298bb3a99ce4bd3c5338411f8440e87e14d74c7c087?s=96&d=mm&r=g","caption":"Matheus Felipe"}}]}},"_links":{"self":[{"href":"https:\/\/www.gaveanews.com\/index.php\/wp-json\/wp\/v2\/posts\/183341","targetHints":{"allow":["GET"]}}],"collection":[{"href":"https:\/\/www.gaveanews.com\/index.php\/wp-json\/wp\/v2\/posts"}],"about":[{"href":"https:\/\/www.gaveanews.com\/index.php\/wp-json\/wp\/v2\/types\/post"}],"author":[{"embeddable":true,"href":"https:\/\/www.gaveanews.com\/index.php\/wp-json\/wp\/v2\/users\/27"}],"replies":[{"embeddable":true,"href":"https:\/\/www.gaveanews.com\/index.php\/wp-json\/wp\/v2\/comments?post=183341"}],"version-history":[{"count":1,"href":"https:\/\/www.gaveanews.com\/index.php\/wp-json\/wp\/v2\/posts\/183341\/revisions"}],"predecessor-version":[{"id":183344,"href":"https:\/\/www.gaveanews.com\/index.php\/wp-json\/wp\/v2\/posts\/183341\/revisions\/183344"}],"wp:featuredmedia":[{"embeddable":true,"href":"https:\/\/www.gaveanews.com\/index.php\/wp-json\/wp\/v2\/media\/155182"}],"wp:attachment":[{"href":"https:\/\/www.gaveanews.com\/index.php\/wp-json\/wp\/v2\/media?parent=183341"}],"wp:term":[{"taxonomy":"category","embeddable":true,"href":"https:\/\/www.gaveanews.com\/index.php\/wp-json\/wp\/v2\/categories?post=183341"},{"taxonomy":"post_tag","embeddable":true,"href":"https:\/\/www.gaveanews.com\/index.php\/wp-json\/wp\/v2\/tags?post=183341"}],"curies":[{"name":"wp","href":"https:\/\/api.w.org\/{rel}","templated":true}]}}