{"id":183403,"date":"2024-11-10T15:35:00","date_gmt":"2024-11-10T18:35:00","guid":{"rendered":"https:\/\/www.gaveanews.com\/?p=183403"},"modified":"2024-11-10T13:09:25","modified_gmt":"2024-11-10T16:09:25","slug":"empresario-da-detalhes-sobre-os-bastidores-envolvendo-bastos","status":"publish","type":"post","link":"https:\/\/www.gaveanews.com\/index.php\/2024\/11\/10\/empresario-da-detalhes-sobre-os-bastidores-envolvendo-bastos\/","title":{"rendered":"Empres\u00e1rio d\u00e1 detalhes sobre os bastidores envolvendo Bastos"},"content":{"rendered":"\n<h2 class=\"wp-block-heading\" id=\"h-bastos-retorna-ao-botafogo-para-confronto-contra-o-cuiaba-e-destaca-se-como-pilar-da-defesa-alvinegra\">Bastos retorna ao Botafogo para confronto contra o Cuiab\u00e1 e destaca-se como pilar da defesa Alvinegra<\/h2>\n\n\n\n<p>O zagueiro angolano Bastos, de 32 anos, refor\u00e7a o Botafogo neste s\u00e1bado (9) contra o Cuiab\u00e1, pelo Brasileir\u00e3o-2024, ap\u00f3s cumprir suspens\u00e3o autom\u00e1tica. <\/p>\n\n\n\n<ul class=\"wp-block-list\">\n<li><a href=\"https:\/\/www.gaveanews.com\/index.php\/2024\/11\/08\/alexander-barboza-bastos-cuiabano-damian-suarez-danilo-barbosa-gregore-lucas-halter-luiz-henrique-marlon-freitas-e-oscar-romero-os-jogadores-do-botafogo-com-mais-interceptacoes-por-jogo-no-br\/\">Alexander Barboza, Bastos, Cuiabano, Dami\u00e1n Su\u00e1rez, Danilo Barbosa, Gregore, Lucas Halter, Luiz Henrique, Marlon Freitas e \u00d3scar Romero: os jogadores do Botafogo com mais intercepta\u00e7\u00f5es por jogo no Brasileir\u00e3o<\/a><\/li>\n\n\n\n<li><a href=\"https:\/\/www.gaveanews.com\/index.php\/2024\/11\/09\/imprensa-repercute-derrota-do-vasco-para-o-botafogo\/\">Imprensa repercute derrota do Vasco para o Botafogo<\/a><\/li>\n<\/ul>\n\n\n\n<p>Contratado em 2023 com uma trajet\u00f3ria marcante pela Lazio, Bastos renovou recentemente com o clube at\u00e9 o fim de 2026, consolidando-se como pe\u00e7a chave na defesa alvinegra.<\/p>\n\n\n\n<p>Em entrevista ao jornal <em>Extra<\/em>, Claudio Fiorito, CEO da ag\u00eancia P&amp;P Sport Management, que gerencia a carreira de Bastos, destacou o planejamento do Botafogo em rela\u00e7\u00e3o ao jogador: <\/p>\n\n\n\n<p>\u201cO Bastos j\u00e1 era um atleta acompanhado de perto pelo Botafogo e se encaixava dentro daquilo que o clube queria, pelo seu porte f\u00edsico e experi\u00eancia no futebol italiano. Fazia sentido ele vir para o Brasil e, especificamente, para o Botafogo, muito em raz\u00e3o do projeto que vinha se desenhando, com a SAF e novos investimentos&#8221;, afirmou Claudio, \u00a0CEO da\u00a0P&amp;P Sport Management, ag\u00eancia internacional que cuida da carreira do jogador desde 2017.<\/p>\n\n\n\n<p>Inicialmente visado por Alessandro Brito, hoje diretor de gest\u00e3o esportiva do Botafogo, o zagueiro passou por um per\u00edodo de adapta\u00e7\u00e3o ao futebol brasileiro. Artur Jorge, t\u00e9cnico do Botafogo, consolidou Bastos como titular, e a aposta do clube no defensor j\u00e1 come\u00e7a a render frutos. <\/p>\n\n\n\n<p>\u201cEle enxergou um potencial no atleta que outros clubes n\u00e3o estavam vendo. E o Botafogo soube prepar\u00e1-lo. O Bastos vem de outra cultura e, quando chega, em meados de 2023, passa por um processo de adapta\u00e7\u00e3o. Foi um projeto pensado a m\u00e9dio e longo prazo. O m\u00e9rito \u00e9 todo do clube, que enxergou essa oportunidade,\u201d ressaltou Fiorito.<\/p>\n","protected":false},"excerpt":{"rendered":"<p>Bastos retorna ao Botafogo para confronto contra o Cuiab\u00e1 e destaca-se como pilar da defesa Alvinegra O zagueiro angolano Bastos, de 32 anos, refor\u00e7a o Botafogo neste s\u00e1bado (9) contra o Cuiab\u00e1, pelo Brasileir\u00e3o-2024, ap\u00f3s cumprir suspens\u00e3o autom\u00e1tica. Contratado em 2023 com uma trajet\u00f3ria marcante pela Lazio, Bastos renovou recentemente com o clube at\u00e9 o [&hellip;]<\/p>\n","protected":false},"author":17,"featured_media":170336,"comment_status":"open","ping_status":"closed","sticky":false,"template":"","format":"standard","meta":{"footnotes":""},"categories":[138],"tags":[],"class_list":["post-183403","post","type-post","status-publish","format-standard","has-post-thumbnail","hentry","category-botafogo"],"yoast_head":"<!-- This site is optimized with the Yoast SEO Premium plugin v24.2 (Yoast SEO v26.9) - https:\/\/yoast.com\/product\/yoast-seo-premium-wordpress\/ -->\n<title>Empres\u00e1rio d\u00e1 detalhes sobre os bastidores envolvendo Bastos<\/title>\n<meta name=\"robots\" content=\"index, follow, max-snippet:-1, max-image-preview:large, max-video-preview:-1\" \/>\n<link rel=\"canonical\" href=\"https:\/\/www.gaveanews.com\/index.php\/2024\/11\/10\/empresario-da-detalhes-sobre-os-bastidores-envolvendo-bastos\/\" \/>\n<meta property=\"og:locale\" content=\"pt_BR\" \/>\n<meta property=\"og:type\" content=\"article\" \/>\n<meta property=\"og:title\" content=\"Empres\u00e1rio d\u00e1 detalhes sobre os bastidores envolvendo Bastos\" \/>\n<meta property=\"og:description\" content=\"Bastos retorna ao Botafogo para confronto contra o Cuiab\u00e1 e destaca-se como pilar da defesa Alvinegra O zagueiro angolano Bastos, de 32 anos, refor\u00e7a o Botafogo neste s\u00e1bado (9) contra o Cuiab\u00e1, pelo Brasileir\u00e3o-2024, ap\u00f3s cumprir suspens\u00e3o autom\u00e1tica. Contratado em 2023 com uma trajet\u00f3ria marcante pela Lazio, Bastos renovou recentemente com o clube at\u00e9 o [&hellip;]\" \/>\n<meta property=\"og:url\" content=\"https:\/\/www.gaveanews.com\/index.php\/2024\/11\/10\/empresario-da-detalhes-sobre-os-bastidores-envolvendo-bastos\/\" \/>\n<meta property=\"og:site_name\" content=\"G\u00e1vea News\" \/>\n<meta property=\"article:publisher\" content=\"https:\/\/facebook.com\/gaveaNews\/\" \/>\n<meta property=\"article:published_time\" content=\"2024-11-10T18:35:00+00:00\" \/>\n<meta property=\"og:image\" content=\"https:\/\/www.gaveanews.com\/wp-content\/uploads\/Bastos-em-acao-pelo-Botafogo.webp\" \/>\n\t<meta property=\"og:image:width\" content=\"667\" \/>\n\t<meta property=\"og:image:height\" content=\"592\" \/>\n\t<meta property=\"og:image:type\" content=\"image\/jpeg\" \/>\n<meta name=\"author\" content=\"Geovanna Thomaz\" \/>\n<meta name=\"twitter:card\" content=\"summary_large_image\" \/>\n<meta name=\"twitter:label1\" content=\"Escrito por\" \/>\n\t<meta name=\"twitter:data1\" content=\"Geovanna Thomaz\" \/>\n\t<meta name=\"twitter:label2\" content=\"Est. tempo de leitura\" \/>\n\t<meta name=\"twitter:data2\" content=\"2 minutos\" \/>\n<script type=\"application\/ld+json\" class=\"yoast-schema-graph\">{\"@context\":\"https:\/\/schema.org\",\"@graph\":[{\"@type\":\"NewsArticle\",\"@id\":\"https:\/\/www.gaveanews.com\/index.php\/2024\/11\/10\/empresario-da-detalhes-sobre-os-bastidores-envolvendo-bastos\/#article\",\"isPartOf\":{\"@id\":\"https:\/\/www.gaveanews.com\/index.php\/2024\/11\/10\/empresario-da-detalhes-sobre-os-bastidores-envolvendo-bastos\/\"},\"author\":{\"name\":\"Geovanna Thomaz\",\"@id\":\"https:\/\/www.gaveanews.com\/#\/schema\/person\/f42654babcd2b2014a1a65af82b081f1\"},\"headline\":\"Empres\u00e1rio d\u00e1 detalhes sobre os bastidores envolvendo Bastos\",\"datePublished\":\"2024-11-10T18:35:00+00:00\",\"mainEntityOfPage\":{\"@id\":\"https:\/\/www.gaveanews.com\/index.php\/2024\/11\/10\/empresario-da-detalhes-sobre-os-bastidores-envolvendo-bastos\/\"},\"wordCount\":338,\"commentCount\":0,\"image\":{\"@id\":\"https:\/\/www.gaveanews.com\/index.php\/2024\/11\/10\/empresario-da-detalhes-sobre-os-bastidores-envolvendo-bastos\/#primaryimage\"},\"thumbnailUrl\":\"https:\/\/www.gaveanews.com\/wp-content\/uploads\/Bastos-em-acao-pelo-Botafogo.webp\",\"articleSection\":[\"Botafogo\"],\"inLanguage\":\"pt-BR\",\"potentialAction\":[{\"@type\":\"CommentAction\",\"name\":\"Comment\",\"target\":[\"https:\/\/www.gaveanews.com\/index.php\/2024\/11\/10\/empresario-da-detalhes-sobre-os-bastidores-envolvendo-bastos\/#respond\"]}],\"copyrightYear\":\"2024\",\"copyrightHolder\":{\"@id\":\"https:\/\/www.gaveanews.com\/#organization\"}},{\"@type\":\"WebPage\",\"@id\":\"https:\/\/www.gaveanews.com\/index.php\/2024\/11\/10\/empresario-da-detalhes-sobre-os-bastidores-envolvendo-bastos\/\",\"url\":\"https:\/\/www.gaveanews.com\/index.php\/2024\/11\/10\/empresario-da-detalhes-sobre-os-bastidores-envolvendo-bastos\/\",\"name\":\"Empres\u00e1rio d\u00e1 detalhes sobre os bastidores envolvendo Bastos\",\"isPartOf\":{\"@id\":\"https:\/\/www.gaveanews.com\/#website\"},\"primaryImageOfPage\":{\"@id\":\"https:\/\/www.gaveanews.com\/index.php\/2024\/11\/10\/empresario-da-detalhes-sobre-os-bastidores-envolvendo-bastos\/#primaryimage\"},\"image\":{\"@id\":\"https:\/\/www.gaveanews.com\/index.php\/2024\/11\/10\/empresario-da-detalhes-sobre-os-bastidores-envolvendo-bastos\/#primaryimage\"},\"thumbnailUrl\":\"https:\/\/www.gaveanews.com\/wp-content\/uploads\/Bastos-em-acao-pelo-Botafogo.webp\",\"datePublished\":\"2024-11-10T18:35:00+00:00\",\"author\":{\"@id\":\"https:\/\/www.gaveanews.com\/#\/schema\/person\/f42654babcd2b2014a1a65af82b081f1\"},\"breadcrumb\":{\"@id\":\"https:\/\/www.gaveanews.com\/index.php\/2024\/11\/10\/empresario-da-detalhes-sobre-os-bastidores-envolvendo-bastos\/#breadcrumb\"},\"inLanguage\":\"pt-BR\",\"potentialAction\":[{\"@type\":\"ReadAction\",\"target\":[\"https:\/\/www.gaveanews.com\/index.php\/2024\/11\/10\/empresario-da-detalhes-sobre-os-bastidores-envolvendo-bastos\/\"]}]},{\"@type\":\"ImageObject\",\"inLanguage\":\"pt-BR\",\"@id\":\"https:\/\/www.gaveanews.com\/index.php\/2024\/11\/10\/empresario-da-detalhes-sobre-os-bastidores-envolvendo-bastos\/#primaryimage\",\"url\":\"https:\/\/www.gaveanews.com\/wp-content\/uploads\/Bastos-em-acao-pelo-Botafogo.webp\",\"contentUrl\":\"https:\/\/www.gaveanews.com\/wp-content\/uploads\/Bastos-em-acao-pelo-Botafogo.webp\",\"width\":667,\"height\":592,\"caption\":\"Bastos em a\u00e7\u00e3o pelo Botafogo (Foto: Vitor Silva\/Botafogo)\"},{\"@type\":\"BreadcrumbList\",\"@id\":\"https:\/\/www.gaveanews.com\/index.php\/2024\/11\/10\/empresario-da-detalhes-sobre-os-bastidores-envolvendo-bastos\/#breadcrumb\",\"itemListElement\":[{\"@type\":\"ListItem\",\"position\":1,\"name\":\"Home\",\"item\":\"https:\/\/www.gaveanews.com\/\"},{\"@type\":\"ListItem\",\"position\":2,\"name\":\"Empres\u00e1rio d\u00e1 detalhes sobre os bastidores envolvendo Bastos\"}]},{\"@type\":\"WebSite\",\"@id\":\"https:\/\/www.gaveanews.com\/#website\",\"url\":\"https:\/\/www.gaveanews.com\/\",\"name\":\"G\u00e1vea News\",\"description\":\"Veja todas as not\u00edcias sobre o Flamengo: Contrata\u00e7\u00f5es, categorias de base, resultados das partidas, tabela de classifica\u00e7\u00e3o, pr\u00f3ximos jogos!\",\"potentialAction\":[{\"@type\":\"SearchAction\",\"target\":{\"@type\":\"EntryPoint\",\"urlTemplate\":\"https:\/\/www.gaveanews.com\/?s={search_term_string}\"},\"query-input\":{\"@type\":\"PropertyValueSpecification\",\"valueRequired\":true,\"valueName\":\"search_term_string\"}}],\"inLanguage\":\"pt-BR\"},{\"@type\":\"Person\",\"@id\":\"https:\/\/www.gaveanews.com\/#\/schema\/person\/f42654babcd2b2014a1a65af82b081f1\",\"name\":\"Geovanna Thomaz\",\"image\":{\"@type\":\"ImageObject\",\"inLanguage\":\"pt-BR\",\"@id\":\"https:\/\/www.gaveanews.com\/#\/schema\/person\/image\/\",\"url\":\"https:\/\/secure.gravatar.com\/avatar\/4092073255489533afb558984b49b64268c47198af8623cc82a925ae9fb7118a?s=96&d=mm&r=g\",\"contentUrl\":\"https:\/\/secure.gravatar.com\/avatar\/4092073255489533afb558984b49b64268c47198af8623cc82a925ae9fb7118a?s=96&d=mm&r=g\",\"caption\":\"Geovanna Thomaz\"}}]}<\/script>\n<!-- \/ Yoast SEO Premium plugin. -->","yoast_head_json":{"title":"Empres\u00e1rio d\u00e1 detalhes sobre os bastidores envolvendo Bastos","robots":{"index":"index","follow":"follow","max-snippet":"max-snippet:-1","max-image-preview":"max-image-preview:large","max-video-preview":"max-video-preview:-1"},"canonical":"https:\/\/www.gaveanews.com\/index.php\/2024\/11\/10\/empresario-da-detalhes-sobre-os-bastidores-envolvendo-bastos\/","og_locale":"pt_BR","og_type":"article","og_title":"Empres\u00e1rio d\u00e1 detalhes sobre os bastidores envolvendo Bastos","og_description":"Bastos retorna ao Botafogo para confronto contra o Cuiab\u00e1 e destaca-se como pilar da defesa Alvinegra O zagueiro angolano Bastos, de 32 anos, refor\u00e7a o Botafogo neste s\u00e1bado (9) contra o Cuiab\u00e1, pelo Brasileir\u00e3o-2024, ap\u00f3s cumprir suspens\u00e3o autom\u00e1tica. Contratado em 2023 com uma trajet\u00f3ria marcante pela Lazio, Bastos renovou recentemente com o clube at\u00e9 o [&hellip;]","og_url":"https:\/\/www.gaveanews.com\/index.php\/2024\/11\/10\/empresario-da-detalhes-sobre-os-bastidores-envolvendo-bastos\/","og_site_name":"G\u00e1vea News","article_publisher":"https:\/\/facebook.com\/gaveaNews\/","article_published_time":"2024-11-10T18:35:00+00:00","og_image":[{"width":667,"height":592,"url":"https:\/\/www.gaveanews.com\/wp-content\/uploads\/Bastos-em-acao-pelo-Botafogo.webp","type":"image\/jpeg"}],"author":"Geovanna Thomaz","twitter_card":"summary_large_image","twitter_misc":{"Escrito por":"Geovanna Thomaz","Est. tempo de leitura":"2 minutos"},"schema":{"@context":"https:\/\/schema.org","@graph":[{"@type":"NewsArticle","@id":"https:\/\/www.gaveanews.com\/index.php\/2024\/11\/10\/empresario-da-detalhes-sobre-os-bastidores-envolvendo-bastos\/#article","isPartOf":{"@id":"https:\/\/www.gaveanews.com\/index.php\/2024\/11\/10\/empresario-da-detalhes-sobre-os-bastidores-envolvendo-bastos\/"},"author":{"name":"Geovanna Thomaz","@id":"https:\/\/www.gaveanews.com\/#\/schema\/person\/f42654babcd2b2014a1a65af82b081f1"},"headline":"Empres\u00e1rio d\u00e1 detalhes sobre os bastidores envolvendo Bastos","datePublished":"2024-11-10T18:35:00+00:00","mainEntityOfPage":{"@id":"https:\/\/www.gaveanews.com\/index.php\/2024\/11\/10\/empresario-da-detalhes-sobre-os-bastidores-envolvendo-bastos\/"},"wordCount":338,"commentCount":0,"image":{"@id":"https:\/\/www.gaveanews.com\/index.php\/2024\/11\/10\/empresario-da-detalhes-sobre-os-bastidores-envolvendo-bastos\/#primaryimage"},"thumbnailUrl":"https:\/\/www.gaveanews.com\/wp-content\/uploads\/Bastos-em-acao-pelo-Botafogo.webp","articleSection":["Botafogo"],"inLanguage":"pt-BR","potentialAction":[{"@type":"CommentAction","name":"Comment","target":["https:\/\/www.gaveanews.com\/index.php\/2024\/11\/10\/empresario-da-detalhes-sobre-os-bastidores-envolvendo-bastos\/#respond"]}],"copyrightYear":"2024","copyrightHolder":{"@id":"https:\/\/www.gaveanews.com\/#organization"}},{"@type":"WebPage","@id":"https:\/\/www.gaveanews.com\/index.php\/2024\/11\/10\/empresario-da-detalhes-sobre-os-bastidores-envolvendo-bastos\/","url":"https:\/\/www.gaveanews.com\/index.php\/2024\/11\/10\/empresario-da-detalhes-sobre-os-bastidores-envolvendo-bastos\/","name":"Empres\u00e1rio d\u00e1 detalhes sobre os bastidores envolvendo Bastos","isPartOf":{"@id":"https:\/\/www.gaveanews.com\/#website"},"primaryImageOfPage":{"@id":"https:\/\/www.gaveanews.com\/index.php\/2024\/11\/10\/empresario-da-detalhes-sobre-os-bastidores-envolvendo-bastos\/#primaryimage"},"image":{"@id":"https:\/\/www.gaveanews.com\/index.php\/2024\/11\/10\/empresario-da-detalhes-sobre-os-bastidores-envolvendo-bastos\/#primaryimage"},"thumbnailUrl":"https:\/\/www.gaveanews.com\/wp-content\/uploads\/Bastos-em-acao-pelo-Botafogo.webp","datePublished":"2024-11-10T18:35:00+00:00","author":{"@id":"https:\/\/www.gaveanews.com\/#\/schema\/person\/f42654babcd2b2014a1a65af82b081f1"},"breadcrumb":{"@id":"https:\/\/www.gaveanews.com\/index.php\/2024\/11\/10\/empresario-da-detalhes-sobre-os-bastidores-envolvendo-bastos\/#breadcrumb"},"inLanguage":"pt-BR","potentialAction":[{"@type":"ReadAction","target":["https:\/\/www.gaveanews.com\/index.php\/2024\/11\/10\/empresario-da-detalhes-sobre-os-bastidores-envolvendo-bastos\/"]}]},{"@type":"ImageObject","inLanguage":"pt-BR","@id":"https:\/\/www.gaveanews.com\/index.php\/2024\/11\/10\/empresario-da-detalhes-sobre-os-bastidores-envolvendo-bastos\/#primaryimage","url":"https:\/\/www.gaveanews.com\/wp-content\/uploads\/Bastos-em-acao-pelo-Botafogo.webp","contentUrl":"https:\/\/www.gaveanews.com\/wp-content\/uploads\/Bastos-em-acao-pelo-Botafogo.webp","width":667,"height":592,"caption":"Bastos em a\u00e7\u00e3o pelo Botafogo (Foto: Vitor Silva\/Botafogo)"},{"@type":"BreadcrumbList","@id":"https:\/\/www.gaveanews.com\/index.php\/2024\/11\/10\/empresario-da-detalhes-sobre-os-bastidores-envolvendo-bastos\/#breadcrumb","itemListElement":[{"@type":"ListItem","position":1,"name":"Home","item":"https:\/\/www.gaveanews.com\/"},{"@type":"ListItem","position":2,"name":"Empres\u00e1rio d\u00e1 detalhes sobre os bastidores envolvendo Bastos"}]},{"@type":"WebSite","@id":"https:\/\/www.gaveanews.com\/#website","url":"https:\/\/www.gaveanews.com\/","name":"G\u00e1vea News","description":"Veja todas as not\u00edcias sobre o Flamengo: Contrata\u00e7\u00f5es, categorias de base, resultados das partidas, tabela de classifica\u00e7\u00e3o, pr\u00f3ximos jogos!","potentialAction":[{"@type":"SearchAction","target":{"@type":"EntryPoint","urlTemplate":"https:\/\/www.gaveanews.com\/?s={search_term_string}"},"query-input":{"@type":"PropertyValueSpecification","valueRequired":true,"valueName":"search_term_string"}}],"inLanguage":"pt-BR"},{"@type":"Person","@id":"https:\/\/www.gaveanews.com\/#\/schema\/person\/f42654babcd2b2014a1a65af82b081f1","name":"Geovanna Thomaz","image":{"@type":"ImageObject","inLanguage":"pt-BR","@id":"https:\/\/www.gaveanews.com\/#\/schema\/person\/image\/","url":"https:\/\/secure.gravatar.com\/avatar\/4092073255489533afb558984b49b64268c47198af8623cc82a925ae9fb7118a?s=96&d=mm&r=g","contentUrl":"https:\/\/secure.gravatar.com\/avatar\/4092073255489533afb558984b49b64268c47198af8623cc82a925ae9fb7118a?s=96&d=mm&r=g","caption":"Geovanna Thomaz"}}]}},"_links":{"self":[{"href":"https:\/\/www.gaveanews.com\/index.php\/wp-json\/wp\/v2\/posts\/183403","targetHints":{"allow":["GET"]}}],"collection":[{"href":"https:\/\/www.gaveanews.com\/index.php\/wp-json\/wp\/v2\/posts"}],"about":[{"href":"https:\/\/www.gaveanews.com\/index.php\/wp-json\/wp\/v2\/types\/post"}],"author":[{"embeddable":true,"href":"https:\/\/www.gaveanews.com\/index.php\/wp-json\/wp\/v2\/users\/17"}],"replies":[{"embeddable":true,"href":"https:\/\/www.gaveanews.com\/index.php\/wp-json\/wp\/v2\/comments?post=183403"}],"version-history":[{"count":1,"href":"https:\/\/www.gaveanews.com\/index.php\/wp-json\/wp\/v2\/posts\/183403\/revisions"}],"predecessor-version":[{"id":183404,"href":"https:\/\/www.gaveanews.com\/index.php\/wp-json\/wp\/v2\/posts\/183403\/revisions\/183404"}],"wp:featuredmedia":[{"embeddable":true,"href":"https:\/\/www.gaveanews.com\/index.php\/wp-json\/wp\/v2\/media\/170336"}],"wp:attachment":[{"href":"https:\/\/www.gaveanews.com\/index.php\/wp-json\/wp\/v2\/media?parent=183403"}],"wp:term":[{"taxonomy":"category","embeddable":true,"href":"https:\/\/www.gaveanews.com\/index.php\/wp-json\/wp\/v2\/categories?post=183403"},{"taxonomy":"post_tag","embeddable":true,"href":"https:\/\/www.gaveanews.com\/index.php\/wp-json\/wp\/v2\/tags?post=183403"}],"curies":[{"name":"wp","href":"https:\/\/api.w.org\/{rel}","templated":true}]}}