{"id":183405,"date":"2024-11-10T15:30:00","date_gmt":"2024-11-10T18:30:00","guid":{"rendered":"https:\/\/www.gaveanews.com\/?p=183405"},"modified":"2024-11-10T13:09:16","modified_gmt":"2024-11-10T16:09:16","slug":"luis-castro-e-super-sincero-ao-falar-sobre-o-corinthians","status":"publish","type":"post","link":"https:\/\/www.gaveanews.com\/index.php\/2024\/11\/10\/luis-castro-e-super-sincero-ao-falar-sobre-o-corinthians\/","title":{"rendered":"Lu\u00eds Castro \u00e9 super sincero ao falar sobre o Corinthians"},"content":{"rendered":"\n<h2 class=\"wp-block-heading\" id=\"h-luis-castro-se-defende-de-especulacoes-sobre-salario-e-lembra-passagem-pelo-botafogo\">Lu\u00eds Castro se defende de especula\u00e7\u00f5es sobre sal\u00e1rio e lembra passagem pelo Botafogo<\/h2>\n\n\n\n<p>Demitido do Al-Nassr, o t\u00e9cnico portugu\u00eas Lu\u00eds Castro \u00e9 o principal nome especulado para assumir o comando do Corinthians em 2025. A negocia\u00e7\u00e3o, por\u00e9m, tem gerado controv\u00e9rsia, com a imprensa paulista apontando um suposto pedido salarial alto, o que foi prontamente negado por Castro. <\/p>\n\n\n\n<ul class=\"wp-block-list\">\n<li><a href=\"https:\/\/www.gaveanews.com\/index.php\/2024\/11\/08\/alexander-barboza-bastos-cuiabano-damian-suarez-danilo-barbosa-gregore-lucas-halter-luiz-henrique-marlon-freitas-e-oscar-romero-os-jogadores-do-botafogo-com-mais-interceptacoes-por-jogo-no-br\/\">Alexander Barboza, Bastos, Cuiabano, Dami\u00e1n Su\u00e1rez, Danilo Barbosa, Gregore, Lucas Halter, Luiz Henrique, Marlon Freitas e \u00d3scar Romero: os jogadores do Botafogo com mais intercepta\u00e7\u00f5es por jogo no Brasileir\u00e3o<\/a><\/li>\n\n\n\n<li><a href=\"https:\/\/www.gaveanews.com\/index.php\/2024\/11\/08\/declaracao-de-john-textor-saida-de-emerson-rodriguez-e-o-recado-de-loffredo-as-ultimas-noticias-do-botafogo\/\">Declara\u00e7\u00e3o de John Textor, sa\u00edda de Emerson Rodriguez e o recado de Loffredo: as \u00faltimas not\u00edcias do Botafogo<\/a><\/li>\n<\/ul>\n\n\n\n<p>Em entrevista ao jornalista Paulo Vinicius Coelho, o PVC, do <em>UOL<\/em>, o treinador abordou o assunto e relembrou sua decis\u00e3o de deixar o Botafogo para dirigir o time de Cristiano Ronaldo.<\/p>\n\n\n\n<p>\u201c\u00c9 uma loucura pensar em debater quanto se vai ganhar antes de saber como ser\u00e1 o projeto, as condi\u00e7\u00f5es do trabalho a se realizar. Isto \u00e9 uma loucura que se est\u00e1 fazendo. Eu s\u00f3 sa\u00ed do Botafogo, porque queria dirigir o Cristiano Ronaldo. Tamb\u00e9m o Sadio Man\u00e9, os jogadores que tive oportunidade de trabalhar no Al-Nassr. Dinheiro eu j\u00e1 tenho,\u201d afirmou Castro, ressaltando que o desejo de enfrentar novos desafios pesou mais que quest\u00f5es financeiras.<\/p>\n\n\n\n<p>Embora n\u00e3o tenha confirmado oficialmente o interesse em assumir o Corinthians, Castro deixou em aberto a possibilidade, destacando seu trabalho no Botafogo em um momento conturbado e sem infraestrutura ideal. <\/p>\n\n\n\n<p>\u201cQuando cheguei ao Botafogo, a situa\u00e7\u00e3o n\u00e3o era boa e n\u00e3o t\u00ednhamos nem sequer local adequado para treinar. E o trabalho foi muito bom,\u201d pontuou o t\u00e9cnico.<\/p>\n\n\n\n<p>A expectativa \u00e9 que a defini\u00e7\u00e3o sobre o pr\u00f3ximo treinador do Corinthians seja feita ap\u00f3s a conclus\u00e3o do Brasileir\u00e3o-2024.<\/p>\n","protected":false},"excerpt":{"rendered":"<p>Lu\u00eds Castro se defende de especula\u00e7\u00f5es sobre sal\u00e1rio e lembra passagem pelo Botafogo Demitido do Al-Nassr, o t\u00e9cnico portugu\u00eas Lu\u00eds Castro \u00e9 o principal nome especulado para assumir o comando do Corinthians em 2025. A negocia\u00e7\u00e3o, por\u00e9m, tem gerado controv\u00e9rsia, com a imprensa paulista apontando um suposto pedido salarial alto, o que foi prontamente negado [&hellip;]<\/p>\n","protected":false},"author":17,"featured_media":155173,"comment_status":"open","ping_status":"closed","sticky":false,"template":"","format":"standard","meta":{"footnotes":""},"categories":[138],"tags":[],"class_list":["post-183405","post","type-post","status-publish","format-standard","has-post-thumbnail","hentry","category-botafogo"],"yoast_head":"<!-- This site is optimized with the Yoast SEO Premium plugin v24.2 (Yoast SEO v26.9) - https:\/\/yoast.com\/product\/yoast-seo-premium-wordpress\/ -->\n<title>Lu\u00eds Castro \u00e9 super sincero ao falar sobre o Corinthians<\/title>\n<meta name=\"robots\" content=\"index, follow, max-snippet:-1, max-image-preview:large, max-video-preview:-1\" \/>\n<link rel=\"canonical\" href=\"https:\/\/www.gaveanews.com\/index.php\/2024\/11\/10\/luis-castro-e-super-sincero-ao-falar-sobre-o-corinthians\/\" \/>\n<meta property=\"og:locale\" content=\"pt_BR\" \/>\n<meta property=\"og:type\" content=\"article\" \/>\n<meta property=\"og:title\" content=\"Lu\u00eds Castro \u00e9 super sincero ao falar sobre o Corinthians\" \/>\n<meta property=\"og:description\" content=\"Lu\u00eds Castro se defende de especula\u00e7\u00f5es sobre sal\u00e1rio e lembra passagem pelo Botafogo Demitido do Al-Nassr, o t\u00e9cnico portugu\u00eas Lu\u00eds Castro \u00e9 o principal nome especulado para assumir o comando do Corinthians em 2025. A negocia\u00e7\u00e3o, por\u00e9m, tem gerado controv\u00e9rsia, com a imprensa paulista apontando um suposto pedido salarial alto, o que foi prontamente negado [&hellip;]\" \/>\n<meta property=\"og:url\" content=\"https:\/\/www.gaveanews.com\/index.php\/2024\/11\/10\/luis-castro-e-super-sincero-ao-falar-sobre-o-corinthians\/\" \/>\n<meta property=\"og:site_name\" content=\"G\u00e1vea News\" \/>\n<meta property=\"article:publisher\" content=\"https:\/\/facebook.com\/gaveaNews\/\" \/>\n<meta property=\"article:published_time\" content=\"2024-11-10T18:30:00+00:00\" \/>\n<meta property=\"og:image\" content=\"https:\/\/www.gaveanews.com\/wp-content\/uploads\/Luis-Castro-durante-uma-viagem-do-Al-Nassr.webp\" \/>\n\t<meta property=\"og:image:width\" content=\"888\" \/>\n\t<meta property=\"og:image:height\" content=\"592\" \/>\n\t<meta property=\"og:image:type\" content=\"image\/webp\" \/>\n<meta name=\"author\" content=\"Geovanna Thomaz\" \/>\n<meta name=\"twitter:card\" content=\"summary_large_image\" \/>\n<meta name=\"twitter:label1\" content=\"Escrito por\" \/>\n\t<meta name=\"twitter:data1\" content=\"Geovanna Thomaz\" \/>\n\t<meta name=\"twitter:label2\" content=\"Est. tempo de leitura\" \/>\n\t<meta name=\"twitter:data2\" content=\"2 minutos\" \/>\n<script type=\"application\/ld+json\" class=\"yoast-schema-graph\">{\"@context\":\"https:\/\/schema.org\",\"@graph\":[{\"@type\":\"NewsArticle\",\"@id\":\"https:\/\/www.gaveanews.com\/index.php\/2024\/11\/10\/luis-castro-e-super-sincero-ao-falar-sobre-o-corinthians\/#article\",\"isPartOf\":{\"@id\":\"https:\/\/www.gaveanews.com\/index.php\/2024\/11\/10\/luis-castro-e-super-sincero-ao-falar-sobre-o-corinthians\/\"},\"author\":{\"name\":\"Geovanna Thomaz\",\"@id\":\"https:\/\/www.gaveanews.com\/#\/schema\/person\/f42654babcd2b2014a1a65af82b081f1\"},\"headline\":\"Lu\u00eds Castro \u00e9 super sincero ao falar sobre o Corinthians\",\"datePublished\":\"2024-11-10T18:30:00+00:00\",\"mainEntityOfPage\":{\"@id\":\"https:\/\/www.gaveanews.com\/index.php\/2024\/11\/10\/luis-castro-e-super-sincero-ao-falar-sobre-o-corinthians\/\"},\"wordCount\":322,\"commentCount\":0,\"image\":{\"@id\":\"https:\/\/www.gaveanews.com\/index.php\/2024\/11\/10\/luis-castro-e-super-sincero-ao-falar-sobre-o-corinthians\/#primaryimage\"},\"thumbnailUrl\":\"https:\/\/www.gaveanews.com\/wp-content\/uploads\/Luis-Castro-durante-uma-viagem-do-Al-Nassr.webp\",\"articleSection\":[\"Botafogo\"],\"inLanguage\":\"pt-BR\",\"potentialAction\":[{\"@type\":\"CommentAction\",\"name\":\"Comment\",\"target\":[\"https:\/\/www.gaveanews.com\/index.php\/2024\/11\/10\/luis-castro-e-super-sincero-ao-falar-sobre-o-corinthians\/#respond\"]}],\"copyrightYear\":\"2024\",\"copyrightHolder\":{\"@id\":\"https:\/\/www.gaveanews.com\/#organization\"}},{\"@type\":\"WebPage\",\"@id\":\"https:\/\/www.gaveanews.com\/index.php\/2024\/11\/10\/luis-castro-e-super-sincero-ao-falar-sobre-o-corinthians\/\",\"url\":\"https:\/\/www.gaveanews.com\/index.php\/2024\/11\/10\/luis-castro-e-super-sincero-ao-falar-sobre-o-corinthians\/\",\"name\":\"Lu\u00eds Castro \u00e9 super sincero ao falar sobre o Corinthians\",\"isPartOf\":{\"@id\":\"https:\/\/www.gaveanews.com\/#website\"},\"primaryImageOfPage\":{\"@id\":\"https:\/\/www.gaveanews.com\/index.php\/2024\/11\/10\/luis-castro-e-super-sincero-ao-falar-sobre-o-corinthians\/#primaryimage\"},\"image\":{\"@id\":\"https:\/\/www.gaveanews.com\/index.php\/2024\/11\/10\/luis-castro-e-super-sincero-ao-falar-sobre-o-corinthians\/#primaryimage\"},\"thumbnailUrl\":\"https:\/\/www.gaveanews.com\/wp-content\/uploads\/Luis-Castro-durante-uma-viagem-do-Al-Nassr.webp\",\"datePublished\":\"2024-11-10T18:30:00+00:00\",\"author\":{\"@id\":\"https:\/\/www.gaveanews.com\/#\/schema\/person\/f42654babcd2b2014a1a65af82b081f1\"},\"breadcrumb\":{\"@id\":\"https:\/\/www.gaveanews.com\/index.php\/2024\/11\/10\/luis-castro-e-super-sincero-ao-falar-sobre-o-corinthians\/#breadcrumb\"},\"inLanguage\":\"pt-BR\",\"potentialAction\":[{\"@type\":\"ReadAction\",\"target\":[\"https:\/\/www.gaveanews.com\/index.php\/2024\/11\/10\/luis-castro-e-super-sincero-ao-falar-sobre-o-corinthians\/\"]}]},{\"@type\":\"ImageObject\",\"inLanguage\":\"pt-BR\",\"@id\":\"https:\/\/www.gaveanews.com\/index.php\/2024\/11\/10\/luis-castro-e-super-sincero-ao-falar-sobre-o-corinthians\/#primaryimage\",\"url\":\"https:\/\/www.gaveanews.com\/wp-content\/uploads\/Luis-Castro-durante-uma-viagem-do-Al-Nassr.webp\",\"contentUrl\":\"https:\/\/www.gaveanews.com\/wp-content\/uploads\/Luis-Castro-durante-uma-viagem-do-Al-Nassr.webp\",\"width\":888,\"height\":592,\"caption\":\"Luis Castro durante uma viagem do Al Nassr (Foto: Divulga\u00e7\u00e3o\/Al Nassr)\"},{\"@type\":\"BreadcrumbList\",\"@id\":\"https:\/\/www.gaveanews.com\/index.php\/2024\/11\/10\/luis-castro-e-super-sincero-ao-falar-sobre-o-corinthians\/#breadcrumb\",\"itemListElement\":[{\"@type\":\"ListItem\",\"position\":1,\"name\":\"Home\",\"item\":\"https:\/\/www.gaveanews.com\/\"},{\"@type\":\"ListItem\",\"position\":2,\"name\":\"Lu\u00eds Castro \u00e9 super sincero ao falar sobre o Corinthians\"}]},{\"@type\":\"WebSite\",\"@id\":\"https:\/\/www.gaveanews.com\/#website\",\"url\":\"https:\/\/www.gaveanews.com\/\",\"name\":\"G\u00e1vea News\",\"description\":\"Veja todas as not\u00edcias sobre o Flamengo: Contrata\u00e7\u00f5es, categorias de base, resultados das partidas, tabela de classifica\u00e7\u00e3o, pr\u00f3ximos jogos!\",\"potentialAction\":[{\"@type\":\"SearchAction\",\"target\":{\"@type\":\"EntryPoint\",\"urlTemplate\":\"https:\/\/www.gaveanews.com\/?s={search_term_string}\"},\"query-input\":{\"@type\":\"PropertyValueSpecification\",\"valueRequired\":true,\"valueName\":\"search_term_string\"}}],\"inLanguage\":\"pt-BR\"},{\"@type\":\"Person\",\"@id\":\"https:\/\/www.gaveanews.com\/#\/schema\/person\/f42654babcd2b2014a1a65af82b081f1\",\"name\":\"Geovanna Thomaz\",\"image\":{\"@type\":\"ImageObject\",\"inLanguage\":\"pt-BR\",\"@id\":\"https:\/\/www.gaveanews.com\/#\/schema\/person\/image\/\",\"url\":\"https:\/\/secure.gravatar.com\/avatar\/4092073255489533afb558984b49b64268c47198af8623cc82a925ae9fb7118a?s=96&d=mm&r=g\",\"contentUrl\":\"https:\/\/secure.gravatar.com\/avatar\/4092073255489533afb558984b49b64268c47198af8623cc82a925ae9fb7118a?s=96&d=mm&r=g\",\"caption\":\"Geovanna Thomaz\"}}]}<\/script>\n<!-- \/ Yoast SEO Premium plugin. -->","yoast_head_json":{"title":"Lu\u00eds Castro \u00e9 super sincero ao falar sobre o Corinthians","robots":{"index":"index","follow":"follow","max-snippet":"max-snippet:-1","max-image-preview":"max-image-preview:large","max-video-preview":"max-video-preview:-1"},"canonical":"https:\/\/www.gaveanews.com\/index.php\/2024\/11\/10\/luis-castro-e-super-sincero-ao-falar-sobre-o-corinthians\/","og_locale":"pt_BR","og_type":"article","og_title":"Lu\u00eds Castro \u00e9 super sincero ao falar sobre o Corinthians","og_description":"Lu\u00eds Castro se defende de especula\u00e7\u00f5es sobre sal\u00e1rio e lembra passagem pelo Botafogo Demitido do Al-Nassr, o t\u00e9cnico portugu\u00eas Lu\u00eds Castro \u00e9 o principal nome especulado para assumir o comando do Corinthians em 2025. A negocia\u00e7\u00e3o, por\u00e9m, tem gerado controv\u00e9rsia, com a imprensa paulista apontando um suposto pedido salarial alto, o que foi prontamente negado [&hellip;]","og_url":"https:\/\/www.gaveanews.com\/index.php\/2024\/11\/10\/luis-castro-e-super-sincero-ao-falar-sobre-o-corinthians\/","og_site_name":"G\u00e1vea News","article_publisher":"https:\/\/facebook.com\/gaveaNews\/","article_published_time":"2024-11-10T18:30:00+00:00","og_image":[{"width":888,"height":592,"url":"https:\/\/www.gaveanews.com\/wp-content\/uploads\/Luis-Castro-durante-uma-viagem-do-Al-Nassr.webp","type":"image\/webp"}],"author":"Geovanna Thomaz","twitter_card":"summary_large_image","twitter_misc":{"Escrito por":"Geovanna Thomaz","Est. tempo de leitura":"2 minutos"},"schema":{"@context":"https:\/\/schema.org","@graph":[{"@type":"NewsArticle","@id":"https:\/\/www.gaveanews.com\/index.php\/2024\/11\/10\/luis-castro-e-super-sincero-ao-falar-sobre-o-corinthians\/#article","isPartOf":{"@id":"https:\/\/www.gaveanews.com\/index.php\/2024\/11\/10\/luis-castro-e-super-sincero-ao-falar-sobre-o-corinthians\/"},"author":{"name":"Geovanna Thomaz","@id":"https:\/\/www.gaveanews.com\/#\/schema\/person\/f42654babcd2b2014a1a65af82b081f1"},"headline":"Lu\u00eds Castro \u00e9 super sincero ao falar sobre o Corinthians","datePublished":"2024-11-10T18:30:00+00:00","mainEntityOfPage":{"@id":"https:\/\/www.gaveanews.com\/index.php\/2024\/11\/10\/luis-castro-e-super-sincero-ao-falar-sobre-o-corinthians\/"},"wordCount":322,"commentCount":0,"image":{"@id":"https:\/\/www.gaveanews.com\/index.php\/2024\/11\/10\/luis-castro-e-super-sincero-ao-falar-sobre-o-corinthians\/#primaryimage"},"thumbnailUrl":"https:\/\/www.gaveanews.com\/wp-content\/uploads\/Luis-Castro-durante-uma-viagem-do-Al-Nassr.webp","articleSection":["Botafogo"],"inLanguage":"pt-BR","potentialAction":[{"@type":"CommentAction","name":"Comment","target":["https:\/\/www.gaveanews.com\/index.php\/2024\/11\/10\/luis-castro-e-super-sincero-ao-falar-sobre-o-corinthians\/#respond"]}],"copyrightYear":"2024","copyrightHolder":{"@id":"https:\/\/www.gaveanews.com\/#organization"}},{"@type":"WebPage","@id":"https:\/\/www.gaveanews.com\/index.php\/2024\/11\/10\/luis-castro-e-super-sincero-ao-falar-sobre-o-corinthians\/","url":"https:\/\/www.gaveanews.com\/index.php\/2024\/11\/10\/luis-castro-e-super-sincero-ao-falar-sobre-o-corinthians\/","name":"Lu\u00eds Castro \u00e9 super sincero ao falar sobre o Corinthians","isPartOf":{"@id":"https:\/\/www.gaveanews.com\/#website"},"primaryImageOfPage":{"@id":"https:\/\/www.gaveanews.com\/index.php\/2024\/11\/10\/luis-castro-e-super-sincero-ao-falar-sobre-o-corinthians\/#primaryimage"},"image":{"@id":"https:\/\/www.gaveanews.com\/index.php\/2024\/11\/10\/luis-castro-e-super-sincero-ao-falar-sobre-o-corinthians\/#primaryimage"},"thumbnailUrl":"https:\/\/www.gaveanews.com\/wp-content\/uploads\/Luis-Castro-durante-uma-viagem-do-Al-Nassr.webp","datePublished":"2024-11-10T18:30:00+00:00","author":{"@id":"https:\/\/www.gaveanews.com\/#\/schema\/person\/f42654babcd2b2014a1a65af82b081f1"},"breadcrumb":{"@id":"https:\/\/www.gaveanews.com\/index.php\/2024\/11\/10\/luis-castro-e-super-sincero-ao-falar-sobre-o-corinthians\/#breadcrumb"},"inLanguage":"pt-BR","potentialAction":[{"@type":"ReadAction","target":["https:\/\/www.gaveanews.com\/index.php\/2024\/11\/10\/luis-castro-e-super-sincero-ao-falar-sobre-o-corinthians\/"]}]},{"@type":"ImageObject","inLanguage":"pt-BR","@id":"https:\/\/www.gaveanews.com\/index.php\/2024\/11\/10\/luis-castro-e-super-sincero-ao-falar-sobre-o-corinthians\/#primaryimage","url":"https:\/\/www.gaveanews.com\/wp-content\/uploads\/Luis-Castro-durante-uma-viagem-do-Al-Nassr.webp","contentUrl":"https:\/\/www.gaveanews.com\/wp-content\/uploads\/Luis-Castro-durante-uma-viagem-do-Al-Nassr.webp","width":888,"height":592,"caption":"Luis Castro durante uma viagem do Al Nassr (Foto: Divulga\u00e7\u00e3o\/Al Nassr)"},{"@type":"BreadcrumbList","@id":"https:\/\/www.gaveanews.com\/index.php\/2024\/11\/10\/luis-castro-e-super-sincero-ao-falar-sobre-o-corinthians\/#breadcrumb","itemListElement":[{"@type":"ListItem","position":1,"name":"Home","item":"https:\/\/www.gaveanews.com\/"},{"@type":"ListItem","position":2,"name":"Lu\u00eds Castro \u00e9 super sincero ao falar sobre o Corinthians"}]},{"@type":"WebSite","@id":"https:\/\/www.gaveanews.com\/#website","url":"https:\/\/www.gaveanews.com\/","name":"G\u00e1vea News","description":"Veja todas as not\u00edcias sobre o Flamengo: Contrata\u00e7\u00f5es, categorias de base, resultados das partidas, tabela de classifica\u00e7\u00e3o, pr\u00f3ximos jogos!","potentialAction":[{"@type":"SearchAction","target":{"@type":"EntryPoint","urlTemplate":"https:\/\/www.gaveanews.com\/?s={search_term_string}"},"query-input":{"@type":"PropertyValueSpecification","valueRequired":true,"valueName":"search_term_string"}}],"inLanguage":"pt-BR"},{"@type":"Person","@id":"https:\/\/www.gaveanews.com\/#\/schema\/person\/f42654babcd2b2014a1a65af82b081f1","name":"Geovanna Thomaz","image":{"@type":"ImageObject","inLanguage":"pt-BR","@id":"https:\/\/www.gaveanews.com\/#\/schema\/person\/image\/","url":"https:\/\/secure.gravatar.com\/avatar\/4092073255489533afb558984b49b64268c47198af8623cc82a925ae9fb7118a?s=96&d=mm&r=g","contentUrl":"https:\/\/secure.gravatar.com\/avatar\/4092073255489533afb558984b49b64268c47198af8623cc82a925ae9fb7118a?s=96&d=mm&r=g","caption":"Geovanna Thomaz"}}]}},"_links":{"self":[{"href":"https:\/\/www.gaveanews.com\/index.php\/wp-json\/wp\/v2\/posts\/183405","targetHints":{"allow":["GET"]}}],"collection":[{"href":"https:\/\/www.gaveanews.com\/index.php\/wp-json\/wp\/v2\/posts"}],"about":[{"href":"https:\/\/www.gaveanews.com\/index.php\/wp-json\/wp\/v2\/types\/post"}],"author":[{"embeddable":true,"href":"https:\/\/www.gaveanews.com\/index.php\/wp-json\/wp\/v2\/users\/17"}],"replies":[{"embeddable":true,"href":"https:\/\/www.gaveanews.com\/index.php\/wp-json\/wp\/v2\/comments?post=183405"}],"version-history":[{"count":1,"href":"https:\/\/www.gaveanews.com\/index.php\/wp-json\/wp\/v2\/posts\/183405\/revisions"}],"predecessor-version":[{"id":183406,"href":"https:\/\/www.gaveanews.com\/index.php\/wp-json\/wp\/v2\/posts\/183405\/revisions\/183406"}],"wp:featuredmedia":[{"embeddable":true,"href":"https:\/\/www.gaveanews.com\/index.php\/wp-json\/wp\/v2\/media\/155173"}],"wp:attachment":[{"href":"https:\/\/www.gaveanews.com\/index.php\/wp-json\/wp\/v2\/media?parent=183405"}],"wp:term":[{"taxonomy":"category","embeddable":true,"href":"https:\/\/www.gaveanews.com\/index.php\/wp-json\/wp\/v2\/categories?post=183405"},{"taxonomy":"post_tag","embeddable":true,"href":"https:\/\/www.gaveanews.com\/index.php\/wp-json\/wp\/v2\/tags?post=183405"}],"curies":[{"name":"wp","href":"https:\/\/api.w.org\/{rel}","templated":true}]}}