{"id":183486,"date":"2024-11-10T14:25:00","date_gmt":"2024-11-10T17:25:00","guid":{"rendered":"https:\/\/www.gaveanews.com\/?p=183486"},"modified":"2024-11-10T13:03:45","modified_gmt":"2024-11-10T16:03:45","slug":"marcal-do-botafogo-marca-presenca-em-evento-de-outro-time-no-rio-de-janeiro","status":"publish","type":"post","link":"https:\/\/www.gaveanews.com\/index.php\/2024\/11\/10\/marcal-do-botafogo-marca-presenca-em-evento-de-outro-time-no-rio-de-janeiro\/","title":{"rendered":"Mar\u00e7al, do Botafogo, marca presen\u00e7a em evento de outro time no Rio de Janeiro"},"content":{"rendered":"\n<p>O lateral-esquerdo do Botafogo, Mar\u00e7al, marcou presen\u00e7a no evento de apresenta\u00e7\u00e3o da SAF do Boavista. Ele se juntou a empres\u00e1rios, dirigentes e ex-jogadores para prestigiar o projeto do clube de Saquarema, no Rio de Janeiro.<\/p>\n\n\n\n<ul class=\"wp-block-list\">\n<li><a href=\"https:\/\/www.gaveanews.com\/index.php\/2024\/11\/09\/flamengo-podera-atingir-feito-que-o-atletico-mg-jamais-podera-apagar-da-historia-da-arena-mrv\/\">Flamengo poder\u00e1 atingir feito que o Atl\u00e9tico-MG jamais poder\u00e1 apagar da hist\u00f3ria da Arena MRV<\/a><\/li>\n\n\n\n<li><a href=\"https:\/\/www.gaveanews.com\/index.php\/2024\/11\/10\/ele-deixou-o-flamengo-sem-muitas-oportunidades-e-agora-e-destaque-na-europa\/\">Ele deixou o Flamengo sem muitas oportunidades e agora \u00e9 destaque na Europa<\/a><\/li>\n<\/ul>\n\n\n\n<p>A cerim\u00f4nia tinha o objetivo de apresentar o projeto ambicioso dos novos donos da SAF do Boavista, que pretendem disputar a S\u00e9rie B do Campeonato Brasileiro em seis anos. A aquisi\u00e7\u00e3o do time de Saquarema foi feita pelo grupo \u201cArte da Bola\u201d, que comprou 80% das a\u00e7\u00f5es, e \u00e9 administrado pelos empres\u00e1rios Marcelo Pedrosa e Vlouner Martins, que s\u00e3o do ramo da constru\u00e7\u00e3o civil.<\/p>\n\n\n\n<p>Al\u00e9m de apresentar os objetivos para a sequ\u00eancia dos anos, Marcelo e Vlouner, que t\u00eam interesse na contrata\u00e7\u00e3o de Vagner Love para as disputas do Campeonato Carioca e do Brasileir\u00e3o da S\u00e9rie D, apresentaram a contrata\u00e7\u00e3o do t\u00e9cnico Caio Zanardi.<\/p>\n\n\n\n<p>Caio foi formado nas divis\u00f5es de base do Palmeiras e comandou a sele\u00e7\u00e3o brasileira sub-17. Ele fez carreira na \u00c1sia, ficando 15 anos fora do Brasil. Para aceitar a proposta de assumir o comando da equipe, ele voltou de Portugal, onde morava.&nbsp;<\/p>\n\n\n\n<p>Foram anunciadas tamb\u00e9m a reforma do est\u00e1dio Elcyr Resende e a constru\u00e7\u00e3o do centro de treinamentos do clube. A manuten\u00e7\u00e3o da casa do Boavista visa poder receber os quatro grandes clubes do Rio de Janeiro, no campeonato estadual. J\u00e1 o CT tem previs\u00e3o para ficar pronto em dois anos, em um terreno j\u00e1 adquirido pela dupla, que promete erguer um equipamento de excel\u00eancia, com infraestrutura moderna.<\/p>\n\n\n\n<p>Entre as figuras do mundo do futebol que estavam presentes, se destacam o lateral-esquerdo do Botafogo, Mar\u00e7al, o coordenador de base da CBF e tetracampe\u00e3o mundial, Branco, o ex-CEO&nbsp; da SAF do Vasco da Gama, Luiz Mello, Euriquinho e \u00c1lvaro Brand\u00e3o, filhos do ex-presidente vasca\u00edno Eurico Miranda, entre outro<\/p>\n","protected":false},"excerpt":{"rendered":"<p>O lateral-esquerdo do Botafogo, Mar\u00e7al, marcou presen\u00e7a no evento de apresenta\u00e7\u00e3o da SAF do Boavista. Ele se juntou a empres\u00e1rios, dirigentes e ex-jogadores para prestigiar o projeto do clube de Saquarema, no Rio de Janeiro. A cerim\u00f4nia tinha o objetivo de apresentar o projeto ambicioso dos novos donos da SAF do Boavista, que pretendem disputar [&hellip;]<\/p>\n","protected":false},"author":29,"featured_media":166401,"comment_status":"open","ping_status":"closed","sticky":false,"template":"","format":"standard","meta":{"footnotes":""},"categories":[138],"tags":[],"class_list":["post-183486","post","type-post","status-publish","format-standard","has-post-thumbnail","hentry","category-botafogo"],"yoast_head":"<!-- This site is optimized with the Yoast SEO Premium plugin v24.2 (Yoast SEO v26.9) - https:\/\/yoast.com\/product\/yoast-seo-premium-wordpress\/ -->\n<title>Mar\u00e7al, do Botafogo, marca presen\u00e7a em evento de outro time no Rio de Janeiro<\/title>\n<meta name=\"robots\" content=\"index, follow, max-snippet:-1, max-image-preview:large, max-video-preview:-1\" \/>\n<link rel=\"canonical\" href=\"https:\/\/www.gaveanews.com\/index.php\/2024\/11\/10\/marcal-do-botafogo-marca-presenca-em-evento-de-outro-time-no-rio-de-janeiro\/\" \/>\n<meta property=\"og:locale\" content=\"pt_BR\" \/>\n<meta property=\"og:type\" content=\"article\" \/>\n<meta property=\"og:title\" content=\"Mar\u00e7al, do Botafogo, marca presen\u00e7a em evento de outro time no Rio de Janeiro\" \/>\n<meta property=\"og:description\" content=\"O lateral-esquerdo do Botafogo, Mar\u00e7al, marcou presen\u00e7a no evento de apresenta\u00e7\u00e3o da SAF do Boavista. Ele se juntou a empres\u00e1rios, dirigentes e ex-jogadores para prestigiar o projeto do clube de Saquarema, no Rio de Janeiro. A cerim\u00f4nia tinha o objetivo de apresentar o projeto ambicioso dos novos donos da SAF do Boavista, que pretendem disputar [&hellip;]\" \/>\n<meta property=\"og:url\" content=\"https:\/\/www.gaveanews.com\/index.php\/2024\/11\/10\/marcal-do-botafogo-marca-presenca-em-evento-de-outro-time-no-rio-de-janeiro\/\" \/>\n<meta property=\"og:site_name\" content=\"G\u00e1vea News\" \/>\n<meta property=\"article:publisher\" content=\"https:\/\/facebook.com\/gaveaNews\/\" \/>\n<meta property=\"article:published_time\" content=\"2024-11-10T17:25:00+00:00\" \/>\n<meta property=\"og:image\" content=\"https:\/\/www.gaveanews.com\/wp-content\/uploads\/Marcal-apresentado-no-Botafogo.webp\" \/>\n\t<meta property=\"og:image:width\" content=\"984\" \/>\n\t<meta property=\"og:image:height\" content=\"656\" \/>\n\t<meta property=\"og:image:type\" content=\"image\/webp\" \/>\n<meta name=\"author\" content=\"Marco Menezes\" \/>\n<meta name=\"twitter:card\" content=\"summary_large_image\" \/>\n<meta name=\"twitter:label1\" content=\"Escrito por\" \/>\n\t<meta name=\"twitter:data1\" content=\"Marco Menezes\" \/>\n\t<meta name=\"twitter:label2\" content=\"Est. tempo de leitura\" \/>\n\t<meta name=\"twitter:data2\" content=\"2 minutos\" \/>\n<script type=\"application\/ld+json\" class=\"yoast-schema-graph\">{\"@context\":\"https:\/\/schema.org\",\"@graph\":[{\"@type\":\"NewsArticle\",\"@id\":\"https:\/\/www.gaveanews.com\/index.php\/2024\/11\/10\/marcal-do-botafogo-marca-presenca-em-evento-de-outro-time-no-rio-de-janeiro\/#article\",\"isPartOf\":{\"@id\":\"https:\/\/www.gaveanews.com\/index.php\/2024\/11\/10\/marcal-do-botafogo-marca-presenca-em-evento-de-outro-time-no-rio-de-janeiro\/\"},\"author\":{\"name\":\"Marco Menezes\",\"@id\":\"https:\/\/www.gaveanews.com\/#\/schema\/person\/a9f62fe75380c6bada1b2fc49bc23d69\"},\"headline\":\"Mar\u00e7al, do Botafogo, marca presen\u00e7a em evento de outro time no Rio de Janeiro\",\"datePublished\":\"2024-11-10T17:25:00+00:00\",\"mainEntityOfPage\":{\"@id\":\"https:\/\/www.gaveanews.com\/index.php\/2024\/11\/10\/marcal-do-botafogo-marca-presenca-em-evento-de-outro-time-no-rio-de-janeiro\/\"},\"wordCount\":371,\"commentCount\":0,\"image\":{\"@id\":\"https:\/\/www.gaveanews.com\/index.php\/2024\/11\/10\/marcal-do-botafogo-marca-presenca-em-evento-de-outro-time-no-rio-de-janeiro\/#primaryimage\"},\"thumbnailUrl\":\"https:\/\/www.gaveanews.com\/wp-content\/uploads\/Marcal-apresentado-no-Botafogo.webp\",\"articleSection\":[\"Botafogo\"],\"inLanguage\":\"pt-BR\",\"potentialAction\":[{\"@type\":\"CommentAction\",\"name\":\"Comment\",\"target\":[\"https:\/\/www.gaveanews.com\/index.php\/2024\/11\/10\/marcal-do-botafogo-marca-presenca-em-evento-de-outro-time-no-rio-de-janeiro\/#respond\"]}],\"copyrightYear\":\"2024\",\"copyrightHolder\":{\"@id\":\"https:\/\/www.gaveanews.com\/#organization\"}},{\"@type\":\"WebPage\",\"@id\":\"https:\/\/www.gaveanews.com\/index.php\/2024\/11\/10\/marcal-do-botafogo-marca-presenca-em-evento-de-outro-time-no-rio-de-janeiro\/\",\"url\":\"https:\/\/www.gaveanews.com\/index.php\/2024\/11\/10\/marcal-do-botafogo-marca-presenca-em-evento-de-outro-time-no-rio-de-janeiro\/\",\"name\":\"Mar\u00e7al, do Botafogo, marca presen\u00e7a em evento de outro time no Rio de Janeiro\",\"isPartOf\":{\"@id\":\"https:\/\/www.gaveanews.com\/#website\"},\"primaryImageOfPage\":{\"@id\":\"https:\/\/www.gaveanews.com\/index.php\/2024\/11\/10\/marcal-do-botafogo-marca-presenca-em-evento-de-outro-time-no-rio-de-janeiro\/#primaryimage\"},\"image\":{\"@id\":\"https:\/\/www.gaveanews.com\/index.php\/2024\/11\/10\/marcal-do-botafogo-marca-presenca-em-evento-de-outro-time-no-rio-de-janeiro\/#primaryimage\"},\"thumbnailUrl\":\"https:\/\/www.gaveanews.com\/wp-content\/uploads\/Marcal-apresentado-no-Botafogo.webp\",\"datePublished\":\"2024-11-10T17:25:00+00:00\",\"author\":{\"@id\":\"https:\/\/www.gaveanews.com\/#\/schema\/person\/a9f62fe75380c6bada1b2fc49bc23d69\"},\"breadcrumb\":{\"@id\":\"https:\/\/www.gaveanews.com\/index.php\/2024\/11\/10\/marcal-do-botafogo-marca-presenca-em-evento-de-outro-time-no-rio-de-janeiro\/#breadcrumb\"},\"inLanguage\":\"pt-BR\",\"potentialAction\":[{\"@type\":\"ReadAction\",\"target\":[\"https:\/\/www.gaveanews.com\/index.php\/2024\/11\/10\/marcal-do-botafogo-marca-presenca-em-evento-de-outro-time-no-rio-de-janeiro\/\"]}]},{\"@type\":\"ImageObject\",\"inLanguage\":\"pt-BR\",\"@id\":\"https:\/\/www.gaveanews.com\/index.php\/2024\/11\/10\/marcal-do-botafogo-marca-presenca-em-evento-de-outro-time-no-rio-de-janeiro\/#primaryimage\",\"url\":\"https:\/\/www.gaveanews.com\/wp-content\/uploads\/Marcal-apresentado-no-Botafogo.webp\",\"contentUrl\":\"https:\/\/www.gaveanews.com\/wp-content\/uploads\/Marcal-apresentado-no-Botafogo.webp\",\"width\":984,\"height\":656,\"caption\":\"Mar\u00e7al apresentado no Botafogo (Foto: Divulga\u00e7\u00e3o\/Botafogo)\"},{\"@type\":\"BreadcrumbList\",\"@id\":\"https:\/\/www.gaveanews.com\/index.php\/2024\/11\/10\/marcal-do-botafogo-marca-presenca-em-evento-de-outro-time-no-rio-de-janeiro\/#breadcrumb\",\"itemListElement\":[{\"@type\":\"ListItem\",\"position\":1,\"name\":\"Home\",\"item\":\"https:\/\/www.gaveanews.com\/\"},{\"@type\":\"ListItem\",\"position\":2,\"name\":\"Mar\u00e7al, do Botafogo, marca presen\u00e7a em evento de outro time no Rio de Janeiro\"}]},{\"@type\":\"WebSite\",\"@id\":\"https:\/\/www.gaveanews.com\/#website\",\"url\":\"https:\/\/www.gaveanews.com\/\",\"name\":\"G\u00e1vea News\",\"description\":\"Veja todas as not\u00edcias sobre o Flamengo: Contrata\u00e7\u00f5es, categorias de base, resultados das partidas, tabela de classifica\u00e7\u00e3o, pr\u00f3ximos jogos!\",\"potentialAction\":[{\"@type\":\"SearchAction\",\"target\":{\"@type\":\"EntryPoint\",\"urlTemplate\":\"https:\/\/www.gaveanews.com\/?s={search_term_string}\"},\"query-input\":{\"@type\":\"PropertyValueSpecification\",\"valueRequired\":true,\"valueName\":\"search_term_string\"}}],\"inLanguage\":\"pt-BR\"},{\"@type\":\"Person\",\"@id\":\"https:\/\/www.gaveanews.com\/#\/schema\/person\/a9f62fe75380c6bada1b2fc49bc23d69\",\"name\":\"Marco Menezes\",\"image\":{\"@type\":\"ImageObject\",\"inLanguage\":\"pt-BR\",\"@id\":\"https:\/\/www.gaveanews.com\/#\/schema\/person\/image\/\",\"url\":\"https:\/\/secure.gravatar.com\/avatar\/a1d148ae17fc8bfc5dbccffd07979e8bd2c9ba494221779de86ec2c7907b71ec?s=96&d=mm&r=g\",\"contentUrl\":\"https:\/\/secure.gravatar.com\/avatar\/a1d148ae17fc8bfc5dbccffd07979e8bd2c9ba494221779de86ec2c7907b71ec?s=96&d=mm&r=g\",\"caption\":\"Marco Menezes\"}}]}<\/script>\n<!-- \/ Yoast SEO Premium plugin. -->","yoast_head_json":{"title":"Mar\u00e7al, do Botafogo, marca presen\u00e7a em evento de outro time no Rio de Janeiro","robots":{"index":"index","follow":"follow","max-snippet":"max-snippet:-1","max-image-preview":"max-image-preview:large","max-video-preview":"max-video-preview:-1"},"canonical":"https:\/\/www.gaveanews.com\/index.php\/2024\/11\/10\/marcal-do-botafogo-marca-presenca-em-evento-de-outro-time-no-rio-de-janeiro\/","og_locale":"pt_BR","og_type":"article","og_title":"Mar\u00e7al, do Botafogo, marca presen\u00e7a em evento de outro time no Rio de Janeiro","og_description":"O lateral-esquerdo do Botafogo, Mar\u00e7al, marcou presen\u00e7a no evento de apresenta\u00e7\u00e3o da SAF do Boavista. Ele se juntou a empres\u00e1rios, dirigentes e ex-jogadores para prestigiar o projeto do clube de Saquarema, no Rio de Janeiro. A cerim\u00f4nia tinha o objetivo de apresentar o projeto ambicioso dos novos donos da SAF do Boavista, que pretendem disputar [&hellip;]","og_url":"https:\/\/www.gaveanews.com\/index.php\/2024\/11\/10\/marcal-do-botafogo-marca-presenca-em-evento-de-outro-time-no-rio-de-janeiro\/","og_site_name":"G\u00e1vea News","article_publisher":"https:\/\/facebook.com\/gaveaNews\/","article_published_time":"2024-11-10T17:25:00+00:00","og_image":[{"width":984,"height":656,"url":"https:\/\/www.gaveanews.com\/wp-content\/uploads\/Marcal-apresentado-no-Botafogo.webp","type":"image\/webp"}],"author":"Marco Menezes","twitter_card":"summary_large_image","twitter_misc":{"Escrito por":"Marco Menezes","Est. tempo de leitura":"2 minutos"},"schema":{"@context":"https:\/\/schema.org","@graph":[{"@type":"NewsArticle","@id":"https:\/\/www.gaveanews.com\/index.php\/2024\/11\/10\/marcal-do-botafogo-marca-presenca-em-evento-de-outro-time-no-rio-de-janeiro\/#article","isPartOf":{"@id":"https:\/\/www.gaveanews.com\/index.php\/2024\/11\/10\/marcal-do-botafogo-marca-presenca-em-evento-de-outro-time-no-rio-de-janeiro\/"},"author":{"name":"Marco Menezes","@id":"https:\/\/www.gaveanews.com\/#\/schema\/person\/a9f62fe75380c6bada1b2fc49bc23d69"},"headline":"Mar\u00e7al, do Botafogo, marca presen\u00e7a em evento de outro time no Rio de Janeiro","datePublished":"2024-11-10T17:25:00+00:00","mainEntityOfPage":{"@id":"https:\/\/www.gaveanews.com\/index.php\/2024\/11\/10\/marcal-do-botafogo-marca-presenca-em-evento-de-outro-time-no-rio-de-janeiro\/"},"wordCount":371,"commentCount":0,"image":{"@id":"https:\/\/www.gaveanews.com\/index.php\/2024\/11\/10\/marcal-do-botafogo-marca-presenca-em-evento-de-outro-time-no-rio-de-janeiro\/#primaryimage"},"thumbnailUrl":"https:\/\/www.gaveanews.com\/wp-content\/uploads\/Marcal-apresentado-no-Botafogo.webp","articleSection":["Botafogo"],"inLanguage":"pt-BR","potentialAction":[{"@type":"CommentAction","name":"Comment","target":["https:\/\/www.gaveanews.com\/index.php\/2024\/11\/10\/marcal-do-botafogo-marca-presenca-em-evento-de-outro-time-no-rio-de-janeiro\/#respond"]}],"copyrightYear":"2024","copyrightHolder":{"@id":"https:\/\/www.gaveanews.com\/#organization"}},{"@type":"WebPage","@id":"https:\/\/www.gaveanews.com\/index.php\/2024\/11\/10\/marcal-do-botafogo-marca-presenca-em-evento-de-outro-time-no-rio-de-janeiro\/","url":"https:\/\/www.gaveanews.com\/index.php\/2024\/11\/10\/marcal-do-botafogo-marca-presenca-em-evento-de-outro-time-no-rio-de-janeiro\/","name":"Mar\u00e7al, do Botafogo, marca presen\u00e7a em evento de outro time no Rio de Janeiro","isPartOf":{"@id":"https:\/\/www.gaveanews.com\/#website"},"primaryImageOfPage":{"@id":"https:\/\/www.gaveanews.com\/index.php\/2024\/11\/10\/marcal-do-botafogo-marca-presenca-em-evento-de-outro-time-no-rio-de-janeiro\/#primaryimage"},"image":{"@id":"https:\/\/www.gaveanews.com\/index.php\/2024\/11\/10\/marcal-do-botafogo-marca-presenca-em-evento-de-outro-time-no-rio-de-janeiro\/#primaryimage"},"thumbnailUrl":"https:\/\/www.gaveanews.com\/wp-content\/uploads\/Marcal-apresentado-no-Botafogo.webp","datePublished":"2024-11-10T17:25:00+00:00","author":{"@id":"https:\/\/www.gaveanews.com\/#\/schema\/person\/a9f62fe75380c6bada1b2fc49bc23d69"},"breadcrumb":{"@id":"https:\/\/www.gaveanews.com\/index.php\/2024\/11\/10\/marcal-do-botafogo-marca-presenca-em-evento-de-outro-time-no-rio-de-janeiro\/#breadcrumb"},"inLanguage":"pt-BR","potentialAction":[{"@type":"ReadAction","target":["https:\/\/www.gaveanews.com\/index.php\/2024\/11\/10\/marcal-do-botafogo-marca-presenca-em-evento-de-outro-time-no-rio-de-janeiro\/"]}]},{"@type":"ImageObject","inLanguage":"pt-BR","@id":"https:\/\/www.gaveanews.com\/index.php\/2024\/11\/10\/marcal-do-botafogo-marca-presenca-em-evento-de-outro-time-no-rio-de-janeiro\/#primaryimage","url":"https:\/\/www.gaveanews.com\/wp-content\/uploads\/Marcal-apresentado-no-Botafogo.webp","contentUrl":"https:\/\/www.gaveanews.com\/wp-content\/uploads\/Marcal-apresentado-no-Botafogo.webp","width":984,"height":656,"caption":"Mar\u00e7al apresentado no Botafogo (Foto: Divulga\u00e7\u00e3o\/Botafogo)"},{"@type":"BreadcrumbList","@id":"https:\/\/www.gaveanews.com\/index.php\/2024\/11\/10\/marcal-do-botafogo-marca-presenca-em-evento-de-outro-time-no-rio-de-janeiro\/#breadcrumb","itemListElement":[{"@type":"ListItem","position":1,"name":"Home","item":"https:\/\/www.gaveanews.com\/"},{"@type":"ListItem","position":2,"name":"Mar\u00e7al, do Botafogo, marca presen\u00e7a em evento de outro time no Rio de Janeiro"}]},{"@type":"WebSite","@id":"https:\/\/www.gaveanews.com\/#website","url":"https:\/\/www.gaveanews.com\/","name":"G\u00e1vea News","description":"Veja todas as not\u00edcias sobre o Flamengo: Contrata\u00e7\u00f5es, categorias de base, resultados das partidas, tabela de classifica\u00e7\u00e3o, pr\u00f3ximos jogos!","potentialAction":[{"@type":"SearchAction","target":{"@type":"EntryPoint","urlTemplate":"https:\/\/www.gaveanews.com\/?s={search_term_string}"},"query-input":{"@type":"PropertyValueSpecification","valueRequired":true,"valueName":"search_term_string"}}],"inLanguage":"pt-BR"},{"@type":"Person","@id":"https:\/\/www.gaveanews.com\/#\/schema\/person\/a9f62fe75380c6bada1b2fc49bc23d69","name":"Marco Menezes","image":{"@type":"ImageObject","inLanguage":"pt-BR","@id":"https:\/\/www.gaveanews.com\/#\/schema\/person\/image\/","url":"https:\/\/secure.gravatar.com\/avatar\/a1d148ae17fc8bfc5dbccffd07979e8bd2c9ba494221779de86ec2c7907b71ec?s=96&d=mm&r=g","contentUrl":"https:\/\/secure.gravatar.com\/avatar\/a1d148ae17fc8bfc5dbccffd07979e8bd2c9ba494221779de86ec2c7907b71ec?s=96&d=mm&r=g","caption":"Marco Menezes"}}]}},"_links":{"self":[{"href":"https:\/\/www.gaveanews.com\/index.php\/wp-json\/wp\/v2\/posts\/183486","targetHints":{"allow":["GET"]}}],"collection":[{"href":"https:\/\/www.gaveanews.com\/index.php\/wp-json\/wp\/v2\/posts"}],"about":[{"href":"https:\/\/www.gaveanews.com\/index.php\/wp-json\/wp\/v2\/types\/post"}],"author":[{"embeddable":true,"href":"https:\/\/www.gaveanews.com\/index.php\/wp-json\/wp\/v2\/users\/29"}],"replies":[{"embeddable":true,"href":"https:\/\/www.gaveanews.com\/index.php\/wp-json\/wp\/v2\/comments?post=183486"}],"version-history":[{"count":1,"href":"https:\/\/www.gaveanews.com\/index.php\/wp-json\/wp\/v2\/posts\/183486\/revisions"}],"predecessor-version":[{"id":183487,"href":"https:\/\/www.gaveanews.com\/index.php\/wp-json\/wp\/v2\/posts\/183486\/revisions\/183487"}],"wp:featuredmedia":[{"embeddable":true,"href":"https:\/\/www.gaveanews.com\/index.php\/wp-json\/wp\/v2\/media\/166401"}],"wp:attachment":[{"href":"https:\/\/www.gaveanews.com\/index.php\/wp-json\/wp\/v2\/media?parent=183486"}],"wp:term":[{"taxonomy":"category","embeddable":true,"href":"https:\/\/www.gaveanews.com\/index.php\/wp-json\/wp\/v2\/categories?post=183486"},{"taxonomy":"post_tag","embeddable":true,"href":"https:\/\/www.gaveanews.com\/index.php\/wp-json\/wp\/v2\/tags?post=183486"}],"curies":[{"name":"wp","href":"https:\/\/api.w.org\/{rel}","templated":true}]}}