{"id":183590,"date":"2024-11-10T19:24:02","date_gmt":"2024-11-10T22:24:02","guid":{"rendered":"https:\/\/www.gaveanews.com\/?p=183590"},"modified":"2024-11-10T19:24:05","modified_gmt":"2024-11-10T22:24:05","slug":"a-declaracao-de-marcos-braz-direcionada-a-gabigol-3","status":"publish","type":"post","link":"https:\/\/www.gaveanews.com\/index.php\/2024\/11\/10\/a-declaracao-de-marcos-braz-direcionada-a-gabigol-3\/","title":{"rendered":"A declara\u00e7\u00e3o de Marcos Braz direcionada a Gabigol"},"content":{"rendered":"\n<p>Neste domingo (10), Flamengo e Atl\u00e9tico-MG se enfrentaram na Arena MRV e disputaram o t\u00edtulo da Copa do Brasil. O Rubro-Negro venceu a partida por 1 a 0, sendo 4 a 1 no agregado, e garantiu o trof\u00e9u. Ap\u00f3s o apito final, no entanto, Gabigol informou que n\u00e3o vai permanecer no clube, e o assunto virou tema com dirigentes. <\/p>\n\n\n\n<ul class=\"wp-block-list\">\n<li><a href=\"https:\/\/www.gaveanews.com\/index.php\/2024\/11\/10\/gabigol-da-triste-noticia-para-a-torcida-do-flamengo-apos-titulo-da-copa-do-brasil\/\">Gabigol d\u00e1 triste not\u00edcia para a torcida do Flamengo ap\u00f3s t\u00edtulo da Copa do Brasil<\/a><\/li>\n\n\n\n<li><a href=\"https:\/\/www.gaveanews.com\/index.php\/2024\/11\/10\/muita-grana-flamengo-ganha-caminhao-de-dinheiro-na-copa-do-brasil\/\">MUITA GRANA! Flamengo ganha caminh\u00e3o de dinheiro na Copa do Brasil<\/a><\/li>\n<\/ul>\n\n\n\n<p>Ap\u00f3s a declara\u00e7\u00e3o de Gabriel Barbosa, que informou ao vivo na TV Globo a n\u00e3o perman\u00eancia no Flamengo, o vice-presidente de futebol do Rubro-Negro, Marcos Braz, avaliou a situa\u00e7\u00e3o como &#8216;natural&#8217; e desejou sucesso ao atleta.<\/p>\n\n\n\n<p>\u2014 <em>\u00c9 uma coisa mais natural do fundo, faltam dois meses para acabar o contrato dele. Vejo com maior naturalidade do mundo ele buscar novos ares e que tenha boa sorte na carreira. Eu era sabedor desde sempre, at\u00e9 porque eu conhe\u00e7o o mercado, que tinham alguns clubes. Como teve o Palmeiras, podem at\u00e9 n\u00e3o confirmar, mas como teve o Palmeiras, o Corinthians l\u00e1 atr\u00e1s, e agora teve o Cruzeiro<\/em> -, disse.<\/p>\n\n\n\n<h2 class=\"wp-block-heading\" id=\"h-veja-declaracao-de-gabigol-sobre-nao-permanencia-no-flamengo\">Veja declara\u00e7\u00e3o de Gabigol sobre n\u00e3o perman\u00eancia no Flamengo<\/h2>\n\n\n\n<p>\u2014 <em>N\u00e3o vou ficar no Flamengo, mas o carinho \u00e9 imenso, rec\u00edproco. \u00c9 aproveitr os jogos que faltam, me despedir bem da torcida, dos meus colegas e estou muito feliz. N\u00e3o fico, n\u00e3o fico no Flamengo. Durantes os \u00faltimos anos, houve negocia\u00e7\u00f5es, o presidente e a diretoria apertaram minha m\u00e3o, do meu pai, da minha fam\u00edlia, e n\u00e3o houve. Acabaram acontecendo coisas que eu n\u00e3o gostei, eu sempre soube tudo pelo podcast, nunca pessoalmente. <\/em><\/p>\n\n\n\n<p>\u2014 <em>Durante esses anos, eu falei muito com o Braz, a gente converso, eu falei da possibilidade sobre dois, tr\u00eas anos, nunca houve proposta. Depois de hoje, com esse t\u00edtulo, eu n\u00e3o fico. Vou curtir at\u00e9 dia 31 de dezembro, at\u00e9 l\u00e1 eu sou jogador do Flamengo, amo todo mundo, os jogadores, a torcida, e vou aproveitar<\/em> -, disse.<\/p>\n","protected":false},"excerpt":{"rendered":"<p>Neste domingo (10), Flamengo e Atl\u00e9tico-MG se enfrentaram na Arena MRV e disputaram o t\u00edtulo da Copa do Brasil. O Rubro-Negro venceu a partida por 1 a 0, sendo 4 a 1 no agregado, e garantiu o trof\u00e9u. Ap\u00f3s o apito final, no entanto, Gabigol informou que n\u00e3o vai permanecer no clube, e o assunto [&hellip;]<\/p>\n","protected":false},"author":18,"featured_media":127549,"comment_status":"open","ping_status":"closed","sticky":false,"template":"","format":"standard","meta":{"footnotes":""},"categories":[1],"tags":[],"class_list":["post-183590","post","type-post","status-publish","format-standard","has-post-thumbnail","hentry","category-flamengo"],"yoast_head":"<!-- This site is optimized with the Yoast SEO Premium plugin v24.2 (Yoast SEO v26.9) - https:\/\/yoast.com\/product\/yoast-seo-premium-wordpress\/ -->\n<title>A declara\u00e7\u00e3o de Marcos Braz direcionada a Gabigol<\/title>\n<meta name=\"robots\" content=\"index, follow, max-snippet:-1, max-image-preview:large, max-video-preview:-1\" \/>\n<link rel=\"canonical\" href=\"https:\/\/www.gaveanews.com\/index.php\/2024\/11\/10\/a-declaracao-de-marcos-braz-direcionada-a-gabigol-3\/\" \/>\n<meta property=\"og:locale\" content=\"pt_BR\" \/>\n<meta property=\"og:type\" content=\"article\" \/>\n<meta property=\"og:title\" content=\"A declara\u00e7\u00e3o de Marcos Braz direcionada a Gabigol\" \/>\n<meta property=\"og:description\" content=\"Neste domingo (10), Flamengo e Atl\u00e9tico-MG se enfrentaram na Arena MRV e disputaram o t\u00edtulo da Copa do Brasil. O Rubro-Negro venceu a partida por 1 a 0, sendo 4 a 1 no agregado, e garantiu o trof\u00e9u. Ap\u00f3s o apito final, no entanto, Gabigol informou que n\u00e3o vai permanecer no clube, e o assunto [&hellip;]\" \/>\n<meta property=\"og:url\" content=\"https:\/\/www.gaveanews.com\/index.php\/2024\/11\/10\/a-declaracao-de-marcos-braz-direcionada-a-gabigol-3\/\" \/>\n<meta property=\"og:site_name\" content=\"G\u00e1vea News\" \/>\n<meta property=\"article:publisher\" content=\"https:\/\/facebook.com\/gaveaNews\/\" \/>\n<meta property=\"article:published_time\" content=\"2024-11-10T22:24:02+00:00\" \/>\n<meta property=\"article:modified_time\" content=\"2024-11-10T22:24:05+00:00\" \/>\n<meta property=\"og:image\" content=\"https:\/\/www.gaveanews.com\/wp-content\/uploads\/Marcos-Braz.webp\" \/>\n\t<meta property=\"og:image:width\" content=\"1200\" \/>\n\t<meta property=\"og:image:height\" content=\"750\" \/>\n\t<meta property=\"og:image:type\" content=\"image\/webp\" \/>\n<meta name=\"author\" content=\"Paula Silva\" \/>\n<meta name=\"twitter:card\" content=\"summary_large_image\" \/>\n<meta name=\"twitter:label1\" content=\"Escrito por\" \/>\n\t<meta name=\"twitter:data1\" content=\"Paula Silva\" \/>\n\t<meta name=\"twitter:label2\" content=\"Est. tempo de leitura\" \/>\n\t<meta name=\"twitter:data2\" content=\"3 minutos\" \/>\n<script type=\"application\/ld+json\" class=\"yoast-schema-graph\">{\"@context\":\"https:\/\/schema.org\",\"@graph\":[{\"@type\":\"NewsArticle\",\"@id\":\"https:\/\/www.gaveanews.com\/index.php\/2024\/11\/10\/a-declaracao-de-marcos-braz-direcionada-a-gabigol-3\/#article\",\"isPartOf\":{\"@id\":\"https:\/\/www.gaveanews.com\/index.php\/2024\/11\/10\/a-declaracao-de-marcos-braz-direcionada-a-gabigol-3\/\"},\"author\":{\"name\":\"Paula Silva\",\"@id\":\"https:\/\/www.gaveanews.com\/#\/schema\/person\/daf63eec72e1164eb13dc35096c2b8da\"},\"headline\":\"A declara\u00e7\u00e3o de Marcos Braz direcionada a Gabigol\",\"datePublished\":\"2024-11-10T22:24:02+00:00\",\"dateModified\":\"2024-11-10T22:24:05+00:00\",\"mainEntityOfPage\":{\"@id\":\"https:\/\/www.gaveanews.com\/index.php\/2024\/11\/10\/a-declaracao-de-marcos-braz-direcionada-a-gabigol-3\/\"},\"wordCount\":364,\"commentCount\":0,\"image\":{\"@id\":\"https:\/\/www.gaveanews.com\/index.php\/2024\/11\/10\/a-declaracao-de-marcos-braz-direcionada-a-gabigol-3\/#primaryimage\"},\"thumbnailUrl\":\"https:\/\/www.gaveanews.com\/wp-content\/uploads\/Marcos-Braz.webp\",\"articleSection\":[\"Flamengo\"],\"inLanguage\":\"pt-BR\",\"potentialAction\":[{\"@type\":\"CommentAction\",\"name\":\"Comment\",\"target\":[\"https:\/\/www.gaveanews.com\/index.php\/2024\/11\/10\/a-declaracao-de-marcos-braz-direcionada-a-gabigol-3\/#respond\"]}],\"copyrightYear\":\"2024\",\"copyrightHolder\":{\"@id\":\"https:\/\/www.gaveanews.com\/#organization\"}},{\"@type\":\"WebPage\",\"@id\":\"https:\/\/www.gaveanews.com\/index.php\/2024\/11\/10\/a-declaracao-de-marcos-braz-direcionada-a-gabigol-3\/\",\"url\":\"https:\/\/www.gaveanews.com\/index.php\/2024\/11\/10\/a-declaracao-de-marcos-braz-direcionada-a-gabigol-3\/\",\"name\":\"A declara\u00e7\u00e3o de Marcos Braz direcionada a Gabigol\",\"isPartOf\":{\"@id\":\"https:\/\/www.gaveanews.com\/#website\"},\"primaryImageOfPage\":{\"@id\":\"https:\/\/www.gaveanews.com\/index.php\/2024\/11\/10\/a-declaracao-de-marcos-braz-direcionada-a-gabigol-3\/#primaryimage\"},\"image\":{\"@id\":\"https:\/\/www.gaveanews.com\/index.php\/2024\/11\/10\/a-declaracao-de-marcos-braz-direcionada-a-gabigol-3\/#primaryimage\"},\"thumbnailUrl\":\"https:\/\/www.gaveanews.com\/wp-content\/uploads\/Marcos-Braz.webp\",\"datePublished\":\"2024-11-10T22:24:02+00:00\",\"dateModified\":\"2024-11-10T22:24:05+00:00\",\"author\":{\"@id\":\"https:\/\/www.gaveanews.com\/#\/schema\/person\/daf63eec72e1164eb13dc35096c2b8da\"},\"breadcrumb\":{\"@id\":\"https:\/\/www.gaveanews.com\/index.php\/2024\/11\/10\/a-declaracao-de-marcos-braz-direcionada-a-gabigol-3\/#breadcrumb\"},\"inLanguage\":\"pt-BR\",\"potentialAction\":[{\"@type\":\"ReadAction\",\"target\":[\"https:\/\/www.gaveanews.com\/index.php\/2024\/11\/10\/a-declaracao-de-marcos-braz-direcionada-a-gabigol-3\/\"]}]},{\"@type\":\"ImageObject\",\"inLanguage\":\"pt-BR\",\"@id\":\"https:\/\/www.gaveanews.com\/index.php\/2024\/11\/10\/a-declaracao-de-marcos-braz-direcionada-a-gabigol-3\/#primaryimage\",\"url\":\"https:\/\/www.gaveanews.com\/wp-content\/uploads\/Marcos-Braz.webp\",\"contentUrl\":\"https:\/\/www.gaveanews.com\/wp-content\/uploads\/Marcos-Braz.webp\",\"width\":1200,\"height\":750,\"caption\":\"Marcos Braz j\u00e1 foi vice-presidente de futebol do Flamengo - Foto: Gilvan de Souza\/Flamengo\"},{\"@type\":\"BreadcrumbList\",\"@id\":\"https:\/\/www.gaveanews.com\/index.php\/2024\/11\/10\/a-declaracao-de-marcos-braz-direcionada-a-gabigol-3\/#breadcrumb\",\"itemListElement\":[{\"@type\":\"ListItem\",\"position\":1,\"name\":\"Home\",\"item\":\"https:\/\/www.gaveanews.com\/\"},{\"@type\":\"ListItem\",\"position\":2,\"name\":\"A declara\u00e7\u00e3o de Marcos Braz direcionada a Gabigol\"}]},{\"@type\":\"WebSite\",\"@id\":\"https:\/\/www.gaveanews.com\/#website\",\"url\":\"https:\/\/www.gaveanews.com\/\",\"name\":\"G\u00e1vea News\",\"description\":\"Veja todas as not\u00edcias sobre o Flamengo: Contrata\u00e7\u00f5es, categorias de base, resultados das partidas, tabela de classifica\u00e7\u00e3o, pr\u00f3ximos jogos!\",\"potentialAction\":[{\"@type\":\"SearchAction\",\"target\":{\"@type\":\"EntryPoint\",\"urlTemplate\":\"https:\/\/www.gaveanews.com\/?s={search_term_string}\"},\"query-input\":{\"@type\":\"PropertyValueSpecification\",\"valueRequired\":true,\"valueName\":\"search_term_string\"}}],\"inLanguage\":\"pt-BR\"},{\"@type\":\"Person\",\"@id\":\"https:\/\/www.gaveanews.com\/#\/schema\/person\/daf63eec72e1164eb13dc35096c2b8da\",\"name\":\"Paula Silva\",\"image\":{\"@type\":\"ImageObject\",\"inLanguage\":\"pt-BR\",\"@id\":\"https:\/\/www.gaveanews.com\/#\/schema\/person\/image\/\",\"url\":\"https:\/\/secure.gravatar.com\/avatar\/eda381c845527cc5d64c13b901833cda29d97500ba040d3e6461f76f51d163bb?s=96&d=mm&r=g\",\"contentUrl\":\"https:\/\/secure.gravatar.com\/avatar\/eda381c845527cc5d64c13b901833cda29d97500ba040d3e6461f76f51d163bb?s=96&d=mm&r=g\",\"caption\":\"Paula Silva\"}}]}<\/script>\n<!-- \/ Yoast SEO Premium plugin. -->","yoast_head_json":{"title":"A declara\u00e7\u00e3o de Marcos Braz direcionada a Gabigol","robots":{"index":"index","follow":"follow","max-snippet":"max-snippet:-1","max-image-preview":"max-image-preview:large","max-video-preview":"max-video-preview:-1"},"canonical":"https:\/\/www.gaveanews.com\/index.php\/2024\/11\/10\/a-declaracao-de-marcos-braz-direcionada-a-gabigol-3\/","og_locale":"pt_BR","og_type":"article","og_title":"A declara\u00e7\u00e3o de Marcos Braz direcionada a Gabigol","og_description":"Neste domingo (10), Flamengo e Atl\u00e9tico-MG se enfrentaram na Arena MRV e disputaram o t\u00edtulo da Copa do Brasil. O Rubro-Negro venceu a partida por 1 a 0, sendo 4 a 1 no agregado, e garantiu o trof\u00e9u. Ap\u00f3s o apito final, no entanto, Gabigol informou que n\u00e3o vai permanecer no clube, e o assunto [&hellip;]","og_url":"https:\/\/www.gaveanews.com\/index.php\/2024\/11\/10\/a-declaracao-de-marcos-braz-direcionada-a-gabigol-3\/","og_site_name":"G\u00e1vea News","article_publisher":"https:\/\/facebook.com\/gaveaNews\/","article_published_time":"2024-11-10T22:24:02+00:00","article_modified_time":"2024-11-10T22:24:05+00:00","og_image":[{"width":1200,"height":750,"url":"https:\/\/www.gaveanews.com\/wp-content\/uploads\/Marcos-Braz.webp","type":"image\/webp"}],"author":"Paula Silva","twitter_card":"summary_large_image","twitter_misc":{"Escrito por":"Paula Silva","Est. tempo de leitura":"3 minutos"},"schema":{"@context":"https:\/\/schema.org","@graph":[{"@type":"NewsArticle","@id":"https:\/\/www.gaveanews.com\/index.php\/2024\/11\/10\/a-declaracao-de-marcos-braz-direcionada-a-gabigol-3\/#article","isPartOf":{"@id":"https:\/\/www.gaveanews.com\/index.php\/2024\/11\/10\/a-declaracao-de-marcos-braz-direcionada-a-gabigol-3\/"},"author":{"name":"Paula Silva","@id":"https:\/\/www.gaveanews.com\/#\/schema\/person\/daf63eec72e1164eb13dc35096c2b8da"},"headline":"A declara\u00e7\u00e3o de Marcos Braz direcionada a Gabigol","datePublished":"2024-11-10T22:24:02+00:00","dateModified":"2024-11-10T22:24:05+00:00","mainEntityOfPage":{"@id":"https:\/\/www.gaveanews.com\/index.php\/2024\/11\/10\/a-declaracao-de-marcos-braz-direcionada-a-gabigol-3\/"},"wordCount":364,"commentCount":0,"image":{"@id":"https:\/\/www.gaveanews.com\/index.php\/2024\/11\/10\/a-declaracao-de-marcos-braz-direcionada-a-gabigol-3\/#primaryimage"},"thumbnailUrl":"https:\/\/www.gaveanews.com\/wp-content\/uploads\/Marcos-Braz.webp","articleSection":["Flamengo"],"inLanguage":"pt-BR","potentialAction":[{"@type":"CommentAction","name":"Comment","target":["https:\/\/www.gaveanews.com\/index.php\/2024\/11\/10\/a-declaracao-de-marcos-braz-direcionada-a-gabigol-3\/#respond"]}],"copyrightYear":"2024","copyrightHolder":{"@id":"https:\/\/www.gaveanews.com\/#organization"}},{"@type":"WebPage","@id":"https:\/\/www.gaveanews.com\/index.php\/2024\/11\/10\/a-declaracao-de-marcos-braz-direcionada-a-gabigol-3\/","url":"https:\/\/www.gaveanews.com\/index.php\/2024\/11\/10\/a-declaracao-de-marcos-braz-direcionada-a-gabigol-3\/","name":"A declara\u00e7\u00e3o de Marcos Braz direcionada a Gabigol","isPartOf":{"@id":"https:\/\/www.gaveanews.com\/#website"},"primaryImageOfPage":{"@id":"https:\/\/www.gaveanews.com\/index.php\/2024\/11\/10\/a-declaracao-de-marcos-braz-direcionada-a-gabigol-3\/#primaryimage"},"image":{"@id":"https:\/\/www.gaveanews.com\/index.php\/2024\/11\/10\/a-declaracao-de-marcos-braz-direcionada-a-gabigol-3\/#primaryimage"},"thumbnailUrl":"https:\/\/www.gaveanews.com\/wp-content\/uploads\/Marcos-Braz.webp","datePublished":"2024-11-10T22:24:02+00:00","dateModified":"2024-11-10T22:24:05+00:00","author":{"@id":"https:\/\/www.gaveanews.com\/#\/schema\/person\/daf63eec72e1164eb13dc35096c2b8da"},"breadcrumb":{"@id":"https:\/\/www.gaveanews.com\/index.php\/2024\/11\/10\/a-declaracao-de-marcos-braz-direcionada-a-gabigol-3\/#breadcrumb"},"inLanguage":"pt-BR","potentialAction":[{"@type":"ReadAction","target":["https:\/\/www.gaveanews.com\/index.php\/2024\/11\/10\/a-declaracao-de-marcos-braz-direcionada-a-gabigol-3\/"]}]},{"@type":"ImageObject","inLanguage":"pt-BR","@id":"https:\/\/www.gaveanews.com\/index.php\/2024\/11\/10\/a-declaracao-de-marcos-braz-direcionada-a-gabigol-3\/#primaryimage","url":"https:\/\/www.gaveanews.com\/wp-content\/uploads\/Marcos-Braz.webp","contentUrl":"https:\/\/www.gaveanews.com\/wp-content\/uploads\/Marcos-Braz.webp","width":1200,"height":750,"caption":"Marcos Braz j\u00e1 foi vice-presidente de futebol do Flamengo - Foto: Gilvan de Souza\/Flamengo"},{"@type":"BreadcrumbList","@id":"https:\/\/www.gaveanews.com\/index.php\/2024\/11\/10\/a-declaracao-de-marcos-braz-direcionada-a-gabigol-3\/#breadcrumb","itemListElement":[{"@type":"ListItem","position":1,"name":"Home","item":"https:\/\/www.gaveanews.com\/"},{"@type":"ListItem","position":2,"name":"A declara\u00e7\u00e3o de Marcos Braz direcionada a Gabigol"}]},{"@type":"WebSite","@id":"https:\/\/www.gaveanews.com\/#website","url":"https:\/\/www.gaveanews.com\/","name":"G\u00e1vea News","description":"Veja todas as not\u00edcias sobre o Flamengo: Contrata\u00e7\u00f5es, categorias de base, resultados das partidas, tabela de classifica\u00e7\u00e3o, pr\u00f3ximos jogos!","potentialAction":[{"@type":"SearchAction","target":{"@type":"EntryPoint","urlTemplate":"https:\/\/www.gaveanews.com\/?s={search_term_string}"},"query-input":{"@type":"PropertyValueSpecification","valueRequired":true,"valueName":"search_term_string"}}],"inLanguage":"pt-BR"},{"@type":"Person","@id":"https:\/\/www.gaveanews.com\/#\/schema\/person\/daf63eec72e1164eb13dc35096c2b8da","name":"Paula Silva","image":{"@type":"ImageObject","inLanguage":"pt-BR","@id":"https:\/\/www.gaveanews.com\/#\/schema\/person\/image\/","url":"https:\/\/secure.gravatar.com\/avatar\/eda381c845527cc5d64c13b901833cda29d97500ba040d3e6461f76f51d163bb?s=96&d=mm&r=g","contentUrl":"https:\/\/secure.gravatar.com\/avatar\/eda381c845527cc5d64c13b901833cda29d97500ba040d3e6461f76f51d163bb?s=96&d=mm&r=g","caption":"Paula Silva"}}]}},"_links":{"self":[{"href":"https:\/\/www.gaveanews.com\/index.php\/wp-json\/wp\/v2\/posts\/183590","targetHints":{"allow":["GET"]}}],"collection":[{"href":"https:\/\/www.gaveanews.com\/index.php\/wp-json\/wp\/v2\/posts"}],"about":[{"href":"https:\/\/www.gaveanews.com\/index.php\/wp-json\/wp\/v2\/types\/post"}],"author":[{"embeddable":true,"href":"https:\/\/www.gaveanews.com\/index.php\/wp-json\/wp\/v2\/users\/18"}],"replies":[{"embeddable":true,"href":"https:\/\/www.gaveanews.com\/index.php\/wp-json\/wp\/v2\/comments?post=183590"}],"version-history":[{"count":1,"href":"https:\/\/www.gaveanews.com\/index.php\/wp-json\/wp\/v2\/posts\/183590\/revisions"}],"predecessor-version":[{"id":183593,"href":"https:\/\/www.gaveanews.com\/index.php\/wp-json\/wp\/v2\/posts\/183590\/revisions\/183593"}],"wp:featuredmedia":[{"embeddable":true,"href":"https:\/\/www.gaveanews.com\/index.php\/wp-json\/wp\/v2\/media\/127549"}],"wp:attachment":[{"href":"https:\/\/www.gaveanews.com\/index.php\/wp-json\/wp\/v2\/media?parent=183590"}],"wp:term":[{"taxonomy":"category","embeddable":true,"href":"https:\/\/www.gaveanews.com\/index.php\/wp-json\/wp\/v2\/categories?post=183590"},{"taxonomy":"post_tag","embeddable":true,"href":"https:\/\/www.gaveanews.com\/index.php\/wp-json\/wp\/v2\/tags?post=183590"}],"curies":[{"name":"wp","href":"https:\/\/api.w.org\/{rel}","templated":true}]}}