{"id":183602,"date":"2024-11-10T22:05:19","date_gmt":"2024-11-11T01:05:19","guid":{"rendered":"https:\/\/www.gaveanews.com\/?p=183602"},"modified":"2024-11-10T22:06:36","modified_gmt":"2024-11-11T01:06:36","slug":"a-declaracao-de-carlinhos-sobre-a-saida-de-gabigol-do-flamengo","status":"publish","type":"post","link":"https:\/\/www.gaveanews.com\/index.php\/2024\/11\/10\/a-declaracao-de-carlinhos-sobre-a-saida-de-gabigol-do-flamengo\/","title":{"rendered":"A declara\u00e7\u00e3o de Carlinhos sobre a sa\u00edda de Gabigol do Flamengo"},"content":{"rendered":"\n<h2 class=\"wp-block-heading\" id=\"h-camisa-99-confirmou-sua-saida-do-clube-carioca\">Camisa 99 confirmou sua sa\u00edda do clube carioca<\/h2>\n\n\n\n<p>O Flamengo \u00e9 o grande campe\u00e3o da Copa do Brasil ao vencer os jogos de ida e de volta contra o Atl\u00e9tico-MG. Ap\u00f3s o apito final, Gabigol concedeu uma entrevista e confirmou sua sa\u00edda do rubro-negro. O atacante Carlinhos comentou sobre. <\/p>\n\n\n\n<ul class=\"wp-block-list\">\n<li><a href=\"https:\/\/www.gaveanews.com\/index.php\/2024\/11\/10\/muita-grana-flamengo-ganha-caminhao-de-dinheiro-na-copa-do-brasil\/\">MUITA GRANA! Flamengo ganha caminh\u00e3o de dinheiro na Copa do Brasil<\/a><\/li>\n\n\n\n<li><a href=\"https:\/\/www.gaveanews.com\/index.php\/2024\/11\/10\/a-declaracao-de-leo-ortiz-apos-o-titulo-do-flamengo-na-copa-do-brasil\/\">A declara\u00e7\u00e3o de L\u00e9o Ortiz ap\u00f3s o t\u00edtulo do Flamengo na Copa do Brasil<\/a><\/li>\n<\/ul>\n\n\n\n<p>Gabigol concedia entrevista aos rep\u00f3rteres da TV Globo ap\u00f3s o fim do jogo e confirmou sua sa\u00edda do Flamengo, mas sem citar seu pr\u00f3ximo clube. Alguns minutos depois, o ge confirmou que o jogador atuar\u00e1 pelo Cruzeiro no ano de 2025. Companheiro de Gabi, Carlinhos disse que n\u00e3o sabia da sa\u00edda do camisa 99. <\/p>\n\n\n\n<p>\u201cEu n\u00e3o sabia, mas que ele seja muito feliz. Estou surpreso. Meu parceiro, a gente sempre sente falta\u201d, disse Carlinhos. <\/p>\n\n\n\n<p>Gabigol ser\u00e1 tratado como o principal investimento e refor\u00e7o do Cruzeiro em 2025 e o atacante dever\u00e1 fechar por quatro temporadas com o clube mineiro. Com a chegada de Filipe Lu\u00eds, existia a expectativa que o atacante pudesse renovar seu v\u00ednculo com o rubro-negro, mas n\u00e3o aconteceu. <\/p>\n\n\n\n<p>Gabi passou muito tempo no banco de reservas e em muitos jogos nem sequer saia do banco, quando o Flamengo ainda era treinado por Tite. O atacante e o treinador n\u00e3o possu\u00edam um bom relacionamento e isso deixava o jogador distante de uma renova\u00e7\u00e3o.<\/p>\n\n\n\n<p>Com Filipe, o camisa 99 voltou a ser titular e marcou gols, incluindo no jogo de ida da final da Copa do Brasil, quando foi as redes duas vezes. No entanto, o jogador n\u00e3o ficar\u00e1 no rubro-negro e ser\u00e1 um dos refor\u00e7os do Cruzeiro na temporada 2025. <\/p>\n\n\n\n<p>No per\u00edodo em que Gabi n\u00e3o entrava em campo, chegou a circular informa\u00e7\u00f5es de que Palmeiras e Corinthians estavam interessados no jogador. Mas, nada se concretizou e Gabi al\u00e9m de encerrar 2024 pelo Flamengo, dever\u00e1 jogar pelo Cruzeiro em 2025. <\/p>\n","protected":false},"excerpt":{"rendered":"<p>Camisa 99 confirmou sua sa\u00edda do clube carioca O Flamengo \u00e9 o grande campe\u00e3o da Copa do Brasil ao vencer os jogos de ida e de volta contra o Atl\u00e9tico-MG. Ap\u00f3s o apito final, Gabigol concedeu uma entrevista e confirmou sua sa\u00edda do rubro-negro. O atacante Carlinhos comentou sobre. Gabigol concedia entrevista aos rep\u00f3rteres da [&hellip;]<\/p>\n","protected":false},"author":21,"featured_media":153120,"comment_status":"open","ping_status":"closed","sticky":false,"template":"","format":"standard","meta":{"footnotes":""},"categories":[1],"tags":[],"class_list":["post-183602","post","type-post","status-publish","format-standard","has-post-thumbnail","hentry","category-flamengo"],"yoast_head":"<!-- This site is optimized with the Yoast SEO Premium plugin v24.2 (Yoast SEO v26.9) - https:\/\/yoast.com\/product\/yoast-seo-premium-wordpress\/ -->\n<title>A declara\u00e7\u00e3o de Carlinhos sobre a sa\u00edda de Gabigol do Flamengo<\/title>\n<meta name=\"robots\" content=\"index, follow, max-snippet:-1, max-image-preview:large, max-video-preview:-1\" \/>\n<link rel=\"canonical\" href=\"https:\/\/www.gaveanews.com\/index.php\/2024\/11\/10\/a-declaracao-de-carlinhos-sobre-a-saida-de-gabigol-do-flamengo\/\" \/>\n<meta property=\"og:locale\" content=\"pt_BR\" \/>\n<meta property=\"og:type\" content=\"article\" \/>\n<meta property=\"og:title\" content=\"A declara\u00e7\u00e3o de Carlinhos sobre a sa\u00edda de Gabigol do Flamengo\" \/>\n<meta property=\"og:description\" content=\"Camisa 99 confirmou sua sa\u00edda do clube carioca O Flamengo \u00e9 o grande campe\u00e3o da Copa do Brasil ao vencer os jogos de ida e de volta contra o Atl\u00e9tico-MG. Ap\u00f3s o apito final, Gabigol concedeu uma entrevista e confirmou sua sa\u00edda do rubro-negro. O atacante Carlinhos comentou sobre. Gabigol concedia entrevista aos rep\u00f3rteres da [&hellip;]\" \/>\n<meta property=\"og:url\" content=\"https:\/\/www.gaveanews.com\/index.php\/2024\/11\/10\/a-declaracao-de-carlinhos-sobre-a-saida-de-gabigol-do-flamengo\/\" \/>\n<meta property=\"og:site_name\" content=\"G\u00e1vea News\" \/>\n<meta property=\"article:publisher\" content=\"https:\/\/facebook.com\/gaveaNews\/\" \/>\n<meta property=\"article:published_time\" content=\"2024-11-11T01:05:19+00:00\" \/>\n<meta property=\"article:modified_time\" content=\"2024-11-11T01:06:36+00:00\" \/>\n<meta property=\"og:image\" content=\"https:\/\/www.gaveanews.com\/wp-content\/uploads\/Com-a-camisa-99-Gabigol-comemora-gol-marcado-pelo-Flamengo.webp\" \/>\n\t<meta property=\"og:image:width\" content=\"890\" \/>\n\t<meta property=\"og:image:height\" content=\"488\" \/>\n\t<meta property=\"og:image:type\" content=\"image\/jpeg\" \/>\n<meta name=\"author\" content=\"Andr\u00e9 Serra\" \/>\n<meta name=\"twitter:card\" content=\"summary_large_image\" \/>\n<meta name=\"twitter:label1\" content=\"Escrito por\" \/>\n\t<meta name=\"twitter:data1\" content=\"Andr\u00e9 Serra\" \/>\n\t<meta name=\"twitter:label2\" content=\"Est. tempo de leitura\" \/>\n\t<meta name=\"twitter:data2\" content=\"3 minutos\" \/>\n<script type=\"application\/ld+json\" class=\"yoast-schema-graph\">{\"@context\":\"https:\/\/schema.org\",\"@graph\":[{\"@type\":\"NewsArticle\",\"@id\":\"https:\/\/www.gaveanews.com\/index.php\/2024\/11\/10\/a-declaracao-de-carlinhos-sobre-a-saida-de-gabigol-do-flamengo\/#article\",\"isPartOf\":{\"@id\":\"https:\/\/www.gaveanews.com\/index.php\/2024\/11\/10\/a-declaracao-de-carlinhos-sobre-a-saida-de-gabigol-do-flamengo\/\"},\"author\":{\"name\":\"Andr\u00e9 Serra\",\"@id\":\"https:\/\/www.gaveanews.com\/#\/schema\/person\/0277a79a1289c451c281ec0411d84f0c\"},\"headline\":\"A declara\u00e7\u00e3o de Carlinhos sobre a sa\u00edda de Gabigol do Flamengo\",\"datePublished\":\"2024-11-11T01:05:19+00:00\",\"dateModified\":\"2024-11-11T01:06:36+00:00\",\"mainEntityOfPage\":{\"@id\":\"https:\/\/www.gaveanews.com\/index.php\/2024\/11\/10\/a-declaracao-de-carlinhos-sobre-a-saida-de-gabigol-do-flamengo\/\"},\"wordCount\":360,\"commentCount\":0,\"image\":{\"@id\":\"https:\/\/www.gaveanews.com\/index.php\/2024\/11\/10\/a-declaracao-de-carlinhos-sobre-a-saida-de-gabigol-do-flamengo\/#primaryimage\"},\"thumbnailUrl\":\"https:\/\/www.gaveanews.com\/wp-content\/uploads\/Com-a-camisa-99-Gabigol-comemora-gol-marcado-pelo-Flamengo.webp\",\"articleSection\":[\"Flamengo\"],\"inLanguage\":\"pt-BR\",\"potentialAction\":[{\"@type\":\"CommentAction\",\"name\":\"Comment\",\"target\":[\"https:\/\/www.gaveanews.com\/index.php\/2024\/11\/10\/a-declaracao-de-carlinhos-sobre-a-saida-de-gabigol-do-flamengo\/#respond\"]}],\"copyrightYear\":\"2024\",\"copyrightHolder\":{\"@id\":\"https:\/\/www.gaveanews.com\/#organization\"}},{\"@type\":\"WebPage\",\"@id\":\"https:\/\/www.gaveanews.com\/index.php\/2024\/11\/10\/a-declaracao-de-carlinhos-sobre-a-saida-de-gabigol-do-flamengo\/\",\"url\":\"https:\/\/www.gaveanews.com\/index.php\/2024\/11\/10\/a-declaracao-de-carlinhos-sobre-a-saida-de-gabigol-do-flamengo\/\",\"name\":\"A declara\u00e7\u00e3o de Carlinhos sobre a sa\u00edda de Gabigol do Flamengo\",\"isPartOf\":{\"@id\":\"https:\/\/www.gaveanews.com\/#website\"},\"primaryImageOfPage\":{\"@id\":\"https:\/\/www.gaveanews.com\/index.php\/2024\/11\/10\/a-declaracao-de-carlinhos-sobre-a-saida-de-gabigol-do-flamengo\/#primaryimage\"},\"image\":{\"@id\":\"https:\/\/www.gaveanews.com\/index.php\/2024\/11\/10\/a-declaracao-de-carlinhos-sobre-a-saida-de-gabigol-do-flamengo\/#primaryimage\"},\"thumbnailUrl\":\"https:\/\/www.gaveanews.com\/wp-content\/uploads\/Com-a-camisa-99-Gabigol-comemora-gol-marcado-pelo-Flamengo.webp\",\"datePublished\":\"2024-11-11T01:05:19+00:00\",\"dateModified\":\"2024-11-11T01:06:36+00:00\",\"author\":{\"@id\":\"https:\/\/www.gaveanews.com\/#\/schema\/person\/0277a79a1289c451c281ec0411d84f0c\"},\"breadcrumb\":{\"@id\":\"https:\/\/www.gaveanews.com\/index.php\/2024\/11\/10\/a-declaracao-de-carlinhos-sobre-a-saida-de-gabigol-do-flamengo\/#breadcrumb\"},\"inLanguage\":\"pt-BR\",\"potentialAction\":[{\"@type\":\"ReadAction\",\"target\":[\"https:\/\/www.gaveanews.com\/index.php\/2024\/11\/10\/a-declaracao-de-carlinhos-sobre-a-saida-de-gabigol-do-flamengo\/\"]}]},{\"@type\":\"ImageObject\",\"inLanguage\":\"pt-BR\",\"@id\":\"https:\/\/www.gaveanews.com\/index.php\/2024\/11\/10\/a-declaracao-de-carlinhos-sobre-a-saida-de-gabigol-do-flamengo\/#primaryimage\",\"url\":\"https:\/\/www.gaveanews.com\/wp-content\/uploads\/Com-a-camisa-99-Gabigol-comemora-gol-marcado-pelo-Flamengo.webp\",\"contentUrl\":\"https:\/\/www.gaveanews.com\/wp-content\/uploads\/Com-a-camisa-99-Gabigol-comemora-gol-marcado-pelo-Flamengo.webp\",\"width\":890,\"height\":488,\"caption\":\"Com a camisa 99, Gabigol comemora gol marcado pelo Flamengo (Foto: Paula Reis\/Flamengo)\"},{\"@type\":\"BreadcrumbList\",\"@id\":\"https:\/\/www.gaveanews.com\/index.php\/2024\/11\/10\/a-declaracao-de-carlinhos-sobre-a-saida-de-gabigol-do-flamengo\/#breadcrumb\",\"itemListElement\":[{\"@type\":\"ListItem\",\"position\":1,\"name\":\"Home\",\"item\":\"https:\/\/www.gaveanews.com\/\"},{\"@type\":\"ListItem\",\"position\":2,\"name\":\"A declara\u00e7\u00e3o de Carlinhos sobre a sa\u00edda de Gabigol do Flamengo\"}]},{\"@type\":\"WebSite\",\"@id\":\"https:\/\/www.gaveanews.com\/#website\",\"url\":\"https:\/\/www.gaveanews.com\/\",\"name\":\"G\u00e1vea News\",\"description\":\"Veja todas as not\u00edcias sobre o Flamengo: Contrata\u00e7\u00f5es, categorias de base, resultados das partidas, tabela de classifica\u00e7\u00e3o, pr\u00f3ximos jogos!\",\"potentialAction\":[{\"@type\":\"SearchAction\",\"target\":{\"@type\":\"EntryPoint\",\"urlTemplate\":\"https:\/\/www.gaveanews.com\/?s={search_term_string}\"},\"query-input\":{\"@type\":\"PropertyValueSpecification\",\"valueRequired\":true,\"valueName\":\"search_term_string\"}}],\"inLanguage\":\"pt-BR\"},{\"@type\":\"Person\",\"@id\":\"https:\/\/www.gaveanews.com\/#\/schema\/person\/0277a79a1289c451c281ec0411d84f0c\",\"name\":\"Andr\u00e9 Serra\",\"image\":{\"@type\":\"ImageObject\",\"inLanguage\":\"pt-BR\",\"@id\":\"https:\/\/www.gaveanews.com\/#\/schema\/person\/image\/\",\"url\":\"https:\/\/secure.gravatar.com\/avatar\/d7231369fe48db93292b3e88eb2162dbd9a34a47a8437d9ef3bcaca2a86a83d7?s=96&d=mm&r=g\",\"contentUrl\":\"https:\/\/secure.gravatar.com\/avatar\/d7231369fe48db93292b3e88eb2162dbd9a34a47a8437d9ef3bcaca2a86a83d7?s=96&d=mm&r=g\",\"caption\":\"Andr\u00e9 Serra\"}}]}<\/script>\n<!-- \/ Yoast SEO Premium plugin. -->","yoast_head_json":{"title":"A declara\u00e7\u00e3o de Carlinhos sobre a sa\u00edda de Gabigol do Flamengo","robots":{"index":"index","follow":"follow","max-snippet":"max-snippet:-1","max-image-preview":"max-image-preview:large","max-video-preview":"max-video-preview:-1"},"canonical":"https:\/\/www.gaveanews.com\/index.php\/2024\/11\/10\/a-declaracao-de-carlinhos-sobre-a-saida-de-gabigol-do-flamengo\/","og_locale":"pt_BR","og_type":"article","og_title":"A declara\u00e7\u00e3o de Carlinhos sobre a sa\u00edda de Gabigol do Flamengo","og_description":"Camisa 99 confirmou sua sa\u00edda do clube carioca O Flamengo \u00e9 o grande campe\u00e3o da Copa do Brasil ao vencer os jogos de ida e de volta contra o Atl\u00e9tico-MG. Ap\u00f3s o apito final, Gabigol concedeu uma entrevista e confirmou sua sa\u00edda do rubro-negro. O atacante Carlinhos comentou sobre. Gabigol concedia entrevista aos rep\u00f3rteres da [&hellip;]","og_url":"https:\/\/www.gaveanews.com\/index.php\/2024\/11\/10\/a-declaracao-de-carlinhos-sobre-a-saida-de-gabigol-do-flamengo\/","og_site_name":"G\u00e1vea News","article_publisher":"https:\/\/facebook.com\/gaveaNews\/","article_published_time":"2024-11-11T01:05:19+00:00","article_modified_time":"2024-11-11T01:06:36+00:00","og_image":[{"width":890,"height":488,"url":"https:\/\/www.gaveanews.com\/wp-content\/uploads\/Com-a-camisa-99-Gabigol-comemora-gol-marcado-pelo-Flamengo.webp","type":"image\/jpeg"}],"author":"Andr\u00e9 Serra","twitter_card":"summary_large_image","twitter_misc":{"Escrito por":"Andr\u00e9 Serra","Est. tempo de leitura":"3 minutos"},"schema":{"@context":"https:\/\/schema.org","@graph":[{"@type":"NewsArticle","@id":"https:\/\/www.gaveanews.com\/index.php\/2024\/11\/10\/a-declaracao-de-carlinhos-sobre-a-saida-de-gabigol-do-flamengo\/#article","isPartOf":{"@id":"https:\/\/www.gaveanews.com\/index.php\/2024\/11\/10\/a-declaracao-de-carlinhos-sobre-a-saida-de-gabigol-do-flamengo\/"},"author":{"name":"Andr\u00e9 Serra","@id":"https:\/\/www.gaveanews.com\/#\/schema\/person\/0277a79a1289c451c281ec0411d84f0c"},"headline":"A declara\u00e7\u00e3o de Carlinhos sobre a sa\u00edda de Gabigol do Flamengo","datePublished":"2024-11-11T01:05:19+00:00","dateModified":"2024-11-11T01:06:36+00:00","mainEntityOfPage":{"@id":"https:\/\/www.gaveanews.com\/index.php\/2024\/11\/10\/a-declaracao-de-carlinhos-sobre-a-saida-de-gabigol-do-flamengo\/"},"wordCount":360,"commentCount":0,"image":{"@id":"https:\/\/www.gaveanews.com\/index.php\/2024\/11\/10\/a-declaracao-de-carlinhos-sobre-a-saida-de-gabigol-do-flamengo\/#primaryimage"},"thumbnailUrl":"https:\/\/www.gaveanews.com\/wp-content\/uploads\/Com-a-camisa-99-Gabigol-comemora-gol-marcado-pelo-Flamengo.webp","articleSection":["Flamengo"],"inLanguage":"pt-BR","potentialAction":[{"@type":"CommentAction","name":"Comment","target":["https:\/\/www.gaveanews.com\/index.php\/2024\/11\/10\/a-declaracao-de-carlinhos-sobre-a-saida-de-gabigol-do-flamengo\/#respond"]}],"copyrightYear":"2024","copyrightHolder":{"@id":"https:\/\/www.gaveanews.com\/#organization"}},{"@type":"WebPage","@id":"https:\/\/www.gaveanews.com\/index.php\/2024\/11\/10\/a-declaracao-de-carlinhos-sobre-a-saida-de-gabigol-do-flamengo\/","url":"https:\/\/www.gaveanews.com\/index.php\/2024\/11\/10\/a-declaracao-de-carlinhos-sobre-a-saida-de-gabigol-do-flamengo\/","name":"A declara\u00e7\u00e3o de Carlinhos sobre a sa\u00edda de Gabigol do Flamengo","isPartOf":{"@id":"https:\/\/www.gaveanews.com\/#website"},"primaryImageOfPage":{"@id":"https:\/\/www.gaveanews.com\/index.php\/2024\/11\/10\/a-declaracao-de-carlinhos-sobre-a-saida-de-gabigol-do-flamengo\/#primaryimage"},"image":{"@id":"https:\/\/www.gaveanews.com\/index.php\/2024\/11\/10\/a-declaracao-de-carlinhos-sobre-a-saida-de-gabigol-do-flamengo\/#primaryimage"},"thumbnailUrl":"https:\/\/www.gaveanews.com\/wp-content\/uploads\/Com-a-camisa-99-Gabigol-comemora-gol-marcado-pelo-Flamengo.webp","datePublished":"2024-11-11T01:05:19+00:00","dateModified":"2024-11-11T01:06:36+00:00","author":{"@id":"https:\/\/www.gaveanews.com\/#\/schema\/person\/0277a79a1289c451c281ec0411d84f0c"},"breadcrumb":{"@id":"https:\/\/www.gaveanews.com\/index.php\/2024\/11\/10\/a-declaracao-de-carlinhos-sobre-a-saida-de-gabigol-do-flamengo\/#breadcrumb"},"inLanguage":"pt-BR","potentialAction":[{"@type":"ReadAction","target":["https:\/\/www.gaveanews.com\/index.php\/2024\/11\/10\/a-declaracao-de-carlinhos-sobre-a-saida-de-gabigol-do-flamengo\/"]}]},{"@type":"ImageObject","inLanguage":"pt-BR","@id":"https:\/\/www.gaveanews.com\/index.php\/2024\/11\/10\/a-declaracao-de-carlinhos-sobre-a-saida-de-gabigol-do-flamengo\/#primaryimage","url":"https:\/\/www.gaveanews.com\/wp-content\/uploads\/Com-a-camisa-99-Gabigol-comemora-gol-marcado-pelo-Flamengo.webp","contentUrl":"https:\/\/www.gaveanews.com\/wp-content\/uploads\/Com-a-camisa-99-Gabigol-comemora-gol-marcado-pelo-Flamengo.webp","width":890,"height":488,"caption":"Com a camisa 99, Gabigol comemora gol marcado pelo Flamengo (Foto: Paula Reis\/Flamengo)"},{"@type":"BreadcrumbList","@id":"https:\/\/www.gaveanews.com\/index.php\/2024\/11\/10\/a-declaracao-de-carlinhos-sobre-a-saida-de-gabigol-do-flamengo\/#breadcrumb","itemListElement":[{"@type":"ListItem","position":1,"name":"Home","item":"https:\/\/www.gaveanews.com\/"},{"@type":"ListItem","position":2,"name":"A declara\u00e7\u00e3o de Carlinhos sobre a sa\u00edda de Gabigol do Flamengo"}]},{"@type":"WebSite","@id":"https:\/\/www.gaveanews.com\/#website","url":"https:\/\/www.gaveanews.com\/","name":"G\u00e1vea News","description":"Veja todas as not\u00edcias sobre o Flamengo: Contrata\u00e7\u00f5es, categorias de base, resultados das partidas, tabela de classifica\u00e7\u00e3o, pr\u00f3ximos jogos!","potentialAction":[{"@type":"SearchAction","target":{"@type":"EntryPoint","urlTemplate":"https:\/\/www.gaveanews.com\/?s={search_term_string}"},"query-input":{"@type":"PropertyValueSpecification","valueRequired":true,"valueName":"search_term_string"}}],"inLanguage":"pt-BR"},{"@type":"Person","@id":"https:\/\/www.gaveanews.com\/#\/schema\/person\/0277a79a1289c451c281ec0411d84f0c","name":"Andr\u00e9 Serra","image":{"@type":"ImageObject","inLanguage":"pt-BR","@id":"https:\/\/www.gaveanews.com\/#\/schema\/person\/image\/","url":"https:\/\/secure.gravatar.com\/avatar\/d7231369fe48db93292b3e88eb2162dbd9a34a47a8437d9ef3bcaca2a86a83d7?s=96&d=mm&r=g","contentUrl":"https:\/\/secure.gravatar.com\/avatar\/d7231369fe48db93292b3e88eb2162dbd9a34a47a8437d9ef3bcaca2a86a83d7?s=96&d=mm&r=g","caption":"Andr\u00e9 Serra"}}]}},"_links":{"self":[{"href":"https:\/\/www.gaveanews.com\/index.php\/wp-json\/wp\/v2\/posts\/183602","targetHints":{"allow":["GET"]}}],"collection":[{"href":"https:\/\/www.gaveanews.com\/index.php\/wp-json\/wp\/v2\/posts"}],"about":[{"href":"https:\/\/www.gaveanews.com\/index.php\/wp-json\/wp\/v2\/types\/post"}],"author":[{"embeddable":true,"href":"https:\/\/www.gaveanews.com\/index.php\/wp-json\/wp\/v2\/users\/21"}],"replies":[{"embeddable":true,"href":"https:\/\/www.gaveanews.com\/index.php\/wp-json\/wp\/v2\/comments?post=183602"}],"version-history":[{"count":1,"href":"https:\/\/www.gaveanews.com\/index.php\/wp-json\/wp\/v2\/posts\/183602\/revisions"}],"predecessor-version":[{"id":183603,"href":"https:\/\/www.gaveanews.com\/index.php\/wp-json\/wp\/v2\/posts\/183602\/revisions\/183603"}],"wp:featuredmedia":[{"embeddable":true,"href":"https:\/\/www.gaveanews.com\/index.php\/wp-json\/wp\/v2\/media\/153120"}],"wp:attachment":[{"href":"https:\/\/www.gaveanews.com\/index.php\/wp-json\/wp\/v2\/media?parent=183602"}],"wp:term":[{"taxonomy":"category","embeddable":true,"href":"https:\/\/www.gaveanews.com\/index.php\/wp-json\/wp\/v2\/categories?post=183602"},{"taxonomy":"post_tag","embeddable":true,"href":"https:\/\/www.gaveanews.com\/index.php\/wp-json\/wp\/v2\/tags?post=183602"}],"curies":[{"name":"wp","href":"https:\/\/api.w.org\/{rel}","templated":true}]}}