{"id":183782,"date":"2024-11-11T15:55:36","date_gmt":"2024-11-11T18:55:36","guid":{"rendered":"https:\/\/www.gaveanews.com\/?p=183782"},"modified":"2024-11-11T15:48:42","modified_gmt":"2024-11-11T18:48:42","slug":"punicoes-severas-veja-como-fica-a-situacao-do-atletico-mg-apos-a-final-da-copa-do-brasil","status":"publish","type":"post","link":"https:\/\/www.gaveanews.com\/index.php\/2024\/11\/11\/punicoes-severas-veja-como-fica-a-situacao-do-atletico-mg-apos-a-final-da-copa-do-brasil\/","title":{"rendered":"Puni\u00e7\u00f5es severas: Veja como fica a situa\u00e7\u00e3o do Atl\u00e9tico-MG ap\u00f3s a final da Copa do Brasil"},"content":{"rendered":"\n<p>A final da Copa do Brasil foi marcada pelo pentacampeonato do Flamengo, mas tamb\u00e9m por imagens de vandalismo protagonizadas pela torcida do Atl\u00e9tico-MG. Objetos lan\u00e7ados ao campo, explos\u00e3o de bombas e tentativa de invas\u00e3o foram relatados na s\u00famula da partida e podem gerar san\u00e7\u00f5es severas ao clube mineiro.<\/p>\n\n\n\n<ul class=\"wp-block-list\">\n<li><a href=\"https:\/\/www.gaveanews.com\/index.php\/2024\/11\/11\/video-isabelle-costa-setorista-do-flamengo-sofre-ataque-da-torcida-do-atletico-mg\/\">V\u00eddeo: Isabelle Costa, setorista do Flamengo, sofre ataque da torcida do Atl\u00e9tico-MG<\/a><\/li>\n\n\n\n<li><a href=\"https:\/\/www.gaveanews.com\/index.php\/2024\/11\/11\/o-prazo-do-contrato-de-gabigol-no-cruzeiro\/\">O prazo do contrato de Gabigol no Cruzeiro<\/a><\/li>\n<\/ul>\n\n\n\n<p>Atl\u00e9tico-MG e Flamengo duelaram no \u00faltimo domingo (10\/11) pelo t\u00edtulo do mata-mata mais importante do pa\u00eds. Com a tranquilidade de carregar uma vantagem confort\u00e1vel conquistada no primeiro jogo da final, o Flamengo pode fazer um jogo mais estrat\u00e9gico, esperando o advers\u00e1rio se expor para explorar os contra-ataques.<\/p>\n\n\n\n<p>Foi assim que nasceu o \u00fanico tento da partida. Ap\u00f3s uma bola al\u00e7ada na \u00e1rea, a zaga flamenguista afastou o perigo e Bruno Henrique acionou Gonzalo Plata. O atacante equatoriano arrancou do meio de campo, driblou o \u00faltimo marcador e cara a cara com Everson, teve frieza para encobrir o goleiro.<\/p>\n\n\n\n<p>O gol desencadeou revolta entre os torcedores atleticanos que jogaram objetos no gramado, bombas que causaram explos\u00f5es e o ferimento de um fot\u00f3grafo, al\u00e9m deles tentarem invadir o gramado.<\/p>\n\n\n\n<p>O \u00e1rbitro da partida, Raphael Claus, relatou todos acontecimentos na s\u00famula da partida e eles podem gerar san\u00e7\u00f5es severas ao Atl\u00e9tico. O clube pode ser punido caso o Superior Tribunal de Justi\u00e7a Desportiva (STJD) entenda que houve \u201cgravidade elevada\u201d no epis\u00f3dio. As den\u00fancias podem ocorrer nos artigos 211 e 213, que podem gerar desde multa de at\u00e9 100 mil reais a perda de at\u00e9 10 mandos de campo.<\/p>\n\n\n\n<h2 class=\"wp-block-heading\" id=\"h-leia-a-sumula-na-integra\">Leia a s\u00famula na \u00edntegra<\/h2>\n\n\n\n<p>\u201cInformo que durante a partida aos 12 minutos e aos 50 minutos, foi colocado um laser no rosto do goleiro visitante, vindo da arquibancada onde estava localizada a torcida mandante.<\/p>\n\n\n\n<p>Foram arremessados bombas no gramado explodindo pr\u00f3ximo dos jogadores aos 9 minutos, 49 minutos, 50 minutos e 52 minutos, vindo da arquibancada onde estava localizada a torcida mandante.<\/p>\n\n\n\n<p>Informo ainda que tamb\u00e9m foram arremessados copos pl\u00e1sticos no gramado aos 6 minutos, 45 minutos, 51 minutos e 82 minutos, vindo da arquibancada onde estava localizada a torcida mandante.<\/p>\n\n\n\n<p>Ap\u00f3s o gol da equipe visitante, durante a comemora\u00e7\u00e3o, foram arremessados diversos objetos no campo de jogo vindo da arquibancada onde estava localizada a torcida mandante, na dire\u00e7\u00e3o dos jogadores que estavam comemorando e tamb\u00e9m na dire\u00e7\u00e3o da \u00e1rea t\u00e9cnica da equipe visitante. nesse momento a partida ficou paralisada por 7 minutos.<\/p>\n\n\n\n<p>Informo tamb\u00e9m que nesse momento de paralisa\u00e7\u00e3o um torcedor da equipe mandante invadiu o campo de jogo sendo contido e retirado pelos seguran\u00e7as.<\/p>\n\n\n\n<p>Momentos antes do in\u00edcio da premia\u00e7\u00e3o houve uma tentativa de invas\u00e3o por parte de torcedores da equipe mandante de forma ostensiva, sendo contida pela seguran\u00e7a privada e posteriormente com o aux\u00edlio da pol\u00edcia militar, que inclusive utilizou bombas de efeito moral para conter a referida tentativa.\u201d<\/p>\n","protected":false},"excerpt":{"rendered":"<p>A final da Copa do Brasil foi marcada pelo pentacampeonato do Flamengo, mas tamb\u00e9m por imagens de vandalismo protagonizadas pela torcida do Atl\u00e9tico-MG. Objetos lan\u00e7ados ao campo, explos\u00e3o de bombas e tentativa de invas\u00e3o foram relatados na s\u00famula da partida e podem gerar san\u00e7\u00f5es severas ao clube mineiro. Atl\u00e9tico-MG e Flamengo duelaram no \u00faltimo domingo [&hellip;]<\/p>\n","protected":false},"author":29,"featured_media":109263,"comment_status":"open","ping_status":"closed","sticky":false,"template":"","format":"standard","meta":{"footnotes":""},"categories":[136],"tags":[],"class_list":["post-183782","post","type-post","status-publish","format-standard","has-post-thumbnail","hentry","category-atletico-mg"],"yoast_head":"<!-- This site is optimized with the Yoast SEO Premium plugin v24.2 (Yoast SEO v26.9) - https:\/\/yoast.com\/product\/yoast-seo-premium-wordpress\/ -->\n<title>Puni\u00e7\u00f5es severas: Veja como fica a situa\u00e7\u00e3o do Atl\u00e9tico-MG ap\u00f3s a final da Copa do Brasil<\/title>\n<meta name=\"robots\" content=\"index, follow, max-snippet:-1, max-image-preview:large, max-video-preview:-1\" \/>\n<link rel=\"canonical\" href=\"https:\/\/www.gaveanews.com\/index.php\/2024\/11\/11\/punicoes-severas-veja-como-fica-a-situacao-do-atletico-mg-apos-a-final-da-copa-do-brasil\/\" \/>\n<meta property=\"og:locale\" content=\"pt_BR\" \/>\n<meta property=\"og:type\" content=\"article\" \/>\n<meta property=\"og:title\" content=\"Puni\u00e7\u00f5es severas: Veja como fica a situa\u00e7\u00e3o do Atl\u00e9tico-MG ap\u00f3s a final da Copa do Brasil\" \/>\n<meta property=\"og:description\" content=\"A final da Copa do Brasil foi marcada pelo pentacampeonato do Flamengo, mas tamb\u00e9m por imagens de vandalismo protagonizadas pela torcida do Atl\u00e9tico-MG. Objetos lan\u00e7ados ao campo, explos\u00e3o de bombas e tentativa de invas\u00e3o foram relatados na s\u00famula da partida e podem gerar san\u00e7\u00f5es severas ao clube mineiro. Atl\u00e9tico-MG e Flamengo duelaram no \u00faltimo domingo [&hellip;]\" \/>\n<meta property=\"og:url\" content=\"https:\/\/www.gaveanews.com\/index.php\/2024\/11\/11\/punicoes-severas-veja-como-fica-a-situacao-do-atletico-mg-apos-a-final-da-copa-do-brasil\/\" \/>\n<meta property=\"og:site_name\" content=\"G\u00e1vea News\" \/>\n<meta property=\"article:publisher\" content=\"https:\/\/facebook.com\/gaveaNews\/\" \/>\n<meta property=\"article:published_time\" content=\"2024-11-11T18:55:36+00:00\" \/>\n<meta property=\"og:image\" content=\"https:\/\/www.gaveanews.com\/wp-content\/uploads\/arena-mrv-atletico-mg.webp\" \/>\n\t<meta property=\"og:image:width\" content=\"732\" \/>\n\t<meta property=\"og:image:height\" content=\"412\" \/>\n\t<meta property=\"og:image:type\" content=\"image\/webp\" \/>\n<meta name=\"author\" content=\"Marco Menezes\" \/>\n<meta name=\"twitter:card\" content=\"summary_large_image\" \/>\n<meta name=\"twitter:label1\" content=\"Escrito por\" \/>\n\t<meta name=\"twitter:data1\" content=\"Marco Menezes\" \/>\n\t<meta name=\"twitter:label2\" content=\"Est. tempo de leitura\" \/>\n\t<meta name=\"twitter:data2\" content=\"3 minutos\" \/>\n<script type=\"application\/ld+json\" class=\"yoast-schema-graph\">{\"@context\":\"https:\/\/schema.org\",\"@graph\":[{\"@type\":\"NewsArticle\",\"@id\":\"https:\/\/www.gaveanews.com\/index.php\/2024\/11\/11\/punicoes-severas-veja-como-fica-a-situacao-do-atletico-mg-apos-a-final-da-copa-do-brasil\/#article\",\"isPartOf\":{\"@id\":\"https:\/\/www.gaveanews.com\/index.php\/2024\/11\/11\/punicoes-severas-veja-como-fica-a-situacao-do-atletico-mg-apos-a-final-da-copa-do-brasil\/\"},\"author\":{\"name\":\"Marco Menezes\",\"@id\":\"https:\/\/www.gaveanews.com\/#\/schema\/person\/a9f62fe75380c6bada1b2fc49bc23d69\"},\"headline\":\"Puni\u00e7\u00f5es severas: Veja como fica a situa\u00e7\u00e3o do Atl\u00e9tico-MG ap\u00f3s a final da Copa do Brasil\",\"datePublished\":\"2024-11-11T18:55:36+00:00\",\"mainEntityOfPage\":{\"@id\":\"https:\/\/www.gaveanews.com\/index.php\/2024\/11\/11\/punicoes-severas-veja-como-fica-a-situacao-do-atletico-mg-apos-a-final-da-copa-do-brasil\/\"},\"wordCount\":525,\"commentCount\":0,\"image\":{\"@id\":\"https:\/\/www.gaveanews.com\/index.php\/2024\/11\/11\/punicoes-severas-veja-como-fica-a-situacao-do-atletico-mg-apos-a-final-da-copa-do-brasil\/#primaryimage\"},\"thumbnailUrl\":\"https:\/\/www.gaveanews.com\/wp-content\/uploads\/arena-mrv-atletico-mg.webp\",\"articleSection\":[\"Atl\u00e9tico-MG\"],\"inLanguage\":\"pt-BR\",\"potentialAction\":[{\"@type\":\"CommentAction\",\"name\":\"Comment\",\"target\":[\"https:\/\/www.gaveanews.com\/index.php\/2024\/11\/11\/punicoes-severas-veja-como-fica-a-situacao-do-atletico-mg-apos-a-final-da-copa-do-brasil\/#respond\"]}],\"copyrightYear\":\"2024\",\"copyrightHolder\":{\"@id\":\"https:\/\/www.gaveanews.com\/#organization\"}},{\"@type\":\"WebPage\",\"@id\":\"https:\/\/www.gaveanews.com\/index.php\/2024\/11\/11\/punicoes-severas-veja-como-fica-a-situacao-do-atletico-mg-apos-a-final-da-copa-do-brasil\/\",\"url\":\"https:\/\/www.gaveanews.com\/index.php\/2024\/11\/11\/punicoes-severas-veja-como-fica-a-situacao-do-atletico-mg-apos-a-final-da-copa-do-brasil\/\",\"name\":\"Puni\u00e7\u00f5es severas: Veja como fica a situa\u00e7\u00e3o do Atl\u00e9tico-MG ap\u00f3s a final da Copa do Brasil\",\"isPartOf\":{\"@id\":\"https:\/\/www.gaveanews.com\/#website\"},\"primaryImageOfPage\":{\"@id\":\"https:\/\/www.gaveanews.com\/index.php\/2024\/11\/11\/punicoes-severas-veja-como-fica-a-situacao-do-atletico-mg-apos-a-final-da-copa-do-brasil\/#primaryimage\"},\"image\":{\"@id\":\"https:\/\/www.gaveanews.com\/index.php\/2024\/11\/11\/punicoes-severas-veja-como-fica-a-situacao-do-atletico-mg-apos-a-final-da-copa-do-brasil\/#primaryimage\"},\"thumbnailUrl\":\"https:\/\/www.gaveanews.com\/wp-content\/uploads\/arena-mrv-atletico-mg.webp\",\"datePublished\":\"2024-11-11T18:55:36+00:00\",\"author\":{\"@id\":\"https:\/\/www.gaveanews.com\/#\/schema\/person\/a9f62fe75380c6bada1b2fc49bc23d69\"},\"breadcrumb\":{\"@id\":\"https:\/\/www.gaveanews.com\/index.php\/2024\/11\/11\/punicoes-severas-veja-como-fica-a-situacao-do-atletico-mg-apos-a-final-da-copa-do-brasil\/#breadcrumb\"},\"inLanguage\":\"pt-BR\",\"potentialAction\":[{\"@type\":\"ReadAction\",\"target\":[\"https:\/\/www.gaveanews.com\/index.php\/2024\/11\/11\/punicoes-severas-veja-como-fica-a-situacao-do-atletico-mg-apos-a-final-da-copa-do-brasil\/\"]}]},{\"@type\":\"ImageObject\",\"inLanguage\":\"pt-BR\",\"@id\":\"https:\/\/www.gaveanews.com\/index.php\/2024\/11\/11\/punicoes-severas-veja-como-fica-a-situacao-do-atletico-mg-apos-a-final-da-copa-do-brasil\/#primaryimage\",\"url\":\"https:\/\/www.gaveanews.com\/wp-content\/uploads\/arena-mrv-atletico-mg.webp\",\"contentUrl\":\"https:\/\/www.gaveanews.com\/wp-content\/uploads\/arena-mrv-atletico-mg.webp\",\"width\":732,\"height\":412,\"caption\":\"Arena MRV, est\u00e1dio do Atl\u00e9tico-MG (Foto: Pedro Souza\/Atl\u00e9tico-MG)\"},{\"@type\":\"BreadcrumbList\",\"@id\":\"https:\/\/www.gaveanews.com\/index.php\/2024\/11\/11\/punicoes-severas-veja-como-fica-a-situacao-do-atletico-mg-apos-a-final-da-copa-do-brasil\/#breadcrumb\",\"itemListElement\":[{\"@type\":\"ListItem\",\"position\":1,\"name\":\"Home\",\"item\":\"https:\/\/www.gaveanews.com\/\"},{\"@type\":\"ListItem\",\"position\":2,\"name\":\"Puni\u00e7\u00f5es severas: Veja como fica a situa\u00e7\u00e3o do Atl\u00e9tico-MG ap\u00f3s a final da Copa do Brasil\"}]},{\"@type\":\"WebSite\",\"@id\":\"https:\/\/www.gaveanews.com\/#website\",\"url\":\"https:\/\/www.gaveanews.com\/\",\"name\":\"G\u00e1vea News\",\"description\":\"Veja todas as not\u00edcias sobre o Flamengo: Contrata\u00e7\u00f5es, categorias de base, resultados das partidas, tabela de classifica\u00e7\u00e3o, pr\u00f3ximos jogos!\",\"potentialAction\":[{\"@type\":\"SearchAction\",\"target\":{\"@type\":\"EntryPoint\",\"urlTemplate\":\"https:\/\/www.gaveanews.com\/?s={search_term_string}\"},\"query-input\":{\"@type\":\"PropertyValueSpecification\",\"valueRequired\":true,\"valueName\":\"search_term_string\"}}],\"inLanguage\":\"pt-BR\"},{\"@type\":\"Person\",\"@id\":\"https:\/\/www.gaveanews.com\/#\/schema\/person\/a9f62fe75380c6bada1b2fc49bc23d69\",\"name\":\"Marco Menezes\",\"image\":{\"@type\":\"ImageObject\",\"inLanguage\":\"pt-BR\",\"@id\":\"https:\/\/www.gaveanews.com\/#\/schema\/person\/image\/\",\"url\":\"https:\/\/secure.gravatar.com\/avatar\/a1d148ae17fc8bfc5dbccffd07979e8bd2c9ba494221779de86ec2c7907b71ec?s=96&d=mm&r=g\",\"contentUrl\":\"https:\/\/secure.gravatar.com\/avatar\/a1d148ae17fc8bfc5dbccffd07979e8bd2c9ba494221779de86ec2c7907b71ec?s=96&d=mm&r=g\",\"caption\":\"Marco Menezes\"}}]}<\/script>\n<!-- \/ Yoast SEO Premium plugin. -->","yoast_head_json":{"title":"Puni\u00e7\u00f5es severas: Veja como fica a situa\u00e7\u00e3o do Atl\u00e9tico-MG ap\u00f3s a final da Copa do Brasil","robots":{"index":"index","follow":"follow","max-snippet":"max-snippet:-1","max-image-preview":"max-image-preview:large","max-video-preview":"max-video-preview:-1"},"canonical":"https:\/\/www.gaveanews.com\/index.php\/2024\/11\/11\/punicoes-severas-veja-como-fica-a-situacao-do-atletico-mg-apos-a-final-da-copa-do-brasil\/","og_locale":"pt_BR","og_type":"article","og_title":"Puni\u00e7\u00f5es severas: Veja como fica a situa\u00e7\u00e3o do Atl\u00e9tico-MG ap\u00f3s a final da Copa do Brasil","og_description":"A final da Copa do Brasil foi marcada pelo pentacampeonato do Flamengo, mas tamb\u00e9m por imagens de vandalismo protagonizadas pela torcida do Atl\u00e9tico-MG. Objetos lan\u00e7ados ao campo, explos\u00e3o de bombas e tentativa de invas\u00e3o foram relatados na s\u00famula da partida e podem gerar san\u00e7\u00f5es severas ao clube mineiro. Atl\u00e9tico-MG e Flamengo duelaram no \u00faltimo domingo [&hellip;]","og_url":"https:\/\/www.gaveanews.com\/index.php\/2024\/11\/11\/punicoes-severas-veja-como-fica-a-situacao-do-atletico-mg-apos-a-final-da-copa-do-brasil\/","og_site_name":"G\u00e1vea News","article_publisher":"https:\/\/facebook.com\/gaveaNews\/","article_published_time":"2024-11-11T18:55:36+00:00","og_image":[{"width":732,"height":412,"url":"https:\/\/www.gaveanews.com\/wp-content\/uploads\/arena-mrv-atletico-mg.webp","type":"image\/webp"}],"author":"Marco Menezes","twitter_card":"summary_large_image","twitter_misc":{"Escrito por":"Marco Menezes","Est. tempo de leitura":"3 minutos"},"schema":{"@context":"https:\/\/schema.org","@graph":[{"@type":"NewsArticle","@id":"https:\/\/www.gaveanews.com\/index.php\/2024\/11\/11\/punicoes-severas-veja-como-fica-a-situacao-do-atletico-mg-apos-a-final-da-copa-do-brasil\/#article","isPartOf":{"@id":"https:\/\/www.gaveanews.com\/index.php\/2024\/11\/11\/punicoes-severas-veja-como-fica-a-situacao-do-atletico-mg-apos-a-final-da-copa-do-brasil\/"},"author":{"name":"Marco Menezes","@id":"https:\/\/www.gaveanews.com\/#\/schema\/person\/a9f62fe75380c6bada1b2fc49bc23d69"},"headline":"Puni\u00e7\u00f5es severas: Veja como fica a situa\u00e7\u00e3o do Atl\u00e9tico-MG ap\u00f3s a final da Copa do Brasil","datePublished":"2024-11-11T18:55:36+00:00","mainEntityOfPage":{"@id":"https:\/\/www.gaveanews.com\/index.php\/2024\/11\/11\/punicoes-severas-veja-como-fica-a-situacao-do-atletico-mg-apos-a-final-da-copa-do-brasil\/"},"wordCount":525,"commentCount":0,"image":{"@id":"https:\/\/www.gaveanews.com\/index.php\/2024\/11\/11\/punicoes-severas-veja-como-fica-a-situacao-do-atletico-mg-apos-a-final-da-copa-do-brasil\/#primaryimage"},"thumbnailUrl":"https:\/\/www.gaveanews.com\/wp-content\/uploads\/arena-mrv-atletico-mg.webp","articleSection":["Atl\u00e9tico-MG"],"inLanguage":"pt-BR","potentialAction":[{"@type":"CommentAction","name":"Comment","target":["https:\/\/www.gaveanews.com\/index.php\/2024\/11\/11\/punicoes-severas-veja-como-fica-a-situacao-do-atletico-mg-apos-a-final-da-copa-do-brasil\/#respond"]}],"copyrightYear":"2024","copyrightHolder":{"@id":"https:\/\/www.gaveanews.com\/#organization"}},{"@type":"WebPage","@id":"https:\/\/www.gaveanews.com\/index.php\/2024\/11\/11\/punicoes-severas-veja-como-fica-a-situacao-do-atletico-mg-apos-a-final-da-copa-do-brasil\/","url":"https:\/\/www.gaveanews.com\/index.php\/2024\/11\/11\/punicoes-severas-veja-como-fica-a-situacao-do-atletico-mg-apos-a-final-da-copa-do-brasil\/","name":"Puni\u00e7\u00f5es severas: Veja como fica a situa\u00e7\u00e3o do Atl\u00e9tico-MG ap\u00f3s a final da Copa do Brasil","isPartOf":{"@id":"https:\/\/www.gaveanews.com\/#website"},"primaryImageOfPage":{"@id":"https:\/\/www.gaveanews.com\/index.php\/2024\/11\/11\/punicoes-severas-veja-como-fica-a-situacao-do-atletico-mg-apos-a-final-da-copa-do-brasil\/#primaryimage"},"image":{"@id":"https:\/\/www.gaveanews.com\/index.php\/2024\/11\/11\/punicoes-severas-veja-como-fica-a-situacao-do-atletico-mg-apos-a-final-da-copa-do-brasil\/#primaryimage"},"thumbnailUrl":"https:\/\/www.gaveanews.com\/wp-content\/uploads\/arena-mrv-atletico-mg.webp","datePublished":"2024-11-11T18:55:36+00:00","author":{"@id":"https:\/\/www.gaveanews.com\/#\/schema\/person\/a9f62fe75380c6bada1b2fc49bc23d69"},"breadcrumb":{"@id":"https:\/\/www.gaveanews.com\/index.php\/2024\/11\/11\/punicoes-severas-veja-como-fica-a-situacao-do-atletico-mg-apos-a-final-da-copa-do-brasil\/#breadcrumb"},"inLanguage":"pt-BR","potentialAction":[{"@type":"ReadAction","target":["https:\/\/www.gaveanews.com\/index.php\/2024\/11\/11\/punicoes-severas-veja-como-fica-a-situacao-do-atletico-mg-apos-a-final-da-copa-do-brasil\/"]}]},{"@type":"ImageObject","inLanguage":"pt-BR","@id":"https:\/\/www.gaveanews.com\/index.php\/2024\/11\/11\/punicoes-severas-veja-como-fica-a-situacao-do-atletico-mg-apos-a-final-da-copa-do-brasil\/#primaryimage","url":"https:\/\/www.gaveanews.com\/wp-content\/uploads\/arena-mrv-atletico-mg.webp","contentUrl":"https:\/\/www.gaveanews.com\/wp-content\/uploads\/arena-mrv-atletico-mg.webp","width":732,"height":412,"caption":"Arena MRV, est\u00e1dio do Atl\u00e9tico-MG (Foto: Pedro Souza\/Atl\u00e9tico-MG)"},{"@type":"BreadcrumbList","@id":"https:\/\/www.gaveanews.com\/index.php\/2024\/11\/11\/punicoes-severas-veja-como-fica-a-situacao-do-atletico-mg-apos-a-final-da-copa-do-brasil\/#breadcrumb","itemListElement":[{"@type":"ListItem","position":1,"name":"Home","item":"https:\/\/www.gaveanews.com\/"},{"@type":"ListItem","position":2,"name":"Puni\u00e7\u00f5es severas: Veja como fica a situa\u00e7\u00e3o do Atl\u00e9tico-MG ap\u00f3s a final da Copa do Brasil"}]},{"@type":"WebSite","@id":"https:\/\/www.gaveanews.com\/#website","url":"https:\/\/www.gaveanews.com\/","name":"G\u00e1vea News","description":"Veja todas as not\u00edcias sobre o Flamengo: Contrata\u00e7\u00f5es, categorias de base, resultados das partidas, tabela de classifica\u00e7\u00e3o, pr\u00f3ximos jogos!","potentialAction":[{"@type":"SearchAction","target":{"@type":"EntryPoint","urlTemplate":"https:\/\/www.gaveanews.com\/?s={search_term_string}"},"query-input":{"@type":"PropertyValueSpecification","valueRequired":true,"valueName":"search_term_string"}}],"inLanguage":"pt-BR"},{"@type":"Person","@id":"https:\/\/www.gaveanews.com\/#\/schema\/person\/a9f62fe75380c6bada1b2fc49bc23d69","name":"Marco Menezes","image":{"@type":"ImageObject","inLanguage":"pt-BR","@id":"https:\/\/www.gaveanews.com\/#\/schema\/person\/image\/","url":"https:\/\/secure.gravatar.com\/avatar\/a1d148ae17fc8bfc5dbccffd07979e8bd2c9ba494221779de86ec2c7907b71ec?s=96&d=mm&r=g","contentUrl":"https:\/\/secure.gravatar.com\/avatar\/a1d148ae17fc8bfc5dbccffd07979e8bd2c9ba494221779de86ec2c7907b71ec?s=96&d=mm&r=g","caption":"Marco Menezes"}}]}},"_links":{"self":[{"href":"https:\/\/www.gaveanews.com\/index.php\/wp-json\/wp\/v2\/posts\/183782","targetHints":{"allow":["GET"]}}],"collection":[{"href":"https:\/\/www.gaveanews.com\/index.php\/wp-json\/wp\/v2\/posts"}],"about":[{"href":"https:\/\/www.gaveanews.com\/index.php\/wp-json\/wp\/v2\/types\/post"}],"author":[{"embeddable":true,"href":"https:\/\/www.gaveanews.com\/index.php\/wp-json\/wp\/v2\/users\/29"}],"replies":[{"embeddable":true,"href":"https:\/\/www.gaveanews.com\/index.php\/wp-json\/wp\/v2\/comments?post=183782"}],"version-history":[{"count":2,"href":"https:\/\/www.gaveanews.com\/index.php\/wp-json\/wp\/v2\/posts\/183782\/revisions"}],"predecessor-version":[{"id":183839,"href":"https:\/\/www.gaveanews.com\/index.php\/wp-json\/wp\/v2\/posts\/183782\/revisions\/183839"}],"wp:featuredmedia":[{"embeddable":true,"href":"https:\/\/www.gaveanews.com\/index.php\/wp-json\/wp\/v2\/media\/109263"}],"wp:attachment":[{"href":"https:\/\/www.gaveanews.com\/index.php\/wp-json\/wp\/v2\/media?parent=183782"}],"wp:term":[{"taxonomy":"category","embeddable":true,"href":"https:\/\/www.gaveanews.com\/index.php\/wp-json\/wp\/v2\/categories?post=183782"},{"taxonomy":"post_tag","embeddable":true,"href":"https:\/\/www.gaveanews.com\/index.php\/wp-json\/wp\/v2\/tags?post=183782"}],"curies":[{"name":"wp","href":"https:\/\/api.w.org\/{rel}","templated":true}]}}