{"id":183921,"date":"2024-11-12T16:00:00","date_gmt":"2024-11-12T19:00:00","guid":{"rendered":"https:\/\/www.gaveanews.com\/?p=183921"},"modified":"2024-11-12T15:39:38","modified_gmt":"2024-11-12T18:39:38","slug":"filipe-luis-do-flamengo-ganha-ampla-repercussao-na-europa","status":"publish","type":"post","link":"https:\/\/www.gaveanews.com\/index.php\/2024\/11\/12\/filipe-luis-do-flamengo-ganha-ampla-repercussao-na-europa\/","title":{"rendered":"Filipe Lu\u00eds, do Flamengo, ganha ampla repercuss\u00e3o na Europa"},"content":{"rendered":"\n<p>No \u00faltimo domingo (10), o Flamengo conquistou seu quinto t\u00edtulo da Copa do Brasil e um dos principais destaques foi, sem d\u00favida, o t\u00e9cnico Filipe Lu\u00eds. O ex-lateral esquerdo, agora t\u00e9cnico, levou o Flamengo ao t\u00edtulo com duas vit\u00f3rias s\u00f3lidas sobre o Atl\u00e9tico-MG, em uma final hist\u00f3rica.\u00a0<\/p>\n\n\n\n<ul class=\"wp-block-list\">\n<li><a href=\"https:\/\/www.gaveanews.com\/index.php\/2024\/11\/11\/confusao-na-arena-mrv-marca-final-da-copa-do-brasil-e-hulk-intervem-para-acalmar-torcedores\/\">Confus\u00e3o na Arena MRV marca final da Copa do Brasil, e Hulk interv\u00e9m para acalmar torcedores<\/a><\/li>\n\n\n\n<li><a href=\"https:\/\/www.gaveanews.com\/index.php\/2024\/11\/11\/goleiro-do-atletico-mg-vira-motivo-de-piada-apos-titulo-do-flamengo-na-copa-do-brasil\/\">Goleiro do Atl\u00e9tico-MG vira motivo de piada ap\u00f3s t\u00edtulo do Flamengo na Copa do Brasil<\/a><\/li>\n<\/ul>\n\n\n\n<p>A conquista do rubro-negro, aconteceu em plena Arena MRV e n\u00e3o passou despercebida na Europa, especialmente na Espanha, onde os principais jornais destacaram a ascens\u00e3o mete\u00f3rica de Filipe Lu\u00eds no comando da equipe rubro-negra.<\/p>\n\n\n\n<h2 class=\"wp-block-heading\" id=\"h-o-rapido-sucesso-de-filipe-luis-como-treinador\">O r\u00e1pido sucesso de Filipe Lu\u00eds como treinador<\/h2>\n\n\n\n<p>Em menos de um m\u00eas e meio \u00e0 frente do Flamengo, Filipe Lu\u00eds j\u00e1 pode comemorar seu primeiro t\u00edtulo como t\u00e9cnico profissional. &#8220;Um feito para Filipe Lu\u00eds, que assumiu as r\u00e9deas do Flamengo em 1\u00ba de outubro, h\u00e1 menos de um m\u00eas e meio. Seus n\u00fameros s\u00e3o extraordin\u00e1rios&#8221;, destacou o <em>Marca<\/em>, um dos maiores jornais da Espanha. <\/p>\n\n\n\n<p>Vale ressaltar que, at\u00e9 dezembro de 2023, Filipe Lu\u00eds era jogador do Flamengo. Ap\u00f3s sua aposentadoria, ele assumiu cargos nas categorias de base do clube e conquistou t\u00edtulos importantes, como a Copa Rio no sub-17 e o Mundial Sub-20.<\/p>\n\n\n\n<p>O <em>Marca<\/em> enfatizou a habilidade de Filipe Lu\u00eds em resgatar a alegria no time, algo que, de acordo com o peri\u00f3dico, estava perdido com a sa\u00edda de Tite. Isso porque o ex-lateral esquerdo conseguiu devolver ao time o futebol ofensivo que o Flamengo tanto precisava, implementando uma marca\u00e7\u00e3o alta e adaptando o elenco conforme as circunst\u00e2ncias das partidas. <\/p>\n\n\n\n<p>&#8220;At\u00e9 dezembro passado, ele era mais um jogador na equipe e substituiu como treinador Tite, ex-comandante da Sele\u00e7\u00e3o, com quem o elenco mais caro do Brasil havia perdido a alegria&#8221;, destacou o jornal espanhol.<\/p>\n\n\n\n<p>Al\u00e9m disso, o jornal <em>As<\/em> tamb\u00e9m reconheceu o trabalho de Filipe Lu\u00eds \u00e0 frente do Flamengo, elogiando sua capacidade de disciplinar a equipe na fase defensiva. Sabe-se que a solidez defensiva, associada ao estilo ofensivo, \u00e9 um dos maiores trunfos do treinador rubro-negro.<\/p>\n\n\n\n<h2 class=\"wp-block-heading\" id=\"h-futuro-promissor-para-o-treinador\">Futuro promissor para o treinador<\/h2>\n\n\n\n<p>Com um desempenho impressionante at\u00e9 agora \u2014 seis vit\u00f3rias, dois empates e apenas uma derrota \u2014 Filipe Lu\u00eds promete ainda mais conquistas \u00e0 frente do Flamengo. Agora, o foco do time se volta para a reta final do Campeonato Brasileiro, onde o Flamengo ocupa a quinta posi\u00e7\u00e3o, com 58 pontos. <\/p>\n\n\n\n<p>Sendo assim, a torcida rubro-negra e a imprensa europeia continuam acompanhando atentamente os passos de Filipe Lu\u00eds, que parece ter dado um novo rumo ao clube carioca, com um futuro promissor pela frente. Com isso, a ascens\u00e3o de Filipe Lu\u00eds como treinador tem ganhado destaque internacional, especialmente na Espanha, onde ele \u00e9 reconhecido por seu trabalho dentro e fora de campo.<\/p>\n","protected":false},"excerpt":{"rendered":"<p>No \u00faltimo domingo (10), o Flamengo conquistou seu quinto t\u00edtulo da Copa do Brasil e um dos principais destaques foi, sem d\u00favida, o t\u00e9cnico Filipe Lu\u00eds. O ex-lateral esquerdo, agora t\u00e9cnico, levou o Flamengo ao t\u00edtulo com duas vit\u00f3rias s\u00f3lidas sobre o Atl\u00e9tico-MG, em uma final hist\u00f3rica.\u00a0 A conquista do rubro-negro, aconteceu em plena Arena [&hellip;]<\/p>\n","protected":false},"author":24,"featured_media":114219,"comment_status":"open","ping_status":"closed","sticky":false,"template":"","format":"standard","meta":{"footnotes":""},"categories":[1],"tags":[],"class_list":["post-183921","post","type-post","status-publish","format-standard","has-post-thumbnail","hentry","category-flamengo"],"yoast_head":"<!-- This site is optimized with the Yoast SEO Premium plugin v24.2 (Yoast SEO v26.9) - https:\/\/yoast.com\/product\/yoast-seo-premium-wordpress\/ -->\n<title>Filipe Lu\u00eds, do Flamengo, ganha ampla repercuss\u00e3o na Europa<\/title>\n<meta name=\"robots\" content=\"index, follow, max-snippet:-1, max-image-preview:large, max-video-preview:-1\" \/>\n<link rel=\"canonical\" href=\"https:\/\/www.gaveanews.com\/index.php\/2024\/11\/12\/filipe-luis-do-flamengo-ganha-ampla-repercussao-na-europa\/\" \/>\n<meta property=\"og:locale\" content=\"pt_BR\" \/>\n<meta property=\"og:type\" content=\"article\" \/>\n<meta property=\"og:title\" content=\"Filipe Lu\u00eds, do Flamengo, ganha ampla repercuss\u00e3o na Europa\" \/>\n<meta property=\"og:description\" content=\"No \u00faltimo domingo (10), o Flamengo conquistou seu quinto t\u00edtulo da Copa do Brasil e um dos principais destaques foi, sem d\u00favida, o t\u00e9cnico Filipe Lu\u00eds. O ex-lateral esquerdo, agora t\u00e9cnico, levou o Flamengo ao t\u00edtulo com duas vit\u00f3rias s\u00f3lidas sobre o Atl\u00e9tico-MG, em uma final hist\u00f3rica.\u00a0 A conquista do rubro-negro, aconteceu em plena Arena [&hellip;]\" \/>\n<meta property=\"og:url\" content=\"https:\/\/www.gaveanews.com\/index.php\/2024\/11\/12\/filipe-luis-do-flamengo-ganha-ampla-repercussao-na-europa\/\" \/>\n<meta property=\"og:site_name\" content=\"G\u00e1vea News\" \/>\n<meta property=\"article:publisher\" content=\"https:\/\/facebook.com\/gaveaNews\/\" \/>\n<meta property=\"article:published_time\" content=\"2024-11-12T19:00:00+00:00\" \/>\n<meta property=\"og:image\" content=\"https:\/\/www.gaveanews.com\/wp-content\/uploads\/filipe-luis-coletiva.webp\" \/>\n\t<meta property=\"og:image:width\" content=\"984\" \/>\n\t<meta property=\"og:image:height\" content=\"738\" \/>\n\t<meta property=\"og:image:type\" content=\"image\/webp\" \/>\n<meta name=\"author\" content=\"Leandro Cardoso\" \/>\n<meta name=\"twitter:card\" content=\"summary_large_image\" \/>\n<meta name=\"twitter:label1\" content=\"Escrito por\" \/>\n\t<meta name=\"twitter:data1\" content=\"Leandro Cardoso\" \/>\n\t<meta name=\"twitter:label2\" content=\"Est. tempo de leitura\" \/>\n\t<meta name=\"twitter:data2\" content=\"3 minutos\" \/>\n<script type=\"application\/ld+json\" class=\"yoast-schema-graph\">{\"@context\":\"https:\/\/schema.org\",\"@graph\":[{\"@type\":\"NewsArticle\",\"@id\":\"https:\/\/www.gaveanews.com\/index.php\/2024\/11\/12\/filipe-luis-do-flamengo-ganha-ampla-repercussao-na-europa\/#article\",\"isPartOf\":{\"@id\":\"https:\/\/www.gaveanews.com\/index.php\/2024\/11\/12\/filipe-luis-do-flamengo-ganha-ampla-repercussao-na-europa\/\"},\"author\":{\"name\":\"Leandro Cardoso\",\"@id\":\"https:\/\/www.gaveanews.com\/#\/schema\/person\/2424ec6409bc3f068411fc5e4e9b6168\"},\"headline\":\"Filipe Lu\u00eds, do Flamengo, ganha ampla repercuss\u00e3o na Europa\",\"datePublished\":\"2024-11-12T19:00:00+00:00\",\"mainEntityOfPage\":{\"@id\":\"https:\/\/www.gaveanews.com\/index.php\/2024\/11\/12\/filipe-luis-do-flamengo-ganha-ampla-repercussao-na-europa\/\"},\"wordCount\":516,\"commentCount\":0,\"image\":{\"@id\":\"https:\/\/www.gaveanews.com\/index.php\/2024\/11\/12\/filipe-luis-do-flamengo-ganha-ampla-repercussao-na-europa\/#primaryimage\"},\"thumbnailUrl\":\"https:\/\/www.gaveanews.com\/wp-content\/uploads\/filipe-luis-coletiva.webp\",\"articleSection\":[\"Flamengo\"],\"inLanguage\":\"pt-BR\",\"potentialAction\":[{\"@type\":\"CommentAction\",\"name\":\"Comment\",\"target\":[\"https:\/\/www.gaveanews.com\/index.php\/2024\/11\/12\/filipe-luis-do-flamengo-ganha-ampla-repercussao-na-europa\/#respond\"]}],\"copyrightYear\":\"2024\",\"copyrightHolder\":{\"@id\":\"https:\/\/www.gaveanews.com\/#organization\"}},{\"@type\":\"WebPage\",\"@id\":\"https:\/\/www.gaveanews.com\/index.php\/2024\/11\/12\/filipe-luis-do-flamengo-ganha-ampla-repercussao-na-europa\/\",\"url\":\"https:\/\/www.gaveanews.com\/index.php\/2024\/11\/12\/filipe-luis-do-flamengo-ganha-ampla-repercussao-na-europa\/\",\"name\":\"Filipe Lu\u00eds, do Flamengo, ganha ampla repercuss\u00e3o na Europa\",\"isPartOf\":{\"@id\":\"https:\/\/www.gaveanews.com\/#website\"},\"primaryImageOfPage\":{\"@id\":\"https:\/\/www.gaveanews.com\/index.php\/2024\/11\/12\/filipe-luis-do-flamengo-ganha-ampla-repercussao-na-europa\/#primaryimage\"},\"image\":{\"@id\":\"https:\/\/www.gaveanews.com\/index.php\/2024\/11\/12\/filipe-luis-do-flamengo-ganha-ampla-repercussao-na-europa\/#primaryimage\"},\"thumbnailUrl\":\"https:\/\/www.gaveanews.com\/wp-content\/uploads\/filipe-luis-coletiva.webp\",\"datePublished\":\"2024-11-12T19:00:00+00:00\",\"author\":{\"@id\":\"https:\/\/www.gaveanews.com\/#\/schema\/person\/2424ec6409bc3f068411fc5e4e9b6168\"},\"breadcrumb\":{\"@id\":\"https:\/\/www.gaveanews.com\/index.php\/2024\/11\/12\/filipe-luis-do-flamengo-ganha-ampla-repercussao-na-europa\/#breadcrumb\"},\"inLanguage\":\"pt-BR\",\"potentialAction\":[{\"@type\":\"ReadAction\",\"target\":[\"https:\/\/www.gaveanews.com\/index.php\/2024\/11\/12\/filipe-luis-do-flamengo-ganha-ampla-repercussao-na-europa\/\"]}]},{\"@type\":\"ImageObject\",\"inLanguage\":\"pt-BR\",\"@id\":\"https:\/\/www.gaveanews.com\/index.php\/2024\/11\/12\/filipe-luis-do-flamengo-ganha-ampla-repercussao-na-europa\/#primaryimage\",\"url\":\"https:\/\/www.gaveanews.com\/wp-content\/uploads\/filipe-luis-coletiva.webp\",\"contentUrl\":\"https:\/\/www.gaveanews.com\/wp-content\/uploads\/filipe-luis-coletiva.webp\",\"width\":984,\"height\":738,\"caption\":\"Filipe Lu\u00eds em entrevista coletiva do Flamengo (Foto: Fred Gomes)\"},{\"@type\":\"BreadcrumbList\",\"@id\":\"https:\/\/www.gaveanews.com\/index.php\/2024\/11\/12\/filipe-luis-do-flamengo-ganha-ampla-repercussao-na-europa\/#breadcrumb\",\"itemListElement\":[{\"@type\":\"ListItem\",\"position\":1,\"name\":\"Home\",\"item\":\"https:\/\/www.gaveanews.com\/\"},{\"@type\":\"ListItem\",\"position\":2,\"name\":\"Filipe Lu\u00eds, do Flamengo, ganha ampla repercuss\u00e3o na Europa\"}]},{\"@type\":\"WebSite\",\"@id\":\"https:\/\/www.gaveanews.com\/#website\",\"url\":\"https:\/\/www.gaveanews.com\/\",\"name\":\"G\u00e1vea News\",\"description\":\"Veja todas as not\u00edcias sobre o Flamengo: Contrata\u00e7\u00f5es, categorias de base, resultados das partidas, tabela de classifica\u00e7\u00e3o, pr\u00f3ximos jogos!\",\"potentialAction\":[{\"@type\":\"SearchAction\",\"target\":{\"@type\":\"EntryPoint\",\"urlTemplate\":\"https:\/\/www.gaveanews.com\/?s={search_term_string}\"},\"query-input\":{\"@type\":\"PropertyValueSpecification\",\"valueRequired\":true,\"valueName\":\"search_term_string\"}}],\"inLanguage\":\"pt-BR\"},{\"@type\":\"Person\",\"@id\":\"https:\/\/www.gaveanews.com\/#\/schema\/person\/2424ec6409bc3f068411fc5e4e9b6168\",\"name\":\"Leandro Cardoso\",\"image\":{\"@type\":\"ImageObject\",\"inLanguage\":\"pt-BR\",\"@id\":\"https:\/\/www.gaveanews.com\/#\/schema\/person\/image\/\",\"url\":\"https:\/\/secure.gravatar.com\/avatar\/8ca179f9b55eefe9f376f5493ef25475bfa59fbc28ce937f6076ce20e523098f?s=96&d=mm&r=g\",\"contentUrl\":\"https:\/\/secure.gravatar.com\/avatar\/8ca179f9b55eefe9f376f5493ef25475bfa59fbc28ce937f6076ce20e523098f?s=96&d=mm&r=g\",\"caption\":\"Leandro Cardoso\"}}]}<\/script>\n<!-- \/ Yoast SEO Premium plugin. -->","yoast_head_json":{"title":"Filipe Lu\u00eds, do Flamengo, ganha ampla repercuss\u00e3o na Europa","robots":{"index":"index","follow":"follow","max-snippet":"max-snippet:-1","max-image-preview":"max-image-preview:large","max-video-preview":"max-video-preview:-1"},"canonical":"https:\/\/www.gaveanews.com\/index.php\/2024\/11\/12\/filipe-luis-do-flamengo-ganha-ampla-repercussao-na-europa\/","og_locale":"pt_BR","og_type":"article","og_title":"Filipe Lu\u00eds, do Flamengo, ganha ampla repercuss\u00e3o na Europa","og_description":"No \u00faltimo domingo (10), o Flamengo conquistou seu quinto t\u00edtulo da Copa do Brasil e um dos principais destaques foi, sem d\u00favida, o t\u00e9cnico Filipe Lu\u00eds. O ex-lateral esquerdo, agora t\u00e9cnico, levou o Flamengo ao t\u00edtulo com duas vit\u00f3rias s\u00f3lidas sobre o Atl\u00e9tico-MG, em uma final hist\u00f3rica.\u00a0 A conquista do rubro-negro, aconteceu em plena Arena [&hellip;]","og_url":"https:\/\/www.gaveanews.com\/index.php\/2024\/11\/12\/filipe-luis-do-flamengo-ganha-ampla-repercussao-na-europa\/","og_site_name":"G\u00e1vea News","article_publisher":"https:\/\/facebook.com\/gaveaNews\/","article_published_time":"2024-11-12T19:00:00+00:00","og_image":[{"width":984,"height":738,"url":"https:\/\/www.gaveanews.com\/wp-content\/uploads\/filipe-luis-coletiva.webp","type":"image\/webp"}],"author":"Leandro Cardoso","twitter_card":"summary_large_image","twitter_misc":{"Escrito por":"Leandro Cardoso","Est. tempo de leitura":"3 minutos"},"schema":{"@context":"https:\/\/schema.org","@graph":[{"@type":"NewsArticle","@id":"https:\/\/www.gaveanews.com\/index.php\/2024\/11\/12\/filipe-luis-do-flamengo-ganha-ampla-repercussao-na-europa\/#article","isPartOf":{"@id":"https:\/\/www.gaveanews.com\/index.php\/2024\/11\/12\/filipe-luis-do-flamengo-ganha-ampla-repercussao-na-europa\/"},"author":{"name":"Leandro Cardoso","@id":"https:\/\/www.gaveanews.com\/#\/schema\/person\/2424ec6409bc3f068411fc5e4e9b6168"},"headline":"Filipe Lu\u00eds, do Flamengo, ganha ampla repercuss\u00e3o na Europa","datePublished":"2024-11-12T19:00:00+00:00","mainEntityOfPage":{"@id":"https:\/\/www.gaveanews.com\/index.php\/2024\/11\/12\/filipe-luis-do-flamengo-ganha-ampla-repercussao-na-europa\/"},"wordCount":516,"commentCount":0,"image":{"@id":"https:\/\/www.gaveanews.com\/index.php\/2024\/11\/12\/filipe-luis-do-flamengo-ganha-ampla-repercussao-na-europa\/#primaryimage"},"thumbnailUrl":"https:\/\/www.gaveanews.com\/wp-content\/uploads\/filipe-luis-coletiva.webp","articleSection":["Flamengo"],"inLanguage":"pt-BR","potentialAction":[{"@type":"CommentAction","name":"Comment","target":["https:\/\/www.gaveanews.com\/index.php\/2024\/11\/12\/filipe-luis-do-flamengo-ganha-ampla-repercussao-na-europa\/#respond"]}],"copyrightYear":"2024","copyrightHolder":{"@id":"https:\/\/www.gaveanews.com\/#organization"}},{"@type":"WebPage","@id":"https:\/\/www.gaveanews.com\/index.php\/2024\/11\/12\/filipe-luis-do-flamengo-ganha-ampla-repercussao-na-europa\/","url":"https:\/\/www.gaveanews.com\/index.php\/2024\/11\/12\/filipe-luis-do-flamengo-ganha-ampla-repercussao-na-europa\/","name":"Filipe Lu\u00eds, do Flamengo, ganha ampla repercuss\u00e3o na Europa","isPartOf":{"@id":"https:\/\/www.gaveanews.com\/#website"},"primaryImageOfPage":{"@id":"https:\/\/www.gaveanews.com\/index.php\/2024\/11\/12\/filipe-luis-do-flamengo-ganha-ampla-repercussao-na-europa\/#primaryimage"},"image":{"@id":"https:\/\/www.gaveanews.com\/index.php\/2024\/11\/12\/filipe-luis-do-flamengo-ganha-ampla-repercussao-na-europa\/#primaryimage"},"thumbnailUrl":"https:\/\/www.gaveanews.com\/wp-content\/uploads\/filipe-luis-coletiva.webp","datePublished":"2024-11-12T19:00:00+00:00","author":{"@id":"https:\/\/www.gaveanews.com\/#\/schema\/person\/2424ec6409bc3f068411fc5e4e9b6168"},"breadcrumb":{"@id":"https:\/\/www.gaveanews.com\/index.php\/2024\/11\/12\/filipe-luis-do-flamengo-ganha-ampla-repercussao-na-europa\/#breadcrumb"},"inLanguage":"pt-BR","potentialAction":[{"@type":"ReadAction","target":["https:\/\/www.gaveanews.com\/index.php\/2024\/11\/12\/filipe-luis-do-flamengo-ganha-ampla-repercussao-na-europa\/"]}]},{"@type":"ImageObject","inLanguage":"pt-BR","@id":"https:\/\/www.gaveanews.com\/index.php\/2024\/11\/12\/filipe-luis-do-flamengo-ganha-ampla-repercussao-na-europa\/#primaryimage","url":"https:\/\/www.gaveanews.com\/wp-content\/uploads\/filipe-luis-coletiva.webp","contentUrl":"https:\/\/www.gaveanews.com\/wp-content\/uploads\/filipe-luis-coletiva.webp","width":984,"height":738,"caption":"Filipe Lu\u00eds em entrevista coletiva do Flamengo (Foto: Fred Gomes)"},{"@type":"BreadcrumbList","@id":"https:\/\/www.gaveanews.com\/index.php\/2024\/11\/12\/filipe-luis-do-flamengo-ganha-ampla-repercussao-na-europa\/#breadcrumb","itemListElement":[{"@type":"ListItem","position":1,"name":"Home","item":"https:\/\/www.gaveanews.com\/"},{"@type":"ListItem","position":2,"name":"Filipe Lu\u00eds, do Flamengo, ganha ampla repercuss\u00e3o na Europa"}]},{"@type":"WebSite","@id":"https:\/\/www.gaveanews.com\/#website","url":"https:\/\/www.gaveanews.com\/","name":"G\u00e1vea News","description":"Veja todas as not\u00edcias sobre o Flamengo: Contrata\u00e7\u00f5es, categorias de base, resultados das partidas, tabela de classifica\u00e7\u00e3o, pr\u00f3ximos jogos!","potentialAction":[{"@type":"SearchAction","target":{"@type":"EntryPoint","urlTemplate":"https:\/\/www.gaveanews.com\/?s={search_term_string}"},"query-input":{"@type":"PropertyValueSpecification","valueRequired":true,"valueName":"search_term_string"}}],"inLanguage":"pt-BR"},{"@type":"Person","@id":"https:\/\/www.gaveanews.com\/#\/schema\/person\/2424ec6409bc3f068411fc5e4e9b6168","name":"Leandro Cardoso","image":{"@type":"ImageObject","inLanguage":"pt-BR","@id":"https:\/\/www.gaveanews.com\/#\/schema\/person\/image\/","url":"https:\/\/secure.gravatar.com\/avatar\/8ca179f9b55eefe9f376f5493ef25475bfa59fbc28ce937f6076ce20e523098f?s=96&d=mm&r=g","contentUrl":"https:\/\/secure.gravatar.com\/avatar\/8ca179f9b55eefe9f376f5493ef25475bfa59fbc28ce937f6076ce20e523098f?s=96&d=mm&r=g","caption":"Leandro Cardoso"}}]}},"_links":{"self":[{"href":"https:\/\/www.gaveanews.com\/index.php\/wp-json\/wp\/v2\/posts\/183921","targetHints":{"allow":["GET"]}}],"collection":[{"href":"https:\/\/www.gaveanews.com\/index.php\/wp-json\/wp\/v2\/posts"}],"about":[{"href":"https:\/\/www.gaveanews.com\/index.php\/wp-json\/wp\/v2\/types\/post"}],"author":[{"embeddable":true,"href":"https:\/\/www.gaveanews.com\/index.php\/wp-json\/wp\/v2\/users\/24"}],"replies":[{"embeddable":true,"href":"https:\/\/www.gaveanews.com\/index.php\/wp-json\/wp\/v2\/comments?post=183921"}],"version-history":[{"count":1,"href":"https:\/\/www.gaveanews.com\/index.php\/wp-json\/wp\/v2\/posts\/183921\/revisions"}],"predecessor-version":[{"id":184031,"href":"https:\/\/www.gaveanews.com\/index.php\/wp-json\/wp\/v2\/posts\/183921\/revisions\/184031"}],"wp:featuredmedia":[{"embeddable":true,"href":"https:\/\/www.gaveanews.com\/index.php\/wp-json\/wp\/v2\/media\/114219"}],"wp:attachment":[{"href":"https:\/\/www.gaveanews.com\/index.php\/wp-json\/wp\/v2\/media?parent=183921"}],"wp:term":[{"taxonomy":"category","embeddable":true,"href":"https:\/\/www.gaveanews.com\/index.php\/wp-json\/wp\/v2\/categories?post=183921"},{"taxonomy":"post_tag","embeddable":true,"href":"https:\/\/www.gaveanews.com\/index.php\/wp-json\/wp\/v2\/tags?post=183921"}],"curies":[{"name":"wp","href":"https:\/\/api.w.org\/{rel}","templated":true}]}}