{"id":184026,"date":"2024-11-12T13:00:00","date_gmt":"2024-11-12T16:00:00","guid":{"rendered":"https:\/\/www.gaveanews.com\/?p=184026"},"modified":"2024-11-12T12:32:12","modified_gmt":"2024-11-12T15:32:12","slug":"video-gabigol-e-deixado-de-lado-pelos-proprios-jogadores-do-flamengo","status":"publish","type":"post","link":"https:\/\/www.gaveanews.com\/index.php\/2024\/11\/12\/video-gabigol-e-deixado-de-lado-pelos-proprios-jogadores-do-flamengo\/","title":{"rendered":"V\u00eddeo: Gabigol \u00e9 deixado de lado pelos pr\u00f3prios jogadores do Flamengo"},"content":{"rendered":"\n<h2 class=\"wp-block-heading\" id=\"h-declaracao-de-gabigol-causa-desconforto-no-elenco-do-flamengo-apos-titulo-da-copa-do-brasil\">Declara\u00e7\u00e3o de Gabigol causa desconforto no elenco do Flamengo ap\u00f3s t\u00edtulo da Copa do Brasil<\/h2>\n\n\n\n<p>No \u00faltimo domingo (10), o Flamengo comemorou a conquista do pentacampeonato da Copa Betano do Brasil ao vencer o Atl\u00e9tico-MG por 1 a 0, repetindo o placar do jogo de ida. O t\u00edtulo, que veio ap\u00f3s uma campanha s\u00f3lida e com grande apoio da torcida na Arena MRV, foi marcado por uma situa\u00e7\u00e3o inesperada: Gabigol, pe\u00e7a fundamental na vit\u00f3ria, fez declara\u00e7\u00f5es controversas ao final da partida, criticando o t\u00e9cnico Tite e afirmando que n\u00e3o permanecer\u00e1 no clube em 2025. A postura do atacante gerou desconforto no elenco e repercutiu negativamente entre os companheiros, que demonstraram sua insatisfa\u00e7\u00e3o durante a celebra\u00e7\u00e3o.<\/p>\n\n\n\n<ul class=\"wp-block-list\">\n<li><a href=\"https:\/\/www.gaveanews.com\/index.php\/2024\/11\/11\/a-declaracao-de-filipe-luis-do-flamengo-direcionada-a-tite\/\">A declara\u00e7\u00e3o de Filipe Lu\u00eds, do Flamengo, direcionada a Tite<\/a><\/li>\n\n\n\n<li><a href=\"https:\/\/www.gaveanews.com\/index.php\/2024\/11\/11\/goleiro-do-atletico-mg-vira-motivo-de-piada-apos-titulo-do-flamengo-na-copa-do-brasil\/\">Goleiro do Atl\u00e9tico-MG vira motivo de piada ap\u00f3s t\u00edtulo do Flamengo na Copa do Brasil<\/a><\/li>\n<\/ul>\n\n\n\n<p>Gerson, um dos destaques do Flamengo e fundamental na campanha do t\u00edtulo, expressou claramente seu descontentamento com a atitude do colega. Durante a festa, em meio \u00e0 euforia pelo trof\u00e9u, Gabigol parecia afastado do restante do elenco e chegou a ser ignorado quando tentou levantar a ta\u00e7a. A situa\u00e7\u00e3o chamou a aten\u00e7\u00e3o de torcedores e comentaristas, refor\u00e7ando os rumores de uma poss\u00edvel sa\u00edda de Gabriel Barbosa para o Cruzeiro.<\/p>\n\n\n\n<p>Em entrevista ao <em>SporTV<\/em> logo ap\u00f3s a partida, Gabigol evitou comentar diretamente sobre seu futuro, afirmando apenas que &#8220;at\u00e9 31 de dezembro deste ano ele ser\u00e1 jogador do Flamengo&#8221;. Apesar de tentar minimizar o assunto, o vice-presidente de futebol do Flamengo, Marcos Braz, confirmou que Gabigol se juntar\u00e1 ao Cruzeiro em 2025, corroborando informa\u00e7\u00f5es que circularam ao longo do dia.<\/p>\n\n\n\n<p>A chegada de Filipe Lu\u00eds ao comando t\u00e9cnico do Flamengo, ap\u00f3s a sa\u00edda de Tite, abriu uma possibilidade de que Gabigol renovasse com o clube, especialmente ap\u00f3s ter recuperado espa\u00e7o no elenco e ter sido decisivo nos jogos finais da Copa do Brasil.<\/p>\n\n\n\n<p>Com dois gols e participa\u00e7\u00e3o direta em lances importantes na primeira partida contra o Atl\u00e9tico-MG, o camisa 9 foi ovacionado pela torcida, que, durante a coletiva p\u00f3s-jogo, entoou gritos de \u201cFica, Gabigol\u201d em um pedido claro para que o atacante reconsiderasse a sa\u00edda.<\/p>\n\n\n\n<p>Gabigol deixa o Flamengo com uma trajet\u00f3ria marcada por conquistas e t\u00edtulos, tendo se tornado um dos maiores \u00eddolos da recente hist\u00f3ria rubro-negra. Desde sua chegada, acumulou 13 t\u00edtulos, sendo decisivo em v\u00e1rias dessas competi\u00e7\u00f5es. Entre os principais trof\u00e9us, destacam-se:<\/p>\n\n\n\n<ul class=\"wp-block-list\">\n<li>Copa Libertadores da Am\u00e9rica \u2013 2019 e 2022<\/li>\n\n\n\n<li>Recopa Sul-Americana \u2013 2020<\/li>\n\n\n\n<li>Brasileir\u00e3o \u2013 2019 e 2020<\/li>\n\n\n\n<li>Copa do Brasil \u2013 2022 e 2024<\/li>\n\n\n\n<li>Supercopa do Brasil \u2013 2020 e 2021<\/li>\n\n\n\n<li>Campeonato Carioca \u2013 2019, 2020, 2021 e 2024<\/li>\n<\/ul>\n\n\n\n<blockquote class=\"twitter-tweet\"><p lang=\"pt\" dir=\"ltr\">E assim Gabigol encerra sua passagem no Flamengo.<br><br>Depois de uma atitude ego\u00edsta e desnecess\u00e1ria, deixado de lado pelo elenco do Meng\u00e3o <a href=\"https:\/\/t.co\/BDpGWSGd5Q\">pic.twitter.com\/BDpGWSGd5Q<\/a><\/p>&mdash; Futejotas (@futejotas) <a href=\"https:\/\/twitter.com\/futejotas\/status\/1855735818641662395?ref_src=twsrc%5Etfw\">November 10, 2024<\/a><\/blockquote> <script async src=\"https:\/\/platform.twitter.com\/widgets.js\" charset=\"utf-8\"><\/script><script async src=\"\/\/www.instagram.com\/embed.js\"><\/script>\n","protected":false},"excerpt":{"rendered":"<p>Declara\u00e7\u00e3o de Gabigol causa desconforto no elenco do Flamengo ap\u00f3s t\u00edtulo da Copa do Brasil No \u00faltimo domingo (10), o Flamengo comemorou a conquista do pentacampeonato da Copa Betano do Brasil ao vencer o Atl\u00e9tico-MG por 1 a 0, repetindo o placar do jogo de ida. O t\u00edtulo, que veio ap\u00f3s uma campanha s\u00f3lida e [&hellip;]<\/p>\n","protected":false},"author":17,"featured_media":93975,"comment_status":"open","ping_status":"closed","sticky":false,"template":"","format":"standard","meta":{"footnotes":""},"categories":[1],"tags":[],"class_list":["post-184026","post","type-post","status-publish","format-standard","has-post-thumbnail","hentry","category-flamengo"],"yoast_head":"<!-- This site is optimized with the Yoast SEO Premium plugin v24.2 (Yoast SEO v26.9) - https:\/\/yoast.com\/product\/yoast-seo-premium-wordpress\/ -->\n<title>V\u00eddeo: Gabigol \u00e9 deixado de lado pelos pr\u00f3prios jogadores do Flamengo<\/title>\n<meta name=\"robots\" content=\"index, follow, max-snippet:-1, max-image-preview:large, max-video-preview:-1\" \/>\n<link rel=\"canonical\" href=\"https:\/\/www.gaveanews.com\/index.php\/2024\/11\/12\/video-gabigol-e-deixado-de-lado-pelos-proprios-jogadores-do-flamengo\/\" \/>\n<meta property=\"og:locale\" content=\"pt_BR\" \/>\n<meta property=\"og:type\" content=\"article\" \/>\n<meta property=\"og:title\" content=\"V\u00eddeo: Gabigol \u00e9 deixado de lado pelos pr\u00f3prios jogadores do Flamengo\" \/>\n<meta property=\"og:description\" content=\"Declara\u00e7\u00e3o de Gabigol causa desconforto no elenco do Flamengo ap\u00f3s t\u00edtulo da Copa do Brasil No \u00faltimo domingo (10), o Flamengo comemorou a conquista do pentacampeonato da Copa Betano do Brasil ao vencer o Atl\u00e9tico-MG por 1 a 0, repetindo o placar do jogo de ida. O t\u00edtulo, que veio ap\u00f3s uma campanha s\u00f3lida e [&hellip;]\" \/>\n<meta property=\"og:url\" content=\"https:\/\/www.gaveanews.com\/index.php\/2024\/11\/12\/video-gabigol-e-deixado-de-lado-pelos-proprios-jogadores-do-flamengo\/\" \/>\n<meta property=\"og:site_name\" content=\"G\u00e1vea News\" \/>\n<meta property=\"article:publisher\" content=\"https:\/\/facebook.com\/gaveaNews\/\" \/>\n<meta property=\"article:published_time\" content=\"2024-11-12T16:00:00+00:00\" \/>\n<meta property=\"og:image\" content=\"https:\/\/www.gaveanews.com\/wp-content\/uploads\/gabigol-flamengo-mundial-de-clubes.webp\" \/>\n\t<meta property=\"og:image:width\" content=\"876\" \/>\n\t<meta property=\"og:image:height\" content=\"484\" \/>\n\t<meta property=\"og:image:type\" content=\"image\/webp\" \/>\n<meta name=\"author\" content=\"Geovanna Thomaz\" \/>\n<meta name=\"twitter:card\" content=\"summary_large_image\" \/>\n<meta name=\"twitter:label1\" content=\"Escrito por\" \/>\n\t<meta name=\"twitter:data1\" content=\"Geovanna Thomaz\" \/>\n\t<meta name=\"twitter:label2\" content=\"Est. tempo de leitura\" \/>\n\t<meta name=\"twitter:data2\" content=\"3 minutos\" \/>\n<script type=\"application\/ld+json\" class=\"yoast-schema-graph\">{\"@context\":\"https:\/\/schema.org\",\"@graph\":[{\"@type\":\"NewsArticle\",\"@id\":\"https:\/\/www.gaveanews.com\/index.php\/2024\/11\/12\/video-gabigol-e-deixado-de-lado-pelos-proprios-jogadores-do-flamengo\/#article\",\"isPartOf\":{\"@id\":\"https:\/\/www.gaveanews.com\/index.php\/2024\/11\/12\/video-gabigol-e-deixado-de-lado-pelos-proprios-jogadores-do-flamengo\/\"},\"author\":{\"name\":\"Geovanna Thomaz\",\"@id\":\"https:\/\/www.gaveanews.com\/#\/schema\/person\/f42654babcd2b2014a1a65af82b081f1\"},\"headline\":\"V\u00eddeo: Gabigol \u00e9 deixado de lado pelos pr\u00f3prios jogadores do Flamengo\",\"datePublished\":\"2024-11-12T16:00:00+00:00\",\"mainEntityOfPage\":{\"@id\":\"https:\/\/www.gaveanews.com\/index.php\/2024\/11\/12\/video-gabigol-e-deixado-de-lado-pelos-proprios-jogadores-do-flamengo\/\"},\"wordCount\":501,\"commentCount\":0,\"image\":{\"@id\":\"https:\/\/www.gaveanews.com\/index.php\/2024\/11\/12\/video-gabigol-e-deixado-de-lado-pelos-proprios-jogadores-do-flamengo\/#primaryimage\"},\"thumbnailUrl\":\"https:\/\/www.gaveanews.com\/wp-content\/uploads\/gabigol-flamengo-mundial-de-clubes.webp\",\"articleSection\":[\"Flamengo\"],\"inLanguage\":\"pt-BR\",\"potentialAction\":[{\"@type\":\"CommentAction\",\"name\":\"Comment\",\"target\":[\"https:\/\/www.gaveanews.com\/index.php\/2024\/11\/12\/video-gabigol-e-deixado-de-lado-pelos-proprios-jogadores-do-flamengo\/#respond\"]}],\"copyrightYear\":\"2024\",\"copyrightHolder\":{\"@id\":\"https:\/\/www.gaveanews.com\/#organization\"}},{\"@type\":\"WebPage\",\"@id\":\"https:\/\/www.gaveanews.com\/index.php\/2024\/11\/12\/video-gabigol-e-deixado-de-lado-pelos-proprios-jogadores-do-flamengo\/\",\"url\":\"https:\/\/www.gaveanews.com\/index.php\/2024\/11\/12\/video-gabigol-e-deixado-de-lado-pelos-proprios-jogadores-do-flamengo\/\",\"name\":\"V\u00eddeo: Gabigol \u00e9 deixado de lado pelos pr\u00f3prios jogadores do Flamengo\",\"isPartOf\":{\"@id\":\"https:\/\/www.gaveanews.com\/#website\"},\"primaryImageOfPage\":{\"@id\":\"https:\/\/www.gaveanews.com\/index.php\/2024\/11\/12\/video-gabigol-e-deixado-de-lado-pelos-proprios-jogadores-do-flamengo\/#primaryimage\"},\"image\":{\"@id\":\"https:\/\/www.gaveanews.com\/index.php\/2024\/11\/12\/video-gabigol-e-deixado-de-lado-pelos-proprios-jogadores-do-flamengo\/#primaryimage\"},\"thumbnailUrl\":\"https:\/\/www.gaveanews.com\/wp-content\/uploads\/gabigol-flamengo-mundial-de-clubes.webp\",\"datePublished\":\"2024-11-12T16:00:00+00:00\",\"author\":{\"@id\":\"https:\/\/www.gaveanews.com\/#\/schema\/person\/f42654babcd2b2014a1a65af82b081f1\"},\"breadcrumb\":{\"@id\":\"https:\/\/www.gaveanews.com\/index.php\/2024\/11\/12\/video-gabigol-e-deixado-de-lado-pelos-proprios-jogadores-do-flamengo\/#breadcrumb\"},\"inLanguage\":\"pt-BR\",\"potentialAction\":[{\"@type\":\"ReadAction\",\"target\":[\"https:\/\/www.gaveanews.com\/index.php\/2024\/11\/12\/video-gabigol-e-deixado-de-lado-pelos-proprios-jogadores-do-flamengo\/\"]}]},{\"@type\":\"ImageObject\",\"inLanguage\":\"pt-BR\",\"@id\":\"https:\/\/www.gaveanews.com\/index.php\/2024\/11\/12\/video-gabigol-e-deixado-de-lado-pelos-proprios-jogadores-do-flamengo\/#primaryimage\",\"url\":\"https:\/\/www.gaveanews.com\/wp-content\/uploads\/gabigol-flamengo-mundial-de-clubes.webp\",\"contentUrl\":\"https:\/\/www.gaveanews.com\/wp-content\/uploads\/gabigol-flamengo-mundial-de-clubes.webp\",\"width\":876,\"height\":484,\"caption\":\"Gabigol em jogo do Flamengo contra o Al Hilal no Mundial de Clubes 2023 (Foto: James Williamson - AMA\/Getty Images)\"},{\"@type\":\"BreadcrumbList\",\"@id\":\"https:\/\/www.gaveanews.com\/index.php\/2024\/11\/12\/video-gabigol-e-deixado-de-lado-pelos-proprios-jogadores-do-flamengo\/#breadcrumb\",\"itemListElement\":[{\"@type\":\"ListItem\",\"position\":1,\"name\":\"Home\",\"item\":\"https:\/\/www.gaveanews.com\/\"},{\"@type\":\"ListItem\",\"position\":2,\"name\":\"V\u00eddeo: Gabigol \u00e9 deixado de lado pelos pr\u00f3prios jogadores do Flamengo\"}]},{\"@type\":\"WebSite\",\"@id\":\"https:\/\/www.gaveanews.com\/#website\",\"url\":\"https:\/\/www.gaveanews.com\/\",\"name\":\"G\u00e1vea News\",\"description\":\"Veja todas as not\u00edcias sobre o Flamengo: Contrata\u00e7\u00f5es, categorias de base, resultados das partidas, tabela de classifica\u00e7\u00e3o, pr\u00f3ximos jogos!\",\"potentialAction\":[{\"@type\":\"SearchAction\",\"target\":{\"@type\":\"EntryPoint\",\"urlTemplate\":\"https:\/\/www.gaveanews.com\/?s={search_term_string}\"},\"query-input\":{\"@type\":\"PropertyValueSpecification\",\"valueRequired\":true,\"valueName\":\"search_term_string\"}}],\"inLanguage\":\"pt-BR\"},{\"@type\":\"Person\",\"@id\":\"https:\/\/www.gaveanews.com\/#\/schema\/person\/f42654babcd2b2014a1a65af82b081f1\",\"name\":\"Geovanna Thomaz\",\"image\":{\"@type\":\"ImageObject\",\"inLanguage\":\"pt-BR\",\"@id\":\"https:\/\/www.gaveanews.com\/#\/schema\/person\/image\/\",\"url\":\"https:\/\/secure.gravatar.com\/avatar\/4092073255489533afb558984b49b64268c47198af8623cc82a925ae9fb7118a?s=96&d=mm&r=g\",\"contentUrl\":\"https:\/\/secure.gravatar.com\/avatar\/4092073255489533afb558984b49b64268c47198af8623cc82a925ae9fb7118a?s=96&d=mm&r=g\",\"caption\":\"Geovanna Thomaz\"}}]}<\/script>\n<!-- \/ Yoast SEO Premium plugin. -->","yoast_head_json":{"title":"V\u00eddeo: Gabigol \u00e9 deixado de lado pelos pr\u00f3prios jogadores do Flamengo","robots":{"index":"index","follow":"follow","max-snippet":"max-snippet:-1","max-image-preview":"max-image-preview:large","max-video-preview":"max-video-preview:-1"},"canonical":"https:\/\/www.gaveanews.com\/index.php\/2024\/11\/12\/video-gabigol-e-deixado-de-lado-pelos-proprios-jogadores-do-flamengo\/","og_locale":"pt_BR","og_type":"article","og_title":"V\u00eddeo: Gabigol \u00e9 deixado de lado pelos pr\u00f3prios jogadores do Flamengo","og_description":"Declara\u00e7\u00e3o de Gabigol causa desconforto no elenco do Flamengo ap\u00f3s t\u00edtulo da Copa do Brasil No \u00faltimo domingo (10), o Flamengo comemorou a conquista do pentacampeonato da Copa Betano do Brasil ao vencer o Atl\u00e9tico-MG por 1 a 0, repetindo o placar do jogo de ida. O t\u00edtulo, que veio ap\u00f3s uma campanha s\u00f3lida e [&hellip;]","og_url":"https:\/\/www.gaveanews.com\/index.php\/2024\/11\/12\/video-gabigol-e-deixado-de-lado-pelos-proprios-jogadores-do-flamengo\/","og_site_name":"G\u00e1vea News","article_publisher":"https:\/\/facebook.com\/gaveaNews\/","article_published_time":"2024-11-12T16:00:00+00:00","og_image":[{"width":876,"height":484,"url":"https:\/\/www.gaveanews.com\/wp-content\/uploads\/gabigol-flamengo-mundial-de-clubes.webp","type":"image\/webp"}],"author":"Geovanna Thomaz","twitter_card":"summary_large_image","twitter_misc":{"Escrito por":"Geovanna Thomaz","Est. tempo de leitura":"3 minutos"},"schema":{"@context":"https:\/\/schema.org","@graph":[{"@type":"NewsArticle","@id":"https:\/\/www.gaveanews.com\/index.php\/2024\/11\/12\/video-gabigol-e-deixado-de-lado-pelos-proprios-jogadores-do-flamengo\/#article","isPartOf":{"@id":"https:\/\/www.gaveanews.com\/index.php\/2024\/11\/12\/video-gabigol-e-deixado-de-lado-pelos-proprios-jogadores-do-flamengo\/"},"author":{"name":"Geovanna Thomaz","@id":"https:\/\/www.gaveanews.com\/#\/schema\/person\/f42654babcd2b2014a1a65af82b081f1"},"headline":"V\u00eddeo: Gabigol \u00e9 deixado de lado pelos pr\u00f3prios jogadores do Flamengo","datePublished":"2024-11-12T16:00:00+00:00","mainEntityOfPage":{"@id":"https:\/\/www.gaveanews.com\/index.php\/2024\/11\/12\/video-gabigol-e-deixado-de-lado-pelos-proprios-jogadores-do-flamengo\/"},"wordCount":501,"commentCount":0,"image":{"@id":"https:\/\/www.gaveanews.com\/index.php\/2024\/11\/12\/video-gabigol-e-deixado-de-lado-pelos-proprios-jogadores-do-flamengo\/#primaryimage"},"thumbnailUrl":"https:\/\/www.gaveanews.com\/wp-content\/uploads\/gabigol-flamengo-mundial-de-clubes.webp","articleSection":["Flamengo"],"inLanguage":"pt-BR","potentialAction":[{"@type":"CommentAction","name":"Comment","target":["https:\/\/www.gaveanews.com\/index.php\/2024\/11\/12\/video-gabigol-e-deixado-de-lado-pelos-proprios-jogadores-do-flamengo\/#respond"]}],"copyrightYear":"2024","copyrightHolder":{"@id":"https:\/\/www.gaveanews.com\/#organization"}},{"@type":"WebPage","@id":"https:\/\/www.gaveanews.com\/index.php\/2024\/11\/12\/video-gabigol-e-deixado-de-lado-pelos-proprios-jogadores-do-flamengo\/","url":"https:\/\/www.gaveanews.com\/index.php\/2024\/11\/12\/video-gabigol-e-deixado-de-lado-pelos-proprios-jogadores-do-flamengo\/","name":"V\u00eddeo: Gabigol \u00e9 deixado de lado pelos pr\u00f3prios jogadores do Flamengo","isPartOf":{"@id":"https:\/\/www.gaveanews.com\/#website"},"primaryImageOfPage":{"@id":"https:\/\/www.gaveanews.com\/index.php\/2024\/11\/12\/video-gabigol-e-deixado-de-lado-pelos-proprios-jogadores-do-flamengo\/#primaryimage"},"image":{"@id":"https:\/\/www.gaveanews.com\/index.php\/2024\/11\/12\/video-gabigol-e-deixado-de-lado-pelos-proprios-jogadores-do-flamengo\/#primaryimage"},"thumbnailUrl":"https:\/\/www.gaveanews.com\/wp-content\/uploads\/gabigol-flamengo-mundial-de-clubes.webp","datePublished":"2024-11-12T16:00:00+00:00","author":{"@id":"https:\/\/www.gaveanews.com\/#\/schema\/person\/f42654babcd2b2014a1a65af82b081f1"},"breadcrumb":{"@id":"https:\/\/www.gaveanews.com\/index.php\/2024\/11\/12\/video-gabigol-e-deixado-de-lado-pelos-proprios-jogadores-do-flamengo\/#breadcrumb"},"inLanguage":"pt-BR","potentialAction":[{"@type":"ReadAction","target":["https:\/\/www.gaveanews.com\/index.php\/2024\/11\/12\/video-gabigol-e-deixado-de-lado-pelos-proprios-jogadores-do-flamengo\/"]}]},{"@type":"ImageObject","inLanguage":"pt-BR","@id":"https:\/\/www.gaveanews.com\/index.php\/2024\/11\/12\/video-gabigol-e-deixado-de-lado-pelos-proprios-jogadores-do-flamengo\/#primaryimage","url":"https:\/\/www.gaveanews.com\/wp-content\/uploads\/gabigol-flamengo-mundial-de-clubes.webp","contentUrl":"https:\/\/www.gaveanews.com\/wp-content\/uploads\/gabigol-flamengo-mundial-de-clubes.webp","width":876,"height":484,"caption":"Gabigol em jogo do Flamengo contra o Al Hilal no Mundial de Clubes 2023 (Foto: James Williamson - AMA\/Getty Images)"},{"@type":"BreadcrumbList","@id":"https:\/\/www.gaveanews.com\/index.php\/2024\/11\/12\/video-gabigol-e-deixado-de-lado-pelos-proprios-jogadores-do-flamengo\/#breadcrumb","itemListElement":[{"@type":"ListItem","position":1,"name":"Home","item":"https:\/\/www.gaveanews.com\/"},{"@type":"ListItem","position":2,"name":"V\u00eddeo: Gabigol \u00e9 deixado de lado pelos pr\u00f3prios jogadores do Flamengo"}]},{"@type":"WebSite","@id":"https:\/\/www.gaveanews.com\/#website","url":"https:\/\/www.gaveanews.com\/","name":"G\u00e1vea News","description":"Veja todas as not\u00edcias sobre o Flamengo: Contrata\u00e7\u00f5es, categorias de base, resultados das partidas, tabela de classifica\u00e7\u00e3o, pr\u00f3ximos jogos!","potentialAction":[{"@type":"SearchAction","target":{"@type":"EntryPoint","urlTemplate":"https:\/\/www.gaveanews.com\/?s={search_term_string}"},"query-input":{"@type":"PropertyValueSpecification","valueRequired":true,"valueName":"search_term_string"}}],"inLanguage":"pt-BR"},{"@type":"Person","@id":"https:\/\/www.gaveanews.com\/#\/schema\/person\/f42654babcd2b2014a1a65af82b081f1","name":"Geovanna Thomaz","image":{"@type":"ImageObject","inLanguage":"pt-BR","@id":"https:\/\/www.gaveanews.com\/#\/schema\/person\/image\/","url":"https:\/\/secure.gravatar.com\/avatar\/4092073255489533afb558984b49b64268c47198af8623cc82a925ae9fb7118a?s=96&d=mm&r=g","contentUrl":"https:\/\/secure.gravatar.com\/avatar\/4092073255489533afb558984b49b64268c47198af8623cc82a925ae9fb7118a?s=96&d=mm&r=g","caption":"Geovanna Thomaz"}}]}},"_links":{"self":[{"href":"https:\/\/www.gaveanews.com\/index.php\/wp-json\/wp\/v2\/posts\/184026","targetHints":{"allow":["GET"]}}],"collection":[{"href":"https:\/\/www.gaveanews.com\/index.php\/wp-json\/wp\/v2\/posts"}],"about":[{"href":"https:\/\/www.gaveanews.com\/index.php\/wp-json\/wp\/v2\/types\/post"}],"author":[{"embeddable":true,"href":"https:\/\/www.gaveanews.com\/index.php\/wp-json\/wp\/v2\/users\/17"}],"replies":[{"embeddable":true,"href":"https:\/\/www.gaveanews.com\/index.php\/wp-json\/wp\/v2\/comments?post=184026"}],"version-history":[{"count":2,"href":"https:\/\/www.gaveanews.com\/index.php\/wp-json\/wp\/v2\/posts\/184026\/revisions"}],"predecessor-version":[{"id":184262,"href":"https:\/\/www.gaveanews.com\/index.php\/wp-json\/wp\/v2\/posts\/184026\/revisions\/184262"}],"wp:featuredmedia":[{"embeddable":true,"href":"https:\/\/www.gaveanews.com\/index.php\/wp-json\/wp\/v2\/media\/93975"}],"wp:attachment":[{"href":"https:\/\/www.gaveanews.com\/index.php\/wp-json\/wp\/v2\/media?parent=184026"}],"wp:term":[{"taxonomy":"category","embeddable":true,"href":"https:\/\/www.gaveanews.com\/index.php\/wp-json\/wp\/v2\/categories?post=184026"},{"taxonomy":"post_tag","embeddable":true,"href":"https:\/\/www.gaveanews.com\/index.php\/wp-json\/wp\/v2\/tags?post=184026"}],"curies":[{"name":"wp","href":"https:\/\/api.w.org\/{rel}","templated":true}]}}