{"id":184042,"date":"2024-11-12T00:05:00","date_gmt":"2024-11-12T03:05:00","guid":{"rendered":"https:\/\/www.gaveanews.com\/?p=184042"},"modified":"2024-11-11T22:38:54","modified_gmt":"2024-11-12T01:38:54","slug":"apos-sondagem-do-grupo-city-diretoria-do-atletico-mg-toma-atitude-importante-no-brasileirao","status":"publish","type":"post","link":"https:\/\/www.gaveanews.com\/index.php\/2024\/11\/12\/apos-sondagem-do-grupo-city-diretoria-do-atletico-mg-toma-atitude-importante-no-brasileirao\/","title":{"rendered":"Ap\u00f3s sondagem do Grupo City, diretoria do Atl\u00e9tico-MG toma atitude importante no Brasileir\u00e3o"},"content":{"rendered":"\n<p>N\u00e3o se pode negar que a final da Copa Betano do Brasil foi muito decepcionante para o torcedor do\u00a0Atl\u00e9tico Mineiro por conta do resultado. Na decis\u00e3o contra o Flamengo, o time de Gabriel Milito foi muito inferior\u00a0ao que era esperado pela torcida e sofreu nas duas derrotas, uma por 3 a 1 no Maracan\u00e3, e na outra por 1 a 0 na Arena MRV.<\/p>\n\n\n\n<ul class=\"wp-block-list\">\n<li><a href=\"https:\/\/www.gaveanews.com\/index.php\/2024\/11\/11\/a-declaracao-de-galvao-bueno-direcionada-a-torcida-do-atletico-mg\/\">A declara\u00e7\u00e3o de Galv\u00e3o Bueno direcionada a torcida do Atl\u00e9tico-MG<\/a><\/li>\n\n\n\n<li><a href=\"https:\/\/www.gaveanews.com\/index.php\/2024\/11\/11\/a-declaracao-de-gabriel-milito-apos-o-atletico-mg-perder-para-o-flamengo\/\">A declara\u00e7\u00e3o de Gabriel Milito ap\u00f3s o Atl\u00e9tico-MG perder para o Flamengo<\/a><\/li>\n<\/ul>\n\n\n\n<h2 class=\"wp-block-heading\" id=\"h-um-dos-unicos-destaques\">Um dos \u00fanicos destaques<\/h2>\n\n\n\n<p>Um dos \u00fanicos destaques da equipe dos atleticanos no mata-mata contra o Flamengo foi o goleiro titular \u00c9verson, de 34 anos. O camisa 22 foi o respons\u00e1vel por evitar um placar ainda mais el\u00e1stico no jogo de volta, em Belo Horizonte, que aconteceu no \u00faltimo domingo (10).<\/p>\n\n\n\n<p>Isso porque, considerando toda a partida, foram entre sete e oito<strong> <\/strong>defesas bem importantes de contra-ataques do time rubro-negro.<\/p>\n\n\n\n<h2 class=\"wp-block-heading\" id=\"h-interesse-em-reforcar-na-parte-defensiva\">Interesse em refor\u00e7ar na parte defensiva<\/h2>\n\n\n\n<p>Assim, nesta segunda-feira (11),\u00a0\u00c9verson acabou virando um alvo oficial da equipe do Bahia, que atualmente tem sua SAF de posse do grupo City. At\u00e9 porque, recentemente, o t\u00e9cnico Rog\u00e9rio Ceni perdeu a paci\u00eancia com o seu titular Marcos Felipe, que falhou na derrota para o S\u00e3o Paulo, no meio de semana.<\/p>\n\n\n\n<p>Com isso, o atual treinador do Esquadr\u00e3o de A\u00e7o tem o interesse em refor\u00e7ar a parte defensiva do tricolor baiano no pr\u00f3ximo ano.<\/p>\n\n\n\n<h2 class=\"wp-block-heading\" id=\"h-atletico-tem-interesse-em-renovar\">Atl\u00e9tico tem interesse em renovar<\/h2>\n\n\n\n<p>Por\u00e9m, segundo as investiga\u00e7\u00f5es,\u00a0a equipe do Atl\u00e9tico-MG tem interesse em renovar o v\u00ednculo do goleiro de 34 anos, e deve chamar seu empres\u00e1rio em breve para um acordo. Al\u00e9m disso, o goleiro \u00c9verson deve receber uma proposta para aumentar os seus vencimentos para o futuro.<\/p>\n\n\n\n<h2 class=\"wp-block-heading\">Pr\u00f3ximos jogos do Atl\u00e9tico-MG<\/h2>\n\n\n\n<ul class=\"wp-block-list\">\n<li>Flamengo&nbsp;(fora de casa) &#8211; 13\/11, 20h (hor\u00e1rio de Bras\u00edlia) &#8211;&nbsp;Campeonato Brasileiro<\/li>\n\n\n\n<li>Athletico-PR&nbsp;(fora de casa) &#8211; 16\/11, 18h30 (hor\u00e1rio de Bras\u00edlia) &#8211;&nbsp;Campeonato Brasileiro<\/li>\n\n\n\n<li>Botafogo&nbsp;(em casa) &#8211; 20\/11, 21h30 (hor\u00e1rio de Bras\u00edlia) &#8211;&nbsp;Campeonato Brasileiro<\/li>\n<\/ul>\n","protected":false},"excerpt":{"rendered":"<p>N\u00e3o se pode negar que a final da Copa Betano do Brasil foi muito decepcionante para o torcedor do\u00a0Atl\u00e9tico Mineiro por conta do resultado. Na decis\u00e3o contra o Flamengo, o time de Gabriel Milito foi muito inferior\u00a0ao que era esperado pela torcida e sofreu nas duas derrotas, uma por 3 a 1 no Maracan\u00e3, e [&hellip;]<\/p>\n","protected":false},"author":22,"featured_media":153999,"comment_status":"open","ping_status":"closed","sticky":false,"template":"","format":"standard","meta":{"footnotes":""},"categories":[136],"tags":[],"class_list":["post-184042","post","type-post","status-publish","format-standard","has-post-thumbnail","hentry","category-atletico-mg"],"yoast_head":"<!-- This site is optimized with the Yoast SEO Premium plugin v24.2 (Yoast SEO v26.9) - https:\/\/yoast.com\/product\/yoast-seo-premium-wordpress\/ -->\n<title>Ap\u00f3s sondagem do Grupo City, diretoria do Atl\u00e9tico-MG toma atitude importante no Brasileir\u00e3o<\/title>\n<meta name=\"robots\" content=\"index, follow, max-snippet:-1, max-image-preview:large, max-video-preview:-1\" \/>\n<link rel=\"canonical\" href=\"https:\/\/www.gaveanews.com\/index.php\/2024\/11\/12\/apos-sondagem-do-grupo-city-diretoria-do-atletico-mg-toma-atitude-importante-no-brasileirao\/\" \/>\n<meta property=\"og:locale\" content=\"pt_BR\" \/>\n<meta property=\"og:type\" content=\"article\" \/>\n<meta property=\"og:title\" content=\"Ap\u00f3s sondagem do Grupo City, diretoria do Atl\u00e9tico-MG toma atitude importante no Brasileir\u00e3o\" \/>\n<meta property=\"og:description\" content=\"N\u00e3o se pode negar que a final da Copa Betano do Brasil foi muito decepcionante para o torcedor do\u00a0Atl\u00e9tico Mineiro por conta do resultado. Na decis\u00e3o contra o Flamengo, o time de Gabriel Milito foi muito inferior\u00a0ao que era esperado pela torcida e sofreu nas duas derrotas, uma por 3 a 1 no Maracan\u00e3, e [&hellip;]\" \/>\n<meta property=\"og:url\" content=\"https:\/\/www.gaveanews.com\/index.php\/2024\/11\/12\/apos-sondagem-do-grupo-city-diretoria-do-atletico-mg-toma-atitude-importante-no-brasileirao\/\" \/>\n<meta property=\"og:site_name\" content=\"G\u00e1vea News\" \/>\n<meta property=\"article:publisher\" content=\"https:\/\/facebook.com\/gaveaNews\/\" \/>\n<meta property=\"article:published_time\" content=\"2024-11-12T03:05:00+00:00\" \/>\n<meta property=\"og:image\" content=\"https:\/\/www.gaveanews.com\/wp-content\/uploads\/Estadio-do-Atletico-MG.webp\" \/>\n\t<meta property=\"og:image:width\" content=\"900\" \/>\n\t<meta property=\"og:image:height\" content=\"600\" \/>\n\t<meta property=\"og:image:type\" content=\"image\/webp\" \/>\n<meta name=\"author\" content=\"Emilly Lima\" \/>\n<meta name=\"twitter:card\" content=\"summary_large_image\" \/>\n<meta name=\"twitter:label1\" content=\"Escrito por\" \/>\n\t<meta name=\"twitter:data1\" content=\"Emilly Lima\" \/>\n\t<meta name=\"twitter:label2\" content=\"Est. tempo de leitura\" \/>\n\t<meta name=\"twitter:data2\" content=\"3 minutos\" \/>\n<script type=\"application\/ld+json\" class=\"yoast-schema-graph\">{\"@context\":\"https:\/\/schema.org\",\"@graph\":[{\"@type\":\"NewsArticle\",\"@id\":\"https:\/\/www.gaveanews.com\/index.php\/2024\/11\/12\/apos-sondagem-do-grupo-city-diretoria-do-atletico-mg-toma-atitude-importante-no-brasileirao\/#article\",\"isPartOf\":{\"@id\":\"https:\/\/www.gaveanews.com\/index.php\/2024\/11\/12\/apos-sondagem-do-grupo-city-diretoria-do-atletico-mg-toma-atitude-importante-no-brasileirao\/\"},\"author\":{\"name\":\"Emilly Lima\",\"@id\":\"https:\/\/www.gaveanews.com\/#\/schema\/person\/8597dbe3f4d8513dd20048ce95a1895b\"},\"headline\":\"Ap\u00f3s sondagem do Grupo City, diretoria do Atl\u00e9tico-MG toma atitude importante no Brasileir\u00e3o\",\"datePublished\":\"2024-11-12T03:05:00+00:00\",\"mainEntityOfPage\":{\"@id\":\"https:\/\/www.gaveanews.com\/index.php\/2024\/11\/12\/apos-sondagem-do-grupo-city-diretoria-do-atletico-mg-toma-atitude-importante-no-brasileirao\/\"},\"wordCount\":377,\"commentCount\":0,\"image\":{\"@id\":\"https:\/\/www.gaveanews.com\/index.php\/2024\/11\/12\/apos-sondagem-do-grupo-city-diretoria-do-atletico-mg-toma-atitude-importante-no-brasileirao\/#primaryimage\"},\"thumbnailUrl\":\"https:\/\/www.gaveanews.com\/wp-content\/uploads\/Estadio-do-Atletico-MG.webp\",\"articleSection\":[\"Atl\u00e9tico-MG\"],\"inLanguage\":\"pt-BR\",\"potentialAction\":[{\"@type\":\"CommentAction\",\"name\":\"Comment\",\"target\":[\"https:\/\/www.gaveanews.com\/index.php\/2024\/11\/12\/apos-sondagem-do-grupo-city-diretoria-do-atletico-mg-toma-atitude-importante-no-brasileirao\/#respond\"]}],\"copyrightYear\":\"2024\",\"copyrightHolder\":{\"@id\":\"https:\/\/www.gaveanews.com\/#organization\"}},{\"@type\":\"WebPage\",\"@id\":\"https:\/\/www.gaveanews.com\/index.php\/2024\/11\/12\/apos-sondagem-do-grupo-city-diretoria-do-atletico-mg-toma-atitude-importante-no-brasileirao\/\",\"url\":\"https:\/\/www.gaveanews.com\/index.php\/2024\/11\/12\/apos-sondagem-do-grupo-city-diretoria-do-atletico-mg-toma-atitude-importante-no-brasileirao\/\",\"name\":\"Ap\u00f3s sondagem do Grupo City, diretoria do Atl\u00e9tico-MG toma atitude importante no Brasileir\u00e3o\",\"isPartOf\":{\"@id\":\"https:\/\/www.gaveanews.com\/#website\"},\"primaryImageOfPage\":{\"@id\":\"https:\/\/www.gaveanews.com\/index.php\/2024\/11\/12\/apos-sondagem-do-grupo-city-diretoria-do-atletico-mg-toma-atitude-importante-no-brasileirao\/#primaryimage\"},\"image\":{\"@id\":\"https:\/\/www.gaveanews.com\/index.php\/2024\/11\/12\/apos-sondagem-do-grupo-city-diretoria-do-atletico-mg-toma-atitude-importante-no-brasileirao\/#primaryimage\"},\"thumbnailUrl\":\"https:\/\/www.gaveanews.com\/wp-content\/uploads\/Estadio-do-Atletico-MG.webp\",\"datePublished\":\"2024-11-12T03:05:00+00:00\",\"author\":{\"@id\":\"https:\/\/www.gaveanews.com\/#\/schema\/person\/8597dbe3f4d8513dd20048ce95a1895b\"},\"breadcrumb\":{\"@id\":\"https:\/\/www.gaveanews.com\/index.php\/2024\/11\/12\/apos-sondagem-do-grupo-city-diretoria-do-atletico-mg-toma-atitude-importante-no-brasileirao\/#breadcrumb\"},\"inLanguage\":\"pt-BR\",\"potentialAction\":[{\"@type\":\"ReadAction\",\"target\":[\"https:\/\/www.gaveanews.com\/index.php\/2024\/11\/12\/apos-sondagem-do-grupo-city-diretoria-do-atletico-mg-toma-atitude-importante-no-brasileirao\/\"]}]},{\"@type\":\"ImageObject\",\"inLanguage\":\"pt-BR\",\"@id\":\"https:\/\/www.gaveanews.com\/index.php\/2024\/11\/12\/apos-sondagem-do-grupo-city-diretoria-do-atletico-mg-toma-atitude-importante-no-brasileirao\/#primaryimage\",\"url\":\"https:\/\/www.gaveanews.com\/wp-content\/uploads\/Estadio-do-Atletico-MG.webp\",\"contentUrl\":\"https:\/\/www.gaveanews.com\/wp-content\/uploads\/Estadio-do-Atletico-MG.webp\",\"width\":900,\"height\":600,\"caption\":\"Arena MRV, est\u00e1dio do Atl\u00e9tico-MG (Foto: Reprodu\u00e7\u00e3o\/Atl\u00e9tico)\"},{\"@type\":\"BreadcrumbList\",\"@id\":\"https:\/\/www.gaveanews.com\/index.php\/2024\/11\/12\/apos-sondagem-do-grupo-city-diretoria-do-atletico-mg-toma-atitude-importante-no-brasileirao\/#breadcrumb\",\"itemListElement\":[{\"@type\":\"ListItem\",\"position\":1,\"name\":\"Home\",\"item\":\"https:\/\/www.gaveanews.com\/\"},{\"@type\":\"ListItem\",\"position\":2,\"name\":\"Ap\u00f3s sondagem do Grupo City, diretoria do Atl\u00e9tico-MG toma atitude importante no Brasileir\u00e3o\"}]},{\"@type\":\"WebSite\",\"@id\":\"https:\/\/www.gaveanews.com\/#website\",\"url\":\"https:\/\/www.gaveanews.com\/\",\"name\":\"G\u00e1vea News\",\"description\":\"Veja todas as not\u00edcias sobre o Flamengo: Contrata\u00e7\u00f5es, categorias de base, resultados das partidas, tabela de classifica\u00e7\u00e3o, pr\u00f3ximos jogos!\",\"potentialAction\":[{\"@type\":\"SearchAction\",\"target\":{\"@type\":\"EntryPoint\",\"urlTemplate\":\"https:\/\/www.gaveanews.com\/?s={search_term_string}\"},\"query-input\":{\"@type\":\"PropertyValueSpecification\",\"valueRequired\":true,\"valueName\":\"search_term_string\"}}],\"inLanguage\":\"pt-BR\"},{\"@type\":\"Person\",\"@id\":\"https:\/\/www.gaveanews.com\/#\/schema\/person\/8597dbe3f4d8513dd20048ce95a1895b\",\"name\":\"Emilly Lima\",\"image\":{\"@type\":\"ImageObject\",\"inLanguage\":\"pt-BR\",\"@id\":\"https:\/\/www.gaveanews.com\/#\/schema\/person\/image\/\",\"url\":\"https:\/\/secure.gravatar.com\/avatar\/ddb4d0548bae01de3cb52e0fe30386754e9c41797565aa0a5bf4440ab4f7c0be?s=96&d=mm&r=g\",\"contentUrl\":\"https:\/\/secure.gravatar.com\/avatar\/ddb4d0548bae01de3cb52e0fe30386754e9c41797565aa0a5bf4440ab4f7c0be?s=96&d=mm&r=g\",\"caption\":\"Emilly Lima\"}}]}<\/script>\n<!-- \/ Yoast SEO Premium plugin. -->","yoast_head_json":{"title":"Ap\u00f3s sondagem do Grupo City, diretoria do Atl\u00e9tico-MG toma atitude importante no Brasileir\u00e3o","robots":{"index":"index","follow":"follow","max-snippet":"max-snippet:-1","max-image-preview":"max-image-preview:large","max-video-preview":"max-video-preview:-1"},"canonical":"https:\/\/www.gaveanews.com\/index.php\/2024\/11\/12\/apos-sondagem-do-grupo-city-diretoria-do-atletico-mg-toma-atitude-importante-no-brasileirao\/","og_locale":"pt_BR","og_type":"article","og_title":"Ap\u00f3s sondagem do Grupo City, diretoria do Atl\u00e9tico-MG toma atitude importante no Brasileir\u00e3o","og_description":"N\u00e3o se pode negar que a final da Copa Betano do Brasil foi muito decepcionante para o torcedor do\u00a0Atl\u00e9tico Mineiro por conta do resultado. Na decis\u00e3o contra o Flamengo, o time de Gabriel Milito foi muito inferior\u00a0ao que era esperado pela torcida e sofreu nas duas derrotas, uma por 3 a 1 no Maracan\u00e3, e [&hellip;]","og_url":"https:\/\/www.gaveanews.com\/index.php\/2024\/11\/12\/apos-sondagem-do-grupo-city-diretoria-do-atletico-mg-toma-atitude-importante-no-brasileirao\/","og_site_name":"G\u00e1vea News","article_publisher":"https:\/\/facebook.com\/gaveaNews\/","article_published_time":"2024-11-12T03:05:00+00:00","og_image":[{"width":900,"height":600,"url":"https:\/\/www.gaveanews.com\/wp-content\/uploads\/Estadio-do-Atletico-MG.webp","type":"image\/webp"}],"author":"Emilly Lima","twitter_card":"summary_large_image","twitter_misc":{"Escrito por":"Emilly Lima","Est. tempo de leitura":"3 minutos"},"schema":{"@context":"https:\/\/schema.org","@graph":[{"@type":"NewsArticle","@id":"https:\/\/www.gaveanews.com\/index.php\/2024\/11\/12\/apos-sondagem-do-grupo-city-diretoria-do-atletico-mg-toma-atitude-importante-no-brasileirao\/#article","isPartOf":{"@id":"https:\/\/www.gaveanews.com\/index.php\/2024\/11\/12\/apos-sondagem-do-grupo-city-diretoria-do-atletico-mg-toma-atitude-importante-no-brasileirao\/"},"author":{"name":"Emilly Lima","@id":"https:\/\/www.gaveanews.com\/#\/schema\/person\/8597dbe3f4d8513dd20048ce95a1895b"},"headline":"Ap\u00f3s sondagem do Grupo City, diretoria do Atl\u00e9tico-MG toma atitude importante no Brasileir\u00e3o","datePublished":"2024-11-12T03:05:00+00:00","mainEntityOfPage":{"@id":"https:\/\/www.gaveanews.com\/index.php\/2024\/11\/12\/apos-sondagem-do-grupo-city-diretoria-do-atletico-mg-toma-atitude-importante-no-brasileirao\/"},"wordCount":377,"commentCount":0,"image":{"@id":"https:\/\/www.gaveanews.com\/index.php\/2024\/11\/12\/apos-sondagem-do-grupo-city-diretoria-do-atletico-mg-toma-atitude-importante-no-brasileirao\/#primaryimage"},"thumbnailUrl":"https:\/\/www.gaveanews.com\/wp-content\/uploads\/Estadio-do-Atletico-MG.webp","articleSection":["Atl\u00e9tico-MG"],"inLanguage":"pt-BR","potentialAction":[{"@type":"CommentAction","name":"Comment","target":["https:\/\/www.gaveanews.com\/index.php\/2024\/11\/12\/apos-sondagem-do-grupo-city-diretoria-do-atletico-mg-toma-atitude-importante-no-brasileirao\/#respond"]}],"copyrightYear":"2024","copyrightHolder":{"@id":"https:\/\/www.gaveanews.com\/#organization"}},{"@type":"WebPage","@id":"https:\/\/www.gaveanews.com\/index.php\/2024\/11\/12\/apos-sondagem-do-grupo-city-diretoria-do-atletico-mg-toma-atitude-importante-no-brasileirao\/","url":"https:\/\/www.gaveanews.com\/index.php\/2024\/11\/12\/apos-sondagem-do-grupo-city-diretoria-do-atletico-mg-toma-atitude-importante-no-brasileirao\/","name":"Ap\u00f3s sondagem do Grupo City, diretoria do Atl\u00e9tico-MG toma atitude importante no Brasileir\u00e3o","isPartOf":{"@id":"https:\/\/www.gaveanews.com\/#website"},"primaryImageOfPage":{"@id":"https:\/\/www.gaveanews.com\/index.php\/2024\/11\/12\/apos-sondagem-do-grupo-city-diretoria-do-atletico-mg-toma-atitude-importante-no-brasileirao\/#primaryimage"},"image":{"@id":"https:\/\/www.gaveanews.com\/index.php\/2024\/11\/12\/apos-sondagem-do-grupo-city-diretoria-do-atletico-mg-toma-atitude-importante-no-brasileirao\/#primaryimage"},"thumbnailUrl":"https:\/\/www.gaveanews.com\/wp-content\/uploads\/Estadio-do-Atletico-MG.webp","datePublished":"2024-11-12T03:05:00+00:00","author":{"@id":"https:\/\/www.gaveanews.com\/#\/schema\/person\/8597dbe3f4d8513dd20048ce95a1895b"},"breadcrumb":{"@id":"https:\/\/www.gaveanews.com\/index.php\/2024\/11\/12\/apos-sondagem-do-grupo-city-diretoria-do-atletico-mg-toma-atitude-importante-no-brasileirao\/#breadcrumb"},"inLanguage":"pt-BR","potentialAction":[{"@type":"ReadAction","target":["https:\/\/www.gaveanews.com\/index.php\/2024\/11\/12\/apos-sondagem-do-grupo-city-diretoria-do-atletico-mg-toma-atitude-importante-no-brasileirao\/"]}]},{"@type":"ImageObject","inLanguage":"pt-BR","@id":"https:\/\/www.gaveanews.com\/index.php\/2024\/11\/12\/apos-sondagem-do-grupo-city-diretoria-do-atletico-mg-toma-atitude-importante-no-brasileirao\/#primaryimage","url":"https:\/\/www.gaveanews.com\/wp-content\/uploads\/Estadio-do-Atletico-MG.webp","contentUrl":"https:\/\/www.gaveanews.com\/wp-content\/uploads\/Estadio-do-Atletico-MG.webp","width":900,"height":600,"caption":"Arena MRV, est\u00e1dio do Atl\u00e9tico-MG (Foto: Reprodu\u00e7\u00e3o\/Atl\u00e9tico)"},{"@type":"BreadcrumbList","@id":"https:\/\/www.gaveanews.com\/index.php\/2024\/11\/12\/apos-sondagem-do-grupo-city-diretoria-do-atletico-mg-toma-atitude-importante-no-brasileirao\/#breadcrumb","itemListElement":[{"@type":"ListItem","position":1,"name":"Home","item":"https:\/\/www.gaveanews.com\/"},{"@type":"ListItem","position":2,"name":"Ap\u00f3s sondagem do Grupo City, diretoria do Atl\u00e9tico-MG toma atitude importante no Brasileir\u00e3o"}]},{"@type":"WebSite","@id":"https:\/\/www.gaveanews.com\/#website","url":"https:\/\/www.gaveanews.com\/","name":"G\u00e1vea News","description":"Veja todas as not\u00edcias sobre o Flamengo: Contrata\u00e7\u00f5es, categorias de base, resultados das partidas, tabela de classifica\u00e7\u00e3o, pr\u00f3ximos jogos!","potentialAction":[{"@type":"SearchAction","target":{"@type":"EntryPoint","urlTemplate":"https:\/\/www.gaveanews.com\/?s={search_term_string}"},"query-input":{"@type":"PropertyValueSpecification","valueRequired":true,"valueName":"search_term_string"}}],"inLanguage":"pt-BR"},{"@type":"Person","@id":"https:\/\/www.gaveanews.com\/#\/schema\/person\/8597dbe3f4d8513dd20048ce95a1895b","name":"Emilly Lima","image":{"@type":"ImageObject","inLanguage":"pt-BR","@id":"https:\/\/www.gaveanews.com\/#\/schema\/person\/image\/","url":"https:\/\/secure.gravatar.com\/avatar\/ddb4d0548bae01de3cb52e0fe30386754e9c41797565aa0a5bf4440ab4f7c0be?s=96&d=mm&r=g","contentUrl":"https:\/\/secure.gravatar.com\/avatar\/ddb4d0548bae01de3cb52e0fe30386754e9c41797565aa0a5bf4440ab4f7c0be?s=96&d=mm&r=g","caption":"Emilly Lima"}}]}},"_links":{"self":[{"href":"https:\/\/www.gaveanews.com\/index.php\/wp-json\/wp\/v2\/posts\/184042","targetHints":{"allow":["GET"]}}],"collection":[{"href":"https:\/\/www.gaveanews.com\/index.php\/wp-json\/wp\/v2\/posts"}],"about":[{"href":"https:\/\/www.gaveanews.com\/index.php\/wp-json\/wp\/v2\/types\/post"}],"author":[{"embeddable":true,"href":"https:\/\/www.gaveanews.com\/index.php\/wp-json\/wp\/v2\/users\/22"}],"replies":[{"embeddable":true,"href":"https:\/\/www.gaveanews.com\/index.php\/wp-json\/wp\/v2\/comments?post=184042"}],"version-history":[{"count":2,"href":"https:\/\/www.gaveanews.com\/index.php\/wp-json\/wp\/v2\/posts\/184042\/revisions"}],"predecessor-version":[{"id":184102,"href":"https:\/\/www.gaveanews.com\/index.php\/wp-json\/wp\/v2\/posts\/184042\/revisions\/184102"}],"wp:featuredmedia":[{"embeddable":true,"href":"https:\/\/www.gaveanews.com\/index.php\/wp-json\/wp\/v2\/media\/153999"}],"wp:attachment":[{"href":"https:\/\/www.gaveanews.com\/index.php\/wp-json\/wp\/v2\/media?parent=184042"}],"wp:term":[{"taxonomy":"category","embeddable":true,"href":"https:\/\/www.gaveanews.com\/index.php\/wp-json\/wp\/v2\/categories?post=184042"},{"taxonomy":"post_tag","embeddable":true,"href":"https:\/\/www.gaveanews.com\/index.php\/wp-json\/wp\/v2\/tags?post=184042"}],"curies":[{"name":"wp","href":"https:\/\/api.w.org\/{rel}","templated":true}]}}