{"id":184094,"date":"2024-11-12T05:30:00","date_gmt":"2024-11-12T08:30:00","guid":{"rendered":"https:\/\/www.gaveanews.com\/?p=184094"},"modified":"2024-11-12T00:17:45","modified_gmt":"2024-11-12T03:17:45","slug":"saida-de-endrick-declaracao-de-ancelotti-e-situacao-envolvendo-luva-de-pedreiro-as-ultimas-noticias-do-real-madrid","status":"publish","type":"post","link":"https:\/\/www.gaveanews.com\/index.php\/2024\/11\/12\/saida-de-endrick-declaracao-de-ancelotti-e-situacao-envolvendo-luva-de-pedreiro-as-ultimas-noticias-do-real-madrid\/","title":{"rendered":"Sa\u00edda de Endrick, declara\u00e7\u00e3o de Ancelotti e situa\u00e7\u00e3o envolvendo Luva de Pedreiro: as \u00faltimas not\u00edcias do Real Madrid"},"content":{"rendered":"\n<p>Nas \u00faltimas horas, o foco das not\u00edcias sobre o Real Madrid se concentram nos bastidores do clube, com destaques como a sa\u00edda de Endrick e a declara\u00e7\u00e3o de Ancelotti.<\/p>\n\n\n\n<p>Por conta deste contexto, leia abaixo um resumo preparado pela equipe do portal G\u00e1vea News para lhe manter muito bem informado!<\/p>\n\n\n\n<h2 class=\"wp-block-heading\" id=\"h-situacao-envolvendo-luva-de-pedreiro\">Situa\u00e7\u00e3o envolvendo Luva de Pedreiro<\/h2>\n\n\n\n<p>O influenciador brasileiro Luva de Pedreiro passou por uma situa\u00e7\u00e3o constrangedora na cerim\u00f4nia da Bola de Ouro de 2024, onde chegou vestindo uma camisa da Sele\u00e7\u00e3o Brasileira com o nome de Vin\u00edcius J\u00fanior. A escolha da camisa atraiu olhares desconfiados dos estrangeiros presentes, e o influenciador relatou que enfrentou resist\u00eancia dos seguran\u00e7as, que tentaram impedir sua entrada com a pe\u00e7a. Determinado, Luva de Pedreiro manteve-se firme e n\u00e3o cedeu \u00e0 press\u00e3o para entregar a camisa.<strong><a href=\"https:\/\/www.gaveanews.com\/index.php\/2024\/11\/08\/luva-de-pedreiro-revela-situacao-incomoda-por-conta-da-camisa-de-vini-jr-na-bola-de-ouro\/\"> (leia a mat\u00e9ria completa)<\/a><\/strong><\/p>\n\n\n\n<figure class=\"wp-block-image size-large\"><img loading=\"lazy\" decoding=\"async\" width=\"1024\" height=\"694\" src=\"https:\/\/www.gaveanews.com\/wp-content\/uploads\/luva-de-pedreiro-podpah-1024x694.webp\" alt=\"\" class=\"wp-image-107521\" srcset=\"https:\/\/www.gaveanews.com\/wp-content\/uploads\/luva-de-pedreiro-podpah-1024x694.webp 1024w, https:\/\/www.gaveanews.com\/wp-content\/uploads\/luva-de-pedreiro-podpah-300x203.webp 300w, https:\/\/www.gaveanews.com\/wp-content\/uploads\/luva-de-pedreiro-podpah-768x520.webp 768w, https:\/\/www.gaveanews.com\/wp-content\/uploads\/luva-de-pedreiro-podpah-1536x1041.webp 1536w, https:\/\/www.gaveanews.com\/wp-content\/uploads\/luva-de-pedreiro-podpah-620x420.webp 620w, https:\/\/www.gaveanews.com\/wp-content\/uploads\/luva-de-pedreiro-podpah-1240x840.webp 1240w, https:\/\/www.gaveanews.com\/wp-content\/uploads\/luva-de-pedreiro-podpah-640x434.webp 640w, https:\/\/www.gaveanews.com\/wp-content\/uploads\/luva-de-pedreiro-podpah-1280x867.webp 1280w, https:\/\/www.gaveanews.com\/wp-content\/uploads\/luva-de-pedreiro-podpah-681x461.webp 681w, https:\/\/www.gaveanews.com\/wp-content\/uploads\/luva-de-pedreiro-podpah-1362x923.webp 1362w, https:\/\/www.gaveanews.com\/wp-content\/uploads\/luva-de-pedreiro-podpah-100x68.webp 100w, https:\/\/www.gaveanews.com\/wp-content\/uploads\/luva-de-pedreiro-podpah.webp 1727w\" sizes=\"auto, (max-width: 1024px) 100vw, 1024px\" \/><figcaption class=\"wp-element-caption\">Luva de pedreiro em entrevista ao PodPah (Foto: Reprodu\u00e7\u00e3o\/PodPah)<\/figcaption><\/figure>\n\n\n\n<p>Al\u00e9m do desconforto com o tratamento recebido, Luva de Pedreiro criticou a escolha do espanhol Rodri como vencedor do pr\u00eamio, argumentando que at\u00e9 o pr\u00f3prio jogador do Manchester City parecia surpreso com o resultado. <\/p>\n\n\n\n<p>Segundo ele, Vini Jr. merecia ser reconhecido como o melhor jogador do mundo, uma opini\u00e3o que o influenciador n\u00e3o hesitou em expressar ao falar sobre a premia\u00e7\u00e3o.<\/p>\n\n\n\n<p>A cerim\u00f4nia da Bola de Ouro, que consagrou Rodri como o melhor jogador, foi assim marcada n\u00e3o apenas pela disputa pelo pr\u00eamio, mas tamb\u00e9m pelo epis\u00f3dio que ressaltou a persist\u00eancia do influenciador brasileiro em defender seu \u00eddolo, mesmo em um ambiente onde sua escolha gerou rea\u00e7\u00f5es adversas.<\/p>\n\n\n\n<h2 class=\"wp-block-heading\" id=\"h-declaracao-de-ancelotti\">Declara\u00e7\u00e3o de Ancelotti<\/h2>\n\n\n\n<p>Em meio a uma fase complicada no Real Madrid, Carlo Ancelotti respondeu com ironia \u00e0 pergunta sobre um poss\u00edvel arrependimento por n\u00e3o ter aceitado o cargo de t\u00e9cnico da Sele\u00e7\u00e3o Brasileira. Ap\u00f3s derrotas para Barcelona e Milan, ele afirmou que a situa\u00e7\u00e3o \u00e9 delicada e que seu foco permanece no clube espanhol. O t\u00e9cnico italiano ressaltou que se sente realizado em Madrid e que n\u00e3o pretende deixar o comando da equipe antes de 2026, quando se encerra seu contrato atual. <strong><a href=\"https:\/\/www.gaveanews.com\/index.php\/2024\/11\/09\/a-declaracao-de-carlo-ancelotti-direcionada-ao-brasil\/\">(leia a mat\u00e9ria completa)<\/a><\/strong><\/p>\n\n\n\n<figure class=\"wp-block-image size-full\"><img loading=\"lazy\" decoding=\"async\" width=\"984\" height=\"678\" src=\"https:\/\/www.gaveanews.com\/wp-content\/uploads\/2023-04-29t184531z-1598421574-up1ej4t1g3tth-rtrmadp-3-soccer-spain-mad-uda-report.webp\" alt=\"\" class=\"wp-image-119629\" srcset=\"https:\/\/www.gaveanews.com\/wp-content\/uploads\/2023-04-29t184531z-1598421574-up1ej4t1g3tth-rtrmadp-3-soccer-spain-mad-uda-report.webp 984w, https:\/\/www.gaveanews.com\/wp-content\/uploads\/2023-04-29t184531z-1598421574-up1ej4t1g3tth-rtrmadp-3-soccer-spain-mad-uda-report-300x207.webp 300w, https:\/\/www.gaveanews.com\/wp-content\/uploads\/2023-04-29t184531z-1598421574-up1ej4t1g3tth-rtrmadp-3-soccer-spain-mad-uda-report-768x529.webp 768w, https:\/\/www.gaveanews.com\/wp-content\/uploads\/2023-04-29t184531z-1598421574-up1ej4t1g3tth-rtrmadp-3-soccer-spain-mad-uda-report-610x420.webp 610w, https:\/\/www.gaveanews.com\/wp-content\/uploads\/2023-04-29t184531z-1598421574-up1ej4t1g3tth-rtrmadp-3-soccer-spain-mad-uda-report-640x441.webp 640w, https:\/\/www.gaveanews.com\/wp-content\/uploads\/2023-04-29t184531z-1598421574-up1ej4t1g3tth-rtrmadp-3-soccer-spain-mad-uda-report-681x469.webp 681w, https:\/\/www.gaveanews.com\/wp-content\/uploads\/2023-04-29t184531z-1598421574-up1ej4t1g3tth-rtrmadp-3-soccer-spain-mad-uda-report-100x69.webp 100w\" sizes=\"auto, (max-width: 984px) 100vw, 984px\" \/><figcaption class=\"wp-element-caption\">Carlo Ancelotti, t\u00e9cnico do Real Madrid (Foto: Reuters)<\/figcaption><\/figure>\n\n\n\n<p>Ancelotti reafirmou sua confian\u00e7a na capacidade de recupera\u00e7\u00e3o do time, enfatizando a uni\u00e3o e a clareza dos objetivos entre os jogadores e a equipe t\u00e9cnica como pontos essenciais para superar o mau momento. Desde que seu contrato foi renovado, as especula\u00e7\u00f5es sobre sua ida para o Brasil perderam for\u00e7a. A CBF, no entanto, ainda cogita trazer Pep Guardiola para o cargo em um futuro pr\u00f3ximo, conforme revelado por fontes pr\u00f3ximas \u00e0 entidade.<\/p>\n\n\n\n<p>Al\u00e9m de mostrar otimismo, Ancelotti comentou que as adversidades no futebol s\u00e3o normais e que este momento desafiador pode fortalecer ainda mais o grupo. Ele refor\u00e7ou a ideia de que o Real Madrid \u00e9 como uma fam\u00edlia, na qual todos trabalham juntos para superar as dificuldades e manter o clube competitivo nas principais disputas.<\/p>\n\n\n\n<h2 class=\"wp-block-heading\" id=\"h-saida-de-endrick\">Sa\u00edda de Endrick<\/h2>\n\n\n\n<p>Endrick, a jovem promessa brasileira no Real Madrid, est\u00e1 enfrentando dificuldades para garantir espa\u00e7o no elenco comandado por Carlo Ancelotti. Sem atuar pelo clube h\u00e1 mais de um m\u00eas, ele come\u00e7a a despertar o interesse de outros times europeus, com a Juventus monitorando sua situa\u00e7\u00e3o. A escassez de oportunidades para jovens talentos como Endrick e Arda G\u00fcler tem gerado cr\u00edticas ao t\u00e9cnico Ancelotti, que tem optado por jogadores mais experientes devido \u00e0 instabilidade do time na temporada <strong><a href=\"https:\/\/www.gaveanews.com\/index.php\/2024\/11\/08\/endrick-pode-estar-de-saida-do-real-madrid\/\">(leia a mat\u00e9ria completa)<\/a><\/strong><\/p>\n\n\n\n<figure class=\"wp-block-image size-large\"><img loading=\"lazy\" decoding=\"async\" width=\"1024\" height=\"576\" src=\"https:\/\/www.gaveanews.com\/wp-content\/uploads\/endrick_-_real_madrid_1.jpg_554688468-1024x576.webp\" alt=\"\" class=\"wp-image-161086\" srcset=\"https:\/\/www.gaveanews.com\/wp-content\/uploads\/endrick_-_real_madrid_1.jpg_554688468-1024x576.webp 1024w, https:\/\/www.gaveanews.com\/wp-content\/uploads\/endrick_-_real_madrid_1.jpg_554688468-300x169.webp 300w, https:\/\/www.gaveanews.com\/wp-content\/uploads\/endrick_-_real_madrid_1.jpg_554688468-768x432.webp 768w, https:\/\/www.gaveanews.com\/wp-content\/uploads\/endrick_-_real_madrid_1.jpg_554688468-747x420.webp 747w, https:\/\/www.gaveanews.com\/wp-content\/uploads\/endrick_-_real_madrid_1.jpg_554688468-640x360.webp 640w, https:\/\/www.gaveanews.com\/wp-content\/uploads\/endrick_-_real_madrid_1.jpg_554688468-681x383.webp 681w, https:\/\/www.gaveanews.com\/wp-content\/uploads\/endrick_-_real_madrid_1.jpg_554688468-100x56.webp 100w, https:\/\/www.gaveanews.com\/wp-content\/uploads\/endrick_-_real_madrid_1.jpg_554688468.webp 1200w\" sizes=\"auto, (max-width: 1024px) 100vw, 1024px\" \/><figcaption class=\"wp-element-caption\">Endrick marcou seu primeiro gol pelo Real Madrid &#8211; Angel Martinez (2024 Getty Images, Getty Images Europe)\n<\/figcaption><\/figure>\n\n\n\n<p>Para Endrick, a possibilidade de um empr\u00e9stimo, especialmente para um clube como a Juventus, \u00e9 vista como uma oportunidade para obter mais tempo de jogo e desenvolver suas habilidades. Essa mudan\u00e7a, al\u00e9m de beneficiar o jogador, poderia atender \u00e0s expectativas do Real Madrid de dar mais experi\u00eancia ao atleta antes de incorpor\u00e1-lo plenamente ao elenco principal.<\/p>\n\n\n\n<p>Apesar da falta de minutos, o valor de mercado de Endrick permanece elevado. Avaliado em aproximadamente 97,7 milh\u00f5es de euros, ele registrou uma valoriza\u00e7\u00e3o de 35% desde que chegou ao Real Madrid, o que representa tamb\u00e9m um potencial retorno financeiro para o Palmeiras, clube que o formou e mant\u00e9m uma porcentagem de seus direitos econ\u00f4micos.<\/p>\n","protected":false},"excerpt":{"rendered":"<p>Nas \u00faltimas horas, o foco das not\u00edcias sobre o Real Madrid se concentram nos bastidores do clube, com destaques como a sa\u00edda de Endrick e a declara\u00e7\u00e3o de Ancelotti. Por conta deste contexto, leia abaixo um resumo preparado pela equipe do portal G\u00e1vea News para lhe manter muito bem informado! Situa\u00e7\u00e3o envolvendo Luva de Pedreiro [&hellip;]<\/p>\n","protected":false},"author":27,"featured_media":124645,"comment_status":"open","ping_status":"closed","sticky":false,"template":"","format":"standard","meta":{"footnotes":""},"categories":[88],"tags":[],"class_list":["post-184094","post","type-post","status-publish","format-standard","has-post-thumbnail","hentry","category-real-madrid"],"yoast_head":"<!-- This site is optimized with the Yoast SEO Premium plugin v24.2 (Yoast SEO v26.9) - https:\/\/yoast.com\/product\/yoast-seo-premium-wordpress\/ -->\n<title>Sa\u00edda de Endrick, declara\u00e7\u00e3o de Ancelotti e situa\u00e7\u00e3o envolvendo Luva de Pedreiro: as \u00faltimas not\u00edcias do Real Madrid<\/title>\n<meta name=\"robots\" content=\"index, follow, max-snippet:-1, max-image-preview:large, max-video-preview:-1\" \/>\n<link rel=\"canonical\" href=\"https:\/\/www.gaveanews.com\/index.php\/2024\/11\/12\/saida-de-endrick-declaracao-de-ancelotti-e-situacao-envolvendo-luva-de-pedreiro-as-ultimas-noticias-do-real-madrid\/\" \/>\n<meta property=\"og:locale\" content=\"pt_BR\" \/>\n<meta property=\"og:type\" content=\"article\" \/>\n<meta property=\"og:title\" content=\"Sa\u00edda de Endrick, declara\u00e7\u00e3o de Ancelotti e situa\u00e7\u00e3o envolvendo Luva de Pedreiro: as \u00faltimas not\u00edcias do Real Madrid\" \/>\n<meta property=\"og:description\" content=\"Nas \u00faltimas horas, o foco das not\u00edcias sobre o Real Madrid se concentram nos bastidores do clube, com destaques como a sa\u00edda de Endrick e a declara\u00e7\u00e3o de Ancelotti. Por conta deste contexto, leia abaixo um resumo preparado pela equipe do portal G\u00e1vea News para lhe manter muito bem informado! Situa\u00e7\u00e3o envolvendo Luva de Pedreiro [&hellip;]\" \/>\n<meta property=\"og:url\" content=\"https:\/\/www.gaveanews.com\/index.php\/2024\/11\/12\/saida-de-endrick-declaracao-de-ancelotti-e-situacao-envolvendo-luva-de-pedreiro-as-ultimas-noticias-do-real-madrid\/\" \/>\n<meta property=\"og:site_name\" content=\"G\u00e1vea News\" \/>\n<meta property=\"article:publisher\" content=\"https:\/\/facebook.com\/gaveaNews\/\" \/>\n<meta property=\"article:published_time\" content=\"2024-11-12T08:30:00+00:00\" \/>\n<meta property=\"og:image\" content=\"https:\/\/www.gaveanews.com\/wp-content\/uploads\/realmadrid.webp\" \/>\n\t<meta property=\"og:image:width\" content=\"1200\" \/>\n\t<meta property=\"og:image:height\" content=\"900\" \/>\n\t<meta property=\"og:image:type\" content=\"image\/jpeg\" \/>\n<meta name=\"author\" content=\"Matheus Felipe\" \/>\n<meta name=\"twitter:card\" content=\"summary_large_image\" \/>\n<meta name=\"twitter:label1\" content=\"Escrito por\" \/>\n\t<meta name=\"twitter:data1\" content=\"Matheus Felipe\" \/>\n\t<meta name=\"twitter:label2\" content=\"Est. tempo de leitura\" \/>\n\t<meta name=\"twitter:data2\" content=\"5 minutos\" \/>\n<script type=\"application\/ld+json\" class=\"yoast-schema-graph\">{\"@context\":\"https:\/\/schema.org\",\"@graph\":[{\"@type\":\"NewsArticle\",\"@id\":\"https:\/\/www.gaveanews.com\/index.php\/2024\/11\/12\/saida-de-endrick-declaracao-de-ancelotti-e-situacao-envolvendo-luva-de-pedreiro-as-ultimas-noticias-do-real-madrid\/#article\",\"isPartOf\":{\"@id\":\"https:\/\/www.gaveanews.com\/index.php\/2024\/11\/12\/saida-de-endrick-declaracao-de-ancelotti-e-situacao-envolvendo-luva-de-pedreiro-as-ultimas-noticias-do-real-madrid\/\"},\"author\":{\"name\":\"Matheus Felipe\",\"@id\":\"https:\/\/www.gaveanews.com\/#\/schema\/person\/8207cd4627f56151707418bfc835b2fb\"},\"headline\":\"Sa\u00edda de Endrick, declara\u00e7\u00e3o de Ancelotti e situa\u00e7\u00e3o envolvendo Luva de Pedreiro: as \u00faltimas not\u00edcias do Real Madrid\",\"datePublished\":\"2024-11-12T08:30:00+00:00\",\"mainEntityOfPage\":{\"@id\":\"https:\/\/www.gaveanews.com\/index.php\/2024\/11\/12\/saida-de-endrick-declaracao-de-ancelotti-e-situacao-envolvendo-luva-de-pedreiro-as-ultimas-noticias-do-real-madrid\/\"},\"wordCount\":767,\"commentCount\":0,\"image\":{\"@id\":\"https:\/\/www.gaveanews.com\/index.php\/2024\/11\/12\/saida-de-endrick-declaracao-de-ancelotti-e-situacao-envolvendo-luva-de-pedreiro-as-ultimas-noticias-do-real-madrid\/#primaryimage\"},\"thumbnailUrl\":\"https:\/\/www.gaveanews.com\/wp-content\/uploads\/realmadrid.webp\",\"articleSection\":[\"Real Madrid\"],\"inLanguage\":\"pt-BR\",\"potentialAction\":[{\"@type\":\"CommentAction\",\"name\":\"Comment\",\"target\":[\"https:\/\/www.gaveanews.com\/index.php\/2024\/11\/12\/saida-de-endrick-declaracao-de-ancelotti-e-situacao-envolvendo-luva-de-pedreiro-as-ultimas-noticias-do-real-madrid\/#respond\"]}],\"copyrightYear\":\"2024\",\"copyrightHolder\":{\"@id\":\"https:\/\/www.gaveanews.com\/#organization\"}},{\"@type\":\"WebPage\",\"@id\":\"https:\/\/www.gaveanews.com\/index.php\/2024\/11\/12\/saida-de-endrick-declaracao-de-ancelotti-e-situacao-envolvendo-luva-de-pedreiro-as-ultimas-noticias-do-real-madrid\/\",\"url\":\"https:\/\/www.gaveanews.com\/index.php\/2024\/11\/12\/saida-de-endrick-declaracao-de-ancelotti-e-situacao-envolvendo-luva-de-pedreiro-as-ultimas-noticias-do-real-madrid\/\",\"name\":\"Sa\u00edda de Endrick, declara\u00e7\u00e3o de Ancelotti e situa\u00e7\u00e3o envolvendo Luva de Pedreiro: as \u00faltimas not\u00edcias do Real Madrid\",\"isPartOf\":{\"@id\":\"https:\/\/www.gaveanews.com\/#website\"},\"primaryImageOfPage\":{\"@id\":\"https:\/\/www.gaveanews.com\/index.php\/2024\/11\/12\/saida-de-endrick-declaracao-de-ancelotti-e-situacao-envolvendo-luva-de-pedreiro-as-ultimas-noticias-do-real-madrid\/#primaryimage\"},\"image\":{\"@id\":\"https:\/\/www.gaveanews.com\/index.php\/2024\/11\/12\/saida-de-endrick-declaracao-de-ancelotti-e-situacao-envolvendo-luva-de-pedreiro-as-ultimas-noticias-do-real-madrid\/#primaryimage\"},\"thumbnailUrl\":\"https:\/\/www.gaveanews.com\/wp-content\/uploads\/realmadrid.webp\",\"datePublished\":\"2024-11-12T08:30:00+00:00\",\"author\":{\"@id\":\"https:\/\/www.gaveanews.com\/#\/schema\/person\/8207cd4627f56151707418bfc835b2fb\"},\"breadcrumb\":{\"@id\":\"https:\/\/www.gaveanews.com\/index.php\/2024\/11\/12\/saida-de-endrick-declaracao-de-ancelotti-e-situacao-envolvendo-luva-de-pedreiro-as-ultimas-noticias-do-real-madrid\/#breadcrumb\"},\"inLanguage\":\"pt-BR\",\"potentialAction\":[{\"@type\":\"ReadAction\",\"target\":[\"https:\/\/www.gaveanews.com\/index.php\/2024\/11\/12\/saida-de-endrick-declaracao-de-ancelotti-e-situacao-envolvendo-luva-de-pedreiro-as-ultimas-noticias-do-real-madrid\/\"]}]},{\"@type\":\"ImageObject\",\"inLanguage\":\"pt-BR\",\"@id\":\"https:\/\/www.gaveanews.com\/index.php\/2024\/11\/12\/saida-de-endrick-declaracao-de-ancelotti-e-situacao-envolvendo-luva-de-pedreiro-as-ultimas-noticias-do-real-madrid\/#primaryimage\",\"url\":\"https:\/\/www.gaveanews.com\/wp-content\/uploads\/realmadrid.webp\",\"contentUrl\":\"https:\/\/www.gaveanews.com\/wp-content\/uploads\/realmadrid.webp\",\"width\":1200,\"height\":900,\"caption\":\"Escudo do Real Madrid (Foto: Reprodu\u00e7\u00e3o)\"},{\"@type\":\"BreadcrumbList\",\"@id\":\"https:\/\/www.gaveanews.com\/index.php\/2024\/11\/12\/saida-de-endrick-declaracao-de-ancelotti-e-situacao-envolvendo-luva-de-pedreiro-as-ultimas-noticias-do-real-madrid\/#breadcrumb\",\"itemListElement\":[{\"@type\":\"ListItem\",\"position\":1,\"name\":\"Home\",\"item\":\"https:\/\/www.gaveanews.com\/\"},{\"@type\":\"ListItem\",\"position\":2,\"name\":\"Sa\u00edda de Endrick, declara\u00e7\u00e3o de Ancelotti e situa\u00e7\u00e3o envolvendo Luva de Pedreiro: as \u00faltimas not\u00edcias do Real Madrid\"}]},{\"@type\":\"WebSite\",\"@id\":\"https:\/\/www.gaveanews.com\/#website\",\"url\":\"https:\/\/www.gaveanews.com\/\",\"name\":\"G\u00e1vea News\",\"description\":\"Veja todas as not\u00edcias sobre o Flamengo: Contrata\u00e7\u00f5es, categorias de base, resultados das partidas, tabela de classifica\u00e7\u00e3o, pr\u00f3ximos jogos!\",\"potentialAction\":[{\"@type\":\"SearchAction\",\"target\":{\"@type\":\"EntryPoint\",\"urlTemplate\":\"https:\/\/www.gaveanews.com\/?s={search_term_string}\"},\"query-input\":{\"@type\":\"PropertyValueSpecification\",\"valueRequired\":true,\"valueName\":\"search_term_string\"}}],\"inLanguage\":\"pt-BR\"},{\"@type\":\"Person\",\"@id\":\"https:\/\/www.gaveanews.com\/#\/schema\/person\/8207cd4627f56151707418bfc835b2fb\",\"name\":\"Matheus Felipe\",\"image\":{\"@type\":\"ImageObject\",\"inLanguage\":\"pt-BR\",\"@id\":\"https:\/\/www.gaveanews.com\/#\/schema\/person\/image\/\",\"url\":\"https:\/\/secure.gravatar.com\/avatar\/a452ffbed9130f726358b298bb3a99ce4bd3c5338411f8440e87e14d74c7c087?s=96&d=mm&r=g\",\"contentUrl\":\"https:\/\/secure.gravatar.com\/avatar\/a452ffbed9130f726358b298bb3a99ce4bd3c5338411f8440e87e14d74c7c087?s=96&d=mm&r=g\",\"caption\":\"Matheus Felipe\"}}]}<\/script>\n<!-- \/ Yoast SEO Premium plugin. -->","yoast_head_json":{"title":"Sa\u00edda de Endrick, declara\u00e7\u00e3o de Ancelotti e situa\u00e7\u00e3o envolvendo Luva de Pedreiro: as \u00faltimas not\u00edcias do Real Madrid","robots":{"index":"index","follow":"follow","max-snippet":"max-snippet:-1","max-image-preview":"max-image-preview:large","max-video-preview":"max-video-preview:-1"},"canonical":"https:\/\/www.gaveanews.com\/index.php\/2024\/11\/12\/saida-de-endrick-declaracao-de-ancelotti-e-situacao-envolvendo-luva-de-pedreiro-as-ultimas-noticias-do-real-madrid\/","og_locale":"pt_BR","og_type":"article","og_title":"Sa\u00edda de Endrick, declara\u00e7\u00e3o de Ancelotti e situa\u00e7\u00e3o envolvendo Luva de Pedreiro: as \u00faltimas not\u00edcias do Real Madrid","og_description":"Nas \u00faltimas horas, o foco das not\u00edcias sobre o Real Madrid se concentram nos bastidores do clube, com destaques como a sa\u00edda de Endrick e a declara\u00e7\u00e3o de Ancelotti. Por conta deste contexto, leia abaixo um resumo preparado pela equipe do portal G\u00e1vea News para lhe manter muito bem informado! Situa\u00e7\u00e3o envolvendo Luva de Pedreiro [&hellip;]","og_url":"https:\/\/www.gaveanews.com\/index.php\/2024\/11\/12\/saida-de-endrick-declaracao-de-ancelotti-e-situacao-envolvendo-luva-de-pedreiro-as-ultimas-noticias-do-real-madrid\/","og_site_name":"G\u00e1vea News","article_publisher":"https:\/\/facebook.com\/gaveaNews\/","article_published_time":"2024-11-12T08:30:00+00:00","og_image":[{"width":1200,"height":900,"url":"https:\/\/www.gaveanews.com\/wp-content\/uploads\/realmadrid.webp","type":"image\/jpeg"}],"author":"Matheus Felipe","twitter_card":"summary_large_image","twitter_misc":{"Escrito por":"Matheus Felipe","Est. tempo de leitura":"5 minutos"},"schema":{"@context":"https:\/\/schema.org","@graph":[{"@type":"NewsArticle","@id":"https:\/\/www.gaveanews.com\/index.php\/2024\/11\/12\/saida-de-endrick-declaracao-de-ancelotti-e-situacao-envolvendo-luva-de-pedreiro-as-ultimas-noticias-do-real-madrid\/#article","isPartOf":{"@id":"https:\/\/www.gaveanews.com\/index.php\/2024\/11\/12\/saida-de-endrick-declaracao-de-ancelotti-e-situacao-envolvendo-luva-de-pedreiro-as-ultimas-noticias-do-real-madrid\/"},"author":{"name":"Matheus Felipe","@id":"https:\/\/www.gaveanews.com\/#\/schema\/person\/8207cd4627f56151707418bfc835b2fb"},"headline":"Sa\u00edda de Endrick, declara\u00e7\u00e3o de Ancelotti e situa\u00e7\u00e3o envolvendo Luva de Pedreiro: as \u00faltimas not\u00edcias do Real Madrid","datePublished":"2024-11-12T08:30:00+00:00","mainEntityOfPage":{"@id":"https:\/\/www.gaveanews.com\/index.php\/2024\/11\/12\/saida-de-endrick-declaracao-de-ancelotti-e-situacao-envolvendo-luva-de-pedreiro-as-ultimas-noticias-do-real-madrid\/"},"wordCount":767,"commentCount":0,"image":{"@id":"https:\/\/www.gaveanews.com\/index.php\/2024\/11\/12\/saida-de-endrick-declaracao-de-ancelotti-e-situacao-envolvendo-luva-de-pedreiro-as-ultimas-noticias-do-real-madrid\/#primaryimage"},"thumbnailUrl":"https:\/\/www.gaveanews.com\/wp-content\/uploads\/realmadrid.webp","articleSection":["Real Madrid"],"inLanguage":"pt-BR","potentialAction":[{"@type":"CommentAction","name":"Comment","target":["https:\/\/www.gaveanews.com\/index.php\/2024\/11\/12\/saida-de-endrick-declaracao-de-ancelotti-e-situacao-envolvendo-luva-de-pedreiro-as-ultimas-noticias-do-real-madrid\/#respond"]}],"copyrightYear":"2024","copyrightHolder":{"@id":"https:\/\/www.gaveanews.com\/#organization"}},{"@type":"WebPage","@id":"https:\/\/www.gaveanews.com\/index.php\/2024\/11\/12\/saida-de-endrick-declaracao-de-ancelotti-e-situacao-envolvendo-luva-de-pedreiro-as-ultimas-noticias-do-real-madrid\/","url":"https:\/\/www.gaveanews.com\/index.php\/2024\/11\/12\/saida-de-endrick-declaracao-de-ancelotti-e-situacao-envolvendo-luva-de-pedreiro-as-ultimas-noticias-do-real-madrid\/","name":"Sa\u00edda de Endrick, declara\u00e7\u00e3o de Ancelotti e situa\u00e7\u00e3o envolvendo Luva de Pedreiro: as \u00faltimas not\u00edcias do Real Madrid","isPartOf":{"@id":"https:\/\/www.gaveanews.com\/#website"},"primaryImageOfPage":{"@id":"https:\/\/www.gaveanews.com\/index.php\/2024\/11\/12\/saida-de-endrick-declaracao-de-ancelotti-e-situacao-envolvendo-luva-de-pedreiro-as-ultimas-noticias-do-real-madrid\/#primaryimage"},"image":{"@id":"https:\/\/www.gaveanews.com\/index.php\/2024\/11\/12\/saida-de-endrick-declaracao-de-ancelotti-e-situacao-envolvendo-luva-de-pedreiro-as-ultimas-noticias-do-real-madrid\/#primaryimage"},"thumbnailUrl":"https:\/\/www.gaveanews.com\/wp-content\/uploads\/realmadrid.webp","datePublished":"2024-11-12T08:30:00+00:00","author":{"@id":"https:\/\/www.gaveanews.com\/#\/schema\/person\/8207cd4627f56151707418bfc835b2fb"},"breadcrumb":{"@id":"https:\/\/www.gaveanews.com\/index.php\/2024\/11\/12\/saida-de-endrick-declaracao-de-ancelotti-e-situacao-envolvendo-luva-de-pedreiro-as-ultimas-noticias-do-real-madrid\/#breadcrumb"},"inLanguage":"pt-BR","potentialAction":[{"@type":"ReadAction","target":["https:\/\/www.gaveanews.com\/index.php\/2024\/11\/12\/saida-de-endrick-declaracao-de-ancelotti-e-situacao-envolvendo-luva-de-pedreiro-as-ultimas-noticias-do-real-madrid\/"]}]},{"@type":"ImageObject","inLanguage":"pt-BR","@id":"https:\/\/www.gaveanews.com\/index.php\/2024\/11\/12\/saida-de-endrick-declaracao-de-ancelotti-e-situacao-envolvendo-luva-de-pedreiro-as-ultimas-noticias-do-real-madrid\/#primaryimage","url":"https:\/\/www.gaveanews.com\/wp-content\/uploads\/realmadrid.webp","contentUrl":"https:\/\/www.gaveanews.com\/wp-content\/uploads\/realmadrid.webp","width":1200,"height":900,"caption":"Escudo do Real Madrid (Foto: Reprodu\u00e7\u00e3o)"},{"@type":"BreadcrumbList","@id":"https:\/\/www.gaveanews.com\/index.php\/2024\/11\/12\/saida-de-endrick-declaracao-de-ancelotti-e-situacao-envolvendo-luva-de-pedreiro-as-ultimas-noticias-do-real-madrid\/#breadcrumb","itemListElement":[{"@type":"ListItem","position":1,"name":"Home","item":"https:\/\/www.gaveanews.com\/"},{"@type":"ListItem","position":2,"name":"Sa\u00edda de Endrick, declara\u00e7\u00e3o de Ancelotti e situa\u00e7\u00e3o envolvendo Luva de Pedreiro: as \u00faltimas not\u00edcias do Real Madrid"}]},{"@type":"WebSite","@id":"https:\/\/www.gaveanews.com\/#website","url":"https:\/\/www.gaveanews.com\/","name":"G\u00e1vea News","description":"Veja todas as not\u00edcias sobre o Flamengo: Contrata\u00e7\u00f5es, categorias de base, resultados das partidas, tabela de classifica\u00e7\u00e3o, pr\u00f3ximos jogos!","potentialAction":[{"@type":"SearchAction","target":{"@type":"EntryPoint","urlTemplate":"https:\/\/www.gaveanews.com\/?s={search_term_string}"},"query-input":{"@type":"PropertyValueSpecification","valueRequired":true,"valueName":"search_term_string"}}],"inLanguage":"pt-BR"},{"@type":"Person","@id":"https:\/\/www.gaveanews.com\/#\/schema\/person\/8207cd4627f56151707418bfc835b2fb","name":"Matheus Felipe","image":{"@type":"ImageObject","inLanguage":"pt-BR","@id":"https:\/\/www.gaveanews.com\/#\/schema\/person\/image\/","url":"https:\/\/secure.gravatar.com\/avatar\/a452ffbed9130f726358b298bb3a99ce4bd3c5338411f8440e87e14d74c7c087?s=96&d=mm&r=g","contentUrl":"https:\/\/secure.gravatar.com\/avatar\/a452ffbed9130f726358b298bb3a99ce4bd3c5338411f8440e87e14d74c7c087?s=96&d=mm&r=g","caption":"Matheus Felipe"}}]}},"_links":{"self":[{"href":"https:\/\/www.gaveanews.com\/index.php\/wp-json\/wp\/v2\/posts\/184094","targetHints":{"allow":["GET"]}}],"collection":[{"href":"https:\/\/www.gaveanews.com\/index.php\/wp-json\/wp\/v2\/posts"}],"about":[{"href":"https:\/\/www.gaveanews.com\/index.php\/wp-json\/wp\/v2\/types\/post"}],"author":[{"embeddable":true,"href":"https:\/\/www.gaveanews.com\/index.php\/wp-json\/wp\/v2\/users\/27"}],"replies":[{"embeddable":true,"href":"https:\/\/www.gaveanews.com\/index.php\/wp-json\/wp\/v2\/comments?post=184094"}],"version-history":[{"count":1,"href":"https:\/\/www.gaveanews.com\/index.php\/wp-json\/wp\/v2\/posts\/184094\/revisions"}],"predecessor-version":[{"id":184099,"href":"https:\/\/www.gaveanews.com\/index.php\/wp-json\/wp\/v2\/posts\/184094\/revisions\/184099"}],"wp:featuredmedia":[{"embeddable":true,"href":"https:\/\/www.gaveanews.com\/index.php\/wp-json\/wp\/v2\/media\/124645"}],"wp:attachment":[{"href":"https:\/\/www.gaveanews.com\/index.php\/wp-json\/wp\/v2\/media?parent=184094"}],"wp:term":[{"taxonomy":"category","embeddable":true,"href":"https:\/\/www.gaveanews.com\/index.php\/wp-json\/wp\/v2\/categories?post=184094"},{"taxonomy":"post_tag","embeddable":true,"href":"https:\/\/www.gaveanews.com\/index.php\/wp-json\/wp\/v2\/tags?post=184094"}],"curies":[{"name":"wp","href":"https:\/\/api.w.org\/{rel}","templated":true}]}}