{"id":184101,"date":"2024-11-12T05:20:00","date_gmt":"2024-11-12T08:20:00","guid":{"rendered":"https:\/\/www.gaveanews.com\/?p=184101"},"modified":"2024-11-12T00:15:10","modified_gmt":"2024-11-12T03:15:10","slug":"renovacao-pos-saida-de-marcelo-ajuda-nos-bastidores-e-declaracao-de-mano-menezes-as-ultimas-noticias-do-fluminense","status":"publish","type":"post","link":"https:\/\/www.gaveanews.com\/index.php\/2024\/11\/12\/renovacao-pos-saida-de-marcelo-ajuda-nos-bastidores-e-declaracao-de-mano-menezes-as-ultimas-noticias-do-fluminense\/","title":{"rendered":"Renova\u00e7\u00e3o p\u00f3s sa\u00edda de Marcelo, ajuda nos bastidores e declara\u00e7\u00e3o de Mano Menezes: as \u00faltimas not\u00edcias do Fluminense"},"content":{"rendered":"\n<p>Nas \u00faltimas horas, o foco das not\u00edcias sobre o Fluminense se concentram nos bastidores do clube, com destaques como a ajuda nos bastidores e declara\u00e7\u00e3o de Mano Menezes.<\/p>\n\n\n\n<p>Por conta deste contexto, leia abaixo um resumo preparado pela equipe do portal G\u00e1vea News para lhe manter muito bem informado!<\/p>\n\n\n\n<h2 class=\"wp-block-heading\" id=\"h-declaracao-de-mano-menezes\">Declara\u00e7\u00e3o de Mano Menezes<\/h2>\n\n\n\n<p>Durante o programa &#8220;Domingo com Benja&#8221;, o comentarista Mano elogiou o Corinthians pela recupera\u00e7\u00e3o no Brasileir\u00e3o 2024, destacando o desempenho positivo sob o comando de Ram\u00f3n D\u00edaz. Com quatro vit\u00f3rias nos \u00faltimos cinco jogos, Mano acredita que o time possui chances reais de conquistar uma vaga na Libertadores, especialmente se o torneio abrir vagas adicionais devido ao desempenho de clubes brasileiros em competi\u00e7\u00f5es continentais. <strong><a href=\"https:\/\/www.gaveanews.com\/index.php\/2024\/11\/11\/a-declaracao-de-mano-direcionada-ao-time-do-corinthians\/\">(leia a mat\u00e9ria completa)<\/a><\/strong><\/p>\n\n\n\n<figure class=\"wp-block-image size-full is-resized\"><img loading=\"lazy\" decoding=\"async\" width=\"1024\" height=\"576\" src=\"https:\/\/www.gaveanews.com\/wp-content\/uploads\/comentarista-mano-sbt.webp\" alt=\"\" class=\"wp-image-101844\" style=\"width:724px;height:auto\" srcset=\"https:\/\/www.gaveanews.com\/wp-content\/uploads\/comentarista-mano-sbt.webp 1024w, https:\/\/www.gaveanews.com\/wp-content\/uploads\/comentarista-mano-sbt-300x169.webp 300w, https:\/\/www.gaveanews.com\/wp-content\/uploads\/comentarista-mano-sbt-768x432.webp 768w, https:\/\/www.gaveanews.com\/wp-content\/uploads\/comentarista-mano-sbt-747x420.webp 747w, https:\/\/www.gaveanews.com\/wp-content\/uploads\/comentarista-mano-sbt-640x360.webp 640w, https:\/\/www.gaveanews.com\/wp-content\/uploads\/comentarista-mano-sbt-681x383.webp 681w, https:\/\/www.gaveanews.com\/wp-content\/uploads\/comentarista-mano-sbt-1022x576.webp 1022w, https:\/\/www.gaveanews.com\/wp-content\/uploads\/comentarista-mano-sbt-100x56.webp 100w\" sizes=\"auto, (max-width: 1024px) 100vw, 1024px\" \/><figcaption class=\"wp-element-caption\">Comentarista Maur\u00edcio Borges, o mano durante programa Arena SBT<\/figcaption><\/figure>\n\n\n\n<p>O comentarista apontou o Corinthians e o Internacional como os times mais competitivos do Brasil no momento, mesmo deixando o l\u00edder Botafogo e o Palmeiras de fora de sua lista de melhores desempenhos. Segundo ele, esses dois \u00faltimos t\u00eam mostrado queda de rendimento, enquanto o Corinthians mant\u00e9m um n\u00edvel de jogo que o coloca em uma posi\u00e7\u00e3o vantajosa no cen\u00e1rio nacional.<\/p>\n\n\n\n<p>Para a sequ\u00eancia do campeonato, o Corinthians enfrenta o Cruzeiro em S\u00e3o Paulo no dia 20 de novembro, em um jogo que ser\u00e1 realizado no feriado da Consci\u00eancia Negra, facilitando o cronograma do Cruzeiro para a final da Copa Sul-Americana no Paraguai.<\/p>\n\n\n\n<h2 class=\"wp-block-heading\" id=\"h-ajuda-nos-bastidores\">Ajuda nos bastidores<\/h2>\n\n\n\n<p>O Fluminense recebeu apoio da CBF para ajustar a data de seu confronto contra o Fortaleza, um jogo essencial para o clube no Brasileir\u00e3o. Inicialmente programado para o dia 20 de novembro, o jogo foi remarcado para o dia 22, permitindo que o time conte com Jhon Arias, que estaria em compromisso com a sele\u00e7\u00e3o colombiana. Essa altera\u00e7\u00e3o possibilita ao Fluminense enfrentar o Fortaleza com for\u00e7a total, essencial em um momento decisivo da competi\u00e7\u00e3o. <strong><a href=\"https:\/\/www.gaveanews.com\/index.php\/2024\/11\/11\/fluminense-ganha-ajuda-nos-bastidores-para-jogo-importante-do-brasileirao\/\">(leia a mat\u00e9ria completa)<\/a><\/strong><\/p>\n\n\n\n<figure class=\"wp-block-image size-full\"><img loading=\"lazy\" decoding=\"async\" width=\"872\" height=\"589\" src=\"https:\/\/www.gaveanews.com\/wp-content\/uploads\/Jhon-Arias-com-a-camisa-do-Fluminense-em-2023.webp\" alt=\"\" class=\"wp-image-154696\" srcset=\"https:\/\/www.gaveanews.com\/wp-content\/uploads\/Jhon-Arias-com-a-camisa-do-Fluminense-em-2023.webp 872w, https:\/\/www.gaveanews.com\/wp-content\/uploads\/Jhon-Arias-com-a-camisa-do-Fluminense-em-2023-300x203.webp 300w, https:\/\/www.gaveanews.com\/wp-content\/uploads\/Jhon-Arias-com-a-camisa-do-Fluminense-em-2023-768x519.webp 768w, https:\/\/www.gaveanews.com\/wp-content\/uploads\/Jhon-Arias-com-a-camisa-do-Fluminense-em-2023-622x420.webp 622w, https:\/\/www.gaveanews.com\/wp-content\/uploads\/Jhon-Arias-com-a-camisa-do-Fluminense-em-2023-640x432.webp 640w, https:\/\/www.gaveanews.com\/wp-content\/uploads\/Jhon-Arias-com-a-camisa-do-Fluminense-em-2023-681x460.webp 681w, https:\/\/www.gaveanews.com\/wp-content\/uploads\/Jhon-Arias-com-a-camisa-do-Fluminense-em-2023-100x68.webp 100w\" sizes=\"auto, (max-width: 872px) 100vw, 872px\" \/><figcaption class=\"wp-element-caption\">Jhon Arias com a camisa do Fluminense em 2023 (Foto: Reprodu\u00e7\u00e3o\/Instagram)<\/figcaption><\/figure>\n\n\n\n<p>A mudan\u00e7a de data evita um potencial desfalque de Arias, que jogar\u00e1 pela Col\u00f4mbia no dia 19. Caso a partida do Fluminense permanecesse para o dia 20, o jogador teria poucas chances de recupera\u00e7\u00e3o. <\/p>\n\n\n\n<p>Com a altera\u00e7\u00e3o, o clube pode escalar o atleta sem preju\u00edzos, algo celebrado nos bastidores do Tricolor, que busca cada ponto para melhorar sua posi\u00e7\u00e3o na tabela.<\/p>\n\n\n\n<p>Al\u00e9m disso, a rodada ser\u00e1 impactada pela data FIFA, que tamb\u00e9m afeta a prepara\u00e7\u00e3o da Sele\u00e7\u00e3o Brasileira para os jogos das Eliminat\u00f3rias da Copa do Mundo, com compromissos contra Venezuela e Uruguai. Enquanto a equipe de Dorival J\u00fanior segue sua prepara\u00e7\u00e3o, clubes como o Fluminense articulam para minimizar as aus\u00eancias de atletas em momentos cr\u00edticos da temporada.<\/p>\n\n\n\n<h2 class=\"wp-block-heading\" id=\"h-renovacao-pos-saida-de-marcelo\">Renova\u00e7\u00e3o p\u00f3s sa\u00edda de Marcelo<\/h2>\n\n\n\n<p>O lateral Marcelo n\u00e3o continuar\u00e1 no Fluminense em 2025, ap\u00f3s um desentendimento com o t\u00e9cnico Mano Menezes, o que levou \u00e0 sua sa\u00edda antecipada do clube. A diretoria decidiu manter Menezes, que teve sua confian\u00e7a renovada ap\u00f3s o epis\u00f3dio, e busca refor\u00e7ar o elenco com jogadores de confian\u00e7a do t\u00e9cnico, visando estabilidade e consist\u00eancia para a pr\u00f3xima temporada. <strong><a href=\"https:\/\/www.gaveanews.com\/index.php\/2024\/11\/11\/sem-marcelo-ele-vai-renovar-o-seu-contrato-com-o-fluminense-para-2025\/\">(leia a mat\u00e9ria completa)<\/a><\/strong><\/p>\n\n\n\n<figure class=\"wp-block-image size-full\"><img loading=\"lazy\" decoding=\"async\" width=\"774\" height=\"436\" src=\"https:\/\/www.gaveanews.com\/wp-content\/uploads\/Marcelo-pelo-Fluminense.webp\" alt=\"\" class=\"wp-image-167658\" srcset=\"https:\/\/www.gaveanews.com\/wp-content\/uploads\/Marcelo-pelo-Fluminense.webp 774w, https:\/\/www.gaveanews.com\/wp-content\/uploads\/Marcelo-pelo-Fluminense-300x169.webp 300w, https:\/\/www.gaveanews.com\/wp-content\/uploads\/Marcelo-pelo-Fluminense-768x433.webp 768w, https:\/\/www.gaveanews.com\/wp-content\/uploads\/Marcelo-pelo-Fluminense-746x420.webp 746w, https:\/\/www.gaveanews.com\/wp-content\/uploads\/Marcelo-pelo-Fluminense-640x361.webp 640w, https:\/\/www.gaveanews.com\/wp-content\/uploads\/Marcelo-pelo-Fluminense-681x384.webp 681w, https:\/\/www.gaveanews.com\/wp-content\/uploads\/Marcelo-pelo-Fluminense-100x56.webp 100w\" sizes=\"auto, (max-width: 774px) 100vw, 774px\" \/><figcaption class=\"wp-element-caption\">Marcelo pelo Fluminense (Foto: Mailson Santana\/Fluminense)<\/figcaption><\/figure>\n\n\n\n<p>Com a sa\u00edda de Marcelo, o lateral Diogo Barbosa, anteriormente reserva, dever\u00e1 assumir a titularidade e renovar seu contrato com o clube. Outros jogadores veteranos, como Manoel e Felipe Melo, tamb\u00e9m dever\u00e3o negociar sua continuidade, enquanto Fuentes, que era terceira op\u00e7\u00e3o, passar\u00e1 a ser reserva imediato de Barbosa. As mudan\u00e7as evidenciam um ajuste no elenco para garantir que o Fluminense tenha uma equipe competitiva e alinhada com a filosofia de Menezes.<\/p>\n\n\n\n<p>O pr\u00f3ximo confronto do Fluminense ser\u00e1 contra o Fortaleza, pela 34\u00aa rodada do Campeonato Brasileiro, em uma partida crucial para afastar o clube da zona de rebaixamento. Atualmente em 14\u00ba lugar, a equipe busca melhorar seu desempenho e consolidar sua perman\u00eancia na S\u00e9rie A, garantindo uma posi\u00e7\u00e3o mais confort\u00e1vel na reta final do campeonato.<\/p>\n","protected":false},"excerpt":{"rendered":"<p>Nas \u00faltimas horas, o foco das not\u00edcias sobre o Fluminense se concentram nos bastidores do clube, com destaques como a ajuda nos bastidores e declara\u00e7\u00e3o de Mano Menezes. Por conta deste contexto, leia abaixo um resumo preparado pela equipe do portal G\u00e1vea News para lhe manter muito bem informado! Declara\u00e7\u00e3o de Mano Menezes Durante o [&hellip;]<\/p>\n","protected":false},"author":27,"featured_media":152558,"comment_status":"open","ping_status":"closed","sticky":false,"template":"","format":"standard","meta":{"footnotes":""},"categories":[145],"tags":[],"class_list":["post-184101","post","type-post","status-publish","format-standard","has-post-thumbnail","hentry","category-fluminense"],"yoast_head":"<!-- This site is optimized with the Yoast SEO Premium plugin v24.2 (Yoast SEO v26.9) - https:\/\/yoast.com\/product\/yoast-seo-premium-wordpress\/ -->\n<title>Renova\u00e7\u00e3o p\u00f3s sa\u00edda de Marcelo, ajuda nos bastidores e declara\u00e7\u00e3o de Mano Menezes: as \u00faltimas not\u00edcias do Fluminense<\/title>\n<meta name=\"robots\" content=\"index, follow, max-snippet:-1, max-image-preview:large, max-video-preview:-1\" \/>\n<link rel=\"canonical\" href=\"https:\/\/www.gaveanews.com\/index.php\/2024\/11\/12\/renovacao-pos-saida-de-marcelo-ajuda-nos-bastidores-e-declaracao-de-mano-menezes-as-ultimas-noticias-do-fluminense\/\" \/>\n<meta property=\"og:locale\" content=\"pt_BR\" \/>\n<meta property=\"og:type\" content=\"article\" \/>\n<meta property=\"og:title\" content=\"Renova\u00e7\u00e3o p\u00f3s sa\u00edda de Marcelo, ajuda nos bastidores e declara\u00e7\u00e3o de Mano Menezes: as \u00faltimas not\u00edcias do Fluminense\" \/>\n<meta property=\"og:description\" content=\"Nas \u00faltimas horas, o foco das not\u00edcias sobre o Fluminense se concentram nos bastidores do clube, com destaques como a ajuda nos bastidores e declara\u00e7\u00e3o de Mano Menezes. Por conta deste contexto, leia abaixo um resumo preparado pela equipe do portal G\u00e1vea News para lhe manter muito bem informado! Declara\u00e7\u00e3o de Mano Menezes Durante o [&hellip;]\" \/>\n<meta property=\"og:url\" content=\"https:\/\/www.gaveanews.com\/index.php\/2024\/11\/12\/renovacao-pos-saida-de-marcelo-ajuda-nos-bastidores-e-declaracao-de-mano-menezes-as-ultimas-noticias-do-fluminense\/\" \/>\n<meta property=\"og:site_name\" content=\"G\u00e1vea News\" \/>\n<meta property=\"article:publisher\" content=\"https:\/\/facebook.com\/gaveaNews\/\" \/>\n<meta property=\"article:published_time\" content=\"2024-11-12T08:20:00+00:00\" \/>\n<meta property=\"og:image\" content=\"https:\/\/www.gaveanews.com\/wp-content\/uploads\/Bandeira-do-Fluminense.webp\" \/>\n\t<meta property=\"og:image:width\" content=\"1440\" \/>\n\t<meta property=\"og:image:height\" content=\"1080\" \/>\n\t<meta property=\"og:image:type\" content=\"image\/webp\" \/>\n<meta name=\"author\" content=\"Matheus Felipe\" \/>\n<meta name=\"twitter:card\" content=\"summary_large_image\" \/>\n<meta name=\"twitter:label1\" content=\"Escrito por\" \/>\n\t<meta name=\"twitter:data1\" content=\"Matheus Felipe\" \/>\n\t<meta name=\"twitter:label2\" content=\"Est. tempo de leitura\" \/>\n\t<meta name=\"twitter:data2\" content=\"5 minutos\" \/>\n<script type=\"application\/ld+json\" class=\"yoast-schema-graph\">{\"@context\":\"https:\/\/schema.org\",\"@graph\":[{\"@type\":\"NewsArticle\",\"@id\":\"https:\/\/www.gaveanews.com\/index.php\/2024\/11\/12\/renovacao-pos-saida-de-marcelo-ajuda-nos-bastidores-e-declaracao-de-mano-menezes-as-ultimas-noticias-do-fluminense\/#article\",\"isPartOf\":{\"@id\":\"https:\/\/www.gaveanews.com\/index.php\/2024\/11\/12\/renovacao-pos-saida-de-marcelo-ajuda-nos-bastidores-e-declaracao-de-mano-menezes-as-ultimas-noticias-do-fluminense\/\"},\"author\":{\"name\":\"Matheus Felipe\",\"@id\":\"https:\/\/www.gaveanews.com\/#\/schema\/person\/8207cd4627f56151707418bfc835b2fb\"},\"headline\":\"Renova\u00e7\u00e3o p\u00f3s sa\u00edda de Marcelo, ajuda nos bastidores e declara\u00e7\u00e3o de Mano Menezes: as \u00faltimas not\u00edcias do Fluminense\",\"datePublished\":\"2024-11-12T08:20:00+00:00\",\"mainEntityOfPage\":{\"@id\":\"https:\/\/www.gaveanews.com\/index.php\/2024\/11\/12\/renovacao-pos-saida-de-marcelo-ajuda-nos-bastidores-e-declaracao-de-mano-menezes-as-ultimas-noticias-do-fluminense\/\"},\"wordCount\":724,\"commentCount\":0,\"image\":{\"@id\":\"https:\/\/www.gaveanews.com\/index.php\/2024\/11\/12\/renovacao-pos-saida-de-marcelo-ajuda-nos-bastidores-e-declaracao-de-mano-menezes-as-ultimas-noticias-do-fluminense\/#primaryimage\"},\"thumbnailUrl\":\"https:\/\/www.gaveanews.com\/wp-content\/uploads\/Bandeira-do-Fluminense.webp\",\"articleSection\":[\"Fluminense\"],\"inLanguage\":\"pt-BR\",\"potentialAction\":[{\"@type\":\"CommentAction\",\"name\":\"Comment\",\"target\":[\"https:\/\/www.gaveanews.com\/index.php\/2024\/11\/12\/renovacao-pos-saida-de-marcelo-ajuda-nos-bastidores-e-declaracao-de-mano-menezes-as-ultimas-noticias-do-fluminense\/#respond\"]}],\"copyrightYear\":\"2024\",\"copyrightHolder\":{\"@id\":\"https:\/\/www.gaveanews.com\/#organization\"}},{\"@type\":\"WebPage\",\"@id\":\"https:\/\/www.gaveanews.com\/index.php\/2024\/11\/12\/renovacao-pos-saida-de-marcelo-ajuda-nos-bastidores-e-declaracao-de-mano-menezes-as-ultimas-noticias-do-fluminense\/\",\"url\":\"https:\/\/www.gaveanews.com\/index.php\/2024\/11\/12\/renovacao-pos-saida-de-marcelo-ajuda-nos-bastidores-e-declaracao-de-mano-menezes-as-ultimas-noticias-do-fluminense\/\",\"name\":\"Renova\u00e7\u00e3o p\u00f3s sa\u00edda de Marcelo, ajuda nos bastidores e declara\u00e7\u00e3o de Mano Menezes: as \u00faltimas not\u00edcias do Fluminense\",\"isPartOf\":{\"@id\":\"https:\/\/www.gaveanews.com\/#website\"},\"primaryImageOfPage\":{\"@id\":\"https:\/\/www.gaveanews.com\/index.php\/2024\/11\/12\/renovacao-pos-saida-de-marcelo-ajuda-nos-bastidores-e-declaracao-de-mano-menezes-as-ultimas-noticias-do-fluminense\/#primaryimage\"},\"image\":{\"@id\":\"https:\/\/www.gaveanews.com\/index.php\/2024\/11\/12\/renovacao-pos-saida-de-marcelo-ajuda-nos-bastidores-e-declaracao-de-mano-menezes-as-ultimas-noticias-do-fluminense\/#primaryimage\"},\"thumbnailUrl\":\"https:\/\/www.gaveanews.com\/wp-content\/uploads\/Bandeira-do-Fluminense.webp\",\"datePublished\":\"2024-11-12T08:20:00+00:00\",\"author\":{\"@id\":\"https:\/\/www.gaveanews.com\/#\/schema\/person\/8207cd4627f56151707418bfc835b2fb\"},\"breadcrumb\":{\"@id\":\"https:\/\/www.gaveanews.com\/index.php\/2024\/11\/12\/renovacao-pos-saida-de-marcelo-ajuda-nos-bastidores-e-declaracao-de-mano-menezes-as-ultimas-noticias-do-fluminense\/#breadcrumb\"},\"inLanguage\":\"pt-BR\",\"potentialAction\":[{\"@type\":\"ReadAction\",\"target\":[\"https:\/\/www.gaveanews.com\/index.php\/2024\/11\/12\/renovacao-pos-saida-de-marcelo-ajuda-nos-bastidores-e-declaracao-de-mano-menezes-as-ultimas-noticias-do-fluminense\/\"]}]},{\"@type\":\"ImageObject\",\"inLanguage\":\"pt-BR\",\"@id\":\"https:\/\/www.gaveanews.com\/index.php\/2024\/11\/12\/renovacao-pos-saida-de-marcelo-ajuda-nos-bastidores-e-declaracao-de-mano-menezes-as-ultimas-noticias-do-fluminense\/#primaryimage\",\"url\":\"https:\/\/www.gaveanews.com\/wp-content\/uploads\/Bandeira-do-Fluminense.webp\",\"contentUrl\":\"https:\/\/www.gaveanews.com\/wp-content\/uploads\/Bandeira-do-Fluminense.webp\",\"width\":1440,\"height\":1080,\"caption\":\"Bandeira do Fluminense (Foto: Reprodu\u00e7\u00e3o\/Fluminense)\"},{\"@type\":\"BreadcrumbList\",\"@id\":\"https:\/\/www.gaveanews.com\/index.php\/2024\/11\/12\/renovacao-pos-saida-de-marcelo-ajuda-nos-bastidores-e-declaracao-de-mano-menezes-as-ultimas-noticias-do-fluminense\/#breadcrumb\",\"itemListElement\":[{\"@type\":\"ListItem\",\"position\":1,\"name\":\"Home\",\"item\":\"https:\/\/www.gaveanews.com\/\"},{\"@type\":\"ListItem\",\"position\":2,\"name\":\"Renova\u00e7\u00e3o p\u00f3s sa\u00edda de Marcelo, ajuda nos bastidores e declara\u00e7\u00e3o de Mano Menezes: as \u00faltimas not\u00edcias do Fluminense\"}]},{\"@type\":\"WebSite\",\"@id\":\"https:\/\/www.gaveanews.com\/#website\",\"url\":\"https:\/\/www.gaveanews.com\/\",\"name\":\"G\u00e1vea News\",\"description\":\"Veja todas as not\u00edcias sobre o Flamengo: Contrata\u00e7\u00f5es, categorias de base, resultados das partidas, tabela de classifica\u00e7\u00e3o, pr\u00f3ximos jogos!\",\"potentialAction\":[{\"@type\":\"SearchAction\",\"target\":{\"@type\":\"EntryPoint\",\"urlTemplate\":\"https:\/\/www.gaveanews.com\/?s={search_term_string}\"},\"query-input\":{\"@type\":\"PropertyValueSpecification\",\"valueRequired\":true,\"valueName\":\"search_term_string\"}}],\"inLanguage\":\"pt-BR\"},{\"@type\":\"Person\",\"@id\":\"https:\/\/www.gaveanews.com\/#\/schema\/person\/8207cd4627f56151707418bfc835b2fb\",\"name\":\"Matheus Felipe\",\"image\":{\"@type\":\"ImageObject\",\"inLanguage\":\"pt-BR\",\"@id\":\"https:\/\/www.gaveanews.com\/#\/schema\/person\/image\/\",\"url\":\"https:\/\/secure.gravatar.com\/avatar\/a452ffbed9130f726358b298bb3a99ce4bd3c5338411f8440e87e14d74c7c087?s=96&d=mm&r=g\",\"contentUrl\":\"https:\/\/secure.gravatar.com\/avatar\/a452ffbed9130f726358b298bb3a99ce4bd3c5338411f8440e87e14d74c7c087?s=96&d=mm&r=g\",\"caption\":\"Matheus Felipe\"}}]}<\/script>\n<!-- \/ Yoast SEO Premium plugin. -->","yoast_head_json":{"title":"Renova\u00e7\u00e3o p\u00f3s sa\u00edda de Marcelo, ajuda nos bastidores e declara\u00e7\u00e3o de Mano Menezes: as \u00faltimas not\u00edcias do Fluminense","robots":{"index":"index","follow":"follow","max-snippet":"max-snippet:-1","max-image-preview":"max-image-preview:large","max-video-preview":"max-video-preview:-1"},"canonical":"https:\/\/www.gaveanews.com\/index.php\/2024\/11\/12\/renovacao-pos-saida-de-marcelo-ajuda-nos-bastidores-e-declaracao-de-mano-menezes-as-ultimas-noticias-do-fluminense\/","og_locale":"pt_BR","og_type":"article","og_title":"Renova\u00e7\u00e3o p\u00f3s sa\u00edda de Marcelo, ajuda nos bastidores e declara\u00e7\u00e3o de Mano Menezes: as \u00faltimas not\u00edcias do Fluminense","og_description":"Nas \u00faltimas horas, o foco das not\u00edcias sobre o Fluminense se concentram nos bastidores do clube, com destaques como a ajuda nos bastidores e declara\u00e7\u00e3o de Mano Menezes. Por conta deste contexto, leia abaixo um resumo preparado pela equipe do portal G\u00e1vea News para lhe manter muito bem informado! Declara\u00e7\u00e3o de Mano Menezes Durante o [&hellip;]","og_url":"https:\/\/www.gaveanews.com\/index.php\/2024\/11\/12\/renovacao-pos-saida-de-marcelo-ajuda-nos-bastidores-e-declaracao-de-mano-menezes-as-ultimas-noticias-do-fluminense\/","og_site_name":"G\u00e1vea News","article_publisher":"https:\/\/facebook.com\/gaveaNews\/","article_published_time":"2024-11-12T08:20:00+00:00","og_image":[{"width":1440,"height":1080,"url":"https:\/\/www.gaveanews.com\/wp-content\/uploads\/Bandeira-do-Fluminense.webp","type":"image\/webp"}],"author":"Matheus Felipe","twitter_card":"summary_large_image","twitter_misc":{"Escrito por":"Matheus Felipe","Est. tempo de leitura":"5 minutos"},"schema":{"@context":"https:\/\/schema.org","@graph":[{"@type":"NewsArticle","@id":"https:\/\/www.gaveanews.com\/index.php\/2024\/11\/12\/renovacao-pos-saida-de-marcelo-ajuda-nos-bastidores-e-declaracao-de-mano-menezes-as-ultimas-noticias-do-fluminense\/#article","isPartOf":{"@id":"https:\/\/www.gaveanews.com\/index.php\/2024\/11\/12\/renovacao-pos-saida-de-marcelo-ajuda-nos-bastidores-e-declaracao-de-mano-menezes-as-ultimas-noticias-do-fluminense\/"},"author":{"name":"Matheus Felipe","@id":"https:\/\/www.gaveanews.com\/#\/schema\/person\/8207cd4627f56151707418bfc835b2fb"},"headline":"Renova\u00e7\u00e3o p\u00f3s sa\u00edda de Marcelo, ajuda nos bastidores e declara\u00e7\u00e3o de Mano Menezes: as \u00faltimas not\u00edcias do Fluminense","datePublished":"2024-11-12T08:20:00+00:00","mainEntityOfPage":{"@id":"https:\/\/www.gaveanews.com\/index.php\/2024\/11\/12\/renovacao-pos-saida-de-marcelo-ajuda-nos-bastidores-e-declaracao-de-mano-menezes-as-ultimas-noticias-do-fluminense\/"},"wordCount":724,"commentCount":0,"image":{"@id":"https:\/\/www.gaveanews.com\/index.php\/2024\/11\/12\/renovacao-pos-saida-de-marcelo-ajuda-nos-bastidores-e-declaracao-de-mano-menezes-as-ultimas-noticias-do-fluminense\/#primaryimage"},"thumbnailUrl":"https:\/\/www.gaveanews.com\/wp-content\/uploads\/Bandeira-do-Fluminense.webp","articleSection":["Fluminense"],"inLanguage":"pt-BR","potentialAction":[{"@type":"CommentAction","name":"Comment","target":["https:\/\/www.gaveanews.com\/index.php\/2024\/11\/12\/renovacao-pos-saida-de-marcelo-ajuda-nos-bastidores-e-declaracao-de-mano-menezes-as-ultimas-noticias-do-fluminense\/#respond"]}],"copyrightYear":"2024","copyrightHolder":{"@id":"https:\/\/www.gaveanews.com\/#organization"}},{"@type":"WebPage","@id":"https:\/\/www.gaveanews.com\/index.php\/2024\/11\/12\/renovacao-pos-saida-de-marcelo-ajuda-nos-bastidores-e-declaracao-de-mano-menezes-as-ultimas-noticias-do-fluminense\/","url":"https:\/\/www.gaveanews.com\/index.php\/2024\/11\/12\/renovacao-pos-saida-de-marcelo-ajuda-nos-bastidores-e-declaracao-de-mano-menezes-as-ultimas-noticias-do-fluminense\/","name":"Renova\u00e7\u00e3o p\u00f3s sa\u00edda de Marcelo, ajuda nos bastidores e declara\u00e7\u00e3o de Mano Menezes: as \u00faltimas not\u00edcias do Fluminense","isPartOf":{"@id":"https:\/\/www.gaveanews.com\/#website"},"primaryImageOfPage":{"@id":"https:\/\/www.gaveanews.com\/index.php\/2024\/11\/12\/renovacao-pos-saida-de-marcelo-ajuda-nos-bastidores-e-declaracao-de-mano-menezes-as-ultimas-noticias-do-fluminense\/#primaryimage"},"image":{"@id":"https:\/\/www.gaveanews.com\/index.php\/2024\/11\/12\/renovacao-pos-saida-de-marcelo-ajuda-nos-bastidores-e-declaracao-de-mano-menezes-as-ultimas-noticias-do-fluminense\/#primaryimage"},"thumbnailUrl":"https:\/\/www.gaveanews.com\/wp-content\/uploads\/Bandeira-do-Fluminense.webp","datePublished":"2024-11-12T08:20:00+00:00","author":{"@id":"https:\/\/www.gaveanews.com\/#\/schema\/person\/8207cd4627f56151707418bfc835b2fb"},"breadcrumb":{"@id":"https:\/\/www.gaveanews.com\/index.php\/2024\/11\/12\/renovacao-pos-saida-de-marcelo-ajuda-nos-bastidores-e-declaracao-de-mano-menezes-as-ultimas-noticias-do-fluminense\/#breadcrumb"},"inLanguage":"pt-BR","potentialAction":[{"@type":"ReadAction","target":["https:\/\/www.gaveanews.com\/index.php\/2024\/11\/12\/renovacao-pos-saida-de-marcelo-ajuda-nos-bastidores-e-declaracao-de-mano-menezes-as-ultimas-noticias-do-fluminense\/"]}]},{"@type":"ImageObject","inLanguage":"pt-BR","@id":"https:\/\/www.gaveanews.com\/index.php\/2024\/11\/12\/renovacao-pos-saida-de-marcelo-ajuda-nos-bastidores-e-declaracao-de-mano-menezes-as-ultimas-noticias-do-fluminense\/#primaryimage","url":"https:\/\/www.gaveanews.com\/wp-content\/uploads\/Bandeira-do-Fluminense.webp","contentUrl":"https:\/\/www.gaveanews.com\/wp-content\/uploads\/Bandeira-do-Fluminense.webp","width":1440,"height":1080,"caption":"Bandeira do Fluminense (Foto: Reprodu\u00e7\u00e3o\/Fluminense)"},{"@type":"BreadcrumbList","@id":"https:\/\/www.gaveanews.com\/index.php\/2024\/11\/12\/renovacao-pos-saida-de-marcelo-ajuda-nos-bastidores-e-declaracao-de-mano-menezes-as-ultimas-noticias-do-fluminense\/#breadcrumb","itemListElement":[{"@type":"ListItem","position":1,"name":"Home","item":"https:\/\/www.gaveanews.com\/"},{"@type":"ListItem","position":2,"name":"Renova\u00e7\u00e3o p\u00f3s sa\u00edda de Marcelo, ajuda nos bastidores e declara\u00e7\u00e3o de Mano Menezes: as \u00faltimas not\u00edcias do Fluminense"}]},{"@type":"WebSite","@id":"https:\/\/www.gaveanews.com\/#website","url":"https:\/\/www.gaveanews.com\/","name":"G\u00e1vea News","description":"Veja todas as not\u00edcias sobre o Flamengo: Contrata\u00e7\u00f5es, categorias de base, resultados das partidas, tabela de classifica\u00e7\u00e3o, pr\u00f3ximos jogos!","potentialAction":[{"@type":"SearchAction","target":{"@type":"EntryPoint","urlTemplate":"https:\/\/www.gaveanews.com\/?s={search_term_string}"},"query-input":{"@type":"PropertyValueSpecification","valueRequired":true,"valueName":"search_term_string"}}],"inLanguage":"pt-BR"},{"@type":"Person","@id":"https:\/\/www.gaveanews.com\/#\/schema\/person\/8207cd4627f56151707418bfc835b2fb","name":"Matheus Felipe","image":{"@type":"ImageObject","inLanguage":"pt-BR","@id":"https:\/\/www.gaveanews.com\/#\/schema\/person\/image\/","url":"https:\/\/secure.gravatar.com\/avatar\/a452ffbed9130f726358b298bb3a99ce4bd3c5338411f8440e87e14d74c7c087?s=96&d=mm&r=g","contentUrl":"https:\/\/secure.gravatar.com\/avatar\/a452ffbed9130f726358b298bb3a99ce4bd3c5338411f8440e87e14d74c7c087?s=96&d=mm&r=g","caption":"Matheus Felipe"}}]}},"_links":{"self":[{"href":"https:\/\/www.gaveanews.com\/index.php\/wp-json\/wp\/v2\/posts\/184101","targetHints":{"allow":["GET"]}}],"collection":[{"href":"https:\/\/www.gaveanews.com\/index.php\/wp-json\/wp\/v2\/posts"}],"about":[{"href":"https:\/\/www.gaveanews.com\/index.php\/wp-json\/wp\/v2\/types\/post"}],"author":[{"embeddable":true,"href":"https:\/\/www.gaveanews.com\/index.php\/wp-json\/wp\/v2\/users\/27"}],"replies":[{"embeddable":true,"href":"https:\/\/www.gaveanews.com\/index.php\/wp-json\/wp\/v2\/comments?post=184101"}],"version-history":[{"count":1,"href":"https:\/\/www.gaveanews.com\/index.php\/wp-json\/wp\/v2\/posts\/184101\/revisions"}],"predecessor-version":[{"id":184106,"href":"https:\/\/www.gaveanews.com\/index.php\/wp-json\/wp\/v2\/posts\/184101\/revisions\/184106"}],"wp:featuredmedia":[{"embeddable":true,"href":"https:\/\/www.gaveanews.com\/index.php\/wp-json\/wp\/v2\/media\/152558"}],"wp:attachment":[{"href":"https:\/\/www.gaveanews.com\/index.php\/wp-json\/wp\/v2\/media?parent=184101"}],"wp:term":[{"taxonomy":"category","embeddable":true,"href":"https:\/\/www.gaveanews.com\/index.php\/wp-json\/wp\/v2\/categories?post=184101"},{"taxonomy":"post_tag","embeddable":true,"href":"https:\/\/www.gaveanews.com\/index.php\/wp-json\/wp\/v2\/tags?post=184101"}],"curies":[{"name":"wp","href":"https:\/\/api.w.org\/{rel}","templated":true}]}}