{"id":184180,"date":"2024-11-12T14:00:00","date_gmt":"2024-11-12T17:00:00","guid":{"rendered":"https:\/\/www.gaveanews.com\/?p=184180"},"modified":"2024-11-12T12:34:18","modified_gmt":"2024-11-12T15:34:18","slug":"a-declaracao-de-andre-rizek-direcionada-a-gabigol-2","status":"publish","type":"post","link":"https:\/\/www.gaveanews.com\/index.php\/2024\/11\/12\/a-declaracao-de-andre-rizek-direcionada-a-gabigol-2\/","title":{"rendered":"A declara\u00e7\u00e3o de Andr\u00e9 Rizek direcionada a Gabigol"},"content":{"rendered":"\n<p>O apresentador Andr\u00e9 Rizek, do SporTV, discutiu o tema que domina o futebol brasileiro: a poss\u00edvel transfer\u00eancia de Gabigol, atualmente atacante do Flamengo, para o Cruzeiro, prevista para ocorrer em 2025.<\/p>\n\n\n\n<ul class=\"wp-block-list\">\n<li><a href=\"https:\/\/www.gaveanews.com\/index.php\/2024\/11\/12\/a-publicacao-de-lucas-paqueta-direcionada-a-filipe-luis-do-flamengo\/\">A publica\u00e7\u00e3o de Lucas Paquet\u00e1 direcionada a Filipe Lu\u00eds, do Flamengo<\/a><\/li>\n\n\n\n<li><a href=\"https:\/\/www.gaveanews.com\/index.php\/2024\/11\/11\/titulo-do-flamengo-na-copa-do-brasil-impactara-diretamente-em-2025\/\">T\u00edtulo do Flamengo na Copa do Brasil impactar\u00e1 diretamente em 2025<\/a><\/li>\n<\/ul>\n\n\n\n<p>Rizek comentou que o Cruzeiro vem mexendo com as emo\u00e7\u00f5es dos torcedores em todo o pa\u00eds. Ele citou como exemplos a contrata\u00e7\u00e3o de C\u00e1ssio, famoso ex-goleiro do Corinthians, e a negocia\u00e7\u00e3o quase concretizada com Dudu, destaque do Palmeiras.<\/p>\n\n\n\n<p>Al\u00e9m disso, o apresentador destacou a tend\u00eancia do Cruzeiro em atrair grandes nomes do futebol. Para ele, com a chance de trazer Gabigol, o clube mineiro intensifica as expectativas e gera entusiasmo entre os torcedores brasileiros.<\/p>\n\n\n\n<p>O atacante, hoje com 28 anos, dever\u00e1 assinar um contrato de quatro anos com o Cruzeiro, conforme informa\u00e7\u00f5es do GE. Essa aquisi\u00e7\u00e3o faz parte dos planos do propriet\u00e1rio da Sociedade An\u00f4nima do Futebol (SAF) do Cruzeiro, Pedro Louren\u00e7o, que prometeu trazer refor\u00e7os de peso para \u201csacudir Minas Gerais\u201d.<\/p>\n\n\n\n<blockquote class=\"twitter-tweet\"><p lang=\"pt\" dir=\"ltr\">Primeiro, o C\u00e1ssio. Depois, quase o Dudu. Agora, essa informa\u00e7\u00e3o do Gabigol. Cruzeiro machucado cora\u00e7\u00f5es pelo Brasil&#8230;<\/p>&mdash; Andr\u00e9 Rizek (@andrizek) <a href=\"https:\/\/twitter.com\/andrizek\/status\/1855744148332323321?ref_src=twsrc%5Etfw\">November 10, 2024<\/a><\/blockquote> <script async src=\"https:\/\/platform.twitter.com\/widgets.js\" charset=\"utf-8\"><\/script>\n\n\n\n<h2 class=\"wp-block-heading\" id=\"h-gabigol-falou-sobre-conflito-com-a-diretoria-do-flamengo\">Gabigol falou sobre conflito com a diretoria do Flamengo<\/h2>\n\n\n\n<p>Ap\u00f3s o t\u00edtulo da Copa Brasil pelo Flamengo, Gabigol expressou seu descontentamento com a administra\u00e7\u00e3o do Flamengo, aumentando os rumores sobre uma poss\u00edvel transfer\u00eancia. A not\u00edcia teve grande repercuss\u00e3o entre os torcedores flamenguistas, que acompanham atentamente a situa\u00e7\u00e3o.<\/p>\n\n\n\n<p>O atacante afirmou que deixar\u00e1 o clube carioca ao t\u00e9rmino do contrato, em dezembro. Gabigol explicou que a sa\u00edda ocorre devido a desentendimentos com a diretoria, que inviabilizaram sua perman\u00eancia.<\/p>\n\n\n\n<p>Ademais, Gabigol refor\u00e7ou suas cr\u00edticas, revelando que as negocia\u00e7\u00f5es para renova\u00e7\u00e3o do contrato se arrastam desde 2022 e que, embora houvesse um acordo verbal, a diretoria teria mudado de posi\u00e7\u00e3o.<\/p>\n\n\n\n<p>&#8220;N\u00e3o fico no Flamengo, nesses \u00faltimos anos houve negocia\u00e7\u00f5es, o presidente, a diretoria, apertou minha m\u00e3o, do meu pai, da minha m\u00e3e, e depois aconteceram coisas que eu realmente n\u00e3o gostei. Sempre soube das coisas pelo podcast, nunca pessoalmente. Falei com Marcos Braz para ficar por dois, tr\u00eas anos, mas nunca houve uma proposta do Flamengo&#8221;, disparou Gabigol. <\/p>\n","protected":false},"excerpt":{"rendered":"<p>O apresentador Andr\u00e9 Rizek, do SporTV, discutiu o tema que domina o futebol brasileiro: a poss\u00edvel transfer\u00eancia de Gabigol, atualmente atacante do Flamengo, para o Cruzeiro, prevista para ocorrer em 2025. Rizek comentou que o Cruzeiro vem mexendo com as emo\u00e7\u00f5es dos torcedores em todo o pa\u00eds. Ele citou como exemplos a contrata\u00e7\u00e3o de C\u00e1ssio, [&hellip;]<\/p>\n","protected":false},"author":28,"featured_media":101875,"comment_status":"open","ping_status":"closed","sticky":false,"template":"","format":"standard","meta":{"footnotes":""},"categories":[1],"tags":[],"class_list":["post-184180","post","type-post","status-publish","format-standard","has-post-thumbnail","hentry","category-flamengo"],"yoast_head":"<!-- This site is optimized with the Yoast SEO Premium plugin v24.2 (Yoast SEO v26.9) - https:\/\/yoast.com\/product\/yoast-seo-premium-wordpress\/ -->\n<title>A declara\u00e7\u00e3o de Andr\u00e9 Rizek direcionada a Gabigol<\/title>\n<meta name=\"robots\" content=\"index, follow, max-snippet:-1, max-image-preview:large, max-video-preview:-1\" \/>\n<link rel=\"canonical\" href=\"https:\/\/www.gaveanews.com\/index.php\/2024\/11\/12\/a-declaracao-de-andre-rizek-direcionada-a-gabigol-2\/\" \/>\n<meta property=\"og:locale\" content=\"pt_BR\" \/>\n<meta property=\"og:type\" content=\"article\" \/>\n<meta property=\"og:title\" content=\"A declara\u00e7\u00e3o de Andr\u00e9 Rizek direcionada a Gabigol\" \/>\n<meta property=\"og:description\" content=\"O apresentador Andr\u00e9 Rizek, do SporTV, discutiu o tema que domina o futebol brasileiro: a poss\u00edvel transfer\u00eancia de Gabigol, atualmente atacante do Flamengo, para o Cruzeiro, prevista para ocorrer em 2025. Rizek comentou que o Cruzeiro vem mexendo com as emo\u00e7\u00f5es dos torcedores em todo o pa\u00eds. Ele citou como exemplos a contrata\u00e7\u00e3o de C\u00e1ssio, [&hellip;]\" \/>\n<meta property=\"og:url\" content=\"https:\/\/www.gaveanews.com\/index.php\/2024\/11\/12\/a-declaracao-de-andre-rizek-direcionada-a-gabigol-2\/\" \/>\n<meta property=\"og:site_name\" content=\"G\u00e1vea News\" \/>\n<meta property=\"article:publisher\" content=\"https:\/\/facebook.com\/gaveaNews\/\" \/>\n<meta property=\"article:published_time\" content=\"2024-11-12T17:00:00+00:00\" \/>\n<meta property=\"og:image\" content=\"https:\/\/www.gaveanews.com\/wp-content\/uploads\/Andre-Rizek-durante-um-programa-do-SporTV.webp\" \/>\n\t<meta property=\"og:image:width\" content=\"795\" \/>\n\t<meta property=\"og:image:height\" content=\"448\" \/>\n\t<meta property=\"og:image:type\" content=\"image\/jpeg\" \/>\n<meta name=\"author\" content=\"Hudson Pereira\" \/>\n<meta name=\"twitter:card\" content=\"summary_large_image\" \/>\n<meta name=\"twitter:label1\" content=\"Escrito por\" \/>\n\t<meta name=\"twitter:data1\" content=\"Hudson Pereira\" \/>\n\t<meta name=\"twitter:label2\" content=\"Est. tempo de leitura\" \/>\n\t<meta name=\"twitter:data2\" content=\"3 minutos\" \/>\n<script type=\"application\/ld+json\" class=\"yoast-schema-graph\">{\"@context\":\"https:\/\/schema.org\",\"@graph\":[{\"@type\":\"NewsArticle\",\"@id\":\"https:\/\/www.gaveanews.com\/index.php\/2024\/11\/12\/a-declaracao-de-andre-rizek-direcionada-a-gabigol-2\/#article\",\"isPartOf\":{\"@id\":\"https:\/\/www.gaveanews.com\/index.php\/2024\/11\/12\/a-declaracao-de-andre-rizek-direcionada-a-gabigol-2\/\"},\"author\":{\"name\":\"Hudson Pereira\",\"@id\":\"https:\/\/www.gaveanews.com\/#\/schema\/person\/bd08f00534b403119b92741a6d469ef0\"},\"headline\":\"A declara\u00e7\u00e3o de Andr\u00e9 Rizek direcionada a Gabigol\",\"datePublished\":\"2024-11-12T17:00:00+00:00\",\"mainEntityOfPage\":{\"@id\":\"https:\/\/www.gaveanews.com\/index.php\/2024\/11\/12\/a-declaracao-de-andre-rizek-direcionada-a-gabigol-2\/\"},\"wordCount\":410,\"commentCount\":0,\"image\":{\"@id\":\"https:\/\/www.gaveanews.com\/index.php\/2024\/11\/12\/a-declaracao-de-andre-rizek-direcionada-a-gabigol-2\/#primaryimage\"},\"thumbnailUrl\":\"https:\/\/www.gaveanews.com\/wp-content\/uploads\/Andre-Rizek-durante-um-programa-do-SporTV.webp\",\"articleSection\":[\"Flamengo\"],\"inLanguage\":\"pt-BR\",\"potentialAction\":[{\"@type\":\"CommentAction\",\"name\":\"Comment\",\"target\":[\"https:\/\/www.gaveanews.com\/index.php\/2024\/11\/12\/a-declaracao-de-andre-rizek-direcionada-a-gabigol-2\/#respond\"]}],\"copyrightYear\":\"2024\",\"copyrightHolder\":{\"@id\":\"https:\/\/www.gaveanews.com\/#organization\"}},{\"@type\":\"WebPage\",\"@id\":\"https:\/\/www.gaveanews.com\/index.php\/2024\/11\/12\/a-declaracao-de-andre-rizek-direcionada-a-gabigol-2\/\",\"url\":\"https:\/\/www.gaveanews.com\/index.php\/2024\/11\/12\/a-declaracao-de-andre-rizek-direcionada-a-gabigol-2\/\",\"name\":\"A declara\u00e7\u00e3o de Andr\u00e9 Rizek direcionada a Gabigol\",\"isPartOf\":{\"@id\":\"https:\/\/www.gaveanews.com\/#website\"},\"primaryImageOfPage\":{\"@id\":\"https:\/\/www.gaveanews.com\/index.php\/2024\/11\/12\/a-declaracao-de-andre-rizek-direcionada-a-gabigol-2\/#primaryimage\"},\"image\":{\"@id\":\"https:\/\/www.gaveanews.com\/index.php\/2024\/11\/12\/a-declaracao-de-andre-rizek-direcionada-a-gabigol-2\/#primaryimage\"},\"thumbnailUrl\":\"https:\/\/www.gaveanews.com\/wp-content\/uploads\/Andre-Rizek-durante-um-programa-do-SporTV.webp\",\"datePublished\":\"2024-11-12T17:00:00+00:00\",\"author\":{\"@id\":\"https:\/\/www.gaveanews.com\/#\/schema\/person\/bd08f00534b403119b92741a6d469ef0\"},\"breadcrumb\":{\"@id\":\"https:\/\/www.gaveanews.com\/index.php\/2024\/11\/12\/a-declaracao-de-andre-rizek-direcionada-a-gabigol-2\/#breadcrumb\"},\"inLanguage\":\"pt-BR\",\"potentialAction\":[{\"@type\":\"ReadAction\",\"target\":[\"https:\/\/www.gaveanews.com\/index.php\/2024\/11\/12\/a-declaracao-de-andre-rizek-direcionada-a-gabigol-2\/\"]}]},{\"@type\":\"ImageObject\",\"inLanguage\":\"pt-BR\",\"@id\":\"https:\/\/www.gaveanews.com\/index.php\/2024\/11\/12\/a-declaracao-de-andre-rizek-direcionada-a-gabigol-2\/#primaryimage\",\"url\":\"https:\/\/www.gaveanews.com\/wp-content\/uploads\/Andre-Rizek-durante-um-programa-do-SporTV.webp\",\"contentUrl\":\"https:\/\/www.gaveanews.com\/wp-content\/uploads\/Andre-Rizek-durante-um-programa-do-SporTV.webp\",\"width\":795,\"height\":448,\"caption\":\"Andr\u00e9 Rizek durante um programa do SporTV (Foto: Reprodu\u00e7\u00e3o\/SporTV)\"},{\"@type\":\"BreadcrumbList\",\"@id\":\"https:\/\/www.gaveanews.com\/index.php\/2024\/11\/12\/a-declaracao-de-andre-rizek-direcionada-a-gabigol-2\/#breadcrumb\",\"itemListElement\":[{\"@type\":\"ListItem\",\"position\":1,\"name\":\"Home\",\"item\":\"https:\/\/www.gaveanews.com\/\"},{\"@type\":\"ListItem\",\"position\":2,\"name\":\"A declara\u00e7\u00e3o de Andr\u00e9 Rizek direcionada a Gabigol\"}]},{\"@type\":\"WebSite\",\"@id\":\"https:\/\/www.gaveanews.com\/#website\",\"url\":\"https:\/\/www.gaveanews.com\/\",\"name\":\"G\u00e1vea News\",\"description\":\"Veja todas as not\u00edcias sobre o Flamengo: Contrata\u00e7\u00f5es, categorias de base, resultados das partidas, tabela de classifica\u00e7\u00e3o, pr\u00f3ximos jogos!\",\"potentialAction\":[{\"@type\":\"SearchAction\",\"target\":{\"@type\":\"EntryPoint\",\"urlTemplate\":\"https:\/\/www.gaveanews.com\/?s={search_term_string}\"},\"query-input\":{\"@type\":\"PropertyValueSpecification\",\"valueRequired\":true,\"valueName\":\"search_term_string\"}}],\"inLanguage\":\"pt-BR\"},{\"@type\":\"Person\",\"@id\":\"https:\/\/www.gaveanews.com\/#\/schema\/person\/bd08f00534b403119b92741a6d469ef0\",\"name\":\"Hudson Pereira\",\"image\":{\"@type\":\"ImageObject\",\"inLanguage\":\"pt-BR\",\"@id\":\"https:\/\/www.gaveanews.com\/#\/schema\/person\/image\/\",\"url\":\"https:\/\/secure.gravatar.com\/avatar\/ecc491b489e454e510efffc9b23c1052ce5fb4f2e05555768ba65819cd55f03e?s=96&d=mm&r=g\",\"contentUrl\":\"https:\/\/secure.gravatar.com\/avatar\/ecc491b489e454e510efffc9b23c1052ce5fb4f2e05555768ba65819cd55f03e?s=96&d=mm&r=g\",\"caption\":\"Hudson Pereira\"}}]}<\/script>\n<!-- \/ Yoast SEO Premium plugin. -->","yoast_head_json":{"title":"A declara\u00e7\u00e3o de Andr\u00e9 Rizek direcionada a Gabigol","robots":{"index":"index","follow":"follow","max-snippet":"max-snippet:-1","max-image-preview":"max-image-preview:large","max-video-preview":"max-video-preview:-1"},"canonical":"https:\/\/www.gaveanews.com\/index.php\/2024\/11\/12\/a-declaracao-de-andre-rizek-direcionada-a-gabigol-2\/","og_locale":"pt_BR","og_type":"article","og_title":"A declara\u00e7\u00e3o de Andr\u00e9 Rizek direcionada a Gabigol","og_description":"O apresentador Andr\u00e9 Rizek, do SporTV, discutiu o tema que domina o futebol brasileiro: a poss\u00edvel transfer\u00eancia de Gabigol, atualmente atacante do Flamengo, para o Cruzeiro, prevista para ocorrer em 2025. Rizek comentou que o Cruzeiro vem mexendo com as emo\u00e7\u00f5es dos torcedores em todo o pa\u00eds. Ele citou como exemplos a contrata\u00e7\u00e3o de C\u00e1ssio, [&hellip;]","og_url":"https:\/\/www.gaveanews.com\/index.php\/2024\/11\/12\/a-declaracao-de-andre-rizek-direcionada-a-gabigol-2\/","og_site_name":"G\u00e1vea News","article_publisher":"https:\/\/facebook.com\/gaveaNews\/","article_published_time":"2024-11-12T17:00:00+00:00","og_image":[{"width":795,"height":448,"url":"https:\/\/www.gaveanews.com\/wp-content\/uploads\/Andre-Rizek-durante-um-programa-do-SporTV.webp","type":"image\/jpeg"}],"author":"Hudson Pereira","twitter_card":"summary_large_image","twitter_misc":{"Escrito por":"Hudson Pereira","Est. tempo de leitura":"3 minutos"},"schema":{"@context":"https:\/\/schema.org","@graph":[{"@type":"NewsArticle","@id":"https:\/\/www.gaveanews.com\/index.php\/2024\/11\/12\/a-declaracao-de-andre-rizek-direcionada-a-gabigol-2\/#article","isPartOf":{"@id":"https:\/\/www.gaveanews.com\/index.php\/2024\/11\/12\/a-declaracao-de-andre-rizek-direcionada-a-gabigol-2\/"},"author":{"name":"Hudson Pereira","@id":"https:\/\/www.gaveanews.com\/#\/schema\/person\/bd08f00534b403119b92741a6d469ef0"},"headline":"A declara\u00e7\u00e3o de Andr\u00e9 Rizek direcionada a Gabigol","datePublished":"2024-11-12T17:00:00+00:00","mainEntityOfPage":{"@id":"https:\/\/www.gaveanews.com\/index.php\/2024\/11\/12\/a-declaracao-de-andre-rizek-direcionada-a-gabigol-2\/"},"wordCount":410,"commentCount":0,"image":{"@id":"https:\/\/www.gaveanews.com\/index.php\/2024\/11\/12\/a-declaracao-de-andre-rizek-direcionada-a-gabigol-2\/#primaryimage"},"thumbnailUrl":"https:\/\/www.gaveanews.com\/wp-content\/uploads\/Andre-Rizek-durante-um-programa-do-SporTV.webp","articleSection":["Flamengo"],"inLanguage":"pt-BR","potentialAction":[{"@type":"CommentAction","name":"Comment","target":["https:\/\/www.gaveanews.com\/index.php\/2024\/11\/12\/a-declaracao-de-andre-rizek-direcionada-a-gabigol-2\/#respond"]}],"copyrightYear":"2024","copyrightHolder":{"@id":"https:\/\/www.gaveanews.com\/#organization"}},{"@type":"WebPage","@id":"https:\/\/www.gaveanews.com\/index.php\/2024\/11\/12\/a-declaracao-de-andre-rizek-direcionada-a-gabigol-2\/","url":"https:\/\/www.gaveanews.com\/index.php\/2024\/11\/12\/a-declaracao-de-andre-rizek-direcionada-a-gabigol-2\/","name":"A declara\u00e7\u00e3o de Andr\u00e9 Rizek direcionada a Gabigol","isPartOf":{"@id":"https:\/\/www.gaveanews.com\/#website"},"primaryImageOfPage":{"@id":"https:\/\/www.gaveanews.com\/index.php\/2024\/11\/12\/a-declaracao-de-andre-rizek-direcionada-a-gabigol-2\/#primaryimage"},"image":{"@id":"https:\/\/www.gaveanews.com\/index.php\/2024\/11\/12\/a-declaracao-de-andre-rizek-direcionada-a-gabigol-2\/#primaryimage"},"thumbnailUrl":"https:\/\/www.gaveanews.com\/wp-content\/uploads\/Andre-Rizek-durante-um-programa-do-SporTV.webp","datePublished":"2024-11-12T17:00:00+00:00","author":{"@id":"https:\/\/www.gaveanews.com\/#\/schema\/person\/bd08f00534b403119b92741a6d469ef0"},"breadcrumb":{"@id":"https:\/\/www.gaveanews.com\/index.php\/2024\/11\/12\/a-declaracao-de-andre-rizek-direcionada-a-gabigol-2\/#breadcrumb"},"inLanguage":"pt-BR","potentialAction":[{"@type":"ReadAction","target":["https:\/\/www.gaveanews.com\/index.php\/2024\/11\/12\/a-declaracao-de-andre-rizek-direcionada-a-gabigol-2\/"]}]},{"@type":"ImageObject","inLanguage":"pt-BR","@id":"https:\/\/www.gaveanews.com\/index.php\/2024\/11\/12\/a-declaracao-de-andre-rizek-direcionada-a-gabigol-2\/#primaryimage","url":"https:\/\/www.gaveanews.com\/wp-content\/uploads\/Andre-Rizek-durante-um-programa-do-SporTV.webp","contentUrl":"https:\/\/www.gaveanews.com\/wp-content\/uploads\/Andre-Rizek-durante-um-programa-do-SporTV.webp","width":795,"height":448,"caption":"Andr\u00e9 Rizek durante um programa do SporTV (Foto: Reprodu\u00e7\u00e3o\/SporTV)"},{"@type":"BreadcrumbList","@id":"https:\/\/www.gaveanews.com\/index.php\/2024\/11\/12\/a-declaracao-de-andre-rizek-direcionada-a-gabigol-2\/#breadcrumb","itemListElement":[{"@type":"ListItem","position":1,"name":"Home","item":"https:\/\/www.gaveanews.com\/"},{"@type":"ListItem","position":2,"name":"A declara\u00e7\u00e3o de Andr\u00e9 Rizek direcionada a Gabigol"}]},{"@type":"WebSite","@id":"https:\/\/www.gaveanews.com\/#website","url":"https:\/\/www.gaveanews.com\/","name":"G\u00e1vea News","description":"Veja todas as not\u00edcias sobre o Flamengo: Contrata\u00e7\u00f5es, categorias de base, resultados das partidas, tabela de classifica\u00e7\u00e3o, pr\u00f3ximos jogos!","potentialAction":[{"@type":"SearchAction","target":{"@type":"EntryPoint","urlTemplate":"https:\/\/www.gaveanews.com\/?s={search_term_string}"},"query-input":{"@type":"PropertyValueSpecification","valueRequired":true,"valueName":"search_term_string"}}],"inLanguage":"pt-BR"},{"@type":"Person","@id":"https:\/\/www.gaveanews.com\/#\/schema\/person\/bd08f00534b403119b92741a6d469ef0","name":"Hudson Pereira","image":{"@type":"ImageObject","inLanguage":"pt-BR","@id":"https:\/\/www.gaveanews.com\/#\/schema\/person\/image\/","url":"https:\/\/secure.gravatar.com\/avatar\/ecc491b489e454e510efffc9b23c1052ce5fb4f2e05555768ba65819cd55f03e?s=96&d=mm&r=g","contentUrl":"https:\/\/secure.gravatar.com\/avatar\/ecc491b489e454e510efffc9b23c1052ce5fb4f2e05555768ba65819cd55f03e?s=96&d=mm&r=g","caption":"Hudson Pereira"}}]}},"_links":{"self":[{"href":"https:\/\/www.gaveanews.com\/index.php\/wp-json\/wp\/v2\/posts\/184180","targetHints":{"allow":["GET"]}}],"collection":[{"href":"https:\/\/www.gaveanews.com\/index.php\/wp-json\/wp\/v2\/posts"}],"about":[{"href":"https:\/\/www.gaveanews.com\/index.php\/wp-json\/wp\/v2\/types\/post"}],"author":[{"embeddable":true,"href":"https:\/\/www.gaveanews.com\/index.php\/wp-json\/wp\/v2\/users\/28"}],"replies":[{"embeddable":true,"href":"https:\/\/www.gaveanews.com\/index.php\/wp-json\/wp\/v2\/comments?post=184180"}],"version-history":[{"count":3,"href":"https:\/\/www.gaveanews.com\/index.php\/wp-json\/wp\/v2\/posts\/184180\/revisions"}],"predecessor-version":[{"id":184268,"href":"https:\/\/www.gaveanews.com\/index.php\/wp-json\/wp\/v2\/posts\/184180\/revisions\/184268"}],"wp:featuredmedia":[{"embeddable":true,"href":"https:\/\/www.gaveanews.com\/index.php\/wp-json\/wp\/v2\/media\/101875"}],"wp:attachment":[{"href":"https:\/\/www.gaveanews.com\/index.php\/wp-json\/wp\/v2\/media?parent=184180"}],"wp:term":[{"taxonomy":"category","embeddable":true,"href":"https:\/\/www.gaveanews.com\/index.php\/wp-json\/wp\/v2\/categories?post=184180"},{"taxonomy":"post_tag","embeddable":true,"href":"https:\/\/www.gaveanews.com\/index.php\/wp-json\/wp\/v2\/tags?post=184180"}],"curies":[{"name":"wp","href":"https:\/\/api.w.org\/{rel}","templated":true}]}}