{"id":184249,"date":"2024-11-12T15:25:00","date_gmt":"2024-11-12T18:25:00","guid":{"rendered":"https:\/\/www.gaveanews.com\/?p=184249"},"modified":"2024-11-12T14:52:10","modified_gmt":"2024-11-12T17:52:10","slug":"torcida-do-santos-emite-nota-oficial-direcionada-ao-clube","status":"publish","type":"post","link":"https:\/\/www.gaveanews.com\/index.php\/2024\/11\/12\/torcida-do-santos-emite-nota-oficial-direcionada-ao-clube\/","title":{"rendered":"Torcida do Santos emite nota oficial direcionada ao clube"},"content":{"rendered":"\n<p>A maior torcida organizada do Santos, a &#8216;Torcida Jovem Santos&#8217;, emitiu uma nota oficial ap\u00f3s o acesso garantido para a S\u00e9rie A de 2025.<\/p>\n\n\n\n<p>A torcida, que nunca deixou de apoiar o clube, tamb\u00e9m foi a respons\u00e1vel pelas mais duras cr\u00edticas durante a trajet\u00f3ria do Santos na S\u00e9rie B da competi\u00e7\u00e3o.<\/p>\n\n\n\n<ul class=\"wp-block-list\">\n<li><a href=\"https:\/\/www.gaveanews.com\/index.php\/2024\/11\/12\/situacao-de-otero-reforco-para-o-proximo-ano-e-data-do-fim-do-brasileiro-de-2025-as-ultimas-noticias-do-santos\/\">Situa\u00e7\u00e3o de Otero, refor\u00e7o para o pr\u00f3ximo ano e data do fim do Brasileiro de 2025: as \u00faltimas not\u00edcias do Santos<\/a><\/li>\n\n\n\n<li><a href=\"https:\/\/www.gaveanews.com\/index.php\/2024\/11\/12\/jogador-convocado-torcida-aprova-retorno-e-declaracao-de-marcelo-teixeira-as-ultimas-noticias-do-santos\/\">Jogador convocado, torcida aprova retorno e declara\u00e7\u00e3o de Marcelo Teixeira: as \u00faltimas not\u00edcias do Santos<\/a><\/li>\n<\/ul>\n\n\n\n<p>Diretoria, t\u00e9cnico e jogadores foram os mais atacados pelas boas e m\u00e1s atua\u00e7\u00f5es dentro da competi\u00e7\u00e3o.<\/p>\n\n\n\n<p>Agora, j\u00e1 com o acesso para a S\u00e9rie A garantido, a torcida do Santos pede reformula\u00e7\u00e3o no elenco, refor\u00e7os de bons jogadores e ainda apor cima barra o retorno de Soteldo e Lucas Lima no elenco do Santos. Confira:<\/p>\n\n\n\n<p>&#8220;<em>\u00c9 necess\u00e1rio um planejamento de m\u00e9dio e longo prazo, que al\u00e9m de bem feito, principalmente, seja bem executado. N\u00e3o d\u00e1 para trazermos Morelos, ganhando milh\u00f5es por ano para ficar encostado; Patrick, completamente sem condi\u00e7\u00f5es de vestir nossa camiseta; um candidato a nova j\u00f3ia africana nesse jogo de olheiros e empres\u00e1rios ao redor do mundo, que nem relacionado foi; bem como um atacante com 2 gols num time equatoriano, que tamb\u00e9m n\u00e3o mostrou ainda a que veio; dentre muitas outras a\u00e7\u00f5es que minam o trabalho e diminuem as expectativas de sucesso do elenco.<\/em><\/p>\n\n\n\n<p><em>Precisamos que os comandantes sejam capacitados e tomem decis\u00f5es corretas, de acordo com a grandeza do clube, trazendo jogadores, comiss\u00e3o t\u00e9cnica e dirigentes \u00e0 altura do Santos Futebol Clube. N\u00e3o podemos, nem iremos permitir a volta de pessoas que n\u00e3o respeitam a institui\u00e7\u00e3o, queremos uma reconstru\u00e7\u00e3o verdadeira.<\/em><\/p>\n\n\n\n<p><em>Isso passa pela escolha correta do elenco e dirigentes para 2025, passando pelo n\u00e3o retorno de nomes como Soteldo e Lucas Lima, uma vergonha que j\u00e1 fomos obrigados a passar em nome de uma tentativa desesperada de salva\u00e7\u00e3o, que se mostrou indigna. Queremos um time para disputar t\u00edtulos, com pessoas que respeitem o Santos FC, queremos de voltar a honrar a nossa hist\u00f3ria!&#8221;<\/em><\/p>\n\n\n\n<p>Soteldo e Lucas Lima tiveram especula\u00e7\u00f5es sobre os retornos ao Santos. Soteldo deve ficar no Gr\u00eamio, mas, Lucas Lima foi cotado ao retorno ap\u00f3s a boa temporada no Sport.<\/p>\n\n\n\n<h2 class=\"wp-block-heading\" id=\"h-veja-o-comunicado-completo\">Veja o comunicado completo:<\/h2>\n\n\n\n<p>&#8220;Com a confirma\u00e7\u00e3o do acesso do Santos Futebol Clube, a Torcida Jovem vem a p\u00fablico manifestar suas considera\u00e7\u00f5es acerca do momento.<\/p>\n\n\n\n<p>Primeiramente, ressaltamos a hombridade e o car\u00e1ter de todos os profissionais, especialmente os atletas, que vieram para o Santos e os que ficaram no momento mais conturbado e pressionado de sua hist\u00f3ria, e cumpriram com sua obriga\u00e7\u00e3o de faz\u00ea-lo retornar \u00e0 S\u00e9rie A.<\/p>\n\n\n\n<p>Mas deixamos bem claro: n\u00e3o h\u00e1 nada a se comemorar em 2024. O vice-campeonato paulista, com bom futebol apresentado, n\u00e3o pode ser tratado com a desproporcionalidade que foi pelo pr\u00f3prio clube, apequenando o maior time da Terra. Mais que isso, o acesso \u00e0 primeira divis\u00e3o sempre foi um dever, bem como a conquista do t\u00edtulo do campeonato ainda \u00e9 um dever m\u00ednimo a ser cumprido.<\/p>\n\n\n\n<p>Temos a consci\u00eancia que a reconstru\u00e7\u00e3o, de fato, deve acontecer partindo do cargo mais alto do clube, Sr. Marcelo Teixeira, com quem temos um canal de comunica\u00e7\u00e3o constru\u00eddo h\u00e1 d\u00e9cadas devido \u00e0 sua santistidade, tornamos agora p\u00fablico o que em v\u00e1rias vezes falamos olhando no seu olho: o senhor est\u00e1 extremamente mal acompanhado.<\/p>\n\n\n\n<p>N\u00e3o \u00e9 cab\u00edvel que no camarote presidencial, da partida que virtualmente nos colocou na primeira divis\u00e3o, esteja uma pessoa desprez\u00edvel que foi expulsa do clube por racismo, chamando torcedores, trabalhadores e pais de fam\u00edlia para briga.<\/p>\n\n\n\n<p>Essa quantidade de erros j\u00e1 nos bastidores e na rela\u00e7\u00e3o com seu pr\u00f3prio torcedor j\u00e1 d\u00e3o o tom para a maneira com que o clube gere o futebol. Precisamos de pessoas capacitadas no clube, com trajet\u00f3ria vitoriosa em altos patamares, os patamares do Santos, que tenham experi\u00eancia em grandes clubes do futebol mundial.<\/p>\n\n\n\n<p>Sendo assim, nomes como o de Paulo Bracks, n\u00e3o s\u00e3o cab\u00edveis para tais objetivos. O profissional passou a maior parte da sua carreira em times de S\u00e9rie B ou times rebaixados da S\u00e9rie A, que s\u00e3o uma carreira digna, entretanto, n\u00e3o condizem com o tamanho do Santos Futebol Clube.<\/p>\n\n\n\n<p>Tamb\u00e9m destacamos o respeito que temos ao nosso ex-jogador Alexandre Gallo, que lutou pelo Santos como capit\u00e3o em um dos per\u00edodos mais complicados de nossa hist\u00f3ria, mas que como dirigente n\u00e3o possui experi\u00eancia, al\u00e9m de ter cometido in\u00fameras decis\u00f5es erradas durante nosso rebaixamento e neste ano.<\/p>\n\n\n\n<p>\u00c9 necess\u00e1rio um planejamento de m\u00e9dio e longo prazo, que al\u00e9m de bem feito, principalmente, seja bem executado. N\u00e3o d\u00e1 para trazermos Morelos, ganhando milh\u00f5es por ano para ficar encostado; Patrick, completamente sem condi\u00e7\u00f5es de vestir nossa camiseta; um candidato a nova j\u00f3ia africana nesse jogo de olheiros e empres\u00e1rios ao redor do mundo, que nem relacionado foi; bem como um atacante com 2 gols num time equatoriano, que tamb\u00e9m n\u00e3o mostrou ainda a que veio; dentre muitas outras a\u00e7\u00f5es que minam o trabalho e diminuem as expectativas de sucesso do elenco.<\/p>\n\n\n\n<p>Precisamos de pessoas que consigam ter planejamento e controle do ambiente e das pessoas que fazem o clube, especialmente da privacidade dos atletas e do vesti\u00e1rio. Nossa comiss\u00e3o t\u00e9cnica, al\u00e9m desses atributos, precisa ser identificada com a nossa hist\u00f3ria e nossa identidade.<\/p>\n\n\n\n<p>Quando o t\u00e9cnico F\u00e1bio Carille assumiu o Santos, nas duas oportunidades, era sabido que o futebol posto em pr\u00e1tica pelo treinador seria o que vemos hoje. Sem cria\u00e7\u00e3o, sem ofensividade, por\u00e9m eficiente, que embora inst\u00e1vel, vem cumprindo o seu papel, e esperamos que atinja o segundo objetivo no campeonato.<\/p>\n\n\n\n<p>Entretanto, refor\u00e7amos, nossos objetivos s\u00e3o outros e nossa identidade nunca deve ser descartada. Estamos cansados de ver um time que treina meio per\u00edodo apresentar um futebol p\u00edfio, sem intensidade, at\u00e9 mesmo em algumas vit\u00f3rias. Somos um dos maiores clubes formadores do planeta, a casa de craques do presente e do passado como Rei Pel\u00e9 e Neymar, e \u00e9 necess\u00e1rio respeitar e cultivar essa caracter\u00edstica para ter sucesso por aqui.<\/p>\n\n\n\n<p>Sabemos que muito do futebol que n\u00e3o convence se d\u00e1 por m\u00e1s decis\u00f5es nos bastidores, e por isso, exigimos a partir de hoje, j\u00e1 pensando na pr\u00f3xima temporada, uma limpeza geral em todas as inst\u00e2ncias do clube, excluindo as ma\u00e7\u00e3s podres elitistas e contra a presen\u00e7a do povo santista no dia a dia do clube, abrindo espa\u00e7o para seu povo.<\/p>\n\n\n\n<p>Precisamos que os comandantes sejam capacitados e tomem decis\u00f5es corretas, de acordo com a grandeza do clube, trazendo jogadores, comiss\u00e3o t\u00e9cnica e dirigentes \u00e0 altura do Santos Futebol Clube. N\u00e3o podemos, nem iremos permitir a volta de pessoas que n\u00e3o respeitam a institui\u00e7\u00e3o, queremos uma reconstru\u00e7\u00e3o verdadeira. Isso passa pela escolha correta do elenco e dirigentes para 2025, passando pelo n\u00e3o retorno de nomes como Soteldo e Lucas Lima, uma vergonha que j\u00e1 fomos obrigados a passar em nome de uma tentativa desesperada de salva\u00e7\u00e3o, que se mostrou indigna. Queremos um time para disputar t\u00edtulos, com pessoas que respeitem o Santos FC, queremos de voltar a honrar a nossa hist\u00f3ria!<\/p>\n\n\n\n<p>Por \u00faltimo, e mais importante, agradecemos aqueles torcedores que n\u00e3o pularam do barco nessa tempestade que ainda n\u00e3o acabou.<\/p>\n\n\n\n<p>N\u00f3s fomos para Serra Catarinense, para o meio da Amaz\u00f4nia, incendiamos setores visitantes pelo Brasil, viajamos por terra para todas as regi\u00f5es do pa\u00eds. Fizemos a caravana mais longa da hist\u00f3ria da Torcida Jovem, quebramos recordes de p\u00fablicos em est\u00e1dios rivais, movimentamos mais de 4 mil santistas pelas ruas da maior cidade da Am\u00e9rica Latina e sustentamos a hist\u00f3ria de uma das torcidas mais tradicionais do pa\u00eds.<\/p>\n\n\n\n<p>Ainda temos mais duas guerras pela frente, jogos de grande import\u00e2ncia para a torcida santista. Vamos juntos nessa reta final terminar nossa jornada de recolar o Santos em seu devido lugar. A partir de agora, pense no ano que vem e em todos os outros que vem pela frente, associe-se ao clube, desfrute do direito ao voto no clube, um privil\u00e9gio que poucos torcedores no Brasil possuem, fa\u00e7a parte do dia a dia e da vida pol\u00edtica do clube, vote, candidate-se, precisamos do nosso povo para de fato reconstruir nosso amado Santos FC.<\/p>\n\n\n\n<p>Com o SANTOS onde e como ELE estiver!&#8221;<\/p>\n\n\n\n<blockquote class=\"instagram-media\" data-instgrm-captioned data-instgrm-permalink=\"https:\/\/www.instagram.com\/p\/DCQQEQKNvhi\/?utm_source=ig_embed&amp;utm_campaign=loading\" data-instgrm-version=\"14\" style=\" background:#FFF; border:0; border-radius:3px; box-shadow:0 0 1px 0 rgba(0,0,0,0.5),0 1px 10px 0 rgba(0,0,0,0.15); margin: 1px; max-width:540px; min-width:326px; padding:0; width:99.375%; width:-webkit-calc(100% - 2px); width:calc(100% - 2px);\"><div style=\"padding:16px;\"> <a href=\"https:\/\/www.instagram.com\/p\/DCQQEQKNvhi\/?utm_source=ig_embed&amp;utm_campaign=loading\" style=\" background:#FFFFFF; line-height:0; padding:0 0; text-align:center; text-decoration:none; width:100%;\" target=\"_blank\" rel=\"noopener\"> <div style=\" display: flex; flex-direction: row; align-items: center;\"> <div style=\"background-color: #F4F4F4; border-radius: 50%; flex-grow: 0; height: 40px; margin-right: 14px; width: 40px;\"><\/div> <div style=\"display: flex; flex-direction: column; flex-grow: 1; justify-content: center;\"> <div style=\" background-color: #F4F4F4; border-radius: 4px; flex-grow: 0; height: 14px; margin-bottom: 6px; width: 100px;\"><\/div> <div style=\" background-color: #F4F4F4; border-radius: 4px; flex-grow: 0; height: 14px; width: 60px;\"><\/div><\/div><\/div><div style=\"padding: 19% 0;\"><\/div> <div style=\"display:block; height:50px; margin:0 auto 12px; width:50px;\"><svg width=\"50px\" height=\"50px\" viewBox=\"0 0 60 60\" version=\"1.1\" xmlns=\"https:\/\/www.w3.org\/2000\/svg\" xmlns:xlink=\"https:\/\/www.w3.org\/1999\/xlink\"><g stroke=\"none\" stroke-width=\"1\" fill=\"none\" fill-rule=\"evenodd\"><g transform=\"translate(-511.000000, -20.000000)\" fill=\"#000000\"><g><path d=\"M556.869,30.41 C554.814,30.41 553.148,32.076 553.148,34.131 C553.148,36.186 554.814,37.852 556.869,37.852 C558.924,37.852 560.59,36.186 560.59,34.131 C560.59,32.076 558.924,30.41 556.869,30.41 M541,60.657 C535.114,60.657 530.342,55.887 530.342,50 C530.342,44.114 535.114,39.342 541,39.342 C546.887,39.342 551.658,44.114 551.658,50 C551.658,55.887 546.887,60.657 541,60.657 M541,33.886 C532.1,33.886 524.886,41.1 524.886,50 C524.886,58.899 532.1,66.113 541,66.113 C549.9,66.113 557.115,58.899 557.115,50 C557.115,41.1 549.9,33.886 541,33.886 M565.378,62.101 C565.244,65.022 564.756,66.606 564.346,67.663 C563.803,69.06 563.154,70.057 562.106,71.106 C561.058,72.155 560.06,72.803 558.662,73.347 C557.607,73.757 556.021,74.244 553.102,74.378 C549.944,74.521 548.997,74.552 541,74.552 C533.003,74.552 532.056,74.521 528.898,74.378 C525.979,74.244 524.393,73.757 523.338,73.347 C521.94,72.803 520.942,72.155 519.894,71.106 C518.846,70.057 518.197,69.06 517.654,67.663 C517.244,66.606 516.755,65.022 516.623,62.101 C516.479,58.943 516.448,57.996 516.448,50 C516.448,42.003 516.479,41.056 516.623,37.899 C516.755,34.978 517.244,33.391 517.654,32.338 C518.197,30.938 518.846,29.942 519.894,28.894 C520.942,27.846 521.94,27.196 523.338,26.654 C524.393,26.244 525.979,25.756 528.898,25.623 C532.057,25.479 533.004,25.448 541,25.448 C548.997,25.448 549.943,25.479 553.102,25.623 C556.021,25.756 557.607,26.244 558.662,26.654 C560.06,27.196 561.058,27.846 562.106,28.894 C563.154,29.942 563.803,30.938 564.346,32.338 C564.756,33.391 565.244,34.978 565.378,37.899 C565.522,41.056 565.552,42.003 565.552,50 C565.552,57.996 565.522,58.943 565.378,62.101 M570.82,37.631 C570.674,34.438 570.167,32.258 569.425,30.349 C568.659,28.377 567.633,26.702 565.965,25.035 C564.297,23.368 562.623,22.342 560.652,21.575 C558.743,20.834 556.562,20.326 553.369,20.18 C550.169,20.033 549.148,20 541,20 C532.853,20 531.831,20.033 528.631,20.18 C525.438,20.326 523.257,20.834 521.349,21.575 C519.376,22.342 517.703,23.368 516.035,25.035 C514.368,26.702 513.342,28.377 512.574,30.349 C511.834,32.258 511.326,34.438 511.181,37.631 C511.035,40.831 511,41.851 511,50 C511,58.147 511.035,59.17 511.181,62.369 C511.326,65.562 511.834,67.743 512.574,69.651 C513.342,71.625 514.368,73.296 516.035,74.965 C517.703,76.634 519.376,77.658 521.349,78.425 C523.257,79.167 525.438,79.673 528.631,79.82 C531.831,79.965 532.853,80.001 541,80.001 C549.148,80.001 550.169,79.965 553.369,79.82 C556.562,79.673 558.743,79.167 560.652,78.425 C562.623,77.658 564.297,76.634 565.965,74.965 C567.633,73.296 568.659,71.625 569.425,69.651 C570.167,67.743 570.674,65.562 570.82,62.369 C570.966,59.17 571,58.147 571,50 C571,41.851 570.966,40.831 570.82,37.631\"><\/path><\/g><\/g><\/g><\/svg><\/div><div style=\"padding-top: 8px;\"> <div style=\" color:#3897f0; font-family:Arial,sans-serif; font-size:14px; font-style:normal; font-weight:550; line-height:18px;\">Ver essa foto no Instagram<\/div><\/div><div style=\"padding: 12.5% 0;\"><\/div> <div style=\"display: flex; flex-direction: row; margin-bottom: 14px; align-items: center;\"><div> <div style=\"background-color: #F4F4F4; border-radius: 50%; height: 12.5px; width: 12.5px; transform: translateX(0px) translateY(7px);\"><\/div> <div style=\"background-color: #F4F4F4; height: 12.5px; transform: rotate(-45deg) translateX(3px) translateY(1px); width: 12.5px; flex-grow: 0; margin-right: 14px; margin-left: 2px;\"><\/div> <div style=\"background-color: #F4F4F4; border-radius: 50%; height: 12.5px; width: 12.5px; transform: translateX(9px) translateY(-18px);\"><\/div><\/div><div style=\"margin-left: 8px;\"> <div style=\" background-color: #F4F4F4; border-radius: 50%; flex-grow: 0; height: 20px; width: 20px;\"><\/div> <div style=\" width: 0; height: 0; border-top: 2px solid transparent; border-left: 6px solid #f4f4f4; border-bottom: 2px solid transparent; transform: translateX(16px) translateY(-4px) rotate(30deg)\"><\/div><\/div><div style=\"margin-left: auto;\"> <div style=\" width: 0px; border-top: 8px solid #F4F4F4; border-right: 8px solid transparent; transform: translateY(16px);\"><\/div> <div style=\" background-color: #F4F4F4; flex-grow: 0; height: 12px; width: 16px; transform: translateY(-4px);\"><\/div> <div style=\" width: 0; height: 0; border-top: 8px solid #F4F4F4; border-left: 8px solid transparent; transform: translateY(-4px) translateX(8px);\"><\/div><\/div><\/div> <div style=\"display: flex; flex-direction: column; flex-grow: 1; justify-content: center; margin-bottom: 24px;\"> <div style=\" background-color: #F4F4F4; border-radius: 4px; flex-grow: 0; height: 14px; margin-bottom: 6px; width: 224px;\"><\/div> <div style=\" background-color: #F4F4F4; border-radius: 4px; flex-grow: 0; height: 14px; width: 144px;\"><\/div><\/div><\/a><p style=\" color:#c9c8cd; font-family:Arial,sans-serif; font-size:14px; line-height:17px; margin-bottom:0; margin-top:8px; overflow:hidden; padding:8px 0 7px; text-align:center; text-overflow:ellipsis; white-space:nowrap;\"><a href=\"https:\/\/www.instagram.com\/p\/DCQQEQKNvhi\/?utm_source=ig_embed&amp;utm_campaign=loading\" style=\" color:#c9c8cd; font-family:Arial,sans-serif; font-size:14px; font-style:normal; font-weight:normal; line-height:17px; text-decoration:none;\" target=\"_blank\" rel=\"noopener\">Uma publica\u00e7\u00e3o compartilhada por \u2b50TORCIDA JOVEM DO SANTOS\u2b50 (@torcidajovem_oficial)<\/a><\/p><\/div><\/blockquote>\n<script async src=\"\/\/www.instagram.com\/embed.js\"><\/script>\n","protected":false},"excerpt":{"rendered":"<p>A maior torcida organizada do Santos, a &#8216;Torcida Jovem Santos&#8217;, emitiu uma nota oficial ap\u00f3s o acesso garantido para a S\u00e9rie A de 2025. A torcida, que nunca deixou de apoiar o clube, tamb\u00e9m foi a respons\u00e1vel pelas mais duras cr\u00edticas durante a trajet\u00f3ria do Santos na S\u00e9rie B da competi\u00e7\u00e3o. Diretoria, t\u00e9cnico e jogadores [&hellip;]<\/p>\n","protected":false},"author":19,"featured_media":152156,"comment_status":"open","ping_status":"closed","sticky":false,"template":"","format":"standard","meta":{"footnotes":""},"categories":[139],"tags":[],"class_list":["post-184249","post","type-post","status-publish","format-standard","has-post-thumbnail","hentry","category-santos"],"yoast_head":"<!-- This site is optimized with the Yoast SEO Premium plugin v24.2 (Yoast SEO v26.9) - https:\/\/yoast.com\/product\/yoast-seo-premium-wordpress\/ -->\n<title>Torcida do Santos emite nota oficial direcionada ao clube<\/title>\n<meta name=\"robots\" content=\"index, follow, max-snippet:-1, max-image-preview:large, max-video-preview:-1\" \/>\n<link rel=\"canonical\" href=\"https:\/\/www.gaveanews.com\/index.php\/2024\/11\/12\/torcida-do-santos-emite-nota-oficial-direcionada-ao-clube\/\" \/>\n<meta property=\"og:locale\" content=\"pt_BR\" \/>\n<meta property=\"og:type\" content=\"article\" \/>\n<meta property=\"og:title\" content=\"Torcida do Santos emite nota oficial direcionada ao clube\" \/>\n<meta property=\"og:description\" content=\"A maior torcida organizada do Santos, a &#8216;Torcida Jovem Santos&#8217;, emitiu uma nota oficial ap\u00f3s o acesso garantido para a S\u00e9rie A de 2025. A torcida, que nunca deixou de apoiar o clube, tamb\u00e9m foi a respons\u00e1vel pelas mais duras cr\u00edticas durante a trajet\u00f3ria do Santos na S\u00e9rie B da competi\u00e7\u00e3o. Diretoria, t\u00e9cnico e jogadores [&hellip;]\" \/>\n<meta property=\"og:url\" content=\"https:\/\/www.gaveanews.com\/index.php\/2024\/11\/12\/torcida-do-santos-emite-nota-oficial-direcionada-ao-clube\/\" \/>\n<meta property=\"og:site_name\" content=\"G\u00e1vea News\" \/>\n<meta property=\"article:publisher\" content=\"https:\/\/facebook.com\/gaveaNews\/\" \/>\n<meta property=\"article:published_time\" content=\"2024-11-12T18:25:00+00:00\" \/>\n<meta property=\"og:image\" content=\"https:\/\/www.gaveanews.com\/wp-content\/uploads\/Escudo-do-Santos-1.webp\" \/>\n\t<meta property=\"og:image:width\" content=\"1300\" \/>\n\t<meta property=\"og:image:height\" content=\"1056\" \/>\n\t<meta property=\"og:image:type\" content=\"image\/webp\" \/>\n<meta name=\"author\" content=\"Bruno Zanchetta\" \/>\n<meta name=\"twitter:card\" content=\"summary_large_image\" \/>\n<meta name=\"twitter:label1\" content=\"Escrito por\" \/>\n\t<meta name=\"twitter:data1\" content=\"Bruno Zanchetta\" \/>\n\t<meta name=\"twitter:label2\" content=\"Est. tempo de leitura\" \/>\n\t<meta name=\"twitter:data2\" content=\"8 minutos\" \/>\n<script type=\"application\/ld+json\" class=\"yoast-schema-graph\">{\"@context\":\"https:\/\/schema.org\",\"@graph\":[{\"@type\":\"NewsArticle\",\"@id\":\"https:\/\/www.gaveanews.com\/index.php\/2024\/11\/12\/torcida-do-santos-emite-nota-oficial-direcionada-ao-clube\/#article\",\"isPartOf\":{\"@id\":\"https:\/\/www.gaveanews.com\/index.php\/2024\/11\/12\/torcida-do-santos-emite-nota-oficial-direcionada-ao-clube\/\"},\"author\":{\"name\":\"Bruno Zanchetta\",\"@id\":\"https:\/\/www.gaveanews.com\/#\/schema\/person\/32fddefab25b466689f181be346cd98c\"},\"headline\":\"Torcida do Santos emite nota oficial direcionada ao clube\",\"datePublished\":\"2024-11-12T18:25:00+00:00\",\"mainEntityOfPage\":{\"@id\":\"https:\/\/www.gaveanews.com\/index.php\/2024\/11\/12\/torcida-do-santos-emite-nota-oficial-direcionada-ao-clube\/\"},\"wordCount\":1516,\"commentCount\":0,\"image\":{\"@id\":\"https:\/\/www.gaveanews.com\/index.php\/2024\/11\/12\/torcida-do-santos-emite-nota-oficial-direcionada-ao-clube\/#primaryimage\"},\"thumbnailUrl\":\"https:\/\/www.gaveanews.com\/wp-content\/uploads\/Escudo-do-Santos-1.webp\",\"articleSection\":[\"Santos\"],\"inLanguage\":\"pt-BR\",\"potentialAction\":[{\"@type\":\"CommentAction\",\"name\":\"Comment\",\"target\":[\"https:\/\/www.gaveanews.com\/index.php\/2024\/11\/12\/torcida-do-santos-emite-nota-oficial-direcionada-ao-clube\/#respond\"]}],\"copyrightYear\":\"2024\",\"copyrightHolder\":{\"@id\":\"https:\/\/www.gaveanews.com\/#organization\"}},{\"@type\":\"WebPage\",\"@id\":\"https:\/\/www.gaveanews.com\/index.php\/2024\/11\/12\/torcida-do-santos-emite-nota-oficial-direcionada-ao-clube\/\",\"url\":\"https:\/\/www.gaveanews.com\/index.php\/2024\/11\/12\/torcida-do-santos-emite-nota-oficial-direcionada-ao-clube\/\",\"name\":\"Torcida do Santos emite nota oficial direcionada ao clube\",\"isPartOf\":{\"@id\":\"https:\/\/www.gaveanews.com\/#website\"},\"primaryImageOfPage\":{\"@id\":\"https:\/\/www.gaveanews.com\/index.php\/2024\/11\/12\/torcida-do-santos-emite-nota-oficial-direcionada-ao-clube\/#primaryimage\"},\"image\":{\"@id\":\"https:\/\/www.gaveanews.com\/index.php\/2024\/11\/12\/torcida-do-santos-emite-nota-oficial-direcionada-ao-clube\/#primaryimage\"},\"thumbnailUrl\":\"https:\/\/www.gaveanews.com\/wp-content\/uploads\/Escudo-do-Santos-1.webp\",\"datePublished\":\"2024-11-12T18:25:00+00:00\",\"author\":{\"@id\":\"https:\/\/www.gaveanews.com\/#\/schema\/person\/32fddefab25b466689f181be346cd98c\"},\"breadcrumb\":{\"@id\":\"https:\/\/www.gaveanews.com\/index.php\/2024\/11\/12\/torcida-do-santos-emite-nota-oficial-direcionada-ao-clube\/#breadcrumb\"},\"inLanguage\":\"pt-BR\",\"potentialAction\":[{\"@type\":\"ReadAction\",\"target\":[\"https:\/\/www.gaveanews.com\/index.php\/2024\/11\/12\/torcida-do-santos-emite-nota-oficial-direcionada-ao-clube\/\"]}]},{\"@type\":\"ImageObject\",\"inLanguage\":\"pt-BR\",\"@id\":\"https:\/\/www.gaveanews.com\/index.php\/2024\/11\/12\/torcida-do-santos-emite-nota-oficial-direcionada-ao-clube\/#primaryimage\",\"url\":\"https:\/\/www.gaveanews.com\/wp-content\/uploads\/Escudo-do-Santos-1.webp\",\"contentUrl\":\"https:\/\/www.gaveanews.com\/wp-content\/uploads\/Escudo-do-Santos-1.webp\",\"width\":1300,\"height\":1056,\"caption\":\"Escudo do Santos (Foto: Reprodu\u00e7\u00e3o\/Instagram)\"},{\"@type\":\"BreadcrumbList\",\"@id\":\"https:\/\/www.gaveanews.com\/index.php\/2024\/11\/12\/torcida-do-santos-emite-nota-oficial-direcionada-ao-clube\/#breadcrumb\",\"itemListElement\":[{\"@type\":\"ListItem\",\"position\":1,\"name\":\"Home\",\"item\":\"https:\/\/www.gaveanews.com\/\"},{\"@type\":\"ListItem\",\"position\":2,\"name\":\"Torcida do Santos emite nota oficial direcionada ao clube\"}]},{\"@type\":\"WebSite\",\"@id\":\"https:\/\/www.gaveanews.com\/#website\",\"url\":\"https:\/\/www.gaveanews.com\/\",\"name\":\"G\u00e1vea News\",\"description\":\"Veja todas as not\u00edcias sobre o Flamengo: Contrata\u00e7\u00f5es, categorias de base, resultados das partidas, tabela de classifica\u00e7\u00e3o, pr\u00f3ximos jogos!\",\"potentialAction\":[{\"@type\":\"SearchAction\",\"target\":{\"@type\":\"EntryPoint\",\"urlTemplate\":\"https:\/\/www.gaveanews.com\/?s={search_term_string}\"},\"query-input\":{\"@type\":\"PropertyValueSpecification\",\"valueRequired\":true,\"valueName\":\"search_term_string\"}}],\"inLanguage\":\"pt-BR\"},{\"@type\":\"Person\",\"@id\":\"https:\/\/www.gaveanews.com\/#\/schema\/person\/32fddefab25b466689f181be346cd98c\",\"name\":\"Bruno Zanchetta\",\"image\":{\"@type\":\"ImageObject\",\"inLanguage\":\"pt-BR\",\"@id\":\"https:\/\/www.gaveanews.com\/#\/schema\/person\/image\/\",\"url\":\"https:\/\/secure.gravatar.com\/avatar\/3ba2d39f8a912ad65276975a996d6ad8d9e3dd13448684be8dc4d7c17099d2ee?s=96&d=mm&r=g\",\"contentUrl\":\"https:\/\/secure.gravatar.com\/avatar\/3ba2d39f8a912ad65276975a996d6ad8d9e3dd13448684be8dc4d7c17099d2ee?s=96&d=mm&r=g\",\"caption\":\"Bruno Zanchetta\"}}]}<\/script>\n<!-- \/ Yoast SEO Premium plugin. -->","yoast_head_json":{"title":"Torcida do Santos emite nota oficial direcionada ao clube","robots":{"index":"index","follow":"follow","max-snippet":"max-snippet:-1","max-image-preview":"max-image-preview:large","max-video-preview":"max-video-preview:-1"},"canonical":"https:\/\/www.gaveanews.com\/index.php\/2024\/11\/12\/torcida-do-santos-emite-nota-oficial-direcionada-ao-clube\/","og_locale":"pt_BR","og_type":"article","og_title":"Torcida do Santos emite nota oficial direcionada ao clube","og_description":"A maior torcida organizada do Santos, a &#8216;Torcida Jovem Santos&#8217;, emitiu uma nota oficial ap\u00f3s o acesso garantido para a S\u00e9rie A de 2025. A torcida, que nunca deixou de apoiar o clube, tamb\u00e9m foi a respons\u00e1vel pelas mais duras cr\u00edticas durante a trajet\u00f3ria do Santos na S\u00e9rie B da competi\u00e7\u00e3o. Diretoria, t\u00e9cnico e jogadores [&hellip;]","og_url":"https:\/\/www.gaveanews.com\/index.php\/2024\/11\/12\/torcida-do-santos-emite-nota-oficial-direcionada-ao-clube\/","og_site_name":"G\u00e1vea News","article_publisher":"https:\/\/facebook.com\/gaveaNews\/","article_published_time":"2024-11-12T18:25:00+00:00","og_image":[{"width":1300,"height":1056,"url":"https:\/\/www.gaveanews.com\/wp-content\/uploads\/Escudo-do-Santos-1.webp","type":"image\/webp"}],"author":"Bruno Zanchetta","twitter_card":"summary_large_image","twitter_misc":{"Escrito por":"Bruno Zanchetta","Est. tempo de leitura":"8 minutos"},"schema":{"@context":"https:\/\/schema.org","@graph":[{"@type":"NewsArticle","@id":"https:\/\/www.gaveanews.com\/index.php\/2024\/11\/12\/torcida-do-santos-emite-nota-oficial-direcionada-ao-clube\/#article","isPartOf":{"@id":"https:\/\/www.gaveanews.com\/index.php\/2024\/11\/12\/torcida-do-santos-emite-nota-oficial-direcionada-ao-clube\/"},"author":{"name":"Bruno Zanchetta","@id":"https:\/\/www.gaveanews.com\/#\/schema\/person\/32fddefab25b466689f181be346cd98c"},"headline":"Torcida do Santos emite nota oficial direcionada ao clube","datePublished":"2024-11-12T18:25:00+00:00","mainEntityOfPage":{"@id":"https:\/\/www.gaveanews.com\/index.php\/2024\/11\/12\/torcida-do-santos-emite-nota-oficial-direcionada-ao-clube\/"},"wordCount":1516,"commentCount":0,"image":{"@id":"https:\/\/www.gaveanews.com\/index.php\/2024\/11\/12\/torcida-do-santos-emite-nota-oficial-direcionada-ao-clube\/#primaryimage"},"thumbnailUrl":"https:\/\/www.gaveanews.com\/wp-content\/uploads\/Escudo-do-Santos-1.webp","articleSection":["Santos"],"inLanguage":"pt-BR","potentialAction":[{"@type":"CommentAction","name":"Comment","target":["https:\/\/www.gaveanews.com\/index.php\/2024\/11\/12\/torcida-do-santos-emite-nota-oficial-direcionada-ao-clube\/#respond"]}],"copyrightYear":"2024","copyrightHolder":{"@id":"https:\/\/www.gaveanews.com\/#organization"}},{"@type":"WebPage","@id":"https:\/\/www.gaveanews.com\/index.php\/2024\/11\/12\/torcida-do-santos-emite-nota-oficial-direcionada-ao-clube\/","url":"https:\/\/www.gaveanews.com\/index.php\/2024\/11\/12\/torcida-do-santos-emite-nota-oficial-direcionada-ao-clube\/","name":"Torcida do Santos emite nota oficial direcionada ao clube","isPartOf":{"@id":"https:\/\/www.gaveanews.com\/#website"},"primaryImageOfPage":{"@id":"https:\/\/www.gaveanews.com\/index.php\/2024\/11\/12\/torcida-do-santos-emite-nota-oficial-direcionada-ao-clube\/#primaryimage"},"image":{"@id":"https:\/\/www.gaveanews.com\/index.php\/2024\/11\/12\/torcida-do-santos-emite-nota-oficial-direcionada-ao-clube\/#primaryimage"},"thumbnailUrl":"https:\/\/www.gaveanews.com\/wp-content\/uploads\/Escudo-do-Santos-1.webp","datePublished":"2024-11-12T18:25:00+00:00","author":{"@id":"https:\/\/www.gaveanews.com\/#\/schema\/person\/32fddefab25b466689f181be346cd98c"},"breadcrumb":{"@id":"https:\/\/www.gaveanews.com\/index.php\/2024\/11\/12\/torcida-do-santos-emite-nota-oficial-direcionada-ao-clube\/#breadcrumb"},"inLanguage":"pt-BR","potentialAction":[{"@type":"ReadAction","target":["https:\/\/www.gaveanews.com\/index.php\/2024\/11\/12\/torcida-do-santos-emite-nota-oficial-direcionada-ao-clube\/"]}]},{"@type":"ImageObject","inLanguage":"pt-BR","@id":"https:\/\/www.gaveanews.com\/index.php\/2024\/11\/12\/torcida-do-santos-emite-nota-oficial-direcionada-ao-clube\/#primaryimage","url":"https:\/\/www.gaveanews.com\/wp-content\/uploads\/Escudo-do-Santos-1.webp","contentUrl":"https:\/\/www.gaveanews.com\/wp-content\/uploads\/Escudo-do-Santos-1.webp","width":1300,"height":1056,"caption":"Escudo do Santos (Foto: Reprodu\u00e7\u00e3o\/Instagram)"},{"@type":"BreadcrumbList","@id":"https:\/\/www.gaveanews.com\/index.php\/2024\/11\/12\/torcida-do-santos-emite-nota-oficial-direcionada-ao-clube\/#breadcrumb","itemListElement":[{"@type":"ListItem","position":1,"name":"Home","item":"https:\/\/www.gaveanews.com\/"},{"@type":"ListItem","position":2,"name":"Torcida do Santos emite nota oficial direcionada ao clube"}]},{"@type":"WebSite","@id":"https:\/\/www.gaveanews.com\/#website","url":"https:\/\/www.gaveanews.com\/","name":"G\u00e1vea News","description":"Veja todas as not\u00edcias sobre o Flamengo: Contrata\u00e7\u00f5es, categorias de base, resultados das partidas, tabela de classifica\u00e7\u00e3o, pr\u00f3ximos jogos!","potentialAction":[{"@type":"SearchAction","target":{"@type":"EntryPoint","urlTemplate":"https:\/\/www.gaveanews.com\/?s={search_term_string}"},"query-input":{"@type":"PropertyValueSpecification","valueRequired":true,"valueName":"search_term_string"}}],"inLanguage":"pt-BR"},{"@type":"Person","@id":"https:\/\/www.gaveanews.com\/#\/schema\/person\/32fddefab25b466689f181be346cd98c","name":"Bruno Zanchetta","image":{"@type":"ImageObject","inLanguage":"pt-BR","@id":"https:\/\/www.gaveanews.com\/#\/schema\/person\/image\/","url":"https:\/\/secure.gravatar.com\/avatar\/3ba2d39f8a912ad65276975a996d6ad8d9e3dd13448684be8dc4d7c17099d2ee?s=96&d=mm&r=g","contentUrl":"https:\/\/secure.gravatar.com\/avatar\/3ba2d39f8a912ad65276975a996d6ad8d9e3dd13448684be8dc4d7c17099d2ee?s=96&d=mm&r=g","caption":"Bruno Zanchetta"}}]}},"_links":{"self":[{"href":"https:\/\/www.gaveanews.com\/index.php\/wp-json\/wp\/v2\/posts\/184249","targetHints":{"allow":["GET"]}}],"collection":[{"href":"https:\/\/www.gaveanews.com\/index.php\/wp-json\/wp\/v2\/posts"}],"about":[{"href":"https:\/\/www.gaveanews.com\/index.php\/wp-json\/wp\/v2\/types\/post"}],"author":[{"embeddable":true,"href":"https:\/\/www.gaveanews.com\/index.php\/wp-json\/wp\/v2\/users\/19"}],"replies":[{"embeddable":true,"href":"https:\/\/www.gaveanews.com\/index.php\/wp-json\/wp\/v2\/comments?post=184249"}],"version-history":[{"count":2,"href":"https:\/\/www.gaveanews.com\/index.php\/wp-json\/wp\/v2\/posts\/184249\/revisions"}],"predecessor-version":[{"id":184323,"href":"https:\/\/www.gaveanews.com\/index.php\/wp-json\/wp\/v2\/posts\/184249\/revisions\/184323"}],"wp:featuredmedia":[{"embeddable":true,"href":"https:\/\/www.gaveanews.com\/index.php\/wp-json\/wp\/v2\/media\/152156"}],"wp:attachment":[{"href":"https:\/\/www.gaveanews.com\/index.php\/wp-json\/wp\/v2\/media?parent=184249"}],"wp:term":[{"taxonomy":"category","embeddable":true,"href":"https:\/\/www.gaveanews.com\/index.php\/wp-json\/wp\/v2\/categories?post=184249"},{"taxonomy":"post_tag","embeddable":true,"href":"https:\/\/www.gaveanews.com\/index.php\/wp-json\/wp\/v2\/tags?post=184249"}],"curies":[{"name":"wp","href":"https:\/\/api.w.org\/{rel}","templated":true}]}}