{"id":184263,"date":"2024-11-12T16:40:00","date_gmt":"2024-11-12T19:40:00","guid":{"rendered":"https:\/\/www.gaveanews.com\/?p=184263"},"modified":"2024-11-12T16:21:14","modified_gmt":"2024-11-12T19:21:14","slug":"publicacao-realizada-pelo-atletico-mg-deixa-sua-propria-torcida-revoltada","status":"publish","type":"post","link":"https:\/\/www.gaveanews.com\/index.php\/2024\/11\/12\/publicacao-realizada-pelo-atletico-mg-deixa-sua-propria-torcida-revoltada\/","title":{"rendered":"Publica\u00e7\u00e3o realizada pelo Atl\u00e9tico-MG deixa sua pr\u00f3pria torcida revoltada"},"content":{"rendered":"\n<p>Ap\u00f3s a derrota do Atl\u00e9tico para o Flamengo na final da Copa do Brasil, ocorrida na Arena MRV, em Belo Horizonte, o clube mineiro publicou em seu site oficial que &#8220;dominou&#8221; o advers\u00e1rio durante o confronto realizado no domingo, 10 de novembro, mesmo com o placar adverso de 1 a 0.<\/p>\n\n\n\n<ul class=\"wp-block-list\">\n<li><a href=\"https:\/\/www.gaveanews.com\/index.php\/2024\/11\/12\/a-declaracao-de-mauro-cezar-pereira-direcionada-ao-atletico-mg\/\">A declara\u00e7\u00e3o de Mauro Cezar Pereira direcionada ao Atl\u00e9tico-MG<\/a><\/li>\n\n\n\n<li><a href=\"https:\/\/www.gaveanews.com\/index.php\/2024\/11\/12\/dois-times-da-europa-querem-contratar-meia-atacante-do-atletico-mg\/\">Dois times da Europa querem contratar meia-atacante do Atl\u00e9tico-MG<\/a><\/li>\n<\/ul>\n\n\n\n<p>Em nota divulgada logo ap\u00f3s o t\u00e9rmino da partida, com o t\u00edtulo &#8220;Galo \u00e9 vice-campe\u00e3o da Copa do Brasil&#8221;, o Atl\u00e9tico-MG destacou o desempenho da equipe. O texto relata que o gol da vit\u00f3ria do Flamengo foi marcado por Plata j\u00e1 nos momentos finais, quando o Atl\u00e9tico se lan\u00e7ou ao ataque em busca do empate e da virada.<\/p>\n\n\n\n<p>Al\u00e9m disso, a publica\u00e7\u00e3o tamb\u00e9m exaltou a atua\u00e7\u00e3o do goleiro Everson, que impediu uma derrota mais expressiva ao realizar ao menos quatro defesas decisivas, evitando que o Flamengo ampliasse o placar e garantisse uma vit\u00f3ria mais confort\u00e1vel.<\/p>\n\n\n\n<p>Nas redes sociais, a escolha das palavras no comunicado causou pol\u00eamica entre os torcedores. Muitos atleticanos expressaram indigna\u00e7\u00e3o com o uso do termo &#8220;dominou&#8221; para descrever o desempenho do time na partida.<\/p>\n\n\n\n<p>Entre os coment\u00e1rios, alguns torcedores consideraram a express\u00e3o uma falta de respeito. Assim, houve quem destacasse que muitos pagaram alto para acompanhar o jogo ao vivo na Arena MRV. Em uma rede social, um torcedor escreveu que essa linguagem &#8220;desrespeitava a torcida&#8221;.<\/p>\n\n\n\n<h2 class=\"wp-block-heading\" id=\"h-jornalista-criticou-atitude-do-atletico-mg\">Jornalista criticou atitude do Atl\u00e9tico-MG<\/h2>\n\n\n\n<p>Al\u00e9m das cr\u00edticas dos torcedores, o jornalista Mauro Cezar Pereira tamb\u00e9m demonstrou insatisfa\u00e7\u00e3o com a postura do clube durante a celebra\u00e7\u00e3o do t\u00edtulo pelo Flamengo. Segundo Mauro Cezar, o Atl\u00e9tico teria mantido o hino do time tocando no sistema de som da Arena MRV enquanto o Flamengo recebia a ta\u00e7a. Isso acabou gerando um clima desconfort\u00e1vel no est\u00e1dio.<\/p>\n\n\n\n<p>Durante uma transmiss\u00e3o ao vivo no YouTube, ap\u00f3s a partida, o jornalista criticou a atitude do Atl\u00e9tico e dos torcedores que, al\u00e9m do som ambiente, lan\u00e7aram objetos e fogos em dire\u00e7\u00e3o ao campo. Mauro considerou o gesto constrangedor, apontando que o hino ao fundo enquanto o Flamengo celebrava poderia ser interpretado como uma atitude inadequada.<\/p>\n\n\n\n<p>\u201cNeg\u00f3cio meio pat\u00e9tico, n\u00e9? Flamengo recebendo trof\u00e9u e ao fundo o sistema de som da Arena MRV tocando o hino do vice campe\u00e3o. Uma coisa muito constrangedora, que coisa pequena\u2026 Que espet\u00e1culo lastim\u00e1vel daqueles torcedores do Atl\u00e9tico, esse hino no final. Perdeu de novo o Galo para o Flamengo, mais uma vez\u201d, disparou ele.<\/p>\n","protected":false},"excerpt":{"rendered":"<p>Ap\u00f3s a derrota do Atl\u00e9tico para o Flamengo na final da Copa do Brasil, ocorrida na Arena MRV, em Belo Horizonte, o clube mineiro publicou em seu site oficial que &#8220;dominou&#8221; o advers\u00e1rio durante o confronto realizado no domingo, 10 de novembro, mesmo com o placar adverso de 1 a 0. Em nota divulgada logo [&hellip;]<\/p>\n","protected":false},"author":28,"featured_media":171939,"comment_status":"open","ping_status":"closed","sticky":false,"template":"","format":"standard","meta":{"footnotes":""},"categories":[136],"tags":[],"class_list":["post-184263","post","type-post","status-publish","format-standard","has-post-thumbnail","hentry","category-atletico-mg"],"yoast_head":"<!-- This site is optimized with the Yoast SEO Premium plugin v24.2 (Yoast SEO v26.9) - https:\/\/yoast.com\/product\/yoast-seo-premium-wordpress\/ -->\n<title>Publica\u00e7\u00e3o realizada pelo Atl\u00e9tico-MG deixa sua pr\u00f3pria torcida revoltada<\/title>\n<meta name=\"robots\" content=\"index, follow, max-snippet:-1, max-image-preview:large, max-video-preview:-1\" \/>\n<link rel=\"canonical\" href=\"https:\/\/www.gaveanews.com\/index.php\/2024\/11\/12\/publicacao-realizada-pelo-atletico-mg-deixa-sua-propria-torcida-revoltada\/\" \/>\n<meta property=\"og:locale\" content=\"pt_BR\" \/>\n<meta property=\"og:type\" content=\"article\" \/>\n<meta property=\"og:title\" content=\"Publica\u00e7\u00e3o realizada pelo Atl\u00e9tico-MG deixa sua pr\u00f3pria torcida revoltada\" \/>\n<meta property=\"og:description\" content=\"Ap\u00f3s a derrota do Atl\u00e9tico para o Flamengo na final da Copa do Brasil, ocorrida na Arena MRV, em Belo Horizonte, o clube mineiro publicou em seu site oficial que &#8220;dominou&#8221; o advers\u00e1rio durante o confronto realizado no domingo, 10 de novembro, mesmo com o placar adverso de 1 a 0. Em nota divulgada logo [&hellip;]\" \/>\n<meta property=\"og:url\" content=\"https:\/\/www.gaveanews.com\/index.php\/2024\/11\/12\/publicacao-realizada-pelo-atletico-mg-deixa-sua-propria-torcida-revoltada\/\" \/>\n<meta property=\"og:site_name\" content=\"G\u00e1vea News\" \/>\n<meta property=\"article:publisher\" content=\"https:\/\/facebook.com\/gaveaNews\/\" \/>\n<meta property=\"article:published_time\" content=\"2024-11-12T19:40:00+00:00\" \/>\n<meta property=\"og:image\" content=\"https:\/\/www.gaveanews.com\/wp-content\/uploads\/Hulk-Paulinho-e-Arana-comemoram-gol-do-Atletico-MG.webp\" \/>\n\t<meta property=\"og:image:width\" content=\"774\" \/>\n\t<meta property=\"og:image:height\" content=\"516\" \/>\n\t<meta property=\"og:image:type\" content=\"image\/webp\" \/>\n<meta name=\"author\" content=\"Hudson Pereira\" \/>\n<meta name=\"twitter:card\" content=\"summary_large_image\" \/>\n<meta name=\"twitter:label1\" content=\"Escrito por\" \/>\n\t<meta name=\"twitter:data1\" content=\"Hudson Pereira\" \/>\n\t<meta name=\"twitter:label2\" content=\"Est. tempo de leitura\" \/>\n\t<meta name=\"twitter:data2\" content=\"3 minutos\" \/>\n<script type=\"application\/ld+json\" class=\"yoast-schema-graph\">{\"@context\":\"https:\/\/schema.org\",\"@graph\":[{\"@type\":\"NewsArticle\",\"@id\":\"https:\/\/www.gaveanews.com\/index.php\/2024\/11\/12\/publicacao-realizada-pelo-atletico-mg-deixa-sua-propria-torcida-revoltada\/#article\",\"isPartOf\":{\"@id\":\"https:\/\/www.gaveanews.com\/index.php\/2024\/11\/12\/publicacao-realizada-pelo-atletico-mg-deixa-sua-propria-torcida-revoltada\/\"},\"author\":{\"name\":\"Hudson Pereira\",\"@id\":\"https:\/\/www.gaveanews.com\/#\/schema\/person\/bd08f00534b403119b92741a6d469ef0\"},\"headline\":\"Publica\u00e7\u00e3o realizada pelo Atl\u00e9tico-MG deixa sua pr\u00f3pria torcida revoltada\",\"datePublished\":\"2024-11-12T19:40:00+00:00\",\"mainEntityOfPage\":{\"@id\":\"https:\/\/www.gaveanews.com\/index.php\/2024\/11\/12\/publicacao-realizada-pelo-atletico-mg-deixa-sua-propria-torcida-revoltada\/\"},\"wordCount\":466,\"commentCount\":0,\"image\":{\"@id\":\"https:\/\/www.gaveanews.com\/index.php\/2024\/11\/12\/publicacao-realizada-pelo-atletico-mg-deixa-sua-propria-torcida-revoltada\/#primaryimage\"},\"thumbnailUrl\":\"https:\/\/www.gaveanews.com\/wp-content\/uploads\/Hulk-Paulinho-e-Arana-comemoram-gol-do-Atletico-MG.webp\",\"articleSection\":[\"Atl\u00e9tico-MG\"],\"inLanguage\":\"pt-BR\",\"potentialAction\":[{\"@type\":\"CommentAction\",\"name\":\"Comment\",\"target\":[\"https:\/\/www.gaveanews.com\/index.php\/2024\/11\/12\/publicacao-realizada-pelo-atletico-mg-deixa-sua-propria-torcida-revoltada\/#respond\"]}],\"copyrightYear\":\"2024\",\"copyrightHolder\":{\"@id\":\"https:\/\/www.gaveanews.com\/#organization\"}},{\"@type\":\"WebPage\",\"@id\":\"https:\/\/www.gaveanews.com\/index.php\/2024\/11\/12\/publicacao-realizada-pelo-atletico-mg-deixa-sua-propria-torcida-revoltada\/\",\"url\":\"https:\/\/www.gaveanews.com\/index.php\/2024\/11\/12\/publicacao-realizada-pelo-atletico-mg-deixa-sua-propria-torcida-revoltada\/\",\"name\":\"Publica\u00e7\u00e3o realizada pelo Atl\u00e9tico-MG deixa sua pr\u00f3pria torcida revoltada\",\"isPartOf\":{\"@id\":\"https:\/\/www.gaveanews.com\/#website\"},\"primaryImageOfPage\":{\"@id\":\"https:\/\/www.gaveanews.com\/index.php\/2024\/11\/12\/publicacao-realizada-pelo-atletico-mg-deixa-sua-propria-torcida-revoltada\/#primaryimage\"},\"image\":{\"@id\":\"https:\/\/www.gaveanews.com\/index.php\/2024\/11\/12\/publicacao-realizada-pelo-atletico-mg-deixa-sua-propria-torcida-revoltada\/#primaryimage\"},\"thumbnailUrl\":\"https:\/\/www.gaveanews.com\/wp-content\/uploads\/Hulk-Paulinho-e-Arana-comemoram-gol-do-Atletico-MG.webp\",\"datePublished\":\"2024-11-12T19:40:00+00:00\",\"author\":{\"@id\":\"https:\/\/www.gaveanews.com\/#\/schema\/person\/bd08f00534b403119b92741a6d469ef0\"},\"breadcrumb\":{\"@id\":\"https:\/\/www.gaveanews.com\/index.php\/2024\/11\/12\/publicacao-realizada-pelo-atletico-mg-deixa-sua-propria-torcida-revoltada\/#breadcrumb\"},\"inLanguage\":\"pt-BR\",\"potentialAction\":[{\"@type\":\"ReadAction\",\"target\":[\"https:\/\/www.gaveanews.com\/index.php\/2024\/11\/12\/publicacao-realizada-pelo-atletico-mg-deixa-sua-propria-torcida-revoltada\/\"]}]},{\"@type\":\"ImageObject\",\"inLanguage\":\"pt-BR\",\"@id\":\"https:\/\/www.gaveanews.com\/index.php\/2024\/11\/12\/publicacao-realizada-pelo-atletico-mg-deixa-sua-propria-torcida-revoltada\/#primaryimage\",\"url\":\"https:\/\/www.gaveanews.com\/wp-content\/uploads\/Hulk-Paulinho-e-Arana-comemoram-gol-do-Atletico-MG.webp\",\"contentUrl\":\"https:\/\/www.gaveanews.com\/wp-content\/uploads\/Hulk-Paulinho-e-Arana-comemoram-gol-do-Atletico-MG.webp\",\"width\":774,\"height\":516,\"caption\":\"Hulk, Paulinho e Arana comemoram gol do Atl\u00e9tico-MG (Foto: Pedro Souza\/Atl\u00e9tico-MG)\"},{\"@type\":\"BreadcrumbList\",\"@id\":\"https:\/\/www.gaveanews.com\/index.php\/2024\/11\/12\/publicacao-realizada-pelo-atletico-mg-deixa-sua-propria-torcida-revoltada\/#breadcrumb\",\"itemListElement\":[{\"@type\":\"ListItem\",\"position\":1,\"name\":\"Home\",\"item\":\"https:\/\/www.gaveanews.com\/\"},{\"@type\":\"ListItem\",\"position\":2,\"name\":\"Publica\u00e7\u00e3o realizada pelo Atl\u00e9tico-MG deixa sua pr\u00f3pria torcida revoltada\"}]},{\"@type\":\"WebSite\",\"@id\":\"https:\/\/www.gaveanews.com\/#website\",\"url\":\"https:\/\/www.gaveanews.com\/\",\"name\":\"G\u00e1vea News\",\"description\":\"Veja todas as not\u00edcias sobre o Flamengo: Contrata\u00e7\u00f5es, categorias de base, resultados das partidas, tabela de classifica\u00e7\u00e3o, pr\u00f3ximos jogos!\",\"potentialAction\":[{\"@type\":\"SearchAction\",\"target\":{\"@type\":\"EntryPoint\",\"urlTemplate\":\"https:\/\/www.gaveanews.com\/?s={search_term_string}\"},\"query-input\":{\"@type\":\"PropertyValueSpecification\",\"valueRequired\":true,\"valueName\":\"search_term_string\"}}],\"inLanguage\":\"pt-BR\"},{\"@type\":\"Person\",\"@id\":\"https:\/\/www.gaveanews.com\/#\/schema\/person\/bd08f00534b403119b92741a6d469ef0\",\"name\":\"Hudson Pereira\",\"image\":{\"@type\":\"ImageObject\",\"inLanguage\":\"pt-BR\",\"@id\":\"https:\/\/www.gaveanews.com\/#\/schema\/person\/image\/\",\"url\":\"https:\/\/secure.gravatar.com\/avatar\/ecc491b489e454e510efffc9b23c1052ce5fb4f2e05555768ba65819cd55f03e?s=96&d=mm&r=g\",\"contentUrl\":\"https:\/\/secure.gravatar.com\/avatar\/ecc491b489e454e510efffc9b23c1052ce5fb4f2e05555768ba65819cd55f03e?s=96&d=mm&r=g\",\"caption\":\"Hudson Pereira\"}}]}<\/script>\n<!-- \/ Yoast SEO Premium plugin. -->","yoast_head_json":{"title":"Publica\u00e7\u00e3o realizada pelo Atl\u00e9tico-MG deixa sua pr\u00f3pria torcida revoltada","robots":{"index":"index","follow":"follow","max-snippet":"max-snippet:-1","max-image-preview":"max-image-preview:large","max-video-preview":"max-video-preview:-1"},"canonical":"https:\/\/www.gaveanews.com\/index.php\/2024\/11\/12\/publicacao-realizada-pelo-atletico-mg-deixa-sua-propria-torcida-revoltada\/","og_locale":"pt_BR","og_type":"article","og_title":"Publica\u00e7\u00e3o realizada pelo Atl\u00e9tico-MG deixa sua pr\u00f3pria torcida revoltada","og_description":"Ap\u00f3s a derrota do Atl\u00e9tico para o Flamengo na final da Copa do Brasil, ocorrida na Arena MRV, em Belo Horizonte, o clube mineiro publicou em seu site oficial que &#8220;dominou&#8221; o advers\u00e1rio durante o confronto realizado no domingo, 10 de novembro, mesmo com o placar adverso de 1 a 0. Em nota divulgada logo [&hellip;]","og_url":"https:\/\/www.gaveanews.com\/index.php\/2024\/11\/12\/publicacao-realizada-pelo-atletico-mg-deixa-sua-propria-torcida-revoltada\/","og_site_name":"G\u00e1vea News","article_publisher":"https:\/\/facebook.com\/gaveaNews\/","article_published_time":"2024-11-12T19:40:00+00:00","og_image":[{"width":774,"height":516,"url":"https:\/\/www.gaveanews.com\/wp-content\/uploads\/Hulk-Paulinho-e-Arana-comemoram-gol-do-Atletico-MG.webp","type":"image\/webp"}],"author":"Hudson Pereira","twitter_card":"summary_large_image","twitter_misc":{"Escrito por":"Hudson Pereira","Est. tempo de leitura":"3 minutos"},"schema":{"@context":"https:\/\/schema.org","@graph":[{"@type":"NewsArticle","@id":"https:\/\/www.gaveanews.com\/index.php\/2024\/11\/12\/publicacao-realizada-pelo-atletico-mg-deixa-sua-propria-torcida-revoltada\/#article","isPartOf":{"@id":"https:\/\/www.gaveanews.com\/index.php\/2024\/11\/12\/publicacao-realizada-pelo-atletico-mg-deixa-sua-propria-torcida-revoltada\/"},"author":{"name":"Hudson Pereira","@id":"https:\/\/www.gaveanews.com\/#\/schema\/person\/bd08f00534b403119b92741a6d469ef0"},"headline":"Publica\u00e7\u00e3o realizada pelo Atl\u00e9tico-MG deixa sua pr\u00f3pria torcida revoltada","datePublished":"2024-11-12T19:40:00+00:00","mainEntityOfPage":{"@id":"https:\/\/www.gaveanews.com\/index.php\/2024\/11\/12\/publicacao-realizada-pelo-atletico-mg-deixa-sua-propria-torcida-revoltada\/"},"wordCount":466,"commentCount":0,"image":{"@id":"https:\/\/www.gaveanews.com\/index.php\/2024\/11\/12\/publicacao-realizada-pelo-atletico-mg-deixa-sua-propria-torcida-revoltada\/#primaryimage"},"thumbnailUrl":"https:\/\/www.gaveanews.com\/wp-content\/uploads\/Hulk-Paulinho-e-Arana-comemoram-gol-do-Atletico-MG.webp","articleSection":["Atl\u00e9tico-MG"],"inLanguage":"pt-BR","potentialAction":[{"@type":"CommentAction","name":"Comment","target":["https:\/\/www.gaveanews.com\/index.php\/2024\/11\/12\/publicacao-realizada-pelo-atletico-mg-deixa-sua-propria-torcida-revoltada\/#respond"]}],"copyrightYear":"2024","copyrightHolder":{"@id":"https:\/\/www.gaveanews.com\/#organization"}},{"@type":"WebPage","@id":"https:\/\/www.gaveanews.com\/index.php\/2024\/11\/12\/publicacao-realizada-pelo-atletico-mg-deixa-sua-propria-torcida-revoltada\/","url":"https:\/\/www.gaveanews.com\/index.php\/2024\/11\/12\/publicacao-realizada-pelo-atletico-mg-deixa-sua-propria-torcida-revoltada\/","name":"Publica\u00e7\u00e3o realizada pelo Atl\u00e9tico-MG deixa sua pr\u00f3pria torcida revoltada","isPartOf":{"@id":"https:\/\/www.gaveanews.com\/#website"},"primaryImageOfPage":{"@id":"https:\/\/www.gaveanews.com\/index.php\/2024\/11\/12\/publicacao-realizada-pelo-atletico-mg-deixa-sua-propria-torcida-revoltada\/#primaryimage"},"image":{"@id":"https:\/\/www.gaveanews.com\/index.php\/2024\/11\/12\/publicacao-realizada-pelo-atletico-mg-deixa-sua-propria-torcida-revoltada\/#primaryimage"},"thumbnailUrl":"https:\/\/www.gaveanews.com\/wp-content\/uploads\/Hulk-Paulinho-e-Arana-comemoram-gol-do-Atletico-MG.webp","datePublished":"2024-11-12T19:40:00+00:00","author":{"@id":"https:\/\/www.gaveanews.com\/#\/schema\/person\/bd08f00534b403119b92741a6d469ef0"},"breadcrumb":{"@id":"https:\/\/www.gaveanews.com\/index.php\/2024\/11\/12\/publicacao-realizada-pelo-atletico-mg-deixa-sua-propria-torcida-revoltada\/#breadcrumb"},"inLanguage":"pt-BR","potentialAction":[{"@type":"ReadAction","target":["https:\/\/www.gaveanews.com\/index.php\/2024\/11\/12\/publicacao-realizada-pelo-atletico-mg-deixa-sua-propria-torcida-revoltada\/"]}]},{"@type":"ImageObject","inLanguage":"pt-BR","@id":"https:\/\/www.gaveanews.com\/index.php\/2024\/11\/12\/publicacao-realizada-pelo-atletico-mg-deixa-sua-propria-torcida-revoltada\/#primaryimage","url":"https:\/\/www.gaveanews.com\/wp-content\/uploads\/Hulk-Paulinho-e-Arana-comemoram-gol-do-Atletico-MG.webp","contentUrl":"https:\/\/www.gaveanews.com\/wp-content\/uploads\/Hulk-Paulinho-e-Arana-comemoram-gol-do-Atletico-MG.webp","width":774,"height":516,"caption":"Hulk, Paulinho e Arana comemoram gol do Atl\u00e9tico-MG (Foto: Pedro Souza\/Atl\u00e9tico-MG)"},{"@type":"BreadcrumbList","@id":"https:\/\/www.gaveanews.com\/index.php\/2024\/11\/12\/publicacao-realizada-pelo-atletico-mg-deixa-sua-propria-torcida-revoltada\/#breadcrumb","itemListElement":[{"@type":"ListItem","position":1,"name":"Home","item":"https:\/\/www.gaveanews.com\/"},{"@type":"ListItem","position":2,"name":"Publica\u00e7\u00e3o realizada pelo Atl\u00e9tico-MG deixa sua pr\u00f3pria torcida revoltada"}]},{"@type":"WebSite","@id":"https:\/\/www.gaveanews.com\/#website","url":"https:\/\/www.gaveanews.com\/","name":"G\u00e1vea News","description":"Veja todas as not\u00edcias sobre o Flamengo: Contrata\u00e7\u00f5es, categorias de base, resultados das partidas, tabela de classifica\u00e7\u00e3o, pr\u00f3ximos jogos!","potentialAction":[{"@type":"SearchAction","target":{"@type":"EntryPoint","urlTemplate":"https:\/\/www.gaveanews.com\/?s={search_term_string}"},"query-input":{"@type":"PropertyValueSpecification","valueRequired":true,"valueName":"search_term_string"}}],"inLanguage":"pt-BR"},{"@type":"Person","@id":"https:\/\/www.gaveanews.com\/#\/schema\/person\/bd08f00534b403119b92741a6d469ef0","name":"Hudson Pereira","image":{"@type":"ImageObject","inLanguage":"pt-BR","@id":"https:\/\/www.gaveanews.com\/#\/schema\/person\/image\/","url":"https:\/\/secure.gravatar.com\/avatar\/ecc491b489e454e510efffc9b23c1052ce5fb4f2e05555768ba65819cd55f03e?s=96&d=mm&r=g","contentUrl":"https:\/\/secure.gravatar.com\/avatar\/ecc491b489e454e510efffc9b23c1052ce5fb4f2e05555768ba65819cd55f03e?s=96&d=mm&r=g","caption":"Hudson Pereira"}}]}},"_links":{"self":[{"href":"https:\/\/www.gaveanews.com\/index.php\/wp-json\/wp\/v2\/posts\/184263","targetHints":{"allow":["GET"]}}],"collection":[{"href":"https:\/\/www.gaveanews.com\/index.php\/wp-json\/wp\/v2\/posts"}],"about":[{"href":"https:\/\/www.gaveanews.com\/index.php\/wp-json\/wp\/v2\/types\/post"}],"author":[{"embeddable":true,"href":"https:\/\/www.gaveanews.com\/index.php\/wp-json\/wp\/v2\/users\/28"}],"replies":[{"embeddable":true,"href":"https:\/\/www.gaveanews.com\/index.php\/wp-json\/wp\/v2\/comments?post=184263"}],"version-history":[{"count":2,"href":"https:\/\/www.gaveanews.com\/index.php\/wp-json\/wp\/v2\/posts\/184263\/revisions"}],"predecessor-version":[{"id":184352,"href":"https:\/\/www.gaveanews.com\/index.php\/wp-json\/wp\/v2\/posts\/184263\/revisions\/184352"}],"wp:featuredmedia":[{"embeddable":true,"href":"https:\/\/www.gaveanews.com\/index.php\/wp-json\/wp\/v2\/media\/171939"}],"wp:attachment":[{"href":"https:\/\/www.gaveanews.com\/index.php\/wp-json\/wp\/v2\/media?parent=184263"}],"wp:term":[{"taxonomy":"category","embeddable":true,"href":"https:\/\/www.gaveanews.com\/index.php\/wp-json\/wp\/v2\/categories?post=184263"},{"taxonomy":"post_tag","embeddable":true,"href":"https:\/\/www.gaveanews.com\/index.php\/wp-json\/wp\/v2\/tags?post=184263"}],"curies":[{"name":"wp","href":"https:\/\/api.w.org\/{rel}","templated":true}]}}