{"id":184284,"date":"2024-11-12T16:15:00","date_gmt":"2024-11-12T19:15:00","guid":{"rendered":"https:\/\/www.gaveanews.com\/?p=184284"},"modified":"2024-11-12T16:16:15","modified_gmt":"2024-11-12T19:16:15","slug":"atletico-mg-define-3-contratacoes-parar-2025","status":"publish","type":"post","link":"https:\/\/www.gaveanews.com\/index.php\/2024\/11\/12\/atletico-mg-define-3-contratacoes-parar-2025\/","title":{"rendered":"Atl\u00e9tico-MG define 3 contrata\u00e7\u00f5es parar 2025"},"content":{"rendered":"\n<p>O Atl\u00e9tico-MG est\u00e1 se preparando para a pr\u00f3xima temporada com foco em refor\u00e7ar o elenco e rejuvenescer o time. Al\u00e9m de garantir a perman\u00eancia de alguns jogadores importantes, o clube mineiro j\u00e1 acertou com novas contrata\u00e7\u00f5es que prometem dar mais vigor ao time.&nbsp;<\/p>\n\n\n\n<ul class=\"wp-block-list\">\n<li><a href=\"https:\/\/www.gaveanews.com\/index.php\/2024\/11\/12\/a-declaracao-de-mauro-cezar-pereira-direcionada-ao-atletico-mg\/\">A declara\u00e7\u00e3o de Mauro Cezar Pereira direcionada ao Atl\u00e9tico-MG<\/a><\/li>\n\n\n\n<li><a href=\"https:\/\/www.gaveanews.com\/index.php\/2024\/11\/12\/dois-times-da-europa-querem-contratar-meia-atacante-do-atletico-mg\/\">Dois times da Europa querem contratar meia-atacante do Atl\u00e9tico-MG<\/a><\/li>\n<\/ul>\n\n\n\n<p>O objetivo \u00e9 montar um elenco mais jovem e competitivo para 2025, e, por isso, o Galo tem se movimentado no mercado para fechar com atletas que tragam qualidade e energia ao time.<\/p>\n\n\n\n<h2 class=\"wp-block-heading\" id=\"h-contratacoes-de-willian-machado-e-bruno-fuchs\">Contrata\u00e7\u00f5es de Willian Machado e Bruno Fuchs<\/h2>\n\n\n\n<p>Uma das primeiras novidades para o Atl\u00e9tico-MG \u00e9 a contrata\u00e7\u00e3o do zagueiro Willian Machado. O defensor, de 27 anos, chega ao clube mineiro ap\u00f3s uma temporada s\u00f3lida com o Oper\u00e1rio-PR, onde disputou 46 jogos, marcou 2 gols e deu 1 assist\u00eancia.&nbsp;<\/p>\n\n\n\n<p>Com passagens por times como Botafogo-PB e Ferrovi\u00e1rio, Willian tem se destacado no futebol nacional, o que garantiu a sua ida para o Galo em 2025. O clube j\u00e1 tem um pr\u00e9-contrato assinado com o jogador, o que indica sua perman\u00eancia no elenco a partir do pr\u00f3ximo ano.&nbsp;<\/p>\n\n\n\n<figure class=\"wp-block-embed is-type-photo is-provider-flickr wp-block-embed-flickr\"><div class=\"wp-block-embed__wrapper\">\n<a href=\"https:\/\/www.flickr.com\/photos\/201155970@N03\/54134564137\/in\/dateposted-public\/\"><img loading=\"lazy\" decoding=\"async\" src=\"https:\/\/live.staticflickr.com\/65535\/54134564137_26dcd65941.webp\" alt=\"imagem_2024-11-12_161543816\" width=\"500\" height=\"333\" \/><\/a>\n<\/div><\/figure>\n\n\n\n<p>Al\u00e9m disso, o zagueiro Bruno Fuchs, que estava emprestado ao CSKA, da R\u00fassia, deve ser comprado pelo Atl\u00e9tico, consolidando a base defensiva do time para a temporada.<\/p>\n\n\n\n<h2 class=\"wp-block-heading\" id=\"h-reforco-para-o-ataque-gonzalo-tapia\">Refor\u00e7o para o ataque: Gonzalo Tapia<\/h2>\n\n\n\n<p>No setor ofensivo, o Atl\u00e9tico-MG tamb\u00e9m se prepara para uma grande mudan\u00e7a. O clube est\u00e1 perto de fechar a contrata\u00e7\u00e3o de Gonzalo Tapia, um jovem atacante de 22 anos que atualmente defende a Universidad Cat\u00f3lica, do Chile. Tapia tem sido um destaque no futebol chileno e, com sua chegada, o Galo busca dar mais velocidade e t\u00e9cnica ao seu ataque.&nbsp;<\/p>\n\n\n\n<p>Com a poss\u00edvel sa\u00edda de Eduardo Vargas, o time precisa de alternativas para fortalecer o setor ofensivo e alcan\u00e7ar bons resultados em 2025.<\/p>\n\n\n\n<h2 class=\"wp-block-heading\" id=\"h-renovacao-do-elenco-e-desafios-a-frente\">Renova\u00e7\u00e3o do elenco e desafios \u00e0 frente<\/h2>\n\n\n\n<p>Com essas contrata\u00e7\u00f5es, o Atl\u00e9tico-MG busca rejuvenescer o elenco e dar uma nova cara \u00e0 equipe para o pr\u00f3ximo ano. Isso \u00e9 importante n\u00e3o s\u00f3 para aumentar a competitividade dentro de campo, mas tamb\u00e9m para o futuro do clube, que visa dar mais chances para jogadores jovens.&nbsp;<\/p>\n\n\n\n<p>Cabe ressaltar que as negocia\u00e7\u00f5es ainda n\u00e3o foram confirmadas oficialmente, mas a expectativa \u00e9 que o Atl\u00e9tico finalize esses acordos em breve.<\/p>\n","protected":false},"excerpt":{"rendered":"<p>O Atl\u00e9tico-MG est\u00e1 se preparando para a pr\u00f3xima temporada com foco em refor\u00e7ar o elenco e rejuvenescer o time. Al\u00e9m de garantir a perman\u00eancia de alguns jogadores importantes, o clube mineiro j\u00e1 acertou com novas contrata\u00e7\u00f5es que prometem dar mais vigor ao time.&nbsp; O objetivo \u00e9 montar um elenco mais jovem e competitivo para 2025, [&hellip;]<\/p>\n","protected":false},"author":25,"featured_media":153999,"comment_status":"open","ping_status":"closed","sticky":false,"template":"","format":"standard","meta":{"footnotes":""},"categories":[136],"tags":[],"class_list":["post-184284","post","type-post","status-publish","format-standard","has-post-thumbnail","hentry","category-atletico-mg"],"yoast_head":"<!-- This site is optimized with the Yoast SEO Premium plugin v24.2 (Yoast SEO v26.9) - https:\/\/yoast.com\/product\/yoast-seo-premium-wordpress\/ -->\n<title>Atl\u00e9tico-MG define 3 contrata\u00e7\u00f5es parar 2025<\/title>\n<meta name=\"robots\" content=\"index, follow, max-snippet:-1, max-image-preview:large, max-video-preview:-1\" \/>\n<link rel=\"canonical\" href=\"https:\/\/www.gaveanews.com\/index.php\/2024\/11\/12\/atletico-mg-define-3-contratacoes-parar-2025\/\" \/>\n<meta property=\"og:locale\" content=\"pt_BR\" \/>\n<meta property=\"og:type\" content=\"article\" \/>\n<meta property=\"og:title\" content=\"Atl\u00e9tico-MG define 3 contrata\u00e7\u00f5es parar 2025\" \/>\n<meta property=\"og:description\" content=\"O Atl\u00e9tico-MG est\u00e1 se preparando para a pr\u00f3xima temporada com foco em refor\u00e7ar o elenco e rejuvenescer o time. Al\u00e9m de garantir a perman\u00eancia de alguns jogadores importantes, o clube mineiro j\u00e1 acertou com novas contrata\u00e7\u00f5es que prometem dar mais vigor ao time.&nbsp; O objetivo \u00e9 montar um elenco mais jovem e competitivo para 2025, [&hellip;]\" \/>\n<meta property=\"og:url\" content=\"https:\/\/www.gaveanews.com\/index.php\/2024\/11\/12\/atletico-mg-define-3-contratacoes-parar-2025\/\" \/>\n<meta property=\"og:site_name\" content=\"G\u00e1vea News\" \/>\n<meta property=\"article:publisher\" content=\"https:\/\/facebook.com\/gaveaNews\/\" \/>\n<meta property=\"article:published_time\" content=\"2024-11-12T19:15:00+00:00\" \/>\n<meta property=\"article:modified_time\" content=\"2024-11-12T19:16:15+00:00\" \/>\n<meta property=\"og:image\" content=\"https:\/\/www.gaveanews.com\/wp-content\/uploads\/Estadio-do-Atletico-MG.webp\" \/>\n\t<meta property=\"og:image:width\" content=\"900\" \/>\n\t<meta property=\"og:image:height\" content=\"600\" \/>\n\t<meta property=\"og:image:type\" content=\"image\/webp\" \/>\n<meta name=\"author\" content=\"Rafaela Ladeira\" \/>\n<meta name=\"twitter:card\" content=\"summary_large_image\" \/>\n<meta name=\"twitter:label1\" content=\"Escrito por\" \/>\n\t<meta name=\"twitter:data1\" content=\"Rafaela Ladeira\" \/>\n\t<meta name=\"twitter:label2\" content=\"Est. tempo de leitura\" \/>\n\t<meta name=\"twitter:data2\" content=\"3 minutos\" \/>\n<script type=\"application\/ld+json\" class=\"yoast-schema-graph\">{\"@context\":\"https:\/\/schema.org\",\"@graph\":[{\"@type\":\"NewsArticle\",\"@id\":\"https:\/\/www.gaveanews.com\/index.php\/2024\/11\/12\/atletico-mg-define-3-contratacoes-parar-2025\/#article\",\"isPartOf\":{\"@id\":\"https:\/\/www.gaveanews.com\/index.php\/2024\/11\/12\/atletico-mg-define-3-contratacoes-parar-2025\/\"},\"author\":{\"name\":\"Rafaela Ladeira\",\"@id\":\"https:\/\/www.gaveanews.com\/#\/schema\/person\/0eb3e3fe1754f0205218538adbe8f5ed\"},\"headline\":\"Atl\u00e9tico-MG define 3 contrata\u00e7\u00f5es parar 2025\",\"datePublished\":\"2024-11-12T19:15:00+00:00\",\"dateModified\":\"2024-11-12T19:16:15+00:00\",\"mainEntityOfPage\":{\"@id\":\"https:\/\/www.gaveanews.com\/index.php\/2024\/11\/12\/atletico-mg-define-3-contratacoes-parar-2025\/\"},\"wordCount\":429,\"commentCount\":0,\"image\":{\"@id\":\"https:\/\/www.gaveanews.com\/index.php\/2024\/11\/12\/atletico-mg-define-3-contratacoes-parar-2025\/#primaryimage\"},\"thumbnailUrl\":\"https:\/\/www.gaveanews.com\/wp-content\/uploads\/Estadio-do-Atletico-MG.webp\",\"articleSection\":[\"Atl\u00e9tico-MG\"],\"inLanguage\":\"pt-BR\",\"potentialAction\":[{\"@type\":\"CommentAction\",\"name\":\"Comment\",\"target\":[\"https:\/\/www.gaveanews.com\/index.php\/2024\/11\/12\/atletico-mg-define-3-contratacoes-parar-2025\/#respond\"]}],\"copyrightYear\":\"2024\",\"copyrightHolder\":{\"@id\":\"https:\/\/www.gaveanews.com\/#organization\"}},{\"@type\":\"WebPage\",\"@id\":\"https:\/\/www.gaveanews.com\/index.php\/2024\/11\/12\/atletico-mg-define-3-contratacoes-parar-2025\/\",\"url\":\"https:\/\/www.gaveanews.com\/index.php\/2024\/11\/12\/atletico-mg-define-3-contratacoes-parar-2025\/\",\"name\":\"Atl\u00e9tico-MG define 3 contrata\u00e7\u00f5es parar 2025\",\"isPartOf\":{\"@id\":\"https:\/\/www.gaveanews.com\/#website\"},\"primaryImageOfPage\":{\"@id\":\"https:\/\/www.gaveanews.com\/index.php\/2024\/11\/12\/atletico-mg-define-3-contratacoes-parar-2025\/#primaryimage\"},\"image\":{\"@id\":\"https:\/\/www.gaveanews.com\/index.php\/2024\/11\/12\/atletico-mg-define-3-contratacoes-parar-2025\/#primaryimage\"},\"thumbnailUrl\":\"https:\/\/www.gaveanews.com\/wp-content\/uploads\/Estadio-do-Atletico-MG.webp\",\"datePublished\":\"2024-11-12T19:15:00+00:00\",\"dateModified\":\"2024-11-12T19:16:15+00:00\",\"author\":{\"@id\":\"https:\/\/www.gaveanews.com\/#\/schema\/person\/0eb3e3fe1754f0205218538adbe8f5ed\"},\"breadcrumb\":{\"@id\":\"https:\/\/www.gaveanews.com\/index.php\/2024\/11\/12\/atletico-mg-define-3-contratacoes-parar-2025\/#breadcrumb\"},\"inLanguage\":\"pt-BR\",\"potentialAction\":[{\"@type\":\"ReadAction\",\"target\":[\"https:\/\/www.gaveanews.com\/index.php\/2024\/11\/12\/atletico-mg-define-3-contratacoes-parar-2025\/\"]}]},{\"@type\":\"ImageObject\",\"inLanguage\":\"pt-BR\",\"@id\":\"https:\/\/www.gaveanews.com\/index.php\/2024\/11\/12\/atletico-mg-define-3-contratacoes-parar-2025\/#primaryimage\",\"url\":\"https:\/\/www.gaveanews.com\/wp-content\/uploads\/Estadio-do-Atletico-MG.webp\",\"contentUrl\":\"https:\/\/www.gaveanews.com\/wp-content\/uploads\/Estadio-do-Atletico-MG.webp\",\"width\":900,\"height\":600,\"caption\":\"Arena MRV, est\u00e1dio do Atl\u00e9tico-MG (Foto: Reprodu\u00e7\u00e3o\/Atl\u00e9tico)\"},{\"@type\":\"BreadcrumbList\",\"@id\":\"https:\/\/www.gaveanews.com\/index.php\/2024\/11\/12\/atletico-mg-define-3-contratacoes-parar-2025\/#breadcrumb\",\"itemListElement\":[{\"@type\":\"ListItem\",\"position\":1,\"name\":\"Home\",\"item\":\"https:\/\/www.gaveanews.com\/\"},{\"@type\":\"ListItem\",\"position\":2,\"name\":\"Atl\u00e9tico-MG define 3 contrata\u00e7\u00f5es parar 2025\"}]},{\"@type\":\"WebSite\",\"@id\":\"https:\/\/www.gaveanews.com\/#website\",\"url\":\"https:\/\/www.gaveanews.com\/\",\"name\":\"G\u00e1vea News\",\"description\":\"Veja todas as not\u00edcias sobre o Flamengo: Contrata\u00e7\u00f5es, categorias de base, resultados das partidas, tabela de classifica\u00e7\u00e3o, pr\u00f3ximos jogos!\",\"potentialAction\":[{\"@type\":\"SearchAction\",\"target\":{\"@type\":\"EntryPoint\",\"urlTemplate\":\"https:\/\/www.gaveanews.com\/?s={search_term_string}\"},\"query-input\":{\"@type\":\"PropertyValueSpecification\",\"valueRequired\":true,\"valueName\":\"search_term_string\"}}],\"inLanguage\":\"pt-BR\"},{\"@type\":\"Person\",\"@id\":\"https:\/\/www.gaveanews.com\/#\/schema\/person\/0eb3e3fe1754f0205218538adbe8f5ed\",\"name\":\"Rafaela Ladeira\",\"image\":{\"@type\":\"ImageObject\",\"inLanguage\":\"pt-BR\",\"@id\":\"https:\/\/www.gaveanews.com\/#\/schema\/person\/image\/\",\"url\":\"https:\/\/secure.gravatar.com\/avatar\/c31f513acffd85eacab5730cbdfdbbf59f21ba5aeada8cd890acea879fbb2455?s=96&d=mm&r=g\",\"contentUrl\":\"https:\/\/secure.gravatar.com\/avatar\/c31f513acffd85eacab5730cbdfdbbf59f21ba5aeada8cd890acea879fbb2455?s=96&d=mm&r=g\",\"caption\":\"Rafaela Ladeira\"}}]}<\/script>\n<!-- \/ Yoast SEO Premium plugin. -->","yoast_head_json":{"title":"Atl\u00e9tico-MG define 3 contrata\u00e7\u00f5es parar 2025","robots":{"index":"index","follow":"follow","max-snippet":"max-snippet:-1","max-image-preview":"max-image-preview:large","max-video-preview":"max-video-preview:-1"},"canonical":"https:\/\/www.gaveanews.com\/index.php\/2024\/11\/12\/atletico-mg-define-3-contratacoes-parar-2025\/","og_locale":"pt_BR","og_type":"article","og_title":"Atl\u00e9tico-MG define 3 contrata\u00e7\u00f5es parar 2025","og_description":"O Atl\u00e9tico-MG est\u00e1 se preparando para a pr\u00f3xima temporada com foco em refor\u00e7ar o elenco e rejuvenescer o time. Al\u00e9m de garantir a perman\u00eancia de alguns jogadores importantes, o clube mineiro j\u00e1 acertou com novas contrata\u00e7\u00f5es que prometem dar mais vigor ao time.&nbsp; O objetivo \u00e9 montar um elenco mais jovem e competitivo para 2025, [&hellip;]","og_url":"https:\/\/www.gaveanews.com\/index.php\/2024\/11\/12\/atletico-mg-define-3-contratacoes-parar-2025\/","og_site_name":"G\u00e1vea News","article_publisher":"https:\/\/facebook.com\/gaveaNews\/","article_published_time":"2024-11-12T19:15:00+00:00","article_modified_time":"2024-11-12T19:16:15+00:00","og_image":[{"width":900,"height":600,"url":"https:\/\/www.gaveanews.com\/wp-content\/uploads\/Estadio-do-Atletico-MG.webp","type":"image\/webp"}],"author":"Rafaela Ladeira","twitter_card":"summary_large_image","twitter_misc":{"Escrito por":"Rafaela Ladeira","Est. tempo de leitura":"3 minutos"},"schema":{"@context":"https:\/\/schema.org","@graph":[{"@type":"NewsArticle","@id":"https:\/\/www.gaveanews.com\/index.php\/2024\/11\/12\/atletico-mg-define-3-contratacoes-parar-2025\/#article","isPartOf":{"@id":"https:\/\/www.gaveanews.com\/index.php\/2024\/11\/12\/atletico-mg-define-3-contratacoes-parar-2025\/"},"author":{"name":"Rafaela Ladeira","@id":"https:\/\/www.gaveanews.com\/#\/schema\/person\/0eb3e3fe1754f0205218538adbe8f5ed"},"headline":"Atl\u00e9tico-MG define 3 contrata\u00e7\u00f5es parar 2025","datePublished":"2024-11-12T19:15:00+00:00","dateModified":"2024-11-12T19:16:15+00:00","mainEntityOfPage":{"@id":"https:\/\/www.gaveanews.com\/index.php\/2024\/11\/12\/atletico-mg-define-3-contratacoes-parar-2025\/"},"wordCount":429,"commentCount":0,"image":{"@id":"https:\/\/www.gaveanews.com\/index.php\/2024\/11\/12\/atletico-mg-define-3-contratacoes-parar-2025\/#primaryimage"},"thumbnailUrl":"https:\/\/www.gaveanews.com\/wp-content\/uploads\/Estadio-do-Atletico-MG.webp","articleSection":["Atl\u00e9tico-MG"],"inLanguage":"pt-BR","potentialAction":[{"@type":"CommentAction","name":"Comment","target":["https:\/\/www.gaveanews.com\/index.php\/2024\/11\/12\/atletico-mg-define-3-contratacoes-parar-2025\/#respond"]}],"copyrightYear":"2024","copyrightHolder":{"@id":"https:\/\/www.gaveanews.com\/#organization"}},{"@type":"WebPage","@id":"https:\/\/www.gaveanews.com\/index.php\/2024\/11\/12\/atletico-mg-define-3-contratacoes-parar-2025\/","url":"https:\/\/www.gaveanews.com\/index.php\/2024\/11\/12\/atletico-mg-define-3-contratacoes-parar-2025\/","name":"Atl\u00e9tico-MG define 3 contrata\u00e7\u00f5es parar 2025","isPartOf":{"@id":"https:\/\/www.gaveanews.com\/#website"},"primaryImageOfPage":{"@id":"https:\/\/www.gaveanews.com\/index.php\/2024\/11\/12\/atletico-mg-define-3-contratacoes-parar-2025\/#primaryimage"},"image":{"@id":"https:\/\/www.gaveanews.com\/index.php\/2024\/11\/12\/atletico-mg-define-3-contratacoes-parar-2025\/#primaryimage"},"thumbnailUrl":"https:\/\/www.gaveanews.com\/wp-content\/uploads\/Estadio-do-Atletico-MG.webp","datePublished":"2024-11-12T19:15:00+00:00","dateModified":"2024-11-12T19:16:15+00:00","author":{"@id":"https:\/\/www.gaveanews.com\/#\/schema\/person\/0eb3e3fe1754f0205218538adbe8f5ed"},"breadcrumb":{"@id":"https:\/\/www.gaveanews.com\/index.php\/2024\/11\/12\/atletico-mg-define-3-contratacoes-parar-2025\/#breadcrumb"},"inLanguage":"pt-BR","potentialAction":[{"@type":"ReadAction","target":["https:\/\/www.gaveanews.com\/index.php\/2024\/11\/12\/atletico-mg-define-3-contratacoes-parar-2025\/"]}]},{"@type":"ImageObject","inLanguage":"pt-BR","@id":"https:\/\/www.gaveanews.com\/index.php\/2024\/11\/12\/atletico-mg-define-3-contratacoes-parar-2025\/#primaryimage","url":"https:\/\/www.gaveanews.com\/wp-content\/uploads\/Estadio-do-Atletico-MG.webp","contentUrl":"https:\/\/www.gaveanews.com\/wp-content\/uploads\/Estadio-do-Atletico-MG.webp","width":900,"height":600,"caption":"Arena MRV, est\u00e1dio do Atl\u00e9tico-MG (Foto: Reprodu\u00e7\u00e3o\/Atl\u00e9tico)"},{"@type":"BreadcrumbList","@id":"https:\/\/www.gaveanews.com\/index.php\/2024\/11\/12\/atletico-mg-define-3-contratacoes-parar-2025\/#breadcrumb","itemListElement":[{"@type":"ListItem","position":1,"name":"Home","item":"https:\/\/www.gaveanews.com\/"},{"@type":"ListItem","position":2,"name":"Atl\u00e9tico-MG define 3 contrata\u00e7\u00f5es parar 2025"}]},{"@type":"WebSite","@id":"https:\/\/www.gaveanews.com\/#website","url":"https:\/\/www.gaveanews.com\/","name":"G\u00e1vea News","description":"Veja todas as not\u00edcias sobre o Flamengo: Contrata\u00e7\u00f5es, categorias de base, resultados das partidas, tabela de classifica\u00e7\u00e3o, pr\u00f3ximos jogos!","potentialAction":[{"@type":"SearchAction","target":{"@type":"EntryPoint","urlTemplate":"https:\/\/www.gaveanews.com\/?s={search_term_string}"},"query-input":{"@type":"PropertyValueSpecification","valueRequired":true,"valueName":"search_term_string"}}],"inLanguage":"pt-BR"},{"@type":"Person","@id":"https:\/\/www.gaveanews.com\/#\/schema\/person\/0eb3e3fe1754f0205218538adbe8f5ed","name":"Rafaela Ladeira","image":{"@type":"ImageObject","inLanguage":"pt-BR","@id":"https:\/\/www.gaveanews.com\/#\/schema\/person\/image\/","url":"https:\/\/secure.gravatar.com\/avatar\/c31f513acffd85eacab5730cbdfdbbf59f21ba5aeada8cd890acea879fbb2455?s=96&d=mm&r=g","contentUrl":"https:\/\/secure.gravatar.com\/avatar\/c31f513acffd85eacab5730cbdfdbbf59f21ba5aeada8cd890acea879fbb2455?s=96&d=mm&r=g","caption":"Rafaela Ladeira"}}]}},"_links":{"self":[{"href":"https:\/\/www.gaveanews.com\/index.php\/wp-json\/wp\/v2\/posts\/184284","targetHints":{"allow":["GET"]}}],"collection":[{"href":"https:\/\/www.gaveanews.com\/index.php\/wp-json\/wp\/v2\/posts"}],"about":[{"href":"https:\/\/www.gaveanews.com\/index.php\/wp-json\/wp\/v2\/types\/post"}],"author":[{"embeddable":true,"href":"https:\/\/www.gaveanews.com\/index.php\/wp-json\/wp\/v2\/users\/25"}],"replies":[{"embeddable":true,"href":"https:\/\/www.gaveanews.com\/index.php\/wp-json\/wp\/v2\/comments?post=184284"}],"version-history":[{"count":2,"href":"https:\/\/www.gaveanews.com\/index.php\/wp-json\/wp\/v2\/posts\/184284\/revisions"}],"predecessor-version":[{"id":184365,"href":"https:\/\/www.gaveanews.com\/index.php\/wp-json\/wp\/v2\/posts\/184284\/revisions\/184365"}],"wp:featuredmedia":[{"embeddable":true,"href":"https:\/\/www.gaveanews.com\/index.php\/wp-json\/wp\/v2\/media\/153999"}],"wp:attachment":[{"href":"https:\/\/www.gaveanews.com\/index.php\/wp-json\/wp\/v2\/media?parent=184284"}],"wp:term":[{"taxonomy":"category","embeddable":true,"href":"https:\/\/www.gaveanews.com\/index.php\/wp-json\/wp\/v2\/categories?post=184284"},{"taxonomy":"post_tag","embeddable":true,"href":"https:\/\/www.gaveanews.com\/index.php\/wp-json\/wp\/v2\/tags?post=184284"}],"curies":[{"name":"wp","href":"https:\/\/api.w.org\/{rel}","templated":true}]}}