{"id":184349,"date":"2024-11-12T19:25:00","date_gmt":"2024-11-12T22:25:00","guid":{"rendered":"https:\/\/www.gaveanews.com\/?p=184349"},"modified":"2024-11-12T19:01:22","modified_gmt":"2024-11-12T22:01:22","slug":"a-declaracao-de-lucas-moura-direcionada-a-dorival-junior","status":"publish","type":"post","link":"https:\/\/www.gaveanews.com\/index.php\/2024\/11\/12\/a-declaracao-de-lucas-moura-direcionada-a-dorival-junior\/","title":{"rendered":"A declara\u00e7\u00e3o de Lucas Moura direcionada a Dorival J\u00fanior"},"content":{"rendered":"\n<p>Em uma conversa sincera e cheia de admira\u00e7\u00e3o, Lucas Moura revelou detalhes sobre sua rela\u00e7\u00e3o com Dorival J\u00fanior, o t\u00e9cnico respons\u00e1vel por gui\u00e1-lo e ao S\u00e3o Paulo ao t\u00edtulo in\u00e9dito da Copa do Brasil em 2023. Em entrevista ao &#8220;Charla Podcast&#8221;, o atacante destacou as qualidades de Dorival, tanto como treinador quanto como gestor, explicando por que ele \u00e9 um dos profissionais mais respeitados do futebol brasileiro.<\/p>\n\n\n\n<ul class=\"wp-block-list\">\n<li><a href=\"https:\/\/www.gaveanews.com\/index.php\/2024\/11\/12\/1-bilhao-presidente-confirma-e-time-de-sao-paulo-vai-tornar-se-a-maior-saf-do-brasil\/\">1 bilh\u00e3o! Presidente confirma e time de S\u00e3o Paulo vai tornar-se a maior SAF do Brasil<\/a><\/li>\n\n\n\n<li><a href=\"https:\/\/www.gaveanews.com\/index.php\/2024\/11\/12\/dor-de-cabeca-para-zubeldia-declaracao-de-denilson-e-declaracao-de-dirigente-as-ultimas-noticias-do-sao-paulo\/\">Dor de cabe\u00e7a para Zubeld\u00eda, declara\u00e7\u00e3o de Den\u00edlson e Declara\u00e7\u00e3o de dirigente: as \u00faltimas not\u00edcias do S\u00e3o Paulo<\/a><\/li>\n<\/ul>\n\n\n\n<h2 class=\"wp-block-heading\" id=\"h-a-influencia-de-dorival-no-retorno-ao-sao-paulo\">A influ\u00eancia de Dorival no retorno ao S\u00e3o Paulo<\/h2>\n\n\n\n<p>Lucas Moura n\u00e3o esconde sua admira\u00e7\u00e3o por Dorival J\u00fanior e revelou que o treinador teve papel crucial em sua decis\u00e3o de retornar ao S\u00e3o Paulo. O atacante observava de longe o trabalho do t\u00e9cnico e ficou impressionado com a atmosfera positiva do time. <\/p>\n\n\n\n<p>\u2014 <em>O Dorival, al\u00e9m de um grande treinador, ele \u00e9 um grande gestor, ser humano. Antes de assinar com o SPFC, eu assistia os jogos e sentia que estava bacana a atmosfera, o grupo vinha jogando bem, e isso mexeu comigo para poder voltar<\/em> -, afirmou Lucas.<\/p>\n\n\n\n<p>Al\u00e9m disso, o jogador fez quest\u00e3o de destacar a transpar\u00eancia e o bom relacionamento de Dorival com o elenco. &#8220;Um cara muito transparente, do bem, e que sabia lidar com o grupo. Ele tem muita participa\u00e7\u00e3o no t\u00edtulo (Copa do Brasil)&#8221;, acrescentou o camisa 7.<\/p>\n\n\n\n<h2 class=\"wp-block-heading\" id=\"h-novo-comando-da-selecao-e-a-escolha-por-dorival\">Novo comando da sele\u00e7\u00e3o e a escolha por Dorival<\/h2>\n\n\n\n<p>Ap\u00f3s o t\u00edtulo com o S\u00e3o Paulo, Dorival J\u00fanior aceitou o convite para assumir a sele\u00e7\u00e3o brasileira, substituindo Fernando Diniz. Isso aconteceu depois da negativa de Carlo Ancelotti, que era a primeira op\u00e7\u00e3o da CBF. Portanto, o sucesso de Dorival no comando do S\u00e3o Paulo foi determinante para sua escolha.<\/p>\n\n\n\n<h2 class=\"wp-block-heading\" id=\"h-elogios-tambem-ao-novo-comandante-zubeldia\">Elogios tamb\u00e9m ao novo comandante Zubeld\u00eda<\/h2>\n\n\n\n<p>Lucas Moura n\u00e3o poupou elogios ao falar de Luis Zubeld\u00eda, atual t\u00e9cnico do S\u00e3o Paulo. O atacante se mostrou impressionado com a postura do argentino, destacando sua energia e o profundo conhecimento sobre a hist\u00f3ria do clube. <\/p>\n\n\n\n<p>\u2014 <em>Al\u00e9m de um grande treinador, \u00e9 uma pessoa nota mil, vibrante. O que impressionou quando ele chegou \u00e9 que j\u00e1 sabia a hist\u00f3ria do SPFC. Ele entende a tradi\u00e7\u00e3o do clube e vibra muito. O dia a dia com ele \u00e9 muito bacana <\/em>-, afirmou Lucas.<\/p>\n\n\n\n<p>Com isso, fica claro o apre\u00e7o de Lucas Moura pelos profissionais com quem trabalha. Sendo assim, o atacante mostra sua gratid\u00e3o e respeito por aqueles que ajudam a construir o sucesso do Tricolor Paulista.<\/p>\n","protected":false},"excerpt":{"rendered":"<p>Em uma conversa sincera e cheia de admira\u00e7\u00e3o, Lucas Moura revelou detalhes sobre sua rela\u00e7\u00e3o com Dorival J\u00fanior, o t\u00e9cnico respons\u00e1vel por gui\u00e1-lo e ao S\u00e3o Paulo ao t\u00edtulo in\u00e9dito da Copa do Brasil em 2023. Em entrevista ao &#8220;Charla Podcast&#8221;, o atacante destacou as qualidades de Dorival, tanto como treinador quanto como gestor, explicando [&hellip;]<\/p>\n","protected":false},"author":24,"featured_media":143197,"comment_status":"open","ping_status":"closed","sticky":false,"template":"","format":"standard","meta":{"footnotes":""},"categories":[151],"tags":[],"class_list":["post-184349","post","type-post","status-publish","format-standard","has-post-thumbnail","hentry","category-sao-paulo"],"yoast_head":"<!-- This site is optimized with the Yoast SEO Premium plugin v24.2 (Yoast SEO v26.9) - https:\/\/yoast.com\/product\/yoast-seo-premium-wordpress\/ -->\n<title>A declara\u00e7\u00e3o de Lucas Moura direcionada a Dorival J\u00fanior<\/title>\n<meta name=\"robots\" content=\"index, follow, max-snippet:-1, max-image-preview:large, max-video-preview:-1\" \/>\n<link rel=\"canonical\" href=\"https:\/\/www.gaveanews.com\/index.php\/2024\/11\/12\/a-declaracao-de-lucas-moura-direcionada-a-dorival-junior\/\" \/>\n<meta property=\"og:locale\" content=\"pt_BR\" \/>\n<meta property=\"og:type\" content=\"article\" \/>\n<meta property=\"og:title\" content=\"A declara\u00e7\u00e3o de Lucas Moura direcionada a Dorival J\u00fanior\" \/>\n<meta property=\"og:description\" content=\"Em uma conversa sincera e cheia de admira\u00e7\u00e3o, Lucas Moura revelou detalhes sobre sua rela\u00e7\u00e3o com Dorival J\u00fanior, o t\u00e9cnico respons\u00e1vel por gui\u00e1-lo e ao S\u00e3o Paulo ao t\u00edtulo in\u00e9dito da Copa do Brasil em 2023. Em entrevista ao &#8220;Charla Podcast&#8221;, o atacante destacou as qualidades de Dorival, tanto como treinador quanto como gestor, explicando [&hellip;]\" \/>\n<meta property=\"og:url\" content=\"https:\/\/www.gaveanews.com\/index.php\/2024\/11\/12\/a-declaracao-de-lucas-moura-direcionada-a-dorival-junior\/\" \/>\n<meta property=\"og:site_name\" content=\"G\u00e1vea News\" \/>\n<meta property=\"article:publisher\" content=\"https:\/\/facebook.com\/gaveaNews\/\" \/>\n<meta property=\"article:published_time\" content=\"2024-11-12T22:25:00+00:00\" \/>\n<meta property=\"og:image\" content=\"https:\/\/www.gaveanews.com\/wp-content\/uploads\/lucas-moura-sao-paulo-2-860x484-1.webp\" \/>\n\t<meta property=\"og:image:width\" content=\"860\" \/>\n\t<meta property=\"og:image:height\" content=\"484\" \/>\n\t<meta property=\"og:image:type\" content=\"image\/webp\" \/>\n<meta name=\"author\" content=\"Leandro Cardoso\" \/>\n<meta name=\"twitter:card\" content=\"summary_large_image\" \/>\n<meta name=\"twitter:label1\" content=\"Escrito por\" \/>\n\t<meta name=\"twitter:data1\" content=\"Leandro Cardoso\" \/>\n\t<meta name=\"twitter:label2\" content=\"Est. tempo de leitura\" \/>\n\t<meta name=\"twitter:data2\" content=\"3 minutos\" \/>\n<script type=\"application\/ld+json\" class=\"yoast-schema-graph\">{\"@context\":\"https:\/\/schema.org\",\"@graph\":[{\"@type\":\"NewsArticle\",\"@id\":\"https:\/\/www.gaveanews.com\/index.php\/2024\/11\/12\/a-declaracao-de-lucas-moura-direcionada-a-dorival-junior\/#article\",\"isPartOf\":{\"@id\":\"https:\/\/www.gaveanews.com\/index.php\/2024\/11\/12\/a-declaracao-de-lucas-moura-direcionada-a-dorival-junior\/\"},\"author\":{\"name\":\"Leandro Cardoso\",\"@id\":\"https:\/\/www.gaveanews.com\/#\/schema\/person\/2424ec6409bc3f068411fc5e4e9b6168\"},\"headline\":\"A declara\u00e7\u00e3o de Lucas Moura direcionada a Dorival J\u00fanior\",\"datePublished\":\"2024-11-12T22:25:00+00:00\",\"mainEntityOfPage\":{\"@id\":\"https:\/\/www.gaveanews.com\/index.php\/2024\/11\/12\/a-declaracao-de-lucas-moura-direcionada-a-dorival-junior\/\"},\"wordCount\":481,\"commentCount\":0,\"image\":{\"@id\":\"https:\/\/www.gaveanews.com\/index.php\/2024\/11\/12\/a-declaracao-de-lucas-moura-direcionada-a-dorival-junior\/#primaryimage\"},\"thumbnailUrl\":\"https:\/\/www.gaveanews.com\/wp-content\/uploads\/lucas-moura-sao-paulo-2-860x484-1.webp\",\"articleSection\":[\"S\u00e3o Paulo\"],\"inLanguage\":\"pt-BR\",\"potentialAction\":[{\"@type\":\"CommentAction\",\"name\":\"Comment\",\"target\":[\"https:\/\/www.gaveanews.com\/index.php\/2024\/11\/12\/a-declaracao-de-lucas-moura-direcionada-a-dorival-junior\/#respond\"]}],\"copyrightYear\":\"2024\",\"copyrightHolder\":{\"@id\":\"https:\/\/www.gaveanews.com\/#organization\"}},{\"@type\":\"WebPage\",\"@id\":\"https:\/\/www.gaveanews.com\/index.php\/2024\/11\/12\/a-declaracao-de-lucas-moura-direcionada-a-dorival-junior\/\",\"url\":\"https:\/\/www.gaveanews.com\/index.php\/2024\/11\/12\/a-declaracao-de-lucas-moura-direcionada-a-dorival-junior\/\",\"name\":\"A declara\u00e7\u00e3o de Lucas Moura direcionada a Dorival J\u00fanior\",\"isPartOf\":{\"@id\":\"https:\/\/www.gaveanews.com\/#website\"},\"primaryImageOfPage\":{\"@id\":\"https:\/\/www.gaveanews.com\/index.php\/2024\/11\/12\/a-declaracao-de-lucas-moura-direcionada-a-dorival-junior\/#primaryimage\"},\"image\":{\"@id\":\"https:\/\/www.gaveanews.com\/index.php\/2024\/11\/12\/a-declaracao-de-lucas-moura-direcionada-a-dorival-junior\/#primaryimage\"},\"thumbnailUrl\":\"https:\/\/www.gaveanews.com\/wp-content\/uploads\/lucas-moura-sao-paulo-2-860x484-1.webp\",\"datePublished\":\"2024-11-12T22:25:00+00:00\",\"author\":{\"@id\":\"https:\/\/www.gaveanews.com\/#\/schema\/person\/2424ec6409bc3f068411fc5e4e9b6168\"},\"breadcrumb\":{\"@id\":\"https:\/\/www.gaveanews.com\/index.php\/2024\/11\/12\/a-declaracao-de-lucas-moura-direcionada-a-dorival-junior\/#breadcrumb\"},\"inLanguage\":\"pt-BR\",\"potentialAction\":[{\"@type\":\"ReadAction\",\"target\":[\"https:\/\/www.gaveanews.com\/index.php\/2024\/11\/12\/a-declaracao-de-lucas-moura-direcionada-a-dorival-junior\/\"]}]},{\"@type\":\"ImageObject\",\"inLanguage\":\"pt-BR\",\"@id\":\"https:\/\/www.gaveanews.com\/index.php\/2024\/11\/12\/a-declaracao-de-lucas-moura-direcionada-a-dorival-junior\/#primaryimage\",\"url\":\"https:\/\/www.gaveanews.com\/wp-content\/uploads\/lucas-moura-sao-paulo-2-860x484-1.webp\",\"contentUrl\":\"https:\/\/www.gaveanews.com\/wp-content\/uploads\/lucas-moura-sao-paulo-2-860x484-1.webp\",\"width\":860,\"height\":484,\"caption\":\"Foto: Divulga\u00e7\u00e3o\/SPFC - Legenda: Lucas deve voltar contra o Barcelona-EQU \/ Jogada10\"},{\"@type\":\"BreadcrumbList\",\"@id\":\"https:\/\/www.gaveanews.com\/index.php\/2024\/11\/12\/a-declaracao-de-lucas-moura-direcionada-a-dorival-junior\/#breadcrumb\",\"itemListElement\":[{\"@type\":\"ListItem\",\"position\":1,\"name\":\"Home\",\"item\":\"https:\/\/www.gaveanews.com\/\"},{\"@type\":\"ListItem\",\"position\":2,\"name\":\"A declara\u00e7\u00e3o de Lucas Moura direcionada a Dorival J\u00fanior\"}]},{\"@type\":\"WebSite\",\"@id\":\"https:\/\/www.gaveanews.com\/#website\",\"url\":\"https:\/\/www.gaveanews.com\/\",\"name\":\"G\u00e1vea News\",\"description\":\"Veja todas as not\u00edcias sobre o Flamengo: Contrata\u00e7\u00f5es, categorias de base, resultados das partidas, tabela de classifica\u00e7\u00e3o, pr\u00f3ximos jogos!\",\"potentialAction\":[{\"@type\":\"SearchAction\",\"target\":{\"@type\":\"EntryPoint\",\"urlTemplate\":\"https:\/\/www.gaveanews.com\/?s={search_term_string}\"},\"query-input\":{\"@type\":\"PropertyValueSpecification\",\"valueRequired\":true,\"valueName\":\"search_term_string\"}}],\"inLanguage\":\"pt-BR\"},{\"@type\":\"Person\",\"@id\":\"https:\/\/www.gaveanews.com\/#\/schema\/person\/2424ec6409bc3f068411fc5e4e9b6168\",\"name\":\"Leandro Cardoso\",\"image\":{\"@type\":\"ImageObject\",\"inLanguage\":\"pt-BR\",\"@id\":\"https:\/\/www.gaveanews.com\/#\/schema\/person\/image\/\",\"url\":\"https:\/\/secure.gravatar.com\/avatar\/8ca179f9b55eefe9f376f5493ef25475bfa59fbc28ce937f6076ce20e523098f?s=96&d=mm&r=g\",\"contentUrl\":\"https:\/\/secure.gravatar.com\/avatar\/8ca179f9b55eefe9f376f5493ef25475bfa59fbc28ce937f6076ce20e523098f?s=96&d=mm&r=g\",\"caption\":\"Leandro Cardoso\"}}]}<\/script>\n<!-- \/ Yoast SEO Premium plugin. -->","yoast_head_json":{"title":"A declara\u00e7\u00e3o de Lucas Moura direcionada a Dorival J\u00fanior","robots":{"index":"index","follow":"follow","max-snippet":"max-snippet:-1","max-image-preview":"max-image-preview:large","max-video-preview":"max-video-preview:-1"},"canonical":"https:\/\/www.gaveanews.com\/index.php\/2024\/11\/12\/a-declaracao-de-lucas-moura-direcionada-a-dorival-junior\/","og_locale":"pt_BR","og_type":"article","og_title":"A declara\u00e7\u00e3o de Lucas Moura direcionada a Dorival J\u00fanior","og_description":"Em uma conversa sincera e cheia de admira\u00e7\u00e3o, Lucas Moura revelou detalhes sobre sua rela\u00e7\u00e3o com Dorival J\u00fanior, o t\u00e9cnico respons\u00e1vel por gui\u00e1-lo e ao S\u00e3o Paulo ao t\u00edtulo in\u00e9dito da Copa do Brasil em 2023. Em entrevista ao &#8220;Charla Podcast&#8221;, o atacante destacou as qualidades de Dorival, tanto como treinador quanto como gestor, explicando [&hellip;]","og_url":"https:\/\/www.gaveanews.com\/index.php\/2024\/11\/12\/a-declaracao-de-lucas-moura-direcionada-a-dorival-junior\/","og_site_name":"G\u00e1vea News","article_publisher":"https:\/\/facebook.com\/gaveaNews\/","article_published_time":"2024-11-12T22:25:00+00:00","og_image":[{"width":860,"height":484,"url":"https:\/\/www.gaveanews.com\/wp-content\/uploads\/lucas-moura-sao-paulo-2-860x484-1.webp","type":"image\/webp"}],"author":"Leandro Cardoso","twitter_card":"summary_large_image","twitter_misc":{"Escrito por":"Leandro Cardoso","Est. tempo de leitura":"3 minutos"},"schema":{"@context":"https:\/\/schema.org","@graph":[{"@type":"NewsArticle","@id":"https:\/\/www.gaveanews.com\/index.php\/2024\/11\/12\/a-declaracao-de-lucas-moura-direcionada-a-dorival-junior\/#article","isPartOf":{"@id":"https:\/\/www.gaveanews.com\/index.php\/2024\/11\/12\/a-declaracao-de-lucas-moura-direcionada-a-dorival-junior\/"},"author":{"name":"Leandro Cardoso","@id":"https:\/\/www.gaveanews.com\/#\/schema\/person\/2424ec6409bc3f068411fc5e4e9b6168"},"headline":"A declara\u00e7\u00e3o de Lucas Moura direcionada a Dorival J\u00fanior","datePublished":"2024-11-12T22:25:00+00:00","mainEntityOfPage":{"@id":"https:\/\/www.gaveanews.com\/index.php\/2024\/11\/12\/a-declaracao-de-lucas-moura-direcionada-a-dorival-junior\/"},"wordCount":481,"commentCount":0,"image":{"@id":"https:\/\/www.gaveanews.com\/index.php\/2024\/11\/12\/a-declaracao-de-lucas-moura-direcionada-a-dorival-junior\/#primaryimage"},"thumbnailUrl":"https:\/\/www.gaveanews.com\/wp-content\/uploads\/lucas-moura-sao-paulo-2-860x484-1.webp","articleSection":["S\u00e3o Paulo"],"inLanguage":"pt-BR","potentialAction":[{"@type":"CommentAction","name":"Comment","target":["https:\/\/www.gaveanews.com\/index.php\/2024\/11\/12\/a-declaracao-de-lucas-moura-direcionada-a-dorival-junior\/#respond"]}],"copyrightYear":"2024","copyrightHolder":{"@id":"https:\/\/www.gaveanews.com\/#organization"}},{"@type":"WebPage","@id":"https:\/\/www.gaveanews.com\/index.php\/2024\/11\/12\/a-declaracao-de-lucas-moura-direcionada-a-dorival-junior\/","url":"https:\/\/www.gaveanews.com\/index.php\/2024\/11\/12\/a-declaracao-de-lucas-moura-direcionada-a-dorival-junior\/","name":"A declara\u00e7\u00e3o de Lucas Moura direcionada a Dorival J\u00fanior","isPartOf":{"@id":"https:\/\/www.gaveanews.com\/#website"},"primaryImageOfPage":{"@id":"https:\/\/www.gaveanews.com\/index.php\/2024\/11\/12\/a-declaracao-de-lucas-moura-direcionada-a-dorival-junior\/#primaryimage"},"image":{"@id":"https:\/\/www.gaveanews.com\/index.php\/2024\/11\/12\/a-declaracao-de-lucas-moura-direcionada-a-dorival-junior\/#primaryimage"},"thumbnailUrl":"https:\/\/www.gaveanews.com\/wp-content\/uploads\/lucas-moura-sao-paulo-2-860x484-1.webp","datePublished":"2024-11-12T22:25:00+00:00","author":{"@id":"https:\/\/www.gaveanews.com\/#\/schema\/person\/2424ec6409bc3f068411fc5e4e9b6168"},"breadcrumb":{"@id":"https:\/\/www.gaveanews.com\/index.php\/2024\/11\/12\/a-declaracao-de-lucas-moura-direcionada-a-dorival-junior\/#breadcrumb"},"inLanguage":"pt-BR","potentialAction":[{"@type":"ReadAction","target":["https:\/\/www.gaveanews.com\/index.php\/2024\/11\/12\/a-declaracao-de-lucas-moura-direcionada-a-dorival-junior\/"]}]},{"@type":"ImageObject","inLanguage":"pt-BR","@id":"https:\/\/www.gaveanews.com\/index.php\/2024\/11\/12\/a-declaracao-de-lucas-moura-direcionada-a-dorival-junior\/#primaryimage","url":"https:\/\/www.gaveanews.com\/wp-content\/uploads\/lucas-moura-sao-paulo-2-860x484-1.webp","contentUrl":"https:\/\/www.gaveanews.com\/wp-content\/uploads\/lucas-moura-sao-paulo-2-860x484-1.webp","width":860,"height":484,"caption":"Foto: Divulga\u00e7\u00e3o\/SPFC - Legenda: Lucas deve voltar contra o Barcelona-EQU \/ Jogada10"},{"@type":"BreadcrumbList","@id":"https:\/\/www.gaveanews.com\/index.php\/2024\/11\/12\/a-declaracao-de-lucas-moura-direcionada-a-dorival-junior\/#breadcrumb","itemListElement":[{"@type":"ListItem","position":1,"name":"Home","item":"https:\/\/www.gaveanews.com\/"},{"@type":"ListItem","position":2,"name":"A declara\u00e7\u00e3o de Lucas Moura direcionada a Dorival J\u00fanior"}]},{"@type":"WebSite","@id":"https:\/\/www.gaveanews.com\/#website","url":"https:\/\/www.gaveanews.com\/","name":"G\u00e1vea News","description":"Veja todas as not\u00edcias sobre o Flamengo: Contrata\u00e7\u00f5es, categorias de base, resultados das partidas, tabela de classifica\u00e7\u00e3o, pr\u00f3ximos jogos!","potentialAction":[{"@type":"SearchAction","target":{"@type":"EntryPoint","urlTemplate":"https:\/\/www.gaveanews.com\/?s={search_term_string}"},"query-input":{"@type":"PropertyValueSpecification","valueRequired":true,"valueName":"search_term_string"}}],"inLanguage":"pt-BR"},{"@type":"Person","@id":"https:\/\/www.gaveanews.com\/#\/schema\/person\/2424ec6409bc3f068411fc5e4e9b6168","name":"Leandro Cardoso","image":{"@type":"ImageObject","inLanguage":"pt-BR","@id":"https:\/\/www.gaveanews.com\/#\/schema\/person\/image\/","url":"https:\/\/secure.gravatar.com\/avatar\/8ca179f9b55eefe9f376f5493ef25475bfa59fbc28ce937f6076ce20e523098f?s=96&d=mm&r=g","contentUrl":"https:\/\/secure.gravatar.com\/avatar\/8ca179f9b55eefe9f376f5493ef25475bfa59fbc28ce937f6076ce20e523098f?s=96&d=mm&r=g","caption":"Leandro Cardoso"}}]}},"_links":{"self":[{"href":"https:\/\/www.gaveanews.com\/index.php\/wp-json\/wp\/v2\/posts\/184349","targetHints":{"allow":["GET"]}}],"collection":[{"href":"https:\/\/www.gaveanews.com\/index.php\/wp-json\/wp\/v2\/posts"}],"about":[{"href":"https:\/\/www.gaveanews.com\/index.php\/wp-json\/wp\/v2\/types\/post"}],"author":[{"embeddable":true,"href":"https:\/\/www.gaveanews.com\/index.php\/wp-json\/wp\/v2\/users\/24"}],"replies":[{"embeddable":true,"href":"https:\/\/www.gaveanews.com\/index.php\/wp-json\/wp\/v2\/comments?post=184349"}],"version-history":[{"count":2,"href":"https:\/\/www.gaveanews.com\/index.php\/wp-json\/wp\/v2\/posts\/184349\/revisions"}],"predecessor-version":[{"id":184453,"href":"https:\/\/www.gaveanews.com\/index.php\/wp-json\/wp\/v2\/posts\/184349\/revisions\/184453"}],"wp:featuredmedia":[{"embeddable":true,"href":"https:\/\/www.gaveanews.com\/index.php\/wp-json\/wp\/v2\/media\/143197"}],"wp:attachment":[{"href":"https:\/\/www.gaveanews.com\/index.php\/wp-json\/wp\/v2\/media?parent=184349"}],"wp:term":[{"taxonomy":"category","embeddable":true,"href":"https:\/\/www.gaveanews.com\/index.php\/wp-json\/wp\/v2\/categories?post=184349"},{"taxonomy":"post_tag","embeddable":true,"href":"https:\/\/www.gaveanews.com\/index.php\/wp-json\/wp\/v2\/tags?post=184349"}],"curies":[{"name":"wp","href":"https:\/\/api.w.org\/{rel}","templated":true}]}}