{"id":184376,"date":"2024-11-12T20:30:00","date_gmt":"2024-11-12T23:30:00","guid":{"rendered":"https:\/\/www.gaveanews.com\/?p=184376"},"modified":"2024-11-12T19:38:38","modified_gmt":"2024-11-12T22:38:38","slug":"ex-jogador-do-flamengo-manda-recado-para-gabigol-2","status":"publish","type":"post","link":"https:\/\/www.gaveanews.com\/index.php\/2024\/11\/12\/ex-jogador-do-flamengo-manda-recado-para-gabigol-2\/","title":{"rendered":"Ex-jogador do Flamengo manda recado para Gabigol"},"content":{"rendered":"\n<p>A pol\u00eamica entrevista de Gabigol ap\u00f3s a final da Copa do Brasil continua dando o que falar. Desta vez, foi Zinho, ex-jogador e \u00eddolo do Flamengo, quem disparou duras cr\u00edticas contra a atitude do camisa 99. Para o comentarista, a decis\u00e3o do atacante de anunciar sua sa\u00edda do clube em meio \u00e0s comemora\u00e7\u00f5es foi inapropriada e representou um desrespeito \u00e0 torcida e aos companheiros de equipe. A declara\u00e7\u00e3o gerou grande repercuss\u00e3o e levantou debates sobre o momento escolhido por Gabigol para comunicar seu adeus ao Rubro-Negro.<\/p>\n\n\n\n<ul class=\"wp-block-list\">\n<li><a href=\"https:\/\/www.gaveanews.com\/index.php\/2024\/11\/12\/a-declaracao-de-andre-rizek-direcionada-a-gabigol-2\/\">A declara\u00e7\u00e3o de Andr\u00e9 Rizek direcionada a Gabigol<\/a><\/li>\n\n\n\n<li><a href=\"https:\/\/www.gaveanews.com\/index.php\/2024\/11\/12\/video-gabigol-e-deixado-de-lado-pelos-proprios-jogadores-do-flamengo\/\">V\u00eddeo: Gabigol \u00e9 deixado de lado pelos pr\u00f3prios jogadores do Flamengo<\/a><\/li>\n<\/ul>\n\n\n\n<h2 class=\"wp-block-heading\" id=\"h-declaracoes-polemicas-e-criticas-diretas\">Declara\u00e7\u00f5es pol\u00eamicas e cr\u00edticas diretas<\/h2>\n\n\n\n<p>Durante sua participa\u00e7\u00e3o no programa &#8220;ESPN FC&#8221;, Zinho n\u00e3o economizou nas palavras ao avaliar a postura de Gabigol. O ex-jogador apontou que o an\u00fancio da sa\u00edda logo ap\u00f3s o t\u00edtulo da Copa do Brasil foi mal planejado e tirou o foco da comemora\u00e7\u00e3o. <\/p>\n\n\n\n<p>\u2014 <em>Faltou o di\u00e1logo do Tite com Gabigol, mas tamb\u00e9m faltou um bom comportamento dele no dia a dia. Esse combo a\u00ed, tem falhas da diretoria, mas h\u00e1 erros do Gabigol. Agora, \u00e9 \u00eddolo, merece todas as homenagens, o reconhecimento, o cara ganhou 13 t\u00edtulos, \u00e9 muita coisa<\/em> -, destacou Zinho.<\/p>\n\n\n\n<p>Al\u00e9m disso, ele foi enf\u00e1tico ao dizer que o status de \u00eddolo n\u00e3o d\u00e1 a Gabigol o direito de agir de forma ego\u00edsta. \u201cMas isso n\u00e3o lhe d\u00e1 o direito, na minha vis\u00e3o, dele pensar s\u00f3 nele. \u2018Ah, \u00e9 o combo Gabigol, ele \u00e9 assim\u2019. Eu n\u00e3o concordo com o ser assim. O Filipe Lu\u00eds deu a chance para ele se redimir e ter uma despedida melhor. Os companheiros ficaram surpresos\u201d, completou o tetra.<\/p>\n\n\n\n<h2 class=\"wp-block-heading\" id=\"h-saida-planejada-e-rumo-ao-cruzeiro\">Sa\u00edda planejada e rumo ao Cruzeiro<\/h2>\n\n\n\n<p>Vale destacar que Zinho apontou que a decis\u00e3o de Gabigol pareceu premeditada, indicando que o atacante j\u00e1 estava preparado para o an\u00fancio. \u201cPremeditado. Ele j\u00e1 tinha feito v\u00eddeo. Foi tudo muito r\u00e1pido. Ele escolheu o momento errado. N\u00e3o respeitou os companheiros, o treinador e o torcedor que o idolatra\u201d, concluiu Zinho.<\/p>\n\n\n\n<p>Gabigol e Cruzeiro j\u00e1 iniciam conversas para acertar os detalhes de um poss\u00edvel contrato. O sal\u00e1rio oferecido gira em torno de R$ 2,5 milh\u00f5es, enquanto o Flamengo havia proposto uma renova\u00e7\u00e3o de R$ 2 milh\u00f5es por apenas um ano. Sendo assim, o destino do atacante deve ser definido nas pr\u00f3ximas semanas, durante a pausa para a Data Fifa, encerrando de vez a passagem marcante de Gabigol pelo clube da G\u00e1vea.<\/p>\n","protected":false},"excerpt":{"rendered":"<p>A pol\u00eamica entrevista de Gabigol ap\u00f3s a final da Copa do Brasil continua dando o que falar. Desta vez, foi Zinho, ex-jogador e \u00eddolo do Flamengo, quem disparou duras cr\u00edticas contra a atitude do camisa 99. Para o comentarista, a decis\u00e3o do atacante de anunciar sua sa\u00edda do clube em meio \u00e0s comemora\u00e7\u00f5es foi inapropriada [&hellip;]<\/p>\n","protected":false},"author":24,"featured_media":90493,"comment_status":"open","ping_status":"closed","sticky":false,"template":"","format":"standard","meta":{"footnotes":""},"categories":[1],"tags":[],"class_list":["post-184376","post","type-post","status-publish","format-standard","has-post-thumbnail","hentry","category-flamengo"],"yoast_head":"<!-- This site is optimized with the Yoast SEO Premium plugin v24.2 (Yoast SEO v26.9) - https:\/\/yoast.com\/product\/yoast-seo-premium-wordpress\/ -->\n<title>Ex-jogador do Flamengo manda recado para Gabigol<\/title>\n<meta name=\"robots\" content=\"index, follow, max-snippet:-1, max-image-preview:large, max-video-preview:-1\" \/>\n<link rel=\"canonical\" href=\"https:\/\/www.gaveanews.com\/index.php\/2024\/11\/12\/ex-jogador-do-flamengo-manda-recado-para-gabigol-2\/\" \/>\n<meta property=\"og:locale\" content=\"pt_BR\" \/>\n<meta property=\"og:type\" content=\"article\" \/>\n<meta property=\"og:title\" content=\"Ex-jogador do Flamengo manda recado para Gabigol\" \/>\n<meta property=\"og:description\" content=\"A pol\u00eamica entrevista de Gabigol ap\u00f3s a final da Copa do Brasil continua dando o que falar. Desta vez, foi Zinho, ex-jogador e \u00eddolo do Flamengo, quem disparou duras cr\u00edticas contra a atitude do camisa 99. Para o comentarista, a decis\u00e3o do atacante de anunciar sua sa\u00edda do clube em meio \u00e0s comemora\u00e7\u00f5es foi inapropriada [&hellip;]\" \/>\n<meta property=\"og:url\" content=\"https:\/\/www.gaveanews.com\/index.php\/2024\/11\/12\/ex-jogador-do-flamengo-manda-recado-para-gabigol-2\/\" \/>\n<meta property=\"og:site_name\" content=\"G\u00e1vea News\" \/>\n<meta property=\"article:publisher\" content=\"https:\/\/facebook.com\/gaveaNews\/\" \/>\n<meta property=\"article:published_time\" content=\"2024-11-12T23:30:00+00:00\" \/>\n<meta property=\"og:image\" content=\"https:\/\/www.gaveanews.com\/wp-content\/uploads\/gabigol-taca-libertadores-2022.webp\" \/>\n\t<meta property=\"og:image:width\" content=\"799\" \/>\n\t<meta property=\"og:image:height\" content=\"533\" \/>\n\t<meta property=\"og:image:type\" content=\"image\/jpeg\" \/>\n<meta name=\"author\" content=\"Leandro Cardoso\" \/>\n<meta name=\"twitter:card\" content=\"summary_large_image\" \/>\n<meta name=\"twitter:label1\" content=\"Escrito por\" \/>\n\t<meta name=\"twitter:data1\" content=\"Leandro Cardoso\" \/>\n\t<meta name=\"twitter:label2\" content=\"Est. tempo de leitura\" \/>\n\t<meta name=\"twitter:data2\" content=\"3 minutos\" \/>\n<script type=\"application\/ld+json\" class=\"yoast-schema-graph\">{\"@context\":\"https:\/\/schema.org\",\"@graph\":[{\"@type\":\"NewsArticle\",\"@id\":\"https:\/\/www.gaveanews.com\/index.php\/2024\/11\/12\/ex-jogador-do-flamengo-manda-recado-para-gabigol-2\/#article\",\"isPartOf\":{\"@id\":\"https:\/\/www.gaveanews.com\/index.php\/2024\/11\/12\/ex-jogador-do-flamengo-manda-recado-para-gabigol-2\/\"},\"author\":{\"name\":\"Leandro Cardoso\",\"@id\":\"https:\/\/www.gaveanews.com\/#\/schema\/person\/2424ec6409bc3f068411fc5e4e9b6168\"},\"headline\":\"Ex-jogador do Flamengo manda recado para Gabigol\",\"datePublished\":\"2024-11-12T23:30:00+00:00\",\"mainEntityOfPage\":{\"@id\":\"https:\/\/www.gaveanews.com\/index.php\/2024\/11\/12\/ex-jogador-do-flamengo-manda-recado-para-gabigol-2\/\"},\"wordCount\":446,\"commentCount\":0,\"image\":{\"@id\":\"https:\/\/www.gaveanews.com\/index.php\/2024\/11\/12\/ex-jogador-do-flamengo-manda-recado-para-gabigol-2\/#primaryimage\"},\"thumbnailUrl\":\"https:\/\/www.gaveanews.com\/wp-content\/uploads\/gabigol-taca-libertadores-2022.webp\",\"articleSection\":[\"Flamengo\"],\"inLanguage\":\"pt-BR\",\"potentialAction\":[{\"@type\":\"CommentAction\",\"name\":\"Comment\",\"target\":[\"https:\/\/www.gaveanews.com\/index.php\/2024\/11\/12\/ex-jogador-do-flamengo-manda-recado-para-gabigol-2\/#respond\"]}],\"copyrightYear\":\"2024\",\"copyrightHolder\":{\"@id\":\"https:\/\/www.gaveanews.com\/#organization\"}},{\"@type\":\"WebPage\",\"@id\":\"https:\/\/www.gaveanews.com\/index.php\/2024\/11\/12\/ex-jogador-do-flamengo-manda-recado-para-gabigol-2\/\",\"url\":\"https:\/\/www.gaveanews.com\/index.php\/2024\/11\/12\/ex-jogador-do-flamengo-manda-recado-para-gabigol-2\/\",\"name\":\"Ex-jogador do Flamengo manda recado para Gabigol\",\"isPartOf\":{\"@id\":\"https:\/\/www.gaveanews.com\/#website\"},\"primaryImageOfPage\":{\"@id\":\"https:\/\/www.gaveanews.com\/index.php\/2024\/11\/12\/ex-jogador-do-flamengo-manda-recado-para-gabigol-2\/#primaryimage\"},\"image\":{\"@id\":\"https:\/\/www.gaveanews.com\/index.php\/2024\/11\/12\/ex-jogador-do-flamengo-manda-recado-para-gabigol-2\/#primaryimage\"},\"thumbnailUrl\":\"https:\/\/www.gaveanews.com\/wp-content\/uploads\/gabigol-taca-libertadores-2022.webp\",\"datePublished\":\"2024-11-12T23:30:00+00:00\",\"author\":{\"@id\":\"https:\/\/www.gaveanews.com\/#\/schema\/person\/2424ec6409bc3f068411fc5e4e9b6168\"},\"breadcrumb\":{\"@id\":\"https:\/\/www.gaveanews.com\/index.php\/2024\/11\/12\/ex-jogador-do-flamengo-manda-recado-para-gabigol-2\/#breadcrumb\"},\"inLanguage\":\"pt-BR\",\"potentialAction\":[{\"@type\":\"ReadAction\",\"target\":[\"https:\/\/www.gaveanews.com\/index.php\/2024\/11\/12\/ex-jogador-do-flamengo-manda-recado-para-gabigol-2\/\"]}]},{\"@type\":\"ImageObject\",\"inLanguage\":\"pt-BR\",\"@id\":\"https:\/\/www.gaveanews.com\/index.php\/2024\/11\/12\/ex-jogador-do-flamengo-manda-recado-para-gabigol-2\/#primaryimage\",\"url\":\"https:\/\/www.gaveanews.com\/wp-content\/uploads\/gabigol-taca-libertadores-2022.webp\",\"contentUrl\":\"https:\/\/www.gaveanews.com\/wp-content\/uploads\/gabigol-taca-libertadores-2022.webp\",\"width\":799,\"height\":533,\"caption\":\"Gabigol abra\u00e7a a ta\u00e7a da Libertadores (Foto: Gilvan de Souza\/Flamengo)\"},{\"@type\":\"BreadcrumbList\",\"@id\":\"https:\/\/www.gaveanews.com\/index.php\/2024\/11\/12\/ex-jogador-do-flamengo-manda-recado-para-gabigol-2\/#breadcrumb\",\"itemListElement\":[{\"@type\":\"ListItem\",\"position\":1,\"name\":\"Home\",\"item\":\"https:\/\/www.gaveanews.com\/\"},{\"@type\":\"ListItem\",\"position\":2,\"name\":\"Ex-jogador do Flamengo manda recado para Gabigol\"}]},{\"@type\":\"WebSite\",\"@id\":\"https:\/\/www.gaveanews.com\/#website\",\"url\":\"https:\/\/www.gaveanews.com\/\",\"name\":\"G\u00e1vea News\",\"description\":\"Veja todas as not\u00edcias sobre o Flamengo: Contrata\u00e7\u00f5es, categorias de base, resultados das partidas, tabela de classifica\u00e7\u00e3o, pr\u00f3ximos jogos!\",\"potentialAction\":[{\"@type\":\"SearchAction\",\"target\":{\"@type\":\"EntryPoint\",\"urlTemplate\":\"https:\/\/www.gaveanews.com\/?s={search_term_string}\"},\"query-input\":{\"@type\":\"PropertyValueSpecification\",\"valueRequired\":true,\"valueName\":\"search_term_string\"}}],\"inLanguage\":\"pt-BR\"},{\"@type\":\"Person\",\"@id\":\"https:\/\/www.gaveanews.com\/#\/schema\/person\/2424ec6409bc3f068411fc5e4e9b6168\",\"name\":\"Leandro Cardoso\",\"image\":{\"@type\":\"ImageObject\",\"inLanguage\":\"pt-BR\",\"@id\":\"https:\/\/www.gaveanews.com\/#\/schema\/person\/image\/\",\"url\":\"https:\/\/secure.gravatar.com\/avatar\/8ca179f9b55eefe9f376f5493ef25475bfa59fbc28ce937f6076ce20e523098f?s=96&d=mm&r=g\",\"contentUrl\":\"https:\/\/secure.gravatar.com\/avatar\/8ca179f9b55eefe9f376f5493ef25475bfa59fbc28ce937f6076ce20e523098f?s=96&d=mm&r=g\",\"caption\":\"Leandro Cardoso\"}}]}<\/script>\n<!-- \/ Yoast SEO Premium plugin. -->","yoast_head_json":{"title":"Ex-jogador do Flamengo manda recado para Gabigol","robots":{"index":"index","follow":"follow","max-snippet":"max-snippet:-1","max-image-preview":"max-image-preview:large","max-video-preview":"max-video-preview:-1"},"canonical":"https:\/\/www.gaveanews.com\/index.php\/2024\/11\/12\/ex-jogador-do-flamengo-manda-recado-para-gabigol-2\/","og_locale":"pt_BR","og_type":"article","og_title":"Ex-jogador do Flamengo manda recado para Gabigol","og_description":"A pol\u00eamica entrevista de Gabigol ap\u00f3s a final da Copa do Brasil continua dando o que falar. Desta vez, foi Zinho, ex-jogador e \u00eddolo do Flamengo, quem disparou duras cr\u00edticas contra a atitude do camisa 99. Para o comentarista, a decis\u00e3o do atacante de anunciar sua sa\u00edda do clube em meio \u00e0s comemora\u00e7\u00f5es foi inapropriada [&hellip;]","og_url":"https:\/\/www.gaveanews.com\/index.php\/2024\/11\/12\/ex-jogador-do-flamengo-manda-recado-para-gabigol-2\/","og_site_name":"G\u00e1vea News","article_publisher":"https:\/\/facebook.com\/gaveaNews\/","article_published_time":"2024-11-12T23:30:00+00:00","og_image":[{"width":799,"height":533,"url":"https:\/\/www.gaveanews.com\/wp-content\/uploads\/gabigol-taca-libertadores-2022.webp","type":"image\/jpeg"}],"author":"Leandro Cardoso","twitter_card":"summary_large_image","twitter_misc":{"Escrito por":"Leandro Cardoso","Est. tempo de leitura":"3 minutos"},"schema":{"@context":"https:\/\/schema.org","@graph":[{"@type":"NewsArticle","@id":"https:\/\/www.gaveanews.com\/index.php\/2024\/11\/12\/ex-jogador-do-flamengo-manda-recado-para-gabigol-2\/#article","isPartOf":{"@id":"https:\/\/www.gaveanews.com\/index.php\/2024\/11\/12\/ex-jogador-do-flamengo-manda-recado-para-gabigol-2\/"},"author":{"name":"Leandro Cardoso","@id":"https:\/\/www.gaveanews.com\/#\/schema\/person\/2424ec6409bc3f068411fc5e4e9b6168"},"headline":"Ex-jogador do Flamengo manda recado para Gabigol","datePublished":"2024-11-12T23:30:00+00:00","mainEntityOfPage":{"@id":"https:\/\/www.gaveanews.com\/index.php\/2024\/11\/12\/ex-jogador-do-flamengo-manda-recado-para-gabigol-2\/"},"wordCount":446,"commentCount":0,"image":{"@id":"https:\/\/www.gaveanews.com\/index.php\/2024\/11\/12\/ex-jogador-do-flamengo-manda-recado-para-gabigol-2\/#primaryimage"},"thumbnailUrl":"https:\/\/www.gaveanews.com\/wp-content\/uploads\/gabigol-taca-libertadores-2022.webp","articleSection":["Flamengo"],"inLanguage":"pt-BR","potentialAction":[{"@type":"CommentAction","name":"Comment","target":["https:\/\/www.gaveanews.com\/index.php\/2024\/11\/12\/ex-jogador-do-flamengo-manda-recado-para-gabigol-2\/#respond"]}],"copyrightYear":"2024","copyrightHolder":{"@id":"https:\/\/www.gaveanews.com\/#organization"}},{"@type":"WebPage","@id":"https:\/\/www.gaveanews.com\/index.php\/2024\/11\/12\/ex-jogador-do-flamengo-manda-recado-para-gabigol-2\/","url":"https:\/\/www.gaveanews.com\/index.php\/2024\/11\/12\/ex-jogador-do-flamengo-manda-recado-para-gabigol-2\/","name":"Ex-jogador do Flamengo manda recado para Gabigol","isPartOf":{"@id":"https:\/\/www.gaveanews.com\/#website"},"primaryImageOfPage":{"@id":"https:\/\/www.gaveanews.com\/index.php\/2024\/11\/12\/ex-jogador-do-flamengo-manda-recado-para-gabigol-2\/#primaryimage"},"image":{"@id":"https:\/\/www.gaveanews.com\/index.php\/2024\/11\/12\/ex-jogador-do-flamengo-manda-recado-para-gabigol-2\/#primaryimage"},"thumbnailUrl":"https:\/\/www.gaveanews.com\/wp-content\/uploads\/gabigol-taca-libertadores-2022.webp","datePublished":"2024-11-12T23:30:00+00:00","author":{"@id":"https:\/\/www.gaveanews.com\/#\/schema\/person\/2424ec6409bc3f068411fc5e4e9b6168"},"breadcrumb":{"@id":"https:\/\/www.gaveanews.com\/index.php\/2024\/11\/12\/ex-jogador-do-flamengo-manda-recado-para-gabigol-2\/#breadcrumb"},"inLanguage":"pt-BR","potentialAction":[{"@type":"ReadAction","target":["https:\/\/www.gaveanews.com\/index.php\/2024\/11\/12\/ex-jogador-do-flamengo-manda-recado-para-gabigol-2\/"]}]},{"@type":"ImageObject","inLanguage":"pt-BR","@id":"https:\/\/www.gaveanews.com\/index.php\/2024\/11\/12\/ex-jogador-do-flamengo-manda-recado-para-gabigol-2\/#primaryimage","url":"https:\/\/www.gaveanews.com\/wp-content\/uploads\/gabigol-taca-libertadores-2022.webp","contentUrl":"https:\/\/www.gaveanews.com\/wp-content\/uploads\/gabigol-taca-libertadores-2022.webp","width":799,"height":533,"caption":"Gabigol abra\u00e7a a ta\u00e7a da Libertadores (Foto: Gilvan de Souza\/Flamengo)"},{"@type":"BreadcrumbList","@id":"https:\/\/www.gaveanews.com\/index.php\/2024\/11\/12\/ex-jogador-do-flamengo-manda-recado-para-gabigol-2\/#breadcrumb","itemListElement":[{"@type":"ListItem","position":1,"name":"Home","item":"https:\/\/www.gaveanews.com\/"},{"@type":"ListItem","position":2,"name":"Ex-jogador do Flamengo manda recado para Gabigol"}]},{"@type":"WebSite","@id":"https:\/\/www.gaveanews.com\/#website","url":"https:\/\/www.gaveanews.com\/","name":"G\u00e1vea News","description":"Veja todas as not\u00edcias sobre o Flamengo: Contrata\u00e7\u00f5es, categorias de base, resultados das partidas, tabela de classifica\u00e7\u00e3o, pr\u00f3ximos jogos!","potentialAction":[{"@type":"SearchAction","target":{"@type":"EntryPoint","urlTemplate":"https:\/\/www.gaveanews.com\/?s={search_term_string}"},"query-input":{"@type":"PropertyValueSpecification","valueRequired":true,"valueName":"search_term_string"}}],"inLanguage":"pt-BR"},{"@type":"Person","@id":"https:\/\/www.gaveanews.com\/#\/schema\/person\/2424ec6409bc3f068411fc5e4e9b6168","name":"Leandro Cardoso","image":{"@type":"ImageObject","inLanguage":"pt-BR","@id":"https:\/\/www.gaveanews.com\/#\/schema\/person\/image\/","url":"https:\/\/secure.gravatar.com\/avatar\/8ca179f9b55eefe9f376f5493ef25475bfa59fbc28ce937f6076ce20e523098f?s=96&d=mm&r=g","contentUrl":"https:\/\/secure.gravatar.com\/avatar\/8ca179f9b55eefe9f376f5493ef25475bfa59fbc28ce937f6076ce20e523098f?s=96&d=mm&r=g","caption":"Leandro Cardoso"}}]}},"_links":{"self":[{"href":"https:\/\/www.gaveanews.com\/index.php\/wp-json\/wp\/v2\/posts\/184376","targetHints":{"allow":["GET"]}}],"collection":[{"href":"https:\/\/www.gaveanews.com\/index.php\/wp-json\/wp\/v2\/posts"}],"about":[{"href":"https:\/\/www.gaveanews.com\/index.php\/wp-json\/wp\/v2\/types\/post"}],"author":[{"embeddable":true,"href":"https:\/\/www.gaveanews.com\/index.php\/wp-json\/wp\/v2\/users\/24"}],"replies":[{"embeddable":true,"href":"https:\/\/www.gaveanews.com\/index.php\/wp-json\/wp\/v2\/comments?post=184376"}],"version-history":[{"count":2,"href":"https:\/\/www.gaveanews.com\/index.php\/wp-json\/wp\/v2\/posts\/184376\/revisions"}],"predecessor-version":[{"id":184456,"href":"https:\/\/www.gaveanews.com\/index.php\/wp-json\/wp\/v2\/posts\/184376\/revisions\/184456"}],"wp:featuredmedia":[{"embeddable":true,"href":"https:\/\/www.gaveanews.com\/index.php\/wp-json\/wp\/v2\/media\/90493"}],"wp:attachment":[{"href":"https:\/\/www.gaveanews.com\/index.php\/wp-json\/wp\/v2\/media?parent=184376"}],"wp:term":[{"taxonomy":"category","embeddable":true,"href":"https:\/\/www.gaveanews.com\/index.php\/wp-json\/wp\/v2\/categories?post=184376"},{"taxonomy":"post_tag","embeddable":true,"href":"https:\/\/www.gaveanews.com\/index.php\/wp-json\/wp\/v2\/tags?post=184376"}],"curies":[{"name":"wp","href":"https:\/\/api.w.org\/{rel}","templated":true}]}}