{"id":184460,"date":"2024-11-12T19:45:00","date_gmt":"2024-11-12T22:45:00","guid":{"rendered":"https:\/\/www.gaveanews.com\/?p=184460"},"modified":"2024-11-12T19:42:13","modified_gmt":"2024-11-12T22:42:13","slug":"a-declaracao-do-craque-neto-direcionada-ao-time-do-santos","status":"publish","type":"post","link":"https:\/\/www.gaveanews.com\/index.php\/2024\/11\/12\/a-declaracao-do-craque-neto-direcionada-ao-time-do-santos\/","title":{"rendered":"A declara\u00e7\u00e3o do Craque Neto direcionada ao time do Santos"},"content":{"rendered":"\n<h2 class=\"wp-block-heading\" id=\"h-vao-cair-de-novo-disse-o-apresentador\">&#8220;V\u00e3o cair de novo&#8221;, disse o apresentador<\/h2>\n\n\n\n<p>Ap\u00f3s a vit\u00f3ria que garantiu o retorno do Santos \u00e0 S\u00e9rie A, o ex-jogador e apresentador Craque Neto fez uma an\u00e1lise incisiva sobre o futuro do clube em 2025. Durante o programa &#8220;Os Donos da Bola&#8221;, nesta ter\u00e7a-feira (12), Neto ressaltou a import\u00e2ncia de refor\u00e7os para que o Santos n\u00e3o enfrente novamente o risco de rebaixamento. Para o ex-jogador, o atual elenco do Peixe n\u00e3o est\u00e1 \u00e0 altura dos advers\u00e1rios que encontrar\u00e1 na elite do futebol nacional e precisar\u00e1 de contrata\u00e7\u00f5es robustas para competir.<\/p>\n\n\n\n<ul class=\"wp-block-list\">\n<li><a href=\"https:\/\/www.gaveanews.com\/index.php\/2024\/11\/12\/a-declaracao-de-fabio-carille-apos-o-acesso-do-santos-para-a-serie-a\/\">A declara\u00e7\u00e3o de Fabio Carille ap\u00f3s o acesso do Santos para \u00e0 S\u00e9rie A<\/a><\/li>\n\n\n\n<li><a href=\"https:\/\/www.gaveanews.com\/index.php\/2024\/11\/12\/agora-santos-envia-proposta-oficial-a-gabigol-do-flamengo\/\">AGORA: Santos envia proposta oficial a Gabigol, do Flamengo<\/a><\/li>\n<\/ul>\n\n\n\n<p>\u2014<em> O Santos \u00e9 melhor que o Bahia? Melhor que Fortaleza, Corinthians, Cruzeiro, Vasco, Internacional, Atl\u00e9tico-MG? N\u00e3o. Ent\u00e3o, se voc\u00eas n\u00e3o contratarem de nove a dez jogadores, v\u00e3o cair de novo. N\u00e3o seria melhor o Carille planejar o pr\u00f3ximo ano?<\/em> -, questionou Neto.<\/p>\n\n\n\n<p>A entrevista de Carille, concedida ap\u00f3s o jogo contra o Coritiba, foi alvo de discuss\u00f5es. O treinador destacou que o clube est\u00e1 atrasado no planejamento da pr\u00f3xima temporada, uma fala que gerou resposta do presidente Marcelo Teixeira. Neto, no entanto, saiu em defesa do treinador, criticando o que v\u00ea como uma resist\u00eancia de parte da imprensa e da torcida contra Carille, mesmo com os resultados recentes.<\/p>\n\n\n\n<p>\u2014 <em>Voc\u00eas da imprensa e os torcedores dizem que ele \u00e9 retranqueiro, mas nos \u00faltimos quatro jogos, o time fez oito gols e n\u00e3o tomou nenhum. \u00c9 o melhor ataque, e a segunda melhor defesa e voc\u00eas ainda criticam? Querem quem? O Sampaoli<\/em>? -, provocou Neto.<\/p>\n\n\n\n<p>Ele seguiu elogiando o trabalho de Carille no Santos, lembrando de conquistas como os tr\u00eas t\u00edtulos paulistas no comando do Corinthians e o vice-campeonato estadual com o Peixe.<\/p>\n\n\n\n<p>Com o acesso garantido, o Santos agora concentra suas aten\u00e7\u00f5es no confronto contra o CRB, marcado para domingo (17) na Vila Belmiro. Um empate basta para assegurar o t\u00edtulo da S\u00e9rie B, coroando a campanha que levou o Peixe de volta \u00e0 S\u00e9rie A.<\/p>\n","protected":false},"excerpt":{"rendered":"<p>&#8220;V\u00e3o cair de novo&#8221;, disse o apresentador Ap\u00f3s a vit\u00f3ria que garantiu o retorno do Santos \u00e0 S\u00e9rie A, o ex-jogador e apresentador Craque Neto fez uma an\u00e1lise incisiva sobre o futuro do clube em 2025. Durante o programa &#8220;Os Donos da Bola&#8221;, nesta ter\u00e7a-feira (12), Neto ressaltou a import\u00e2ncia de refor\u00e7os para que o [&hellip;]<\/p>\n","protected":false},"author":17,"featured_media":71983,"comment_status":"open","ping_status":"closed","sticky":false,"template":"","format":"standard","meta":{"footnotes":""},"categories":[139],"tags":[],"class_list":["post-184460","post","type-post","status-publish","format-standard","has-post-thumbnail","hentry","category-santos"],"yoast_head":"<!-- This site is optimized with the Yoast SEO Premium plugin v24.2 (Yoast SEO v26.9) - https:\/\/yoast.com\/product\/yoast-seo-premium-wordpress\/ -->\n<title>A declara\u00e7\u00e3o do Craque Neto direcionada ao time do Santos<\/title>\n<meta name=\"robots\" content=\"index, follow, max-snippet:-1, max-image-preview:large, max-video-preview:-1\" \/>\n<link rel=\"canonical\" href=\"https:\/\/www.gaveanews.com\/index.php\/2024\/11\/12\/a-declaracao-do-craque-neto-direcionada-ao-time-do-santos\/\" \/>\n<meta property=\"og:locale\" content=\"pt_BR\" \/>\n<meta property=\"og:type\" content=\"article\" \/>\n<meta property=\"og:title\" content=\"A declara\u00e7\u00e3o do Craque Neto direcionada ao time do Santos\" \/>\n<meta property=\"og:description\" content=\"&#8220;V\u00e3o cair de novo&#8221;, disse o apresentador Ap\u00f3s a vit\u00f3ria que garantiu o retorno do Santos \u00e0 S\u00e9rie A, o ex-jogador e apresentador Craque Neto fez uma an\u00e1lise incisiva sobre o futuro do clube em 2025. Durante o programa &#8220;Os Donos da Bola&#8221;, nesta ter\u00e7a-feira (12), Neto ressaltou a import\u00e2ncia de refor\u00e7os para que o [&hellip;]\" \/>\n<meta property=\"og:url\" content=\"https:\/\/www.gaveanews.com\/index.php\/2024\/11\/12\/a-declaracao-do-craque-neto-direcionada-ao-time-do-santos\/\" \/>\n<meta property=\"og:site_name\" content=\"G\u00e1vea News\" \/>\n<meta property=\"article:publisher\" content=\"https:\/\/facebook.com\/gaveaNews\/\" \/>\n<meta property=\"article:published_time\" content=\"2024-11-12T22:45:00+00:00\" \/>\n<meta property=\"og:image\" content=\"https:\/\/www.gaveanews.com\/wp-content\/uploads\/Comentarista-Neto-em-programa-da-Band.webp\" \/>\n\t<meta property=\"og:image:width\" content=\"846\" \/>\n\t<meta property=\"og:image:height\" content=\"476\" \/>\n\t<meta property=\"og:image:type\" content=\"image\/jpeg\" \/>\n<meta name=\"author\" content=\"Geovanna Thomaz\" \/>\n<meta name=\"twitter:card\" content=\"summary_large_image\" \/>\n<meta name=\"twitter:label1\" content=\"Escrito por\" \/>\n\t<meta name=\"twitter:data1\" content=\"Geovanna Thomaz\" \/>\n\t<meta name=\"twitter:label2\" content=\"Est. tempo de leitura\" \/>\n\t<meta name=\"twitter:data2\" content=\"3 minutos\" \/>\n<script type=\"application\/ld+json\" class=\"yoast-schema-graph\">{\"@context\":\"https:\/\/schema.org\",\"@graph\":[{\"@type\":\"NewsArticle\",\"@id\":\"https:\/\/www.gaveanews.com\/index.php\/2024\/11\/12\/a-declaracao-do-craque-neto-direcionada-ao-time-do-santos\/#article\",\"isPartOf\":{\"@id\":\"https:\/\/www.gaveanews.com\/index.php\/2024\/11\/12\/a-declaracao-do-craque-neto-direcionada-ao-time-do-santos\/\"},\"author\":{\"name\":\"Geovanna Thomaz\",\"@id\":\"https:\/\/www.gaveanews.com\/#\/schema\/person\/f42654babcd2b2014a1a65af82b081f1\"},\"headline\":\"A declara\u00e7\u00e3o do Craque Neto direcionada ao time do Santos\",\"datePublished\":\"2024-11-12T22:45:00+00:00\",\"mainEntityOfPage\":{\"@id\":\"https:\/\/www.gaveanews.com\/index.php\/2024\/11\/12\/a-declaracao-do-craque-neto-direcionada-ao-time-do-santos\/\"},\"wordCount\":376,\"commentCount\":0,\"image\":{\"@id\":\"https:\/\/www.gaveanews.com\/index.php\/2024\/11\/12\/a-declaracao-do-craque-neto-direcionada-ao-time-do-santos\/#primaryimage\"},\"thumbnailUrl\":\"https:\/\/www.gaveanews.com\/wp-content\/uploads\/Comentarista-Neto-em-programa-da-Band.webp\",\"articleSection\":[\"Santos\"],\"inLanguage\":\"pt-BR\",\"potentialAction\":[{\"@type\":\"CommentAction\",\"name\":\"Comment\",\"target\":[\"https:\/\/www.gaveanews.com\/index.php\/2024\/11\/12\/a-declaracao-do-craque-neto-direcionada-ao-time-do-santos\/#respond\"]}],\"copyrightYear\":\"2024\",\"copyrightHolder\":{\"@id\":\"https:\/\/www.gaveanews.com\/#organization\"}},{\"@type\":\"WebPage\",\"@id\":\"https:\/\/www.gaveanews.com\/index.php\/2024\/11\/12\/a-declaracao-do-craque-neto-direcionada-ao-time-do-santos\/\",\"url\":\"https:\/\/www.gaveanews.com\/index.php\/2024\/11\/12\/a-declaracao-do-craque-neto-direcionada-ao-time-do-santos\/\",\"name\":\"A declara\u00e7\u00e3o do Craque Neto direcionada ao time do Santos\",\"isPartOf\":{\"@id\":\"https:\/\/www.gaveanews.com\/#website\"},\"primaryImageOfPage\":{\"@id\":\"https:\/\/www.gaveanews.com\/index.php\/2024\/11\/12\/a-declaracao-do-craque-neto-direcionada-ao-time-do-santos\/#primaryimage\"},\"image\":{\"@id\":\"https:\/\/www.gaveanews.com\/index.php\/2024\/11\/12\/a-declaracao-do-craque-neto-direcionada-ao-time-do-santos\/#primaryimage\"},\"thumbnailUrl\":\"https:\/\/www.gaveanews.com\/wp-content\/uploads\/Comentarista-Neto-em-programa-da-Band.webp\",\"datePublished\":\"2024-11-12T22:45:00+00:00\",\"author\":{\"@id\":\"https:\/\/www.gaveanews.com\/#\/schema\/person\/f42654babcd2b2014a1a65af82b081f1\"},\"breadcrumb\":{\"@id\":\"https:\/\/www.gaveanews.com\/index.php\/2024\/11\/12\/a-declaracao-do-craque-neto-direcionada-ao-time-do-santos\/#breadcrumb\"},\"inLanguage\":\"pt-BR\",\"potentialAction\":[{\"@type\":\"ReadAction\",\"target\":[\"https:\/\/www.gaveanews.com\/index.php\/2024\/11\/12\/a-declaracao-do-craque-neto-direcionada-ao-time-do-santos\/\"]}]},{\"@type\":\"ImageObject\",\"inLanguage\":\"pt-BR\",\"@id\":\"https:\/\/www.gaveanews.com\/index.php\/2024\/11\/12\/a-declaracao-do-craque-neto-direcionada-ao-time-do-santos\/#primaryimage\",\"url\":\"https:\/\/www.gaveanews.com\/wp-content\/uploads\/Comentarista-Neto-em-programa-da-Band.webp\",\"contentUrl\":\"https:\/\/www.gaveanews.com\/wp-content\/uploads\/Comentarista-Neto-em-programa-da-Band.webp\",\"width\":846,\"height\":476,\"caption\":\"Comentarista Neto em programa da Band (Foto: Reprodu\u00e7\u00e3o\/Band)\"},{\"@type\":\"BreadcrumbList\",\"@id\":\"https:\/\/www.gaveanews.com\/index.php\/2024\/11\/12\/a-declaracao-do-craque-neto-direcionada-ao-time-do-santos\/#breadcrumb\",\"itemListElement\":[{\"@type\":\"ListItem\",\"position\":1,\"name\":\"Home\",\"item\":\"https:\/\/www.gaveanews.com\/\"},{\"@type\":\"ListItem\",\"position\":2,\"name\":\"A declara\u00e7\u00e3o do Craque Neto direcionada ao time do Santos\"}]},{\"@type\":\"WebSite\",\"@id\":\"https:\/\/www.gaveanews.com\/#website\",\"url\":\"https:\/\/www.gaveanews.com\/\",\"name\":\"G\u00e1vea News\",\"description\":\"Veja todas as not\u00edcias sobre o Flamengo: Contrata\u00e7\u00f5es, categorias de base, resultados das partidas, tabela de classifica\u00e7\u00e3o, pr\u00f3ximos jogos!\",\"potentialAction\":[{\"@type\":\"SearchAction\",\"target\":{\"@type\":\"EntryPoint\",\"urlTemplate\":\"https:\/\/www.gaveanews.com\/?s={search_term_string}\"},\"query-input\":{\"@type\":\"PropertyValueSpecification\",\"valueRequired\":true,\"valueName\":\"search_term_string\"}}],\"inLanguage\":\"pt-BR\"},{\"@type\":\"Person\",\"@id\":\"https:\/\/www.gaveanews.com\/#\/schema\/person\/f42654babcd2b2014a1a65af82b081f1\",\"name\":\"Geovanna Thomaz\",\"image\":{\"@type\":\"ImageObject\",\"inLanguage\":\"pt-BR\",\"@id\":\"https:\/\/www.gaveanews.com\/#\/schema\/person\/image\/\",\"url\":\"https:\/\/secure.gravatar.com\/avatar\/4092073255489533afb558984b49b64268c47198af8623cc82a925ae9fb7118a?s=96&d=mm&r=g\",\"contentUrl\":\"https:\/\/secure.gravatar.com\/avatar\/4092073255489533afb558984b49b64268c47198af8623cc82a925ae9fb7118a?s=96&d=mm&r=g\",\"caption\":\"Geovanna Thomaz\"}}]}<\/script>\n<!-- \/ Yoast SEO Premium plugin. -->","yoast_head_json":{"title":"A declara\u00e7\u00e3o do Craque Neto direcionada ao time do Santos","robots":{"index":"index","follow":"follow","max-snippet":"max-snippet:-1","max-image-preview":"max-image-preview:large","max-video-preview":"max-video-preview:-1"},"canonical":"https:\/\/www.gaveanews.com\/index.php\/2024\/11\/12\/a-declaracao-do-craque-neto-direcionada-ao-time-do-santos\/","og_locale":"pt_BR","og_type":"article","og_title":"A declara\u00e7\u00e3o do Craque Neto direcionada ao time do Santos","og_description":"&#8220;V\u00e3o cair de novo&#8221;, disse o apresentador Ap\u00f3s a vit\u00f3ria que garantiu o retorno do Santos \u00e0 S\u00e9rie A, o ex-jogador e apresentador Craque Neto fez uma an\u00e1lise incisiva sobre o futuro do clube em 2025. Durante o programa &#8220;Os Donos da Bola&#8221;, nesta ter\u00e7a-feira (12), Neto ressaltou a import\u00e2ncia de refor\u00e7os para que o [&hellip;]","og_url":"https:\/\/www.gaveanews.com\/index.php\/2024\/11\/12\/a-declaracao-do-craque-neto-direcionada-ao-time-do-santos\/","og_site_name":"G\u00e1vea News","article_publisher":"https:\/\/facebook.com\/gaveaNews\/","article_published_time":"2024-11-12T22:45:00+00:00","og_image":[{"width":846,"height":476,"url":"https:\/\/www.gaveanews.com\/wp-content\/uploads\/Comentarista-Neto-em-programa-da-Band.webp","type":"image\/jpeg"}],"author":"Geovanna Thomaz","twitter_card":"summary_large_image","twitter_misc":{"Escrito por":"Geovanna Thomaz","Est. tempo de leitura":"3 minutos"},"schema":{"@context":"https:\/\/schema.org","@graph":[{"@type":"NewsArticle","@id":"https:\/\/www.gaveanews.com\/index.php\/2024\/11\/12\/a-declaracao-do-craque-neto-direcionada-ao-time-do-santos\/#article","isPartOf":{"@id":"https:\/\/www.gaveanews.com\/index.php\/2024\/11\/12\/a-declaracao-do-craque-neto-direcionada-ao-time-do-santos\/"},"author":{"name":"Geovanna Thomaz","@id":"https:\/\/www.gaveanews.com\/#\/schema\/person\/f42654babcd2b2014a1a65af82b081f1"},"headline":"A declara\u00e7\u00e3o do Craque Neto direcionada ao time do Santos","datePublished":"2024-11-12T22:45:00+00:00","mainEntityOfPage":{"@id":"https:\/\/www.gaveanews.com\/index.php\/2024\/11\/12\/a-declaracao-do-craque-neto-direcionada-ao-time-do-santos\/"},"wordCount":376,"commentCount":0,"image":{"@id":"https:\/\/www.gaveanews.com\/index.php\/2024\/11\/12\/a-declaracao-do-craque-neto-direcionada-ao-time-do-santos\/#primaryimage"},"thumbnailUrl":"https:\/\/www.gaveanews.com\/wp-content\/uploads\/Comentarista-Neto-em-programa-da-Band.webp","articleSection":["Santos"],"inLanguage":"pt-BR","potentialAction":[{"@type":"CommentAction","name":"Comment","target":["https:\/\/www.gaveanews.com\/index.php\/2024\/11\/12\/a-declaracao-do-craque-neto-direcionada-ao-time-do-santos\/#respond"]}],"copyrightYear":"2024","copyrightHolder":{"@id":"https:\/\/www.gaveanews.com\/#organization"}},{"@type":"WebPage","@id":"https:\/\/www.gaveanews.com\/index.php\/2024\/11\/12\/a-declaracao-do-craque-neto-direcionada-ao-time-do-santos\/","url":"https:\/\/www.gaveanews.com\/index.php\/2024\/11\/12\/a-declaracao-do-craque-neto-direcionada-ao-time-do-santos\/","name":"A declara\u00e7\u00e3o do Craque Neto direcionada ao time do Santos","isPartOf":{"@id":"https:\/\/www.gaveanews.com\/#website"},"primaryImageOfPage":{"@id":"https:\/\/www.gaveanews.com\/index.php\/2024\/11\/12\/a-declaracao-do-craque-neto-direcionada-ao-time-do-santos\/#primaryimage"},"image":{"@id":"https:\/\/www.gaveanews.com\/index.php\/2024\/11\/12\/a-declaracao-do-craque-neto-direcionada-ao-time-do-santos\/#primaryimage"},"thumbnailUrl":"https:\/\/www.gaveanews.com\/wp-content\/uploads\/Comentarista-Neto-em-programa-da-Band.webp","datePublished":"2024-11-12T22:45:00+00:00","author":{"@id":"https:\/\/www.gaveanews.com\/#\/schema\/person\/f42654babcd2b2014a1a65af82b081f1"},"breadcrumb":{"@id":"https:\/\/www.gaveanews.com\/index.php\/2024\/11\/12\/a-declaracao-do-craque-neto-direcionada-ao-time-do-santos\/#breadcrumb"},"inLanguage":"pt-BR","potentialAction":[{"@type":"ReadAction","target":["https:\/\/www.gaveanews.com\/index.php\/2024\/11\/12\/a-declaracao-do-craque-neto-direcionada-ao-time-do-santos\/"]}]},{"@type":"ImageObject","inLanguage":"pt-BR","@id":"https:\/\/www.gaveanews.com\/index.php\/2024\/11\/12\/a-declaracao-do-craque-neto-direcionada-ao-time-do-santos\/#primaryimage","url":"https:\/\/www.gaveanews.com\/wp-content\/uploads\/Comentarista-Neto-em-programa-da-Band.webp","contentUrl":"https:\/\/www.gaveanews.com\/wp-content\/uploads\/Comentarista-Neto-em-programa-da-Band.webp","width":846,"height":476,"caption":"Comentarista Neto em programa da Band (Foto: Reprodu\u00e7\u00e3o\/Band)"},{"@type":"BreadcrumbList","@id":"https:\/\/www.gaveanews.com\/index.php\/2024\/11\/12\/a-declaracao-do-craque-neto-direcionada-ao-time-do-santos\/#breadcrumb","itemListElement":[{"@type":"ListItem","position":1,"name":"Home","item":"https:\/\/www.gaveanews.com\/"},{"@type":"ListItem","position":2,"name":"A declara\u00e7\u00e3o do Craque Neto direcionada ao time do Santos"}]},{"@type":"WebSite","@id":"https:\/\/www.gaveanews.com\/#website","url":"https:\/\/www.gaveanews.com\/","name":"G\u00e1vea News","description":"Veja todas as not\u00edcias sobre o Flamengo: Contrata\u00e7\u00f5es, categorias de base, resultados das partidas, tabela de classifica\u00e7\u00e3o, pr\u00f3ximos jogos!","potentialAction":[{"@type":"SearchAction","target":{"@type":"EntryPoint","urlTemplate":"https:\/\/www.gaveanews.com\/?s={search_term_string}"},"query-input":{"@type":"PropertyValueSpecification","valueRequired":true,"valueName":"search_term_string"}}],"inLanguage":"pt-BR"},{"@type":"Person","@id":"https:\/\/www.gaveanews.com\/#\/schema\/person\/f42654babcd2b2014a1a65af82b081f1","name":"Geovanna Thomaz","image":{"@type":"ImageObject","inLanguage":"pt-BR","@id":"https:\/\/www.gaveanews.com\/#\/schema\/person\/image\/","url":"https:\/\/secure.gravatar.com\/avatar\/4092073255489533afb558984b49b64268c47198af8623cc82a925ae9fb7118a?s=96&d=mm&r=g","contentUrl":"https:\/\/secure.gravatar.com\/avatar\/4092073255489533afb558984b49b64268c47198af8623cc82a925ae9fb7118a?s=96&d=mm&r=g","caption":"Geovanna Thomaz"}}]}},"_links":{"self":[{"href":"https:\/\/www.gaveanews.com\/index.php\/wp-json\/wp\/v2\/posts\/184460","targetHints":{"allow":["GET"]}}],"collection":[{"href":"https:\/\/www.gaveanews.com\/index.php\/wp-json\/wp\/v2\/posts"}],"about":[{"href":"https:\/\/www.gaveanews.com\/index.php\/wp-json\/wp\/v2\/types\/post"}],"author":[{"embeddable":true,"href":"https:\/\/www.gaveanews.com\/index.php\/wp-json\/wp\/v2\/users\/17"}],"replies":[{"embeddable":true,"href":"https:\/\/www.gaveanews.com\/index.php\/wp-json\/wp\/v2\/comments?post=184460"}],"version-history":[{"count":2,"href":"https:\/\/www.gaveanews.com\/index.php\/wp-json\/wp\/v2\/posts\/184460\/revisions"}],"predecessor-version":[{"id":184486,"href":"https:\/\/www.gaveanews.com\/index.php\/wp-json\/wp\/v2\/posts\/184460\/revisions\/184486"}],"wp:featuredmedia":[{"embeddable":true,"href":"https:\/\/www.gaveanews.com\/index.php\/wp-json\/wp\/v2\/media\/71983"}],"wp:attachment":[{"href":"https:\/\/www.gaveanews.com\/index.php\/wp-json\/wp\/v2\/media?parent=184460"}],"wp:term":[{"taxonomy":"category","embeddable":true,"href":"https:\/\/www.gaveanews.com\/index.php\/wp-json\/wp\/v2\/categories?post=184460"},{"taxonomy":"post_tag","embeddable":true,"href":"https:\/\/www.gaveanews.com\/index.php\/wp-json\/wp\/v2\/tags?post=184460"}],"curies":[{"name":"wp","href":"https:\/\/api.w.org\/{rel}","templated":true}]}}