{"id":18462,"date":"2019-04-25T09:00:34","date_gmt":"2019-04-25T12:00:34","guid":{"rendered":"https:\/\/www.gaveanews.com\/?p=18462"},"modified":"2019-04-25T03:25:09","modified_gmt":"2019-04-25T06:25:09","slug":"revelacao-do-flamengo-marca-golaco-de-antes-do-meio-do-campo-durante-o-campeonato-carioca-assista","status":"publish","type":"post","link":"https:\/\/www.gaveanews.com\/index.php\/2019\/04\/25\/revelacao-do-flamengo-marca-golaco-de-antes-do-meio-do-campo-durante-o-campeonato-carioca-assista\/","title":{"rendered":"Revela\u00e7\u00e3o do Flamengo marca gola\u00e7o de antes do meio do campo durante o Campeonato Carioca; assista"},"content":{"rendered":"\n<p>O Flamengo conseguiu um empate contra o Volta Redonda em 4 a 4, pela quarta rodada da Ta\u00e7a Guanabara, o primeiro turno do Campeonato Carioca Sub-15. O grande destaque do duelo, em Volta Redonda, na ter\u00e7a-feira, foi Fabricio Yan, que marcou duas vezes, uma delas com um gola\u00e7o do meio de campo.<\/p>\n\n\n\n<p>Ainda no primeiro tempo, ap\u00f3s o Volta Redonda empatar em 1 a 1, Fabricio Yan percebeu o goleiro advers\u00e1rio adiantado, bateu do meio da rua e fez um verdadeiro gola\u00e7o, daqueles gols de placa, que recolocou os Garotos do Ninho na frente.<\/p>\n\n\n\n<p><strong>Assista o gola\u00e7o abaixo:<\/strong><\/p>\n\n\n\n<figure class=\"wp-block-embed-youtube wp-block-embed is-type-video is-provider-youtube wp-embed-aspect-16-9 wp-has-aspect-ratio\"><div class=\"wp-block-embed__wrapper\">\n<iframe loading=\"lazy\" title=\"Gola\u00e7o de Fabricio Yan\" width=\"640\" height=\"360\" src=\"https:\/\/www.youtube.com\/embed\/SU6cgSPIw3o?feature=oembed\" frameborder=\"0\" allow=\"accelerometer; autoplay; clipboard-write; encrypted-media; gyroscope; picture-in-picture; web-share\" referrerpolicy=\"strict-origin-when-cross-origin\" allowfullscreen><\/iframe>\n<\/div><\/figure>\n\n\n\n<p>&#8220;S\u00f3 agradecer a Deus!&#8217;, escreveu o menino em suas redes sociais.<\/p>\n\n\n\n<p>O jogo ainda teve reviravoltas no tempo normal, at\u00e9 que os jovens do Flamengo garantiram o importante ponto extra vencendo as cobran\u00e7as de penalidades por 4 a 3. Com o resultado, o time perde os 100% de aproveitamento na competi\u00e7\u00e3o, mas permanece na lideran\u00e7a do Grupo B, com 11 pontos e saldo superior ao do Vasco, que tem a mesma pontua\u00e7\u00e3o.<\/p>\n\n\n\n<p>No pr\u00f3ximo s\u00e1bado, o Rubro-Negro recebe o Maca\u00e9, na G\u00e1vea, \u00e0s 15h20.<\/p>\n\n\n\n\n\n<p>Retirado de: Extra<\/p>\n","protected":false},"excerpt":{"rendered":"<p>O Flamengo conseguiu um empate contra o Volta Redonda em 4 a 4, pela quarta rodada da Ta\u00e7a Guanabara, o primeiro turno do Campeonato Carioca Sub-15. O grande destaque do duelo, em Volta Redonda, na ter\u00e7a-feira, foi Fabricio Yan, que marcou duas vezes, uma delas com um gola\u00e7o do meio de campo. Ainda no primeiro [&hellip;]<\/p>\n","protected":false},"author":1,"featured_media":18468,"comment_status":"open","ping_status":"open","sticky":false,"template":"","format":"standard","meta":{"footnotes":""},"categories":[40],"tags":[],"class_list":["post-18462","post","type-post","status-publish","format-standard","has-post-thumbnail","hentry","category-video"],"yoast_head":"<!-- This site is optimized with the Yoast SEO Premium plugin v24.2 (Yoast SEO v26.9) - https:\/\/yoast.com\/product\/yoast-seo-premium-wordpress\/ -->\n<title>Revela\u00e7\u00e3o do Flamengo marca gola\u00e7o de antes do meio do campo durante o Campeonato Carioca; assista<\/title>\n<meta name=\"robots\" content=\"index, follow, max-snippet:-1, max-image-preview:large, max-video-preview:-1\" \/>\n<link rel=\"canonical\" href=\"https:\/\/www.gaveanews.com\/index.php\/2019\/04\/25\/revelacao-do-flamengo-marca-golaco-de-antes-do-meio-do-campo-durante-o-campeonato-carioca-assista\/\" \/>\n<meta property=\"og:locale\" content=\"pt_BR\" \/>\n<meta property=\"og:type\" content=\"article\" \/>\n<meta property=\"og:title\" content=\"Revela\u00e7\u00e3o do Flamengo marca gola\u00e7o de antes do meio do campo durante o Campeonato Carioca; assista\" \/>\n<meta property=\"og:description\" content=\"O Flamengo conseguiu um empate contra o Volta Redonda em 4 a 4, pela quarta rodada da Ta\u00e7a Guanabara, o primeiro turno do Campeonato Carioca Sub-15. O grande destaque do duelo, em Volta Redonda, na ter\u00e7a-feira, foi Fabricio Yan, que marcou duas vezes, uma delas com um gola\u00e7o do meio de campo. Ainda no primeiro [&hellip;]\" \/>\n<meta property=\"og:url\" content=\"https:\/\/www.gaveanews.com\/index.php\/2019\/04\/25\/revelacao-do-flamengo-marca-golaco-de-antes-do-meio-do-campo-durante-o-campeonato-carioca-assista\/\" \/>\n<meta property=\"og:site_name\" content=\"G\u00e1vea News\" \/>\n<meta property=\"article:publisher\" content=\"https:\/\/facebook.com\/gaveaNews\/\" \/>\n<meta property=\"article:published_time\" content=\"2019-04-25T12:00:34+00:00\" \/>\n<meta property=\"og:image\" content=\"https:\/\/www.gaveanews.com\/wp-content\/uploads\/2019\/04\/Fabricio-Yan-em-acao-pelo-Flamengo.webp\" \/>\n\t<meta property=\"og:image:width\" content=\"1\" \/>\n\t<meta property=\"og:image:height\" content=\"1\" \/>\n\t<meta property=\"og:image:type\" content=\"image\/jpeg\" \/>\n<meta name=\"author\" content=\"Equipe G\u00e1vea News\" \/>\n<meta name=\"twitter:card\" content=\"summary_large_image\" \/>\n<meta name=\"twitter:label1\" content=\"Escrito por\" \/>\n\t<meta name=\"twitter:data1\" content=\"Equipe G\u00e1vea News\" \/>\n\t<meta name=\"twitter:label2\" content=\"Est. tempo de leitura\" \/>\n\t<meta name=\"twitter:data2\" content=\"1 minuto\" \/>\n<script type=\"application\/ld+json\" class=\"yoast-schema-graph\">{\"@context\":\"https:\/\/schema.org\",\"@graph\":[{\"@type\":\"NewsArticle\",\"@id\":\"https:\/\/www.gaveanews.com\/index.php\/2019\/04\/25\/revelacao-do-flamengo-marca-golaco-de-antes-do-meio-do-campo-durante-o-campeonato-carioca-assista\/#article\",\"isPartOf\":{\"@id\":\"https:\/\/www.gaveanews.com\/index.php\/2019\/04\/25\/revelacao-do-flamengo-marca-golaco-de-antes-do-meio-do-campo-durante-o-campeonato-carioca-assista\/\"},\"author\":{\"name\":\"Equipe G\u00e1vea News\",\"@id\":\"https:\/\/www.gaveanews.com\/#\/schema\/person\/2ec14f73fb96be2caf28f91afb14749d\"},\"headline\":\"Revela\u00e7\u00e3o do Flamengo marca gola\u00e7o de antes do meio do campo durante o Campeonato Carioca; assista\",\"datePublished\":\"2019-04-25T12:00:34+00:00\",\"mainEntityOfPage\":{\"@id\":\"https:\/\/www.gaveanews.com\/index.php\/2019\/04\/25\/revelacao-do-flamengo-marca-golaco-de-antes-do-meio-do-campo-durante-o-campeonato-carioca-assista\/\"},\"wordCount\":222,\"commentCount\":0,\"image\":{\"@id\":\"https:\/\/www.gaveanews.com\/index.php\/2019\/04\/25\/revelacao-do-flamengo-marca-golaco-de-antes-do-meio-do-campo-durante-o-campeonato-carioca-assista\/#primaryimage\"},\"thumbnailUrl\":\"https:\/\/www.gaveanews.com\/wp-content\/uploads\/2019\/04\/Fabricio-Yan-em-acao-pelo-Flamengo.webp\",\"articleSection\":[\"V\u00eddeos\"],\"inLanguage\":\"pt-BR\",\"potentialAction\":[{\"@type\":\"CommentAction\",\"name\":\"Comment\",\"target\":[\"https:\/\/www.gaveanews.com\/index.php\/2019\/04\/25\/revelacao-do-flamengo-marca-golaco-de-antes-do-meio-do-campo-durante-o-campeonato-carioca-assista\/#respond\"]}],\"copyrightYear\":\"2019\",\"copyrightHolder\":{\"@id\":\"https:\/\/www.gaveanews.com\/#organization\"}},{\"@type\":\"WebPage\",\"@id\":\"https:\/\/www.gaveanews.com\/index.php\/2019\/04\/25\/revelacao-do-flamengo-marca-golaco-de-antes-do-meio-do-campo-durante-o-campeonato-carioca-assista\/\",\"url\":\"https:\/\/www.gaveanews.com\/index.php\/2019\/04\/25\/revelacao-do-flamengo-marca-golaco-de-antes-do-meio-do-campo-durante-o-campeonato-carioca-assista\/\",\"name\":\"Revela\u00e7\u00e3o do Flamengo marca gola\u00e7o de antes do meio do campo durante o Campeonato Carioca; assista\",\"isPartOf\":{\"@id\":\"https:\/\/www.gaveanews.com\/#website\"},\"primaryImageOfPage\":{\"@id\":\"https:\/\/www.gaveanews.com\/index.php\/2019\/04\/25\/revelacao-do-flamengo-marca-golaco-de-antes-do-meio-do-campo-durante-o-campeonato-carioca-assista\/#primaryimage\"},\"image\":{\"@id\":\"https:\/\/www.gaveanews.com\/index.php\/2019\/04\/25\/revelacao-do-flamengo-marca-golaco-de-antes-do-meio-do-campo-durante-o-campeonato-carioca-assista\/#primaryimage\"},\"thumbnailUrl\":\"https:\/\/www.gaveanews.com\/wp-content\/uploads\/2019\/04\/Fabricio-Yan-em-acao-pelo-Flamengo.webp\",\"datePublished\":\"2019-04-25T12:00:34+00:00\",\"author\":{\"@id\":\"https:\/\/www.gaveanews.com\/#\/schema\/person\/2ec14f73fb96be2caf28f91afb14749d\"},\"breadcrumb\":{\"@id\":\"https:\/\/www.gaveanews.com\/index.php\/2019\/04\/25\/revelacao-do-flamengo-marca-golaco-de-antes-do-meio-do-campo-durante-o-campeonato-carioca-assista\/#breadcrumb\"},\"inLanguage\":\"pt-BR\",\"potentialAction\":[{\"@type\":\"ReadAction\",\"target\":[\"https:\/\/www.gaveanews.com\/index.php\/2019\/04\/25\/revelacao-do-flamengo-marca-golaco-de-antes-do-meio-do-campo-durante-o-campeonato-carioca-assista\/\"]}]},{\"@type\":\"ImageObject\",\"inLanguage\":\"pt-BR\",\"@id\":\"https:\/\/www.gaveanews.com\/index.php\/2019\/04\/25\/revelacao-do-flamengo-marca-golaco-de-antes-do-meio-do-campo-durante-o-campeonato-carioca-assista\/#primaryimage\",\"url\":\"https:\/\/www.gaveanews.com\/wp-content\/uploads\/2019\/04\/Fabricio-Yan-em-acao-pelo-Flamengo.webp\",\"contentUrl\":\"https:\/\/www.gaveanews.com\/wp-content\/uploads\/2019\/04\/Fabricio-Yan-em-acao-pelo-Flamengo.webp\",\"caption\":\"Fabricio Yan em a\u00e7\u00e3o pelo Flamengo (Foto: Reprodu\u00e7\u00e3o\/Instagram)\"},{\"@type\":\"BreadcrumbList\",\"@id\":\"https:\/\/www.gaveanews.com\/index.php\/2019\/04\/25\/revelacao-do-flamengo-marca-golaco-de-antes-do-meio-do-campo-durante-o-campeonato-carioca-assista\/#breadcrumb\",\"itemListElement\":[{\"@type\":\"ListItem\",\"position\":1,\"name\":\"Home\",\"item\":\"https:\/\/www.gaveanews.com\/\"},{\"@type\":\"ListItem\",\"position\":2,\"name\":\"Revela\u00e7\u00e3o do Flamengo marca gola\u00e7o de antes do meio do campo durante o Campeonato Carioca; assista\"}]},{\"@type\":\"WebSite\",\"@id\":\"https:\/\/www.gaveanews.com\/#website\",\"url\":\"https:\/\/www.gaveanews.com\/\",\"name\":\"G\u00e1vea News\",\"description\":\"Veja todas as not\u00edcias sobre o Flamengo: Contrata\u00e7\u00f5es, categorias de base, resultados das partidas, tabela de classifica\u00e7\u00e3o, pr\u00f3ximos jogos!\",\"potentialAction\":[{\"@type\":\"SearchAction\",\"target\":{\"@type\":\"EntryPoint\",\"urlTemplate\":\"https:\/\/www.gaveanews.com\/?s={search_term_string}\"},\"query-input\":{\"@type\":\"PropertyValueSpecification\",\"valueRequired\":true,\"valueName\":\"search_term_string\"}}],\"inLanguage\":\"pt-BR\"},{\"@type\":\"Person\",\"@id\":\"https:\/\/www.gaveanews.com\/#\/schema\/person\/2ec14f73fb96be2caf28f91afb14749d\",\"name\":\"Equipe G\u00e1vea News\",\"image\":{\"@type\":\"ImageObject\",\"inLanguage\":\"pt-BR\",\"@id\":\"https:\/\/www.gaveanews.com\/#\/schema\/person\/image\/\",\"url\":\"https:\/\/secure.gravatar.com\/avatar\/1e1956f1facbffd3f8fa53a326721950116b3b9dc9bd44939c01180fd4a745a9?s=96&d=mm&r=g\",\"contentUrl\":\"https:\/\/secure.gravatar.com\/avatar\/1e1956f1facbffd3f8fa53a326721950116b3b9dc9bd44939c01180fd4a745a9?s=96&d=mm&r=g\",\"caption\":\"Equipe G\u00e1vea News\"}}]}<\/script>\n<!-- \/ Yoast SEO Premium plugin. -->","yoast_head_json":{"title":"Revela\u00e7\u00e3o do Flamengo marca gola\u00e7o de antes do meio do campo durante o Campeonato Carioca; assista","robots":{"index":"index","follow":"follow","max-snippet":"max-snippet:-1","max-image-preview":"max-image-preview:large","max-video-preview":"max-video-preview:-1"},"canonical":"https:\/\/www.gaveanews.com\/index.php\/2019\/04\/25\/revelacao-do-flamengo-marca-golaco-de-antes-do-meio-do-campo-durante-o-campeonato-carioca-assista\/","og_locale":"pt_BR","og_type":"article","og_title":"Revela\u00e7\u00e3o do Flamengo marca gola\u00e7o de antes do meio do campo durante o Campeonato Carioca; assista","og_description":"O Flamengo conseguiu um empate contra o Volta Redonda em 4 a 4, pela quarta rodada da Ta\u00e7a Guanabara, o primeiro turno do Campeonato Carioca Sub-15. O grande destaque do duelo, em Volta Redonda, na ter\u00e7a-feira, foi Fabricio Yan, que marcou duas vezes, uma delas com um gola\u00e7o do meio de campo. Ainda no primeiro [&hellip;]","og_url":"https:\/\/www.gaveanews.com\/index.php\/2019\/04\/25\/revelacao-do-flamengo-marca-golaco-de-antes-do-meio-do-campo-durante-o-campeonato-carioca-assista\/","og_site_name":"G\u00e1vea News","article_publisher":"https:\/\/facebook.com\/gaveaNews\/","article_published_time":"2019-04-25T12:00:34+00:00","og_image":[{"url":"https:\/\/www.gaveanews.com\/wp-content\/uploads\/2019\/04\/Fabricio-Yan-em-acao-pelo-Flamengo.webp","width":1,"height":1,"type":"image\/jpeg"}],"author":"Equipe G\u00e1vea News","twitter_card":"summary_large_image","twitter_misc":{"Escrito por":"Equipe G\u00e1vea News","Est. tempo de leitura":"1 minuto"},"schema":{"@context":"https:\/\/schema.org","@graph":[{"@type":"NewsArticle","@id":"https:\/\/www.gaveanews.com\/index.php\/2019\/04\/25\/revelacao-do-flamengo-marca-golaco-de-antes-do-meio-do-campo-durante-o-campeonato-carioca-assista\/#article","isPartOf":{"@id":"https:\/\/www.gaveanews.com\/index.php\/2019\/04\/25\/revelacao-do-flamengo-marca-golaco-de-antes-do-meio-do-campo-durante-o-campeonato-carioca-assista\/"},"author":{"name":"Equipe G\u00e1vea News","@id":"https:\/\/www.gaveanews.com\/#\/schema\/person\/2ec14f73fb96be2caf28f91afb14749d"},"headline":"Revela\u00e7\u00e3o do Flamengo marca gola\u00e7o de antes do meio do campo durante o Campeonato Carioca; assista","datePublished":"2019-04-25T12:00:34+00:00","mainEntityOfPage":{"@id":"https:\/\/www.gaveanews.com\/index.php\/2019\/04\/25\/revelacao-do-flamengo-marca-golaco-de-antes-do-meio-do-campo-durante-o-campeonato-carioca-assista\/"},"wordCount":222,"commentCount":0,"image":{"@id":"https:\/\/www.gaveanews.com\/index.php\/2019\/04\/25\/revelacao-do-flamengo-marca-golaco-de-antes-do-meio-do-campo-durante-o-campeonato-carioca-assista\/#primaryimage"},"thumbnailUrl":"https:\/\/www.gaveanews.com\/wp-content\/uploads\/2019\/04\/Fabricio-Yan-em-acao-pelo-Flamengo.webp","articleSection":["V\u00eddeos"],"inLanguage":"pt-BR","potentialAction":[{"@type":"CommentAction","name":"Comment","target":["https:\/\/www.gaveanews.com\/index.php\/2019\/04\/25\/revelacao-do-flamengo-marca-golaco-de-antes-do-meio-do-campo-durante-o-campeonato-carioca-assista\/#respond"]}],"copyrightYear":"2019","copyrightHolder":{"@id":"https:\/\/www.gaveanews.com\/#organization"}},{"@type":"WebPage","@id":"https:\/\/www.gaveanews.com\/index.php\/2019\/04\/25\/revelacao-do-flamengo-marca-golaco-de-antes-do-meio-do-campo-durante-o-campeonato-carioca-assista\/","url":"https:\/\/www.gaveanews.com\/index.php\/2019\/04\/25\/revelacao-do-flamengo-marca-golaco-de-antes-do-meio-do-campo-durante-o-campeonato-carioca-assista\/","name":"Revela\u00e7\u00e3o do Flamengo marca gola\u00e7o de antes do meio do campo durante o Campeonato Carioca; assista","isPartOf":{"@id":"https:\/\/www.gaveanews.com\/#website"},"primaryImageOfPage":{"@id":"https:\/\/www.gaveanews.com\/index.php\/2019\/04\/25\/revelacao-do-flamengo-marca-golaco-de-antes-do-meio-do-campo-durante-o-campeonato-carioca-assista\/#primaryimage"},"image":{"@id":"https:\/\/www.gaveanews.com\/index.php\/2019\/04\/25\/revelacao-do-flamengo-marca-golaco-de-antes-do-meio-do-campo-durante-o-campeonato-carioca-assista\/#primaryimage"},"thumbnailUrl":"https:\/\/www.gaveanews.com\/wp-content\/uploads\/2019\/04\/Fabricio-Yan-em-acao-pelo-Flamengo.webp","datePublished":"2019-04-25T12:00:34+00:00","author":{"@id":"https:\/\/www.gaveanews.com\/#\/schema\/person\/2ec14f73fb96be2caf28f91afb14749d"},"breadcrumb":{"@id":"https:\/\/www.gaveanews.com\/index.php\/2019\/04\/25\/revelacao-do-flamengo-marca-golaco-de-antes-do-meio-do-campo-durante-o-campeonato-carioca-assista\/#breadcrumb"},"inLanguage":"pt-BR","potentialAction":[{"@type":"ReadAction","target":["https:\/\/www.gaveanews.com\/index.php\/2019\/04\/25\/revelacao-do-flamengo-marca-golaco-de-antes-do-meio-do-campo-durante-o-campeonato-carioca-assista\/"]}]},{"@type":"ImageObject","inLanguage":"pt-BR","@id":"https:\/\/www.gaveanews.com\/index.php\/2019\/04\/25\/revelacao-do-flamengo-marca-golaco-de-antes-do-meio-do-campo-durante-o-campeonato-carioca-assista\/#primaryimage","url":"https:\/\/www.gaveanews.com\/wp-content\/uploads\/2019\/04\/Fabricio-Yan-em-acao-pelo-Flamengo.webp","contentUrl":"https:\/\/www.gaveanews.com\/wp-content\/uploads\/2019\/04\/Fabricio-Yan-em-acao-pelo-Flamengo.webp","caption":"Fabricio Yan em a\u00e7\u00e3o pelo Flamengo (Foto: Reprodu\u00e7\u00e3o\/Instagram)"},{"@type":"BreadcrumbList","@id":"https:\/\/www.gaveanews.com\/index.php\/2019\/04\/25\/revelacao-do-flamengo-marca-golaco-de-antes-do-meio-do-campo-durante-o-campeonato-carioca-assista\/#breadcrumb","itemListElement":[{"@type":"ListItem","position":1,"name":"Home","item":"https:\/\/www.gaveanews.com\/"},{"@type":"ListItem","position":2,"name":"Revela\u00e7\u00e3o do Flamengo marca gola\u00e7o de antes do meio do campo durante o Campeonato Carioca; assista"}]},{"@type":"WebSite","@id":"https:\/\/www.gaveanews.com\/#website","url":"https:\/\/www.gaveanews.com\/","name":"G\u00e1vea News","description":"Veja todas as not\u00edcias sobre o Flamengo: Contrata\u00e7\u00f5es, categorias de base, resultados das partidas, tabela de classifica\u00e7\u00e3o, pr\u00f3ximos jogos!","potentialAction":[{"@type":"SearchAction","target":{"@type":"EntryPoint","urlTemplate":"https:\/\/www.gaveanews.com\/?s={search_term_string}"},"query-input":{"@type":"PropertyValueSpecification","valueRequired":true,"valueName":"search_term_string"}}],"inLanguage":"pt-BR"},{"@type":"Person","@id":"https:\/\/www.gaveanews.com\/#\/schema\/person\/2ec14f73fb96be2caf28f91afb14749d","name":"Equipe G\u00e1vea News","image":{"@type":"ImageObject","inLanguage":"pt-BR","@id":"https:\/\/www.gaveanews.com\/#\/schema\/person\/image\/","url":"https:\/\/secure.gravatar.com\/avatar\/1e1956f1facbffd3f8fa53a326721950116b3b9dc9bd44939c01180fd4a745a9?s=96&d=mm&r=g","contentUrl":"https:\/\/secure.gravatar.com\/avatar\/1e1956f1facbffd3f8fa53a326721950116b3b9dc9bd44939c01180fd4a745a9?s=96&d=mm&r=g","caption":"Equipe G\u00e1vea News"}}]}},"_links":{"self":[{"href":"https:\/\/www.gaveanews.com\/index.php\/wp-json\/wp\/v2\/posts\/18462","targetHints":{"allow":["GET"]}}],"collection":[{"href":"https:\/\/www.gaveanews.com\/index.php\/wp-json\/wp\/v2\/posts"}],"about":[{"href":"https:\/\/www.gaveanews.com\/index.php\/wp-json\/wp\/v2\/types\/post"}],"author":[{"embeddable":true,"href":"https:\/\/www.gaveanews.com\/index.php\/wp-json\/wp\/v2\/users\/1"}],"replies":[{"embeddable":true,"href":"https:\/\/www.gaveanews.com\/index.php\/wp-json\/wp\/v2\/comments?post=18462"}],"version-history":[{"count":0,"href":"https:\/\/www.gaveanews.com\/index.php\/wp-json\/wp\/v2\/posts\/18462\/revisions"}],"wp:featuredmedia":[{"embeddable":true,"href":"https:\/\/www.gaveanews.com\/index.php\/wp-json\/wp\/v2\/media\/18468"}],"wp:attachment":[{"href":"https:\/\/www.gaveanews.com\/index.php\/wp-json\/wp\/v2\/media?parent=18462"}],"wp:term":[{"taxonomy":"category","embeddable":true,"href":"https:\/\/www.gaveanews.com\/index.php\/wp-json\/wp\/v2\/categories?post=18462"},{"taxonomy":"post_tag","embeddable":true,"href":"https:\/\/www.gaveanews.com\/index.php\/wp-json\/wp\/v2\/tags?post=18462"}],"curies":[{"name":"wp","href":"https:\/\/api.w.org\/{rel}","templated":true}]}}