{"id":184642,"date":"2024-11-13T06:45:00","date_gmt":"2024-11-13T09:45:00","guid":{"rendered":"https:\/\/www.gaveanews.com\/?p=184642"},"modified":"2024-11-13T01:21:16","modified_gmt":"2024-11-13T04:21:16","slug":"situacao-envolvendo-vini-jr-declaracao-de-luxemburgo-e-substituto-de-militao-as-ultimas-noticias-do-real-madrid","status":"publish","type":"post","link":"https:\/\/www.gaveanews.com\/index.php\/2024\/11\/13\/situacao-envolvendo-vini-jr-declaracao-de-luxemburgo-e-substituto-de-militao-as-ultimas-noticias-do-real-madrid\/","title":{"rendered":"Situa\u00e7\u00e3o envolvendo Vini Jr, declara\u00e7\u00e3o de Luxemburgo e substituto de Milit\u00e3o: as \u00faltimas not\u00edcias do Real Madrid"},"content":{"rendered":"\n<p>Nas \u00faltimas horas, o foco das not\u00edcias sobre o Real Madrid se concentram nos bastidores do clube, com destaques como a declara\u00e7\u00e3o de Luxemburgo e substituto de Milit\u00e3o.<\/p>\n\n\n\n<p>Por conta deste contexto, leia abaixo um resumo preparado pela equipe do portal G\u00e1vea News para lhe manter muito bem informado!<\/p>\n\n\n\n<h2 class=\"wp-block-heading\" id=\"h-substituto-de-militao\">Substituto de Milit\u00e3o<\/h2>\n\n\n\n<p>Com a grave les\u00e3o de \u00c9der Milit\u00e3o, que o deixar\u00e1 fora da temporada, o Real Madrid intensifica a busca por um substituto na zaga para manter a solidez defensiva. A equipe de Carlo Ancelotti enfrenta dificuldades adicionais com a les\u00e3o de David Alaba, restando apenas Antonio R\u00fcdiger e Jes\u00fas Vallejo como zagueiros centrais dispon\u00edveis. Tr\u00eas potenciais refor\u00e7os est\u00e3o sendo avaliados pelo clube: Jonathan Tah, do Bayer Leverkusen; Aymeric Laporte, do Al Nassr; e Castello Lukeba, do RB Leipzig. <strong><a href=\"https:\/\/www.gaveanews.com\/index.php\/2024\/11\/12\/real-madrid-define-alvo-para-substituir-eder-militao\/\">(leia a mat\u00e9ria completa)<\/a><\/strong><\/p>\n\n\n\n<blockquote class=\"instagram-media\" data-instgrm-permalink=\"https:\/\/www.instagram.com\/p\/DCKo2unKJOF\/?utm_source=ig_embed&amp;utm_campaign=loading\" data-instgrm-version=\"14\" style=\" background:#FFF; border:0; border-radius:3px; box-shadow:0 0 1px 0 rgba(0,0,0,0.5),0 1px 10px 0 rgba(0,0,0,0.15); margin: 1px; max-width:540px; min-width:326px; padding:0; width:99.375%; width:-webkit-calc(100% - 2px); width:calc(100% - 2px);\"><div style=\"padding:16px;\"> <a href=\"https:\/\/www.instagram.com\/p\/DCKo2unKJOF\/?utm_source=ig_embed&amp;utm_campaign=loading\" style=\" background:#FFFFFF; line-height:0; padding:0 0; text-align:center; text-decoration:none; width:100%;\" target=\"_blank\" rel=\"noopener\"> <div style=\" display: flex; flex-direction: row; align-items: center;\"> <div style=\"background-color: #F4F4F4; border-radius: 50%; flex-grow: 0; height: 40px; margin-right: 14px; width: 40px;\"><\/div> <div style=\"display: flex; flex-direction: column; flex-grow: 1; justify-content: center;\"> <div style=\" background-color: #F4F4F4; border-radius: 4px; flex-grow: 0; height: 14px; margin-bottom: 6px; width: 100px;\"><\/div> <div style=\" background-color: #F4F4F4; border-radius: 4px; flex-grow: 0; height: 14px; width: 60px;\"><\/div><\/div><\/div><div style=\"padding: 19% 0;\"><\/div> <div style=\"display:block; height:50px; margin:0 auto 12px; width:50px;\"><svg width=\"50px\" height=\"50px\" viewBox=\"0 0 60 60\" version=\"1.1\" xmlns=\"https:\/\/www.w3.org\/2000\/svg\" xmlns:xlink=\"https:\/\/www.w3.org\/1999\/xlink\"><g stroke=\"none\" stroke-width=\"1\" fill=\"none\" fill-rule=\"evenodd\"><g transform=\"translate(-511.000000, -20.000000)\" fill=\"#000000\"><g><path d=\"M556.869,30.41 C554.814,30.41 553.148,32.076 553.148,34.131 C553.148,36.186 554.814,37.852 556.869,37.852 C558.924,37.852 560.59,36.186 560.59,34.131 C560.59,32.076 558.924,30.41 556.869,30.41 M541,60.657 C535.114,60.657 530.342,55.887 530.342,50 C530.342,44.114 535.114,39.342 541,39.342 C546.887,39.342 551.658,44.114 551.658,50 C551.658,55.887 546.887,60.657 541,60.657 M541,33.886 C532.1,33.886 524.886,41.1 524.886,50 C524.886,58.899 532.1,66.113 541,66.113 C549.9,66.113 557.115,58.899 557.115,50 C557.115,41.1 549.9,33.886 541,33.886 M565.378,62.101 C565.244,65.022 564.756,66.606 564.346,67.663 C563.803,69.06 563.154,70.057 562.106,71.106 C561.058,72.155 560.06,72.803 558.662,73.347 C557.607,73.757 556.021,74.244 553.102,74.378 C549.944,74.521 548.997,74.552 541,74.552 C533.003,74.552 532.056,74.521 528.898,74.378 C525.979,74.244 524.393,73.757 523.338,73.347 C521.94,72.803 520.942,72.155 519.894,71.106 C518.846,70.057 518.197,69.06 517.654,67.663 C517.244,66.606 516.755,65.022 516.623,62.101 C516.479,58.943 516.448,57.996 516.448,50 C516.448,42.003 516.479,41.056 516.623,37.899 C516.755,34.978 517.244,33.391 517.654,32.338 C518.197,30.938 518.846,29.942 519.894,28.894 C520.942,27.846 521.94,27.196 523.338,26.654 C524.393,26.244 525.979,25.756 528.898,25.623 C532.057,25.479 533.004,25.448 541,25.448 C548.997,25.448 549.943,25.479 553.102,25.623 C556.021,25.756 557.607,26.244 558.662,26.654 C560.06,27.196 561.058,27.846 562.106,28.894 C563.154,29.942 563.803,30.938 564.346,32.338 C564.756,33.391 565.244,34.978 565.378,37.899 C565.522,41.056 565.552,42.003 565.552,50 C565.552,57.996 565.522,58.943 565.378,62.101 M570.82,37.631 C570.674,34.438 570.167,32.258 569.425,30.349 C568.659,28.377 567.633,26.702 565.965,25.035 C564.297,23.368 562.623,22.342 560.652,21.575 C558.743,20.834 556.562,20.326 553.369,20.18 C550.169,20.033 549.148,20 541,20 C532.853,20 531.831,20.033 528.631,20.18 C525.438,20.326 523.257,20.834 521.349,21.575 C519.376,22.342 517.703,23.368 516.035,25.035 C514.368,26.702 513.342,28.377 512.574,30.349 C511.834,32.258 511.326,34.438 511.181,37.631 C511.035,40.831 511,41.851 511,50 C511,58.147 511.035,59.17 511.181,62.369 C511.326,65.562 511.834,67.743 512.574,69.651 C513.342,71.625 514.368,73.296 516.035,74.965 C517.703,76.634 519.376,77.658 521.349,78.425 C523.257,79.167 525.438,79.673 528.631,79.82 C531.831,79.965 532.853,80.001 541,80.001 C549.148,80.001 550.169,79.965 553.369,79.82 C556.562,79.673 558.743,79.167 560.652,78.425 C562.623,77.658 564.297,76.634 565.965,74.965 C567.633,73.296 568.659,71.625 569.425,69.651 C570.167,67.743 570.674,65.562 570.82,62.369 C570.966,59.17 571,58.147 571,50 C571,41.851 570.966,40.831 570.82,37.631\"><\/path><\/g><\/g><\/g><\/svg><\/div><div style=\"padding-top: 8px;\"> <div style=\" color:#3897f0; font-family:Arial,sans-serif; font-size:14px; font-style:normal; font-weight:550; line-height:18px;\">Ver essa foto no Instagram<\/div><\/div><div style=\"padding: 12.5% 0;\"><\/div> <div style=\"display: flex; flex-direction: row; margin-bottom: 14px; align-items: center;\"><div> <div style=\"background-color: #F4F4F4; border-radius: 50%; height: 12.5px; width: 12.5px; transform: translateX(0px) translateY(7px);\"><\/div> <div style=\"background-color: #F4F4F4; height: 12.5px; transform: rotate(-45deg) translateX(3px) translateY(1px); width: 12.5px; flex-grow: 0; margin-right: 14px; margin-left: 2px;\"><\/div> <div style=\"background-color: #F4F4F4; border-radius: 50%; height: 12.5px; width: 12.5px; transform: translateX(9px) translateY(-18px);\"><\/div><\/div><div style=\"margin-left: 8px;\"> <div style=\" background-color: #F4F4F4; border-radius: 50%; flex-grow: 0; height: 20px; width: 20px;\"><\/div> <div style=\" width: 0; height: 0; border-top: 2px solid transparent; border-left: 6px solid #f4f4f4; border-bottom: 2px solid transparent; transform: translateX(16px) translateY(-4px) rotate(30deg)\"><\/div><\/div><div style=\"margin-left: auto;\"> <div style=\" width: 0px; border-top: 8px solid #F4F4F4; border-right: 8px solid transparent; transform: translateY(16px);\"><\/div> <div style=\" background-color: #F4F4F4; flex-grow: 0; height: 12px; width: 16px; transform: translateY(-4px);\"><\/div> <div style=\" width: 0; height: 0; border-top: 8px solid #F4F4F4; border-left: 8px solid transparent; transform: translateY(-4px) translateX(8px);\"><\/div><\/div><\/div> <div style=\"display: flex; flex-direction: column; flex-grow: 1; justify-content: center; margin-bottom: 24px;\"> <div style=\" background-color: #F4F4F4; border-radius: 4px; flex-grow: 0; height: 14px; margin-bottom: 6px; width: 224px;\"><\/div> <div style=\" background-color: #F4F4F4; border-radius: 4px; flex-grow: 0; height: 14px; width: 144px;\"><\/div><\/div><\/a><p style=\" color:#c9c8cd; font-family:Arial,sans-serif; font-size:14px; line-height:17px; margin-bottom:0; margin-top:8px; overflow:hidden; padding:8px 0 7px; text-align:center; text-overflow:ellipsis; white-space:nowrap;\"><a href=\"https:\/\/www.instagram.com\/p\/DCKo2unKJOF\/?utm_source=ig_embed&amp;utm_campaign=loading\" style=\" color:#c9c8cd; font-family:Arial,sans-serif; font-size:14px; font-style:normal; font-weight:normal; line-height:17px; text-decoration:none;\" target=\"_blank\" rel=\"noopener\">Uma publica\u00e7\u00e3o compartilhada por Eder Gabriel Militao (@edermilitao)<\/a><\/p><\/div><\/blockquote>\n<script async src=\"\/\/www.instagram.com\/embed.js\"><\/script>\n\n\n\n<p>Jonathan Tah, em final de contrato com o Leverkusen em 2025, \u00e9 uma op\u00e7\u00e3o vi\u00e1vel, podendo chegar ao Real em um acordo financeiro favor\u00e1vel. Aymeric Laporte, com experi\u00eancia e t\u00e9cnica, tamb\u00e9m \u00e9 cotado, embora seu sal\u00e1rio elevado possa dificultar a negocia\u00e7\u00e3o com o clube espanhol. <\/p>\n\n\n\n<p>J\u00e1 Castello Lukeba, jovem promessa de 21 anos, \u00e9 visto como um investimento de longo prazo, com potencial para se desenvolver no Real Madrid e se tornar pe\u00e7a-chave no futuro da equipe.<\/p>\n\n\n\n<p>Sergio Ramos, embora ex-capit\u00e3o e \u00eddolo do clube, n\u00e3o \u00e9 considerado como op\u00e7\u00e3o de retorno, pois o Real Madrid prefere focar em jogadores que se encaixem em um projeto de longo prazo. Assim, o clube busca uma decis\u00e3o que equilibre a experi\u00eancia necess\u00e1ria para o presente com o potencial de desenvolvimento futuro, para assegurar a competitividade da defesa em todas as competi\u00e7\u00f5es da temporada.<\/p>\n\n\n\n<h2 class=\"wp-block-heading\" id=\"h-declaracao-de-luxemburgo\">Declara\u00e7\u00e3o de Luxemburgo<\/h2>\n\n\n\n<p>Vanderlei Luxemburgo, em entrevista ao jornalista Benjamin Back no programa \u201cBenja Me Mucho\u201d, gerou pol\u00eamica ao afirmar que Vin\u00edcius J\u00fanior, jogador do Real Madrid, n\u00e3o enfrenta racismo no futebol. Luxemburgo rejeitou a ideia de que Vini Jr. tenha perdido a Bola de Ouro para o espanhol Rodri por discrimina\u00e7\u00e3o racial, afirmando que o atacante brasileiro &#8220;provoca&#8221; situa\u00e7\u00f5es em campo que resultam em rea\u00e7\u00f5es dos advers\u00e1rios. O t\u00e9cnico citou exemplos, como um momento em que Vini Jr. teria jogado a bola no ch\u00e3o de forma provocativa ap\u00f3s receber de volta com educa\u00e7\u00e3o. <\/p>\n\n\n\n<figure class=\"wp-block-image size-large\"><img loading=\"lazy\" decoding=\"async\" width=\"1024\" height=\"683\" src=\"https:\/\/www.gaveanews.com\/wp-content\/uploads\/esporte-vanderlei-luxemburgo-28092015-001-1024x683.webp\" alt=\"\" class=\"wp-image-33887\" srcset=\"https:\/\/www.gaveanews.com\/wp-content\/uploads\/esporte-vanderlei-luxemburgo-28092015-001-1024x683.webp 1024w, https:\/\/www.gaveanews.com\/wp-content\/uploads\/esporte-vanderlei-luxemburgo-28092015-001-300x200.webp 300w, https:\/\/www.gaveanews.com\/wp-content\/uploads\/esporte-vanderlei-luxemburgo-28092015-001-768x512.webp 768w, https:\/\/www.gaveanews.com\/wp-content\/uploads\/esporte-vanderlei-luxemburgo-28092015-001-1536x1024.webp 1536w, https:\/\/www.gaveanews.com\/wp-content\/uploads\/esporte-vanderlei-luxemburgo-28092015-001-2048x1365.webp 2048w, https:\/\/www.gaveanews.com\/wp-content\/uploads\/esporte-vanderlei-luxemburgo-28092015-001-630x420.webp 630w, https:\/\/www.gaveanews.com\/wp-content\/uploads\/esporte-vanderlei-luxemburgo-28092015-001-1260x840.webp 1260w, https:\/\/www.gaveanews.com\/wp-content\/uploads\/esporte-vanderlei-luxemburgo-28092015-001-640x427.webp 640w, https:\/\/www.gaveanews.com\/wp-content\/uploads\/esporte-vanderlei-luxemburgo-28092015-001-1280x853.webp 1280w, https:\/\/www.gaveanews.com\/wp-content\/uploads\/esporte-vanderlei-luxemburgo-28092015-001-681x454.webp 681w, https:\/\/www.gaveanews.com\/wp-content\/uploads\/esporte-vanderlei-luxemburgo-28092015-001-1362x908.webp 1362w, https:\/\/www.gaveanews.com\/wp-content\/uploads\/esporte-vanderlei-luxemburgo-28092015-001-100x67.webp 100w\" sizes=\"auto, (max-width: 1024px) 100vw, 1024px\" \/><figcaption class=\"wp-element-caption\">(Photo by VCG\/VCG via Getty Images)<\/figcaption><\/figure>\n\n\n\n<p>Luxemburgo argumentou que o futebol, sendo um esporte de forte contato f\u00edsico, naturalmente envolve agress\u00f5es dentro de campo, sem v\u00ednculo com quest\u00f5es raciais. Ele comparou Vini Jr. a Pel\u00e9, afirmando que o \u00eddolo brasileiro tamb\u00e9m sofreu com marca\u00e7\u00f5es intensas, mas por conta da natureza competitiva do esporte. Segundo o treinador, jogadores como Pel\u00e9 e Zico foram duramente marcados sem que houvesse contexto de racismo, e v\u00ea as situa\u00e7\u00f5es de Vini como parte da din\u00e2mica esportiva.<\/p>\n\n\n\n<p>A entrevista trouxe \u00e0 tona um debate sobre o racismo no esporte, com Luxemburgo minimizando a quest\u00e3o e alegando que Vin\u00edcius se irrita excessivamente com a marca\u00e7\u00e3o, confundindo-a com persegui\u00e7\u00e3o racial. Para ele, a agressividade dos advers\u00e1rios em campo ocorre devido ao estilo provocador de Vini Jr., e o racismo, na vis\u00e3o do t\u00e9cnico, estaria sendo superestimado nesse contexto. A fala de Luxemburgo gerou repercuss\u00e3o, reacendendo discuss\u00f5es sobre a presen\u00e7a e o tratamento de temas raciais no futebol.<\/p>\n\n\n\n<h2 class=\"wp-block-heading\" id=\"h-situacao-envolvendo-vini-jr\">Situa\u00e7\u00e3o envolvendo Vini Jr<\/h2>\n\n\n\n<p>Vin\u00edcius J\u00fanior, destaque do Real Madrid e engajado em causas sociais, recentemente foi alvo de um v\u00eddeo viral com mensagens de torcedores mirins do Paysandu e do Remo, principais times de Bel\u00e9m, no Par\u00e1. No v\u00eddeo, as crian\u00e7as convidam o craque brasileiro a atuar por seus clubes de cora\u00e7\u00e3o, apesar de ele ser um dos jogadores mais renomados e valiosos do futebol mundial. O momento capturou a aten\u00e7\u00e3o nas redes sociais e mostra o carinho especial que Vini Jr. recebe dos f\u00e3s. <strong><a href=\"https:\/\/www.gaveanews.com\/index.php\/2024\/11\/12\/video-vinicius-jr-recebe-convite-inesperado-de-torcedor-mirim\/\">(leia a mat\u00e9ria completa)<\/a><\/strong><\/p>\n\n\n\n<figure class=\"wp-block-image size-large\"><img loading=\"lazy\" decoding=\"async\" width=\"1024\" height=\"768\" src=\"https:\/\/www.gaveanews.com\/wp-content\/uploads\/Vinicius-Junior-exibe-o-escudo-do-Real-Madrid-apos-marcar-um-gol-pelo-time-da-Espanha-edited-1024x768.webp\" alt=\"\" class=\"wp-image-121475\" srcset=\"https:\/\/www.gaveanews.com\/wp-content\/uploads\/Vinicius-Junior-exibe-o-escudo-do-Real-Madrid-apos-marcar-um-gol-pelo-time-da-Espanha-edited-1024x768.webp 1024w, https:\/\/www.gaveanews.com\/wp-content\/uploads\/Vinicius-Junior-exibe-o-escudo-do-Real-Madrid-apos-marcar-um-gol-pelo-time-da-Espanha-edited-300x225.webp 300w, https:\/\/www.gaveanews.com\/wp-content\/uploads\/Vinicius-Junior-exibe-o-escudo-do-Real-Madrid-apos-marcar-um-gol-pelo-time-da-Espanha-edited-768x576.webp 768w, https:\/\/www.gaveanews.com\/wp-content\/uploads\/Vinicius-Junior-exibe-o-escudo-do-Real-Madrid-apos-marcar-um-gol-pelo-time-da-Espanha-edited-560x420.webp 560w, https:\/\/www.gaveanews.com\/wp-content\/uploads\/Vinicius-Junior-exibe-o-escudo-do-Real-Madrid-apos-marcar-um-gol-pelo-time-da-Espanha-edited-1120x840.webp 1120w, https:\/\/www.gaveanews.com\/wp-content\/uploads\/Vinicius-Junior-exibe-o-escudo-do-Real-Madrid-apos-marcar-um-gol-pelo-time-da-Espanha-edited-80x60.webp 80w, https:\/\/www.gaveanews.com\/wp-content\/uploads\/Vinicius-Junior-exibe-o-escudo-do-Real-Madrid-apos-marcar-um-gol-pelo-time-da-Espanha-edited-160x120.webp 160w, https:\/\/www.gaveanews.com\/wp-content\/uploads\/Vinicius-Junior-exibe-o-escudo-do-Real-Madrid-apos-marcar-um-gol-pelo-time-da-Espanha-edited-100x75.webp 100w, https:\/\/www.gaveanews.com\/wp-content\/uploads\/Vinicius-Junior-exibe-o-escudo-do-Real-Madrid-apos-marcar-um-gol-pelo-time-da-Espanha-edited-200x150.webp 200w, https:\/\/www.gaveanews.com\/wp-content\/uploads\/Vinicius-Junior-exibe-o-escudo-do-Real-Madrid-apos-marcar-um-gol-pelo-time-da-Espanha-edited-180x135.webp 180w, https:\/\/www.gaveanews.com\/wp-content\/uploads\/Vinicius-Junior-exibe-o-escudo-do-Real-Madrid-apos-marcar-um-gol-pelo-time-da-Espanha-edited-360x270.webp 360w, https:\/\/www.gaveanews.com\/wp-content\/uploads\/Vinicius-Junior-exibe-o-escudo-do-Real-Madrid-apos-marcar-um-gol-pelo-time-da-Espanha-edited-238x178.webp 238w, https:\/\/www.gaveanews.com\/wp-content\/uploads\/Vinicius-Junior-exibe-o-escudo-do-Real-Madrid-apos-marcar-um-gol-pelo-time-da-Espanha-edited-476x356.webp 476w, https:\/\/www.gaveanews.com\/wp-content\/uploads\/Vinicius-Junior-exibe-o-escudo-do-Real-Madrid-apos-marcar-um-gol-pelo-time-da-Espanha-edited-640x480.webp 640w, https:\/\/www.gaveanews.com\/wp-content\/uploads\/Vinicius-Junior-exibe-o-escudo-do-Real-Madrid-apos-marcar-um-gol-pelo-time-da-Espanha-edited-1280x960.webp 1280w, https:\/\/www.gaveanews.com\/wp-content\/uploads\/Vinicius-Junior-exibe-o-escudo-do-Real-Madrid-apos-marcar-um-gol-pelo-time-da-Espanha-edited-681x511.webp 681w, https:\/\/www.gaveanews.com\/wp-content\/uploads\/Vinicius-Junior-exibe-o-escudo-do-Real-Madrid-apos-marcar-um-gol-pelo-time-da-Espanha-edited-1362x1022.webp 1362w, https:\/\/www.gaveanews.com\/wp-content\/uploads\/Vinicius-Junior-exibe-o-escudo-do-Real-Madrid-apos-marcar-um-gol-pelo-time-da-Espanha-edited.webp 1440w\" sizes=\"auto, (max-width: 1024px) 100vw, 1024px\" \/><figcaption class=\"wp-element-caption\">Vinicius J\u00fanior exibe o escudo do Real Madrid ap\u00f3s marcar um gol pelo time da Espanha (Foto: Reprodu\u00e7\u00e3o\/Instagram)<\/figcaption><\/figure>\n\n\n\n<p>Embora tenha se destacado amplamente na temporada europeia, muitos f\u00e3s e cr\u00edticos consideram que Vin\u00edcius J\u00fanior merecia a Bola de Ouro, pr\u00eamio que foi concedido ao espanhol Rodri, do Manchester City. A escolha gerou controv\u00e9rsia, com muitos entendendo que o brasileiro teve um desempenho superior aos demais indicados, como Mbapp\u00e9 e Haaland. No entanto, ele ainda enfrenta desafios para replicar o mesmo n\u00edvel de desempenho com a Sele\u00e7\u00e3o Brasileira, algo que o t\u00e9cnico Dorival J\u00fanior espera incentivar em suas pr\u00f3ximas atua\u00e7\u00f5es.<\/p>\n\n\n\n<p>Al\u00e9m de seu talento, Vin\u00edcius J\u00fanior \u00e9 conhecido por sua luta ativa contra o racismo, sendo uma das vozes mais influentes entre os jogadores. Sua postura fora dos campos e as causas que defende fortalecem ainda mais sua imagem de \u00eddolo global, especialmente entre as novas gera\u00e7\u00f5es de f\u00e3s.<\/p>\n","protected":false},"excerpt":{"rendered":"<p>Nas \u00faltimas horas, o foco das not\u00edcias sobre o Real Madrid se concentram nos bastidores do clube, com destaques como a declara\u00e7\u00e3o de Luxemburgo e substituto de Milit\u00e3o. Por conta deste contexto, leia abaixo um resumo preparado pela equipe do portal G\u00e1vea News para lhe manter muito bem informado! Substituto de Milit\u00e3o Com a grave [&hellip;]<\/p>\n","protected":false},"author":27,"featured_media":124645,"comment_status":"open","ping_status":"closed","sticky":false,"template":"","format":"standard","meta":{"footnotes":""},"categories":[88],"tags":[],"class_list":["post-184642","post","type-post","status-publish","format-standard","has-post-thumbnail","hentry","category-real-madrid"],"yoast_head":"<!-- This site is optimized with the Yoast SEO Premium plugin v24.2 (Yoast SEO v26.9) - https:\/\/yoast.com\/product\/yoast-seo-premium-wordpress\/ -->\n<title>Situa\u00e7\u00e3o envolvendo Vini Jr, declara\u00e7\u00e3o de Luxemburgo e substituto de Milit\u00e3o: as \u00faltimas not\u00edcias do Real Madrid<\/title>\n<meta name=\"robots\" content=\"index, follow, max-snippet:-1, max-image-preview:large, max-video-preview:-1\" \/>\n<link rel=\"canonical\" href=\"https:\/\/www.gaveanews.com\/index.php\/2024\/11\/13\/situacao-envolvendo-vini-jr-declaracao-de-luxemburgo-e-substituto-de-militao-as-ultimas-noticias-do-real-madrid\/\" \/>\n<meta property=\"og:locale\" content=\"pt_BR\" \/>\n<meta property=\"og:type\" content=\"article\" \/>\n<meta property=\"og:title\" content=\"Situa\u00e7\u00e3o envolvendo Vini Jr, declara\u00e7\u00e3o de Luxemburgo e substituto de Milit\u00e3o: as \u00faltimas not\u00edcias do Real Madrid\" \/>\n<meta property=\"og:description\" content=\"Nas \u00faltimas horas, o foco das not\u00edcias sobre o Real Madrid se concentram nos bastidores do clube, com destaques como a declara\u00e7\u00e3o de Luxemburgo e substituto de Milit\u00e3o. Por conta deste contexto, leia abaixo um resumo preparado pela equipe do portal G\u00e1vea News para lhe manter muito bem informado! Substituto de Milit\u00e3o Com a grave [&hellip;]\" \/>\n<meta property=\"og:url\" content=\"https:\/\/www.gaveanews.com\/index.php\/2024\/11\/13\/situacao-envolvendo-vini-jr-declaracao-de-luxemburgo-e-substituto-de-militao-as-ultimas-noticias-do-real-madrid\/\" \/>\n<meta property=\"og:site_name\" content=\"G\u00e1vea News\" \/>\n<meta property=\"article:publisher\" content=\"https:\/\/facebook.com\/gaveaNews\/\" \/>\n<meta property=\"article:published_time\" content=\"2024-11-13T09:45:00+00:00\" \/>\n<meta property=\"og:image\" content=\"https:\/\/www.gaveanews.com\/wp-content\/uploads\/realmadrid.webp\" \/>\n\t<meta property=\"og:image:width\" content=\"1200\" \/>\n\t<meta property=\"og:image:height\" content=\"900\" \/>\n\t<meta property=\"og:image:type\" content=\"image\/jpeg\" \/>\n<meta name=\"author\" content=\"Matheus Felipe\" \/>\n<meta name=\"twitter:card\" content=\"summary_large_image\" \/>\n<meta name=\"twitter:label1\" content=\"Escrito por\" \/>\n\t<meta name=\"twitter:data1\" content=\"Matheus Felipe\" \/>\n\t<meta name=\"twitter:label2\" content=\"Est. tempo de leitura\" \/>\n\t<meta name=\"twitter:data2\" content=\"5 minutos\" \/>\n<script type=\"application\/ld+json\" class=\"yoast-schema-graph\">{\"@context\":\"https:\/\/schema.org\",\"@graph\":[{\"@type\":\"NewsArticle\",\"@id\":\"https:\/\/www.gaveanews.com\/index.php\/2024\/11\/13\/situacao-envolvendo-vini-jr-declaracao-de-luxemburgo-e-substituto-de-militao-as-ultimas-noticias-do-real-madrid\/#article\",\"isPartOf\":{\"@id\":\"https:\/\/www.gaveanews.com\/index.php\/2024\/11\/13\/situacao-envolvendo-vini-jr-declaracao-de-luxemburgo-e-substituto-de-militao-as-ultimas-noticias-do-real-madrid\/\"},\"author\":{\"name\":\"Matheus Felipe\",\"@id\":\"https:\/\/www.gaveanews.com\/#\/schema\/person\/8207cd4627f56151707418bfc835b2fb\"},\"headline\":\"Situa\u00e7\u00e3o envolvendo Vini Jr, declara\u00e7\u00e3o de Luxemburgo e substituto de Milit\u00e3o: as \u00faltimas not\u00edcias do Real Madrid\",\"datePublished\":\"2024-11-13T09:45:00+00:00\",\"mainEntityOfPage\":{\"@id\":\"https:\/\/www.gaveanews.com\/index.php\/2024\/11\/13\/situacao-envolvendo-vini-jr-declaracao-de-luxemburgo-e-substituto-de-militao-as-ultimas-noticias-do-real-madrid\/\"},\"wordCount\":888,\"commentCount\":0,\"image\":{\"@id\":\"https:\/\/www.gaveanews.com\/index.php\/2024\/11\/13\/situacao-envolvendo-vini-jr-declaracao-de-luxemburgo-e-substituto-de-militao-as-ultimas-noticias-do-real-madrid\/#primaryimage\"},\"thumbnailUrl\":\"https:\/\/www.gaveanews.com\/wp-content\/uploads\/realmadrid.webp\",\"articleSection\":[\"Real Madrid\"],\"inLanguage\":\"pt-BR\",\"potentialAction\":[{\"@type\":\"CommentAction\",\"name\":\"Comment\",\"target\":[\"https:\/\/www.gaveanews.com\/index.php\/2024\/11\/13\/situacao-envolvendo-vini-jr-declaracao-de-luxemburgo-e-substituto-de-militao-as-ultimas-noticias-do-real-madrid\/#respond\"]}],\"copyrightYear\":\"2024\",\"copyrightHolder\":{\"@id\":\"https:\/\/www.gaveanews.com\/#organization\"}},{\"@type\":\"WebPage\",\"@id\":\"https:\/\/www.gaveanews.com\/index.php\/2024\/11\/13\/situacao-envolvendo-vini-jr-declaracao-de-luxemburgo-e-substituto-de-militao-as-ultimas-noticias-do-real-madrid\/\",\"url\":\"https:\/\/www.gaveanews.com\/index.php\/2024\/11\/13\/situacao-envolvendo-vini-jr-declaracao-de-luxemburgo-e-substituto-de-militao-as-ultimas-noticias-do-real-madrid\/\",\"name\":\"Situa\u00e7\u00e3o envolvendo Vini Jr, declara\u00e7\u00e3o de Luxemburgo e substituto de Milit\u00e3o: as \u00faltimas not\u00edcias do Real Madrid\",\"isPartOf\":{\"@id\":\"https:\/\/www.gaveanews.com\/#website\"},\"primaryImageOfPage\":{\"@id\":\"https:\/\/www.gaveanews.com\/index.php\/2024\/11\/13\/situacao-envolvendo-vini-jr-declaracao-de-luxemburgo-e-substituto-de-militao-as-ultimas-noticias-do-real-madrid\/#primaryimage\"},\"image\":{\"@id\":\"https:\/\/www.gaveanews.com\/index.php\/2024\/11\/13\/situacao-envolvendo-vini-jr-declaracao-de-luxemburgo-e-substituto-de-militao-as-ultimas-noticias-do-real-madrid\/#primaryimage\"},\"thumbnailUrl\":\"https:\/\/www.gaveanews.com\/wp-content\/uploads\/realmadrid.webp\",\"datePublished\":\"2024-11-13T09:45:00+00:00\",\"author\":{\"@id\":\"https:\/\/www.gaveanews.com\/#\/schema\/person\/8207cd4627f56151707418bfc835b2fb\"},\"breadcrumb\":{\"@id\":\"https:\/\/www.gaveanews.com\/index.php\/2024\/11\/13\/situacao-envolvendo-vini-jr-declaracao-de-luxemburgo-e-substituto-de-militao-as-ultimas-noticias-do-real-madrid\/#breadcrumb\"},\"inLanguage\":\"pt-BR\",\"potentialAction\":[{\"@type\":\"ReadAction\",\"target\":[\"https:\/\/www.gaveanews.com\/index.php\/2024\/11\/13\/situacao-envolvendo-vini-jr-declaracao-de-luxemburgo-e-substituto-de-militao-as-ultimas-noticias-do-real-madrid\/\"]}]},{\"@type\":\"ImageObject\",\"inLanguage\":\"pt-BR\",\"@id\":\"https:\/\/www.gaveanews.com\/index.php\/2024\/11\/13\/situacao-envolvendo-vini-jr-declaracao-de-luxemburgo-e-substituto-de-militao-as-ultimas-noticias-do-real-madrid\/#primaryimage\",\"url\":\"https:\/\/www.gaveanews.com\/wp-content\/uploads\/realmadrid.webp\",\"contentUrl\":\"https:\/\/www.gaveanews.com\/wp-content\/uploads\/realmadrid.webp\",\"width\":1200,\"height\":900,\"caption\":\"Escudo do Real Madrid (Foto: Reprodu\u00e7\u00e3o)\"},{\"@type\":\"BreadcrumbList\",\"@id\":\"https:\/\/www.gaveanews.com\/index.php\/2024\/11\/13\/situacao-envolvendo-vini-jr-declaracao-de-luxemburgo-e-substituto-de-militao-as-ultimas-noticias-do-real-madrid\/#breadcrumb\",\"itemListElement\":[{\"@type\":\"ListItem\",\"position\":1,\"name\":\"Home\",\"item\":\"https:\/\/www.gaveanews.com\/\"},{\"@type\":\"ListItem\",\"position\":2,\"name\":\"Situa\u00e7\u00e3o envolvendo Vini Jr, declara\u00e7\u00e3o de Luxemburgo e substituto de Milit\u00e3o: as \u00faltimas not\u00edcias do Real Madrid\"}]},{\"@type\":\"WebSite\",\"@id\":\"https:\/\/www.gaveanews.com\/#website\",\"url\":\"https:\/\/www.gaveanews.com\/\",\"name\":\"G\u00e1vea News\",\"description\":\"Veja todas as not\u00edcias sobre o Flamengo: Contrata\u00e7\u00f5es, categorias de base, resultados das partidas, tabela de classifica\u00e7\u00e3o, pr\u00f3ximos jogos!\",\"potentialAction\":[{\"@type\":\"SearchAction\",\"target\":{\"@type\":\"EntryPoint\",\"urlTemplate\":\"https:\/\/www.gaveanews.com\/?s={search_term_string}\"},\"query-input\":{\"@type\":\"PropertyValueSpecification\",\"valueRequired\":true,\"valueName\":\"search_term_string\"}}],\"inLanguage\":\"pt-BR\"},{\"@type\":\"Person\",\"@id\":\"https:\/\/www.gaveanews.com\/#\/schema\/person\/8207cd4627f56151707418bfc835b2fb\",\"name\":\"Matheus Felipe\",\"image\":{\"@type\":\"ImageObject\",\"inLanguage\":\"pt-BR\",\"@id\":\"https:\/\/www.gaveanews.com\/#\/schema\/person\/image\/\",\"url\":\"https:\/\/secure.gravatar.com\/avatar\/a452ffbed9130f726358b298bb3a99ce4bd3c5338411f8440e87e14d74c7c087?s=96&d=mm&r=g\",\"contentUrl\":\"https:\/\/secure.gravatar.com\/avatar\/a452ffbed9130f726358b298bb3a99ce4bd3c5338411f8440e87e14d74c7c087?s=96&d=mm&r=g\",\"caption\":\"Matheus Felipe\"}}]}<\/script>\n<!-- \/ Yoast SEO Premium plugin. -->","yoast_head_json":{"title":"Situa\u00e7\u00e3o envolvendo Vini Jr, declara\u00e7\u00e3o de Luxemburgo e substituto de Milit\u00e3o: as \u00faltimas not\u00edcias do Real Madrid","robots":{"index":"index","follow":"follow","max-snippet":"max-snippet:-1","max-image-preview":"max-image-preview:large","max-video-preview":"max-video-preview:-1"},"canonical":"https:\/\/www.gaveanews.com\/index.php\/2024\/11\/13\/situacao-envolvendo-vini-jr-declaracao-de-luxemburgo-e-substituto-de-militao-as-ultimas-noticias-do-real-madrid\/","og_locale":"pt_BR","og_type":"article","og_title":"Situa\u00e7\u00e3o envolvendo Vini Jr, declara\u00e7\u00e3o de Luxemburgo e substituto de Milit\u00e3o: as \u00faltimas not\u00edcias do Real Madrid","og_description":"Nas \u00faltimas horas, o foco das not\u00edcias sobre o Real Madrid se concentram nos bastidores do clube, com destaques como a declara\u00e7\u00e3o de Luxemburgo e substituto de Milit\u00e3o. Por conta deste contexto, leia abaixo um resumo preparado pela equipe do portal G\u00e1vea News para lhe manter muito bem informado! Substituto de Milit\u00e3o Com a grave [&hellip;]","og_url":"https:\/\/www.gaveanews.com\/index.php\/2024\/11\/13\/situacao-envolvendo-vini-jr-declaracao-de-luxemburgo-e-substituto-de-militao-as-ultimas-noticias-do-real-madrid\/","og_site_name":"G\u00e1vea News","article_publisher":"https:\/\/facebook.com\/gaveaNews\/","article_published_time":"2024-11-13T09:45:00+00:00","og_image":[{"width":1200,"height":900,"url":"https:\/\/www.gaveanews.com\/wp-content\/uploads\/realmadrid.webp","type":"image\/jpeg"}],"author":"Matheus Felipe","twitter_card":"summary_large_image","twitter_misc":{"Escrito por":"Matheus Felipe","Est. tempo de leitura":"5 minutos"},"schema":{"@context":"https:\/\/schema.org","@graph":[{"@type":"NewsArticle","@id":"https:\/\/www.gaveanews.com\/index.php\/2024\/11\/13\/situacao-envolvendo-vini-jr-declaracao-de-luxemburgo-e-substituto-de-militao-as-ultimas-noticias-do-real-madrid\/#article","isPartOf":{"@id":"https:\/\/www.gaveanews.com\/index.php\/2024\/11\/13\/situacao-envolvendo-vini-jr-declaracao-de-luxemburgo-e-substituto-de-militao-as-ultimas-noticias-do-real-madrid\/"},"author":{"name":"Matheus Felipe","@id":"https:\/\/www.gaveanews.com\/#\/schema\/person\/8207cd4627f56151707418bfc835b2fb"},"headline":"Situa\u00e7\u00e3o envolvendo Vini Jr, declara\u00e7\u00e3o de Luxemburgo e substituto de Milit\u00e3o: as \u00faltimas not\u00edcias do Real Madrid","datePublished":"2024-11-13T09:45:00+00:00","mainEntityOfPage":{"@id":"https:\/\/www.gaveanews.com\/index.php\/2024\/11\/13\/situacao-envolvendo-vini-jr-declaracao-de-luxemburgo-e-substituto-de-militao-as-ultimas-noticias-do-real-madrid\/"},"wordCount":888,"commentCount":0,"image":{"@id":"https:\/\/www.gaveanews.com\/index.php\/2024\/11\/13\/situacao-envolvendo-vini-jr-declaracao-de-luxemburgo-e-substituto-de-militao-as-ultimas-noticias-do-real-madrid\/#primaryimage"},"thumbnailUrl":"https:\/\/www.gaveanews.com\/wp-content\/uploads\/realmadrid.webp","articleSection":["Real Madrid"],"inLanguage":"pt-BR","potentialAction":[{"@type":"CommentAction","name":"Comment","target":["https:\/\/www.gaveanews.com\/index.php\/2024\/11\/13\/situacao-envolvendo-vini-jr-declaracao-de-luxemburgo-e-substituto-de-militao-as-ultimas-noticias-do-real-madrid\/#respond"]}],"copyrightYear":"2024","copyrightHolder":{"@id":"https:\/\/www.gaveanews.com\/#organization"}},{"@type":"WebPage","@id":"https:\/\/www.gaveanews.com\/index.php\/2024\/11\/13\/situacao-envolvendo-vini-jr-declaracao-de-luxemburgo-e-substituto-de-militao-as-ultimas-noticias-do-real-madrid\/","url":"https:\/\/www.gaveanews.com\/index.php\/2024\/11\/13\/situacao-envolvendo-vini-jr-declaracao-de-luxemburgo-e-substituto-de-militao-as-ultimas-noticias-do-real-madrid\/","name":"Situa\u00e7\u00e3o envolvendo Vini Jr, declara\u00e7\u00e3o de Luxemburgo e substituto de Milit\u00e3o: as \u00faltimas not\u00edcias do Real Madrid","isPartOf":{"@id":"https:\/\/www.gaveanews.com\/#website"},"primaryImageOfPage":{"@id":"https:\/\/www.gaveanews.com\/index.php\/2024\/11\/13\/situacao-envolvendo-vini-jr-declaracao-de-luxemburgo-e-substituto-de-militao-as-ultimas-noticias-do-real-madrid\/#primaryimage"},"image":{"@id":"https:\/\/www.gaveanews.com\/index.php\/2024\/11\/13\/situacao-envolvendo-vini-jr-declaracao-de-luxemburgo-e-substituto-de-militao-as-ultimas-noticias-do-real-madrid\/#primaryimage"},"thumbnailUrl":"https:\/\/www.gaveanews.com\/wp-content\/uploads\/realmadrid.webp","datePublished":"2024-11-13T09:45:00+00:00","author":{"@id":"https:\/\/www.gaveanews.com\/#\/schema\/person\/8207cd4627f56151707418bfc835b2fb"},"breadcrumb":{"@id":"https:\/\/www.gaveanews.com\/index.php\/2024\/11\/13\/situacao-envolvendo-vini-jr-declaracao-de-luxemburgo-e-substituto-de-militao-as-ultimas-noticias-do-real-madrid\/#breadcrumb"},"inLanguage":"pt-BR","potentialAction":[{"@type":"ReadAction","target":["https:\/\/www.gaveanews.com\/index.php\/2024\/11\/13\/situacao-envolvendo-vini-jr-declaracao-de-luxemburgo-e-substituto-de-militao-as-ultimas-noticias-do-real-madrid\/"]}]},{"@type":"ImageObject","inLanguage":"pt-BR","@id":"https:\/\/www.gaveanews.com\/index.php\/2024\/11\/13\/situacao-envolvendo-vini-jr-declaracao-de-luxemburgo-e-substituto-de-militao-as-ultimas-noticias-do-real-madrid\/#primaryimage","url":"https:\/\/www.gaveanews.com\/wp-content\/uploads\/realmadrid.webp","contentUrl":"https:\/\/www.gaveanews.com\/wp-content\/uploads\/realmadrid.webp","width":1200,"height":900,"caption":"Escudo do Real Madrid (Foto: Reprodu\u00e7\u00e3o)"},{"@type":"BreadcrumbList","@id":"https:\/\/www.gaveanews.com\/index.php\/2024\/11\/13\/situacao-envolvendo-vini-jr-declaracao-de-luxemburgo-e-substituto-de-militao-as-ultimas-noticias-do-real-madrid\/#breadcrumb","itemListElement":[{"@type":"ListItem","position":1,"name":"Home","item":"https:\/\/www.gaveanews.com\/"},{"@type":"ListItem","position":2,"name":"Situa\u00e7\u00e3o envolvendo Vini Jr, declara\u00e7\u00e3o de Luxemburgo e substituto de Milit\u00e3o: as \u00faltimas not\u00edcias do Real Madrid"}]},{"@type":"WebSite","@id":"https:\/\/www.gaveanews.com\/#website","url":"https:\/\/www.gaveanews.com\/","name":"G\u00e1vea News","description":"Veja todas as not\u00edcias sobre o Flamengo: Contrata\u00e7\u00f5es, categorias de base, resultados das partidas, tabela de classifica\u00e7\u00e3o, pr\u00f3ximos jogos!","potentialAction":[{"@type":"SearchAction","target":{"@type":"EntryPoint","urlTemplate":"https:\/\/www.gaveanews.com\/?s={search_term_string}"},"query-input":{"@type":"PropertyValueSpecification","valueRequired":true,"valueName":"search_term_string"}}],"inLanguage":"pt-BR"},{"@type":"Person","@id":"https:\/\/www.gaveanews.com\/#\/schema\/person\/8207cd4627f56151707418bfc835b2fb","name":"Matheus Felipe","image":{"@type":"ImageObject","inLanguage":"pt-BR","@id":"https:\/\/www.gaveanews.com\/#\/schema\/person\/image\/","url":"https:\/\/secure.gravatar.com\/avatar\/a452ffbed9130f726358b298bb3a99ce4bd3c5338411f8440e87e14d74c7c087?s=96&d=mm&r=g","contentUrl":"https:\/\/secure.gravatar.com\/avatar\/a452ffbed9130f726358b298bb3a99ce4bd3c5338411f8440e87e14d74c7c087?s=96&d=mm&r=g","caption":"Matheus Felipe"}}]}},"_links":{"self":[{"href":"https:\/\/www.gaveanews.com\/index.php\/wp-json\/wp\/v2\/posts\/184642","targetHints":{"allow":["GET"]}}],"collection":[{"href":"https:\/\/www.gaveanews.com\/index.php\/wp-json\/wp\/v2\/posts"}],"about":[{"href":"https:\/\/www.gaveanews.com\/index.php\/wp-json\/wp\/v2\/types\/post"}],"author":[{"embeddable":true,"href":"https:\/\/www.gaveanews.com\/index.php\/wp-json\/wp\/v2\/users\/27"}],"replies":[{"embeddable":true,"href":"https:\/\/www.gaveanews.com\/index.php\/wp-json\/wp\/v2\/comments?post=184642"}],"version-history":[{"count":1,"href":"https:\/\/www.gaveanews.com\/index.php\/wp-json\/wp\/v2\/posts\/184642\/revisions"}],"predecessor-version":[{"id":184647,"href":"https:\/\/www.gaveanews.com\/index.php\/wp-json\/wp\/v2\/posts\/184642\/revisions\/184647"}],"wp:featuredmedia":[{"embeddable":true,"href":"https:\/\/www.gaveanews.com\/index.php\/wp-json\/wp\/v2\/media\/124645"}],"wp:attachment":[{"href":"https:\/\/www.gaveanews.com\/index.php\/wp-json\/wp\/v2\/media?parent=184642"}],"wp:term":[{"taxonomy":"category","embeddable":true,"href":"https:\/\/www.gaveanews.com\/index.php\/wp-json\/wp\/v2\/categories?post=184642"},{"taxonomy":"post_tag","embeddable":true,"href":"https:\/\/www.gaveanews.com\/index.php\/wp-json\/wp\/v2\/tags?post=184642"}],"curies":[{"name":"wp","href":"https:\/\/api.w.org\/{rel}","templated":true}]}}