{"id":184697,"date":"2024-11-13T08:23:23","date_gmt":"2024-11-13T11:23:23","guid":{"rendered":"https:\/\/www.gaveanews.com\/?p=184697"},"modified":"2024-11-13T08:23:25","modified_gmt":"2024-11-13T11:23:25","slug":"presidente-do-sao-paulo-manda-recado-para-cbf","status":"publish","type":"post","link":"https:\/\/www.gaveanews.com\/index.php\/2024\/11\/13\/presidente-do-sao-paulo-manda-recado-para-cbf\/","title":{"rendered":"Presidente do S\u00e3o Paulo manda recado para CBF"},"content":{"rendered":"\n<p>O presidente do S\u00e3o Paulo, J\u00falio Casares, mostrou preocupa\u00e7\u00e3o com a mudan\u00e7a do calend\u00e1rio do futebol brasileiro para a pr\u00f3xima temporada. A CBF prop\u00f4s antecipar as datas dos estaduais e estender o Campeonato Brasileiro para privilegiar o novo Mundial de Clubes da FIFA marcado para o meio do ano. Segundo Casares, a decis\u00e3o pode afetar a integridade f\u00edsica dos atletas.<\/p>\n\n\n\n<ul class=\"wp-block-list\">\n<li><a href=\"https:\/\/www.gaveanews.com\/index.php\/2024\/11\/12\/a-declaracao-de-alisson-sobre-seu-periodo-afastado-por-lesao\/\">A declara\u00e7\u00e3o de Alisson sobre seu per\u00edodo afastado por les\u00e3o<\/a><\/li>\n\n\n\n<li><a href=\"https:\/\/www.gaveanews.com\/index.php\/2024\/11\/12\/atitude-da-cbf-incomoda-a-diretoria-do-sao-paulo\/\">Atitude da CBF incomoda a diretoria do S\u00e3o Paulo<\/a><\/li>\n<\/ul>\n\n\n\n<p>O descontentamento do presidente do S\u00e3o Paulo se mostrou pertinente. O clube tem agendada uma pr\u00e9-temporada durante o m\u00eas de janeiro nos Estados Unidos, que vai acontecer entre os dias 8 e 22. Per\u00edodo que vai coincidir com o do Campeonato Paulista, por exemplo, que vai do dia 12 a 26 de janeiro.<\/p>\n\n\n\n<p>\u201cEstou bastante preocupado com a possibilidade de os estaduais come\u00e7arem no dia 8. Essa discuss\u00e3o teria de ser feita antes, n\u00e3o agora que estamos t\u00e3o pr\u00f3ximos do fim do ano\u201d, afirmou o presidente do S\u00e3o Paulo, Julio Casares.<\/p>\n\n\n\n<p>Uma das preocupa\u00e7\u00f5es do dirigente \u00e9 a falta de tempo para a realiza\u00e7\u00e3o de uma pr\u00e9-temporada eficiente, que prepare os atletas para o longo ano de competi\u00e7\u00f5es.<\/p>\n\n\n\n<p>\u201cTodas essas mudan\u00e7as podem afetar at\u00e9 a integridade dos atletas, que n\u00e3o teriam tempo suficiente para fazer uma pr\u00e9-temporada de acordo com as necessidades e imposi\u00e7\u00f5es de nosso calend\u00e1rio. Estou em contato com os nossos jogadores, que tamb\u00e9m est\u00e3o preocupados com essas informa\u00e7\u00f5es\u201d, disse Casares.<\/p>\n\n\n\n<h2 class=\"wp-block-heading\" id=\"h-o-que-diz-a-cbf\">O que diz a CBF<\/h2>\n\n\n\n<p>Ap\u00f3s a final da Copa do Brasil, onde o Flamengo se consagrou pentacampe\u00e3o, o presidente da CBF havia defendido a mudan\u00e7a no calend\u00e1rio do futebol brasileiro.<\/p>\n\n\n\n<p>\u201cA CBF vai fazer um calend\u00e1rio avan\u00e7ado. Ainda n\u00e3o \u00e9 o ideal, mas \u00e9 um passo grande dado. Ouvindo Federa\u00e7\u00f5es e clubes. A S\u00e9rie A deve come\u00e7ar em 29 e 30 de mar\u00e7o, at\u00e9 21 de dezembro. Isso com tempo mais curto para os Estaduais mesmo\u201d, afirmou.<\/p>\n","protected":false},"excerpt":{"rendered":"<p>O presidente do S\u00e3o Paulo, J\u00falio Casares, mostrou preocupa\u00e7\u00e3o com a mudan\u00e7a do calend\u00e1rio do futebol brasileiro para a pr\u00f3xima temporada. A CBF prop\u00f4s antecipar as datas dos estaduais e estender o Campeonato Brasileiro para privilegiar o novo Mundial de Clubes da FIFA marcado para o meio do ano. Segundo Casares, a decis\u00e3o pode afetar [&hellip;]<\/p>\n","protected":false},"author":29,"featured_media":148896,"comment_status":"open","ping_status":"closed","sticky":false,"template":"","format":"standard","meta":{"footnotes":""},"categories":[151],"tags":[],"class_list":["post-184697","post","type-post","status-publish","format-standard","has-post-thumbnail","hentry","category-sao-paulo"],"yoast_head":"<!-- This site is optimized with the Yoast SEO Premium plugin v24.2 (Yoast SEO v26.9) - https:\/\/yoast.com\/product\/yoast-seo-premium-wordpress\/ -->\n<title>Presidente do S\u00e3o Paulo manda recado para CBF<\/title>\n<meta name=\"robots\" content=\"index, follow, max-snippet:-1, max-image-preview:large, max-video-preview:-1\" \/>\n<link rel=\"canonical\" href=\"https:\/\/www.gaveanews.com\/index.php\/2024\/11\/13\/presidente-do-sao-paulo-manda-recado-para-cbf\/\" \/>\n<meta property=\"og:locale\" content=\"pt_BR\" \/>\n<meta property=\"og:type\" content=\"article\" \/>\n<meta property=\"og:title\" content=\"Presidente do S\u00e3o Paulo manda recado para CBF\" \/>\n<meta property=\"og:description\" content=\"O presidente do S\u00e3o Paulo, J\u00falio Casares, mostrou preocupa\u00e7\u00e3o com a mudan\u00e7a do calend\u00e1rio do futebol brasileiro para a pr\u00f3xima temporada. A CBF prop\u00f4s antecipar as datas dos estaduais e estender o Campeonato Brasileiro para privilegiar o novo Mundial de Clubes da FIFA marcado para o meio do ano. Segundo Casares, a decis\u00e3o pode afetar [&hellip;]\" \/>\n<meta property=\"og:url\" content=\"https:\/\/www.gaveanews.com\/index.php\/2024\/11\/13\/presidente-do-sao-paulo-manda-recado-para-cbf\/\" \/>\n<meta property=\"og:site_name\" content=\"G\u00e1vea News\" \/>\n<meta property=\"article:publisher\" content=\"https:\/\/facebook.com\/gaveaNews\/\" \/>\n<meta property=\"article:published_time\" content=\"2024-11-13T11:23:23+00:00\" \/>\n<meta property=\"article:modified_time\" content=\"2024-11-13T11:23:25+00:00\" \/>\n<meta property=\"og:image\" content=\"https:\/\/www.gaveanews.com\/wp-content\/uploads\/Casares-durante-entrevista-para-a-ESPN.webp\" \/>\n\t<meta property=\"og:image:width\" content=\"900\" \/>\n\t<meta property=\"og:image:height\" content=\"475\" \/>\n\t<meta property=\"og:image:type\" content=\"image\/png\" \/>\n<meta name=\"author\" content=\"Marco Menezes\" \/>\n<meta name=\"twitter:card\" content=\"summary_large_image\" \/>\n<meta name=\"twitter:label1\" content=\"Escrito por\" \/>\n\t<meta name=\"twitter:data1\" content=\"Marco Menezes\" \/>\n\t<meta name=\"twitter:label2\" content=\"Est. tempo de leitura\" \/>\n\t<meta name=\"twitter:data2\" content=\"2 minutos\" \/>\n<script type=\"application\/ld+json\" class=\"yoast-schema-graph\">{\"@context\":\"https:\/\/schema.org\",\"@graph\":[{\"@type\":\"NewsArticle\",\"@id\":\"https:\/\/www.gaveanews.com\/index.php\/2024\/11\/13\/presidente-do-sao-paulo-manda-recado-para-cbf\/#article\",\"isPartOf\":{\"@id\":\"https:\/\/www.gaveanews.com\/index.php\/2024\/11\/13\/presidente-do-sao-paulo-manda-recado-para-cbf\/\"},\"author\":{\"name\":\"Marco Menezes\",\"@id\":\"https:\/\/www.gaveanews.com\/#\/schema\/person\/a9f62fe75380c6bada1b2fc49bc23d69\"},\"headline\":\"Presidente do S\u00e3o Paulo manda recado para CBF\",\"datePublished\":\"2024-11-13T11:23:23+00:00\",\"dateModified\":\"2024-11-13T11:23:25+00:00\",\"mainEntityOfPage\":{\"@id\":\"https:\/\/www.gaveanews.com\/index.php\/2024\/11\/13\/presidente-do-sao-paulo-manda-recado-para-cbf\/\"},\"wordCount\":364,\"commentCount\":0,\"image\":{\"@id\":\"https:\/\/www.gaveanews.com\/index.php\/2024\/11\/13\/presidente-do-sao-paulo-manda-recado-para-cbf\/#primaryimage\"},\"thumbnailUrl\":\"https:\/\/www.gaveanews.com\/wp-content\/uploads\/Casares-durante-entrevista-para-a-ESPN.webp\",\"articleSection\":[\"S\u00e3o Paulo\"],\"inLanguage\":\"pt-BR\",\"potentialAction\":[{\"@type\":\"CommentAction\",\"name\":\"Comment\",\"target\":[\"https:\/\/www.gaveanews.com\/index.php\/2024\/11\/13\/presidente-do-sao-paulo-manda-recado-para-cbf\/#respond\"]}],\"copyrightYear\":\"2024\",\"copyrightHolder\":{\"@id\":\"https:\/\/www.gaveanews.com\/#organization\"}},{\"@type\":\"WebPage\",\"@id\":\"https:\/\/www.gaveanews.com\/index.php\/2024\/11\/13\/presidente-do-sao-paulo-manda-recado-para-cbf\/\",\"url\":\"https:\/\/www.gaveanews.com\/index.php\/2024\/11\/13\/presidente-do-sao-paulo-manda-recado-para-cbf\/\",\"name\":\"Presidente do S\u00e3o Paulo manda recado para CBF\",\"isPartOf\":{\"@id\":\"https:\/\/www.gaveanews.com\/#website\"},\"primaryImageOfPage\":{\"@id\":\"https:\/\/www.gaveanews.com\/index.php\/2024\/11\/13\/presidente-do-sao-paulo-manda-recado-para-cbf\/#primaryimage\"},\"image\":{\"@id\":\"https:\/\/www.gaveanews.com\/index.php\/2024\/11\/13\/presidente-do-sao-paulo-manda-recado-para-cbf\/#primaryimage\"},\"thumbnailUrl\":\"https:\/\/www.gaveanews.com\/wp-content\/uploads\/Casares-durante-entrevista-para-a-ESPN.webp\",\"datePublished\":\"2024-11-13T11:23:23+00:00\",\"dateModified\":\"2024-11-13T11:23:25+00:00\",\"author\":{\"@id\":\"https:\/\/www.gaveanews.com\/#\/schema\/person\/a9f62fe75380c6bada1b2fc49bc23d69\"},\"breadcrumb\":{\"@id\":\"https:\/\/www.gaveanews.com\/index.php\/2024\/11\/13\/presidente-do-sao-paulo-manda-recado-para-cbf\/#breadcrumb\"},\"inLanguage\":\"pt-BR\",\"potentialAction\":[{\"@type\":\"ReadAction\",\"target\":[\"https:\/\/www.gaveanews.com\/index.php\/2024\/11\/13\/presidente-do-sao-paulo-manda-recado-para-cbf\/\"]}]},{\"@type\":\"ImageObject\",\"inLanguage\":\"pt-BR\",\"@id\":\"https:\/\/www.gaveanews.com\/index.php\/2024\/11\/13\/presidente-do-sao-paulo-manda-recado-para-cbf\/#primaryimage\",\"url\":\"https:\/\/www.gaveanews.com\/wp-content\/uploads\/Casares-durante-entrevista-para-a-ESPN.webp\",\"contentUrl\":\"https:\/\/www.gaveanews.com\/wp-content\/uploads\/Casares-durante-entrevista-para-a-ESPN.webp\",\"width\":900,\"height\":475,\"caption\":\"Casares, presidente do S\u00e3o Paulo, durante entrevista para a ESPN (Foto: Reprodu\u00e7\u00e3o\/ESPN)\"},{\"@type\":\"BreadcrumbList\",\"@id\":\"https:\/\/www.gaveanews.com\/index.php\/2024\/11\/13\/presidente-do-sao-paulo-manda-recado-para-cbf\/#breadcrumb\",\"itemListElement\":[{\"@type\":\"ListItem\",\"position\":1,\"name\":\"Home\",\"item\":\"https:\/\/www.gaveanews.com\/\"},{\"@type\":\"ListItem\",\"position\":2,\"name\":\"Presidente do S\u00e3o Paulo manda recado para CBF\"}]},{\"@type\":\"WebSite\",\"@id\":\"https:\/\/www.gaveanews.com\/#website\",\"url\":\"https:\/\/www.gaveanews.com\/\",\"name\":\"G\u00e1vea News\",\"description\":\"Veja todas as not\u00edcias sobre o Flamengo: Contrata\u00e7\u00f5es, categorias de base, resultados das partidas, tabela de classifica\u00e7\u00e3o, pr\u00f3ximos jogos!\",\"potentialAction\":[{\"@type\":\"SearchAction\",\"target\":{\"@type\":\"EntryPoint\",\"urlTemplate\":\"https:\/\/www.gaveanews.com\/?s={search_term_string}\"},\"query-input\":{\"@type\":\"PropertyValueSpecification\",\"valueRequired\":true,\"valueName\":\"search_term_string\"}}],\"inLanguage\":\"pt-BR\"},{\"@type\":\"Person\",\"@id\":\"https:\/\/www.gaveanews.com\/#\/schema\/person\/a9f62fe75380c6bada1b2fc49bc23d69\",\"name\":\"Marco Menezes\",\"image\":{\"@type\":\"ImageObject\",\"inLanguage\":\"pt-BR\",\"@id\":\"https:\/\/www.gaveanews.com\/#\/schema\/person\/image\/\",\"url\":\"https:\/\/secure.gravatar.com\/avatar\/a1d148ae17fc8bfc5dbccffd07979e8bd2c9ba494221779de86ec2c7907b71ec?s=96&d=mm&r=g\",\"contentUrl\":\"https:\/\/secure.gravatar.com\/avatar\/a1d148ae17fc8bfc5dbccffd07979e8bd2c9ba494221779de86ec2c7907b71ec?s=96&d=mm&r=g\",\"caption\":\"Marco Menezes\"}}]}<\/script>\n<!-- \/ Yoast SEO Premium plugin. -->","yoast_head_json":{"title":"Presidente do S\u00e3o Paulo manda recado para CBF","robots":{"index":"index","follow":"follow","max-snippet":"max-snippet:-1","max-image-preview":"max-image-preview:large","max-video-preview":"max-video-preview:-1"},"canonical":"https:\/\/www.gaveanews.com\/index.php\/2024\/11\/13\/presidente-do-sao-paulo-manda-recado-para-cbf\/","og_locale":"pt_BR","og_type":"article","og_title":"Presidente do S\u00e3o Paulo manda recado para CBF","og_description":"O presidente do S\u00e3o Paulo, J\u00falio Casares, mostrou preocupa\u00e7\u00e3o com a mudan\u00e7a do calend\u00e1rio do futebol brasileiro para a pr\u00f3xima temporada. A CBF prop\u00f4s antecipar as datas dos estaduais e estender o Campeonato Brasileiro para privilegiar o novo Mundial de Clubes da FIFA marcado para o meio do ano. Segundo Casares, a decis\u00e3o pode afetar [&hellip;]","og_url":"https:\/\/www.gaveanews.com\/index.php\/2024\/11\/13\/presidente-do-sao-paulo-manda-recado-para-cbf\/","og_site_name":"G\u00e1vea News","article_publisher":"https:\/\/facebook.com\/gaveaNews\/","article_published_time":"2024-11-13T11:23:23+00:00","article_modified_time":"2024-11-13T11:23:25+00:00","og_image":[{"width":900,"height":475,"url":"https:\/\/www.gaveanews.com\/wp-content\/uploads\/Casares-durante-entrevista-para-a-ESPN.webp","type":"image\/png"}],"author":"Marco Menezes","twitter_card":"summary_large_image","twitter_misc":{"Escrito por":"Marco Menezes","Est. tempo de leitura":"2 minutos"},"schema":{"@context":"https:\/\/schema.org","@graph":[{"@type":"NewsArticle","@id":"https:\/\/www.gaveanews.com\/index.php\/2024\/11\/13\/presidente-do-sao-paulo-manda-recado-para-cbf\/#article","isPartOf":{"@id":"https:\/\/www.gaveanews.com\/index.php\/2024\/11\/13\/presidente-do-sao-paulo-manda-recado-para-cbf\/"},"author":{"name":"Marco Menezes","@id":"https:\/\/www.gaveanews.com\/#\/schema\/person\/a9f62fe75380c6bada1b2fc49bc23d69"},"headline":"Presidente do S\u00e3o Paulo manda recado para CBF","datePublished":"2024-11-13T11:23:23+00:00","dateModified":"2024-11-13T11:23:25+00:00","mainEntityOfPage":{"@id":"https:\/\/www.gaveanews.com\/index.php\/2024\/11\/13\/presidente-do-sao-paulo-manda-recado-para-cbf\/"},"wordCount":364,"commentCount":0,"image":{"@id":"https:\/\/www.gaveanews.com\/index.php\/2024\/11\/13\/presidente-do-sao-paulo-manda-recado-para-cbf\/#primaryimage"},"thumbnailUrl":"https:\/\/www.gaveanews.com\/wp-content\/uploads\/Casares-durante-entrevista-para-a-ESPN.webp","articleSection":["S\u00e3o Paulo"],"inLanguage":"pt-BR","potentialAction":[{"@type":"CommentAction","name":"Comment","target":["https:\/\/www.gaveanews.com\/index.php\/2024\/11\/13\/presidente-do-sao-paulo-manda-recado-para-cbf\/#respond"]}],"copyrightYear":"2024","copyrightHolder":{"@id":"https:\/\/www.gaveanews.com\/#organization"}},{"@type":"WebPage","@id":"https:\/\/www.gaveanews.com\/index.php\/2024\/11\/13\/presidente-do-sao-paulo-manda-recado-para-cbf\/","url":"https:\/\/www.gaveanews.com\/index.php\/2024\/11\/13\/presidente-do-sao-paulo-manda-recado-para-cbf\/","name":"Presidente do S\u00e3o Paulo manda recado para CBF","isPartOf":{"@id":"https:\/\/www.gaveanews.com\/#website"},"primaryImageOfPage":{"@id":"https:\/\/www.gaveanews.com\/index.php\/2024\/11\/13\/presidente-do-sao-paulo-manda-recado-para-cbf\/#primaryimage"},"image":{"@id":"https:\/\/www.gaveanews.com\/index.php\/2024\/11\/13\/presidente-do-sao-paulo-manda-recado-para-cbf\/#primaryimage"},"thumbnailUrl":"https:\/\/www.gaveanews.com\/wp-content\/uploads\/Casares-durante-entrevista-para-a-ESPN.webp","datePublished":"2024-11-13T11:23:23+00:00","dateModified":"2024-11-13T11:23:25+00:00","author":{"@id":"https:\/\/www.gaveanews.com\/#\/schema\/person\/a9f62fe75380c6bada1b2fc49bc23d69"},"breadcrumb":{"@id":"https:\/\/www.gaveanews.com\/index.php\/2024\/11\/13\/presidente-do-sao-paulo-manda-recado-para-cbf\/#breadcrumb"},"inLanguage":"pt-BR","potentialAction":[{"@type":"ReadAction","target":["https:\/\/www.gaveanews.com\/index.php\/2024\/11\/13\/presidente-do-sao-paulo-manda-recado-para-cbf\/"]}]},{"@type":"ImageObject","inLanguage":"pt-BR","@id":"https:\/\/www.gaveanews.com\/index.php\/2024\/11\/13\/presidente-do-sao-paulo-manda-recado-para-cbf\/#primaryimage","url":"https:\/\/www.gaveanews.com\/wp-content\/uploads\/Casares-durante-entrevista-para-a-ESPN.webp","contentUrl":"https:\/\/www.gaveanews.com\/wp-content\/uploads\/Casares-durante-entrevista-para-a-ESPN.webp","width":900,"height":475,"caption":"Casares, presidente do S\u00e3o Paulo, durante entrevista para a ESPN (Foto: Reprodu\u00e7\u00e3o\/ESPN)"},{"@type":"BreadcrumbList","@id":"https:\/\/www.gaveanews.com\/index.php\/2024\/11\/13\/presidente-do-sao-paulo-manda-recado-para-cbf\/#breadcrumb","itemListElement":[{"@type":"ListItem","position":1,"name":"Home","item":"https:\/\/www.gaveanews.com\/"},{"@type":"ListItem","position":2,"name":"Presidente do S\u00e3o Paulo manda recado para CBF"}]},{"@type":"WebSite","@id":"https:\/\/www.gaveanews.com\/#website","url":"https:\/\/www.gaveanews.com\/","name":"G\u00e1vea News","description":"Veja todas as not\u00edcias sobre o Flamengo: Contrata\u00e7\u00f5es, categorias de base, resultados das partidas, tabela de classifica\u00e7\u00e3o, pr\u00f3ximos jogos!","potentialAction":[{"@type":"SearchAction","target":{"@type":"EntryPoint","urlTemplate":"https:\/\/www.gaveanews.com\/?s={search_term_string}"},"query-input":{"@type":"PropertyValueSpecification","valueRequired":true,"valueName":"search_term_string"}}],"inLanguage":"pt-BR"},{"@type":"Person","@id":"https:\/\/www.gaveanews.com\/#\/schema\/person\/a9f62fe75380c6bada1b2fc49bc23d69","name":"Marco Menezes","image":{"@type":"ImageObject","inLanguage":"pt-BR","@id":"https:\/\/www.gaveanews.com\/#\/schema\/person\/image\/","url":"https:\/\/secure.gravatar.com\/avatar\/a1d148ae17fc8bfc5dbccffd07979e8bd2c9ba494221779de86ec2c7907b71ec?s=96&d=mm&r=g","contentUrl":"https:\/\/secure.gravatar.com\/avatar\/a1d148ae17fc8bfc5dbccffd07979e8bd2c9ba494221779de86ec2c7907b71ec?s=96&d=mm&r=g","caption":"Marco Menezes"}}]}},"_links":{"self":[{"href":"https:\/\/www.gaveanews.com\/index.php\/wp-json\/wp\/v2\/posts\/184697","targetHints":{"allow":["GET"]}}],"collection":[{"href":"https:\/\/www.gaveanews.com\/index.php\/wp-json\/wp\/v2\/posts"}],"about":[{"href":"https:\/\/www.gaveanews.com\/index.php\/wp-json\/wp\/v2\/types\/post"}],"author":[{"embeddable":true,"href":"https:\/\/www.gaveanews.com\/index.php\/wp-json\/wp\/v2\/users\/29"}],"replies":[{"embeddable":true,"href":"https:\/\/www.gaveanews.com\/index.php\/wp-json\/wp\/v2\/comments?post=184697"}],"version-history":[{"count":1,"href":"https:\/\/www.gaveanews.com\/index.php\/wp-json\/wp\/v2\/posts\/184697\/revisions"}],"predecessor-version":[{"id":184700,"href":"https:\/\/www.gaveanews.com\/index.php\/wp-json\/wp\/v2\/posts\/184697\/revisions\/184700"}],"wp:featuredmedia":[{"embeddable":true,"href":"https:\/\/www.gaveanews.com\/index.php\/wp-json\/wp\/v2\/media\/148896"}],"wp:attachment":[{"href":"https:\/\/www.gaveanews.com\/index.php\/wp-json\/wp\/v2\/media?parent=184697"}],"wp:term":[{"taxonomy":"category","embeddable":true,"href":"https:\/\/www.gaveanews.com\/index.php\/wp-json\/wp\/v2\/categories?post=184697"},{"taxonomy":"post_tag","embeddable":true,"href":"https:\/\/www.gaveanews.com\/index.php\/wp-json\/wp\/v2\/tags?post=184697"}],"curies":[{"name":"wp","href":"https:\/\/api.w.org\/{rel}","templated":true}]}}