{"id":184746,"date":"2024-11-13T14:15:00","date_gmt":"2024-11-13T17:15:00","guid":{"rendered":"https:\/\/www.gaveanews.com\/?p=184746"},"modified":"2024-11-13T13:57:33","modified_gmt":"2024-11-13T16:57:33","slug":"idolo-do-palmeiras-esta-insatisfeito-e-pode-deixar-o-clube","status":"publish","type":"post","link":"https:\/\/www.gaveanews.com\/index.php\/2024\/11\/13\/idolo-do-palmeiras-esta-insatisfeito-e-pode-deixar-o-clube\/","title":{"rendered":"\u00cddolo do Palmeiras est\u00e1 insatisfeito e pode deixar o clube"},"content":{"rendered":"\n<p>O clima nos bastidores do Palmeiras n\u00e3o anda dos melhores. Apesar de mais uma vit\u00f3ria importante no Campeonato Brasileiro, o time vive uma situa\u00e7\u00e3o delicada envolvendo um de seus principais \u00eddolos, Rony.&nbsp;<\/p>\n\n\n\n<ul class=\"wp-block-list\">\n<li><a href=\"https:\/\/www.gaveanews.com\/index.php\/2024\/11\/13\/meia-do-palmeiras-e-convocado-veja-todos-os-detalhes\/\">Meia do Palmeiras \u00e9 convocado; veja todos os detalhes<\/a><\/li>\n\n\n\n<li><a href=\"https:\/\/www.gaveanews.com\/index.php\/2024\/11\/13\/jogador-na-mira-para-2025-publicacao-de-mbappe-e-declaracao-de-luxemburgo-as-ultimas-noticias-do-palmeiras\/\">Jogador na mira para 2025, publica\u00e7\u00e3o de Mbapp\u00e9 e declara\u00e7\u00e3o de Luxemburgo: as \u00faltimas not\u00edcias do Palmeiras<\/a><\/li>\n<\/ul>\n\n\n\n<p>O camisa 10, que j\u00e1 foi importante em conquistas hist\u00f3ricas, perdeu espa\u00e7o e atualmente \u00e9 op\u00e7\u00e3o no banco de reservas. Insatisfeito, o jogador pode estar considerando um novo rumo para a pr\u00f3xima temporada, algo que preocupa a torcida alviverde.<\/p>\n\n\n\n<h2 class=\"wp-block-heading\" id=\"h-fase-ruim-e-insatisfacao-evidente\">Fase ruim e insatisfa\u00e7\u00e3o evidente<\/h2>\n\n\n\n<p>Rony tem enfrentado uma fase complicada no Palmeiras. O atacante, que conquistou t\u00edtulos importantes como duas Libertadores (2020 e 2021), dois Campeonatos Brasileiros (2022 e 2023) e quatro Paulistas (2020, 2022, 2023 e 2024), vem sendo criticado por parte da torcida devido ao seu desempenho recente.&nbsp;<\/p>\n\n\n\n<p>Al\u00e9m disso, a reserva tem gerado inc\u00f4modo, o que ficou evidente nos \u00faltimos jogos e se tornou tema nos bastidores do clube.&nbsp;<\/p>\n\n\n\n<figure class=\"wp-block-image size-full\"><img loading=\"lazy\" decoding=\"async\" width=\"729\" height=\"400\" src=\"https:\/\/www.gaveanews.com\/wp-content\/uploads\/rony-no-palmeiras-729x400-1.webp\" alt=\"\" class=\"wp-image-143006\" srcset=\"https:\/\/www.gaveanews.com\/wp-content\/uploads\/rony-no-palmeiras-729x400-1.webp 729w, https:\/\/www.gaveanews.com\/wp-content\/uploads\/rony-no-palmeiras-729x400-1-300x165.webp 300w, https:\/\/www.gaveanews.com\/wp-content\/uploads\/rony-no-palmeiras-729x400-1-640x350.webp 640w, https:\/\/www.gaveanews.com\/wp-content\/uploads\/rony-no-palmeiras-729x400-1-681x374.webp 681w, https:\/\/www.gaveanews.com\/wp-content\/uploads\/rony-no-palmeiras-729x400-1-100x55.webp 100w\" sizes=\"auto, (max-width: 729px) 100vw, 729px\" \/><\/figure>\n\n\n\n<p>Cabe ressaltar que a insatisfa\u00e7\u00e3o do jogador se intensificou ap\u00f3s a sequ\u00eancia de folgas concedidas pela comiss\u00e3o t\u00e9cnica, o que gerou reclama\u00e7\u00f5es nas redes sociais.<\/p>\n\n\n\n<h2 class=\"wp-block-heading\" id=\"h-possivel-saida-e-especulacoes-no-mercado\">Poss\u00edvel sa\u00edda e especula\u00e7\u00f5es no mercado<\/h2>\n\n\n\n<p>De acordo com o jornalista Andr\u00e9 Hernan, do UOL Esporte, Rony est\u00e1 avaliando seu futuro e pode deixar o Palmeiras j\u00e1 em janeiro de 2025. O atacante tem sido especulado em clubes do Brasil e do exterior, com destaque para o Cruzeiro, que est\u00e1 investindo pesado no mercado e pr\u00f3ximo de anunciar Gabigol.&nbsp;<\/p>\n\n\n\n<p>Sendo assim, a possibilidade de uma transfer\u00eancia ganha for\u00e7a, ainda mais considerando o descontentamento do jogador com a falta de minutos em campo.<\/p>\n\n\n\n<p>Vale destacar que Rony, desde sua chegada ao clube em 2020, se tornou uma pe\u00e7a fundamental nas conquistas recentes do Palmeiras, acumulando t\u00edtulos importantes como a Supercopa de 2023 e a Recopa Sul-Americana de 2022.&nbsp;<\/p>\n\n\n\n<p>No entanto, a mudan\u00e7a de status dentro do elenco pode fazer com que ele busque novos desafios.<\/p>\n\n\n\n<h2 class=\"wp-block-heading\" id=\"h-proximos-passos-do-palmeiras\">Pr\u00f3ximos passos do Palmeiras<\/h2>\n\n\n\n<p>Enquanto Rony analisa seu futuro, o Palmeiras segue focado no Campeonato Brasileiro. A pr\u00f3xima partida ser\u00e1 contra o Bahia, fora de casa, no dia 20 de novembro, \u00e0s 19h, na Arena Fonte Nova.&nbsp;<\/p>\n\n\n\n<p>O duelo promete ser decisivo, e a presen\u00e7a de Rony em campo \u00e9 incerta, j\u00e1 que o jogador ainda busca retomar seu espa\u00e7o na equipe titular.<\/p>\n","protected":false},"excerpt":{"rendered":"<p>O clima nos bastidores do Palmeiras n\u00e3o anda dos melhores. Apesar de mais uma vit\u00f3ria importante no Campeonato Brasileiro, o time vive uma situa\u00e7\u00e3o delicada envolvendo um de seus principais \u00eddolos, Rony.&nbsp; O camisa 10, que j\u00e1 foi importante em conquistas hist\u00f3ricas, perdeu espa\u00e7o e atualmente \u00e9 op\u00e7\u00e3o no banco de reservas. Insatisfeito, o jogador [&hellip;]<\/p>\n","protected":false},"author":25,"featured_media":158317,"comment_status":"open","ping_status":"closed","sticky":false,"template":"","format":"standard","meta":{"footnotes":""},"categories":[150],"tags":[],"class_list":["post-184746","post","type-post","status-publish","format-standard","has-post-thumbnail","hentry","category-palmeiras"],"yoast_head":"<!-- This site is optimized with the Yoast SEO Premium plugin v24.2 (Yoast SEO v26.9) - https:\/\/yoast.com\/product\/yoast-seo-premium-wordpress\/ -->\n<title>\u00cddolo do Palmeiras est\u00e1 insatisfeito e pode deixar o clube<\/title>\n<meta name=\"robots\" content=\"index, follow, max-snippet:-1, max-image-preview:large, max-video-preview:-1\" \/>\n<link rel=\"canonical\" href=\"https:\/\/www.gaveanews.com\/index.php\/2024\/11\/13\/idolo-do-palmeiras-esta-insatisfeito-e-pode-deixar-o-clube\/\" \/>\n<meta property=\"og:locale\" content=\"pt_BR\" \/>\n<meta property=\"og:type\" content=\"article\" \/>\n<meta property=\"og:title\" content=\"\u00cddolo do Palmeiras est\u00e1 insatisfeito e pode deixar o clube\" \/>\n<meta property=\"og:description\" content=\"O clima nos bastidores do Palmeiras n\u00e3o anda dos melhores. Apesar de mais uma vit\u00f3ria importante no Campeonato Brasileiro, o time vive uma situa\u00e7\u00e3o delicada envolvendo um de seus principais \u00eddolos, Rony.&nbsp; O camisa 10, que j\u00e1 foi importante em conquistas hist\u00f3ricas, perdeu espa\u00e7o e atualmente \u00e9 op\u00e7\u00e3o no banco de reservas. Insatisfeito, o jogador [&hellip;]\" \/>\n<meta property=\"og:url\" content=\"https:\/\/www.gaveanews.com\/index.php\/2024\/11\/13\/idolo-do-palmeiras-esta-insatisfeito-e-pode-deixar-o-clube\/\" \/>\n<meta property=\"og:site_name\" content=\"G\u00e1vea News\" \/>\n<meta property=\"article:publisher\" content=\"https:\/\/facebook.com\/gaveaNews\/\" \/>\n<meta property=\"article:published_time\" content=\"2024-11-13T17:15:00+00:00\" \/>\n<meta property=\"og:image\" content=\"https:\/\/www.gaveanews.com\/wp-content\/uploads\/Jogadores-do-Palmeiras-reunidos-durante-partida-da-Copa-do-Brasil-2024.webp\" \/>\n\t<meta property=\"og:image:width\" content=\"1187\" \/>\n\t<meta property=\"og:image:height\" content=\"792\" \/>\n\t<meta property=\"og:image:type\" content=\"image\/webp\" \/>\n<meta name=\"author\" content=\"Rafaela Ladeira\" \/>\n<meta name=\"twitter:card\" content=\"summary_large_image\" \/>\n<meta name=\"twitter:label1\" content=\"Escrito por\" \/>\n\t<meta name=\"twitter:data1\" content=\"Rafaela Ladeira\" \/>\n\t<meta name=\"twitter:label2\" content=\"Est. tempo de leitura\" \/>\n\t<meta name=\"twitter:data2\" content=\"3 minutos\" \/>\n<script type=\"application\/ld+json\" class=\"yoast-schema-graph\">{\"@context\":\"https:\/\/schema.org\",\"@graph\":[{\"@type\":\"NewsArticle\",\"@id\":\"https:\/\/www.gaveanews.com\/index.php\/2024\/11\/13\/idolo-do-palmeiras-esta-insatisfeito-e-pode-deixar-o-clube\/#article\",\"isPartOf\":{\"@id\":\"https:\/\/www.gaveanews.com\/index.php\/2024\/11\/13\/idolo-do-palmeiras-esta-insatisfeito-e-pode-deixar-o-clube\/\"},\"author\":{\"name\":\"Rafaela Ladeira\",\"@id\":\"https:\/\/www.gaveanews.com\/#\/schema\/person\/0eb3e3fe1754f0205218538adbe8f5ed\"},\"headline\":\"\u00cddolo do Palmeiras est\u00e1 insatisfeito e pode deixar o clube\",\"datePublished\":\"2024-11-13T17:15:00+00:00\",\"mainEntityOfPage\":{\"@id\":\"https:\/\/www.gaveanews.com\/index.php\/2024\/11\/13\/idolo-do-palmeiras-esta-insatisfeito-e-pode-deixar-o-clube\/\"},\"wordCount\":423,\"commentCount\":0,\"image\":{\"@id\":\"https:\/\/www.gaveanews.com\/index.php\/2024\/11\/13\/idolo-do-palmeiras-esta-insatisfeito-e-pode-deixar-o-clube\/#primaryimage\"},\"thumbnailUrl\":\"https:\/\/www.gaveanews.com\/wp-content\/uploads\/Jogadores-do-Palmeiras-reunidos-durante-partida-da-Copa-do-Brasil-2024.webp\",\"articleSection\":[\"Palmeiras\"],\"inLanguage\":\"pt-BR\",\"potentialAction\":[{\"@type\":\"CommentAction\",\"name\":\"Comment\",\"target\":[\"https:\/\/www.gaveanews.com\/index.php\/2024\/11\/13\/idolo-do-palmeiras-esta-insatisfeito-e-pode-deixar-o-clube\/#respond\"]}],\"copyrightYear\":\"2024\",\"copyrightHolder\":{\"@id\":\"https:\/\/www.gaveanews.com\/#organization\"}},{\"@type\":\"WebPage\",\"@id\":\"https:\/\/www.gaveanews.com\/index.php\/2024\/11\/13\/idolo-do-palmeiras-esta-insatisfeito-e-pode-deixar-o-clube\/\",\"url\":\"https:\/\/www.gaveanews.com\/index.php\/2024\/11\/13\/idolo-do-palmeiras-esta-insatisfeito-e-pode-deixar-o-clube\/\",\"name\":\"\u00cddolo do Palmeiras est\u00e1 insatisfeito e pode deixar o clube\",\"isPartOf\":{\"@id\":\"https:\/\/www.gaveanews.com\/#website\"},\"primaryImageOfPage\":{\"@id\":\"https:\/\/www.gaveanews.com\/index.php\/2024\/11\/13\/idolo-do-palmeiras-esta-insatisfeito-e-pode-deixar-o-clube\/#primaryimage\"},\"image\":{\"@id\":\"https:\/\/www.gaveanews.com\/index.php\/2024\/11\/13\/idolo-do-palmeiras-esta-insatisfeito-e-pode-deixar-o-clube\/#primaryimage\"},\"thumbnailUrl\":\"https:\/\/www.gaveanews.com\/wp-content\/uploads\/Jogadores-do-Palmeiras-reunidos-durante-partida-da-Copa-do-Brasil-2024.webp\",\"datePublished\":\"2024-11-13T17:15:00+00:00\",\"author\":{\"@id\":\"https:\/\/www.gaveanews.com\/#\/schema\/person\/0eb3e3fe1754f0205218538adbe8f5ed\"},\"breadcrumb\":{\"@id\":\"https:\/\/www.gaveanews.com\/index.php\/2024\/11\/13\/idolo-do-palmeiras-esta-insatisfeito-e-pode-deixar-o-clube\/#breadcrumb\"},\"inLanguage\":\"pt-BR\",\"potentialAction\":[{\"@type\":\"ReadAction\",\"target\":[\"https:\/\/www.gaveanews.com\/index.php\/2024\/11\/13\/idolo-do-palmeiras-esta-insatisfeito-e-pode-deixar-o-clube\/\"]}]},{\"@type\":\"ImageObject\",\"inLanguage\":\"pt-BR\",\"@id\":\"https:\/\/www.gaveanews.com\/index.php\/2024\/11\/13\/idolo-do-palmeiras-esta-insatisfeito-e-pode-deixar-o-clube\/#primaryimage\",\"url\":\"https:\/\/www.gaveanews.com\/wp-content\/uploads\/Jogadores-do-Palmeiras-reunidos-durante-partida-da-Copa-do-Brasil-2024.webp\",\"contentUrl\":\"https:\/\/www.gaveanews.com\/wp-content\/uploads\/Jogadores-do-Palmeiras-reunidos-durante-partida-da-Copa-do-Brasil-2024.webp\",\"width\":1187,\"height\":792,\"caption\":\"Jogadores do Palmeiras reunidos durante partida da Copa do Brasil 2024 (Foto: Reprodu\u00e7\u00e3o\/Palmeiras)\"},{\"@type\":\"BreadcrumbList\",\"@id\":\"https:\/\/www.gaveanews.com\/index.php\/2024\/11\/13\/idolo-do-palmeiras-esta-insatisfeito-e-pode-deixar-o-clube\/#breadcrumb\",\"itemListElement\":[{\"@type\":\"ListItem\",\"position\":1,\"name\":\"Home\",\"item\":\"https:\/\/www.gaveanews.com\/\"},{\"@type\":\"ListItem\",\"position\":2,\"name\":\"\u00cddolo do Palmeiras est\u00e1 insatisfeito e pode deixar o clube\"}]},{\"@type\":\"WebSite\",\"@id\":\"https:\/\/www.gaveanews.com\/#website\",\"url\":\"https:\/\/www.gaveanews.com\/\",\"name\":\"G\u00e1vea News\",\"description\":\"Veja todas as not\u00edcias sobre o Flamengo: Contrata\u00e7\u00f5es, categorias de base, resultados das partidas, tabela de classifica\u00e7\u00e3o, pr\u00f3ximos jogos!\",\"potentialAction\":[{\"@type\":\"SearchAction\",\"target\":{\"@type\":\"EntryPoint\",\"urlTemplate\":\"https:\/\/www.gaveanews.com\/?s={search_term_string}\"},\"query-input\":{\"@type\":\"PropertyValueSpecification\",\"valueRequired\":true,\"valueName\":\"search_term_string\"}}],\"inLanguage\":\"pt-BR\"},{\"@type\":\"Person\",\"@id\":\"https:\/\/www.gaveanews.com\/#\/schema\/person\/0eb3e3fe1754f0205218538adbe8f5ed\",\"name\":\"Rafaela Ladeira\",\"image\":{\"@type\":\"ImageObject\",\"inLanguage\":\"pt-BR\",\"@id\":\"https:\/\/www.gaveanews.com\/#\/schema\/person\/image\/\",\"url\":\"https:\/\/secure.gravatar.com\/avatar\/c31f513acffd85eacab5730cbdfdbbf59f21ba5aeada8cd890acea879fbb2455?s=96&d=mm&r=g\",\"contentUrl\":\"https:\/\/secure.gravatar.com\/avatar\/c31f513acffd85eacab5730cbdfdbbf59f21ba5aeada8cd890acea879fbb2455?s=96&d=mm&r=g\",\"caption\":\"Rafaela Ladeira\"}}]}<\/script>\n<!-- \/ Yoast SEO Premium plugin. -->","yoast_head_json":{"title":"\u00cddolo do Palmeiras est\u00e1 insatisfeito e pode deixar o clube","robots":{"index":"index","follow":"follow","max-snippet":"max-snippet:-1","max-image-preview":"max-image-preview:large","max-video-preview":"max-video-preview:-1"},"canonical":"https:\/\/www.gaveanews.com\/index.php\/2024\/11\/13\/idolo-do-palmeiras-esta-insatisfeito-e-pode-deixar-o-clube\/","og_locale":"pt_BR","og_type":"article","og_title":"\u00cddolo do Palmeiras est\u00e1 insatisfeito e pode deixar o clube","og_description":"O clima nos bastidores do Palmeiras n\u00e3o anda dos melhores. Apesar de mais uma vit\u00f3ria importante no Campeonato Brasileiro, o time vive uma situa\u00e7\u00e3o delicada envolvendo um de seus principais \u00eddolos, Rony.&nbsp; O camisa 10, que j\u00e1 foi importante em conquistas hist\u00f3ricas, perdeu espa\u00e7o e atualmente \u00e9 op\u00e7\u00e3o no banco de reservas. Insatisfeito, o jogador [&hellip;]","og_url":"https:\/\/www.gaveanews.com\/index.php\/2024\/11\/13\/idolo-do-palmeiras-esta-insatisfeito-e-pode-deixar-o-clube\/","og_site_name":"G\u00e1vea News","article_publisher":"https:\/\/facebook.com\/gaveaNews\/","article_published_time":"2024-11-13T17:15:00+00:00","og_image":[{"width":1187,"height":792,"url":"https:\/\/www.gaveanews.com\/wp-content\/uploads\/Jogadores-do-Palmeiras-reunidos-durante-partida-da-Copa-do-Brasil-2024.webp","type":"image\/webp"}],"author":"Rafaela Ladeira","twitter_card":"summary_large_image","twitter_misc":{"Escrito por":"Rafaela Ladeira","Est. tempo de leitura":"3 minutos"},"schema":{"@context":"https:\/\/schema.org","@graph":[{"@type":"NewsArticle","@id":"https:\/\/www.gaveanews.com\/index.php\/2024\/11\/13\/idolo-do-palmeiras-esta-insatisfeito-e-pode-deixar-o-clube\/#article","isPartOf":{"@id":"https:\/\/www.gaveanews.com\/index.php\/2024\/11\/13\/idolo-do-palmeiras-esta-insatisfeito-e-pode-deixar-o-clube\/"},"author":{"name":"Rafaela Ladeira","@id":"https:\/\/www.gaveanews.com\/#\/schema\/person\/0eb3e3fe1754f0205218538adbe8f5ed"},"headline":"\u00cddolo do Palmeiras est\u00e1 insatisfeito e pode deixar o clube","datePublished":"2024-11-13T17:15:00+00:00","mainEntityOfPage":{"@id":"https:\/\/www.gaveanews.com\/index.php\/2024\/11\/13\/idolo-do-palmeiras-esta-insatisfeito-e-pode-deixar-o-clube\/"},"wordCount":423,"commentCount":0,"image":{"@id":"https:\/\/www.gaveanews.com\/index.php\/2024\/11\/13\/idolo-do-palmeiras-esta-insatisfeito-e-pode-deixar-o-clube\/#primaryimage"},"thumbnailUrl":"https:\/\/www.gaveanews.com\/wp-content\/uploads\/Jogadores-do-Palmeiras-reunidos-durante-partida-da-Copa-do-Brasil-2024.webp","articleSection":["Palmeiras"],"inLanguage":"pt-BR","potentialAction":[{"@type":"CommentAction","name":"Comment","target":["https:\/\/www.gaveanews.com\/index.php\/2024\/11\/13\/idolo-do-palmeiras-esta-insatisfeito-e-pode-deixar-o-clube\/#respond"]}],"copyrightYear":"2024","copyrightHolder":{"@id":"https:\/\/www.gaveanews.com\/#organization"}},{"@type":"WebPage","@id":"https:\/\/www.gaveanews.com\/index.php\/2024\/11\/13\/idolo-do-palmeiras-esta-insatisfeito-e-pode-deixar-o-clube\/","url":"https:\/\/www.gaveanews.com\/index.php\/2024\/11\/13\/idolo-do-palmeiras-esta-insatisfeito-e-pode-deixar-o-clube\/","name":"\u00cddolo do Palmeiras est\u00e1 insatisfeito e pode deixar o clube","isPartOf":{"@id":"https:\/\/www.gaveanews.com\/#website"},"primaryImageOfPage":{"@id":"https:\/\/www.gaveanews.com\/index.php\/2024\/11\/13\/idolo-do-palmeiras-esta-insatisfeito-e-pode-deixar-o-clube\/#primaryimage"},"image":{"@id":"https:\/\/www.gaveanews.com\/index.php\/2024\/11\/13\/idolo-do-palmeiras-esta-insatisfeito-e-pode-deixar-o-clube\/#primaryimage"},"thumbnailUrl":"https:\/\/www.gaveanews.com\/wp-content\/uploads\/Jogadores-do-Palmeiras-reunidos-durante-partida-da-Copa-do-Brasil-2024.webp","datePublished":"2024-11-13T17:15:00+00:00","author":{"@id":"https:\/\/www.gaveanews.com\/#\/schema\/person\/0eb3e3fe1754f0205218538adbe8f5ed"},"breadcrumb":{"@id":"https:\/\/www.gaveanews.com\/index.php\/2024\/11\/13\/idolo-do-palmeiras-esta-insatisfeito-e-pode-deixar-o-clube\/#breadcrumb"},"inLanguage":"pt-BR","potentialAction":[{"@type":"ReadAction","target":["https:\/\/www.gaveanews.com\/index.php\/2024\/11\/13\/idolo-do-palmeiras-esta-insatisfeito-e-pode-deixar-o-clube\/"]}]},{"@type":"ImageObject","inLanguage":"pt-BR","@id":"https:\/\/www.gaveanews.com\/index.php\/2024\/11\/13\/idolo-do-palmeiras-esta-insatisfeito-e-pode-deixar-o-clube\/#primaryimage","url":"https:\/\/www.gaveanews.com\/wp-content\/uploads\/Jogadores-do-Palmeiras-reunidos-durante-partida-da-Copa-do-Brasil-2024.webp","contentUrl":"https:\/\/www.gaveanews.com\/wp-content\/uploads\/Jogadores-do-Palmeiras-reunidos-durante-partida-da-Copa-do-Brasil-2024.webp","width":1187,"height":792,"caption":"Jogadores do Palmeiras reunidos durante partida da Copa do Brasil 2024 (Foto: Reprodu\u00e7\u00e3o\/Palmeiras)"},{"@type":"BreadcrumbList","@id":"https:\/\/www.gaveanews.com\/index.php\/2024\/11\/13\/idolo-do-palmeiras-esta-insatisfeito-e-pode-deixar-o-clube\/#breadcrumb","itemListElement":[{"@type":"ListItem","position":1,"name":"Home","item":"https:\/\/www.gaveanews.com\/"},{"@type":"ListItem","position":2,"name":"\u00cddolo do Palmeiras est\u00e1 insatisfeito e pode deixar o clube"}]},{"@type":"WebSite","@id":"https:\/\/www.gaveanews.com\/#website","url":"https:\/\/www.gaveanews.com\/","name":"G\u00e1vea News","description":"Veja todas as not\u00edcias sobre o Flamengo: Contrata\u00e7\u00f5es, categorias de base, resultados das partidas, tabela de classifica\u00e7\u00e3o, pr\u00f3ximos jogos!","potentialAction":[{"@type":"SearchAction","target":{"@type":"EntryPoint","urlTemplate":"https:\/\/www.gaveanews.com\/?s={search_term_string}"},"query-input":{"@type":"PropertyValueSpecification","valueRequired":true,"valueName":"search_term_string"}}],"inLanguage":"pt-BR"},{"@type":"Person","@id":"https:\/\/www.gaveanews.com\/#\/schema\/person\/0eb3e3fe1754f0205218538adbe8f5ed","name":"Rafaela Ladeira","image":{"@type":"ImageObject","inLanguage":"pt-BR","@id":"https:\/\/www.gaveanews.com\/#\/schema\/person\/image\/","url":"https:\/\/secure.gravatar.com\/avatar\/c31f513acffd85eacab5730cbdfdbbf59f21ba5aeada8cd890acea879fbb2455?s=96&d=mm&r=g","contentUrl":"https:\/\/secure.gravatar.com\/avatar\/c31f513acffd85eacab5730cbdfdbbf59f21ba5aeada8cd890acea879fbb2455?s=96&d=mm&r=g","caption":"Rafaela Ladeira"}}]}},"_links":{"self":[{"href":"https:\/\/www.gaveanews.com\/index.php\/wp-json\/wp\/v2\/posts\/184746","targetHints":{"allow":["GET"]}}],"collection":[{"href":"https:\/\/www.gaveanews.com\/index.php\/wp-json\/wp\/v2\/posts"}],"about":[{"href":"https:\/\/www.gaveanews.com\/index.php\/wp-json\/wp\/v2\/types\/post"}],"author":[{"embeddable":true,"href":"https:\/\/www.gaveanews.com\/index.php\/wp-json\/wp\/v2\/users\/25"}],"replies":[{"embeddable":true,"href":"https:\/\/www.gaveanews.com\/index.php\/wp-json\/wp\/v2\/comments?post=184746"}],"version-history":[{"count":2,"href":"https:\/\/www.gaveanews.com\/index.php\/wp-json\/wp\/v2\/posts\/184746\/revisions"}],"predecessor-version":[{"id":184830,"href":"https:\/\/www.gaveanews.com\/index.php\/wp-json\/wp\/v2\/posts\/184746\/revisions\/184830"}],"wp:featuredmedia":[{"embeddable":true,"href":"https:\/\/www.gaveanews.com\/index.php\/wp-json\/wp\/v2\/media\/158317"}],"wp:attachment":[{"href":"https:\/\/www.gaveanews.com\/index.php\/wp-json\/wp\/v2\/media?parent=184746"}],"wp:term":[{"taxonomy":"category","embeddable":true,"href":"https:\/\/www.gaveanews.com\/index.php\/wp-json\/wp\/v2\/categories?post=184746"},{"taxonomy":"post_tag","embeddable":true,"href":"https:\/\/www.gaveanews.com\/index.php\/wp-json\/wp\/v2\/tags?post=184746"}],"curies":[{"name":"wp","href":"https:\/\/api.w.org\/{rel}","templated":true}]}}