{"id":184749,"date":"2024-11-13T12:50:34","date_gmt":"2024-11-13T15:50:34","guid":{"rendered":"https:\/\/www.gaveanews.com\/?p=184749"},"modified":"2024-11-13T12:15:26","modified_gmt":"2024-11-13T15:15:26","slug":"casares-e-sincero-ao-falar-sobre-a-venda-de-rodrigo-nestor-para-o-bahia","status":"publish","type":"post","link":"https:\/\/www.gaveanews.com\/index.php\/2024\/11\/13\/casares-e-sincero-ao-falar-sobre-a-venda-de-rodrigo-nestor-para-o-bahia\/","title":{"rendered":"Casares \u00e9 sincero ao falar sobre a venda de Rodrigo Nestor para o Bahia"},"content":{"rendered":"\n<p>Recentemente surgiram especula\u00e7\u00f5es de uma poss\u00edvel sa\u00edda de Rodrigo Nestor do S\u00e3o Paulo. Ele que j\u00e1 foi um dos principais atletas do elenco, tem perdido espa\u00e7o no time de Zubeld\u00eda, principalmente ap\u00f3s as les\u00f5es sofridas durante o ano.<\/p>\n\n\n\n<p>Respons\u00e1vel pelo gol do t\u00edtulo da Copa do Brasil em 2023, Rodrigo Nestor teve o nome vinculado com o Bahia principalmente pela influ\u00eancia de Rog\u00e9rio Ceni, que v\u00ea com bons olhos a contrata\u00e7\u00e3o do jogador.<\/p>\n\n\n\n<ul class=\"wp-block-list\">\n<li><a href=\"https:\/\/www.gaveanews.com\/index.php\/2024\/11\/13\/declaracao-de-alisson-datas-do-brasileirao-2025-e-sorteio-do-paulistao-2025-as-ultimas-noticias-do-sao-paulo\/\">Declara\u00e7\u00e3o de Alisson, datas do Brasileir\u00e3o 2025 e sorteio do Paulist\u00e3o 2025: as \u00faltimas not\u00edcias do S\u00e3o Paulo<\/a><\/li>\n\n\n\n<li><a href=\"https:\/\/www.gaveanews.com\/index.php\/2024\/11\/12\/1-bilhao-presidente-confirma-e-time-de-sao-paulo-vai-tornar-se-a-maior-saf-do-brasil\/\">1 bilh\u00e3o! Presidente confirma e time de S\u00e3o Paulo vai tornar-se a maior SAF do Brasil<\/a><\/li>\n<\/ul>\n\n\n\n<p>Casares, em entrevista na Zona Mista do sorteio dos grupos do Paulist\u00e3o 2025, disse que isso n\u00e3o passa de uma especula\u00e7\u00e3o:<\/p>\n\n\n\n<p>&#8220;N\u00e3o tivemos nenhum tipo de conversa, nem sondagem. Essas coisas aparecem. Ele \u00e9 jogador do S\u00e3o Paulo e vamos encerrar o Brasileiro com ele. Depois vamos conversar se houver algum interesse. Mas n\u00e3o tem nada. Atualmente, n\u00e3o tem nem sondagem&#8221;<\/p>\n\n\n\n<p>Casares tamb\u00e9m comentou sobre a contrata\u00e7\u00e3o de bons jogadores para repor pe\u00e7as importantes, sabendo da situa\u00e7\u00e3o financeira complicada do clube:<\/p>\n\n\n\n<p>&#8220;O S\u00e3o Paulo tem uma reestrutura\u00e7\u00e3o financeira, com um fundo dedicado exclusivo ao S\u00e3o Paulo. O S\u00e3o Paulo tem que olhar o futuro com responsabilidade. Se tiver uma grande oportunidade, com parceria ou n\u00e3o, vamos estar atentos. O S\u00e3o Paulo j\u00e1 fez investimento nas duas janelas neste ano e temos grandes jogadores. Claro que posi\u00e7\u00f5es pontuais n\u00f3s discutiremos. O S\u00e3o Paulo vai estar observando sempre dentro do or\u00e7amento. O S\u00e3o Paulo cada vez mais vai olhar para sua base, pois \u00e9 l\u00e1 em Cotia que n\u00f3s vamos ter Welington, Rodrigo Nestor, Diego Costa, Lucas Moura, jogadores que nos deram alegria.&#8221;<\/p>\n\n\n\n<h2 class=\"wp-block-heading\" id=\"h-o-que-casares-diz-sobre-zubeldia\">O que Casares diz sobre Zubeld\u00eda?<\/h2>\n\n\n\n<p>Casares tamb\u00e9m confirmou a perman\u00eancia de Zubeld\u00eda no elenco do tricolor para 2025 e disse que confia em um bom trabalho do t\u00e9cnico:<\/p>\n\n\n\n<p>&#8220;O trabalho \u00e9 muito bom. Se voc\u00ea analisar que o S\u00e3o Paulo faz o melhor Brasileiro dos \u00faltimos anos, o S\u00e3o Paulo chegou em fases importantes da Copa do Brasil e da Libertadores, pegou na Libertadores o Botafogo, que pra mim \u00e9 um dos melhores times da atualidade, e enfrentou de igual pra igual. Contra o Atl\u00e9tico-MG tamb\u00e9m. Foi um trabalho bem feito, o \u00edndice de aproveitamento dele \u00e9 bom, do staff, da comiss\u00e3o t\u00e9cnica. Temos que planejar 2025 com ele.&#8221;<\/p>\n","protected":false},"excerpt":{"rendered":"<p>Recentemente surgiram especula\u00e7\u00f5es de uma poss\u00edvel sa\u00edda de Rodrigo Nestor do S\u00e3o Paulo. Ele que j\u00e1 foi um dos principais atletas do elenco, tem perdido espa\u00e7o no time de Zubeld\u00eda, principalmente ap\u00f3s as les\u00f5es sofridas durante o ano. Respons\u00e1vel pelo gol do t\u00edtulo da Copa do Brasil em 2023, Rodrigo Nestor teve o nome vinculado [&hellip;]<\/p>\n","protected":false},"author":19,"featured_media":153396,"comment_status":"open","ping_status":"closed","sticky":false,"template":"","format":"standard","meta":{"footnotes":""},"categories":[151],"tags":[],"class_list":["post-184749","post","type-post","status-publish","format-standard","has-post-thumbnail","hentry","category-sao-paulo"],"yoast_head":"<!-- This site is optimized with the Yoast SEO Premium plugin v24.2 (Yoast SEO v26.9) - https:\/\/yoast.com\/product\/yoast-seo-premium-wordpress\/ -->\n<title>Casares \u00e9 sincero ao falar sobre a venda de Rodrigo Nestor para o Bahia<\/title>\n<meta name=\"robots\" content=\"index, follow, max-snippet:-1, max-image-preview:large, max-video-preview:-1\" \/>\n<link rel=\"canonical\" href=\"https:\/\/www.gaveanews.com\/index.php\/2024\/11\/13\/casares-e-sincero-ao-falar-sobre-a-venda-de-rodrigo-nestor-para-o-bahia\/\" \/>\n<meta property=\"og:locale\" content=\"pt_BR\" \/>\n<meta property=\"og:type\" content=\"article\" \/>\n<meta property=\"og:title\" content=\"Casares \u00e9 sincero ao falar sobre a venda de Rodrigo Nestor para o Bahia\" \/>\n<meta property=\"og:description\" content=\"Recentemente surgiram especula\u00e7\u00f5es de uma poss\u00edvel sa\u00edda de Rodrigo Nestor do S\u00e3o Paulo. Ele que j\u00e1 foi um dos principais atletas do elenco, tem perdido espa\u00e7o no time de Zubeld\u00eda, principalmente ap\u00f3s as les\u00f5es sofridas durante o ano. Respons\u00e1vel pelo gol do t\u00edtulo da Copa do Brasil em 2023, Rodrigo Nestor teve o nome vinculado [&hellip;]\" \/>\n<meta property=\"og:url\" content=\"https:\/\/www.gaveanews.com\/index.php\/2024\/11\/13\/casares-e-sincero-ao-falar-sobre-a-venda-de-rodrigo-nestor-para-o-bahia\/\" \/>\n<meta property=\"og:site_name\" content=\"G\u00e1vea News\" \/>\n<meta property=\"article:publisher\" content=\"https:\/\/facebook.com\/gaveaNews\/\" \/>\n<meta property=\"article:published_time\" content=\"2024-11-13T15:50:34+00:00\" \/>\n<meta property=\"og:image\" content=\"https:\/\/www.gaveanews.com\/wp-content\/uploads\/Rodrigo-Nestor-durante-o-jogo-entre-Sao-Paulo-x-Vasco-pelo-Brasileirao-2023-no-Morumbi.webp\" \/>\n\t<meta property=\"og:image:width\" content=\"799\" \/>\n\t<meta property=\"og:image:height\" content=\"533\" \/>\n\t<meta property=\"og:image:type\" content=\"image\/jpeg\" \/>\n<meta name=\"author\" content=\"Bruno Zanchetta\" \/>\n<meta name=\"twitter:card\" content=\"summary_large_image\" \/>\n<meta name=\"twitter:label1\" content=\"Escrito por\" \/>\n\t<meta name=\"twitter:data1\" content=\"Bruno Zanchetta\" \/>\n\t<meta name=\"twitter:label2\" content=\"Est. tempo de leitura\" \/>\n\t<meta name=\"twitter:data2\" content=\"3 minutos\" \/>\n<script type=\"application\/ld+json\" class=\"yoast-schema-graph\">{\"@context\":\"https:\/\/schema.org\",\"@graph\":[{\"@type\":\"NewsArticle\",\"@id\":\"https:\/\/www.gaveanews.com\/index.php\/2024\/11\/13\/casares-e-sincero-ao-falar-sobre-a-venda-de-rodrigo-nestor-para-o-bahia\/#article\",\"isPartOf\":{\"@id\":\"https:\/\/www.gaveanews.com\/index.php\/2024\/11\/13\/casares-e-sincero-ao-falar-sobre-a-venda-de-rodrigo-nestor-para-o-bahia\/\"},\"author\":{\"name\":\"Bruno Zanchetta\",\"@id\":\"https:\/\/www.gaveanews.com\/#\/schema\/person\/32fddefab25b466689f181be346cd98c\"},\"headline\":\"Casares \u00e9 sincero ao falar sobre a venda de Rodrigo Nestor para o Bahia\",\"datePublished\":\"2024-11-13T15:50:34+00:00\",\"mainEntityOfPage\":{\"@id\":\"https:\/\/www.gaveanews.com\/index.php\/2024\/11\/13\/casares-e-sincero-ao-falar-sobre-a-venda-de-rodrigo-nestor-para-o-bahia\/\"},\"wordCount\":453,\"commentCount\":0,\"image\":{\"@id\":\"https:\/\/www.gaveanews.com\/index.php\/2024\/11\/13\/casares-e-sincero-ao-falar-sobre-a-venda-de-rodrigo-nestor-para-o-bahia\/#primaryimage\"},\"thumbnailUrl\":\"https:\/\/www.gaveanews.com\/wp-content\/uploads\/Rodrigo-Nestor-durante-o-jogo-entre-Sao-Paulo-x-Vasco-pelo-Brasileirao-2023-no-Morumbi.webp\",\"articleSection\":[\"S\u00e3o Paulo\"],\"inLanguage\":\"pt-BR\",\"potentialAction\":[{\"@type\":\"CommentAction\",\"name\":\"Comment\",\"target\":[\"https:\/\/www.gaveanews.com\/index.php\/2024\/11\/13\/casares-e-sincero-ao-falar-sobre-a-venda-de-rodrigo-nestor-para-o-bahia\/#respond\"]}],\"copyrightYear\":\"2024\",\"copyrightHolder\":{\"@id\":\"https:\/\/www.gaveanews.com\/#organization\"}},{\"@type\":\"WebPage\",\"@id\":\"https:\/\/www.gaveanews.com\/index.php\/2024\/11\/13\/casares-e-sincero-ao-falar-sobre-a-venda-de-rodrigo-nestor-para-o-bahia\/\",\"url\":\"https:\/\/www.gaveanews.com\/index.php\/2024\/11\/13\/casares-e-sincero-ao-falar-sobre-a-venda-de-rodrigo-nestor-para-o-bahia\/\",\"name\":\"Casares \u00e9 sincero ao falar sobre a venda de Rodrigo Nestor para o Bahia\",\"isPartOf\":{\"@id\":\"https:\/\/www.gaveanews.com\/#website\"},\"primaryImageOfPage\":{\"@id\":\"https:\/\/www.gaveanews.com\/index.php\/2024\/11\/13\/casares-e-sincero-ao-falar-sobre-a-venda-de-rodrigo-nestor-para-o-bahia\/#primaryimage\"},\"image\":{\"@id\":\"https:\/\/www.gaveanews.com\/index.php\/2024\/11\/13\/casares-e-sincero-ao-falar-sobre-a-venda-de-rodrigo-nestor-para-o-bahia\/#primaryimage\"},\"thumbnailUrl\":\"https:\/\/www.gaveanews.com\/wp-content\/uploads\/Rodrigo-Nestor-durante-o-jogo-entre-Sao-Paulo-x-Vasco-pelo-Brasileirao-2023-no-Morumbi.webp\",\"datePublished\":\"2024-11-13T15:50:34+00:00\",\"author\":{\"@id\":\"https:\/\/www.gaveanews.com\/#\/schema\/person\/32fddefab25b466689f181be346cd98c\"},\"breadcrumb\":{\"@id\":\"https:\/\/www.gaveanews.com\/index.php\/2024\/11\/13\/casares-e-sincero-ao-falar-sobre-a-venda-de-rodrigo-nestor-para-o-bahia\/#breadcrumb\"},\"inLanguage\":\"pt-BR\",\"potentialAction\":[{\"@type\":\"ReadAction\",\"target\":[\"https:\/\/www.gaveanews.com\/index.php\/2024\/11\/13\/casares-e-sincero-ao-falar-sobre-a-venda-de-rodrigo-nestor-para-o-bahia\/\"]}]},{\"@type\":\"ImageObject\",\"inLanguage\":\"pt-BR\",\"@id\":\"https:\/\/www.gaveanews.com\/index.php\/2024\/11\/13\/casares-e-sincero-ao-falar-sobre-a-venda-de-rodrigo-nestor-para-o-bahia\/#primaryimage\",\"url\":\"https:\/\/www.gaveanews.com\/wp-content\/uploads\/Rodrigo-Nestor-durante-o-jogo-entre-Sao-Paulo-x-Vasco-pelo-Brasileirao-2023-no-Morumbi.webp\",\"contentUrl\":\"https:\/\/www.gaveanews.com\/wp-content\/uploads\/Rodrigo-Nestor-durante-o-jogo-entre-Sao-Paulo-x-Vasco-pelo-Brasileirao-2023-no-Morumbi.webp\",\"width\":799,\"height\":533,\"caption\":\"Rodrigo Nestor durante o jogo entre S\u00e3o Paulo x Vasco pelo Brasileir\u00e3o 2023 no Morumbi (Foto: Rubens Chiri\/S\u00e3o Paulo)\"},{\"@type\":\"BreadcrumbList\",\"@id\":\"https:\/\/www.gaveanews.com\/index.php\/2024\/11\/13\/casares-e-sincero-ao-falar-sobre-a-venda-de-rodrigo-nestor-para-o-bahia\/#breadcrumb\",\"itemListElement\":[{\"@type\":\"ListItem\",\"position\":1,\"name\":\"Home\",\"item\":\"https:\/\/www.gaveanews.com\/\"},{\"@type\":\"ListItem\",\"position\":2,\"name\":\"Casares \u00e9 sincero ao falar sobre a venda de Rodrigo Nestor para o Bahia\"}]},{\"@type\":\"WebSite\",\"@id\":\"https:\/\/www.gaveanews.com\/#website\",\"url\":\"https:\/\/www.gaveanews.com\/\",\"name\":\"G\u00e1vea News\",\"description\":\"Veja todas as not\u00edcias sobre o Flamengo: Contrata\u00e7\u00f5es, categorias de base, resultados das partidas, tabela de classifica\u00e7\u00e3o, pr\u00f3ximos jogos!\",\"potentialAction\":[{\"@type\":\"SearchAction\",\"target\":{\"@type\":\"EntryPoint\",\"urlTemplate\":\"https:\/\/www.gaveanews.com\/?s={search_term_string}\"},\"query-input\":{\"@type\":\"PropertyValueSpecification\",\"valueRequired\":true,\"valueName\":\"search_term_string\"}}],\"inLanguage\":\"pt-BR\"},{\"@type\":\"Person\",\"@id\":\"https:\/\/www.gaveanews.com\/#\/schema\/person\/32fddefab25b466689f181be346cd98c\",\"name\":\"Bruno Zanchetta\",\"image\":{\"@type\":\"ImageObject\",\"inLanguage\":\"pt-BR\",\"@id\":\"https:\/\/www.gaveanews.com\/#\/schema\/person\/image\/\",\"url\":\"https:\/\/secure.gravatar.com\/avatar\/3ba2d39f8a912ad65276975a996d6ad8d9e3dd13448684be8dc4d7c17099d2ee?s=96&d=mm&r=g\",\"contentUrl\":\"https:\/\/secure.gravatar.com\/avatar\/3ba2d39f8a912ad65276975a996d6ad8d9e3dd13448684be8dc4d7c17099d2ee?s=96&d=mm&r=g\",\"caption\":\"Bruno Zanchetta\"}}]}<\/script>\n<!-- \/ Yoast SEO Premium plugin. -->","yoast_head_json":{"title":"Casares \u00e9 sincero ao falar sobre a venda de Rodrigo Nestor para o Bahia","robots":{"index":"index","follow":"follow","max-snippet":"max-snippet:-1","max-image-preview":"max-image-preview:large","max-video-preview":"max-video-preview:-1"},"canonical":"https:\/\/www.gaveanews.com\/index.php\/2024\/11\/13\/casares-e-sincero-ao-falar-sobre-a-venda-de-rodrigo-nestor-para-o-bahia\/","og_locale":"pt_BR","og_type":"article","og_title":"Casares \u00e9 sincero ao falar sobre a venda de Rodrigo Nestor para o Bahia","og_description":"Recentemente surgiram especula\u00e7\u00f5es de uma poss\u00edvel sa\u00edda de Rodrigo Nestor do S\u00e3o Paulo. Ele que j\u00e1 foi um dos principais atletas do elenco, tem perdido espa\u00e7o no time de Zubeld\u00eda, principalmente ap\u00f3s as les\u00f5es sofridas durante o ano. Respons\u00e1vel pelo gol do t\u00edtulo da Copa do Brasil em 2023, Rodrigo Nestor teve o nome vinculado [&hellip;]","og_url":"https:\/\/www.gaveanews.com\/index.php\/2024\/11\/13\/casares-e-sincero-ao-falar-sobre-a-venda-de-rodrigo-nestor-para-o-bahia\/","og_site_name":"G\u00e1vea News","article_publisher":"https:\/\/facebook.com\/gaveaNews\/","article_published_time":"2024-11-13T15:50:34+00:00","og_image":[{"width":799,"height":533,"url":"https:\/\/www.gaveanews.com\/wp-content\/uploads\/Rodrigo-Nestor-durante-o-jogo-entre-Sao-Paulo-x-Vasco-pelo-Brasileirao-2023-no-Morumbi.webp","type":"image\/jpeg"}],"author":"Bruno Zanchetta","twitter_card":"summary_large_image","twitter_misc":{"Escrito por":"Bruno Zanchetta","Est. tempo de leitura":"3 minutos"},"schema":{"@context":"https:\/\/schema.org","@graph":[{"@type":"NewsArticle","@id":"https:\/\/www.gaveanews.com\/index.php\/2024\/11\/13\/casares-e-sincero-ao-falar-sobre-a-venda-de-rodrigo-nestor-para-o-bahia\/#article","isPartOf":{"@id":"https:\/\/www.gaveanews.com\/index.php\/2024\/11\/13\/casares-e-sincero-ao-falar-sobre-a-venda-de-rodrigo-nestor-para-o-bahia\/"},"author":{"name":"Bruno Zanchetta","@id":"https:\/\/www.gaveanews.com\/#\/schema\/person\/32fddefab25b466689f181be346cd98c"},"headline":"Casares \u00e9 sincero ao falar sobre a venda de Rodrigo Nestor para o Bahia","datePublished":"2024-11-13T15:50:34+00:00","mainEntityOfPage":{"@id":"https:\/\/www.gaveanews.com\/index.php\/2024\/11\/13\/casares-e-sincero-ao-falar-sobre-a-venda-de-rodrigo-nestor-para-o-bahia\/"},"wordCount":453,"commentCount":0,"image":{"@id":"https:\/\/www.gaveanews.com\/index.php\/2024\/11\/13\/casares-e-sincero-ao-falar-sobre-a-venda-de-rodrigo-nestor-para-o-bahia\/#primaryimage"},"thumbnailUrl":"https:\/\/www.gaveanews.com\/wp-content\/uploads\/Rodrigo-Nestor-durante-o-jogo-entre-Sao-Paulo-x-Vasco-pelo-Brasileirao-2023-no-Morumbi.webp","articleSection":["S\u00e3o Paulo"],"inLanguage":"pt-BR","potentialAction":[{"@type":"CommentAction","name":"Comment","target":["https:\/\/www.gaveanews.com\/index.php\/2024\/11\/13\/casares-e-sincero-ao-falar-sobre-a-venda-de-rodrigo-nestor-para-o-bahia\/#respond"]}],"copyrightYear":"2024","copyrightHolder":{"@id":"https:\/\/www.gaveanews.com\/#organization"}},{"@type":"WebPage","@id":"https:\/\/www.gaveanews.com\/index.php\/2024\/11\/13\/casares-e-sincero-ao-falar-sobre-a-venda-de-rodrigo-nestor-para-o-bahia\/","url":"https:\/\/www.gaveanews.com\/index.php\/2024\/11\/13\/casares-e-sincero-ao-falar-sobre-a-venda-de-rodrigo-nestor-para-o-bahia\/","name":"Casares \u00e9 sincero ao falar sobre a venda de Rodrigo Nestor para o Bahia","isPartOf":{"@id":"https:\/\/www.gaveanews.com\/#website"},"primaryImageOfPage":{"@id":"https:\/\/www.gaveanews.com\/index.php\/2024\/11\/13\/casares-e-sincero-ao-falar-sobre-a-venda-de-rodrigo-nestor-para-o-bahia\/#primaryimage"},"image":{"@id":"https:\/\/www.gaveanews.com\/index.php\/2024\/11\/13\/casares-e-sincero-ao-falar-sobre-a-venda-de-rodrigo-nestor-para-o-bahia\/#primaryimage"},"thumbnailUrl":"https:\/\/www.gaveanews.com\/wp-content\/uploads\/Rodrigo-Nestor-durante-o-jogo-entre-Sao-Paulo-x-Vasco-pelo-Brasileirao-2023-no-Morumbi.webp","datePublished":"2024-11-13T15:50:34+00:00","author":{"@id":"https:\/\/www.gaveanews.com\/#\/schema\/person\/32fddefab25b466689f181be346cd98c"},"breadcrumb":{"@id":"https:\/\/www.gaveanews.com\/index.php\/2024\/11\/13\/casares-e-sincero-ao-falar-sobre-a-venda-de-rodrigo-nestor-para-o-bahia\/#breadcrumb"},"inLanguage":"pt-BR","potentialAction":[{"@type":"ReadAction","target":["https:\/\/www.gaveanews.com\/index.php\/2024\/11\/13\/casares-e-sincero-ao-falar-sobre-a-venda-de-rodrigo-nestor-para-o-bahia\/"]}]},{"@type":"ImageObject","inLanguage":"pt-BR","@id":"https:\/\/www.gaveanews.com\/index.php\/2024\/11\/13\/casares-e-sincero-ao-falar-sobre-a-venda-de-rodrigo-nestor-para-o-bahia\/#primaryimage","url":"https:\/\/www.gaveanews.com\/wp-content\/uploads\/Rodrigo-Nestor-durante-o-jogo-entre-Sao-Paulo-x-Vasco-pelo-Brasileirao-2023-no-Morumbi.webp","contentUrl":"https:\/\/www.gaveanews.com\/wp-content\/uploads\/Rodrigo-Nestor-durante-o-jogo-entre-Sao-Paulo-x-Vasco-pelo-Brasileirao-2023-no-Morumbi.webp","width":799,"height":533,"caption":"Rodrigo Nestor durante o jogo entre S\u00e3o Paulo x Vasco pelo Brasileir\u00e3o 2023 no Morumbi (Foto: Rubens Chiri\/S\u00e3o Paulo)"},{"@type":"BreadcrumbList","@id":"https:\/\/www.gaveanews.com\/index.php\/2024\/11\/13\/casares-e-sincero-ao-falar-sobre-a-venda-de-rodrigo-nestor-para-o-bahia\/#breadcrumb","itemListElement":[{"@type":"ListItem","position":1,"name":"Home","item":"https:\/\/www.gaveanews.com\/"},{"@type":"ListItem","position":2,"name":"Casares \u00e9 sincero ao falar sobre a venda de Rodrigo Nestor para o Bahia"}]},{"@type":"WebSite","@id":"https:\/\/www.gaveanews.com\/#website","url":"https:\/\/www.gaveanews.com\/","name":"G\u00e1vea News","description":"Veja todas as not\u00edcias sobre o Flamengo: Contrata\u00e7\u00f5es, categorias de base, resultados das partidas, tabela de classifica\u00e7\u00e3o, pr\u00f3ximos jogos!","potentialAction":[{"@type":"SearchAction","target":{"@type":"EntryPoint","urlTemplate":"https:\/\/www.gaveanews.com\/?s={search_term_string}"},"query-input":{"@type":"PropertyValueSpecification","valueRequired":true,"valueName":"search_term_string"}}],"inLanguage":"pt-BR"},{"@type":"Person","@id":"https:\/\/www.gaveanews.com\/#\/schema\/person\/32fddefab25b466689f181be346cd98c","name":"Bruno Zanchetta","image":{"@type":"ImageObject","inLanguage":"pt-BR","@id":"https:\/\/www.gaveanews.com\/#\/schema\/person\/image\/","url":"https:\/\/secure.gravatar.com\/avatar\/3ba2d39f8a912ad65276975a996d6ad8d9e3dd13448684be8dc4d7c17099d2ee?s=96&d=mm&r=g","contentUrl":"https:\/\/secure.gravatar.com\/avatar\/3ba2d39f8a912ad65276975a996d6ad8d9e3dd13448684be8dc4d7c17099d2ee?s=96&d=mm&r=g","caption":"Bruno Zanchetta"}}]}},"_links":{"self":[{"href":"https:\/\/www.gaveanews.com\/index.php\/wp-json\/wp\/v2\/posts\/184749","targetHints":{"allow":["GET"]}}],"collection":[{"href":"https:\/\/www.gaveanews.com\/index.php\/wp-json\/wp\/v2\/posts"}],"about":[{"href":"https:\/\/www.gaveanews.com\/index.php\/wp-json\/wp\/v2\/types\/post"}],"author":[{"embeddable":true,"href":"https:\/\/www.gaveanews.com\/index.php\/wp-json\/wp\/v2\/users\/19"}],"replies":[{"embeddable":true,"href":"https:\/\/www.gaveanews.com\/index.php\/wp-json\/wp\/v2\/comments?post=184749"}],"version-history":[{"count":1,"href":"https:\/\/www.gaveanews.com\/index.php\/wp-json\/wp\/v2\/posts\/184749\/revisions"}],"predecessor-version":[{"id":184750,"href":"https:\/\/www.gaveanews.com\/index.php\/wp-json\/wp\/v2\/posts\/184749\/revisions\/184750"}],"wp:featuredmedia":[{"embeddable":true,"href":"https:\/\/www.gaveanews.com\/index.php\/wp-json\/wp\/v2\/media\/153396"}],"wp:attachment":[{"href":"https:\/\/www.gaveanews.com\/index.php\/wp-json\/wp\/v2\/media?parent=184749"}],"wp:term":[{"taxonomy":"category","embeddable":true,"href":"https:\/\/www.gaveanews.com\/index.php\/wp-json\/wp\/v2\/categories?post=184749"},{"taxonomy":"post_tag","embeddable":true,"href":"https:\/\/www.gaveanews.com\/index.php\/wp-json\/wp\/v2\/tags?post=184749"}],"curies":[{"name":"wp","href":"https:\/\/api.w.org\/{rel}","templated":true}]}}