{"id":184752,"date":"2024-11-13T14:05:00","date_gmt":"2024-11-13T17:05:00","guid":{"rendered":"https:\/\/www.gaveanews.com\/?p=184752"},"modified":"2024-11-13T13:50:53","modified_gmt":"2024-11-13T16:50:53","slug":"atacante-do-corinthians-e-convocada-para-a-selecao","status":"publish","type":"post","link":"https:\/\/www.gaveanews.com\/index.php\/2024\/11\/13\/atacante-do-corinthians-e-convocada-para-a-selecao\/","title":{"rendered":"Atacante do Corinthians \u00e9 convocada para a sele\u00e7\u00e3o"},"content":{"rendered":"\n<p>A Sele\u00e7\u00e3o Brasileira Feminina j\u00e1 se prepara para os dois \u00faltimos compromissos do ano, e o t\u00e9cnico Arthur Elias surpreendeu ao fazer mudan\u00e7as importantes na lista de convoca\u00e7\u00e3o.<\/p>\n\n\n\n<ul class=\"wp-block-list\">\n<li><a href=\"https:\/\/www.gaveanews.com\/index.php\/2024\/11\/13\/patrocinador-do-corinthians-vai-bancar-mais-um-super-reforco-assim-como-depay\/\">Patrocinador do Corinthians vai bancar mais um super refor\u00e7o assim como Depay<\/a><\/li>\n\n\n\n<li><a href=\"https:\/\/www.gaveanews.com\/index.php\/2024\/11\/13\/yuri-alberto-na-selecao-declaracao-de-casagrande-e-pedido-da-cbf-as-ultimas-noticias-do-corinthians\/\">Yuri Alberto na Sele\u00e7\u00e3o, declara\u00e7\u00e3o de Casagrande e pedido da CBF: as \u00faltimas not\u00edcias do Corinthians<\/a><\/li>\n<\/ul>\n\n\n\n<p>Sem Marta mais uma vez, o destaque fica por conta da atacante <strong>Gabi Portilho<\/strong>, do Corinthians, que segue firme nas convoca\u00e7\u00f5es, confirmando seu bom momento.\u00a0<\/p>\n\n\n\n<figure class=\"wp-block-embed is-type-photo is-provider-flickr wp-block-embed-flickr\"><div class=\"wp-block-embed__wrapper\">\n<a href=\"https:\/\/flic.kr\/p\/2nSFZy6\"><img loading=\"lazy\" decoding=\"async\" src=\"https:\/\/live.staticflickr.com\/65535\/52425812449_5730b2b7dc_c.webp\" alt=\"Corinthians_Gabi Portilho (1)\" width=\"533\" height=\"800\" \/><\/a>\n<\/div><figcaption class=\"wp-element-caption\">Foto: Reprodu\u00e7\u00e3o \/ Conmebol<\/figcaption><\/figure>\n\n\n\n<p>A equipe enfrentar\u00e1 a Austr\u00e1lia em dois amistosos, marcados para o final de novembro e in\u00edcio de dezembro, em solo australiano.<\/p>\n\n\n\n<h2 class=\"wp-block-heading\" id=\"h-renovacao-e-ausencia-de-marta\">Renova\u00e7\u00e3o e aus\u00eancia de Marta<\/h2>\n\n\n\n<p>Arthur Elias segue apostando na renova\u00e7\u00e3o da equipe. Al\u00e9m disso, o treinador explicou que a aus\u00eancia de Marta faz parte de seu planejamento.&nbsp;<\/p>\n\n\n\n<p>\u201cA n\u00e3o convoca\u00e7\u00e3o da Marta \u00e9 pelo crit\u00e9rio da convoca\u00e7\u00e3o. A gente tem essa oportunidade de olhar jogadoras. A Marta j\u00e1 jogou tantos e tantos jogos, tem uma hist\u00f3ria muito bonita na Sele\u00e7\u00e3o. Mas mantendo esse n\u00edvel como ela tem jogado, a Sele\u00e7\u00e3o vai estar sempre aberta. Fiquem tranquilos quanto a isso\u201d, explicou Arthur.<\/p>\n\n\n\n<p>Portanto, a aus\u00eancia da craque n\u00e3o preocupa tanto os torcedores, pois a renova\u00e7\u00e3o \u00e9 vista como um passo importante no ciclo para a Copa do Mundo de 2027, que ser\u00e1 realizada no Brasil pela primeira vez. Com isso, o treinador busca dar espa\u00e7o a novos talentos, o que pode fortalecer a equipe no longo prazo.<\/p>\n\n\n\n<h2 class=\"wp-block-heading\" id=\"h-confrontos-decisivos-e-desafios-na-australia\">Confrontos decisivos e desafios na Austr\u00e1lia<\/h2>\n\n\n\n<p>A oitava colocada no ranking da FIFA ter\u00e1 um teste de fogo contra a Austr\u00e1lia, que ocupa a 15\u00aa posi\u00e7\u00e3o atualmente.&nbsp;<\/p>\n\n\n\n<p>Vale destacar que as australianas terminaram a \u00faltima Copa do Mundo na quarta coloca\u00e7\u00e3o, mas tiveram um desempenho decepcionante nos Jogos Ol\u00edmpicos de Paris, sendo eliminadas na fase de grupos.&nbsp;<\/p>\n\n\n\n<p>Dessa maneira, os amistosos ser\u00e3o uma boa oportunidade para o Brasil medir for\u00e7as e ajustar o elenco para os pr\u00f3ximos desafios.<\/p>\n\n\n\n<h2 class=\"wp-block-heading\" id=\"h-novidades-na-lista-de-convocacao\">Novidades na lista de convoca\u00e7\u00e3o<\/h2>\n\n\n\n<p>Entre as convocadas, a principal novidade \u00e9 a goleira Cl\u00e1udia, do Juventude, que ganhou a confian\u00e7a de Arthur Elias. Al\u00e9m disso, jogadoras como Gabi Portilho, Kerolin e Nycole est\u00e3o de volta, refor\u00e7ando o ataque da Sele\u00e7\u00e3o.<\/p>\n","protected":false},"excerpt":{"rendered":"<p>A Sele\u00e7\u00e3o Brasileira Feminina j\u00e1 se prepara para os dois \u00faltimos compromissos do ano, e o t\u00e9cnico Arthur Elias surpreendeu ao fazer mudan\u00e7as importantes na lista de convoca\u00e7\u00e3o. Sem Marta mais uma vez, o destaque fica por conta da atacante Gabi Portilho, do Corinthians, que segue firme nas convoca\u00e7\u00f5es, confirmando seu bom momento.\u00a0 A equipe [&hellip;]<\/p>\n","protected":false},"author":25,"featured_media":154473,"comment_status":"open","ping_status":"closed","sticky":false,"template":"","format":"standard","meta":{"footnotes":""},"categories":[478,141],"tags":[],"class_list":["post-184752","post","type-post","status-publish","format-standard","has-post-thumbnail","hentry","category-brasil","category-corinthians"],"yoast_head":"<!-- This site is optimized with the Yoast SEO Premium plugin v24.2 (Yoast SEO v26.9) - https:\/\/yoast.com\/product\/yoast-seo-premium-wordpress\/ -->\n<title>Atacante do Corinthians \u00e9 convocada para a sele\u00e7\u00e3o<\/title>\n<meta name=\"robots\" content=\"index, follow, max-snippet:-1, max-image-preview:large, max-video-preview:-1\" \/>\n<link rel=\"canonical\" href=\"https:\/\/www.gaveanews.com\/index.php\/2024\/11\/13\/atacante-do-corinthians-e-convocada-para-a-selecao\/\" \/>\n<meta property=\"og:locale\" content=\"pt_BR\" \/>\n<meta property=\"og:type\" content=\"article\" \/>\n<meta property=\"og:title\" content=\"Atacante do Corinthians \u00e9 convocada para a sele\u00e7\u00e3o\" \/>\n<meta property=\"og:description\" content=\"A Sele\u00e7\u00e3o Brasileira Feminina j\u00e1 se prepara para os dois \u00faltimos compromissos do ano, e o t\u00e9cnico Arthur Elias surpreendeu ao fazer mudan\u00e7as importantes na lista de convoca\u00e7\u00e3o. Sem Marta mais uma vez, o destaque fica por conta da atacante Gabi Portilho, do Corinthians, que segue firme nas convoca\u00e7\u00f5es, confirmando seu bom momento.\u00a0 A equipe [&hellip;]\" \/>\n<meta property=\"og:url\" content=\"https:\/\/www.gaveanews.com\/index.php\/2024\/11\/13\/atacante-do-corinthians-e-convocada-para-a-selecao\/\" \/>\n<meta property=\"og:site_name\" content=\"G\u00e1vea News\" \/>\n<meta property=\"article:publisher\" content=\"https:\/\/facebook.com\/gaveaNews\/\" \/>\n<meta property=\"article:published_time\" content=\"2024-11-13T17:05:00+00:00\" \/>\n<meta property=\"og:image\" content=\"https:\/\/www.gaveanews.com\/wp-content\/uploads\/Escudo-do-Corinthians-na-Neo-Quimica-Arena.webp\" \/>\n\t<meta property=\"og:image:width\" content=\"1440\" \/>\n\t<meta property=\"og:image:height\" content=\"959\" \/>\n\t<meta property=\"og:image:type\" content=\"image\/jpeg\" \/>\n<meta name=\"author\" content=\"Rafaela Ladeira\" \/>\n<meta name=\"twitter:card\" content=\"summary_large_image\" \/>\n<meta name=\"twitter:label1\" content=\"Escrito por\" \/>\n\t<meta name=\"twitter:data1\" content=\"Rafaela Ladeira\" \/>\n\t<meta name=\"twitter:label2\" content=\"Est. tempo de leitura\" \/>\n\t<meta name=\"twitter:data2\" content=\"3 minutos\" \/>\n<script type=\"application\/ld+json\" class=\"yoast-schema-graph\">{\"@context\":\"https:\/\/schema.org\",\"@graph\":[{\"@type\":\"NewsArticle\",\"@id\":\"https:\/\/www.gaveanews.com\/index.php\/2024\/11\/13\/atacante-do-corinthians-e-convocada-para-a-selecao\/#article\",\"isPartOf\":{\"@id\":\"https:\/\/www.gaveanews.com\/index.php\/2024\/11\/13\/atacante-do-corinthians-e-convocada-para-a-selecao\/\"},\"author\":{\"name\":\"Rafaela Ladeira\",\"@id\":\"https:\/\/www.gaveanews.com\/#\/schema\/person\/0eb3e3fe1754f0205218538adbe8f5ed\"},\"headline\":\"Atacante do Corinthians \u00e9 convocada para a sele\u00e7\u00e3o\",\"datePublished\":\"2024-11-13T17:05:00+00:00\",\"mainEntityOfPage\":{\"@id\":\"https:\/\/www.gaveanews.com\/index.php\/2024\/11\/13\/atacante-do-corinthians-e-convocada-para-a-selecao\/\"},\"wordCount\":416,\"commentCount\":0,\"image\":{\"@id\":\"https:\/\/www.gaveanews.com\/index.php\/2024\/11\/13\/atacante-do-corinthians-e-convocada-para-a-selecao\/#primaryimage\"},\"thumbnailUrl\":\"https:\/\/www.gaveanews.com\/wp-content\/uploads\/Escudo-do-Corinthians-na-Neo-Quimica-Arena.webp\",\"articleSection\":[\"Brasil\",\"Corinthians\"],\"inLanguage\":\"pt-BR\",\"potentialAction\":[{\"@type\":\"CommentAction\",\"name\":\"Comment\",\"target\":[\"https:\/\/www.gaveanews.com\/index.php\/2024\/11\/13\/atacante-do-corinthians-e-convocada-para-a-selecao\/#respond\"]}],\"copyrightYear\":\"2024\",\"copyrightHolder\":{\"@id\":\"https:\/\/www.gaveanews.com\/#organization\"}},{\"@type\":\"WebPage\",\"@id\":\"https:\/\/www.gaveanews.com\/index.php\/2024\/11\/13\/atacante-do-corinthians-e-convocada-para-a-selecao\/\",\"url\":\"https:\/\/www.gaveanews.com\/index.php\/2024\/11\/13\/atacante-do-corinthians-e-convocada-para-a-selecao\/\",\"name\":\"Atacante do Corinthians \u00e9 convocada para a sele\u00e7\u00e3o\",\"isPartOf\":{\"@id\":\"https:\/\/www.gaveanews.com\/#website\"},\"primaryImageOfPage\":{\"@id\":\"https:\/\/www.gaveanews.com\/index.php\/2024\/11\/13\/atacante-do-corinthians-e-convocada-para-a-selecao\/#primaryimage\"},\"image\":{\"@id\":\"https:\/\/www.gaveanews.com\/index.php\/2024\/11\/13\/atacante-do-corinthians-e-convocada-para-a-selecao\/#primaryimage\"},\"thumbnailUrl\":\"https:\/\/www.gaveanews.com\/wp-content\/uploads\/Escudo-do-Corinthians-na-Neo-Quimica-Arena.webp\",\"datePublished\":\"2024-11-13T17:05:00+00:00\",\"author\":{\"@id\":\"https:\/\/www.gaveanews.com\/#\/schema\/person\/0eb3e3fe1754f0205218538adbe8f5ed\"},\"breadcrumb\":{\"@id\":\"https:\/\/www.gaveanews.com\/index.php\/2024\/11\/13\/atacante-do-corinthians-e-convocada-para-a-selecao\/#breadcrumb\"},\"inLanguage\":\"pt-BR\",\"potentialAction\":[{\"@type\":\"ReadAction\",\"target\":[\"https:\/\/www.gaveanews.com\/index.php\/2024\/11\/13\/atacante-do-corinthians-e-convocada-para-a-selecao\/\"]}]},{\"@type\":\"ImageObject\",\"inLanguage\":\"pt-BR\",\"@id\":\"https:\/\/www.gaveanews.com\/index.php\/2024\/11\/13\/atacante-do-corinthians-e-convocada-para-a-selecao\/#primaryimage\",\"url\":\"https:\/\/www.gaveanews.com\/wp-content\/uploads\/Escudo-do-Corinthians-na-Neo-Quimica-Arena.webp\",\"contentUrl\":\"https:\/\/www.gaveanews.com\/wp-content\/uploads\/Escudo-do-Corinthians-na-Neo-Quimica-Arena.webp\",\"width\":1440,\"height\":959,\"caption\":\"Escudo do Corinthians na N\u00e9o Qu\u00edmica Arena (Foto Reprodu\u00e7\u00e3o\/Instagram)\"},{\"@type\":\"BreadcrumbList\",\"@id\":\"https:\/\/www.gaveanews.com\/index.php\/2024\/11\/13\/atacante-do-corinthians-e-convocada-para-a-selecao\/#breadcrumb\",\"itemListElement\":[{\"@type\":\"ListItem\",\"position\":1,\"name\":\"Home\",\"item\":\"https:\/\/www.gaveanews.com\/\"},{\"@type\":\"ListItem\",\"position\":2,\"name\":\"Atacante do Corinthians \u00e9 convocada para a sele\u00e7\u00e3o\"}]},{\"@type\":\"WebSite\",\"@id\":\"https:\/\/www.gaveanews.com\/#website\",\"url\":\"https:\/\/www.gaveanews.com\/\",\"name\":\"G\u00e1vea News\",\"description\":\"Veja todas as not\u00edcias sobre o Flamengo: Contrata\u00e7\u00f5es, categorias de base, resultados das partidas, tabela de classifica\u00e7\u00e3o, pr\u00f3ximos jogos!\",\"potentialAction\":[{\"@type\":\"SearchAction\",\"target\":{\"@type\":\"EntryPoint\",\"urlTemplate\":\"https:\/\/www.gaveanews.com\/?s={search_term_string}\"},\"query-input\":{\"@type\":\"PropertyValueSpecification\",\"valueRequired\":true,\"valueName\":\"search_term_string\"}}],\"inLanguage\":\"pt-BR\"},{\"@type\":\"Person\",\"@id\":\"https:\/\/www.gaveanews.com\/#\/schema\/person\/0eb3e3fe1754f0205218538adbe8f5ed\",\"name\":\"Rafaela Ladeira\",\"image\":{\"@type\":\"ImageObject\",\"inLanguage\":\"pt-BR\",\"@id\":\"https:\/\/www.gaveanews.com\/#\/schema\/person\/image\/\",\"url\":\"https:\/\/secure.gravatar.com\/avatar\/c31f513acffd85eacab5730cbdfdbbf59f21ba5aeada8cd890acea879fbb2455?s=96&d=mm&r=g\",\"contentUrl\":\"https:\/\/secure.gravatar.com\/avatar\/c31f513acffd85eacab5730cbdfdbbf59f21ba5aeada8cd890acea879fbb2455?s=96&d=mm&r=g\",\"caption\":\"Rafaela Ladeira\"}}]}<\/script>\n<!-- \/ Yoast SEO Premium plugin. -->","yoast_head_json":{"title":"Atacante do Corinthians \u00e9 convocada para a sele\u00e7\u00e3o","robots":{"index":"index","follow":"follow","max-snippet":"max-snippet:-1","max-image-preview":"max-image-preview:large","max-video-preview":"max-video-preview:-1"},"canonical":"https:\/\/www.gaveanews.com\/index.php\/2024\/11\/13\/atacante-do-corinthians-e-convocada-para-a-selecao\/","og_locale":"pt_BR","og_type":"article","og_title":"Atacante do Corinthians \u00e9 convocada para a sele\u00e7\u00e3o","og_description":"A Sele\u00e7\u00e3o Brasileira Feminina j\u00e1 se prepara para os dois \u00faltimos compromissos do ano, e o t\u00e9cnico Arthur Elias surpreendeu ao fazer mudan\u00e7as importantes na lista de convoca\u00e7\u00e3o. Sem Marta mais uma vez, o destaque fica por conta da atacante Gabi Portilho, do Corinthians, que segue firme nas convoca\u00e7\u00f5es, confirmando seu bom momento.\u00a0 A equipe [&hellip;]","og_url":"https:\/\/www.gaveanews.com\/index.php\/2024\/11\/13\/atacante-do-corinthians-e-convocada-para-a-selecao\/","og_site_name":"G\u00e1vea News","article_publisher":"https:\/\/facebook.com\/gaveaNews\/","article_published_time":"2024-11-13T17:05:00+00:00","og_image":[{"width":1440,"height":959,"url":"https:\/\/www.gaveanews.com\/wp-content\/uploads\/Escudo-do-Corinthians-na-Neo-Quimica-Arena.webp","type":"image\/jpeg"}],"author":"Rafaela Ladeira","twitter_card":"summary_large_image","twitter_misc":{"Escrito por":"Rafaela Ladeira","Est. tempo de leitura":"3 minutos"},"schema":{"@context":"https:\/\/schema.org","@graph":[{"@type":"NewsArticle","@id":"https:\/\/www.gaveanews.com\/index.php\/2024\/11\/13\/atacante-do-corinthians-e-convocada-para-a-selecao\/#article","isPartOf":{"@id":"https:\/\/www.gaveanews.com\/index.php\/2024\/11\/13\/atacante-do-corinthians-e-convocada-para-a-selecao\/"},"author":{"name":"Rafaela Ladeira","@id":"https:\/\/www.gaveanews.com\/#\/schema\/person\/0eb3e3fe1754f0205218538adbe8f5ed"},"headline":"Atacante do Corinthians \u00e9 convocada para a sele\u00e7\u00e3o","datePublished":"2024-11-13T17:05:00+00:00","mainEntityOfPage":{"@id":"https:\/\/www.gaveanews.com\/index.php\/2024\/11\/13\/atacante-do-corinthians-e-convocada-para-a-selecao\/"},"wordCount":416,"commentCount":0,"image":{"@id":"https:\/\/www.gaveanews.com\/index.php\/2024\/11\/13\/atacante-do-corinthians-e-convocada-para-a-selecao\/#primaryimage"},"thumbnailUrl":"https:\/\/www.gaveanews.com\/wp-content\/uploads\/Escudo-do-Corinthians-na-Neo-Quimica-Arena.webp","articleSection":["Brasil","Corinthians"],"inLanguage":"pt-BR","potentialAction":[{"@type":"CommentAction","name":"Comment","target":["https:\/\/www.gaveanews.com\/index.php\/2024\/11\/13\/atacante-do-corinthians-e-convocada-para-a-selecao\/#respond"]}],"copyrightYear":"2024","copyrightHolder":{"@id":"https:\/\/www.gaveanews.com\/#organization"}},{"@type":"WebPage","@id":"https:\/\/www.gaveanews.com\/index.php\/2024\/11\/13\/atacante-do-corinthians-e-convocada-para-a-selecao\/","url":"https:\/\/www.gaveanews.com\/index.php\/2024\/11\/13\/atacante-do-corinthians-e-convocada-para-a-selecao\/","name":"Atacante do Corinthians \u00e9 convocada para a sele\u00e7\u00e3o","isPartOf":{"@id":"https:\/\/www.gaveanews.com\/#website"},"primaryImageOfPage":{"@id":"https:\/\/www.gaveanews.com\/index.php\/2024\/11\/13\/atacante-do-corinthians-e-convocada-para-a-selecao\/#primaryimage"},"image":{"@id":"https:\/\/www.gaveanews.com\/index.php\/2024\/11\/13\/atacante-do-corinthians-e-convocada-para-a-selecao\/#primaryimage"},"thumbnailUrl":"https:\/\/www.gaveanews.com\/wp-content\/uploads\/Escudo-do-Corinthians-na-Neo-Quimica-Arena.webp","datePublished":"2024-11-13T17:05:00+00:00","author":{"@id":"https:\/\/www.gaveanews.com\/#\/schema\/person\/0eb3e3fe1754f0205218538adbe8f5ed"},"breadcrumb":{"@id":"https:\/\/www.gaveanews.com\/index.php\/2024\/11\/13\/atacante-do-corinthians-e-convocada-para-a-selecao\/#breadcrumb"},"inLanguage":"pt-BR","potentialAction":[{"@type":"ReadAction","target":["https:\/\/www.gaveanews.com\/index.php\/2024\/11\/13\/atacante-do-corinthians-e-convocada-para-a-selecao\/"]}]},{"@type":"ImageObject","inLanguage":"pt-BR","@id":"https:\/\/www.gaveanews.com\/index.php\/2024\/11\/13\/atacante-do-corinthians-e-convocada-para-a-selecao\/#primaryimage","url":"https:\/\/www.gaveanews.com\/wp-content\/uploads\/Escudo-do-Corinthians-na-Neo-Quimica-Arena.webp","contentUrl":"https:\/\/www.gaveanews.com\/wp-content\/uploads\/Escudo-do-Corinthians-na-Neo-Quimica-Arena.webp","width":1440,"height":959,"caption":"Escudo do Corinthians na N\u00e9o Qu\u00edmica Arena (Foto Reprodu\u00e7\u00e3o\/Instagram)"},{"@type":"BreadcrumbList","@id":"https:\/\/www.gaveanews.com\/index.php\/2024\/11\/13\/atacante-do-corinthians-e-convocada-para-a-selecao\/#breadcrumb","itemListElement":[{"@type":"ListItem","position":1,"name":"Home","item":"https:\/\/www.gaveanews.com\/"},{"@type":"ListItem","position":2,"name":"Atacante do Corinthians \u00e9 convocada para a sele\u00e7\u00e3o"}]},{"@type":"WebSite","@id":"https:\/\/www.gaveanews.com\/#website","url":"https:\/\/www.gaveanews.com\/","name":"G\u00e1vea News","description":"Veja todas as not\u00edcias sobre o Flamengo: Contrata\u00e7\u00f5es, categorias de base, resultados das partidas, tabela de classifica\u00e7\u00e3o, pr\u00f3ximos jogos!","potentialAction":[{"@type":"SearchAction","target":{"@type":"EntryPoint","urlTemplate":"https:\/\/www.gaveanews.com\/?s={search_term_string}"},"query-input":{"@type":"PropertyValueSpecification","valueRequired":true,"valueName":"search_term_string"}}],"inLanguage":"pt-BR"},{"@type":"Person","@id":"https:\/\/www.gaveanews.com\/#\/schema\/person\/0eb3e3fe1754f0205218538adbe8f5ed","name":"Rafaela Ladeira","image":{"@type":"ImageObject","inLanguage":"pt-BR","@id":"https:\/\/www.gaveanews.com\/#\/schema\/person\/image\/","url":"https:\/\/secure.gravatar.com\/avatar\/c31f513acffd85eacab5730cbdfdbbf59f21ba5aeada8cd890acea879fbb2455?s=96&d=mm&r=g","contentUrl":"https:\/\/secure.gravatar.com\/avatar\/c31f513acffd85eacab5730cbdfdbbf59f21ba5aeada8cd890acea879fbb2455?s=96&d=mm&r=g","caption":"Rafaela Ladeira"}}]}},"_links":{"self":[{"href":"https:\/\/www.gaveanews.com\/index.php\/wp-json\/wp\/v2\/posts\/184752","targetHints":{"allow":["GET"]}}],"collection":[{"href":"https:\/\/www.gaveanews.com\/index.php\/wp-json\/wp\/v2\/posts"}],"about":[{"href":"https:\/\/www.gaveanews.com\/index.php\/wp-json\/wp\/v2\/types\/post"}],"author":[{"embeddable":true,"href":"https:\/\/www.gaveanews.com\/index.php\/wp-json\/wp\/v2\/users\/25"}],"replies":[{"embeddable":true,"href":"https:\/\/www.gaveanews.com\/index.php\/wp-json\/wp\/v2\/comments?post=184752"}],"version-history":[{"count":1,"href":"https:\/\/www.gaveanews.com\/index.php\/wp-json\/wp\/v2\/posts\/184752\/revisions"}],"predecessor-version":[{"id":184753,"href":"https:\/\/www.gaveanews.com\/index.php\/wp-json\/wp\/v2\/posts\/184752\/revisions\/184753"}],"wp:featuredmedia":[{"embeddable":true,"href":"https:\/\/www.gaveanews.com\/index.php\/wp-json\/wp\/v2\/media\/154473"}],"wp:attachment":[{"href":"https:\/\/www.gaveanews.com\/index.php\/wp-json\/wp\/v2\/media?parent=184752"}],"wp:term":[{"taxonomy":"category","embeddable":true,"href":"https:\/\/www.gaveanews.com\/index.php\/wp-json\/wp\/v2\/categories?post=184752"},{"taxonomy":"post_tag","embeddable":true,"href":"https:\/\/www.gaveanews.com\/index.php\/wp-json\/wp\/v2\/tags?post=184752"}],"curies":[{"name":"wp","href":"https:\/\/api.w.org\/{rel}","templated":true}]}}