{"id":184766,"date":"2024-11-13T15:15:33","date_gmt":"2024-11-13T18:15:33","guid":{"rendered":"https:\/\/www.gaveanews.com\/?p=184766"},"modified":"2024-11-13T15:19:20","modified_gmt":"2024-11-13T18:19:20","slug":"ele-era-destaque-no-sao-paulo-mas-perdeu-tudo-e-passou-dificuldades-para-recomecar","status":"publish","type":"post","link":"https:\/\/www.gaveanews.com\/index.php\/2024\/11\/13\/ele-era-destaque-no-sao-paulo-mas-perdeu-tudo-e-passou-dificuldades-para-recomecar\/","title":{"rendered":"Ele era destaque no S\u00e3o Paulo, mas perdeu tudo e passou dificuldades para recome\u00e7ar"},"content":{"rendered":"\n<p>Estamos acostumados a ver o estrelato e o sucesso no futebol, jogadores com muito dinheiro, vivendo vidas luxuosas com fama.<\/p>\n\n\n\n<p>Mas, do outro lado da moeda, tem in\u00fameros jogadores que iniciaram uma carreira de sucesso mas se viram no fundo do po\u00e7o precisando recome\u00e7ar.<\/p>\n\n\n\n<ul class=\"wp-block-list\">\n<li><a href=\"https:\/\/www.gaveanews.com\/index.php\/2024\/11\/13\/declaracao-de-lucas-moura-recado-para-dorival-e-reforco-para-2025-as-ultimas-noticias-do-sao-paulo\/\">Declara\u00e7\u00e3o de Lucas Moura, recado para Dorival e refor\u00e7o para 2025: as \u00faltimas not\u00edcias do S\u00e3o Paulo<\/a><\/li>\n\n\n\n<li><a href=\"https:\/\/www.gaveanews.com\/index.php\/2024\/11\/12\/sao-paulo-nao-desiste-e-tenta-contratar-primeiro-reforco-para-2025\/\">S\u00e3o Paulo n\u00e3o desiste e tenta contratar primeiro refor\u00e7o para 2025<\/a><\/li>\n<\/ul>\n\n\n\n<p>Isso foi o que aconteceu com <strong>Patrick Cruz<\/strong>, ex-jogador do S\u00e3o Paulo e do Corinthians, que foi at\u00e9 o fundo do po\u00e7o antes de recome\u00e7ar sua carreira.<\/p>\n\n\n\n<p>Em entrevista exclusiva ao GE, Patrick contou sobre sua hist\u00f3ria de vida. Hoje, com 32 anos, ele defende a equipe do <strong>Pattaya United<\/strong>, da segunda divis\u00e3o da Tail\u00e2ndia.<\/p>\n\n\n\n<p>Dentre sua vida futebol\u00edstica, ele jogou na Indon\u00e9sia, na Mal\u00e1sia, na R\u00fassia, no Vietn\u00e3 e em Malta. Patrick esteve no S\u00e3o Paulo de Casemiro e Rodrigo Caio, passou pelo Corinthians de Sheik e Guerrer, mas por gastar todo o dinheiro, se viu em uma situa\u00e7\u00e3o que nenhum jogador de futebol quer passar:<\/p>\n\n\n\n<figure class=\"wp-block-embed is-type-photo is-provider-flickr wp-block-embed-flickr\"><div class=\"wp-block-embed__wrapper\">\n<a href=\"https:\/\/www.flickr.com\/photos\/201155970@N03\/54137581696\/in\/dateposted-public\/\"><img loading=\"lazy\" decoding=\"async\" src=\"https:\/\/live.staticflickr.com\/65535\/54137581696_4a349c2704_z.webp\" alt=\"imagem_2024-11-13_151545642\" width=\"640\" height=\"487\" \/><\/a>\n<\/div><\/figure>\n\n\n\n<p>&#8220;Eu tive tudo e perdi tudo.<strong>&nbsp;<\/strong>Inclusive fiquei devendo muito dinheiro para minha m\u00e3e, que foi a que mais me avisou. Eu n\u00e3o consegui guardar nada. Trocava de carro, sempre comprava roupa, vivia para l\u00e1, para c\u00e1, viajando, fazendo isso, fazendo aquilo&#8221;, disse.<\/p>\n\n\n\n<p>&#8220;Isso realmente me atrapalhou muito, porque quando a gente \u00e9 novo e tem muito dinheiro, voc\u00ea acha que ele vai acabar? Nunca. E a\u00ed uma hora que o contrato acabou, tudo acabou&#8221;.<\/p>\n\n\n\n<p>Ao GE, Patrick relembrou o momento de dificuldade, ap\u00f3s perder tudo na base, em meio a festas, baladas e muito dinheiro gasto. Ele precisou se afastar para trabalhar no ramo da fam\u00edlia.<\/p>\n\n\n\n<p>&#8220;Eles me ofereceram um contrato, o mesmo contrato que o Lucas, o Casemiro e o Rodrigo Caio tinham. O contrato do Parma era melhor, s\u00f3 que por estarem me colocando no mesmo n\u00edvel desses jogadores, que eu tinha certeza que iam jogar pelo S\u00e3o Paulo, eu decidi ficar. Meu sonho era jogar no Brasil, representar a Sele\u00e7\u00e3o Brasileira. Eu resolvi ficar pela considera\u00e7\u00e3o que eles tiveram comigo de me colocar nessa prateleira dos meninos, de t\u00e3o diferenciados que eles eram&#8221;, iniciou.<\/p>\n\n\n\n<p>Quando saiu da base do S\u00e3o Paulo para disputar posi\u00e7\u00e3o com Sheik, Guerrero e Romarinho no Corinthians, Patrick relembra a mistura do futebol com as bebidas na noite paulistana e ainda o namoro com a B\u00e1rbara Evans:<\/p>\n\n\n\n<p>&#8220;Eu me prejudiquei muito, muito mesmo, por causa de fama, de noite, de querer fazer coisas que estavam dispon\u00edveis para mim, mas que n\u00e3o eram para aquele momento, aquela hora. Eu atropelei um pouco as coisas, primeiro porque eu tinha um contrato muito bom, e quando a gente \u00e9 jovem com contrato muito alto, voc\u00ea acha que nunca vai acabar o dinheiro. Voc\u00ea acha que todo m\u00eas voc\u00ea vai ter aquele dinheiro. Ent\u00e3o eu poderia estar ganhando R$ 50 mil, que eu ia gastar os R$ 50 mil, eu poderia estar ganhando R$ 100 mil que eu ia gastar os R$ 100 mil. Todo m\u00eas eu acabava com zero reais&#8221;, iniciou.<\/p>\n\n\n\n<p>Ele tamb\u00e9m diz que sempre gastou muito com roupas que ele jamais usou, dava dinheiro aos amigos e acreditava sempre que no pr\u00f3ximo m\u00eas teria mais:<\/p>\n\n\n\n<blockquote class=\"wp-block-quote is-layout-flow wp-block-quote-is-layout-flow\">\n<p>&#8220;Teve uma \u00e9poca que eu abria meu guarda-roupa e via tanta camisa, tanta roupa nova, com etiqueta que eu nunca usei na minha vida. Ia para muita festa. Eu comprava, gastava dinheiro, falava &#8220;no m\u00eas que vem vai ter de novo.&#8221; Vou comprar, vou dar roupa para os meus amigos&#8221;.<\/p>\n<\/blockquote>\n\n\n\n<p>&#8220;Eu sempre gastava com besteira. Minha m\u00e3e sempre me falava: &#8220;filho, n\u00e3o \u00e9 hora de voc\u00ea estar passando a carro\u00e7a na frente dos bois. Guarda seu dinheiro, constr\u00f3i a sua casa, compra suas coisas, compra o seu carro, faz suas coisas. Depois, quando tudo der certo, se n\u00e3o vier um contrato melhor, voc\u00ea faz isso. Mas voc\u00ea tem 18 anos, faz o que voc\u00ea quiser, porque voc\u00ea vai aprender com os seus erros tamb\u00e9m&#8221;.<\/p>\n\n\n\n<h2 class=\"wp-block-heading\" id=\"h-o-recomeco-de-patrick-cruz\">O recome\u00e7o  de Patrick Cruz<\/h2>\n\n\n\n<p>Ap\u00f3s uma cirurgia de apendicite, Patrick decidiu n\u00e3o ficar no Corinthians, se viu sem dinheiro e passou a fazer testes em equipes asi\u00e1ticas:<\/p>\n\n\n\n<p>&#8220;Meu tio que pagou tudo da viagem, e n\u00f3s fomos em seis meninos para Dubai. A gente passou fome, a gente passou frio, a gente passou um monte de coisa. Tem fotos minhas, da gente fazendo arroz com tampa de gaveta, comendo com caixa de papel\u00e3o rasgada, comendo arroz com bolacha, ketchup. A\u00ed eu falei: &#8216;cara, se n\u00e3o for pra dar, se for pra dar certo, eu vou, mas se n\u00e3o for pra dar certo \u00e9 a minha \u00faltima. Eu n\u00e3o vou ficar mais gastando dinheiro dos outros'&#8221;.<\/p>\n\n\n\n<p>Para pagar as d\u00edvidas com pai e m\u00e3e, ele aceitou um emprego na f\u00e1brica de sacos da fam\u00edlia, enquanto conciliava o trabalho com os estudos de Engenharia ao desistir do futebol:<\/p>\n\n\n\n<p>&#8220;Fiquei trabalhando por seis meses. Eu acordava \u00e0s 6h da manh\u00e3, entrava no servi\u00e7o \u00e0s 7h. A\u00ed tinha que levar a marmita, porque a gente ia almo\u00e7ar l\u00e1. Ficava de 7h ao meio-dia, depois era o nosso hor\u00e1rio de almo\u00e7o, ent\u00e3o a gente comia rapidinho. Dava uma cochilada em cima das bags [sacolas] mesmo. N\u00e3o tinha tempo para treinar, porque \u00e0s 18h eu tinha que ir para a faculdade. O que a gente conseguia fazer era correr at\u00e9 em casa. A gente ia de bota, de cal\u00e7a para trabalhar, tinha capacete de prote\u00e7\u00e3o, m\u00e1scara. A gente s\u00f3 tirava a camisa e colocava nas costas, juntava a marmita debaixo do bra\u00e7o e ia at\u00e9 em casa correndo, dava uns 2 km&#8221;.<\/p>\n\n\n\n<h2 class=\"wp-block-heading\" id=\"h-sucesso-e-retorno-ao-futebol\">Sucesso e retorno ao futebol:<\/h2>\n\n\n\n<p>Aos 23 anos, Patrick ressurgiu no Mitra Kukar sendo <strong>artilheiro da Copa Surdiman<\/strong>&nbsp;da Indon\u00e9sia, primeiro t\u00edtulo da hist\u00f3ria do clube:<\/p>\n\n\n\n<p>&#8220;O time nunca tinha ganhado nada na hist\u00f3ria. A final foi em um est\u00e1dio com mais de 65 mil pessoas e mais 30 mil pessoas fora, que n\u00e3o conseguiram entrar. Dois meses antes, eu estava trabalhando na f\u00e1brica, cortando al\u00e7a, conversando com Deus. Dois meses depois eu estava jogando uma final em um lugar do tamanho do Maracan\u00e3&#8221;.<\/p>\n\n\n\n<p>Patrick diz que come\u00e7ou a valorizar mais a vida ao apanhar de 40 pessoas ao lado do irm\u00e3o em uma festa na Tail\u00e2ndia:<\/p>\n\n\n\n<p>&#8220;Juntaram mais ou menos umas 30, 40 pessoas contra n\u00f3s dois. Foi paulada para cima e para baixo, bateram na gente, e nessa quase que a gente morreu mesmo, porque eu abri a cabe\u00e7a, meu irm\u00e3o quebrou os dois bra\u00e7os, e a gente teve que nadar quase 1 km para poder sobreviver. A gente come\u00e7ou a nadar por um ponto azul que estava piscando, que era um barco a quase 1 km de dist\u00e2ncia. Ali ainda era \u00e1rea de tubar\u00e3o&#8221;.<\/p>\n\n\n\n<p>&#8220;Foi ali que eu realmente entendi que na vida, o importante n\u00e3o \u00e9 s\u00f3 o dinheiro, o importante n\u00e3o \u00e9 s\u00f3 os 90 minutos, a bola rolando dentro de campo, o importante \u00e9 a nossa fam\u00edlia. Eu tinha me desligado um pouco em rela\u00e7\u00e3o a isso&#8221;<\/p>\n","protected":false},"excerpt":{"rendered":"<p>Estamos acostumados a ver o estrelato e o sucesso no futebol, jogadores com muito dinheiro, vivendo vidas luxuosas com fama. Mas, do outro lado da moeda, tem in\u00fameros jogadores que iniciaram uma carreira de sucesso mas se viram no fundo do po\u00e7o precisando recome\u00e7ar. Isso foi o que aconteceu com Patrick Cruz, ex-jogador do S\u00e3o [&hellip;]<\/p>\n","protected":false},"author":19,"featured_media":154451,"comment_status":"open","ping_status":"closed","sticky":false,"template":"","format":"standard","meta":{"footnotes":""},"categories":[151],"tags":[],"class_list":["post-184766","post","type-post","status-publish","format-standard","has-post-thumbnail","hentry","category-sao-paulo"],"yoast_head":"<!-- This site is optimized with the Yoast SEO Premium plugin v24.2 (Yoast SEO v26.9) - https:\/\/yoast.com\/product\/yoast-seo-premium-wordpress\/ -->\n<title>Ele era destaque no S\u00e3o Paulo, mas perdeu tudo e passou dificuldades para recome\u00e7ar<\/title>\n<meta name=\"robots\" content=\"index, follow, max-snippet:-1, max-image-preview:large, max-video-preview:-1\" \/>\n<link rel=\"canonical\" href=\"https:\/\/www.gaveanews.com\/index.php\/2024\/11\/13\/ele-era-destaque-no-sao-paulo-mas-perdeu-tudo-e-passou-dificuldades-para-recomecar\/\" \/>\n<meta property=\"og:locale\" content=\"pt_BR\" \/>\n<meta property=\"og:type\" content=\"article\" \/>\n<meta property=\"og:title\" content=\"Ele era destaque no S\u00e3o Paulo, mas perdeu tudo e passou dificuldades para recome\u00e7ar\" \/>\n<meta property=\"og:description\" content=\"Estamos acostumados a ver o estrelato e o sucesso no futebol, jogadores com muito dinheiro, vivendo vidas luxuosas com fama. Mas, do outro lado da moeda, tem in\u00fameros jogadores que iniciaram uma carreira de sucesso mas se viram no fundo do po\u00e7o precisando recome\u00e7ar. Isso foi o que aconteceu com Patrick Cruz, ex-jogador do S\u00e3o [&hellip;]\" \/>\n<meta property=\"og:url\" content=\"https:\/\/www.gaveanews.com\/index.php\/2024\/11\/13\/ele-era-destaque-no-sao-paulo-mas-perdeu-tudo-e-passou-dificuldades-para-recomecar\/\" \/>\n<meta property=\"og:site_name\" content=\"G\u00e1vea News\" \/>\n<meta property=\"article:publisher\" content=\"https:\/\/facebook.com\/gaveaNews\/\" \/>\n<meta property=\"article:published_time\" content=\"2024-11-13T18:15:33+00:00\" \/>\n<meta property=\"article:modified_time\" content=\"2024-11-13T18:19:20+00:00\" \/>\n<meta property=\"og:image\" content=\"https:\/\/www.gaveanews.com\/wp-content\/uploads\/Escudo-do-Sao-Paulo.webp\" \/>\n\t<meta property=\"og:image:width\" content=\"977\" \/>\n\t<meta property=\"og:image:height\" content=\"651\" \/>\n\t<meta property=\"og:image:type\" content=\"image\/webp\" \/>\n<meta name=\"author\" content=\"Bruno Zanchetta\" \/>\n<meta name=\"twitter:card\" content=\"summary_large_image\" \/>\n<meta name=\"twitter:label1\" content=\"Escrito por\" \/>\n\t<meta name=\"twitter:data1\" content=\"Bruno Zanchetta\" \/>\n\t<meta name=\"twitter:label2\" content=\"Est. tempo de leitura\" \/>\n\t<meta name=\"twitter:data2\" content=\"7 minutos\" \/>\n<script type=\"application\/ld+json\" class=\"yoast-schema-graph\">{\"@context\":\"https:\/\/schema.org\",\"@graph\":[{\"@type\":\"NewsArticle\",\"@id\":\"https:\/\/www.gaveanews.com\/index.php\/2024\/11\/13\/ele-era-destaque-no-sao-paulo-mas-perdeu-tudo-e-passou-dificuldades-para-recomecar\/#article\",\"isPartOf\":{\"@id\":\"https:\/\/www.gaveanews.com\/index.php\/2024\/11\/13\/ele-era-destaque-no-sao-paulo-mas-perdeu-tudo-e-passou-dificuldades-para-recomecar\/\"},\"author\":{\"name\":\"Bruno Zanchetta\",\"@id\":\"https:\/\/www.gaveanews.com\/#\/schema\/person\/32fddefab25b466689f181be346cd98c\"},\"headline\":\"Ele era destaque no S\u00e3o Paulo, mas perdeu tudo e passou dificuldades para recome\u00e7ar\",\"datePublished\":\"2024-11-13T18:15:33+00:00\",\"dateModified\":\"2024-11-13T18:19:20+00:00\",\"mainEntityOfPage\":{\"@id\":\"https:\/\/www.gaveanews.com\/index.php\/2024\/11\/13\/ele-era-destaque-no-sao-paulo-mas-perdeu-tudo-e-passou-dificuldades-para-recomecar\/\"},\"wordCount\":1260,\"commentCount\":0,\"image\":{\"@id\":\"https:\/\/www.gaveanews.com\/index.php\/2024\/11\/13\/ele-era-destaque-no-sao-paulo-mas-perdeu-tudo-e-passou-dificuldades-para-recomecar\/#primaryimage\"},\"thumbnailUrl\":\"https:\/\/www.gaveanews.com\/wp-content\/uploads\/Escudo-do-Sao-Paulo.webp\",\"articleSection\":[\"S\u00e3o Paulo\"],\"inLanguage\":\"pt-BR\",\"potentialAction\":[{\"@type\":\"CommentAction\",\"name\":\"Comment\",\"target\":[\"https:\/\/www.gaveanews.com\/index.php\/2024\/11\/13\/ele-era-destaque-no-sao-paulo-mas-perdeu-tudo-e-passou-dificuldades-para-recomecar\/#respond\"]}],\"copyrightYear\":\"2024\",\"copyrightHolder\":{\"@id\":\"https:\/\/www.gaveanews.com\/#organization\"}},{\"@type\":\"WebPage\",\"@id\":\"https:\/\/www.gaveanews.com\/index.php\/2024\/11\/13\/ele-era-destaque-no-sao-paulo-mas-perdeu-tudo-e-passou-dificuldades-para-recomecar\/\",\"url\":\"https:\/\/www.gaveanews.com\/index.php\/2024\/11\/13\/ele-era-destaque-no-sao-paulo-mas-perdeu-tudo-e-passou-dificuldades-para-recomecar\/\",\"name\":\"Ele era destaque no S\u00e3o Paulo, mas perdeu tudo e passou dificuldades para recome\u00e7ar\",\"isPartOf\":{\"@id\":\"https:\/\/www.gaveanews.com\/#website\"},\"primaryImageOfPage\":{\"@id\":\"https:\/\/www.gaveanews.com\/index.php\/2024\/11\/13\/ele-era-destaque-no-sao-paulo-mas-perdeu-tudo-e-passou-dificuldades-para-recomecar\/#primaryimage\"},\"image\":{\"@id\":\"https:\/\/www.gaveanews.com\/index.php\/2024\/11\/13\/ele-era-destaque-no-sao-paulo-mas-perdeu-tudo-e-passou-dificuldades-para-recomecar\/#primaryimage\"},\"thumbnailUrl\":\"https:\/\/www.gaveanews.com\/wp-content\/uploads\/Escudo-do-Sao-Paulo.webp\",\"datePublished\":\"2024-11-13T18:15:33+00:00\",\"dateModified\":\"2024-11-13T18:19:20+00:00\",\"author\":{\"@id\":\"https:\/\/www.gaveanews.com\/#\/schema\/person\/32fddefab25b466689f181be346cd98c\"},\"breadcrumb\":{\"@id\":\"https:\/\/www.gaveanews.com\/index.php\/2024\/11\/13\/ele-era-destaque-no-sao-paulo-mas-perdeu-tudo-e-passou-dificuldades-para-recomecar\/#breadcrumb\"},\"inLanguage\":\"pt-BR\",\"potentialAction\":[{\"@type\":\"ReadAction\",\"target\":[\"https:\/\/www.gaveanews.com\/index.php\/2024\/11\/13\/ele-era-destaque-no-sao-paulo-mas-perdeu-tudo-e-passou-dificuldades-para-recomecar\/\"]}]},{\"@type\":\"ImageObject\",\"inLanguage\":\"pt-BR\",\"@id\":\"https:\/\/www.gaveanews.com\/index.php\/2024\/11\/13\/ele-era-destaque-no-sao-paulo-mas-perdeu-tudo-e-passou-dificuldades-para-recomecar\/#primaryimage\",\"url\":\"https:\/\/www.gaveanews.com\/wp-content\/uploads\/Escudo-do-Sao-Paulo.webp\",\"contentUrl\":\"https:\/\/www.gaveanews.com\/wp-content\/uploads\/Escudo-do-Sao-Paulo.webp\",\"width\":977,\"height\":651,\"caption\":\"Escudo do S\u00e3o Paulo (Foto: Reprodu\u00e7\u00e3o\/S\u00e3o Paulo)\"},{\"@type\":\"BreadcrumbList\",\"@id\":\"https:\/\/www.gaveanews.com\/index.php\/2024\/11\/13\/ele-era-destaque-no-sao-paulo-mas-perdeu-tudo-e-passou-dificuldades-para-recomecar\/#breadcrumb\",\"itemListElement\":[{\"@type\":\"ListItem\",\"position\":1,\"name\":\"Home\",\"item\":\"https:\/\/www.gaveanews.com\/\"},{\"@type\":\"ListItem\",\"position\":2,\"name\":\"Ele era destaque no S\u00e3o Paulo, mas perdeu tudo e passou dificuldades para recome\u00e7ar\"}]},{\"@type\":\"WebSite\",\"@id\":\"https:\/\/www.gaveanews.com\/#website\",\"url\":\"https:\/\/www.gaveanews.com\/\",\"name\":\"G\u00e1vea News\",\"description\":\"Veja todas as not\u00edcias sobre o Flamengo: Contrata\u00e7\u00f5es, categorias de base, resultados das partidas, tabela de classifica\u00e7\u00e3o, pr\u00f3ximos jogos!\",\"potentialAction\":[{\"@type\":\"SearchAction\",\"target\":{\"@type\":\"EntryPoint\",\"urlTemplate\":\"https:\/\/www.gaveanews.com\/?s={search_term_string}\"},\"query-input\":{\"@type\":\"PropertyValueSpecification\",\"valueRequired\":true,\"valueName\":\"search_term_string\"}}],\"inLanguage\":\"pt-BR\"},{\"@type\":\"Person\",\"@id\":\"https:\/\/www.gaveanews.com\/#\/schema\/person\/32fddefab25b466689f181be346cd98c\",\"name\":\"Bruno Zanchetta\",\"image\":{\"@type\":\"ImageObject\",\"inLanguage\":\"pt-BR\",\"@id\":\"https:\/\/www.gaveanews.com\/#\/schema\/person\/image\/\",\"url\":\"https:\/\/secure.gravatar.com\/avatar\/3ba2d39f8a912ad65276975a996d6ad8d9e3dd13448684be8dc4d7c17099d2ee?s=96&d=mm&r=g\",\"contentUrl\":\"https:\/\/secure.gravatar.com\/avatar\/3ba2d39f8a912ad65276975a996d6ad8d9e3dd13448684be8dc4d7c17099d2ee?s=96&d=mm&r=g\",\"caption\":\"Bruno Zanchetta\"}}]}<\/script>\n<!-- \/ Yoast SEO Premium plugin. -->","yoast_head_json":{"title":"Ele era destaque no S\u00e3o Paulo, mas perdeu tudo e passou dificuldades para recome\u00e7ar","robots":{"index":"index","follow":"follow","max-snippet":"max-snippet:-1","max-image-preview":"max-image-preview:large","max-video-preview":"max-video-preview:-1"},"canonical":"https:\/\/www.gaveanews.com\/index.php\/2024\/11\/13\/ele-era-destaque-no-sao-paulo-mas-perdeu-tudo-e-passou-dificuldades-para-recomecar\/","og_locale":"pt_BR","og_type":"article","og_title":"Ele era destaque no S\u00e3o Paulo, mas perdeu tudo e passou dificuldades para recome\u00e7ar","og_description":"Estamos acostumados a ver o estrelato e o sucesso no futebol, jogadores com muito dinheiro, vivendo vidas luxuosas com fama. Mas, do outro lado da moeda, tem in\u00fameros jogadores que iniciaram uma carreira de sucesso mas se viram no fundo do po\u00e7o precisando recome\u00e7ar. Isso foi o que aconteceu com Patrick Cruz, ex-jogador do S\u00e3o [&hellip;]","og_url":"https:\/\/www.gaveanews.com\/index.php\/2024\/11\/13\/ele-era-destaque-no-sao-paulo-mas-perdeu-tudo-e-passou-dificuldades-para-recomecar\/","og_site_name":"G\u00e1vea News","article_publisher":"https:\/\/facebook.com\/gaveaNews\/","article_published_time":"2024-11-13T18:15:33+00:00","article_modified_time":"2024-11-13T18:19:20+00:00","og_image":[{"width":977,"height":651,"url":"https:\/\/www.gaveanews.com\/wp-content\/uploads\/Escudo-do-Sao-Paulo.webp","type":"image\/webp"}],"author":"Bruno Zanchetta","twitter_card":"summary_large_image","twitter_misc":{"Escrito por":"Bruno Zanchetta","Est. tempo de leitura":"7 minutos"},"schema":{"@context":"https:\/\/schema.org","@graph":[{"@type":"NewsArticle","@id":"https:\/\/www.gaveanews.com\/index.php\/2024\/11\/13\/ele-era-destaque-no-sao-paulo-mas-perdeu-tudo-e-passou-dificuldades-para-recomecar\/#article","isPartOf":{"@id":"https:\/\/www.gaveanews.com\/index.php\/2024\/11\/13\/ele-era-destaque-no-sao-paulo-mas-perdeu-tudo-e-passou-dificuldades-para-recomecar\/"},"author":{"name":"Bruno Zanchetta","@id":"https:\/\/www.gaveanews.com\/#\/schema\/person\/32fddefab25b466689f181be346cd98c"},"headline":"Ele era destaque no S\u00e3o Paulo, mas perdeu tudo e passou dificuldades para recome\u00e7ar","datePublished":"2024-11-13T18:15:33+00:00","dateModified":"2024-11-13T18:19:20+00:00","mainEntityOfPage":{"@id":"https:\/\/www.gaveanews.com\/index.php\/2024\/11\/13\/ele-era-destaque-no-sao-paulo-mas-perdeu-tudo-e-passou-dificuldades-para-recomecar\/"},"wordCount":1260,"commentCount":0,"image":{"@id":"https:\/\/www.gaveanews.com\/index.php\/2024\/11\/13\/ele-era-destaque-no-sao-paulo-mas-perdeu-tudo-e-passou-dificuldades-para-recomecar\/#primaryimage"},"thumbnailUrl":"https:\/\/www.gaveanews.com\/wp-content\/uploads\/Escudo-do-Sao-Paulo.webp","articleSection":["S\u00e3o Paulo"],"inLanguage":"pt-BR","potentialAction":[{"@type":"CommentAction","name":"Comment","target":["https:\/\/www.gaveanews.com\/index.php\/2024\/11\/13\/ele-era-destaque-no-sao-paulo-mas-perdeu-tudo-e-passou-dificuldades-para-recomecar\/#respond"]}],"copyrightYear":"2024","copyrightHolder":{"@id":"https:\/\/www.gaveanews.com\/#organization"}},{"@type":"WebPage","@id":"https:\/\/www.gaveanews.com\/index.php\/2024\/11\/13\/ele-era-destaque-no-sao-paulo-mas-perdeu-tudo-e-passou-dificuldades-para-recomecar\/","url":"https:\/\/www.gaveanews.com\/index.php\/2024\/11\/13\/ele-era-destaque-no-sao-paulo-mas-perdeu-tudo-e-passou-dificuldades-para-recomecar\/","name":"Ele era destaque no S\u00e3o Paulo, mas perdeu tudo e passou dificuldades para recome\u00e7ar","isPartOf":{"@id":"https:\/\/www.gaveanews.com\/#website"},"primaryImageOfPage":{"@id":"https:\/\/www.gaveanews.com\/index.php\/2024\/11\/13\/ele-era-destaque-no-sao-paulo-mas-perdeu-tudo-e-passou-dificuldades-para-recomecar\/#primaryimage"},"image":{"@id":"https:\/\/www.gaveanews.com\/index.php\/2024\/11\/13\/ele-era-destaque-no-sao-paulo-mas-perdeu-tudo-e-passou-dificuldades-para-recomecar\/#primaryimage"},"thumbnailUrl":"https:\/\/www.gaveanews.com\/wp-content\/uploads\/Escudo-do-Sao-Paulo.webp","datePublished":"2024-11-13T18:15:33+00:00","dateModified":"2024-11-13T18:19:20+00:00","author":{"@id":"https:\/\/www.gaveanews.com\/#\/schema\/person\/32fddefab25b466689f181be346cd98c"},"breadcrumb":{"@id":"https:\/\/www.gaveanews.com\/index.php\/2024\/11\/13\/ele-era-destaque-no-sao-paulo-mas-perdeu-tudo-e-passou-dificuldades-para-recomecar\/#breadcrumb"},"inLanguage":"pt-BR","potentialAction":[{"@type":"ReadAction","target":["https:\/\/www.gaveanews.com\/index.php\/2024\/11\/13\/ele-era-destaque-no-sao-paulo-mas-perdeu-tudo-e-passou-dificuldades-para-recomecar\/"]}]},{"@type":"ImageObject","inLanguage":"pt-BR","@id":"https:\/\/www.gaveanews.com\/index.php\/2024\/11\/13\/ele-era-destaque-no-sao-paulo-mas-perdeu-tudo-e-passou-dificuldades-para-recomecar\/#primaryimage","url":"https:\/\/www.gaveanews.com\/wp-content\/uploads\/Escudo-do-Sao-Paulo.webp","contentUrl":"https:\/\/www.gaveanews.com\/wp-content\/uploads\/Escudo-do-Sao-Paulo.webp","width":977,"height":651,"caption":"Escudo do S\u00e3o Paulo (Foto: Reprodu\u00e7\u00e3o\/S\u00e3o Paulo)"},{"@type":"BreadcrumbList","@id":"https:\/\/www.gaveanews.com\/index.php\/2024\/11\/13\/ele-era-destaque-no-sao-paulo-mas-perdeu-tudo-e-passou-dificuldades-para-recomecar\/#breadcrumb","itemListElement":[{"@type":"ListItem","position":1,"name":"Home","item":"https:\/\/www.gaveanews.com\/"},{"@type":"ListItem","position":2,"name":"Ele era destaque no S\u00e3o Paulo, mas perdeu tudo e passou dificuldades para recome\u00e7ar"}]},{"@type":"WebSite","@id":"https:\/\/www.gaveanews.com\/#website","url":"https:\/\/www.gaveanews.com\/","name":"G\u00e1vea News","description":"Veja todas as not\u00edcias sobre o Flamengo: Contrata\u00e7\u00f5es, categorias de base, resultados das partidas, tabela de classifica\u00e7\u00e3o, pr\u00f3ximos jogos!","potentialAction":[{"@type":"SearchAction","target":{"@type":"EntryPoint","urlTemplate":"https:\/\/www.gaveanews.com\/?s={search_term_string}"},"query-input":{"@type":"PropertyValueSpecification","valueRequired":true,"valueName":"search_term_string"}}],"inLanguage":"pt-BR"},{"@type":"Person","@id":"https:\/\/www.gaveanews.com\/#\/schema\/person\/32fddefab25b466689f181be346cd98c","name":"Bruno Zanchetta","image":{"@type":"ImageObject","inLanguage":"pt-BR","@id":"https:\/\/www.gaveanews.com\/#\/schema\/person\/image\/","url":"https:\/\/secure.gravatar.com\/avatar\/3ba2d39f8a912ad65276975a996d6ad8d9e3dd13448684be8dc4d7c17099d2ee?s=96&d=mm&r=g","contentUrl":"https:\/\/secure.gravatar.com\/avatar\/3ba2d39f8a912ad65276975a996d6ad8d9e3dd13448684be8dc4d7c17099d2ee?s=96&d=mm&r=g","caption":"Bruno Zanchetta"}}]}},"_links":{"self":[{"href":"https:\/\/www.gaveanews.com\/index.php\/wp-json\/wp\/v2\/posts\/184766","targetHints":{"allow":["GET"]}}],"collection":[{"href":"https:\/\/www.gaveanews.com\/index.php\/wp-json\/wp\/v2\/posts"}],"about":[{"href":"https:\/\/www.gaveanews.com\/index.php\/wp-json\/wp\/v2\/types\/post"}],"author":[{"embeddable":true,"href":"https:\/\/www.gaveanews.com\/index.php\/wp-json\/wp\/v2\/users\/19"}],"replies":[{"embeddable":true,"href":"https:\/\/www.gaveanews.com\/index.php\/wp-json\/wp\/v2\/comments?post=184766"}],"version-history":[{"count":3,"href":"https:\/\/www.gaveanews.com\/index.php\/wp-json\/wp\/v2\/posts\/184766\/revisions"}],"predecessor-version":[{"id":184868,"href":"https:\/\/www.gaveanews.com\/index.php\/wp-json\/wp\/v2\/posts\/184766\/revisions\/184868"}],"wp:featuredmedia":[{"embeddable":true,"href":"https:\/\/www.gaveanews.com\/index.php\/wp-json\/wp\/v2\/media\/154451"}],"wp:attachment":[{"href":"https:\/\/www.gaveanews.com\/index.php\/wp-json\/wp\/v2\/media?parent=184766"}],"wp:term":[{"taxonomy":"category","embeddable":true,"href":"https:\/\/www.gaveanews.com\/index.php\/wp-json\/wp\/v2\/categories?post=184766"},{"taxonomy":"post_tag","embeddable":true,"href":"https:\/\/www.gaveanews.com\/index.php\/wp-json\/wp\/v2\/tags?post=184766"}],"curies":[{"name":"wp","href":"https:\/\/api.w.org\/{rel}","templated":true}]}}