{"id":184781,"date":"2024-11-13T14:50:00","date_gmt":"2024-11-13T17:50:00","guid":{"rendered":"https:\/\/www.gaveanews.com\/?p=184781"},"modified":"2024-11-13T14:03:42","modified_gmt":"2024-11-13T17:03:42","slug":"ele-estava-esquecido-no-palmeiras-mas-agora-pode-cravar-sua-vaga-no-time-titular","status":"publish","type":"post","link":"https:\/\/www.gaveanews.com\/index.php\/2024\/11\/13\/ele-estava-esquecido-no-palmeiras-mas-agora-pode-cravar-sua-vaga-no-time-titular\/","title":{"rendered":"Ele estava esquecido no Palmeiras mas agora pode cravar sua vaga no time titular"},"content":{"rendered":"\n<h2 class=\"wp-block-heading\" id=\"h-dudu-pode-voltar-a-ter-chances-com-o-tecnico-abel\">Dudu pode voltar a ter chances com o t\u00e9cnico Abel<\/h2>\n\n\n\n<p>A trajet\u00f3ria de Dudu no Palmeiras tem sido bastante apreciada pelo t\u00e9cnico Abel Ferreira. Na partida em que a equipe conquistou uma vit\u00f3ria por 1 a 0 contra o Gr\u00eamio, no Allianz Parque, v\u00e1lida pela 33\u00aa rodada do Brasileir\u00e3o, o treinador optou por dar mais tempo de jogo ao atacante, que entrou em campo pela terceira vez consecutiva.<\/p>\n\n\n\n<ul class=\"wp-block-list\">\n<li><a href=\"https:\/\/www.gaveanews.com\/index.php\/2024\/11\/13\/meia-do-palmeiras-e-convocado-veja-todos-os-detalhes\/\">Meia do Palmeiras \u00e9 convocado; veja todos os detalhes<\/a><\/li>\n\n\n\n<li><a href=\"https:\/\/www.gaveanews.com\/index.php\/2024\/11\/13\/jogador-na-mira-para-2025-publicacao-de-mbappe-e-declaracao-de-luxemburgo-as-ultimas-noticias-do-palmeiras\/\">Jogador na mira para 2025, publica\u00e7\u00e3o de Mbapp\u00e9 e declara\u00e7\u00e3o de Luxemburgo: as \u00faltimas not\u00edcias do Palmeiras<br><\/a><\/li>\n<\/ul>\n\n\n\n<p>Dudu foi chamado aos 17 minutos do segundo tempo, entrando no lugar de Felipe Anderson, enquanto o placar ainda estava empatado em 0 a 0. O jogador n\u00e3o hesitou em atacar e esteve diretamente envolvido na jogada que resultou no gol. Ap\u00f3s uma a\u00e7\u00e3o individual, ele arriscou a finaliza\u00e7\u00e3o, mas Marches\u00edn defendeu, permitindo que Est\u00eav\u00e3o aproveitasse o rebote e balan\u00e7asse as redes aos 27 minutos.<\/p>\n\n\n\n<p>A performance de Dudu fez com que Abel Ferreira o elogiasse, e o treinador n\u00e3o descarta a possibilidade de coloc\u00e1-lo de volta como titular no jogo contra o Bahia, que ocorrer\u00e1 ap\u00f3s a data FIFA. Ao ser indagado sobre a chance de Dudu figurar entre os onze iniciais, o t\u00e9cnico afirmou que essa \u00e9 uma possibilidade que ser\u00e1 considerada com base nos treinos.<\/p>\n\n\n\n<figure class=\"wp-block-image size-full\"><img loading=\"lazy\" decoding=\"async\" width=\"734\" height=\"800\" src=\"https:\/\/www.gaveanews.com\/wp-content\/uploads\/dudu-palmeiras.webp\" alt=\"\" class=\"wp-image-91497\" srcset=\"https:\/\/www.gaveanews.com\/wp-content\/uploads\/dudu-palmeiras.webp 734w, https:\/\/www.gaveanews.com\/wp-content\/uploads\/dudu-palmeiras-275x300.webp 275w, https:\/\/www.gaveanews.com\/wp-content\/uploads\/dudu-palmeiras-385x420.webp 385w, https:\/\/www.gaveanews.com\/wp-content\/uploads\/dudu-palmeiras-640x698.webp 640w, https:\/\/www.gaveanews.com\/wp-content\/uploads\/dudu-palmeiras-681x742.webp 681w, https:\/\/www.gaveanews.com\/wp-content\/uploads\/dudu-palmeiras-100x109.webp 100w\" sizes=\"auto, (max-width: 734px) 100vw, 734px\" \/><figcaption class=\"wp-element-caption\">Dudu em partida do Palmeiras (Foto: Cesar Greco\/Palmeiras)<\/figcaption><\/figure>\n\n\n\n<p><em>-Diz-me como treinas que eu digo como jogas. Vamos ver, n\u00e3o sei. N\u00e3o posso abrir o jogo. Vamos ter tempo para preparar, mas \u00e9 uma hip\u00f3tese, disse Abel.<\/em><\/p>\n\n\n\n<p>Dudu jogou 16 partidas desde que se recuperou da cirurgia no joelho, sendo tr\u00eas delas como titular. No entanto, essas tr\u00eas ocorreram antes da fase de recondicionamento f\u00edsico que ocorreu em agosto. Ele ainda n\u00e3o participou de um jogo completo.<\/p>\n\n\n\n<p>Dudu, que entrou nos minutos finais dos jogos contra Fortaleza, Corinthians e Gr\u00eamio, atravessa sua mais longa sequ\u00eancia no time desde que se recuperou de uma les\u00e3o.<\/p>\n\n\n\n<p><br><em>-Fico feliz pelo Dudu ter entrado bem. \u00c9 um jogador que tem melhorado muito seus n\u00edveis de for\u00e7a e tem nos ajudado, seja 30 minutos, como foi contra o Corinthians contra o Gr\u00eamio jogou outros tantos. Nos ajuda e precisamos dele, declarou Abel Ferreira.<\/em><\/p>\n\n\n\n<p>Dudu, al\u00e9m do desempenho recente positivo, tem a seu favor a aus\u00eancia de Est\u00eav\u00e3o no pr\u00f3ximo jogo. A promessa da base do Palmeiras foi penalizada com o terceiro cart\u00e3o amarelo e enfrentar\u00e1 uma suspens\u00e3o autom\u00e1tica. Assim, surge uma oportunidade no ataque, com Dudu se apresentando como candidato para preench\u00ea-la.<\/p>\n\n\n\n<p>No dia 20, \u00e0s 20h (hor\u00e1rio de Bras\u00edlia), Palmeiras e Bahia se enfrentam na Arena Fonte Nova, em Salvador (BA), em partida v\u00e1lida pela 33a rodada do Brasileir\u00e3o. O Palmeiras ocupa a segunda posi\u00e7\u00e3o na tabela, somando 64 pontos, tr\u00eas a menos que o l\u00edder Botafogo.<\/p>\n","protected":false},"excerpt":{"rendered":"<p>Dudu pode voltar a ter chances com o t\u00e9cnico Abel A trajet\u00f3ria de Dudu no Palmeiras tem sido bastante apreciada pelo t\u00e9cnico Abel Ferreira. Na partida em que a equipe conquistou uma vit\u00f3ria por 1 a 0 contra o Gr\u00eamio, no Allianz Parque, v\u00e1lida pela 33\u00aa rodada do Brasileir\u00e3o, o treinador optou por dar mais [&hellip;]<\/p>\n","protected":false},"author":16,"featured_media":158317,"comment_status":"open","ping_status":"closed","sticky":false,"template":"","format":"standard","meta":{"footnotes":""},"categories":[150],"tags":[],"class_list":["post-184781","post","type-post","status-publish","format-standard","has-post-thumbnail","hentry","category-palmeiras"],"yoast_head":"<!-- This site is optimized with the Yoast SEO Premium plugin v24.2 (Yoast SEO v26.9) - https:\/\/yoast.com\/product\/yoast-seo-premium-wordpress\/ -->\n<title>Ele estava esquecido no Palmeiras mas agora pode cravar sua vaga no time titular<\/title>\n<meta name=\"description\" content=\"Ele estava esquecido no Palmeiras mas agora pode cravar sua vaga no time titular\" \/>\n<meta name=\"robots\" content=\"index, follow, max-snippet:-1, max-image-preview:large, max-video-preview:-1\" \/>\n<link rel=\"canonical\" href=\"https:\/\/www.gaveanews.com\/index.php\/2024\/11\/13\/ele-estava-esquecido-no-palmeiras-mas-agora-pode-cravar-sua-vaga-no-time-titular\/\" \/>\n<meta property=\"og:locale\" content=\"pt_BR\" \/>\n<meta property=\"og:type\" content=\"article\" \/>\n<meta property=\"og:title\" content=\"Ele estava esquecido no Palmeiras mas agora pode cravar sua vaga no time titular\" \/>\n<meta property=\"og:description\" content=\"Ele estava esquecido no Palmeiras mas agora pode cravar sua vaga no time titular\" \/>\n<meta property=\"og:url\" content=\"https:\/\/www.gaveanews.com\/index.php\/2024\/11\/13\/ele-estava-esquecido-no-palmeiras-mas-agora-pode-cravar-sua-vaga-no-time-titular\/\" \/>\n<meta property=\"og:site_name\" content=\"G\u00e1vea News\" \/>\n<meta property=\"article:publisher\" content=\"https:\/\/facebook.com\/gaveaNews\/\" \/>\n<meta property=\"article:published_time\" content=\"2024-11-13T17:50:00+00:00\" \/>\n<meta property=\"og:image\" content=\"https:\/\/www.gaveanews.com\/wp-content\/uploads\/Jogadores-do-Palmeiras-reunidos-durante-partida-da-Copa-do-Brasil-2024.webp\" \/>\n\t<meta property=\"og:image:width\" content=\"1187\" \/>\n\t<meta property=\"og:image:height\" content=\"792\" \/>\n\t<meta property=\"og:image:type\" content=\"image\/webp\" \/>\n<meta name=\"author\" content=\"D\u00e9bora Figueiredo\" \/>\n<meta name=\"twitter:card\" content=\"summary_large_image\" \/>\n<meta name=\"twitter:label1\" content=\"Escrito por\" \/>\n\t<meta name=\"twitter:data1\" content=\"D\u00e9bora Figueiredo\" \/>\n\t<meta name=\"twitter:label2\" content=\"Est. tempo de leitura\" \/>\n\t<meta name=\"twitter:data2\" content=\"3 minutos\" \/>\n<script type=\"application\/ld+json\" class=\"yoast-schema-graph\">{\"@context\":\"https:\/\/schema.org\",\"@graph\":[{\"@type\":\"NewsArticle\",\"@id\":\"https:\/\/www.gaveanews.com\/index.php\/2024\/11\/13\/ele-estava-esquecido-no-palmeiras-mas-agora-pode-cravar-sua-vaga-no-time-titular\/#article\",\"isPartOf\":{\"@id\":\"https:\/\/www.gaveanews.com\/index.php\/2024\/11\/13\/ele-estava-esquecido-no-palmeiras-mas-agora-pode-cravar-sua-vaga-no-time-titular\/\"},\"author\":{\"name\":\"D\u00e9bora Figueiredo\",\"@id\":\"https:\/\/www.gaveanews.com\/#\/schema\/person\/37122681a8575a5c8db05a56f099a5e4\"},\"headline\":\"Ele estava esquecido no Palmeiras mas agora pode cravar sua vaga no time titular\",\"datePublished\":\"2024-11-13T17:50:00+00:00\",\"mainEntityOfPage\":{\"@id\":\"https:\/\/www.gaveanews.com\/index.php\/2024\/11\/13\/ele-estava-esquecido-no-palmeiras-mas-agora-pode-cravar-sua-vaga-no-time-titular\/\"},\"wordCount\":514,\"commentCount\":0,\"image\":{\"@id\":\"https:\/\/www.gaveanews.com\/index.php\/2024\/11\/13\/ele-estava-esquecido-no-palmeiras-mas-agora-pode-cravar-sua-vaga-no-time-titular\/#primaryimage\"},\"thumbnailUrl\":\"https:\/\/www.gaveanews.com\/wp-content\/uploads\/Jogadores-do-Palmeiras-reunidos-durante-partida-da-Copa-do-Brasil-2024.webp\",\"articleSection\":[\"Palmeiras\"],\"inLanguage\":\"pt-BR\",\"potentialAction\":[{\"@type\":\"CommentAction\",\"name\":\"Comment\",\"target\":[\"https:\/\/www.gaveanews.com\/index.php\/2024\/11\/13\/ele-estava-esquecido-no-palmeiras-mas-agora-pode-cravar-sua-vaga-no-time-titular\/#respond\"]}],\"copyrightYear\":\"2024\",\"copyrightHolder\":{\"@id\":\"https:\/\/www.gaveanews.com\/#organization\"}},{\"@type\":\"WebPage\",\"@id\":\"https:\/\/www.gaveanews.com\/index.php\/2024\/11\/13\/ele-estava-esquecido-no-palmeiras-mas-agora-pode-cravar-sua-vaga-no-time-titular\/\",\"url\":\"https:\/\/www.gaveanews.com\/index.php\/2024\/11\/13\/ele-estava-esquecido-no-palmeiras-mas-agora-pode-cravar-sua-vaga-no-time-titular\/\",\"name\":\"Ele estava esquecido no Palmeiras mas agora pode cravar sua vaga no time titular\",\"isPartOf\":{\"@id\":\"https:\/\/www.gaveanews.com\/#website\"},\"primaryImageOfPage\":{\"@id\":\"https:\/\/www.gaveanews.com\/index.php\/2024\/11\/13\/ele-estava-esquecido-no-palmeiras-mas-agora-pode-cravar-sua-vaga-no-time-titular\/#primaryimage\"},\"image\":{\"@id\":\"https:\/\/www.gaveanews.com\/index.php\/2024\/11\/13\/ele-estava-esquecido-no-palmeiras-mas-agora-pode-cravar-sua-vaga-no-time-titular\/#primaryimage\"},\"thumbnailUrl\":\"https:\/\/www.gaveanews.com\/wp-content\/uploads\/Jogadores-do-Palmeiras-reunidos-durante-partida-da-Copa-do-Brasil-2024.webp\",\"datePublished\":\"2024-11-13T17:50:00+00:00\",\"author\":{\"@id\":\"https:\/\/www.gaveanews.com\/#\/schema\/person\/37122681a8575a5c8db05a56f099a5e4\"},\"description\":\"Ele estava esquecido no Palmeiras mas agora pode cravar sua vaga no time titular\",\"breadcrumb\":{\"@id\":\"https:\/\/www.gaveanews.com\/index.php\/2024\/11\/13\/ele-estava-esquecido-no-palmeiras-mas-agora-pode-cravar-sua-vaga-no-time-titular\/#breadcrumb\"},\"inLanguage\":\"pt-BR\",\"potentialAction\":[{\"@type\":\"ReadAction\",\"target\":[\"https:\/\/www.gaveanews.com\/index.php\/2024\/11\/13\/ele-estava-esquecido-no-palmeiras-mas-agora-pode-cravar-sua-vaga-no-time-titular\/\"]}]},{\"@type\":\"ImageObject\",\"inLanguage\":\"pt-BR\",\"@id\":\"https:\/\/www.gaveanews.com\/index.php\/2024\/11\/13\/ele-estava-esquecido-no-palmeiras-mas-agora-pode-cravar-sua-vaga-no-time-titular\/#primaryimage\",\"url\":\"https:\/\/www.gaveanews.com\/wp-content\/uploads\/Jogadores-do-Palmeiras-reunidos-durante-partida-da-Copa-do-Brasil-2024.webp\",\"contentUrl\":\"https:\/\/www.gaveanews.com\/wp-content\/uploads\/Jogadores-do-Palmeiras-reunidos-durante-partida-da-Copa-do-Brasil-2024.webp\",\"width\":1187,\"height\":792,\"caption\":\"Jogadores do Palmeiras reunidos durante partida da Copa do Brasil 2024 (Foto: Reprodu\u00e7\u00e3o\/Palmeiras)\"},{\"@type\":\"BreadcrumbList\",\"@id\":\"https:\/\/www.gaveanews.com\/index.php\/2024\/11\/13\/ele-estava-esquecido-no-palmeiras-mas-agora-pode-cravar-sua-vaga-no-time-titular\/#breadcrumb\",\"itemListElement\":[{\"@type\":\"ListItem\",\"position\":1,\"name\":\"Home\",\"item\":\"https:\/\/www.gaveanews.com\/\"},{\"@type\":\"ListItem\",\"position\":2,\"name\":\"Ele estava esquecido no Palmeiras mas agora pode cravar sua vaga no time titular\"}]},{\"@type\":\"WebSite\",\"@id\":\"https:\/\/www.gaveanews.com\/#website\",\"url\":\"https:\/\/www.gaveanews.com\/\",\"name\":\"G\u00e1vea News\",\"description\":\"Veja todas as not\u00edcias sobre o Flamengo: Contrata\u00e7\u00f5es, categorias de base, resultados das partidas, tabela de classifica\u00e7\u00e3o, pr\u00f3ximos jogos!\",\"potentialAction\":[{\"@type\":\"SearchAction\",\"target\":{\"@type\":\"EntryPoint\",\"urlTemplate\":\"https:\/\/www.gaveanews.com\/?s={search_term_string}\"},\"query-input\":{\"@type\":\"PropertyValueSpecification\",\"valueRequired\":true,\"valueName\":\"search_term_string\"}}],\"inLanguage\":\"pt-BR\"},{\"@type\":\"Person\",\"@id\":\"https:\/\/www.gaveanews.com\/#\/schema\/person\/37122681a8575a5c8db05a56f099a5e4\",\"name\":\"D\u00e9bora Figueiredo\",\"image\":{\"@type\":\"ImageObject\",\"inLanguage\":\"pt-BR\",\"@id\":\"https:\/\/www.gaveanews.com\/#\/schema\/person\/image\/\",\"url\":\"https:\/\/secure.gravatar.com\/avatar\/1f44802859351588499d26f52aed1d15796ce17e67602895b72837c08018868d?s=96&d=mm&r=g\",\"contentUrl\":\"https:\/\/secure.gravatar.com\/avatar\/1f44802859351588499d26f52aed1d15796ce17e67602895b72837c08018868d?s=96&d=mm&r=g\",\"caption\":\"D\u00e9bora Figueiredo\"}}]}<\/script>\n<!-- \/ Yoast SEO Premium plugin. -->","yoast_head_json":{"title":"Ele estava esquecido no Palmeiras mas agora pode cravar sua vaga no time titular","description":"Ele estava esquecido no Palmeiras mas agora pode cravar sua vaga no time titular","robots":{"index":"index","follow":"follow","max-snippet":"max-snippet:-1","max-image-preview":"max-image-preview:large","max-video-preview":"max-video-preview:-1"},"canonical":"https:\/\/www.gaveanews.com\/index.php\/2024\/11\/13\/ele-estava-esquecido-no-palmeiras-mas-agora-pode-cravar-sua-vaga-no-time-titular\/","og_locale":"pt_BR","og_type":"article","og_title":"Ele estava esquecido no Palmeiras mas agora pode cravar sua vaga no time titular","og_description":"Ele estava esquecido no Palmeiras mas agora pode cravar sua vaga no time titular","og_url":"https:\/\/www.gaveanews.com\/index.php\/2024\/11\/13\/ele-estava-esquecido-no-palmeiras-mas-agora-pode-cravar-sua-vaga-no-time-titular\/","og_site_name":"G\u00e1vea News","article_publisher":"https:\/\/facebook.com\/gaveaNews\/","article_published_time":"2024-11-13T17:50:00+00:00","og_image":[{"width":1187,"height":792,"url":"https:\/\/www.gaveanews.com\/wp-content\/uploads\/Jogadores-do-Palmeiras-reunidos-durante-partida-da-Copa-do-Brasil-2024.webp","type":"image\/webp"}],"author":"D\u00e9bora Figueiredo","twitter_card":"summary_large_image","twitter_misc":{"Escrito por":"D\u00e9bora Figueiredo","Est. tempo de leitura":"3 minutos"},"schema":{"@context":"https:\/\/schema.org","@graph":[{"@type":"NewsArticle","@id":"https:\/\/www.gaveanews.com\/index.php\/2024\/11\/13\/ele-estava-esquecido-no-palmeiras-mas-agora-pode-cravar-sua-vaga-no-time-titular\/#article","isPartOf":{"@id":"https:\/\/www.gaveanews.com\/index.php\/2024\/11\/13\/ele-estava-esquecido-no-palmeiras-mas-agora-pode-cravar-sua-vaga-no-time-titular\/"},"author":{"name":"D\u00e9bora Figueiredo","@id":"https:\/\/www.gaveanews.com\/#\/schema\/person\/37122681a8575a5c8db05a56f099a5e4"},"headline":"Ele estava esquecido no Palmeiras mas agora pode cravar sua vaga no time titular","datePublished":"2024-11-13T17:50:00+00:00","mainEntityOfPage":{"@id":"https:\/\/www.gaveanews.com\/index.php\/2024\/11\/13\/ele-estava-esquecido-no-palmeiras-mas-agora-pode-cravar-sua-vaga-no-time-titular\/"},"wordCount":514,"commentCount":0,"image":{"@id":"https:\/\/www.gaveanews.com\/index.php\/2024\/11\/13\/ele-estava-esquecido-no-palmeiras-mas-agora-pode-cravar-sua-vaga-no-time-titular\/#primaryimage"},"thumbnailUrl":"https:\/\/www.gaveanews.com\/wp-content\/uploads\/Jogadores-do-Palmeiras-reunidos-durante-partida-da-Copa-do-Brasil-2024.webp","articleSection":["Palmeiras"],"inLanguage":"pt-BR","potentialAction":[{"@type":"CommentAction","name":"Comment","target":["https:\/\/www.gaveanews.com\/index.php\/2024\/11\/13\/ele-estava-esquecido-no-palmeiras-mas-agora-pode-cravar-sua-vaga-no-time-titular\/#respond"]}],"copyrightYear":"2024","copyrightHolder":{"@id":"https:\/\/www.gaveanews.com\/#organization"}},{"@type":"WebPage","@id":"https:\/\/www.gaveanews.com\/index.php\/2024\/11\/13\/ele-estava-esquecido-no-palmeiras-mas-agora-pode-cravar-sua-vaga-no-time-titular\/","url":"https:\/\/www.gaveanews.com\/index.php\/2024\/11\/13\/ele-estava-esquecido-no-palmeiras-mas-agora-pode-cravar-sua-vaga-no-time-titular\/","name":"Ele estava esquecido no Palmeiras mas agora pode cravar sua vaga no time titular","isPartOf":{"@id":"https:\/\/www.gaveanews.com\/#website"},"primaryImageOfPage":{"@id":"https:\/\/www.gaveanews.com\/index.php\/2024\/11\/13\/ele-estava-esquecido-no-palmeiras-mas-agora-pode-cravar-sua-vaga-no-time-titular\/#primaryimage"},"image":{"@id":"https:\/\/www.gaveanews.com\/index.php\/2024\/11\/13\/ele-estava-esquecido-no-palmeiras-mas-agora-pode-cravar-sua-vaga-no-time-titular\/#primaryimage"},"thumbnailUrl":"https:\/\/www.gaveanews.com\/wp-content\/uploads\/Jogadores-do-Palmeiras-reunidos-durante-partida-da-Copa-do-Brasil-2024.webp","datePublished":"2024-11-13T17:50:00+00:00","author":{"@id":"https:\/\/www.gaveanews.com\/#\/schema\/person\/37122681a8575a5c8db05a56f099a5e4"},"description":"Ele estava esquecido no Palmeiras mas agora pode cravar sua vaga no time titular","breadcrumb":{"@id":"https:\/\/www.gaveanews.com\/index.php\/2024\/11\/13\/ele-estava-esquecido-no-palmeiras-mas-agora-pode-cravar-sua-vaga-no-time-titular\/#breadcrumb"},"inLanguage":"pt-BR","potentialAction":[{"@type":"ReadAction","target":["https:\/\/www.gaveanews.com\/index.php\/2024\/11\/13\/ele-estava-esquecido-no-palmeiras-mas-agora-pode-cravar-sua-vaga-no-time-titular\/"]}]},{"@type":"ImageObject","inLanguage":"pt-BR","@id":"https:\/\/www.gaveanews.com\/index.php\/2024\/11\/13\/ele-estava-esquecido-no-palmeiras-mas-agora-pode-cravar-sua-vaga-no-time-titular\/#primaryimage","url":"https:\/\/www.gaveanews.com\/wp-content\/uploads\/Jogadores-do-Palmeiras-reunidos-durante-partida-da-Copa-do-Brasil-2024.webp","contentUrl":"https:\/\/www.gaveanews.com\/wp-content\/uploads\/Jogadores-do-Palmeiras-reunidos-durante-partida-da-Copa-do-Brasil-2024.webp","width":1187,"height":792,"caption":"Jogadores do Palmeiras reunidos durante partida da Copa do Brasil 2024 (Foto: Reprodu\u00e7\u00e3o\/Palmeiras)"},{"@type":"BreadcrumbList","@id":"https:\/\/www.gaveanews.com\/index.php\/2024\/11\/13\/ele-estava-esquecido-no-palmeiras-mas-agora-pode-cravar-sua-vaga-no-time-titular\/#breadcrumb","itemListElement":[{"@type":"ListItem","position":1,"name":"Home","item":"https:\/\/www.gaveanews.com\/"},{"@type":"ListItem","position":2,"name":"Ele estava esquecido no Palmeiras mas agora pode cravar sua vaga no time titular"}]},{"@type":"WebSite","@id":"https:\/\/www.gaveanews.com\/#website","url":"https:\/\/www.gaveanews.com\/","name":"G\u00e1vea News","description":"Veja todas as not\u00edcias sobre o Flamengo: Contrata\u00e7\u00f5es, categorias de base, resultados das partidas, tabela de classifica\u00e7\u00e3o, pr\u00f3ximos jogos!","potentialAction":[{"@type":"SearchAction","target":{"@type":"EntryPoint","urlTemplate":"https:\/\/www.gaveanews.com\/?s={search_term_string}"},"query-input":{"@type":"PropertyValueSpecification","valueRequired":true,"valueName":"search_term_string"}}],"inLanguage":"pt-BR"},{"@type":"Person","@id":"https:\/\/www.gaveanews.com\/#\/schema\/person\/37122681a8575a5c8db05a56f099a5e4","name":"D\u00e9bora Figueiredo","image":{"@type":"ImageObject","inLanguage":"pt-BR","@id":"https:\/\/www.gaveanews.com\/#\/schema\/person\/image\/","url":"https:\/\/secure.gravatar.com\/avatar\/1f44802859351588499d26f52aed1d15796ce17e67602895b72837c08018868d?s=96&d=mm&r=g","contentUrl":"https:\/\/secure.gravatar.com\/avatar\/1f44802859351588499d26f52aed1d15796ce17e67602895b72837c08018868d?s=96&d=mm&r=g","caption":"D\u00e9bora Figueiredo"}}]}},"_links":{"self":[{"href":"https:\/\/www.gaveanews.com\/index.php\/wp-json\/wp\/v2\/posts\/184781","targetHints":{"allow":["GET"]}}],"collection":[{"href":"https:\/\/www.gaveanews.com\/index.php\/wp-json\/wp\/v2\/posts"}],"about":[{"href":"https:\/\/www.gaveanews.com\/index.php\/wp-json\/wp\/v2\/types\/post"}],"author":[{"embeddable":true,"href":"https:\/\/www.gaveanews.com\/index.php\/wp-json\/wp\/v2\/users\/16"}],"replies":[{"embeddable":true,"href":"https:\/\/www.gaveanews.com\/index.php\/wp-json\/wp\/v2\/comments?post=184781"}],"version-history":[{"count":2,"href":"https:\/\/www.gaveanews.com\/index.php\/wp-json\/wp\/v2\/posts\/184781\/revisions"}],"predecessor-version":[{"id":184834,"href":"https:\/\/www.gaveanews.com\/index.php\/wp-json\/wp\/v2\/posts\/184781\/revisions\/184834"}],"wp:featuredmedia":[{"embeddable":true,"href":"https:\/\/www.gaveanews.com\/index.php\/wp-json\/wp\/v2\/media\/158317"}],"wp:attachment":[{"href":"https:\/\/www.gaveanews.com\/index.php\/wp-json\/wp\/v2\/media?parent=184781"}],"wp:term":[{"taxonomy":"category","embeddable":true,"href":"https:\/\/www.gaveanews.com\/index.php\/wp-json\/wp\/v2\/categories?post=184781"},{"taxonomy":"post_tag","embeddable":true,"href":"https:\/\/www.gaveanews.com\/index.php\/wp-json\/wp\/v2\/tags?post=184781"}],"curies":[{"name":"wp","href":"https:\/\/api.w.org\/{rel}","templated":true}]}}