{"id":184823,"date":"2024-11-13T15:20:37","date_gmt":"2024-11-13T18:20:37","guid":{"rendered":"https:\/\/www.gaveanews.com\/?p=184823"},"modified":"2024-11-13T15:20:58","modified_gmt":"2024-11-13T18:20:58","slug":"craque-neto-crava-os-times-rebaixados-no-brasileirao","status":"publish","type":"post","link":"https:\/\/www.gaveanews.com\/index.php\/2024\/11\/13\/craque-neto-crava-os-times-rebaixados-no-brasileirao\/","title":{"rendered":"Craque Neto crava os times rebaixados no Brasileir\u00e3o"},"content":{"rendered":"\n<p>Craque Neto, ao vivo nos Donos da Bola desta quarta-feira (13), abriu o jogo sobre as equipes que ele acredita que ser\u00e3o rebaixadas no Brasileir\u00e3o S\u00e9rie A deste ano.<\/p>\n\n\n\n<p>Sincero, Neto j\u00e1 cravou duas equipes que est\u00e3o em uma situa\u00e7\u00e3o considerada imposs\u00edvel de reverter: Cuiab\u00e1 e Atl\u00e9tico Goianiense:<\/p>\n\n\n\n<ul class=\"wp-block-list\">\n<li><a href=\"https:\/\/www.gaveanews.com\/index.php\/2024\/11\/13\/volta-de-neymar-declaracao-de-neto-e-situacao-envolvendo-carille-e-o-presidente-as-ultimas-noticias-do-santos\/\">Volta de Neymar, declara\u00e7\u00e3o de Neto e situa\u00e7\u00e3o envolvendo Carille e o presidente: as \u00faltimas not\u00edcias do Santos<\/a><\/li>\n\n\n\n<li><a href=\"https:\/\/www.gaveanews.com\/index.php\/2024\/11\/12\/craque-neto-pede-convocacao-de-atacante-do-corinthians\/\">Craque Neto pede convoca\u00e7\u00e3o de atacante do Corinthians<\/a><\/li>\n<\/ul>\n\n\n\n<p>\u201cAtl\u00e9tico-GO pra mim j\u00e1 caiu, o Cuiab\u00e1 j\u00e1 caiu&#8221;, disse o Craque Neto. Mas, ele tamb\u00e9m colocou uma terceira equipe que, para ele, n\u00e3o conseguir\u00e1 fugir do rebaixamento, o Juventude: &#8220;e o Juventude vai cair. Isso \u00e9 um pensamento meu\u201d<\/p>\n\n\n\n<p>Neto deixou em aberto a \u00faltima vaga. O Brasileir\u00e3o desse ano est\u00e1 muito disputado principalmente na parte de baixo da tabela.<\/p>\n\n\n\n<p>Atualmente, quatro equipes est\u00e3o dentro da zona de rebaixamento: Atl\u00e9tico Goianiense em 20\u00ba, Cuiab\u00e1 em 19\u00ba, Athletico Paranaense em 18\u00ba e Bragantino em 17\u00ba.<\/p>\n\n\n\n<p>Fora da zona de rebaixamento est\u00e3o: Juventude em 16\u00ba, Crici\u00fama em 15\u00ba, Fluminense em 14\u00ba e Vit\u00f3ria em 13\u00ba.<\/p>\n\n\n\n<p>Do Bragantino, primeira equipe dentro da zona de rebaixamento, para o Vit\u00f3ria, \u00faltima equipe dentro da zona de classifica\u00e7\u00e3o para a Sul Americana de 2025, apenas 2 pontos separam.<\/p>\n\n\n\n<p>O que mais agrava s\u00e3o as situa\u00e7\u00f5es das equipes. O Athletico Paranaense venceu 1 das \u00faltimas 5 partidas, tendo 4 derrotas nessa sequ\u00eancia.<\/p>\n\n\n\n<p>O Bragantino perdeu 2 e empatou 3 nos \u00faltimos 5 jogos. O Juventude somou uma vit\u00f3ria, um empate e tr\u00eas derrotas.<\/p>\n\n\n\n<p>O Corinthians, por exemplo, que ficou praticamente o campeonato todo entrando e saindo da zona de rebaixamento, est\u00e1, atualmente, na 10\u00aa posi\u00e7\u00e3o h\u00e1 4 pontos de se garantir matematicamente na S\u00e9rie A de 2025 porque conseguiu uma sequ\u00eancia de 4 vit\u00f3rias e 1 empate nos \u00faltimos 5 jogos.<\/p>\n\n\n\n<h2 class=\"wp-block-heading\" id=\"h-qual-a-proxima-partida-do-juventude\">Qual a pr\u00f3xima partida do Juventude?<\/h2>\n\n\n\n<p>O Juventude, 3\u00ba equipe que, para Neto, ser\u00e1 a rebaixada no Brasileir\u00e3o desse ano, volta a campo no pr\u00f3ximo dia 20 de novembro \u00e0s 19 horas no hor\u00e1rio de Bras\u00edlia para enfrentar a equipe do Gr\u00eamio.<\/p>\n","protected":false},"excerpt":{"rendered":"<p>Craque Neto, ao vivo nos Donos da Bola desta quarta-feira (13), abriu o jogo sobre as equipes que ele acredita que ser\u00e3o rebaixadas no Brasileir\u00e3o S\u00e9rie A deste ano. Sincero, Neto j\u00e1 cravou duas equipes que est\u00e3o em uma situa\u00e7\u00e3o considerada imposs\u00edvel de reverter: Cuiab\u00e1 e Atl\u00e9tico Goianiense: \u201cAtl\u00e9tico-GO pra mim j\u00e1 caiu, o Cuiab\u00e1 [&hellip;]<\/p>\n","protected":false},"author":19,"featured_media":71983,"comment_status":"open","ping_status":"closed","sticky":false,"template":"","format":"standard","meta":{"footnotes":""},"categories":[135,141,144,149],"tags":[],"class_list":["post-184823","post","type-post","status-publish","format-standard","has-post-thumbnail","hentry","category-atletico-go","category-corinthians","category-cuiaba","category-juventude"],"yoast_head":"<!-- This site is optimized with the Yoast SEO Premium plugin v24.2 (Yoast SEO v26.9) - https:\/\/yoast.com\/product\/yoast-seo-premium-wordpress\/ -->\n<title>Craque Neto crava os times rebaixados no Brasileir\u00e3o<\/title>\n<meta name=\"robots\" content=\"index, follow, max-snippet:-1, max-image-preview:large, max-video-preview:-1\" \/>\n<link rel=\"canonical\" href=\"https:\/\/www.gaveanews.com\/index.php\/2024\/11\/13\/craque-neto-crava-os-times-rebaixados-no-brasileirao\/\" \/>\n<meta property=\"og:locale\" content=\"pt_BR\" \/>\n<meta property=\"og:type\" content=\"article\" \/>\n<meta property=\"og:title\" content=\"Craque Neto crava os times rebaixados no Brasileir\u00e3o\" \/>\n<meta property=\"og:description\" content=\"Craque Neto, ao vivo nos Donos da Bola desta quarta-feira (13), abriu o jogo sobre as equipes que ele acredita que ser\u00e3o rebaixadas no Brasileir\u00e3o S\u00e9rie A deste ano. Sincero, Neto j\u00e1 cravou duas equipes que est\u00e3o em uma situa\u00e7\u00e3o considerada imposs\u00edvel de reverter: Cuiab\u00e1 e Atl\u00e9tico Goianiense: \u201cAtl\u00e9tico-GO pra mim j\u00e1 caiu, o Cuiab\u00e1 [&hellip;]\" \/>\n<meta property=\"og:url\" content=\"https:\/\/www.gaveanews.com\/index.php\/2024\/11\/13\/craque-neto-crava-os-times-rebaixados-no-brasileirao\/\" \/>\n<meta property=\"og:site_name\" content=\"G\u00e1vea News\" \/>\n<meta property=\"article:publisher\" content=\"https:\/\/facebook.com\/gaveaNews\/\" \/>\n<meta property=\"article:published_time\" content=\"2024-11-13T18:20:37+00:00\" \/>\n<meta property=\"article:modified_time\" content=\"2024-11-13T18:20:58+00:00\" \/>\n<meta property=\"og:image\" content=\"https:\/\/www.gaveanews.com\/wp-content\/uploads\/Comentarista-Neto-em-programa-da-Band.webp\" \/>\n\t<meta property=\"og:image:width\" content=\"846\" \/>\n\t<meta property=\"og:image:height\" content=\"476\" \/>\n\t<meta property=\"og:image:type\" content=\"image\/jpeg\" \/>\n<meta name=\"author\" content=\"Bruno Zanchetta\" \/>\n<meta name=\"twitter:card\" content=\"summary_large_image\" \/>\n<meta name=\"twitter:label1\" content=\"Escrito por\" \/>\n\t<meta name=\"twitter:data1\" content=\"Bruno Zanchetta\" \/>\n\t<meta name=\"twitter:label2\" content=\"Est. tempo de leitura\" \/>\n\t<meta name=\"twitter:data2\" content=\"3 minutos\" \/>\n<script type=\"application\/ld+json\" class=\"yoast-schema-graph\">{\"@context\":\"https:\/\/schema.org\",\"@graph\":[{\"@type\":\"NewsArticle\",\"@id\":\"https:\/\/www.gaveanews.com\/index.php\/2024\/11\/13\/craque-neto-crava-os-times-rebaixados-no-brasileirao\/#article\",\"isPartOf\":{\"@id\":\"https:\/\/www.gaveanews.com\/index.php\/2024\/11\/13\/craque-neto-crava-os-times-rebaixados-no-brasileirao\/\"},\"author\":{\"name\":\"Bruno Zanchetta\",\"@id\":\"https:\/\/www.gaveanews.com\/#\/schema\/person\/32fddefab25b466689f181be346cd98c\"},\"headline\":\"Craque Neto crava os times rebaixados no Brasileir\u00e3o\",\"datePublished\":\"2024-11-13T18:20:37+00:00\",\"dateModified\":\"2024-11-13T18:20:58+00:00\",\"mainEntityOfPage\":{\"@id\":\"https:\/\/www.gaveanews.com\/index.php\/2024\/11\/13\/craque-neto-crava-os-times-rebaixados-no-brasileirao\/\"},\"wordCount\":360,\"commentCount\":0,\"image\":{\"@id\":\"https:\/\/www.gaveanews.com\/index.php\/2024\/11\/13\/craque-neto-crava-os-times-rebaixados-no-brasileirao\/#primaryimage\"},\"thumbnailUrl\":\"https:\/\/www.gaveanews.com\/wp-content\/uploads\/Comentarista-Neto-em-programa-da-Band.webp\",\"articleSection\":[\"Atl\u00e9tico-GO\",\"Corinthians\",\"Cuiab\u00e1\",\"Juventude\"],\"inLanguage\":\"pt-BR\",\"potentialAction\":[{\"@type\":\"CommentAction\",\"name\":\"Comment\",\"target\":[\"https:\/\/www.gaveanews.com\/index.php\/2024\/11\/13\/craque-neto-crava-os-times-rebaixados-no-brasileirao\/#respond\"]}],\"copyrightYear\":\"2024\",\"copyrightHolder\":{\"@id\":\"https:\/\/www.gaveanews.com\/#organization\"}},{\"@type\":\"WebPage\",\"@id\":\"https:\/\/www.gaveanews.com\/index.php\/2024\/11\/13\/craque-neto-crava-os-times-rebaixados-no-brasileirao\/\",\"url\":\"https:\/\/www.gaveanews.com\/index.php\/2024\/11\/13\/craque-neto-crava-os-times-rebaixados-no-brasileirao\/\",\"name\":\"Craque Neto crava os times rebaixados no Brasileir\u00e3o\",\"isPartOf\":{\"@id\":\"https:\/\/www.gaveanews.com\/#website\"},\"primaryImageOfPage\":{\"@id\":\"https:\/\/www.gaveanews.com\/index.php\/2024\/11\/13\/craque-neto-crava-os-times-rebaixados-no-brasileirao\/#primaryimage\"},\"image\":{\"@id\":\"https:\/\/www.gaveanews.com\/index.php\/2024\/11\/13\/craque-neto-crava-os-times-rebaixados-no-brasileirao\/#primaryimage\"},\"thumbnailUrl\":\"https:\/\/www.gaveanews.com\/wp-content\/uploads\/Comentarista-Neto-em-programa-da-Band.webp\",\"datePublished\":\"2024-11-13T18:20:37+00:00\",\"dateModified\":\"2024-11-13T18:20:58+00:00\",\"author\":{\"@id\":\"https:\/\/www.gaveanews.com\/#\/schema\/person\/32fddefab25b466689f181be346cd98c\"},\"breadcrumb\":{\"@id\":\"https:\/\/www.gaveanews.com\/index.php\/2024\/11\/13\/craque-neto-crava-os-times-rebaixados-no-brasileirao\/#breadcrumb\"},\"inLanguage\":\"pt-BR\",\"potentialAction\":[{\"@type\":\"ReadAction\",\"target\":[\"https:\/\/www.gaveanews.com\/index.php\/2024\/11\/13\/craque-neto-crava-os-times-rebaixados-no-brasileirao\/\"]}]},{\"@type\":\"ImageObject\",\"inLanguage\":\"pt-BR\",\"@id\":\"https:\/\/www.gaveanews.com\/index.php\/2024\/11\/13\/craque-neto-crava-os-times-rebaixados-no-brasileirao\/#primaryimage\",\"url\":\"https:\/\/www.gaveanews.com\/wp-content\/uploads\/Comentarista-Neto-em-programa-da-Band.webp\",\"contentUrl\":\"https:\/\/www.gaveanews.com\/wp-content\/uploads\/Comentarista-Neto-em-programa-da-Band.webp\",\"width\":846,\"height\":476,\"caption\":\"Comentarista Neto em programa da Band (Foto: Reprodu\u00e7\u00e3o\/Band)\"},{\"@type\":\"BreadcrumbList\",\"@id\":\"https:\/\/www.gaveanews.com\/index.php\/2024\/11\/13\/craque-neto-crava-os-times-rebaixados-no-brasileirao\/#breadcrumb\",\"itemListElement\":[{\"@type\":\"ListItem\",\"position\":1,\"name\":\"Home\",\"item\":\"https:\/\/www.gaveanews.com\/\"},{\"@type\":\"ListItem\",\"position\":2,\"name\":\"Craque Neto crava os times rebaixados no Brasileir\u00e3o\"}]},{\"@type\":\"WebSite\",\"@id\":\"https:\/\/www.gaveanews.com\/#website\",\"url\":\"https:\/\/www.gaveanews.com\/\",\"name\":\"G\u00e1vea News\",\"description\":\"Veja todas as not\u00edcias sobre o Flamengo: Contrata\u00e7\u00f5es, categorias de base, resultados das partidas, tabela de classifica\u00e7\u00e3o, pr\u00f3ximos jogos!\",\"potentialAction\":[{\"@type\":\"SearchAction\",\"target\":{\"@type\":\"EntryPoint\",\"urlTemplate\":\"https:\/\/www.gaveanews.com\/?s={search_term_string}\"},\"query-input\":{\"@type\":\"PropertyValueSpecification\",\"valueRequired\":true,\"valueName\":\"search_term_string\"}}],\"inLanguage\":\"pt-BR\"},{\"@type\":\"Person\",\"@id\":\"https:\/\/www.gaveanews.com\/#\/schema\/person\/32fddefab25b466689f181be346cd98c\",\"name\":\"Bruno Zanchetta\",\"image\":{\"@type\":\"ImageObject\",\"inLanguage\":\"pt-BR\",\"@id\":\"https:\/\/www.gaveanews.com\/#\/schema\/person\/image\/\",\"url\":\"https:\/\/secure.gravatar.com\/avatar\/3ba2d39f8a912ad65276975a996d6ad8d9e3dd13448684be8dc4d7c17099d2ee?s=96&d=mm&r=g\",\"contentUrl\":\"https:\/\/secure.gravatar.com\/avatar\/3ba2d39f8a912ad65276975a996d6ad8d9e3dd13448684be8dc4d7c17099d2ee?s=96&d=mm&r=g\",\"caption\":\"Bruno Zanchetta\"}}]}<\/script>\n<!-- \/ Yoast SEO Premium plugin. -->","yoast_head_json":{"title":"Craque Neto crava os times rebaixados no Brasileir\u00e3o","robots":{"index":"index","follow":"follow","max-snippet":"max-snippet:-1","max-image-preview":"max-image-preview:large","max-video-preview":"max-video-preview:-1"},"canonical":"https:\/\/www.gaveanews.com\/index.php\/2024\/11\/13\/craque-neto-crava-os-times-rebaixados-no-brasileirao\/","og_locale":"pt_BR","og_type":"article","og_title":"Craque Neto crava os times rebaixados no Brasileir\u00e3o","og_description":"Craque Neto, ao vivo nos Donos da Bola desta quarta-feira (13), abriu o jogo sobre as equipes que ele acredita que ser\u00e3o rebaixadas no Brasileir\u00e3o S\u00e9rie A deste ano. Sincero, Neto j\u00e1 cravou duas equipes que est\u00e3o em uma situa\u00e7\u00e3o considerada imposs\u00edvel de reverter: Cuiab\u00e1 e Atl\u00e9tico Goianiense: \u201cAtl\u00e9tico-GO pra mim j\u00e1 caiu, o Cuiab\u00e1 [&hellip;]","og_url":"https:\/\/www.gaveanews.com\/index.php\/2024\/11\/13\/craque-neto-crava-os-times-rebaixados-no-brasileirao\/","og_site_name":"G\u00e1vea News","article_publisher":"https:\/\/facebook.com\/gaveaNews\/","article_published_time":"2024-11-13T18:20:37+00:00","article_modified_time":"2024-11-13T18:20:58+00:00","og_image":[{"width":846,"height":476,"url":"https:\/\/www.gaveanews.com\/wp-content\/uploads\/Comentarista-Neto-em-programa-da-Band.webp","type":"image\/jpeg"}],"author":"Bruno Zanchetta","twitter_card":"summary_large_image","twitter_misc":{"Escrito por":"Bruno Zanchetta","Est. tempo de leitura":"3 minutos"},"schema":{"@context":"https:\/\/schema.org","@graph":[{"@type":"NewsArticle","@id":"https:\/\/www.gaveanews.com\/index.php\/2024\/11\/13\/craque-neto-crava-os-times-rebaixados-no-brasileirao\/#article","isPartOf":{"@id":"https:\/\/www.gaveanews.com\/index.php\/2024\/11\/13\/craque-neto-crava-os-times-rebaixados-no-brasileirao\/"},"author":{"name":"Bruno Zanchetta","@id":"https:\/\/www.gaveanews.com\/#\/schema\/person\/32fddefab25b466689f181be346cd98c"},"headline":"Craque Neto crava os times rebaixados no Brasileir\u00e3o","datePublished":"2024-11-13T18:20:37+00:00","dateModified":"2024-11-13T18:20:58+00:00","mainEntityOfPage":{"@id":"https:\/\/www.gaveanews.com\/index.php\/2024\/11\/13\/craque-neto-crava-os-times-rebaixados-no-brasileirao\/"},"wordCount":360,"commentCount":0,"image":{"@id":"https:\/\/www.gaveanews.com\/index.php\/2024\/11\/13\/craque-neto-crava-os-times-rebaixados-no-brasileirao\/#primaryimage"},"thumbnailUrl":"https:\/\/www.gaveanews.com\/wp-content\/uploads\/Comentarista-Neto-em-programa-da-Band.webp","articleSection":["Atl\u00e9tico-GO","Corinthians","Cuiab\u00e1","Juventude"],"inLanguage":"pt-BR","potentialAction":[{"@type":"CommentAction","name":"Comment","target":["https:\/\/www.gaveanews.com\/index.php\/2024\/11\/13\/craque-neto-crava-os-times-rebaixados-no-brasileirao\/#respond"]}],"copyrightYear":"2024","copyrightHolder":{"@id":"https:\/\/www.gaveanews.com\/#organization"}},{"@type":"WebPage","@id":"https:\/\/www.gaveanews.com\/index.php\/2024\/11\/13\/craque-neto-crava-os-times-rebaixados-no-brasileirao\/","url":"https:\/\/www.gaveanews.com\/index.php\/2024\/11\/13\/craque-neto-crava-os-times-rebaixados-no-brasileirao\/","name":"Craque Neto crava os times rebaixados no Brasileir\u00e3o","isPartOf":{"@id":"https:\/\/www.gaveanews.com\/#website"},"primaryImageOfPage":{"@id":"https:\/\/www.gaveanews.com\/index.php\/2024\/11\/13\/craque-neto-crava-os-times-rebaixados-no-brasileirao\/#primaryimage"},"image":{"@id":"https:\/\/www.gaveanews.com\/index.php\/2024\/11\/13\/craque-neto-crava-os-times-rebaixados-no-brasileirao\/#primaryimage"},"thumbnailUrl":"https:\/\/www.gaveanews.com\/wp-content\/uploads\/Comentarista-Neto-em-programa-da-Band.webp","datePublished":"2024-11-13T18:20:37+00:00","dateModified":"2024-11-13T18:20:58+00:00","author":{"@id":"https:\/\/www.gaveanews.com\/#\/schema\/person\/32fddefab25b466689f181be346cd98c"},"breadcrumb":{"@id":"https:\/\/www.gaveanews.com\/index.php\/2024\/11\/13\/craque-neto-crava-os-times-rebaixados-no-brasileirao\/#breadcrumb"},"inLanguage":"pt-BR","potentialAction":[{"@type":"ReadAction","target":["https:\/\/www.gaveanews.com\/index.php\/2024\/11\/13\/craque-neto-crava-os-times-rebaixados-no-brasileirao\/"]}]},{"@type":"ImageObject","inLanguage":"pt-BR","@id":"https:\/\/www.gaveanews.com\/index.php\/2024\/11\/13\/craque-neto-crava-os-times-rebaixados-no-brasileirao\/#primaryimage","url":"https:\/\/www.gaveanews.com\/wp-content\/uploads\/Comentarista-Neto-em-programa-da-Band.webp","contentUrl":"https:\/\/www.gaveanews.com\/wp-content\/uploads\/Comentarista-Neto-em-programa-da-Band.webp","width":846,"height":476,"caption":"Comentarista Neto em programa da Band (Foto: Reprodu\u00e7\u00e3o\/Band)"},{"@type":"BreadcrumbList","@id":"https:\/\/www.gaveanews.com\/index.php\/2024\/11\/13\/craque-neto-crava-os-times-rebaixados-no-brasileirao\/#breadcrumb","itemListElement":[{"@type":"ListItem","position":1,"name":"Home","item":"https:\/\/www.gaveanews.com\/"},{"@type":"ListItem","position":2,"name":"Craque Neto crava os times rebaixados no Brasileir\u00e3o"}]},{"@type":"WebSite","@id":"https:\/\/www.gaveanews.com\/#website","url":"https:\/\/www.gaveanews.com\/","name":"G\u00e1vea News","description":"Veja todas as not\u00edcias sobre o Flamengo: Contrata\u00e7\u00f5es, categorias de base, resultados das partidas, tabela de classifica\u00e7\u00e3o, pr\u00f3ximos jogos!","potentialAction":[{"@type":"SearchAction","target":{"@type":"EntryPoint","urlTemplate":"https:\/\/www.gaveanews.com\/?s={search_term_string}"},"query-input":{"@type":"PropertyValueSpecification","valueRequired":true,"valueName":"search_term_string"}}],"inLanguage":"pt-BR"},{"@type":"Person","@id":"https:\/\/www.gaveanews.com\/#\/schema\/person\/32fddefab25b466689f181be346cd98c","name":"Bruno Zanchetta","image":{"@type":"ImageObject","inLanguage":"pt-BR","@id":"https:\/\/www.gaveanews.com\/#\/schema\/person\/image\/","url":"https:\/\/secure.gravatar.com\/avatar\/3ba2d39f8a912ad65276975a996d6ad8d9e3dd13448684be8dc4d7c17099d2ee?s=96&d=mm&r=g","contentUrl":"https:\/\/secure.gravatar.com\/avatar\/3ba2d39f8a912ad65276975a996d6ad8d9e3dd13448684be8dc4d7c17099d2ee?s=96&d=mm&r=g","caption":"Bruno Zanchetta"}}]}},"_links":{"self":[{"href":"https:\/\/www.gaveanews.com\/index.php\/wp-json\/wp\/v2\/posts\/184823","targetHints":{"allow":["GET"]}}],"collection":[{"href":"https:\/\/www.gaveanews.com\/index.php\/wp-json\/wp\/v2\/posts"}],"about":[{"href":"https:\/\/www.gaveanews.com\/index.php\/wp-json\/wp\/v2\/types\/post"}],"author":[{"embeddable":true,"href":"https:\/\/www.gaveanews.com\/index.php\/wp-json\/wp\/v2\/users\/19"}],"replies":[{"embeddable":true,"href":"https:\/\/www.gaveanews.com\/index.php\/wp-json\/wp\/v2\/comments?post=184823"}],"version-history":[{"count":2,"href":"https:\/\/www.gaveanews.com\/index.php\/wp-json\/wp\/v2\/posts\/184823\/revisions"}],"predecessor-version":[{"id":184870,"href":"https:\/\/www.gaveanews.com\/index.php\/wp-json\/wp\/v2\/posts\/184823\/revisions\/184870"}],"wp:featuredmedia":[{"embeddable":true,"href":"https:\/\/www.gaveanews.com\/index.php\/wp-json\/wp\/v2\/media\/71983"}],"wp:attachment":[{"href":"https:\/\/www.gaveanews.com\/index.php\/wp-json\/wp\/v2\/media?parent=184823"}],"wp:term":[{"taxonomy":"category","embeddable":true,"href":"https:\/\/www.gaveanews.com\/index.php\/wp-json\/wp\/v2\/categories?post=184823"},{"taxonomy":"post_tag","embeddable":true,"href":"https:\/\/www.gaveanews.com\/index.php\/wp-json\/wp\/v2\/tags?post=184823"}],"curies":[{"name":"wp","href":"https:\/\/api.w.org\/{rel}","templated":true}]}}