{"id":184826,"date":"2024-11-13T15:35:00","date_gmt":"2024-11-13T18:35:00","guid":{"rendered":"https:\/\/www.gaveanews.com\/?p=184826"},"modified":"2024-11-13T15:24:46","modified_gmt":"2024-11-13T18:24:46","slug":"real-madrid-define-substituto-para-toni-kroos","status":"publish","type":"post","link":"https:\/\/www.gaveanews.com\/index.php\/2024\/11\/13\/real-madrid-define-substituto-para-toni-kroos\/","title":{"rendered":"Real Madrid define substituto para Toni Kroos"},"content":{"rendered":"\n<p>Toni Kroos se despediu do futebol Europeu no fim da temporada 2023\/2024, com o fim da Eurocopa e o t\u00edtulo da Champions League, ele oficialmente deus adeus ao n\u00famero 8 do clube merengue.<\/p>\n\n\n\n<p>Na sua despedida, Toni Kroos disse que queria que a camisa 8 fosse herdada por Valverde, Uruguaio que ganhou destaque saindo do banco do Real Madrid ao longo da temporada.<\/p>\n\n\n\n<ul class=\"wp-block-list\">\n<li><a href=\"https:\/\/www.gaveanews.com\/index.php\/2024\/11\/13\/situacao-envolvendo-vini-jr-declaracao-de-luxemburgo-e-substituto-de-militao-as-ultimas-noticias-do-real-madrid\/\">Situa\u00e7\u00e3o envolvendo Vini Jr, declara\u00e7\u00e3o de Luxemburgo e substituto de Milit\u00e3o: as \u00faltimas not\u00edcias do Real Madrid<\/a><\/li>\n\n\n\n<li><a href=\"https:\/\/www.gaveanews.com\/index.php\/2024\/11\/12\/a-declaracao-de-rodri-direcionada-a-vinicius-jr-do-real-madrid\/\">A declara\u00e7\u00e3o de Rodri direcionada a Vinicius Jr, do Real Madrid<\/a><\/li>\n<\/ul>\n\n\n\n<p>Mas, vendo que o in\u00edcio do &#8216;novo Real Madrid&#8217;, com Bellingham, Vini Jr, Endrick, Rodrygo e Valverde n\u00e3o tem sido positivo, a diretoria quer ir atr\u00e1s do dito &#8216;Novo Toni Kroos&#8217;.<\/p>\n\n\n\n<p>Segundo a ESPN, o Real Madrid intensificou as conversas para ter <strong>Florian Wirtz<\/strong>, do&nbsp;<strong>Bayer Leverkusen<\/strong>, um dos grandes destaques da equipe comandada por Xabi Alonso.<\/p>\n\n\n\n<p>Al\u00e9m disso, o Real Madrid v\u00ea a defesa como um dos maiores problemas, e busca contratar Trent Alexander-Arnold, do&nbsp;Liverpool.<\/p>\n\n\n\n<figure class=\"wp-block-image size-large\"><img loading=\"lazy\" decoding=\"async\" width=\"1024\" height=\"819\" src=\"https:\/\/www.gaveanews.com\/wp-content\/uploads\/Florian-Wirtz-em-acao-pela-Alemanha-1024x819.webp\" alt=\"\" class=\"wp-image-110226\" srcset=\"https:\/\/www.gaveanews.com\/wp-content\/uploads\/Florian-Wirtz-em-acao-pela-Alemanha-1024x819.webp 1024w, https:\/\/www.gaveanews.com\/wp-content\/uploads\/Florian-Wirtz-em-acao-pela-Alemanha-300x240.webp 300w, https:\/\/www.gaveanews.com\/wp-content\/uploads\/Florian-Wirtz-em-acao-pela-Alemanha-768x614.webp 768w, https:\/\/www.gaveanews.com\/wp-content\/uploads\/Florian-Wirtz-em-acao-pela-Alemanha-525x420.webp 525w, https:\/\/www.gaveanews.com\/wp-content\/uploads\/Florian-Wirtz-em-acao-pela-Alemanha-1050x840.webp 1050w, https:\/\/www.gaveanews.com\/wp-content\/uploads\/Florian-Wirtz-em-acao-pela-Alemanha-640x512.webp 640w, https:\/\/www.gaveanews.com\/wp-content\/uploads\/Florian-Wirtz-em-acao-pela-Alemanha-681x545.webp 681w, https:\/\/www.gaveanews.com\/wp-content\/uploads\/Florian-Wirtz-em-acao-pela-Alemanha-100x80.webp 100w, https:\/\/www.gaveanews.com\/wp-content\/uploads\/Florian-Wirtz-em-acao-pela-Alemanha.webp 1080w\" sizes=\"auto, (max-width: 1024px) 100vw, 1024px\" \/><figcaption class=\"wp-element-caption\">Florian Wirtz em a\u00e7\u00e3o pela Alemanha (Foto: Reprodu\u00e7\u00e3o\/Instagram)<\/figcaption><\/figure>\n\n\n\n<p>Fontes ligadas ao Real Madrid confirmar o interesse, mas entendem que a situa\u00e7\u00e3o n\u00e3o pode ser f\u00e1cil. O Bayer Leverkusen pode pedir um valor muito alto para vender o camisa 10.<\/p>\n\n\n\n<p>O Real Madrid n\u00e3o tem pressa e pode esperar at\u00e9 o final da temporada para tentar um pr\u00e9-contrato com o jogador, por ele ser jovem, o clube entende que ele pode se desenvolver na Espanha.<\/p>\n\n\n\n<p>Al\u00e9m disso, o Real Madrid ainda deposita as fichas na experi\u00eancia de Modric e no crescimento de Valverde como titular da posi\u00e7\u00e3o.<\/p>\n\n\n\n<p>Fora isso, quer que Arda G\u00fcller e Ceballos se desenvolvam para conseguir com que eles rendam o esperado vestindo as cores do clube.<\/p>\n\n\n\n<h2 class=\"wp-block-heading\" id=\"h-qual-a-proxima-partida-do-real-madrid\">Qual a pr\u00f3xima partida do Real Madrid?<\/h2>\n\n\n\n<p>Ap\u00f3s a pausa da Data FIFA, o Real Madrid retorna a campo apenas no dia 24 de novembro para enfrentar a equipe do Legan\u00e9s pelo Campeonato Espanhol, fora de casa.<\/p>\n","protected":false},"excerpt":{"rendered":"<p>Toni Kroos se despediu do futebol Europeu no fim da temporada 2023\/2024, com o fim da Eurocopa e o t\u00edtulo da Champions League, ele oficialmente deus adeus ao n\u00famero 8 do clube merengue. Na sua despedida, Toni Kroos disse que queria que a camisa 8 fosse herdada por Valverde, Uruguaio que ganhou destaque saindo do [&hellip;]<\/p>\n","protected":false},"author":19,"featured_media":126875,"comment_status":"open","ping_status":"closed","sticky":false,"template":"","format":"standard","meta":{"footnotes":""},"categories":[88],"tags":[],"class_list":["post-184826","post","type-post","status-publish","format-standard","has-post-thumbnail","hentry","category-real-madrid"],"yoast_head":"<!-- This site is optimized with the Yoast SEO Premium plugin v24.2 (Yoast SEO v26.9) - https:\/\/yoast.com\/product\/yoast-seo-premium-wordpress\/ -->\n<title>Real Madrid define substituto para Toni Kroos<\/title>\n<meta name=\"robots\" content=\"index, follow, max-snippet:-1, max-image-preview:large, max-video-preview:-1\" \/>\n<link rel=\"canonical\" href=\"https:\/\/www.gaveanews.com\/index.php\/2024\/11\/13\/real-madrid-define-substituto-para-toni-kroos\/\" \/>\n<meta property=\"og:locale\" content=\"pt_BR\" \/>\n<meta property=\"og:type\" content=\"article\" \/>\n<meta property=\"og:title\" content=\"Real Madrid define substituto para Toni Kroos\" \/>\n<meta property=\"og:description\" content=\"Toni Kroos se despediu do futebol Europeu no fim da temporada 2023\/2024, com o fim da Eurocopa e o t\u00edtulo da Champions League, ele oficialmente deus adeus ao n\u00famero 8 do clube merengue. Na sua despedida, Toni Kroos disse que queria que a camisa 8 fosse herdada por Valverde, Uruguaio que ganhou destaque saindo do [&hellip;]\" \/>\n<meta property=\"og:url\" content=\"https:\/\/www.gaveanews.com\/index.php\/2024\/11\/13\/real-madrid-define-substituto-para-toni-kroos\/\" \/>\n<meta property=\"og:site_name\" content=\"G\u00e1vea News\" \/>\n<meta property=\"article:publisher\" content=\"https:\/\/facebook.com\/gaveaNews\/\" \/>\n<meta property=\"article:published_time\" content=\"2024-11-13T18:35:00+00:00\" \/>\n<meta property=\"og:image\" content=\"https:\/\/www.gaveanews.com\/wp-content\/uploads\/toni.kr8s_1707856536648.webp\" \/>\n\t<meta property=\"og:image:width\" content=\"1000\" \/>\n\t<meta property=\"og:image:height\" content=\"666\" \/>\n\t<meta property=\"og:image:type\" content=\"image\/jpeg\" \/>\n<meta name=\"author\" content=\"Bruno Zanchetta\" \/>\n<meta name=\"twitter:card\" content=\"summary_large_image\" \/>\n<meta name=\"twitter:label1\" content=\"Escrito por\" \/>\n\t<meta name=\"twitter:data1\" content=\"Bruno Zanchetta\" \/>\n\t<meta name=\"twitter:label2\" content=\"Est. tempo de leitura\" \/>\n\t<meta name=\"twitter:data2\" content=\"3 minutos\" \/>\n<script type=\"application\/ld+json\" class=\"yoast-schema-graph\">{\"@context\":\"https:\/\/schema.org\",\"@graph\":[{\"@type\":\"NewsArticle\",\"@id\":\"https:\/\/www.gaveanews.com\/index.php\/2024\/11\/13\/real-madrid-define-substituto-para-toni-kroos\/#article\",\"isPartOf\":{\"@id\":\"https:\/\/www.gaveanews.com\/index.php\/2024\/11\/13\/real-madrid-define-substituto-para-toni-kroos\/\"},\"author\":{\"name\":\"Bruno Zanchetta\",\"@id\":\"https:\/\/www.gaveanews.com\/#\/schema\/person\/32fddefab25b466689f181be346cd98c\"},\"headline\":\"Real Madrid define substituto para Toni Kroos\",\"datePublished\":\"2024-11-13T18:35:00+00:00\",\"mainEntityOfPage\":{\"@id\":\"https:\/\/www.gaveanews.com\/index.php\/2024\/11\/13\/real-madrid-define-substituto-para-toni-kroos\/\"},\"wordCount\":354,\"commentCount\":0,\"image\":{\"@id\":\"https:\/\/www.gaveanews.com\/index.php\/2024\/11\/13\/real-madrid-define-substituto-para-toni-kroos\/#primaryimage\"},\"thumbnailUrl\":\"https:\/\/www.gaveanews.com\/wp-content\/uploads\/toni.kr8s_1707856536648.webp\",\"articleSection\":[\"Real Madrid\"],\"inLanguage\":\"pt-BR\",\"potentialAction\":[{\"@type\":\"CommentAction\",\"name\":\"Comment\",\"target\":[\"https:\/\/www.gaveanews.com\/index.php\/2024\/11\/13\/real-madrid-define-substituto-para-toni-kroos\/#respond\"]}],\"copyrightYear\":\"2024\",\"copyrightHolder\":{\"@id\":\"https:\/\/www.gaveanews.com\/#organization\"}},{\"@type\":\"WebPage\",\"@id\":\"https:\/\/www.gaveanews.com\/index.php\/2024\/11\/13\/real-madrid-define-substituto-para-toni-kroos\/\",\"url\":\"https:\/\/www.gaveanews.com\/index.php\/2024\/11\/13\/real-madrid-define-substituto-para-toni-kroos\/\",\"name\":\"Real Madrid define substituto para Toni Kroos\",\"isPartOf\":{\"@id\":\"https:\/\/www.gaveanews.com\/#website\"},\"primaryImageOfPage\":{\"@id\":\"https:\/\/www.gaveanews.com\/index.php\/2024\/11\/13\/real-madrid-define-substituto-para-toni-kroos\/#primaryimage\"},\"image\":{\"@id\":\"https:\/\/www.gaveanews.com\/index.php\/2024\/11\/13\/real-madrid-define-substituto-para-toni-kroos\/#primaryimage\"},\"thumbnailUrl\":\"https:\/\/www.gaveanews.com\/wp-content\/uploads\/toni.kr8s_1707856536648.webp\",\"datePublished\":\"2024-11-13T18:35:00+00:00\",\"author\":{\"@id\":\"https:\/\/www.gaveanews.com\/#\/schema\/person\/32fddefab25b466689f181be346cd98c\"},\"breadcrumb\":{\"@id\":\"https:\/\/www.gaveanews.com\/index.php\/2024\/11\/13\/real-madrid-define-substituto-para-toni-kroos\/#breadcrumb\"},\"inLanguage\":\"pt-BR\",\"potentialAction\":[{\"@type\":\"ReadAction\",\"target\":[\"https:\/\/www.gaveanews.com\/index.php\/2024\/11\/13\/real-madrid-define-substituto-para-toni-kroos\/\"]}]},{\"@type\":\"ImageObject\",\"inLanguage\":\"pt-BR\",\"@id\":\"https:\/\/www.gaveanews.com\/index.php\/2024\/11\/13\/real-madrid-define-substituto-para-toni-kroos\/#primaryimage\",\"url\":\"https:\/\/www.gaveanews.com\/wp-content\/uploads\/toni.kr8s_1707856536648.webp\",\"contentUrl\":\"https:\/\/www.gaveanews.com\/wp-content\/uploads\/toni.kr8s_1707856536648.webp\",\"width\":1000,\"height\":666,\"caption\":\"Toni Kroos em a\u00e7\u00e3o pelo Real Madrid (Foto: Reprodu\u00e7\u00e3o\/Instagram)\"},{\"@type\":\"BreadcrumbList\",\"@id\":\"https:\/\/www.gaveanews.com\/index.php\/2024\/11\/13\/real-madrid-define-substituto-para-toni-kroos\/#breadcrumb\",\"itemListElement\":[{\"@type\":\"ListItem\",\"position\":1,\"name\":\"Home\",\"item\":\"https:\/\/www.gaveanews.com\/\"},{\"@type\":\"ListItem\",\"position\":2,\"name\":\"Real Madrid define substituto para Toni Kroos\"}]},{\"@type\":\"WebSite\",\"@id\":\"https:\/\/www.gaveanews.com\/#website\",\"url\":\"https:\/\/www.gaveanews.com\/\",\"name\":\"G\u00e1vea News\",\"description\":\"Veja todas as not\u00edcias sobre o Flamengo: Contrata\u00e7\u00f5es, categorias de base, resultados das partidas, tabela de classifica\u00e7\u00e3o, pr\u00f3ximos jogos!\",\"potentialAction\":[{\"@type\":\"SearchAction\",\"target\":{\"@type\":\"EntryPoint\",\"urlTemplate\":\"https:\/\/www.gaveanews.com\/?s={search_term_string}\"},\"query-input\":{\"@type\":\"PropertyValueSpecification\",\"valueRequired\":true,\"valueName\":\"search_term_string\"}}],\"inLanguage\":\"pt-BR\"},{\"@type\":\"Person\",\"@id\":\"https:\/\/www.gaveanews.com\/#\/schema\/person\/32fddefab25b466689f181be346cd98c\",\"name\":\"Bruno Zanchetta\",\"image\":{\"@type\":\"ImageObject\",\"inLanguage\":\"pt-BR\",\"@id\":\"https:\/\/www.gaveanews.com\/#\/schema\/person\/image\/\",\"url\":\"https:\/\/secure.gravatar.com\/avatar\/3ba2d39f8a912ad65276975a996d6ad8d9e3dd13448684be8dc4d7c17099d2ee?s=96&d=mm&r=g\",\"contentUrl\":\"https:\/\/secure.gravatar.com\/avatar\/3ba2d39f8a912ad65276975a996d6ad8d9e3dd13448684be8dc4d7c17099d2ee?s=96&d=mm&r=g\",\"caption\":\"Bruno Zanchetta\"}}]}<\/script>\n<!-- \/ Yoast SEO Premium plugin. -->","yoast_head_json":{"title":"Real Madrid define substituto para Toni Kroos","robots":{"index":"index","follow":"follow","max-snippet":"max-snippet:-1","max-image-preview":"max-image-preview:large","max-video-preview":"max-video-preview:-1"},"canonical":"https:\/\/www.gaveanews.com\/index.php\/2024\/11\/13\/real-madrid-define-substituto-para-toni-kroos\/","og_locale":"pt_BR","og_type":"article","og_title":"Real Madrid define substituto para Toni Kroos","og_description":"Toni Kroos se despediu do futebol Europeu no fim da temporada 2023\/2024, com o fim da Eurocopa e o t\u00edtulo da Champions League, ele oficialmente deus adeus ao n\u00famero 8 do clube merengue. Na sua despedida, Toni Kroos disse que queria que a camisa 8 fosse herdada por Valverde, Uruguaio que ganhou destaque saindo do [&hellip;]","og_url":"https:\/\/www.gaveanews.com\/index.php\/2024\/11\/13\/real-madrid-define-substituto-para-toni-kroos\/","og_site_name":"G\u00e1vea News","article_publisher":"https:\/\/facebook.com\/gaveaNews\/","article_published_time":"2024-11-13T18:35:00+00:00","og_image":[{"width":1000,"height":666,"url":"https:\/\/www.gaveanews.com\/wp-content\/uploads\/toni.kr8s_1707856536648.webp","type":"image\/jpeg"}],"author":"Bruno Zanchetta","twitter_card":"summary_large_image","twitter_misc":{"Escrito por":"Bruno Zanchetta","Est. tempo de leitura":"3 minutos"},"schema":{"@context":"https:\/\/schema.org","@graph":[{"@type":"NewsArticle","@id":"https:\/\/www.gaveanews.com\/index.php\/2024\/11\/13\/real-madrid-define-substituto-para-toni-kroos\/#article","isPartOf":{"@id":"https:\/\/www.gaveanews.com\/index.php\/2024\/11\/13\/real-madrid-define-substituto-para-toni-kroos\/"},"author":{"name":"Bruno Zanchetta","@id":"https:\/\/www.gaveanews.com\/#\/schema\/person\/32fddefab25b466689f181be346cd98c"},"headline":"Real Madrid define substituto para Toni Kroos","datePublished":"2024-11-13T18:35:00+00:00","mainEntityOfPage":{"@id":"https:\/\/www.gaveanews.com\/index.php\/2024\/11\/13\/real-madrid-define-substituto-para-toni-kroos\/"},"wordCount":354,"commentCount":0,"image":{"@id":"https:\/\/www.gaveanews.com\/index.php\/2024\/11\/13\/real-madrid-define-substituto-para-toni-kroos\/#primaryimage"},"thumbnailUrl":"https:\/\/www.gaveanews.com\/wp-content\/uploads\/toni.kr8s_1707856536648.webp","articleSection":["Real Madrid"],"inLanguage":"pt-BR","potentialAction":[{"@type":"CommentAction","name":"Comment","target":["https:\/\/www.gaveanews.com\/index.php\/2024\/11\/13\/real-madrid-define-substituto-para-toni-kroos\/#respond"]}],"copyrightYear":"2024","copyrightHolder":{"@id":"https:\/\/www.gaveanews.com\/#organization"}},{"@type":"WebPage","@id":"https:\/\/www.gaveanews.com\/index.php\/2024\/11\/13\/real-madrid-define-substituto-para-toni-kroos\/","url":"https:\/\/www.gaveanews.com\/index.php\/2024\/11\/13\/real-madrid-define-substituto-para-toni-kroos\/","name":"Real Madrid define substituto para Toni Kroos","isPartOf":{"@id":"https:\/\/www.gaveanews.com\/#website"},"primaryImageOfPage":{"@id":"https:\/\/www.gaveanews.com\/index.php\/2024\/11\/13\/real-madrid-define-substituto-para-toni-kroos\/#primaryimage"},"image":{"@id":"https:\/\/www.gaveanews.com\/index.php\/2024\/11\/13\/real-madrid-define-substituto-para-toni-kroos\/#primaryimage"},"thumbnailUrl":"https:\/\/www.gaveanews.com\/wp-content\/uploads\/toni.kr8s_1707856536648.webp","datePublished":"2024-11-13T18:35:00+00:00","author":{"@id":"https:\/\/www.gaveanews.com\/#\/schema\/person\/32fddefab25b466689f181be346cd98c"},"breadcrumb":{"@id":"https:\/\/www.gaveanews.com\/index.php\/2024\/11\/13\/real-madrid-define-substituto-para-toni-kroos\/#breadcrumb"},"inLanguage":"pt-BR","potentialAction":[{"@type":"ReadAction","target":["https:\/\/www.gaveanews.com\/index.php\/2024\/11\/13\/real-madrid-define-substituto-para-toni-kroos\/"]}]},{"@type":"ImageObject","inLanguage":"pt-BR","@id":"https:\/\/www.gaveanews.com\/index.php\/2024\/11\/13\/real-madrid-define-substituto-para-toni-kroos\/#primaryimage","url":"https:\/\/www.gaveanews.com\/wp-content\/uploads\/toni.kr8s_1707856536648.webp","contentUrl":"https:\/\/www.gaveanews.com\/wp-content\/uploads\/toni.kr8s_1707856536648.webp","width":1000,"height":666,"caption":"Toni Kroos em a\u00e7\u00e3o pelo Real Madrid (Foto: Reprodu\u00e7\u00e3o\/Instagram)"},{"@type":"BreadcrumbList","@id":"https:\/\/www.gaveanews.com\/index.php\/2024\/11\/13\/real-madrid-define-substituto-para-toni-kroos\/#breadcrumb","itemListElement":[{"@type":"ListItem","position":1,"name":"Home","item":"https:\/\/www.gaveanews.com\/"},{"@type":"ListItem","position":2,"name":"Real Madrid define substituto para Toni Kroos"}]},{"@type":"WebSite","@id":"https:\/\/www.gaveanews.com\/#website","url":"https:\/\/www.gaveanews.com\/","name":"G\u00e1vea News","description":"Veja todas as not\u00edcias sobre o Flamengo: Contrata\u00e7\u00f5es, categorias de base, resultados das partidas, tabela de classifica\u00e7\u00e3o, pr\u00f3ximos jogos!","potentialAction":[{"@type":"SearchAction","target":{"@type":"EntryPoint","urlTemplate":"https:\/\/www.gaveanews.com\/?s={search_term_string}"},"query-input":{"@type":"PropertyValueSpecification","valueRequired":true,"valueName":"search_term_string"}}],"inLanguage":"pt-BR"},{"@type":"Person","@id":"https:\/\/www.gaveanews.com\/#\/schema\/person\/32fddefab25b466689f181be346cd98c","name":"Bruno Zanchetta","image":{"@type":"ImageObject","inLanguage":"pt-BR","@id":"https:\/\/www.gaveanews.com\/#\/schema\/person\/image\/","url":"https:\/\/secure.gravatar.com\/avatar\/3ba2d39f8a912ad65276975a996d6ad8d9e3dd13448684be8dc4d7c17099d2ee?s=96&d=mm&r=g","contentUrl":"https:\/\/secure.gravatar.com\/avatar\/3ba2d39f8a912ad65276975a996d6ad8d9e3dd13448684be8dc4d7c17099d2ee?s=96&d=mm&r=g","caption":"Bruno Zanchetta"}}]}},"_links":{"self":[{"href":"https:\/\/www.gaveanews.com\/index.php\/wp-json\/wp\/v2\/posts\/184826","targetHints":{"allow":["GET"]}}],"collection":[{"href":"https:\/\/www.gaveanews.com\/index.php\/wp-json\/wp\/v2\/posts"}],"about":[{"href":"https:\/\/www.gaveanews.com\/index.php\/wp-json\/wp\/v2\/types\/post"}],"author":[{"embeddable":true,"href":"https:\/\/www.gaveanews.com\/index.php\/wp-json\/wp\/v2\/users\/19"}],"replies":[{"embeddable":true,"href":"https:\/\/www.gaveanews.com\/index.php\/wp-json\/wp\/v2\/comments?post=184826"}],"version-history":[{"count":2,"href":"https:\/\/www.gaveanews.com\/index.php\/wp-json\/wp\/v2\/posts\/184826\/revisions"}],"predecessor-version":[{"id":184874,"href":"https:\/\/www.gaveanews.com\/index.php\/wp-json\/wp\/v2\/posts\/184826\/revisions\/184874"}],"wp:featuredmedia":[{"embeddable":true,"href":"https:\/\/www.gaveanews.com\/index.php\/wp-json\/wp\/v2\/media\/126875"}],"wp:attachment":[{"href":"https:\/\/www.gaveanews.com\/index.php\/wp-json\/wp\/v2\/media?parent=184826"}],"wp:term":[{"taxonomy":"category","embeddable":true,"href":"https:\/\/www.gaveanews.com\/index.php\/wp-json\/wp\/v2\/categories?post=184826"},{"taxonomy":"post_tag","embeddable":true,"href":"https:\/\/www.gaveanews.com\/index.php\/wp-json\/wp\/v2\/tags?post=184826"}],"curies":[{"name":"wp","href":"https:\/\/api.w.org\/{rel}","templated":true}]}}